{"id":212636,"date":"2024-02-29T10:56:00","date_gmt":"2024-02-29T10:56:00","guid":{"rendered":"https:\/\/www.webdo.tn\/fr\/blog\/tunisie-quatrieme-mandat-de-depot-a-l-encontre-de-bechir-akremi\/212636\/"},"modified":"2025-05-20T21:52:40","modified_gmt":"2025-05-20T21:52:40","slug":"tunisie-quatrieme-mandat-de-depot-a-l-encontre-de-bechir-akremi","status":"publish","type":"post","link":"https:\/\/www.webdo.tn\/fr\/actualite\/national\/tunisie-quatrieme-mandat-de-depot-a-l-encontre-de-bechir-akremi\/212636\/","title":{"rendered":"Tunisie : Quatri\u00e8me mandat de d\u00e9p\u00f4t \u00e0 l\u2019encontre de B\u00e9chir Akremi"},"content":{"rendered":"<p>Le juge d&rsquo;instruction du P\u00f4le judiciaire de lutte contre le terrorisme a \u00e9mis, mercredi 28 f\u00e9vrier 2024, un nouveau mandat de d\u00e9p\u00f4t \u00e0 l\u2019encontre de l\u2019ancien procureur du Tribunal de premi\u00e8re instance de Tunis, B\u00e9chir Akremi.<\/p>\n<p>\t\t\t\t\t\t\t\t\tDeux mandats de d\u00e9p\u00f4t ont \u00e9t\u00e9 \u00e9mis \u00e0 son encontre en juillet dernier concernant des plaintes d\u00e9pos\u00e9es contre B\u00e9chir Akremi au sujet de soup\u00e7ons de violations et de d\u00e9lits lorsqu&rsquo;il \u00e9tait pr\u00e9c\u00e9demment charg\u00e9 des affaires des martyrs Chokri Belaid et Mohamed Brahmi, alors qu&rsquo;il occupait le poste de juge d&rsquo;instruction.<\/p>\n<p>Un troisi\u00e8me mandat de d\u00e9p\u00f4t a \u00e9t\u00e9 \u00e9mis \u00e0 l\u2019encontre de Bechir Akremi, le 22 f\u00e9vrier dernier pour destruction et suppression de preuves dans une affaire criminelle.<\/p>\n","protected":false},"excerpt":{"rendered":"<p>Ce mandat de d\u00e9p\u00f4t \u00e0 est li\u00e9 \u00e0 une enqu\u00eate pour destruction et suppression de preuves dans une affaire criminelle.<\/p>\n","protected":false},"author":3162,"featured_media":247885,"comment_status":"open","ping_status":"closed","sticky":false,"template":"","format":"standard","meta":{"footnotes":""},"categories":[44],"tags":[5457,2886,2608],"class_list":["post-212636","post","type-post","status-publish","format-standard","has-post-thumbnail","hentry","category-national","tag-bechir-akremi","tag-mandat-de-depot","tag-tunisie"],"yoast_head":"<!-- This site is optimized with the Yoast SEO Premium plugin v27.4 (Yoast SEO v27.5) - https:\/\/yoast.com\/product\/yoast-seo-premium-wordpress\/ -->\n<title>Tunisie : Quatri\u00e8me mandat de d\u00e9p\u00f4t \u00e0 l\u2019encontre de B\u00e9chir Akremi<\/title>\n<meta name=\"description\" content=\"Ce mandat de d\u00e9p\u00f4t \u00e0 est li\u00e9 \u00e0 une enqu\u00eate pour destruction et suppression de preuves dans une affaire criminelle.\" \/>\n<link rel=\"canonical\" href=\"https:\/\/www.webdo.tn\/fr\/actualite\/national\/tunisie-quatrieme-mandat-de-depot-a-l-encontre-de-bechir-akremi\/212636\/\" \/>\n<meta property=\"og:locale\" content=\"fr_FR\" \/>\n<meta property=\"og:type\" content=\"article\" \/>\n<meta property=\"og:title\" content=\"Tunisie : Quatri\u00e8me mandat de d\u00e9p\u00f4t \u00e0 l\u2019encontre de B\u00e9chir Akremi\" \/>\n<meta property=\"og:description\" content=\"Ce mandat de d\u00e9p\u00f4t \u00e0 est li\u00e9 \u00e0 une enqu\u00eate pour destruction et suppression de preuves dans une affaire criminelle.\" \/>\n<meta property=\"og:url\" content=\"https:\/\/www.webdo.tn\/fr\/actualite\/national\/tunisie-quatrieme-mandat-de-depot-a-l-encontre-de-bechir-akremi\/212636\/\" \/>\n<meta property=\"og:site_name\" content=\"webdo\" \/>\n<meta property=\"article:publisher\" content=\"https:\/\/www.facebook.com\/webdotn\" \/>\n<meta property=\"article:published_time\" content=\"2024-02-29T10:56:00+00:00\" \/>\n<meta property=\"article:modified_time\" content=\"2025-05-20T21:52:40+00:00\" \/>\n<meta property=\"og:image\" content=\"https:\/\/www.webdo.tn\/fr\/wp-content\/uploads\/2024\/02\/bce0a294e3cc4fe5f8df339070fd4c01.jpg\" \/>\n\t<meta property=\"og:image:width\" content=\"750\" \/>\n\t<meta property=\"og:image:height\" content=\"400\" \/>\n\t<meta property=\"og:image:type\" content=\"image\/jpeg\" \/>\n<meta name=\"author\" content=\"MC\" \/>\n<meta name=\"twitter:card\" content=\"summary_large_image\" \/>\n<meta name=\"twitter:creator\" content=\"@webdo_tn\" \/>\n<meta name=\"twitter:site\" content=\"@webdo_tn\" \/>\n<meta name=\"twitter:label1\" content=\"\u00c9crit par\" \/>\n\t<meta name=\"twitter:data1\" content=\"MC\" \/>\n\t<meta name=\"twitter:label2\" content=\"Dur\u00e9e de lecture estim\u00e9e\" \/>\n\t<meta name=\"twitter:data2\" content=\"1 minute\" \/>\n<script type=\"application\/ld+json\" class=\"yoast-schema-graph\">{\"@context\":\"https:\\\/\\\/schema.org\",\"@graph\":[{\"@type\":\"NewsArticle\",\"@id\":\"https:\\\/\\\/www.webdo.tn\\\/fr\\\/actualite\\\/national\\\/tunisie-quatrieme-mandat-de-depot-a-l-encontre-de-bechir-akremi\\\/212636\\\/#article\",\"isPartOf\":{\"@id\":\"https:\\\/\\\/www.webdo.tn\\\/fr\\\/actualite\\\/national\\\/tunisie-quatrieme-mandat-de-depot-a-l-encontre-de-bechir-akremi\\\/212636\\\/\"},\"author\":{\"name\":\"MC\",\"@id\":\"https:\\\/\\\/www.webdo.tn\\\/fr\\\/#\\\/schema\\\/person\\\/2c4929cbf5a809e3bd38617c6ce150f6\"},\"headline\":\"Tunisie : Quatri\u00e8me mandat de d\u00e9p\u00f4t \u00e0 l\u2019encontre de B\u00e9chir Akremi\",\"datePublished\":\"2024-02-29T10:56:00+00:00\",\"dateModified\":\"2025-05-20T21:52:40+00:00\",\"mainEntityOfPage\":{\"@id\":\"https:\\\/\\\/www.webdo.tn\\\/fr\\\/actualite\\\/national\\\/tunisie-quatrieme-mandat-de-depot-a-l-encontre-de-bechir-akremi\\\/212636\\\/\"},\"wordCount\":147,\"commentCount\":0,\"publisher\":{\"@id\":\"https:\\\/\\\/www.webdo.tn\\\/fr\\\/#organization\"},\"image\":{\"@id\":\"https:\\\/\\\/www.webdo.tn\\\/fr\\\/actualite\\\/national\\\/tunisie-quatrieme-mandat-de-depot-a-l-encontre-de-bechir-akremi\\\/212636\\\/#primaryimage\"},\"thumbnailUrl\":\"https:\\\/\\\/www.webdo.tn\\\/fr\\\/wp-content\\\/uploads\\\/2024\\\/02\\\/bce0a294e3cc4fe5f8df339070fd4c01.jpg\",\"keywords\":[\"bechir akremi\",\"mandat de d\u00e9p\u00f4t\",\"Tunisie\"],\"articleSection\":[\"National\"],\"inLanguage\":\"fr-FR\"},{\"@type\":\"WebPage\",\"@id\":\"https:\\\/\\\/www.webdo.tn\\\/fr\\\/actualite\\\/national\\\/tunisie-quatrieme-mandat-de-depot-a-l-encontre-de-bechir-akremi\\\/212636\\\/\",\"url\":\"https:\\\/\\\/www.webdo.tn\\\/fr\\\/actualite\\\/national\\\/tunisie-quatrieme-mandat-de-depot-a-l-encontre-de-bechir-akremi\\\/212636\\\/\",\"name\":\"Tunisie : Quatri\u00e8me mandat de d\u00e9p\u00f4t \u00e0 l\u2019encontre de B\u00e9chir Akremi\",\"isPartOf\":{\"@id\":\"https:\\\/\\\/www.webdo.tn\\\/fr\\\/#website\"},\"primaryImageOfPage\":{\"@id\":\"https:\\\/\\\/www.webdo.tn\\\/fr\\\/actualite\\\/national\\\/tunisie-quatrieme-mandat-de-depot-a-l-encontre-de-bechir-akremi\\\/212636\\\/#primaryimage\"},\"image\":{\"@id\":\"https:\\\/\\\/www.webdo.tn\\\/fr\\\/actualite\\\/national\\\/tunisie-quatrieme-mandat-de-depot-a-l-encontre-de-bechir-akremi\\\/212636\\\/#primaryimage\"},\"thumbnailUrl\":\"https:\\\/\\\/www.webdo.tn\\\/fr\\\/wp-content\\\/uploads\\\/2024\\\/02\\\/bce0a294e3cc4fe5f8df339070fd4c01.jpg\",\"datePublished\":\"2024-02-29T10:56:00+00:00\",\"dateModified\":\"2025-05-20T21:52:40+00:00\",\"description\":\"Ce mandat de d\u00e9p\u00f4t \u00e0 est li\u00e9 \u00e0 une enqu\u00eate pour destruction et suppression de preuves dans une affaire criminelle.\",\"breadcrumb\":{\"@id\":\"https:\\\/\\\/www.webdo.tn\\\/fr\\\/actualite\\\/national\\\/tunisie-quatrieme-mandat-de-depot-a-l-encontre-de-bechir-akremi\\\/212636\\\/#breadcrumb\"},\"inLanguage\":\"fr-FR\",\"potentialAction\":[{\"@type\":\"ReadAction\",\"target\":[\"https:\\\/\\\/www.webdo.tn\\\/fr\\\/actualite\\\/national\\\/tunisie-quatrieme-mandat-de-depot-a-l-encontre-de-bechir-akremi\\\/212636\\\/\"]}]},{\"@type\":\"ImageObject\",\"inLanguage\":\"fr-FR\",\"@id\":\"https:\\\/\\\/www.webdo.tn\\\/fr\\\/actualite\\\/national\\\/tunisie-quatrieme-mandat-de-depot-a-l-encontre-de-bechir-akremi\\\/212636\\\/#primaryimage\",\"url\":\"https:\\\/\\\/www.webdo.tn\\\/fr\\\/wp-content\\\/uploads\\\/2024\\\/02\\\/bce0a294e3cc4fe5f8df339070fd4c01.jpg\",\"contentUrl\":\"https:\\\/\\\/www.webdo.tn\\\/fr\\\/wp-content\\\/uploads\\\/2024\\\/02\\\/bce0a294e3cc4fe5f8df339070fd4c01.jpg\",\"width\":750,\"height\":400,\"caption\":\"Tunisie : Quatri\u00e8me mandat de d\u00e9p\u00f4t \u00e0 l\u2019encontre de B\u00e9chir Akremi\"},{\"@type\":\"BreadcrumbList\",\"@id\":\"https:\\\/\\\/www.webdo.tn\\\/fr\\\/actualite\\\/national\\\/tunisie-quatrieme-mandat-de-depot-a-l-encontre-de-bechir-akremi\\\/212636\\\/#breadcrumb\",\"itemListElement\":[{\"@type\":\"ListItem\",\"position\":1,\"name\":\"Accueil\",\"item\":\"https:\\\/\\\/www.webdo.tn\\\/fr\\\/\"},{\"@type\":\"ListItem\",\"position\":2,\"name\":\"Tunisie : Quatri\u00e8me mandat de d\u00e9p\u00f4t \u00e0 l\u2019encontre de B\u00e9chir Akremi\"}]},{\"@type\":\"WebSite\",\"@id\":\"https:\\\/\\\/www.webdo.tn\\\/fr\\\/#website\",\"url\":\"https:\\\/\\\/www.webdo.tn\\\/fr\\\/\",\"name\":\"webdo\",\"description\":\"Tunisie - News en Tunisie et \u00e0 l&#039;international sur Webdo.tn\",\"publisher\":{\"@id\":\"https:\\\/\\\/www.webdo.tn\\\/fr\\\/#organization\"},\"potentialAction\":[{\"@type\":\"SearchAction\",\"target\":{\"@type\":\"EntryPoint\",\"urlTemplate\":\"https:\\\/\\\/www.webdo.tn\\\/fr\\\/?s={search_term_string}\"},\"query-input\":{\"@type\":\"PropertyValueSpecification\",\"valueRequired\":true,\"valueName\":\"search_term_string\"}}],\"inLanguage\":\"fr-FR\"},{\"@type\":\"Organization\",\"@id\":\"https:\\\/\\\/www.webdo.tn\\\/fr\\\/#organization\",\"name\":\"Webdo\",\"alternateName\":\"Webdo.tn\",\"url\":\"https:\\\/\\\/www.webdo.tn\\\/fr\\\/\",\"logo\":{\"@type\":\"ImageObject\",\"inLanguage\":\"fr-FR\",\"@id\":\"https:\\\/\\\/www.webdo.tn\\\/fr\\\/#\\\/schema\\\/logo\\\/image\\\/\",\"url\":\"https:\\\/\\\/www.webdo.tn\\\/fr\\\/wp-content\\\/uploads\\\/2025\\\/06\\\/Webdo-Tunisie_168377.jpg\",\"contentUrl\":\"https:\\\/\\\/www.webdo.tn\\\/fr\\\/wp-content\\\/uploads\\\/2025\\\/06\\\/Webdo-Tunisie_168377.jpg\",\"width\":301,\"height\":301,\"caption\":\"Webdo\"},\"image\":{\"@id\":\"https:\\\/\\\/www.webdo.tn\\\/fr\\\/#\\\/schema\\\/logo\\\/image\\\/\"},\"sameAs\":[\"https:\\\/\\\/www.facebook.com\\\/webdotn\",\"https:\\\/\\\/x.com\\\/webdo_tn\"],\"description\":\"Webdo est un m\u00e9dia num\u00e9rique tunisien fond\u00e9 en 2010, sp\u00e9cialis\u00e9 dans l\u2019actualit\u00e9 nationale et internationale, l\u2019\u00e9conomie, la soci\u00e9t\u00e9 et les analyses politiques. Le site s\u2019adresse \u00e0 un large public francophone et couvre l\u2019information tunisienne en temps r\u00e9el.\",\"email\":\"redac@webdo.tn\",\"legalName\":\"YNJ SARL\",\"foundingDate\":\"2010-09-06\",\"numberOfEmployees\":{\"@type\":\"QuantitativeValue\",\"minValue\":\"11\",\"maxValue\":\"50\"}},{\"@type\":\"Person\",\"@id\":\"https:\\\/\\\/www.webdo.tn\\\/fr\\\/#\\\/schema\\\/person\\\/2c4929cbf5a809e3bd38617c6ce150f6\",\"name\":\"MC\",\"image\":{\"@type\":\"ImageObject\",\"inLanguage\":\"fr-FR\",\"@id\":\"https:\\\/\\\/secure.gravatar.com\\\/avatar\\\/a545bbb6f84efdd5553dbbc2895e3ca8f1d12c5215e00a041c9670b54aa9b18a?s=96&d=mm&r=g\",\"url\":\"https:\\\/\\\/secure.gravatar.com\\\/avatar\\\/a545bbb6f84efdd5553dbbc2895e3ca8f1d12c5215e00a041c9670b54aa9b18a?s=96&d=mm&r=g\",\"contentUrl\":\"https:\\\/\\\/secure.gravatar.com\\\/avatar\\\/a545bbb6f84efdd5553dbbc2895e3ca8f1d12c5215e00a041c9670b54aa9b18a?s=96&d=mm&r=g\",\"caption\":\"MC\"},\"url\":\"https:\\\/\\\/www.webdo.tn\\\/fr\\\/actualite\\\/author\\\/mc\\\/\"}]}<\/script>\n<!-- \/ Yoast SEO Premium plugin. -->","yoast_head_json":{"title":"Tunisie : Quatri\u00e8me mandat de d\u00e9p\u00f4t \u00e0 l\u2019encontre de B\u00e9chir Akremi","description":"Ce mandat de d\u00e9p\u00f4t \u00e0 est li\u00e9 \u00e0 une enqu\u00eate pour destruction et suppression de preuves dans une affaire criminelle.","canonical":"https:\/\/www.webdo.tn\/fr\/actualite\/national\/tunisie-quatrieme-mandat-de-depot-a-l-encontre-de-bechir-akremi\/212636\/","og_locale":"fr_FR","og_type":"article","og_title":"Tunisie : Quatri\u00e8me mandat de d\u00e9p\u00f4t \u00e0 l\u2019encontre de B\u00e9chir Akremi","og_description":"Ce mandat de d\u00e9p\u00f4t \u00e0 est li\u00e9 \u00e0 une enqu\u00eate pour destruction et suppression de preuves dans une affaire criminelle.","og_url":"https:\/\/www.webdo.tn\/fr\/actualite\/national\/tunisie-quatrieme-mandat-de-depot-a-l-encontre-de-bechir-akremi\/212636\/","og_site_name":"webdo","article_publisher":"https:\/\/www.facebook.com\/webdotn","article_published_time":"2024-02-29T10:56:00+00:00","article_modified_time":"2025-05-20T21:52:40+00:00","og_image":[{"width":750,"height":400,"url":"https:\/\/www.webdo.tn\/fr\/wp-content\/uploads\/2024\/02\/bce0a294e3cc4fe5f8df339070fd4c01.jpg","type":"image\/jpeg"}],"author":"MC","twitter_card":"summary_large_image","twitter_creator":"@webdo_tn","twitter_site":"@webdo_tn","twitter_misc":{"\u00c9crit par":"MC","Dur\u00e9e de lecture estim\u00e9e":"1 minute"},"schema":{"@context":"https:\/\/schema.org","@graph":[{"@type":"NewsArticle","@id":"https:\/\/www.webdo.tn\/fr\/actualite\/national\/tunisie-quatrieme-mandat-de-depot-a-l-encontre-de-bechir-akremi\/212636\/#article","isPartOf":{"@id":"https:\/\/www.webdo.tn\/fr\/actualite\/national\/tunisie-quatrieme-mandat-de-depot-a-l-encontre-de-bechir-akremi\/212636\/"},"author":{"name":"MC","@id":"https:\/\/www.webdo.tn\/fr\/#\/schema\/person\/2c4929cbf5a809e3bd38617c6ce150f6"},"headline":"Tunisie : Quatri\u00e8me mandat de d\u00e9p\u00f4t \u00e0 l\u2019encontre de B\u00e9chir Akremi","datePublished":"2024-02-29T10:56:00+00:00","dateModified":"2025-05-20T21:52:40+00:00","mainEntityOfPage":{"@id":"https:\/\/www.webdo.tn\/fr\/actualite\/national\/tunisie-quatrieme-mandat-de-depot-a-l-encontre-de-bechir-akremi\/212636\/"},"wordCount":147,"commentCount":0,"publisher":{"@id":"https:\/\/www.webdo.tn\/fr\/#organization"},"image":{"@id":"https:\/\/www.webdo.tn\/fr\/actualite\/national\/tunisie-quatrieme-mandat-de-depot-a-l-encontre-de-bechir-akremi\/212636\/#primaryimage"},"thumbnailUrl":"https:\/\/www.webdo.tn\/fr\/wp-content\/uploads\/2024\/02\/bce0a294e3cc4fe5f8df339070fd4c01.jpg","keywords":["bechir akremi","mandat de d\u00e9p\u00f4t","Tunisie"],"articleSection":["National"],"inLanguage":"fr-FR"},{"@type":"WebPage","@id":"https:\/\/www.webdo.tn\/fr\/actualite\/national\/tunisie-quatrieme-mandat-de-depot-a-l-encontre-de-bechir-akremi\/212636\/","url":"https:\/\/www.webdo.tn\/fr\/actualite\/national\/tunisie-quatrieme-mandat-de-depot-a-l-encontre-de-bechir-akremi\/212636\/","name":"Tunisie : Quatri\u00e8me mandat de d\u00e9p\u00f4t \u00e0 l\u2019encontre de B\u00e9chir Akremi","isPartOf":{"@id":"https:\/\/www.webdo.tn\/fr\/#website"},"primaryImageOfPage":{"@id":"https:\/\/www.webdo.tn\/fr\/actualite\/national\/tunisie-quatrieme-mandat-de-depot-a-l-encontre-de-bechir-akremi\/212636\/#primaryimage"},"image":{"@id":"https:\/\/www.webdo.tn\/fr\/actualite\/national\/tunisie-quatrieme-mandat-de-depot-a-l-encontre-de-bechir-akremi\/212636\/#primaryimage"},"thumbnailUrl":"https:\/\/www.webdo.tn\/fr\/wp-content\/uploads\/2024\/02\/bce0a294e3cc4fe5f8df339070fd4c01.jpg","datePublished":"2024-02-29T10:56:00+00:00","dateModified":"2025-05-20T21:52:40+00:00","description":"Ce mandat de d\u00e9p\u00f4t \u00e0 est li\u00e9 \u00e0 une enqu\u00eate pour destruction et suppression de preuves dans une affaire criminelle.","breadcrumb":{"@id":"https:\/\/www.webdo.tn\/fr\/actualite\/national\/tunisie-quatrieme-mandat-de-depot-a-l-encontre-de-bechir-akremi\/212636\/#breadcrumb"},"inLanguage":"fr-FR","potentialAction":[{"@type":"ReadAction","target":["https:\/\/www.webdo.tn\/fr\/actualite\/national\/tunisie-quatrieme-mandat-de-depot-a-l-encontre-de-bechir-akremi\/212636\/"]}]},{"@type":"ImageObject","inLanguage":"fr-FR","@id":"https:\/\/www.webdo.tn\/fr\/actualite\/national\/tunisie-quatrieme-mandat-de-depot-a-l-encontre-de-bechir-akremi\/212636\/#primaryimage","url":"https:\/\/www.webdo.tn\/fr\/wp-content\/uploads\/2024\/02\/bce0a294e3cc4fe5f8df339070fd4c01.jpg","contentUrl":"https:\/\/www.webdo.tn\/fr\/wp-content\/uploads\/2024\/02\/bce0a294e3cc4fe5f8df339070fd4c01.jpg","width":750,"height":400,"caption":"Tunisie : Quatri\u00e8me mandat de d\u00e9p\u00f4t \u00e0 l\u2019encontre de B\u00e9chir Akremi"},{"@type":"BreadcrumbList","@id":"https:\/\/www.webdo.tn\/fr\/actualite\/national\/tunisie-quatrieme-mandat-de-depot-a-l-encontre-de-bechir-akremi\/212636\/#breadcrumb","itemListElement":[{"@type":"ListItem","position":1,"name":"Accueil","item":"https:\/\/www.webdo.tn\/fr\/"},{"@type":"ListItem","position":2,"name":"Tunisie : Quatri\u00e8me mandat de d\u00e9p\u00f4t \u00e0 l\u2019encontre de B\u00e9chir Akremi"}]},{"@type":"WebSite","@id":"https:\/\/www.webdo.tn\/fr\/#website","url":"https:\/\/www.webdo.tn\/fr\/","name":"webdo","description":"Tunisie - News en Tunisie et \u00e0 l&#039;international sur Webdo.tn","publisher":{"@id":"https:\/\/www.webdo.tn\/fr\/#organization"},"potentialAction":[{"@type":"SearchAction","target":{"@type":"EntryPoint","urlTemplate":"https:\/\/www.webdo.tn\/fr\/?s={search_term_string}"},"query-input":{"@type":"PropertyValueSpecification","valueRequired":true,"valueName":"search_term_string"}}],"inLanguage":"fr-FR"},{"@type":"Organization","@id":"https:\/\/www.webdo.tn\/fr\/#organization","name":"Webdo","alternateName":"Webdo.tn","url":"https:\/\/www.webdo.tn\/fr\/","logo":{"@type":"ImageObject","inLanguage":"fr-FR","@id":"https:\/\/www.webdo.tn\/fr\/#\/schema\/logo\/image\/","url":"https:\/\/www.webdo.tn\/fr\/wp-content\/uploads\/2025\/06\/Webdo-Tunisie_168377.jpg","contentUrl":"https:\/\/www.webdo.tn\/fr\/wp-content\/uploads\/2025\/06\/Webdo-Tunisie_168377.jpg","width":301,"height":301,"caption":"Webdo"},"image":{"@id":"https:\/\/www.webdo.tn\/fr\/#\/schema\/logo\/image\/"},"sameAs":["https:\/\/www.facebook.com\/webdotn","https:\/\/x.com\/webdo_tn"],"description":"Webdo est un m\u00e9dia num\u00e9rique tunisien fond\u00e9 en 2010, sp\u00e9cialis\u00e9 dans l\u2019actualit\u00e9 nationale et internationale, l\u2019\u00e9conomie, la soci\u00e9t\u00e9 et les analyses politiques. Le site s\u2019adresse \u00e0 un large public francophone et couvre l\u2019information tunisienne en temps r\u00e9el.","email":"redac@webdo.tn","legalName":"YNJ SARL","foundingDate":"2010-09-06","numberOfEmployees":{"@type":"QuantitativeValue","minValue":"11","maxValue":"50"}},{"@type":"Person","@id":"https:\/\/www.webdo.tn\/fr\/#\/schema\/person\/2c4929cbf5a809e3bd38617c6ce150f6","name":"MC","image":{"@type":"ImageObject","inLanguage":"fr-FR","@id":"https:\/\/secure.gravatar.com\/avatar\/a545bbb6f84efdd5553dbbc2895e3ca8f1d12c5215e00a041c9670b54aa9b18a?s=96&d=mm&r=g","url":"https:\/\/secure.gravatar.com\/avatar\/a545bbb6f84efdd5553dbbc2895e3ca8f1d12c5215e00a041c9670b54aa9b18a?s=96&d=mm&r=g","contentUrl":"https:\/\/secure.gravatar.com\/avatar\/a545bbb6f84efdd5553dbbc2895e3ca8f1d12c5215e00a041c9670b54aa9b18a?s=96&d=mm&r=g","caption":"MC"},"url":"https:\/\/www.webdo.tn\/fr\/actualite\/author\/mc\/"}]}},"_links":{"self":[{"href":"https:\/\/www.webdo.tn\/fr\/wp-json\/wp\/v2\/posts\/212636","targetHints":{"allow":["GET"]}}],"collection":[{"href":"https:\/\/www.webdo.tn\/fr\/wp-json\/wp\/v2\/posts"}],"about":[{"href":"https:\/\/www.webdo.tn\/fr\/wp-json\/wp\/v2\/types\/post"}],"author":[{"embeddable":true,"href":"https:\/\/www.webdo.tn\/fr\/wp-json\/wp\/v2\/users\/3162"}],"replies":[{"embeddable":true,"href":"https:\/\/www.webdo.tn\/fr\/wp-json\/wp\/v2\/comments?post=212636"}],"version-history":[{"count":0,"href":"https:\/\/www.webdo.tn\/fr\/wp-json\/wp\/v2\/posts\/212636\/revisions"}],"wp:featuredmedia":[{"embeddable":true,"href":"https:\/\/www.webdo.tn\/fr\/wp-json\/wp\/v2\/media\/247885"}],"wp:attachment":[{"href":"https:\/\/www.webdo.tn\/fr\/wp-json\/wp\/v2\/media?parent=212636"}],"wp:term":[{"taxonomy":"category","embeddable":true,"href":"https:\/\/www.webdo.tn\/fr\/wp-json\/wp\/v2\/categories?post=212636"},{"taxonomy":"post_tag","embeddable":true,"href":"https:\/\/www.webdo.tn\/fr\/wp-json\/wp\/v2\/tags?post=212636"}],"curies":[{"name":"wp","href":"https:\/\/api.w.org\/{rel}","templated":true}]}}