{"id":212626,"date":"2024-02-28T23:14:00","date_gmt":"2024-02-28T23:14:00","guid":{"rendered":"https:\/\/www.webdo.tn\/fr\/blog\/ahmed-hachani-rencontre-des-entrepreneurs-tunisiens-en-france\/212626\/"},"modified":"2025-05-20T22:56:09","modified_gmt":"2025-05-20T22:56:09","slug":"ahmed-hachani-rencontre-des-entrepreneurs-tunisiens-en-france","status":"publish","type":"post","link":"https:\/\/www.webdo.tn\/fr\/actualite\/national\/ahmed-hachani-rencontre-des-entrepreneurs-tunisiens-en-france\/212626\/","title":{"rendered":"Ahmed Hachani rencontre des entrepreneurs tunisiens en France"},"content":{"rendered":"<p>Le chef du gouvernement Ahmed Hachani a rencontr\u00e9, ce mercredi soir au si\u00e8ge de l&rsquo;ambassade tunisienne \u00e0 Paris, un nombre d&rsquo;hommes d&rsquo;affaires et de propri\u00e9taires d\u2019entreprises tunisiens en France.<\/p>\n<p>\t\t\t\t\t\t\t\t\tEn pr\u00e9sence du ministre tunisien des Affaires \u00e9trang\u00e8res, Nabil Ammar, de la ministre de l&rsquo;Economie et de la Planification, Feriel Ouerghi Saba\u00ef et de l&rsquo;ambassadeur de Tunisie en France, Dhia Khaled, le chef du gouvernement a salu\u00e9 le r\u00f4le important des hommes d&rsquo;affaires et des entrepreneurs tunisiens dans la consolidation des liens \u00e9conomiques entre la Tunisie et la France.<\/p>\n<p>Il a, aussi, appel\u00e9 les repr\u00e9sentants des entreprises et startups tunisiennes \u00e0 contribuer aux efforts de d\u00e9veloppement et \u00e0 la cr\u00e9ation d&#8217;emplois en Tunisie.<\/p>\n<p>Ahmed Hachani s\u2019est rendu aujourd\u2019hui en France pour une visite de travail de trois jours<\/p>\n","protected":false},"excerpt":{"rendered":"<p>Il a appel\u00e9 les repr\u00e9sentants des entreprises et startups tunisiennes \u00e0 contribuer aux efforts de d\u00e9veloppement et \u00e0 la cr\u00e9ation d&#8217;emplois en Tunisie.<\/p>\n","protected":false},"author":3182,"featured_media":290296,"comment_status":"open","ping_status":"closed","sticky":false,"template":"","format":"standard","meta":{"footnotes":""},"categories":[44],"tags":[3154,6926,5270,2608],"class_list":["post-212626","post","type-post","status-publish","format-standard","has-post-thumbnail","hentry","category-national","tag-economie","tag-hachani","tag-paris","tag-tunisie"],"yoast_head":"<!-- This site is optimized with the Yoast SEO Premium plugin v27.5 (Yoast SEO v27.5) - https:\/\/yoast.com\/product\/yoast-seo-premium-wordpress\/ -->\n<title>Ahmed Hachani rencontre des entrepreneurs tunisiens en France<\/title>\n<meta name=\"description\" content=\"Il a appel\u00e9 les repr\u00e9sentants des entreprises et startups tunisiennes \u00e0 contribuer aux efforts de d\u00e9veloppement et \u00e0 la cr\u00e9ation d&#039;emplois en Tunisie.\" \/>\n<link rel=\"canonical\" href=\"https:\/\/www.webdo.tn\/fr\/actualite\/national\/ahmed-hachani-rencontre-des-entrepreneurs-tunisiens-en-france\/212626\/\" \/>\n<meta property=\"og:locale\" content=\"fr_FR\" \/>\n<meta property=\"og:type\" content=\"article\" \/>\n<meta property=\"og:title\" content=\"Ahmed Hachani rencontre des entrepreneurs tunisiens en France\" \/>\n<meta property=\"og:description\" content=\"Il a appel\u00e9 les repr\u00e9sentants des entreprises et startups tunisiennes \u00e0 contribuer aux efforts de d\u00e9veloppement et \u00e0 la cr\u00e9ation d&#039;emplois en Tunisie.\" \/>\n<meta property=\"og:url\" content=\"https:\/\/www.webdo.tn\/fr\/actualite\/national\/ahmed-hachani-rencontre-des-entrepreneurs-tunisiens-en-france\/212626\/\" \/>\n<meta property=\"og:site_name\" content=\"webdo\" \/>\n<meta property=\"article:publisher\" content=\"https:\/\/www.facebook.com\/webdotn\" \/>\n<meta property=\"article:published_time\" content=\"2024-02-28T23:14:00+00:00\" \/>\n<meta property=\"article:modified_time\" content=\"2025-05-20T22:56:09+00:00\" \/>\n<meta property=\"og:image\" content=\"https:\/\/www.webdo.tn\/fr\/wp-content\/uploads\/2024\/02\/f8aa647104ace58e9819a7955d241347.jpg\" \/>\n\t<meta property=\"og:image:width\" content=\"750\" \/>\n\t<meta property=\"og:image:height\" content=\"400\" \/>\n\t<meta property=\"og:image:type\" content=\"image\/jpeg\" \/>\n<meta name=\"author\" content=\"WB\" \/>\n<meta name=\"twitter:card\" content=\"summary_large_image\" \/>\n<meta name=\"twitter:creator\" content=\"@webdo_tn\" \/>\n<meta name=\"twitter:site\" content=\"@webdo_tn\" \/>\n<meta name=\"twitter:label1\" content=\"\u00c9crit par\" \/>\n\t<meta name=\"twitter:data1\" content=\"WB\" \/>\n\t<meta name=\"twitter:label2\" content=\"Dur\u00e9e de lecture estim\u00e9e\" \/>\n\t<meta name=\"twitter:data2\" content=\"1 minute\" \/>\n<script type=\"application\/ld+json\" class=\"yoast-schema-graph\">{\"@context\":\"https:\\\/\\\/schema.org\",\"@graph\":[{\"@type\":\"NewsArticle\",\"@id\":\"https:\\\/\\\/www.webdo.tn\\\/fr\\\/actualite\\\/national\\\/ahmed-hachani-rencontre-des-entrepreneurs-tunisiens-en-france\\\/212626\\\/#article\",\"isPartOf\":{\"@id\":\"https:\\\/\\\/www.webdo.tn\\\/fr\\\/actualite\\\/national\\\/ahmed-hachani-rencontre-des-entrepreneurs-tunisiens-en-france\\\/212626\\\/\"},\"author\":{\"name\":\"WB\",\"@id\":\"https:\\\/\\\/www.webdo.tn\\\/fr\\\/#\\\/schema\\\/person\\\/f16bf91e3b3c6347371884777659f9d8\"},\"headline\":\"Ahmed Hachani rencontre des entrepreneurs tunisiens en France\",\"datePublished\":\"2024-02-28T23:14:00+00:00\",\"dateModified\":\"2025-05-20T22:56:09+00:00\",\"mainEntityOfPage\":{\"@id\":\"https:\\\/\\\/www.webdo.tn\\\/fr\\\/actualite\\\/national\\\/ahmed-hachani-rencontre-des-entrepreneurs-tunisiens-en-france\\\/212626\\\/\"},\"wordCount\":150,\"commentCount\":0,\"publisher\":{\"@id\":\"https:\\\/\\\/www.webdo.tn\\\/fr\\\/#organization\"},\"image\":{\"@id\":\"https:\\\/\\\/www.webdo.tn\\\/fr\\\/actualite\\\/national\\\/ahmed-hachani-rencontre-des-entrepreneurs-tunisiens-en-france\\\/212626\\\/#primaryimage\"},\"thumbnailUrl\":\"https:\\\/\\\/www.webdo.tn\\\/fr\\\/wp-content\\\/uploads\\\/2024\\\/02\\\/f8aa647104ace58e9819a7955d241347.jpg\",\"keywords\":[\"\u00e9conomie\",\"Hachani\",\"Paris\",\"Tunisie\"],\"articleSection\":[\"National\"],\"inLanguage\":\"fr-FR\"},{\"@type\":\"WebPage\",\"@id\":\"https:\\\/\\\/www.webdo.tn\\\/fr\\\/actualite\\\/national\\\/ahmed-hachani-rencontre-des-entrepreneurs-tunisiens-en-france\\\/212626\\\/\",\"url\":\"https:\\\/\\\/www.webdo.tn\\\/fr\\\/actualite\\\/national\\\/ahmed-hachani-rencontre-des-entrepreneurs-tunisiens-en-france\\\/212626\\\/\",\"name\":\"Ahmed Hachani rencontre des entrepreneurs tunisiens en France\",\"isPartOf\":{\"@id\":\"https:\\\/\\\/www.webdo.tn\\\/fr\\\/#website\"},\"primaryImageOfPage\":{\"@id\":\"https:\\\/\\\/www.webdo.tn\\\/fr\\\/actualite\\\/national\\\/ahmed-hachani-rencontre-des-entrepreneurs-tunisiens-en-france\\\/212626\\\/#primaryimage\"},\"image\":{\"@id\":\"https:\\\/\\\/www.webdo.tn\\\/fr\\\/actualite\\\/national\\\/ahmed-hachani-rencontre-des-entrepreneurs-tunisiens-en-france\\\/212626\\\/#primaryimage\"},\"thumbnailUrl\":\"https:\\\/\\\/www.webdo.tn\\\/fr\\\/wp-content\\\/uploads\\\/2024\\\/02\\\/f8aa647104ace58e9819a7955d241347.jpg\",\"datePublished\":\"2024-02-28T23:14:00+00:00\",\"dateModified\":\"2025-05-20T22:56:09+00:00\",\"description\":\"Il a appel\u00e9 les repr\u00e9sentants des entreprises et startups tunisiennes \u00e0 contribuer aux efforts de d\u00e9veloppement et \u00e0 la cr\u00e9ation d'emplois en Tunisie.\",\"breadcrumb\":{\"@id\":\"https:\\\/\\\/www.webdo.tn\\\/fr\\\/actualite\\\/national\\\/ahmed-hachani-rencontre-des-entrepreneurs-tunisiens-en-france\\\/212626\\\/#breadcrumb\"},\"inLanguage\":\"fr-FR\",\"potentialAction\":[{\"@type\":\"ReadAction\",\"target\":[\"https:\\\/\\\/www.webdo.tn\\\/fr\\\/actualite\\\/national\\\/ahmed-hachani-rencontre-des-entrepreneurs-tunisiens-en-france\\\/212626\\\/\"]}]},{\"@type\":\"ImageObject\",\"inLanguage\":\"fr-FR\",\"@id\":\"https:\\\/\\\/www.webdo.tn\\\/fr\\\/actualite\\\/national\\\/ahmed-hachani-rencontre-des-entrepreneurs-tunisiens-en-france\\\/212626\\\/#primaryimage\",\"url\":\"https:\\\/\\\/www.webdo.tn\\\/fr\\\/wp-content\\\/uploads\\\/2024\\\/02\\\/f8aa647104ace58e9819a7955d241347.jpg\",\"contentUrl\":\"https:\\\/\\\/www.webdo.tn\\\/fr\\\/wp-content\\\/uploads\\\/2024\\\/02\\\/f8aa647104ace58e9819a7955d241347.jpg\",\"width\":750,\"height\":400,\"caption\":\"hachani\"},{\"@type\":\"BreadcrumbList\",\"@id\":\"https:\\\/\\\/www.webdo.tn\\\/fr\\\/actualite\\\/national\\\/ahmed-hachani-rencontre-des-entrepreneurs-tunisiens-en-france\\\/212626\\\/#breadcrumb\",\"itemListElement\":[{\"@type\":\"ListItem\",\"position\":1,\"name\":\"Accueil\",\"item\":\"https:\\\/\\\/www.webdo.tn\\\/fr\\\/\"},{\"@type\":\"ListItem\",\"position\":2,\"name\":\"Ahmed Hachani rencontre des entrepreneurs tunisiens en France\"}]},{\"@type\":\"WebSite\",\"@id\":\"https:\\\/\\\/www.webdo.tn\\\/fr\\\/#website\",\"url\":\"https:\\\/\\\/www.webdo.tn\\\/fr\\\/\",\"name\":\"webdo\",\"description\":\"Tunisie - News en Tunisie et \u00e0 l&#039;international sur Webdo.tn\",\"publisher\":{\"@id\":\"https:\\\/\\\/www.webdo.tn\\\/fr\\\/#organization\"},\"potentialAction\":[{\"@type\":\"SearchAction\",\"target\":{\"@type\":\"EntryPoint\",\"urlTemplate\":\"https:\\\/\\\/www.webdo.tn\\\/fr\\\/?s={search_term_string}\"},\"query-input\":{\"@type\":\"PropertyValueSpecification\",\"valueRequired\":true,\"valueName\":\"search_term_string\"}}],\"inLanguage\":\"fr-FR\"},{\"@type\":\"Organization\",\"@id\":\"https:\\\/\\\/www.webdo.tn\\\/fr\\\/#organization\",\"name\":\"Webdo\",\"alternateName\":\"Webdo.tn\",\"url\":\"https:\\\/\\\/www.webdo.tn\\\/fr\\\/\",\"logo\":{\"@type\":\"ImageObject\",\"inLanguage\":\"fr-FR\",\"@id\":\"https:\\\/\\\/www.webdo.tn\\\/fr\\\/#\\\/schema\\\/logo\\\/image\\\/\",\"url\":\"https:\\\/\\\/www.webdo.tn\\\/fr\\\/wp-content\\\/uploads\\\/2025\\\/06\\\/Webdo-Tunisie_168377.jpg\",\"contentUrl\":\"https:\\\/\\\/www.webdo.tn\\\/fr\\\/wp-content\\\/uploads\\\/2025\\\/06\\\/Webdo-Tunisie_168377.jpg\",\"width\":301,\"height\":301,\"caption\":\"Webdo\"},\"image\":{\"@id\":\"https:\\\/\\\/www.webdo.tn\\\/fr\\\/#\\\/schema\\\/logo\\\/image\\\/\"},\"sameAs\":[\"https:\\\/\\\/www.facebook.com\\\/webdotn\",\"https:\\\/\\\/x.com\\\/webdo_tn\"],\"description\":\"Webdo est un m\u00e9dia num\u00e9rique tunisien fond\u00e9 en 2010, sp\u00e9cialis\u00e9 dans l\u2019actualit\u00e9 nationale et internationale, l\u2019\u00e9conomie, la soci\u00e9t\u00e9 et les analyses politiques. Le site s\u2019adresse \u00e0 un large public francophone et couvre l\u2019information tunisienne en temps r\u00e9el.\",\"email\":\"redac@webdo.tn\",\"legalName\":\"YNJ SARL\",\"foundingDate\":\"2010-09-06\",\"numberOfEmployees\":{\"@type\":\"QuantitativeValue\",\"minValue\":\"11\",\"maxValue\":\"50\"}},{\"@type\":\"Person\",\"@id\":\"https:\\\/\\\/www.webdo.tn\\\/fr\\\/#\\\/schema\\\/person\\\/f16bf91e3b3c6347371884777659f9d8\",\"name\":\"WB\",\"image\":{\"@type\":\"ImageObject\",\"inLanguage\":\"fr-FR\",\"@id\":\"https:\\\/\\\/secure.gravatar.com\\\/avatar\\\/fd3caf00dbfd4b6d6ce43e8ea4748ed2e4d0fae2c3a87c1e2f6ba0a54c3ab5cb?s=96&d=mm&r=g\",\"url\":\"https:\\\/\\\/secure.gravatar.com\\\/avatar\\\/fd3caf00dbfd4b6d6ce43e8ea4748ed2e4d0fae2c3a87c1e2f6ba0a54c3ab5cb?s=96&d=mm&r=g\",\"contentUrl\":\"https:\\\/\\\/secure.gravatar.com\\\/avatar\\\/fd3caf00dbfd4b6d6ce43e8ea4748ed2e4d0fae2c3a87c1e2f6ba0a54c3ab5cb?s=96&d=mm&r=g\",\"caption\":\"WB\"},\"url\":\"https:\\\/\\\/www.webdo.tn\\\/fr\\\/actualite\\\/author\\\/wb\\\/\"}]}<\/script>\n<!-- \/ Yoast SEO Premium plugin. -->","yoast_head_json":{"title":"Ahmed Hachani rencontre des entrepreneurs tunisiens en France","description":"Il a appel\u00e9 les repr\u00e9sentants des entreprises et startups tunisiennes \u00e0 contribuer aux efforts de d\u00e9veloppement et \u00e0 la cr\u00e9ation d'emplois en Tunisie.","canonical":"https:\/\/www.webdo.tn\/fr\/actualite\/national\/ahmed-hachani-rencontre-des-entrepreneurs-tunisiens-en-france\/212626\/","og_locale":"fr_FR","og_type":"article","og_title":"Ahmed Hachani rencontre des entrepreneurs tunisiens en France","og_description":"Il a appel\u00e9 les repr\u00e9sentants des entreprises et startups tunisiennes \u00e0 contribuer aux efforts de d\u00e9veloppement et \u00e0 la cr\u00e9ation d'emplois en Tunisie.","og_url":"https:\/\/www.webdo.tn\/fr\/actualite\/national\/ahmed-hachani-rencontre-des-entrepreneurs-tunisiens-en-france\/212626\/","og_site_name":"webdo","article_publisher":"https:\/\/www.facebook.com\/webdotn","article_published_time":"2024-02-28T23:14:00+00:00","article_modified_time":"2025-05-20T22:56:09+00:00","og_image":[{"width":750,"height":400,"url":"https:\/\/www.webdo.tn\/fr\/wp-content\/uploads\/2024\/02\/f8aa647104ace58e9819a7955d241347.jpg","type":"image\/jpeg"}],"author":"WB","twitter_card":"summary_large_image","twitter_creator":"@webdo_tn","twitter_site":"@webdo_tn","twitter_misc":{"\u00c9crit par":"WB","Dur\u00e9e de lecture estim\u00e9e":"1 minute"},"schema":{"@context":"https:\/\/schema.org","@graph":[{"@type":"NewsArticle","@id":"https:\/\/www.webdo.tn\/fr\/actualite\/national\/ahmed-hachani-rencontre-des-entrepreneurs-tunisiens-en-france\/212626\/#article","isPartOf":{"@id":"https:\/\/www.webdo.tn\/fr\/actualite\/national\/ahmed-hachani-rencontre-des-entrepreneurs-tunisiens-en-france\/212626\/"},"author":{"name":"WB","@id":"https:\/\/www.webdo.tn\/fr\/#\/schema\/person\/f16bf91e3b3c6347371884777659f9d8"},"headline":"Ahmed Hachani rencontre des entrepreneurs tunisiens en France","datePublished":"2024-02-28T23:14:00+00:00","dateModified":"2025-05-20T22:56:09+00:00","mainEntityOfPage":{"@id":"https:\/\/www.webdo.tn\/fr\/actualite\/national\/ahmed-hachani-rencontre-des-entrepreneurs-tunisiens-en-france\/212626\/"},"wordCount":150,"commentCount":0,"publisher":{"@id":"https:\/\/www.webdo.tn\/fr\/#organization"},"image":{"@id":"https:\/\/www.webdo.tn\/fr\/actualite\/national\/ahmed-hachani-rencontre-des-entrepreneurs-tunisiens-en-france\/212626\/#primaryimage"},"thumbnailUrl":"https:\/\/www.webdo.tn\/fr\/wp-content\/uploads\/2024\/02\/f8aa647104ace58e9819a7955d241347.jpg","keywords":["\u00e9conomie","Hachani","Paris","Tunisie"],"articleSection":["National"],"inLanguage":"fr-FR"},{"@type":"WebPage","@id":"https:\/\/www.webdo.tn\/fr\/actualite\/national\/ahmed-hachani-rencontre-des-entrepreneurs-tunisiens-en-france\/212626\/","url":"https:\/\/www.webdo.tn\/fr\/actualite\/national\/ahmed-hachani-rencontre-des-entrepreneurs-tunisiens-en-france\/212626\/","name":"Ahmed Hachani rencontre des entrepreneurs tunisiens en France","isPartOf":{"@id":"https:\/\/www.webdo.tn\/fr\/#website"},"primaryImageOfPage":{"@id":"https:\/\/www.webdo.tn\/fr\/actualite\/national\/ahmed-hachani-rencontre-des-entrepreneurs-tunisiens-en-france\/212626\/#primaryimage"},"image":{"@id":"https:\/\/www.webdo.tn\/fr\/actualite\/national\/ahmed-hachani-rencontre-des-entrepreneurs-tunisiens-en-france\/212626\/#primaryimage"},"thumbnailUrl":"https:\/\/www.webdo.tn\/fr\/wp-content\/uploads\/2024\/02\/f8aa647104ace58e9819a7955d241347.jpg","datePublished":"2024-02-28T23:14:00+00:00","dateModified":"2025-05-20T22:56:09+00:00","description":"Il a appel\u00e9 les repr\u00e9sentants des entreprises et startups tunisiennes \u00e0 contribuer aux efforts de d\u00e9veloppement et \u00e0 la cr\u00e9ation d'emplois en Tunisie.","breadcrumb":{"@id":"https:\/\/www.webdo.tn\/fr\/actualite\/national\/ahmed-hachani-rencontre-des-entrepreneurs-tunisiens-en-france\/212626\/#breadcrumb"},"inLanguage":"fr-FR","potentialAction":[{"@type":"ReadAction","target":["https:\/\/www.webdo.tn\/fr\/actualite\/national\/ahmed-hachani-rencontre-des-entrepreneurs-tunisiens-en-france\/212626\/"]}]},{"@type":"ImageObject","inLanguage":"fr-FR","@id":"https:\/\/www.webdo.tn\/fr\/actualite\/national\/ahmed-hachani-rencontre-des-entrepreneurs-tunisiens-en-france\/212626\/#primaryimage","url":"https:\/\/www.webdo.tn\/fr\/wp-content\/uploads\/2024\/02\/f8aa647104ace58e9819a7955d241347.jpg","contentUrl":"https:\/\/www.webdo.tn\/fr\/wp-content\/uploads\/2024\/02\/f8aa647104ace58e9819a7955d241347.jpg","width":750,"height":400,"caption":"hachani"},{"@type":"BreadcrumbList","@id":"https:\/\/www.webdo.tn\/fr\/actualite\/national\/ahmed-hachani-rencontre-des-entrepreneurs-tunisiens-en-france\/212626\/#breadcrumb","itemListElement":[{"@type":"ListItem","position":1,"name":"Accueil","item":"https:\/\/www.webdo.tn\/fr\/"},{"@type":"ListItem","position":2,"name":"Ahmed Hachani rencontre des entrepreneurs tunisiens en France"}]},{"@type":"WebSite","@id":"https:\/\/www.webdo.tn\/fr\/#website","url":"https:\/\/www.webdo.tn\/fr\/","name":"webdo","description":"Tunisie - News en Tunisie et \u00e0 l&#039;international sur Webdo.tn","publisher":{"@id":"https:\/\/www.webdo.tn\/fr\/#organization"},"potentialAction":[{"@type":"SearchAction","target":{"@type":"EntryPoint","urlTemplate":"https:\/\/www.webdo.tn\/fr\/?s={search_term_string}"},"query-input":{"@type":"PropertyValueSpecification","valueRequired":true,"valueName":"search_term_string"}}],"inLanguage":"fr-FR"},{"@type":"Organization","@id":"https:\/\/www.webdo.tn\/fr\/#organization","name":"Webdo","alternateName":"Webdo.tn","url":"https:\/\/www.webdo.tn\/fr\/","logo":{"@type":"ImageObject","inLanguage":"fr-FR","@id":"https:\/\/www.webdo.tn\/fr\/#\/schema\/logo\/image\/","url":"https:\/\/www.webdo.tn\/fr\/wp-content\/uploads\/2025\/06\/Webdo-Tunisie_168377.jpg","contentUrl":"https:\/\/www.webdo.tn\/fr\/wp-content\/uploads\/2025\/06\/Webdo-Tunisie_168377.jpg","width":301,"height":301,"caption":"Webdo"},"image":{"@id":"https:\/\/www.webdo.tn\/fr\/#\/schema\/logo\/image\/"},"sameAs":["https:\/\/www.facebook.com\/webdotn","https:\/\/x.com\/webdo_tn"],"description":"Webdo est un m\u00e9dia num\u00e9rique tunisien fond\u00e9 en 2010, sp\u00e9cialis\u00e9 dans l\u2019actualit\u00e9 nationale et internationale, l\u2019\u00e9conomie, la soci\u00e9t\u00e9 et les analyses politiques. Le site s\u2019adresse \u00e0 un large public francophone et couvre l\u2019information tunisienne en temps r\u00e9el.","email":"redac@webdo.tn","legalName":"YNJ SARL","foundingDate":"2010-09-06","numberOfEmployees":{"@type":"QuantitativeValue","minValue":"11","maxValue":"50"}},{"@type":"Person","@id":"https:\/\/www.webdo.tn\/fr\/#\/schema\/person\/f16bf91e3b3c6347371884777659f9d8","name":"WB","image":{"@type":"ImageObject","inLanguage":"fr-FR","@id":"https:\/\/secure.gravatar.com\/avatar\/fd3caf00dbfd4b6d6ce43e8ea4748ed2e4d0fae2c3a87c1e2f6ba0a54c3ab5cb?s=96&d=mm&r=g","url":"https:\/\/secure.gravatar.com\/avatar\/fd3caf00dbfd4b6d6ce43e8ea4748ed2e4d0fae2c3a87c1e2f6ba0a54c3ab5cb?s=96&d=mm&r=g","contentUrl":"https:\/\/secure.gravatar.com\/avatar\/fd3caf00dbfd4b6d6ce43e8ea4748ed2e4d0fae2c3a87c1e2f6ba0a54c3ab5cb?s=96&d=mm&r=g","caption":"WB"},"url":"https:\/\/www.webdo.tn\/fr\/actualite\/author\/wb\/"}]}},"_links":{"self":[{"href":"https:\/\/www.webdo.tn\/fr\/wp-json\/wp\/v2\/posts\/212626","targetHints":{"allow":["GET"]}}],"collection":[{"href":"https:\/\/www.webdo.tn\/fr\/wp-json\/wp\/v2\/posts"}],"about":[{"href":"https:\/\/www.webdo.tn\/fr\/wp-json\/wp\/v2\/types\/post"}],"author":[{"embeddable":true,"href":"https:\/\/www.webdo.tn\/fr\/wp-json\/wp\/v2\/users\/3182"}],"replies":[{"embeddable":true,"href":"https:\/\/www.webdo.tn\/fr\/wp-json\/wp\/v2\/comments?post=212626"}],"version-history":[{"count":0,"href":"https:\/\/www.webdo.tn\/fr\/wp-json\/wp\/v2\/posts\/212626\/revisions"}],"wp:featuredmedia":[{"embeddable":true,"href":"https:\/\/www.webdo.tn\/fr\/wp-json\/wp\/v2\/media\/290296"}],"wp:attachment":[{"href":"https:\/\/www.webdo.tn\/fr\/wp-json\/wp\/v2\/media?parent=212626"}],"wp:term":[{"taxonomy":"category","embeddable":true,"href":"https:\/\/www.webdo.tn\/fr\/wp-json\/wp\/v2\/categories?post=212626"},{"taxonomy":"post_tag","embeddable":true,"href":"https:\/\/www.webdo.tn\/fr\/wp-json\/wp\/v2\/tags?post=212626"}],"curies":[{"name":"wp","href":"https:\/\/api.w.org\/{rel}","templated":true}]}}