{"id":212602,"date":"2024-02-27T23:43:00","date_gmt":"2024-02-27T23:43:00","guid":{"rendered":"https:\/\/www.webdo.tn\/fr\/blog\/rfr-la-ligne-d-sera-operationnelle-en-septembre-2024\/212602\/"},"modified":"2025-05-20T22:55:16","modified_gmt":"2025-05-20T22:55:16","slug":"rfr-la-ligne-d-sera-operationnelle-en-septembre-2024","status":"publish","type":"post","link":"https:\/\/www.webdo.tn\/fr\/actualite\/national\/rfr-la-ligne-d-sera-operationnelle-en-septembre-2024\/212602\/","title":{"rendered":"RFR : La ligne D sera op\u00e9rationnelle en septembre 2024"},"content":{"rendered":"<p>Les travaux de r\u00e9alisation du tron\u00e7on du R\u00e9seau ferroviaire rapide (RFR) reliant la ligne Tunis- Gob\u00e2a au Bardo ont \u00e9t\u00e9 lanc\u00e9s.<\/p>\n<p>\t\t\t\t\t\t\t\t\tLa mise en service de cette ligne se fera progressivement, durant le mois de septembre 2024, a d\u00e9clar\u00e9, ce mardi 27 f\u00e9vrier, le ministre des Transports, Rabie Majidi.<\/p>\n<p>Cette ligne a \u00e9t\u00e9 bloqu\u00e9e depuis des ann\u00e9es \u00e0 cause des diff\u00e9rends avec la municipalit\u00e9 du Bardo, concernant le passage de la ligne de RFR de la place du Bardo.\u00a0<\/p>\n<p>Le Tribunal administratif a annul\u00e9, le 9 f\u00e9vrier 2024, la d\u00e9cision du conseil municipal du Bardo n\u00b0 5815, relative \u00e0 la suspension des travaux au niveau de la r\u00e9gion du Bardo.<\/p>\n<p>A cet effet, le projet sera ex\u00e9cut\u00e9 au niveau du Bardo, selon la formule contractuelle originale, et il n\u2019y aura pas d\u2019intersection de la voie ferr\u00e9e avec la route, a pr\u00e9cis\u00e9 le ministre.<\/p>\n","protected":false},"excerpt":{"rendered":"<p>La mise en service de cette ligne se fera progressivement, durant le mois de septembre 2024<\/p>\n","protected":false},"author":3182,"featured_media":247904,"comment_status":"open","ping_status":"closed","sticky":false,"template":"","format":"standard","meta":{"footnotes":""},"categories":[44],"tags":[5898,3285,2608],"class_list":["post-212602","post","type-post","status-publish","format-standard","has-post-thumbnail","hentry","category-national","tag-bardo","tag-rfr","tag-tunisie"],"yoast_head":"<!-- This site is optimized with the Yoast SEO Premium plugin v27.4 (Yoast SEO v27.5) - https:\/\/yoast.com\/product\/yoast-seo-premium-wordpress\/ -->\n<title>RFR : La ligne D sera op\u00e9rationnelle en septembre 2024<\/title>\n<meta name=\"description\" content=\"La mise en service de cette ligne se fera progressivement, durant le mois de septembre 2024\" \/>\n<link rel=\"canonical\" href=\"https:\/\/www.webdo.tn\/fr\/actualite\/national\/rfr-la-ligne-d-sera-operationnelle-en-septembre-2024\/212602\/\" \/>\n<meta property=\"og:locale\" content=\"fr_FR\" \/>\n<meta property=\"og:type\" content=\"article\" \/>\n<meta property=\"og:title\" content=\"RFR : La ligne D sera op\u00e9rationnelle en septembre 2024\" \/>\n<meta property=\"og:description\" content=\"La mise en service de cette ligne se fera progressivement, durant le mois de septembre 2024\" \/>\n<meta property=\"og:url\" content=\"https:\/\/www.webdo.tn\/fr\/actualite\/national\/rfr-la-ligne-d-sera-operationnelle-en-septembre-2024\/212602\/\" \/>\n<meta property=\"og:site_name\" content=\"webdo\" \/>\n<meta property=\"article:publisher\" content=\"https:\/\/www.facebook.com\/webdotn\" \/>\n<meta property=\"article:published_time\" content=\"2024-02-27T23:43:00+00:00\" \/>\n<meta property=\"article:modified_time\" content=\"2025-05-20T22:55:16+00:00\" \/>\n<meta property=\"og:image\" content=\"https:\/\/www.webdo.tn\/fr\/wp-content\/uploads\/2024\/02\/b05585ecc7347088062b479101814fc4.jpg\" \/>\n\t<meta property=\"og:image:width\" content=\"750\" \/>\n\t<meta property=\"og:image:height\" content=\"400\" \/>\n\t<meta property=\"og:image:type\" content=\"image\/jpeg\" \/>\n<meta name=\"author\" content=\"WB\" \/>\n<meta name=\"twitter:card\" content=\"summary_large_image\" \/>\n<meta name=\"twitter:creator\" content=\"@webdo_tn\" \/>\n<meta name=\"twitter:site\" content=\"@webdo_tn\" \/>\n<meta name=\"twitter:label1\" content=\"\u00c9crit par\" \/>\n\t<meta name=\"twitter:data1\" content=\"WB\" \/>\n\t<meta name=\"twitter:label2\" content=\"Dur\u00e9e de lecture estim\u00e9e\" \/>\n\t<meta name=\"twitter:data2\" content=\"1 minute\" \/>\n<script type=\"application\/ld+json\" class=\"yoast-schema-graph\">{\"@context\":\"https:\\\/\\\/schema.org\",\"@graph\":[{\"@type\":\"NewsArticle\",\"@id\":\"https:\\\/\\\/www.webdo.tn\\\/fr\\\/actualite\\\/national\\\/rfr-la-ligne-d-sera-operationnelle-en-septembre-2024\\\/212602\\\/#article\",\"isPartOf\":{\"@id\":\"https:\\\/\\\/www.webdo.tn\\\/fr\\\/actualite\\\/national\\\/rfr-la-ligne-d-sera-operationnelle-en-septembre-2024\\\/212602\\\/\"},\"author\":{\"name\":\"WB\",\"@id\":\"https:\\\/\\\/www.webdo.tn\\\/fr\\\/#\\\/schema\\\/person\\\/f16bf91e3b3c6347371884777659f9d8\"},\"headline\":\"RFR : La ligne D sera op\u00e9rationnelle en septembre 2024\",\"datePublished\":\"2024-02-27T23:43:00+00:00\",\"dateModified\":\"2025-05-20T22:55:16+00:00\",\"mainEntityOfPage\":{\"@id\":\"https:\\\/\\\/www.webdo.tn\\\/fr\\\/actualite\\\/national\\\/rfr-la-ligne-d-sera-operationnelle-en-septembre-2024\\\/212602\\\/\"},\"wordCount\":163,\"commentCount\":0,\"publisher\":{\"@id\":\"https:\\\/\\\/www.webdo.tn\\\/fr\\\/#organization\"},\"image\":{\"@id\":\"https:\\\/\\\/www.webdo.tn\\\/fr\\\/actualite\\\/national\\\/rfr-la-ligne-d-sera-operationnelle-en-septembre-2024\\\/212602\\\/#primaryimage\"},\"thumbnailUrl\":\"https:\\\/\\\/www.webdo.tn\\\/fr\\\/wp-content\\\/uploads\\\/2024\\\/02\\\/b05585ecc7347088062b479101814fc4.jpg\",\"keywords\":[\"Bardo\",\"RFR\",\"Tunisie\"],\"articleSection\":[\"National\"],\"inLanguage\":\"fr-FR\"},{\"@type\":\"WebPage\",\"@id\":\"https:\\\/\\\/www.webdo.tn\\\/fr\\\/actualite\\\/national\\\/rfr-la-ligne-d-sera-operationnelle-en-septembre-2024\\\/212602\\\/\",\"url\":\"https:\\\/\\\/www.webdo.tn\\\/fr\\\/actualite\\\/national\\\/rfr-la-ligne-d-sera-operationnelle-en-septembre-2024\\\/212602\\\/\",\"name\":\"RFR : La ligne D sera op\u00e9rationnelle en septembre 2024\",\"isPartOf\":{\"@id\":\"https:\\\/\\\/www.webdo.tn\\\/fr\\\/#website\"},\"primaryImageOfPage\":{\"@id\":\"https:\\\/\\\/www.webdo.tn\\\/fr\\\/actualite\\\/national\\\/rfr-la-ligne-d-sera-operationnelle-en-septembre-2024\\\/212602\\\/#primaryimage\"},\"image\":{\"@id\":\"https:\\\/\\\/www.webdo.tn\\\/fr\\\/actualite\\\/national\\\/rfr-la-ligne-d-sera-operationnelle-en-septembre-2024\\\/212602\\\/#primaryimage\"},\"thumbnailUrl\":\"https:\\\/\\\/www.webdo.tn\\\/fr\\\/wp-content\\\/uploads\\\/2024\\\/02\\\/b05585ecc7347088062b479101814fc4.jpg\",\"datePublished\":\"2024-02-27T23:43:00+00:00\",\"dateModified\":\"2025-05-20T22:55:16+00:00\",\"description\":\"La mise en service de cette ligne se fera progressivement, durant le mois de septembre 2024\",\"breadcrumb\":{\"@id\":\"https:\\\/\\\/www.webdo.tn\\\/fr\\\/actualite\\\/national\\\/rfr-la-ligne-d-sera-operationnelle-en-septembre-2024\\\/212602\\\/#breadcrumb\"},\"inLanguage\":\"fr-FR\",\"potentialAction\":[{\"@type\":\"ReadAction\",\"target\":[\"https:\\\/\\\/www.webdo.tn\\\/fr\\\/actualite\\\/national\\\/rfr-la-ligne-d-sera-operationnelle-en-septembre-2024\\\/212602\\\/\"]}]},{\"@type\":\"ImageObject\",\"inLanguage\":\"fr-FR\",\"@id\":\"https:\\\/\\\/www.webdo.tn\\\/fr\\\/actualite\\\/national\\\/rfr-la-ligne-d-sera-operationnelle-en-septembre-2024\\\/212602\\\/#primaryimage\",\"url\":\"https:\\\/\\\/www.webdo.tn\\\/fr\\\/wp-content\\\/uploads\\\/2024\\\/02\\\/b05585ecc7347088062b479101814fc4.jpg\",\"contentUrl\":\"https:\\\/\\\/www.webdo.tn\\\/fr\\\/wp-content\\\/uploads\\\/2024\\\/02\\\/b05585ecc7347088062b479101814fc4.jpg\",\"width\":750,\"height\":400,\"caption\":\"RFR\"},{\"@type\":\"BreadcrumbList\",\"@id\":\"https:\\\/\\\/www.webdo.tn\\\/fr\\\/actualite\\\/national\\\/rfr-la-ligne-d-sera-operationnelle-en-septembre-2024\\\/212602\\\/#breadcrumb\",\"itemListElement\":[{\"@type\":\"ListItem\",\"position\":1,\"name\":\"Accueil\",\"item\":\"https:\\\/\\\/www.webdo.tn\\\/fr\\\/\"},{\"@type\":\"ListItem\",\"position\":2,\"name\":\"RFR : La ligne D sera op\u00e9rationnelle en septembre 2024\"}]},{\"@type\":\"WebSite\",\"@id\":\"https:\\\/\\\/www.webdo.tn\\\/fr\\\/#website\",\"url\":\"https:\\\/\\\/www.webdo.tn\\\/fr\\\/\",\"name\":\"webdo\",\"description\":\"Tunisie - News en Tunisie et \u00e0 l&#039;international sur Webdo.tn\",\"publisher\":{\"@id\":\"https:\\\/\\\/www.webdo.tn\\\/fr\\\/#organization\"},\"potentialAction\":[{\"@type\":\"SearchAction\",\"target\":{\"@type\":\"EntryPoint\",\"urlTemplate\":\"https:\\\/\\\/www.webdo.tn\\\/fr\\\/?s={search_term_string}\"},\"query-input\":{\"@type\":\"PropertyValueSpecification\",\"valueRequired\":true,\"valueName\":\"search_term_string\"}}],\"inLanguage\":\"fr-FR\"},{\"@type\":\"Organization\",\"@id\":\"https:\\\/\\\/www.webdo.tn\\\/fr\\\/#organization\",\"name\":\"Webdo\",\"alternateName\":\"Webdo.tn\",\"url\":\"https:\\\/\\\/www.webdo.tn\\\/fr\\\/\",\"logo\":{\"@type\":\"ImageObject\",\"inLanguage\":\"fr-FR\",\"@id\":\"https:\\\/\\\/www.webdo.tn\\\/fr\\\/#\\\/schema\\\/logo\\\/image\\\/\",\"url\":\"https:\\\/\\\/www.webdo.tn\\\/fr\\\/wp-content\\\/uploads\\\/2025\\\/06\\\/Webdo-Tunisie_168377.jpg\",\"contentUrl\":\"https:\\\/\\\/www.webdo.tn\\\/fr\\\/wp-content\\\/uploads\\\/2025\\\/06\\\/Webdo-Tunisie_168377.jpg\",\"width\":301,\"height\":301,\"caption\":\"Webdo\"},\"image\":{\"@id\":\"https:\\\/\\\/www.webdo.tn\\\/fr\\\/#\\\/schema\\\/logo\\\/image\\\/\"},\"sameAs\":[\"https:\\\/\\\/www.facebook.com\\\/webdotn\",\"https:\\\/\\\/x.com\\\/webdo_tn\"],\"description\":\"Webdo est un m\u00e9dia num\u00e9rique tunisien fond\u00e9 en 2010, sp\u00e9cialis\u00e9 dans l\u2019actualit\u00e9 nationale et internationale, l\u2019\u00e9conomie, la soci\u00e9t\u00e9 et les analyses politiques. Le site s\u2019adresse \u00e0 un large public francophone et couvre l\u2019information tunisienne en temps r\u00e9el.\",\"email\":\"redac@webdo.tn\",\"legalName\":\"YNJ SARL\",\"foundingDate\":\"2010-09-06\",\"numberOfEmployees\":{\"@type\":\"QuantitativeValue\",\"minValue\":\"11\",\"maxValue\":\"50\"}},{\"@type\":\"Person\",\"@id\":\"https:\\\/\\\/www.webdo.tn\\\/fr\\\/#\\\/schema\\\/person\\\/f16bf91e3b3c6347371884777659f9d8\",\"name\":\"WB\",\"image\":{\"@type\":\"ImageObject\",\"inLanguage\":\"fr-FR\",\"@id\":\"https:\\\/\\\/secure.gravatar.com\\\/avatar\\\/fd3caf00dbfd4b6d6ce43e8ea4748ed2e4d0fae2c3a87c1e2f6ba0a54c3ab5cb?s=96&d=mm&r=g\",\"url\":\"https:\\\/\\\/secure.gravatar.com\\\/avatar\\\/fd3caf00dbfd4b6d6ce43e8ea4748ed2e4d0fae2c3a87c1e2f6ba0a54c3ab5cb?s=96&d=mm&r=g\",\"contentUrl\":\"https:\\\/\\\/secure.gravatar.com\\\/avatar\\\/fd3caf00dbfd4b6d6ce43e8ea4748ed2e4d0fae2c3a87c1e2f6ba0a54c3ab5cb?s=96&d=mm&r=g\",\"caption\":\"WB\"},\"url\":\"https:\\\/\\\/www.webdo.tn\\\/fr\\\/actualite\\\/author\\\/wb\\\/\"}]}<\/script>\n<!-- \/ Yoast SEO Premium plugin. -->","yoast_head_json":{"title":"RFR : La ligne D sera op\u00e9rationnelle en septembre 2024","description":"La mise en service de cette ligne se fera progressivement, durant le mois de septembre 2024","canonical":"https:\/\/www.webdo.tn\/fr\/actualite\/national\/rfr-la-ligne-d-sera-operationnelle-en-septembre-2024\/212602\/","og_locale":"fr_FR","og_type":"article","og_title":"RFR : La ligne D sera op\u00e9rationnelle en septembre 2024","og_description":"La mise en service de cette ligne se fera progressivement, durant le mois de septembre 2024","og_url":"https:\/\/www.webdo.tn\/fr\/actualite\/national\/rfr-la-ligne-d-sera-operationnelle-en-septembre-2024\/212602\/","og_site_name":"webdo","article_publisher":"https:\/\/www.facebook.com\/webdotn","article_published_time":"2024-02-27T23:43:00+00:00","article_modified_time":"2025-05-20T22:55:16+00:00","og_image":[{"width":750,"height":400,"url":"https:\/\/www.webdo.tn\/fr\/wp-content\/uploads\/2024\/02\/b05585ecc7347088062b479101814fc4.jpg","type":"image\/jpeg"}],"author":"WB","twitter_card":"summary_large_image","twitter_creator":"@webdo_tn","twitter_site":"@webdo_tn","twitter_misc":{"\u00c9crit par":"WB","Dur\u00e9e de lecture estim\u00e9e":"1 minute"},"schema":{"@context":"https:\/\/schema.org","@graph":[{"@type":"NewsArticle","@id":"https:\/\/www.webdo.tn\/fr\/actualite\/national\/rfr-la-ligne-d-sera-operationnelle-en-septembre-2024\/212602\/#article","isPartOf":{"@id":"https:\/\/www.webdo.tn\/fr\/actualite\/national\/rfr-la-ligne-d-sera-operationnelle-en-septembre-2024\/212602\/"},"author":{"name":"WB","@id":"https:\/\/www.webdo.tn\/fr\/#\/schema\/person\/f16bf91e3b3c6347371884777659f9d8"},"headline":"RFR : La ligne D sera op\u00e9rationnelle en septembre 2024","datePublished":"2024-02-27T23:43:00+00:00","dateModified":"2025-05-20T22:55:16+00:00","mainEntityOfPage":{"@id":"https:\/\/www.webdo.tn\/fr\/actualite\/national\/rfr-la-ligne-d-sera-operationnelle-en-septembre-2024\/212602\/"},"wordCount":163,"commentCount":0,"publisher":{"@id":"https:\/\/www.webdo.tn\/fr\/#organization"},"image":{"@id":"https:\/\/www.webdo.tn\/fr\/actualite\/national\/rfr-la-ligne-d-sera-operationnelle-en-septembre-2024\/212602\/#primaryimage"},"thumbnailUrl":"https:\/\/www.webdo.tn\/fr\/wp-content\/uploads\/2024\/02\/b05585ecc7347088062b479101814fc4.jpg","keywords":["Bardo","RFR","Tunisie"],"articleSection":["National"],"inLanguage":"fr-FR"},{"@type":"WebPage","@id":"https:\/\/www.webdo.tn\/fr\/actualite\/national\/rfr-la-ligne-d-sera-operationnelle-en-septembre-2024\/212602\/","url":"https:\/\/www.webdo.tn\/fr\/actualite\/national\/rfr-la-ligne-d-sera-operationnelle-en-septembre-2024\/212602\/","name":"RFR : La ligne D sera op\u00e9rationnelle en septembre 2024","isPartOf":{"@id":"https:\/\/www.webdo.tn\/fr\/#website"},"primaryImageOfPage":{"@id":"https:\/\/www.webdo.tn\/fr\/actualite\/national\/rfr-la-ligne-d-sera-operationnelle-en-septembre-2024\/212602\/#primaryimage"},"image":{"@id":"https:\/\/www.webdo.tn\/fr\/actualite\/national\/rfr-la-ligne-d-sera-operationnelle-en-septembre-2024\/212602\/#primaryimage"},"thumbnailUrl":"https:\/\/www.webdo.tn\/fr\/wp-content\/uploads\/2024\/02\/b05585ecc7347088062b479101814fc4.jpg","datePublished":"2024-02-27T23:43:00+00:00","dateModified":"2025-05-20T22:55:16+00:00","description":"La mise en service de cette ligne se fera progressivement, durant le mois de septembre 2024","breadcrumb":{"@id":"https:\/\/www.webdo.tn\/fr\/actualite\/national\/rfr-la-ligne-d-sera-operationnelle-en-septembre-2024\/212602\/#breadcrumb"},"inLanguage":"fr-FR","potentialAction":[{"@type":"ReadAction","target":["https:\/\/www.webdo.tn\/fr\/actualite\/national\/rfr-la-ligne-d-sera-operationnelle-en-septembre-2024\/212602\/"]}]},{"@type":"ImageObject","inLanguage":"fr-FR","@id":"https:\/\/www.webdo.tn\/fr\/actualite\/national\/rfr-la-ligne-d-sera-operationnelle-en-septembre-2024\/212602\/#primaryimage","url":"https:\/\/www.webdo.tn\/fr\/wp-content\/uploads\/2024\/02\/b05585ecc7347088062b479101814fc4.jpg","contentUrl":"https:\/\/www.webdo.tn\/fr\/wp-content\/uploads\/2024\/02\/b05585ecc7347088062b479101814fc4.jpg","width":750,"height":400,"caption":"RFR"},{"@type":"BreadcrumbList","@id":"https:\/\/www.webdo.tn\/fr\/actualite\/national\/rfr-la-ligne-d-sera-operationnelle-en-septembre-2024\/212602\/#breadcrumb","itemListElement":[{"@type":"ListItem","position":1,"name":"Accueil","item":"https:\/\/www.webdo.tn\/fr\/"},{"@type":"ListItem","position":2,"name":"RFR : La ligne D sera op\u00e9rationnelle en septembre 2024"}]},{"@type":"WebSite","@id":"https:\/\/www.webdo.tn\/fr\/#website","url":"https:\/\/www.webdo.tn\/fr\/","name":"webdo","description":"Tunisie - News en Tunisie et \u00e0 l&#039;international sur Webdo.tn","publisher":{"@id":"https:\/\/www.webdo.tn\/fr\/#organization"},"potentialAction":[{"@type":"SearchAction","target":{"@type":"EntryPoint","urlTemplate":"https:\/\/www.webdo.tn\/fr\/?s={search_term_string}"},"query-input":{"@type":"PropertyValueSpecification","valueRequired":true,"valueName":"search_term_string"}}],"inLanguage":"fr-FR"},{"@type":"Organization","@id":"https:\/\/www.webdo.tn\/fr\/#organization","name":"Webdo","alternateName":"Webdo.tn","url":"https:\/\/www.webdo.tn\/fr\/","logo":{"@type":"ImageObject","inLanguage":"fr-FR","@id":"https:\/\/www.webdo.tn\/fr\/#\/schema\/logo\/image\/","url":"https:\/\/www.webdo.tn\/fr\/wp-content\/uploads\/2025\/06\/Webdo-Tunisie_168377.jpg","contentUrl":"https:\/\/www.webdo.tn\/fr\/wp-content\/uploads\/2025\/06\/Webdo-Tunisie_168377.jpg","width":301,"height":301,"caption":"Webdo"},"image":{"@id":"https:\/\/www.webdo.tn\/fr\/#\/schema\/logo\/image\/"},"sameAs":["https:\/\/www.facebook.com\/webdotn","https:\/\/x.com\/webdo_tn"],"description":"Webdo est un m\u00e9dia num\u00e9rique tunisien fond\u00e9 en 2010, sp\u00e9cialis\u00e9 dans l\u2019actualit\u00e9 nationale et internationale, l\u2019\u00e9conomie, la soci\u00e9t\u00e9 et les analyses politiques. Le site s\u2019adresse \u00e0 un large public francophone et couvre l\u2019information tunisienne en temps r\u00e9el.","email":"redac@webdo.tn","legalName":"YNJ SARL","foundingDate":"2010-09-06","numberOfEmployees":{"@type":"QuantitativeValue","minValue":"11","maxValue":"50"}},{"@type":"Person","@id":"https:\/\/www.webdo.tn\/fr\/#\/schema\/person\/f16bf91e3b3c6347371884777659f9d8","name":"WB","image":{"@type":"ImageObject","inLanguage":"fr-FR","@id":"https:\/\/secure.gravatar.com\/avatar\/fd3caf00dbfd4b6d6ce43e8ea4748ed2e4d0fae2c3a87c1e2f6ba0a54c3ab5cb?s=96&d=mm&r=g","url":"https:\/\/secure.gravatar.com\/avatar\/fd3caf00dbfd4b6d6ce43e8ea4748ed2e4d0fae2c3a87c1e2f6ba0a54c3ab5cb?s=96&d=mm&r=g","contentUrl":"https:\/\/secure.gravatar.com\/avatar\/fd3caf00dbfd4b6d6ce43e8ea4748ed2e4d0fae2c3a87c1e2f6ba0a54c3ab5cb?s=96&d=mm&r=g","caption":"WB"},"url":"https:\/\/www.webdo.tn\/fr\/actualite\/author\/wb\/"}]}},"_links":{"self":[{"href":"https:\/\/www.webdo.tn\/fr\/wp-json\/wp\/v2\/posts\/212602","targetHints":{"allow":["GET"]}}],"collection":[{"href":"https:\/\/www.webdo.tn\/fr\/wp-json\/wp\/v2\/posts"}],"about":[{"href":"https:\/\/www.webdo.tn\/fr\/wp-json\/wp\/v2\/types\/post"}],"author":[{"embeddable":true,"href":"https:\/\/www.webdo.tn\/fr\/wp-json\/wp\/v2\/users\/3182"}],"replies":[{"embeddable":true,"href":"https:\/\/www.webdo.tn\/fr\/wp-json\/wp\/v2\/comments?post=212602"}],"version-history":[{"count":0,"href":"https:\/\/www.webdo.tn\/fr\/wp-json\/wp\/v2\/posts\/212602\/revisions"}],"wp:featuredmedia":[{"embeddable":true,"href":"https:\/\/www.webdo.tn\/fr\/wp-json\/wp\/v2\/media\/247904"}],"wp:attachment":[{"href":"https:\/\/www.webdo.tn\/fr\/wp-json\/wp\/v2\/media?parent=212602"}],"wp:term":[{"taxonomy":"category","embeddable":true,"href":"https:\/\/www.webdo.tn\/fr\/wp-json\/wp\/v2\/categories?post=212602"},{"taxonomy":"post_tag","embeddable":true,"href":"https:\/\/www.webdo.tn\/fr\/wp-json\/wp\/v2\/tags?post=212602"}],"curies":[{"name":"wp","href":"https:\/\/api.w.org\/{rel}","templated":true}]}}