{"id":212554,"date":"2024-02-26T09:43:00","date_gmt":"2024-02-26T09:43:00","guid":{"rendered":"https:\/\/www.webdo.tn\/fr\/blog\/auto-la-r5-est-de-retour\/212554\/"},"modified":"2025-05-20T21:52:45","modified_gmt":"2025-05-20T21:52:45","slug":"auto-la-r5-est-de-retour","status":"publish","type":"post","link":"https:\/\/www.webdo.tn\/fr\/actualite\/international\/auto-la-r5-est-de-retour\/212554\/","title":{"rendered":"Auto : La R5 est de retour !"},"content":{"rendered":"<p>C\u2019est l\u2019\u00e9v\u00e8nement du salon de l&rsquo;automobile de Gen\u00e8ve. La mythique R5 est de retour dans une version 100% \u00e9lectrique. Annonc\u00e9e tambour battant, la Renault 5 a \u00e9t\u00e9 d\u00e9voil\u00e9e ce lundi 26 f\u00e9vrier 2024.<\/p>\n<p>\t\t\t\t\t\t\t\t\tAnnonc\u00e9e depuis des semaines, l\u2019h\u00e9riti\u00e8re de la mythique R5 a enfin \u00e9t\u00e9 d\u00e9voil\u00e9e, aujourd\u2019hui au salon de l\u2019automobile de Gen\u00e8ve en Suisse. Cette nouvelle R5 est 100% \u00e9lectrique et doit incarner la \u00ab\u00a0Renaulution\u00a0\u00bb, le projet de transformation du constructeur.<\/p>\n<p>Cette nouvelle R5 rend hommage au mythique mod\u00e8le des ann\u00e9es 70 et 80. Elle lui ressemble comme deux gouttes d\u2019eau comme voulu par le constructeur. Son design est en effet rest\u00e9 fid\u00e8le \u00e0 la premi\u00e8re Renault 5, mais il rappelle \u00e9galement la Super 5 et la Turbo\u00a0\u00bb.<\/p>\n<p>Cette voiture 100% \u00e9lectrique devrait avoir un prix d&rsquo;entr\u00e9e de gamme d&rsquo;environ 25.000 euros France (soit environ 85.000 dinars). Le prix officiel n\u2019a pas encore \u00e9t\u00e9 d\u00e9voil\u00e9 mais la nouvelle R5 sera commercialis\u00e9e en septembre 2024.<\/p>\n","protected":false},"excerpt":{"rendered":"<p>Annonc\u00e9e depuis des semaines, l\u2019h\u00e9riti\u00e8re de la mythique R5 a enfin \u00e9t\u00e9 d\u00e9voil\u00e9e \u00e0 Gen\u00e8ve.<\/p>\n","protected":false},"author":3162,"featured_media":247912,"comment_status":"open","ping_status":"closed","sticky":false,"template":"","format":"standard","meta":{"footnotes":""},"categories":[2598],"tags":[6770,6935,6937,6936,6938,6177],"class_list":["post-212554","post","type-post","status-publish","format-standard","has-post-thumbnail","hentry","category-international","tag-auto","tag-geneve","tag-r5","tag-renault","tag-salon-de-lauto","tag-voiture-electrique"],"yoast_head":"<!-- This site is optimized with the Yoast SEO Premium plugin v27.4 (Yoast SEO v27.5) - https:\/\/yoast.com\/product\/yoast-seo-premium-wordpress\/ -->\n<title>Auto : La R5 est de retour !<\/title>\n<meta name=\"description\" content=\"Annonc\u00e9e depuis des semaines, l\u2019h\u00e9riti\u00e8re de la mythique R5 a enfin \u00e9t\u00e9 d\u00e9voil\u00e9e \u00e0 Gen\u00e8ve.\" \/>\n<link rel=\"canonical\" href=\"https:\/\/www.webdo.tn\/fr\/actualite\/international\/auto-la-r5-est-de-retour\/212554\/\" \/>\n<meta property=\"og:locale\" content=\"fr_FR\" \/>\n<meta property=\"og:type\" content=\"article\" \/>\n<meta property=\"og:title\" content=\"Auto : La R5 est de retour !\" \/>\n<meta property=\"og:description\" content=\"Annonc\u00e9e depuis des semaines, l\u2019h\u00e9riti\u00e8re de la mythique R5 a enfin \u00e9t\u00e9 d\u00e9voil\u00e9e \u00e0 Gen\u00e8ve.\" \/>\n<meta property=\"og:url\" content=\"https:\/\/www.webdo.tn\/fr\/actualite\/international\/auto-la-r5-est-de-retour\/212554\/\" \/>\n<meta property=\"og:site_name\" content=\"webdo\" \/>\n<meta property=\"article:publisher\" content=\"https:\/\/www.facebook.com\/webdotn\" \/>\n<meta property=\"article:published_time\" content=\"2024-02-26T09:43:00+00:00\" \/>\n<meta property=\"article:modified_time\" content=\"2025-05-20T21:52:45+00:00\" \/>\n<meta property=\"og:image\" content=\"https:\/\/www.webdo.tn\/fr\/wp-content\/uploads\/2024\/02\/cdfd583f72418dc6da9efba51111e66e.jpg\" \/>\n\t<meta property=\"og:image:width\" content=\"750\" \/>\n\t<meta property=\"og:image:height\" content=\"400\" \/>\n\t<meta property=\"og:image:type\" content=\"image\/jpeg\" \/>\n<meta name=\"author\" content=\"MC\" \/>\n<meta name=\"twitter:card\" content=\"summary_large_image\" \/>\n<meta name=\"twitter:creator\" content=\"@webdo_tn\" \/>\n<meta name=\"twitter:site\" content=\"@webdo_tn\" \/>\n<meta name=\"twitter:label1\" content=\"\u00c9crit par\" \/>\n\t<meta name=\"twitter:data1\" content=\"MC\" \/>\n\t<meta name=\"twitter:label2\" content=\"Dur\u00e9e de lecture estim\u00e9e\" \/>\n\t<meta name=\"twitter:data2\" content=\"1 minute\" \/>\n<script type=\"application\/ld+json\" class=\"yoast-schema-graph\">{\"@context\":\"https:\\\/\\\/schema.org\",\"@graph\":[{\"@type\":\"NewsArticle\",\"@id\":\"https:\\\/\\\/www.webdo.tn\\\/fr\\\/actualite\\\/international\\\/auto-la-r5-est-de-retour\\\/212554\\\/#article\",\"isPartOf\":{\"@id\":\"https:\\\/\\\/www.webdo.tn\\\/fr\\\/actualite\\\/international\\\/auto-la-r5-est-de-retour\\\/212554\\\/\"},\"author\":{\"name\":\"MC\",\"@id\":\"https:\\\/\\\/www.webdo.tn\\\/fr\\\/#\\\/schema\\\/person\\\/2c4929cbf5a809e3bd38617c6ce150f6\"},\"headline\":\"Auto : La R5 est de retour !\",\"datePublished\":\"2024-02-26T09:43:00+00:00\",\"dateModified\":\"2025-05-20T21:52:45+00:00\",\"mainEntityOfPage\":{\"@id\":\"https:\\\/\\\/www.webdo.tn\\\/fr\\\/actualite\\\/international\\\/auto-la-r5-est-de-retour\\\/212554\\\/\"},\"wordCount\":176,\"commentCount\":0,\"publisher\":{\"@id\":\"https:\\\/\\\/www.webdo.tn\\\/fr\\\/#organization\"},\"image\":{\"@id\":\"https:\\\/\\\/www.webdo.tn\\\/fr\\\/actualite\\\/international\\\/auto-la-r5-est-de-retour\\\/212554\\\/#primaryimage\"},\"thumbnailUrl\":\"https:\\\/\\\/www.webdo.tn\\\/fr\\\/wp-content\\\/uploads\\\/2024\\\/02\\\/cdfd583f72418dc6da9efba51111e66e.jpg\",\"keywords\":[\"auto\",\"Gen\u00e8ve\",\"R5\",\"Renault\",\"salon de l'auto\",\"Voiture \u00e9lectrique\"],\"articleSection\":[\"International\"],\"inLanguage\":\"fr-FR\"},{\"@type\":\"WebPage\",\"@id\":\"https:\\\/\\\/www.webdo.tn\\\/fr\\\/actualite\\\/international\\\/auto-la-r5-est-de-retour\\\/212554\\\/\",\"url\":\"https:\\\/\\\/www.webdo.tn\\\/fr\\\/actualite\\\/international\\\/auto-la-r5-est-de-retour\\\/212554\\\/\",\"name\":\"Auto : La R5 est de retour !\",\"isPartOf\":{\"@id\":\"https:\\\/\\\/www.webdo.tn\\\/fr\\\/#website\"},\"primaryImageOfPage\":{\"@id\":\"https:\\\/\\\/www.webdo.tn\\\/fr\\\/actualite\\\/international\\\/auto-la-r5-est-de-retour\\\/212554\\\/#primaryimage\"},\"image\":{\"@id\":\"https:\\\/\\\/www.webdo.tn\\\/fr\\\/actualite\\\/international\\\/auto-la-r5-est-de-retour\\\/212554\\\/#primaryimage\"},\"thumbnailUrl\":\"https:\\\/\\\/www.webdo.tn\\\/fr\\\/wp-content\\\/uploads\\\/2024\\\/02\\\/cdfd583f72418dc6da9efba51111e66e.jpg\",\"datePublished\":\"2024-02-26T09:43:00+00:00\",\"dateModified\":\"2025-05-20T21:52:45+00:00\",\"description\":\"Annonc\u00e9e depuis des semaines, l\u2019h\u00e9riti\u00e8re de la mythique R5 a enfin \u00e9t\u00e9 d\u00e9voil\u00e9e \u00e0 Gen\u00e8ve.\",\"breadcrumb\":{\"@id\":\"https:\\\/\\\/www.webdo.tn\\\/fr\\\/actualite\\\/international\\\/auto-la-r5-est-de-retour\\\/212554\\\/#breadcrumb\"},\"inLanguage\":\"fr-FR\",\"potentialAction\":[{\"@type\":\"ReadAction\",\"target\":[\"https:\\\/\\\/www.webdo.tn\\\/fr\\\/actualite\\\/international\\\/auto-la-r5-est-de-retour\\\/212554\\\/\"]}]},{\"@type\":\"ImageObject\",\"inLanguage\":\"fr-FR\",\"@id\":\"https:\\\/\\\/www.webdo.tn\\\/fr\\\/actualite\\\/international\\\/auto-la-r5-est-de-retour\\\/212554\\\/#primaryimage\",\"url\":\"https:\\\/\\\/www.webdo.tn\\\/fr\\\/wp-content\\\/uploads\\\/2024\\\/02\\\/cdfd583f72418dc6da9efba51111e66e.jpg\",\"contentUrl\":\"https:\\\/\\\/www.webdo.tn\\\/fr\\\/wp-content\\\/uploads\\\/2024\\\/02\\\/cdfd583f72418dc6da9efba51111e66e.jpg\",\"width\":750,\"height\":400,\"caption\":\"Auto : La R5 est de retour !\"},{\"@type\":\"BreadcrumbList\",\"@id\":\"https:\\\/\\\/www.webdo.tn\\\/fr\\\/actualite\\\/international\\\/auto-la-r5-est-de-retour\\\/212554\\\/#breadcrumb\",\"itemListElement\":[{\"@type\":\"ListItem\",\"position\":1,\"name\":\"Accueil\",\"item\":\"https:\\\/\\\/www.webdo.tn\\\/fr\\\/\"},{\"@type\":\"ListItem\",\"position\":2,\"name\":\"Auto : La R5 est de retour !\"}]},{\"@type\":\"WebSite\",\"@id\":\"https:\\\/\\\/www.webdo.tn\\\/fr\\\/#website\",\"url\":\"https:\\\/\\\/www.webdo.tn\\\/fr\\\/\",\"name\":\"webdo\",\"description\":\"Tunisie - News en Tunisie et \u00e0 l&#039;international sur Webdo.tn\",\"publisher\":{\"@id\":\"https:\\\/\\\/www.webdo.tn\\\/fr\\\/#organization\"},\"potentialAction\":[{\"@type\":\"SearchAction\",\"target\":{\"@type\":\"EntryPoint\",\"urlTemplate\":\"https:\\\/\\\/www.webdo.tn\\\/fr\\\/?s={search_term_string}\"},\"query-input\":{\"@type\":\"PropertyValueSpecification\",\"valueRequired\":true,\"valueName\":\"search_term_string\"}}],\"inLanguage\":\"fr-FR\"},{\"@type\":\"Organization\",\"@id\":\"https:\\\/\\\/www.webdo.tn\\\/fr\\\/#organization\",\"name\":\"Webdo\",\"alternateName\":\"Webdo.tn\",\"url\":\"https:\\\/\\\/www.webdo.tn\\\/fr\\\/\",\"logo\":{\"@type\":\"ImageObject\",\"inLanguage\":\"fr-FR\",\"@id\":\"https:\\\/\\\/www.webdo.tn\\\/fr\\\/#\\\/schema\\\/logo\\\/image\\\/\",\"url\":\"https:\\\/\\\/www.webdo.tn\\\/fr\\\/wp-content\\\/uploads\\\/2025\\\/06\\\/Webdo-Tunisie_168377.jpg\",\"contentUrl\":\"https:\\\/\\\/www.webdo.tn\\\/fr\\\/wp-content\\\/uploads\\\/2025\\\/06\\\/Webdo-Tunisie_168377.jpg\",\"width\":301,\"height\":301,\"caption\":\"Webdo\"},\"image\":{\"@id\":\"https:\\\/\\\/www.webdo.tn\\\/fr\\\/#\\\/schema\\\/logo\\\/image\\\/\"},\"sameAs\":[\"https:\\\/\\\/www.facebook.com\\\/webdotn\",\"https:\\\/\\\/x.com\\\/webdo_tn\"],\"description\":\"Webdo est un m\u00e9dia num\u00e9rique tunisien fond\u00e9 en 2010, sp\u00e9cialis\u00e9 dans l\u2019actualit\u00e9 nationale et internationale, l\u2019\u00e9conomie, la soci\u00e9t\u00e9 et les analyses politiques. Le site s\u2019adresse \u00e0 un large public francophone et couvre l\u2019information tunisienne en temps r\u00e9el.\",\"email\":\"redac@webdo.tn\",\"legalName\":\"YNJ SARL\",\"foundingDate\":\"2010-09-06\",\"numberOfEmployees\":{\"@type\":\"QuantitativeValue\",\"minValue\":\"11\",\"maxValue\":\"50\"}},{\"@type\":\"Person\",\"@id\":\"https:\\\/\\\/www.webdo.tn\\\/fr\\\/#\\\/schema\\\/person\\\/2c4929cbf5a809e3bd38617c6ce150f6\",\"name\":\"MC\",\"image\":{\"@type\":\"ImageObject\",\"inLanguage\":\"fr-FR\",\"@id\":\"https:\\\/\\\/secure.gravatar.com\\\/avatar\\\/a545bbb6f84efdd5553dbbc2895e3ca8f1d12c5215e00a041c9670b54aa9b18a?s=96&d=mm&r=g\",\"url\":\"https:\\\/\\\/secure.gravatar.com\\\/avatar\\\/a545bbb6f84efdd5553dbbc2895e3ca8f1d12c5215e00a041c9670b54aa9b18a?s=96&d=mm&r=g\",\"contentUrl\":\"https:\\\/\\\/secure.gravatar.com\\\/avatar\\\/a545bbb6f84efdd5553dbbc2895e3ca8f1d12c5215e00a041c9670b54aa9b18a?s=96&d=mm&r=g\",\"caption\":\"MC\"},\"url\":\"https:\\\/\\\/www.webdo.tn\\\/fr\\\/actualite\\\/author\\\/mc\\\/\"}]}<\/script>\n<!-- \/ Yoast SEO Premium plugin. -->","yoast_head_json":{"title":"Auto : La R5 est de retour !","description":"Annonc\u00e9e depuis des semaines, l\u2019h\u00e9riti\u00e8re de la mythique R5 a enfin \u00e9t\u00e9 d\u00e9voil\u00e9e \u00e0 Gen\u00e8ve.","canonical":"https:\/\/www.webdo.tn\/fr\/actualite\/international\/auto-la-r5-est-de-retour\/212554\/","og_locale":"fr_FR","og_type":"article","og_title":"Auto : La R5 est de retour !","og_description":"Annonc\u00e9e depuis des semaines, l\u2019h\u00e9riti\u00e8re de la mythique R5 a enfin \u00e9t\u00e9 d\u00e9voil\u00e9e \u00e0 Gen\u00e8ve.","og_url":"https:\/\/www.webdo.tn\/fr\/actualite\/international\/auto-la-r5-est-de-retour\/212554\/","og_site_name":"webdo","article_publisher":"https:\/\/www.facebook.com\/webdotn","article_published_time":"2024-02-26T09:43:00+00:00","article_modified_time":"2025-05-20T21:52:45+00:00","og_image":[{"width":750,"height":400,"url":"https:\/\/www.webdo.tn\/fr\/wp-content\/uploads\/2024\/02\/cdfd583f72418dc6da9efba51111e66e.jpg","type":"image\/jpeg"}],"author":"MC","twitter_card":"summary_large_image","twitter_creator":"@webdo_tn","twitter_site":"@webdo_tn","twitter_misc":{"\u00c9crit par":"MC","Dur\u00e9e de lecture estim\u00e9e":"1 minute"},"schema":{"@context":"https:\/\/schema.org","@graph":[{"@type":"NewsArticle","@id":"https:\/\/www.webdo.tn\/fr\/actualite\/international\/auto-la-r5-est-de-retour\/212554\/#article","isPartOf":{"@id":"https:\/\/www.webdo.tn\/fr\/actualite\/international\/auto-la-r5-est-de-retour\/212554\/"},"author":{"name":"MC","@id":"https:\/\/www.webdo.tn\/fr\/#\/schema\/person\/2c4929cbf5a809e3bd38617c6ce150f6"},"headline":"Auto : La R5 est de retour !","datePublished":"2024-02-26T09:43:00+00:00","dateModified":"2025-05-20T21:52:45+00:00","mainEntityOfPage":{"@id":"https:\/\/www.webdo.tn\/fr\/actualite\/international\/auto-la-r5-est-de-retour\/212554\/"},"wordCount":176,"commentCount":0,"publisher":{"@id":"https:\/\/www.webdo.tn\/fr\/#organization"},"image":{"@id":"https:\/\/www.webdo.tn\/fr\/actualite\/international\/auto-la-r5-est-de-retour\/212554\/#primaryimage"},"thumbnailUrl":"https:\/\/www.webdo.tn\/fr\/wp-content\/uploads\/2024\/02\/cdfd583f72418dc6da9efba51111e66e.jpg","keywords":["auto","Gen\u00e8ve","R5","Renault","salon de l'auto","Voiture \u00e9lectrique"],"articleSection":["International"],"inLanguage":"fr-FR"},{"@type":"WebPage","@id":"https:\/\/www.webdo.tn\/fr\/actualite\/international\/auto-la-r5-est-de-retour\/212554\/","url":"https:\/\/www.webdo.tn\/fr\/actualite\/international\/auto-la-r5-est-de-retour\/212554\/","name":"Auto : La R5 est de retour !","isPartOf":{"@id":"https:\/\/www.webdo.tn\/fr\/#website"},"primaryImageOfPage":{"@id":"https:\/\/www.webdo.tn\/fr\/actualite\/international\/auto-la-r5-est-de-retour\/212554\/#primaryimage"},"image":{"@id":"https:\/\/www.webdo.tn\/fr\/actualite\/international\/auto-la-r5-est-de-retour\/212554\/#primaryimage"},"thumbnailUrl":"https:\/\/www.webdo.tn\/fr\/wp-content\/uploads\/2024\/02\/cdfd583f72418dc6da9efba51111e66e.jpg","datePublished":"2024-02-26T09:43:00+00:00","dateModified":"2025-05-20T21:52:45+00:00","description":"Annonc\u00e9e depuis des semaines, l\u2019h\u00e9riti\u00e8re de la mythique R5 a enfin \u00e9t\u00e9 d\u00e9voil\u00e9e \u00e0 Gen\u00e8ve.","breadcrumb":{"@id":"https:\/\/www.webdo.tn\/fr\/actualite\/international\/auto-la-r5-est-de-retour\/212554\/#breadcrumb"},"inLanguage":"fr-FR","potentialAction":[{"@type":"ReadAction","target":["https:\/\/www.webdo.tn\/fr\/actualite\/international\/auto-la-r5-est-de-retour\/212554\/"]}]},{"@type":"ImageObject","inLanguage":"fr-FR","@id":"https:\/\/www.webdo.tn\/fr\/actualite\/international\/auto-la-r5-est-de-retour\/212554\/#primaryimage","url":"https:\/\/www.webdo.tn\/fr\/wp-content\/uploads\/2024\/02\/cdfd583f72418dc6da9efba51111e66e.jpg","contentUrl":"https:\/\/www.webdo.tn\/fr\/wp-content\/uploads\/2024\/02\/cdfd583f72418dc6da9efba51111e66e.jpg","width":750,"height":400,"caption":"Auto : La R5 est de retour !"},{"@type":"BreadcrumbList","@id":"https:\/\/www.webdo.tn\/fr\/actualite\/international\/auto-la-r5-est-de-retour\/212554\/#breadcrumb","itemListElement":[{"@type":"ListItem","position":1,"name":"Accueil","item":"https:\/\/www.webdo.tn\/fr\/"},{"@type":"ListItem","position":2,"name":"Auto : La R5 est de retour !"}]},{"@type":"WebSite","@id":"https:\/\/www.webdo.tn\/fr\/#website","url":"https:\/\/www.webdo.tn\/fr\/","name":"webdo","description":"Tunisie - News en Tunisie et \u00e0 l&#039;international sur Webdo.tn","publisher":{"@id":"https:\/\/www.webdo.tn\/fr\/#organization"},"potentialAction":[{"@type":"SearchAction","target":{"@type":"EntryPoint","urlTemplate":"https:\/\/www.webdo.tn\/fr\/?s={search_term_string}"},"query-input":{"@type":"PropertyValueSpecification","valueRequired":true,"valueName":"search_term_string"}}],"inLanguage":"fr-FR"},{"@type":"Organization","@id":"https:\/\/www.webdo.tn\/fr\/#organization","name":"Webdo","alternateName":"Webdo.tn","url":"https:\/\/www.webdo.tn\/fr\/","logo":{"@type":"ImageObject","inLanguage":"fr-FR","@id":"https:\/\/www.webdo.tn\/fr\/#\/schema\/logo\/image\/","url":"https:\/\/www.webdo.tn\/fr\/wp-content\/uploads\/2025\/06\/Webdo-Tunisie_168377.jpg","contentUrl":"https:\/\/www.webdo.tn\/fr\/wp-content\/uploads\/2025\/06\/Webdo-Tunisie_168377.jpg","width":301,"height":301,"caption":"Webdo"},"image":{"@id":"https:\/\/www.webdo.tn\/fr\/#\/schema\/logo\/image\/"},"sameAs":["https:\/\/www.facebook.com\/webdotn","https:\/\/x.com\/webdo_tn"],"description":"Webdo est un m\u00e9dia num\u00e9rique tunisien fond\u00e9 en 2010, sp\u00e9cialis\u00e9 dans l\u2019actualit\u00e9 nationale et internationale, l\u2019\u00e9conomie, la soci\u00e9t\u00e9 et les analyses politiques. Le site s\u2019adresse \u00e0 un large public francophone et couvre l\u2019information tunisienne en temps r\u00e9el.","email":"redac@webdo.tn","legalName":"YNJ SARL","foundingDate":"2010-09-06","numberOfEmployees":{"@type":"QuantitativeValue","minValue":"11","maxValue":"50"}},{"@type":"Person","@id":"https:\/\/www.webdo.tn\/fr\/#\/schema\/person\/2c4929cbf5a809e3bd38617c6ce150f6","name":"MC","image":{"@type":"ImageObject","inLanguage":"fr-FR","@id":"https:\/\/secure.gravatar.com\/avatar\/a545bbb6f84efdd5553dbbc2895e3ca8f1d12c5215e00a041c9670b54aa9b18a?s=96&d=mm&r=g","url":"https:\/\/secure.gravatar.com\/avatar\/a545bbb6f84efdd5553dbbc2895e3ca8f1d12c5215e00a041c9670b54aa9b18a?s=96&d=mm&r=g","contentUrl":"https:\/\/secure.gravatar.com\/avatar\/a545bbb6f84efdd5553dbbc2895e3ca8f1d12c5215e00a041c9670b54aa9b18a?s=96&d=mm&r=g","caption":"MC"},"url":"https:\/\/www.webdo.tn\/fr\/actualite\/author\/mc\/"}]}},"_links":{"self":[{"href":"https:\/\/www.webdo.tn\/fr\/wp-json\/wp\/v2\/posts\/212554","targetHints":{"allow":["GET"]}}],"collection":[{"href":"https:\/\/www.webdo.tn\/fr\/wp-json\/wp\/v2\/posts"}],"about":[{"href":"https:\/\/www.webdo.tn\/fr\/wp-json\/wp\/v2\/types\/post"}],"author":[{"embeddable":true,"href":"https:\/\/www.webdo.tn\/fr\/wp-json\/wp\/v2\/users\/3162"}],"replies":[{"embeddable":true,"href":"https:\/\/www.webdo.tn\/fr\/wp-json\/wp\/v2\/comments?post=212554"}],"version-history":[{"count":0,"href":"https:\/\/www.webdo.tn\/fr\/wp-json\/wp\/v2\/posts\/212554\/revisions"}],"wp:featuredmedia":[{"embeddable":true,"href":"https:\/\/www.webdo.tn\/fr\/wp-json\/wp\/v2\/media\/247912"}],"wp:attachment":[{"href":"https:\/\/www.webdo.tn\/fr\/wp-json\/wp\/v2\/media?parent=212554"}],"wp:term":[{"taxonomy":"category","embeddable":true,"href":"https:\/\/www.webdo.tn\/fr\/wp-json\/wp\/v2\/categories?post=212554"},{"taxonomy":"post_tag","embeddable":true,"href":"https:\/\/www.webdo.tn\/fr\/wp-json\/wp\/v2\/tags?post=212554"}],"curies":[{"name":"wp","href":"https:\/\/api.w.org\/{rel}","templated":true}]}}