{"id":212548,"date":"2024-02-25T13:01:00","date_gmt":"2024-02-25T13:01:00","guid":{"rendered":"https:\/\/www.webdo.tn\/fr\/blog\/alerte-meteo-un-vent-violent-soufflera-sur-la-tunisie\/212548\/"},"modified":"2025-05-20T22:53:20","modified_gmt":"2025-05-20T22:53:20","slug":"alerte-meteo-un-vent-violent-soufflera-sur-la-tunisie","status":"publish","type":"post","link":"https:\/\/www.webdo.tn\/fr\/actualite\/national\/alerte-meteo-un-vent-violent-soufflera-sur-la-tunisie\/212548\/","title":{"rendered":"Alerte m\u00e9t\u00e9o : Un vent violent soufflera sur la Tunisie"},"content":{"rendered":"<p>Un vent tr\u00e8s fort soufflera sur toutes les r\u00e9gions tunisiennes, avec des rafales atteignant 100 km\/h selon un bulletin sp\u00e9cial navigation et p\u00eache publi\u00e9 par l\u2019Institut national de la m\u00e9t\u00e9orologie (INM).<\/p>\n<p>Le vent soufflera tr\u00e8s fort d\u2019Ouest \u00e0 Nord Ouest, sur le nord et l\u2019est du pays (Golfes de Tunis et d\u2019Hammamet), en raison d\u2019une d\u00e9pression atmosph\u00e9rique, mais Kairouan sera le gouvernorat le plus concern\u00e9.\u00a0<\/p>\n<p>Notons \u00e9galement que la mer sera houleuse \u00e0 violente au nord de Tunis et dans le golfe de Hammamet.\u00a0<\/p>\n<p>Les trois jours \u00e0 venir seront \u00e9galement marqu\u00e9s par de fortes rafales.<\/p>\n","protected":false},"excerpt":{"rendered":"<p>Le vent soufflera tr\u00e8s fort d\u2019Ouest \u00e0 Nord Ouest, sur le nord et l\u2019est du pays (Golfes de Tunis et d\u2019Hammamet), en raison d\u2019une d\u00e9pression atmosph\u00e9rique, mais K&#8230;<\/p>\n","protected":false},"author":3175,"featured_media":290286,"comment_status":"open","ping_status":"closed","sticky":false,"template":"","format":"standard","meta":{"footnotes":""},"categories":[44],"tags":[4366,2608,3363],"class_list":["post-212548","post","type-post","status-publish","format-standard","has-post-thumbnail","hentry","category-national","tag-alerte-meteo","tag-tunisie","tag-vent"],"yoast_head":"<!-- This site is optimized with the Yoast SEO Premium plugin v27.5 (Yoast SEO v27.5) - https:\/\/yoast.com\/product\/yoast-seo-premium-wordpress\/ -->\n<title>Alerte m\u00e9t\u00e9o : Un vent violent soufflera sur la Tunisie<\/title>\n<meta name=\"description\" content=\"Le vent soufflera tr\u00e8s fort d\u2019Ouest \u00e0 Nord Ouest, sur le nord et l\u2019est du pays (Golfes de Tunis et d\u2019Hammamet), en raison d\u2019une d\u00e9pression atmosph\u00e9rique, mais K...\" \/>\n<link rel=\"canonical\" href=\"https:\/\/www.webdo.tn\/fr\/actualite\/national\/alerte-meteo-un-vent-violent-soufflera-sur-la-tunisie\/212548\/\" \/>\n<meta property=\"og:locale\" content=\"fr_FR\" \/>\n<meta property=\"og:type\" content=\"article\" \/>\n<meta property=\"og:title\" content=\"Alerte m\u00e9t\u00e9o : Un vent violent soufflera sur la Tunisie\" \/>\n<meta property=\"og:description\" content=\"Le vent soufflera tr\u00e8s fort d\u2019Ouest \u00e0 Nord Ouest, sur le nord et l\u2019est du pays (Golfes de Tunis et d\u2019Hammamet), en raison d\u2019une d\u00e9pression atmosph\u00e9rique, mais K...\" \/>\n<meta property=\"og:url\" content=\"https:\/\/www.webdo.tn\/fr\/actualite\/national\/alerte-meteo-un-vent-violent-soufflera-sur-la-tunisie\/212548\/\" \/>\n<meta property=\"og:site_name\" content=\"webdo\" \/>\n<meta property=\"article:publisher\" content=\"https:\/\/www.facebook.com\/webdotn\" \/>\n<meta property=\"article:published_time\" content=\"2024-02-25T13:01:00+00:00\" \/>\n<meta property=\"article:modified_time\" content=\"2025-05-20T22:53:20+00:00\" \/>\n<meta property=\"og:image\" content=\"https:\/\/www.webdo.tn\/fr\/wp-content\/uploads\/2024\/02\/e584a690d56907a8d8abb2d9ede41fe5.png\" \/>\n\t<meta property=\"og:image:width\" content=\"750\" \/>\n\t<meta property=\"og:image:height\" content=\"400\" \/>\n\t<meta property=\"og:image:type\" content=\"image\/png\" \/>\n<meta name=\"author\" content=\"CL\" \/>\n<meta name=\"twitter:card\" content=\"summary_large_image\" \/>\n<meta name=\"twitter:creator\" content=\"@webdo_tn\" \/>\n<meta name=\"twitter:site\" content=\"@webdo_tn\" \/>\n<meta name=\"twitter:label1\" content=\"\u00c9crit par\" \/>\n\t<meta name=\"twitter:data1\" content=\"CL\" \/>\n\t<meta name=\"twitter:label2\" content=\"Dur\u00e9e de lecture estim\u00e9e\" \/>\n\t<meta name=\"twitter:data2\" content=\"1 minute\" \/>\n<script type=\"application\/ld+json\" class=\"yoast-schema-graph\">{\"@context\":\"https:\\\/\\\/schema.org\",\"@graph\":[{\"@type\":\"NewsArticle\",\"@id\":\"https:\\\/\\\/www.webdo.tn\\\/fr\\\/actualite\\\/national\\\/alerte-meteo-un-vent-violent-soufflera-sur-la-tunisie\\\/212548\\\/#article\",\"isPartOf\":{\"@id\":\"https:\\\/\\\/www.webdo.tn\\\/fr\\\/actualite\\\/national\\\/alerte-meteo-un-vent-violent-soufflera-sur-la-tunisie\\\/212548\\\/\"},\"author\":{\"name\":\"CL\",\"@id\":\"https:\\\/\\\/www.webdo.tn\\\/fr\\\/#\\\/schema\\\/person\\\/f35b42a42c5e2511bbd282959d6385cc\"},\"headline\":\"Alerte m\u00e9t\u00e9o : Un vent violent soufflera sur la Tunisie\",\"datePublished\":\"2024-02-25T13:01:00+00:00\",\"dateModified\":\"2025-05-20T22:53:20+00:00\",\"mainEntityOfPage\":{\"@id\":\"https:\\\/\\\/www.webdo.tn\\\/fr\\\/actualite\\\/national\\\/alerte-meteo-un-vent-violent-soufflera-sur-la-tunisie\\\/212548\\\/\"},\"wordCount\":119,\"commentCount\":0,\"publisher\":{\"@id\":\"https:\\\/\\\/www.webdo.tn\\\/fr\\\/#organization\"},\"image\":{\"@id\":\"https:\\\/\\\/www.webdo.tn\\\/fr\\\/actualite\\\/national\\\/alerte-meteo-un-vent-violent-soufflera-sur-la-tunisie\\\/212548\\\/#primaryimage\"},\"thumbnailUrl\":\"https:\\\/\\\/www.webdo.tn\\\/fr\\\/wp-content\\\/uploads\\\/2024\\\/02\\\/e584a690d56907a8d8abb2d9ede41fe5.png\",\"keywords\":[\"alerte m\u00e9t\u00e9o\",\"Tunisie\",\"Vent\"],\"articleSection\":[\"National\"],\"inLanguage\":\"fr-FR\"},{\"@type\":\"WebPage\",\"@id\":\"https:\\\/\\\/www.webdo.tn\\\/fr\\\/actualite\\\/national\\\/alerte-meteo-un-vent-violent-soufflera-sur-la-tunisie\\\/212548\\\/\",\"url\":\"https:\\\/\\\/www.webdo.tn\\\/fr\\\/actualite\\\/national\\\/alerte-meteo-un-vent-violent-soufflera-sur-la-tunisie\\\/212548\\\/\",\"name\":\"Alerte m\u00e9t\u00e9o : Un vent violent soufflera sur la Tunisie\",\"isPartOf\":{\"@id\":\"https:\\\/\\\/www.webdo.tn\\\/fr\\\/#website\"},\"primaryImageOfPage\":{\"@id\":\"https:\\\/\\\/www.webdo.tn\\\/fr\\\/actualite\\\/national\\\/alerte-meteo-un-vent-violent-soufflera-sur-la-tunisie\\\/212548\\\/#primaryimage\"},\"image\":{\"@id\":\"https:\\\/\\\/www.webdo.tn\\\/fr\\\/actualite\\\/national\\\/alerte-meteo-un-vent-violent-soufflera-sur-la-tunisie\\\/212548\\\/#primaryimage\"},\"thumbnailUrl\":\"https:\\\/\\\/www.webdo.tn\\\/fr\\\/wp-content\\\/uploads\\\/2024\\\/02\\\/e584a690d56907a8d8abb2d9ede41fe5.png\",\"datePublished\":\"2024-02-25T13:01:00+00:00\",\"dateModified\":\"2025-05-20T22:53:20+00:00\",\"description\":\"Le vent soufflera tr\u00e8s fort d\u2019Ouest \u00e0 Nord Ouest, sur le nord et l\u2019est du pays (Golfes de Tunis et d\u2019Hammamet), en raison d\u2019une d\u00e9pression atmosph\u00e9rique, mais K...\",\"breadcrumb\":{\"@id\":\"https:\\\/\\\/www.webdo.tn\\\/fr\\\/actualite\\\/national\\\/alerte-meteo-un-vent-violent-soufflera-sur-la-tunisie\\\/212548\\\/#breadcrumb\"},\"inLanguage\":\"fr-FR\",\"potentialAction\":[{\"@type\":\"ReadAction\",\"target\":[\"https:\\\/\\\/www.webdo.tn\\\/fr\\\/actualite\\\/national\\\/alerte-meteo-un-vent-violent-soufflera-sur-la-tunisie\\\/212548\\\/\"]}]},{\"@type\":\"ImageObject\",\"inLanguage\":\"fr-FR\",\"@id\":\"https:\\\/\\\/www.webdo.tn\\\/fr\\\/actualite\\\/national\\\/alerte-meteo-un-vent-violent-soufflera-sur-la-tunisie\\\/212548\\\/#primaryimage\",\"url\":\"https:\\\/\\\/www.webdo.tn\\\/fr\\\/wp-content\\\/uploads\\\/2024\\\/02\\\/e584a690d56907a8d8abb2d9ede41fe5.png\",\"contentUrl\":\"https:\\\/\\\/www.webdo.tn\\\/fr\\\/wp-content\\\/uploads\\\/2024\\\/02\\\/e584a690d56907a8d8abb2d9ede41fe5.png\",\"width\":750,\"height\":400,\"caption\":\"Alerte m\u00e9t\u00e9o : Un vent violent soufflera sur la Tunisie\"},{\"@type\":\"BreadcrumbList\",\"@id\":\"https:\\\/\\\/www.webdo.tn\\\/fr\\\/actualite\\\/national\\\/alerte-meteo-un-vent-violent-soufflera-sur-la-tunisie\\\/212548\\\/#breadcrumb\",\"itemListElement\":[{\"@type\":\"ListItem\",\"position\":1,\"name\":\"Accueil\",\"item\":\"https:\\\/\\\/www.webdo.tn\\\/fr\\\/\"},{\"@type\":\"ListItem\",\"position\":2,\"name\":\"Alerte m\u00e9t\u00e9o : Un vent violent soufflera sur la Tunisie\"}]},{\"@type\":\"WebSite\",\"@id\":\"https:\\\/\\\/www.webdo.tn\\\/fr\\\/#website\",\"url\":\"https:\\\/\\\/www.webdo.tn\\\/fr\\\/\",\"name\":\"webdo\",\"description\":\"Tunisie - News en Tunisie et \u00e0 l&#039;international sur Webdo.tn\",\"publisher\":{\"@id\":\"https:\\\/\\\/www.webdo.tn\\\/fr\\\/#organization\"},\"potentialAction\":[{\"@type\":\"SearchAction\",\"target\":{\"@type\":\"EntryPoint\",\"urlTemplate\":\"https:\\\/\\\/www.webdo.tn\\\/fr\\\/?s={search_term_string}\"},\"query-input\":{\"@type\":\"PropertyValueSpecification\",\"valueRequired\":true,\"valueName\":\"search_term_string\"}}],\"inLanguage\":\"fr-FR\"},{\"@type\":\"Organization\",\"@id\":\"https:\\\/\\\/www.webdo.tn\\\/fr\\\/#organization\",\"name\":\"Webdo\",\"alternateName\":\"Webdo.tn\",\"url\":\"https:\\\/\\\/www.webdo.tn\\\/fr\\\/\",\"logo\":{\"@type\":\"ImageObject\",\"inLanguage\":\"fr-FR\",\"@id\":\"https:\\\/\\\/www.webdo.tn\\\/fr\\\/#\\\/schema\\\/logo\\\/image\\\/\",\"url\":\"https:\\\/\\\/www.webdo.tn\\\/fr\\\/wp-content\\\/uploads\\\/2025\\\/06\\\/Webdo-Tunisie_168377.jpg\",\"contentUrl\":\"https:\\\/\\\/www.webdo.tn\\\/fr\\\/wp-content\\\/uploads\\\/2025\\\/06\\\/Webdo-Tunisie_168377.jpg\",\"width\":301,\"height\":301,\"caption\":\"Webdo\"},\"image\":{\"@id\":\"https:\\\/\\\/www.webdo.tn\\\/fr\\\/#\\\/schema\\\/logo\\\/image\\\/\"},\"sameAs\":[\"https:\\\/\\\/www.facebook.com\\\/webdotn\",\"https:\\\/\\\/x.com\\\/webdo_tn\"],\"description\":\"Webdo est un m\u00e9dia num\u00e9rique tunisien fond\u00e9 en 2010, sp\u00e9cialis\u00e9 dans l\u2019actualit\u00e9 nationale et internationale, l\u2019\u00e9conomie, la soci\u00e9t\u00e9 et les analyses politiques. Le site s\u2019adresse \u00e0 un large public francophone et couvre l\u2019information tunisienne en temps r\u00e9el.\",\"email\":\"redac@webdo.tn\",\"legalName\":\"YNJ SARL\",\"foundingDate\":\"2010-09-06\",\"numberOfEmployees\":{\"@type\":\"QuantitativeValue\",\"minValue\":\"11\",\"maxValue\":\"50\"}},{\"@type\":\"Person\",\"@id\":\"https:\\\/\\\/www.webdo.tn\\\/fr\\\/#\\\/schema\\\/person\\\/f35b42a42c5e2511bbd282959d6385cc\",\"name\":\"CL\",\"image\":{\"@type\":\"ImageObject\",\"inLanguage\":\"fr-FR\",\"@id\":\"https:\\\/\\\/secure.gravatar.com\\\/avatar\\\/1447a49909b67aa657c488aec6512e1dd6143a480c1ecfee9b5b5cd74eb3b59e?s=96&d=mm&r=g\",\"url\":\"https:\\\/\\\/secure.gravatar.com\\\/avatar\\\/1447a49909b67aa657c488aec6512e1dd6143a480c1ecfee9b5b5cd74eb3b59e?s=96&d=mm&r=g\",\"contentUrl\":\"https:\\\/\\\/secure.gravatar.com\\\/avatar\\\/1447a49909b67aa657c488aec6512e1dd6143a480c1ecfee9b5b5cd74eb3b59e?s=96&d=mm&r=g\",\"caption\":\"CL\"},\"url\":\"https:\\\/\\\/www.webdo.tn\\\/fr\\\/actualite\\\/author\\\/cl\\\/\"}]}<\/script>\n<!-- \/ Yoast SEO Premium plugin. -->","yoast_head_json":{"title":"Alerte m\u00e9t\u00e9o : Un vent violent soufflera sur la Tunisie","description":"Le vent soufflera tr\u00e8s fort d\u2019Ouest \u00e0 Nord Ouest, sur le nord et l\u2019est du pays (Golfes de Tunis et d\u2019Hammamet), en raison d\u2019une d\u00e9pression atmosph\u00e9rique, mais K...","canonical":"https:\/\/www.webdo.tn\/fr\/actualite\/national\/alerte-meteo-un-vent-violent-soufflera-sur-la-tunisie\/212548\/","og_locale":"fr_FR","og_type":"article","og_title":"Alerte m\u00e9t\u00e9o : Un vent violent soufflera sur la Tunisie","og_description":"Le vent soufflera tr\u00e8s fort d\u2019Ouest \u00e0 Nord Ouest, sur le nord et l\u2019est du pays (Golfes de Tunis et d\u2019Hammamet), en raison d\u2019une d\u00e9pression atmosph\u00e9rique, mais K...","og_url":"https:\/\/www.webdo.tn\/fr\/actualite\/national\/alerte-meteo-un-vent-violent-soufflera-sur-la-tunisie\/212548\/","og_site_name":"webdo","article_publisher":"https:\/\/www.facebook.com\/webdotn","article_published_time":"2024-02-25T13:01:00+00:00","article_modified_time":"2025-05-20T22:53:20+00:00","og_image":[{"width":750,"height":400,"url":"https:\/\/www.webdo.tn\/fr\/wp-content\/uploads\/2024\/02\/e584a690d56907a8d8abb2d9ede41fe5.png","type":"image\/png"}],"author":"CL","twitter_card":"summary_large_image","twitter_creator":"@webdo_tn","twitter_site":"@webdo_tn","twitter_misc":{"\u00c9crit par":"CL","Dur\u00e9e de lecture estim\u00e9e":"1 minute"},"schema":{"@context":"https:\/\/schema.org","@graph":[{"@type":"NewsArticle","@id":"https:\/\/www.webdo.tn\/fr\/actualite\/national\/alerte-meteo-un-vent-violent-soufflera-sur-la-tunisie\/212548\/#article","isPartOf":{"@id":"https:\/\/www.webdo.tn\/fr\/actualite\/national\/alerte-meteo-un-vent-violent-soufflera-sur-la-tunisie\/212548\/"},"author":{"name":"CL","@id":"https:\/\/www.webdo.tn\/fr\/#\/schema\/person\/f35b42a42c5e2511bbd282959d6385cc"},"headline":"Alerte m\u00e9t\u00e9o : Un vent violent soufflera sur la Tunisie","datePublished":"2024-02-25T13:01:00+00:00","dateModified":"2025-05-20T22:53:20+00:00","mainEntityOfPage":{"@id":"https:\/\/www.webdo.tn\/fr\/actualite\/national\/alerte-meteo-un-vent-violent-soufflera-sur-la-tunisie\/212548\/"},"wordCount":119,"commentCount":0,"publisher":{"@id":"https:\/\/www.webdo.tn\/fr\/#organization"},"image":{"@id":"https:\/\/www.webdo.tn\/fr\/actualite\/national\/alerte-meteo-un-vent-violent-soufflera-sur-la-tunisie\/212548\/#primaryimage"},"thumbnailUrl":"https:\/\/www.webdo.tn\/fr\/wp-content\/uploads\/2024\/02\/e584a690d56907a8d8abb2d9ede41fe5.png","keywords":["alerte m\u00e9t\u00e9o","Tunisie","Vent"],"articleSection":["National"],"inLanguage":"fr-FR"},{"@type":"WebPage","@id":"https:\/\/www.webdo.tn\/fr\/actualite\/national\/alerte-meteo-un-vent-violent-soufflera-sur-la-tunisie\/212548\/","url":"https:\/\/www.webdo.tn\/fr\/actualite\/national\/alerte-meteo-un-vent-violent-soufflera-sur-la-tunisie\/212548\/","name":"Alerte m\u00e9t\u00e9o : Un vent violent soufflera sur la Tunisie","isPartOf":{"@id":"https:\/\/www.webdo.tn\/fr\/#website"},"primaryImageOfPage":{"@id":"https:\/\/www.webdo.tn\/fr\/actualite\/national\/alerte-meteo-un-vent-violent-soufflera-sur-la-tunisie\/212548\/#primaryimage"},"image":{"@id":"https:\/\/www.webdo.tn\/fr\/actualite\/national\/alerte-meteo-un-vent-violent-soufflera-sur-la-tunisie\/212548\/#primaryimage"},"thumbnailUrl":"https:\/\/www.webdo.tn\/fr\/wp-content\/uploads\/2024\/02\/e584a690d56907a8d8abb2d9ede41fe5.png","datePublished":"2024-02-25T13:01:00+00:00","dateModified":"2025-05-20T22:53:20+00:00","description":"Le vent soufflera tr\u00e8s fort d\u2019Ouest \u00e0 Nord Ouest, sur le nord et l\u2019est du pays (Golfes de Tunis et d\u2019Hammamet), en raison d\u2019une d\u00e9pression atmosph\u00e9rique, mais K...","breadcrumb":{"@id":"https:\/\/www.webdo.tn\/fr\/actualite\/national\/alerte-meteo-un-vent-violent-soufflera-sur-la-tunisie\/212548\/#breadcrumb"},"inLanguage":"fr-FR","potentialAction":[{"@type":"ReadAction","target":["https:\/\/www.webdo.tn\/fr\/actualite\/national\/alerte-meteo-un-vent-violent-soufflera-sur-la-tunisie\/212548\/"]}]},{"@type":"ImageObject","inLanguage":"fr-FR","@id":"https:\/\/www.webdo.tn\/fr\/actualite\/national\/alerte-meteo-un-vent-violent-soufflera-sur-la-tunisie\/212548\/#primaryimage","url":"https:\/\/www.webdo.tn\/fr\/wp-content\/uploads\/2024\/02\/e584a690d56907a8d8abb2d9ede41fe5.png","contentUrl":"https:\/\/www.webdo.tn\/fr\/wp-content\/uploads\/2024\/02\/e584a690d56907a8d8abb2d9ede41fe5.png","width":750,"height":400,"caption":"Alerte m\u00e9t\u00e9o : Un vent violent soufflera sur la Tunisie"},{"@type":"BreadcrumbList","@id":"https:\/\/www.webdo.tn\/fr\/actualite\/national\/alerte-meteo-un-vent-violent-soufflera-sur-la-tunisie\/212548\/#breadcrumb","itemListElement":[{"@type":"ListItem","position":1,"name":"Accueil","item":"https:\/\/www.webdo.tn\/fr\/"},{"@type":"ListItem","position":2,"name":"Alerte m\u00e9t\u00e9o : Un vent violent soufflera sur la Tunisie"}]},{"@type":"WebSite","@id":"https:\/\/www.webdo.tn\/fr\/#website","url":"https:\/\/www.webdo.tn\/fr\/","name":"webdo","description":"Tunisie - News en Tunisie et \u00e0 l&#039;international sur Webdo.tn","publisher":{"@id":"https:\/\/www.webdo.tn\/fr\/#organization"},"potentialAction":[{"@type":"SearchAction","target":{"@type":"EntryPoint","urlTemplate":"https:\/\/www.webdo.tn\/fr\/?s={search_term_string}"},"query-input":{"@type":"PropertyValueSpecification","valueRequired":true,"valueName":"search_term_string"}}],"inLanguage":"fr-FR"},{"@type":"Organization","@id":"https:\/\/www.webdo.tn\/fr\/#organization","name":"Webdo","alternateName":"Webdo.tn","url":"https:\/\/www.webdo.tn\/fr\/","logo":{"@type":"ImageObject","inLanguage":"fr-FR","@id":"https:\/\/www.webdo.tn\/fr\/#\/schema\/logo\/image\/","url":"https:\/\/www.webdo.tn\/fr\/wp-content\/uploads\/2025\/06\/Webdo-Tunisie_168377.jpg","contentUrl":"https:\/\/www.webdo.tn\/fr\/wp-content\/uploads\/2025\/06\/Webdo-Tunisie_168377.jpg","width":301,"height":301,"caption":"Webdo"},"image":{"@id":"https:\/\/www.webdo.tn\/fr\/#\/schema\/logo\/image\/"},"sameAs":["https:\/\/www.facebook.com\/webdotn","https:\/\/x.com\/webdo_tn"],"description":"Webdo est un m\u00e9dia num\u00e9rique tunisien fond\u00e9 en 2010, sp\u00e9cialis\u00e9 dans l\u2019actualit\u00e9 nationale et internationale, l\u2019\u00e9conomie, la soci\u00e9t\u00e9 et les analyses politiques. Le site s\u2019adresse \u00e0 un large public francophone et couvre l\u2019information tunisienne en temps r\u00e9el.","email":"redac@webdo.tn","legalName":"YNJ SARL","foundingDate":"2010-09-06","numberOfEmployees":{"@type":"QuantitativeValue","minValue":"11","maxValue":"50"}},{"@type":"Person","@id":"https:\/\/www.webdo.tn\/fr\/#\/schema\/person\/f35b42a42c5e2511bbd282959d6385cc","name":"CL","image":{"@type":"ImageObject","inLanguage":"fr-FR","@id":"https:\/\/secure.gravatar.com\/avatar\/1447a49909b67aa657c488aec6512e1dd6143a480c1ecfee9b5b5cd74eb3b59e?s=96&d=mm&r=g","url":"https:\/\/secure.gravatar.com\/avatar\/1447a49909b67aa657c488aec6512e1dd6143a480c1ecfee9b5b5cd74eb3b59e?s=96&d=mm&r=g","contentUrl":"https:\/\/secure.gravatar.com\/avatar\/1447a49909b67aa657c488aec6512e1dd6143a480c1ecfee9b5b5cd74eb3b59e?s=96&d=mm&r=g","caption":"CL"},"url":"https:\/\/www.webdo.tn\/fr\/actualite\/author\/cl\/"}]}},"_links":{"self":[{"href":"https:\/\/www.webdo.tn\/fr\/wp-json\/wp\/v2\/posts\/212548","targetHints":{"allow":["GET"]}}],"collection":[{"href":"https:\/\/www.webdo.tn\/fr\/wp-json\/wp\/v2\/posts"}],"about":[{"href":"https:\/\/www.webdo.tn\/fr\/wp-json\/wp\/v2\/types\/post"}],"author":[{"embeddable":true,"href":"https:\/\/www.webdo.tn\/fr\/wp-json\/wp\/v2\/users\/3175"}],"replies":[{"embeddable":true,"href":"https:\/\/www.webdo.tn\/fr\/wp-json\/wp\/v2\/comments?post=212548"}],"version-history":[{"count":0,"href":"https:\/\/www.webdo.tn\/fr\/wp-json\/wp\/v2\/posts\/212548\/revisions"}],"wp:featuredmedia":[{"embeddable":true,"href":"https:\/\/www.webdo.tn\/fr\/wp-json\/wp\/v2\/media\/290286"}],"wp:attachment":[{"href":"https:\/\/www.webdo.tn\/fr\/wp-json\/wp\/v2\/media?parent=212548"}],"wp:term":[{"taxonomy":"category","embeddable":true,"href":"https:\/\/www.webdo.tn\/fr\/wp-json\/wp\/v2\/categories?post=212548"},{"taxonomy":"post_tag","embeddable":true,"href":"https:\/\/www.webdo.tn\/fr\/wp-json\/wp\/v2\/tags?post=212548"}],"curies":[{"name":"wp","href":"https:\/\/api.w.org\/{rel}","templated":true}]}}