{"id":212547,"date":"2024-02-25T11:49:00","date_gmt":"2024-02-25T11:49:00","guid":{"rendered":"https:\/\/www.webdo.tn\/fr\/blog\/des-oranges-maltaises-tunisiennes-massivement-rappelees-en-france\/212547\/"},"modified":"2025-05-20T22:53:20","modified_gmt":"2025-05-20T22:53:20","slug":"des-oranges-maltaises-tunisiennes-massivement-rappelees-en-france","status":"publish","type":"post","link":"https:\/\/www.webdo.tn\/fr\/actualite\/international\/des-oranges-maltaises-tunisiennes-massivement-rappelees-en-france\/212547\/","title":{"rendered":"Des oranges maltaises tunisiennes massivement rappel\u00e9es en France"},"content":{"rendered":"<p>Des oranges maltaises provenant de Tunisie et vendues dans les supermarch\u00e9s Leclerc en France ont fait l\u2019objet d\u2019un rappel de produit massif, elles contiendraient en effet des pesticides au-del\u00e0 du seuil r\u00e9glementaire.<\/p>\n<p>Le site officiel fran\u00e7ais des alertes des produits dangereux fait \u00e9tat de la \u00abpr\u00e9sence de \u00a0pesticides au-del\u00e0 du seuil r\u00e9glementaire\u00bb et invite les consommateurs \u00e0 ne plus consommer les produits concern\u00e9s.<\/p>\n<p>En effet, Rappel Conso \u00e9voque un sachet de 1,5 kilo d\u2019oranges maltaises originaires de Tunisie, cat\u00e9gorie 1, calibre 7\/ 8. \u00ab Pour \u00e9viter tout risque pour la sant\u00e9, trois pr\u00e9conisations sont \u00e0 pr\u00e9voir : ne plus consommer ces oranges, rapporter le produit au point de vente ou le d\u00e9truire \u00bb, a-t-on communiqu\u00e9.\u00a0<\/p>\n<p>Ce n\u2019est pas la premi\u00e8re fois que les oranges tunisiennes posent probl\u00e8me sur le march\u00e9 fran\u00e7ais. Mars 2023, plus de 40 tonnes d\u2019oranges maltaises tunisiennes ont \u00e9t\u00e9 refus\u00e9es en France et redirig\u00e9es vers la Tunisie. D\u2019autres quantit\u00e9s ont \u00e9t\u00e9 rappel\u00e9es et retir\u00e9es du march\u00e9. Des associations avaient m\u00eame appel\u00e9 \u00e0 boycotter ce produit agricole tunisien.<\/p>\n","protected":false},"excerpt":{"rendered":"<p>Le site officiel fran\u00e7ais des alertes des produits dangereux fait \u00e9tat de la \u00abpr\u00e9sence de \u00a0pesticides au-del\u00e0 du seuil r\u00e9glementaire\u00bb et invite les consommateur&#8230;<\/p>\n","protected":false},"author":3175,"featured_media":290284,"comment_status":"open","ping_status":"closed","sticky":false,"template":"","format":"standard","meta":{"footnotes":""},"categories":[2598],"tags":[2998,6814,6813,2608],"class_list":["post-212547","post","type-post","status-publish","format-standard","has-post-thumbnail","hentry","category-international","tag-france","tag-maltaises","tag-oranges","tag-tunisie"],"yoast_head":"<!-- This site is optimized with the Yoast SEO Premium plugin v27.5 (Yoast SEO v27.5) - https:\/\/yoast.com\/product\/yoast-seo-premium-wordpress\/ -->\n<title>Des oranges maltaises tunisiennes massivement rappel\u00e9es en France<\/title>\n<meta name=\"description\" content=\"Le site officiel fran\u00e7ais des alertes des produits dangereux fait \u00e9tat de la \u00abpr\u00e9sence de \u00a0pesticides au-del\u00e0 du seuil r\u00e9glementaire\u00bb et invite les consommateur...\" \/>\n<link rel=\"canonical\" href=\"https:\/\/www.webdo.tn\/fr\/actualite\/international\/des-oranges-maltaises-tunisiennes-massivement-rappelees-en-france\/212547\/\" \/>\n<meta property=\"og:locale\" content=\"fr_FR\" \/>\n<meta property=\"og:type\" content=\"article\" \/>\n<meta property=\"og:title\" content=\"Des oranges maltaises tunisiennes massivement rappel\u00e9es en France\" \/>\n<meta property=\"og:description\" content=\"Le site officiel fran\u00e7ais des alertes des produits dangereux fait \u00e9tat de la \u00abpr\u00e9sence de \u00a0pesticides au-del\u00e0 du seuil r\u00e9glementaire\u00bb et invite les consommateur...\" \/>\n<meta property=\"og:url\" content=\"https:\/\/www.webdo.tn\/fr\/actualite\/international\/des-oranges-maltaises-tunisiennes-massivement-rappelees-en-france\/212547\/\" \/>\n<meta property=\"og:site_name\" content=\"webdo\" \/>\n<meta property=\"article:publisher\" content=\"https:\/\/www.facebook.com\/webdotn\" \/>\n<meta property=\"article:published_time\" content=\"2024-02-25T11:49:00+00:00\" \/>\n<meta property=\"article:modified_time\" content=\"2025-05-20T22:53:20+00:00\" \/>\n<meta property=\"og:image\" content=\"https:\/\/www.webdo.tn\/fr\/wp-content\/uploads\/2024\/02\/c4cdb02664d5c0e63006c7abd3a80423.jpeg\" \/>\n\t<meta property=\"og:image:width\" content=\"675\" \/>\n\t<meta property=\"og:image:height\" content=\"360\" \/>\n\t<meta property=\"og:image:type\" content=\"image\/jpeg\" \/>\n<meta name=\"author\" content=\"CL\" \/>\n<meta name=\"twitter:card\" content=\"summary_large_image\" \/>\n<meta name=\"twitter:creator\" content=\"@webdo_tn\" \/>\n<meta name=\"twitter:site\" content=\"@webdo_tn\" \/>\n<meta name=\"twitter:label1\" content=\"\u00c9crit par\" \/>\n\t<meta name=\"twitter:data1\" content=\"CL\" \/>\n\t<meta name=\"twitter:label2\" content=\"Dur\u00e9e de lecture estim\u00e9e\" \/>\n\t<meta name=\"twitter:data2\" content=\"1 minute\" \/>\n<script type=\"application\/ld+json\" class=\"yoast-schema-graph\">{\"@context\":\"https:\\\/\\\/schema.org\",\"@graph\":[{\"@type\":\"NewsArticle\",\"@id\":\"https:\\\/\\\/www.webdo.tn\\\/fr\\\/actualite\\\/international\\\/des-oranges-maltaises-tunisiennes-massivement-rappelees-en-france\\\/212547\\\/#article\",\"isPartOf\":{\"@id\":\"https:\\\/\\\/www.webdo.tn\\\/fr\\\/actualite\\\/international\\\/des-oranges-maltaises-tunisiennes-massivement-rappelees-en-france\\\/212547\\\/\"},\"author\":{\"name\":\"CL\",\"@id\":\"https:\\\/\\\/www.webdo.tn\\\/fr\\\/#\\\/schema\\\/person\\\/f35b42a42c5e2511bbd282959d6385cc\"},\"headline\":\"Des oranges maltaises tunisiennes massivement rappel\u00e9es en France\",\"datePublished\":\"2024-02-25T11:49:00+00:00\",\"dateModified\":\"2025-05-20T22:53:20+00:00\",\"mainEntityOfPage\":{\"@id\":\"https:\\\/\\\/www.webdo.tn\\\/fr\\\/actualite\\\/international\\\/des-oranges-maltaises-tunisiennes-massivement-rappelees-en-france\\\/212547\\\/\"},\"wordCount\":192,\"commentCount\":0,\"publisher\":{\"@id\":\"https:\\\/\\\/www.webdo.tn\\\/fr\\\/#organization\"},\"image\":{\"@id\":\"https:\\\/\\\/www.webdo.tn\\\/fr\\\/actualite\\\/international\\\/des-oranges-maltaises-tunisiennes-massivement-rappelees-en-france\\\/212547\\\/#primaryimage\"},\"thumbnailUrl\":\"https:\\\/\\\/www.webdo.tn\\\/fr\\\/wp-content\\\/uploads\\\/2024\\\/02\\\/c4cdb02664d5c0e63006c7abd3a80423.jpeg\",\"keywords\":[\"france\",\"Maltaises\",\"oranges\",\"Tunisie\"],\"articleSection\":[\"International\"],\"inLanguage\":\"fr-FR\"},{\"@type\":\"WebPage\",\"@id\":\"https:\\\/\\\/www.webdo.tn\\\/fr\\\/actualite\\\/international\\\/des-oranges-maltaises-tunisiennes-massivement-rappelees-en-france\\\/212547\\\/\",\"url\":\"https:\\\/\\\/www.webdo.tn\\\/fr\\\/actualite\\\/international\\\/des-oranges-maltaises-tunisiennes-massivement-rappelees-en-france\\\/212547\\\/\",\"name\":\"Des oranges maltaises tunisiennes massivement rappel\u00e9es en France\",\"isPartOf\":{\"@id\":\"https:\\\/\\\/www.webdo.tn\\\/fr\\\/#website\"},\"primaryImageOfPage\":{\"@id\":\"https:\\\/\\\/www.webdo.tn\\\/fr\\\/actualite\\\/international\\\/des-oranges-maltaises-tunisiennes-massivement-rappelees-en-france\\\/212547\\\/#primaryimage\"},\"image\":{\"@id\":\"https:\\\/\\\/www.webdo.tn\\\/fr\\\/actualite\\\/international\\\/des-oranges-maltaises-tunisiennes-massivement-rappelees-en-france\\\/212547\\\/#primaryimage\"},\"thumbnailUrl\":\"https:\\\/\\\/www.webdo.tn\\\/fr\\\/wp-content\\\/uploads\\\/2024\\\/02\\\/c4cdb02664d5c0e63006c7abd3a80423.jpeg\",\"datePublished\":\"2024-02-25T11:49:00+00:00\",\"dateModified\":\"2025-05-20T22:53:20+00:00\",\"description\":\"Le site officiel fran\u00e7ais des alertes des produits dangereux fait \u00e9tat de la \u00abpr\u00e9sence de \u00a0pesticides au-del\u00e0 du seuil r\u00e9glementaire\u00bb et invite les consommateur...\",\"breadcrumb\":{\"@id\":\"https:\\\/\\\/www.webdo.tn\\\/fr\\\/actualite\\\/international\\\/des-oranges-maltaises-tunisiennes-massivement-rappelees-en-france\\\/212547\\\/#breadcrumb\"},\"inLanguage\":\"fr-FR\",\"potentialAction\":[{\"@type\":\"ReadAction\",\"target\":[\"https:\\\/\\\/www.webdo.tn\\\/fr\\\/actualite\\\/international\\\/des-oranges-maltaises-tunisiennes-massivement-rappelees-en-france\\\/212547\\\/\"]}]},{\"@type\":\"ImageObject\",\"inLanguage\":\"fr-FR\",\"@id\":\"https:\\\/\\\/www.webdo.tn\\\/fr\\\/actualite\\\/international\\\/des-oranges-maltaises-tunisiennes-massivement-rappelees-en-france\\\/212547\\\/#primaryimage\",\"url\":\"https:\\\/\\\/www.webdo.tn\\\/fr\\\/wp-content\\\/uploads\\\/2024\\\/02\\\/c4cdb02664d5c0e63006c7abd3a80423.jpeg\",\"contentUrl\":\"https:\\\/\\\/www.webdo.tn\\\/fr\\\/wp-content\\\/uploads\\\/2024\\\/02\\\/c4cdb02664d5c0e63006c7abd3a80423.jpeg\",\"width\":675,\"height\":360,\"caption\":\"Des oranges maltaises tunisiennes massivement rappel\u00e9es en France\"},{\"@type\":\"BreadcrumbList\",\"@id\":\"https:\\\/\\\/www.webdo.tn\\\/fr\\\/actualite\\\/international\\\/des-oranges-maltaises-tunisiennes-massivement-rappelees-en-france\\\/212547\\\/#breadcrumb\",\"itemListElement\":[{\"@type\":\"ListItem\",\"position\":1,\"name\":\"Accueil\",\"item\":\"https:\\\/\\\/www.webdo.tn\\\/fr\\\/\"},{\"@type\":\"ListItem\",\"position\":2,\"name\":\"Des oranges maltaises tunisiennes massivement rappel\u00e9es en France\"}]},{\"@type\":\"WebSite\",\"@id\":\"https:\\\/\\\/www.webdo.tn\\\/fr\\\/#website\",\"url\":\"https:\\\/\\\/www.webdo.tn\\\/fr\\\/\",\"name\":\"webdo\",\"description\":\"Tunisie - News en Tunisie et \u00e0 l&#039;international sur Webdo.tn\",\"publisher\":{\"@id\":\"https:\\\/\\\/www.webdo.tn\\\/fr\\\/#organization\"},\"potentialAction\":[{\"@type\":\"SearchAction\",\"target\":{\"@type\":\"EntryPoint\",\"urlTemplate\":\"https:\\\/\\\/www.webdo.tn\\\/fr\\\/?s={search_term_string}\"},\"query-input\":{\"@type\":\"PropertyValueSpecification\",\"valueRequired\":true,\"valueName\":\"search_term_string\"}}],\"inLanguage\":\"fr-FR\"},{\"@type\":\"Organization\",\"@id\":\"https:\\\/\\\/www.webdo.tn\\\/fr\\\/#organization\",\"name\":\"Webdo\",\"alternateName\":\"Webdo.tn\",\"url\":\"https:\\\/\\\/www.webdo.tn\\\/fr\\\/\",\"logo\":{\"@type\":\"ImageObject\",\"inLanguage\":\"fr-FR\",\"@id\":\"https:\\\/\\\/www.webdo.tn\\\/fr\\\/#\\\/schema\\\/logo\\\/image\\\/\",\"url\":\"https:\\\/\\\/www.webdo.tn\\\/fr\\\/wp-content\\\/uploads\\\/2025\\\/06\\\/Webdo-Tunisie_168377.jpg\",\"contentUrl\":\"https:\\\/\\\/www.webdo.tn\\\/fr\\\/wp-content\\\/uploads\\\/2025\\\/06\\\/Webdo-Tunisie_168377.jpg\",\"width\":301,\"height\":301,\"caption\":\"Webdo\"},\"image\":{\"@id\":\"https:\\\/\\\/www.webdo.tn\\\/fr\\\/#\\\/schema\\\/logo\\\/image\\\/\"},\"sameAs\":[\"https:\\\/\\\/www.facebook.com\\\/webdotn\",\"https:\\\/\\\/x.com\\\/webdo_tn\"],\"description\":\"Webdo est un m\u00e9dia num\u00e9rique tunisien fond\u00e9 en 2010, sp\u00e9cialis\u00e9 dans l\u2019actualit\u00e9 nationale et internationale, l\u2019\u00e9conomie, la soci\u00e9t\u00e9 et les analyses politiques. Le site s\u2019adresse \u00e0 un large public francophone et couvre l\u2019information tunisienne en temps r\u00e9el.\",\"email\":\"redac@webdo.tn\",\"legalName\":\"YNJ SARL\",\"foundingDate\":\"2010-09-06\",\"numberOfEmployees\":{\"@type\":\"QuantitativeValue\",\"minValue\":\"11\",\"maxValue\":\"50\"}},{\"@type\":\"Person\",\"@id\":\"https:\\\/\\\/www.webdo.tn\\\/fr\\\/#\\\/schema\\\/person\\\/f35b42a42c5e2511bbd282959d6385cc\",\"name\":\"CL\",\"image\":{\"@type\":\"ImageObject\",\"inLanguage\":\"fr-FR\",\"@id\":\"https:\\\/\\\/secure.gravatar.com\\\/avatar\\\/1447a49909b67aa657c488aec6512e1dd6143a480c1ecfee9b5b5cd74eb3b59e?s=96&d=mm&r=g\",\"url\":\"https:\\\/\\\/secure.gravatar.com\\\/avatar\\\/1447a49909b67aa657c488aec6512e1dd6143a480c1ecfee9b5b5cd74eb3b59e?s=96&d=mm&r=g\",\"contentUrl\":\"https:\\\/\\\/secure.gravatar.com\\\/avatar\\\/1447a49909b67aa657c488aec6512e1dd6143a480c1ecfee9b5b5cd74eb3b59e?s=96&d=mm&r=g\",\"caption\":\"CL\"},\"url\":\"https:\\\/\\\/www.webdo.tn\\\/fr\\\/actualite\\\/author\\\/cl\\\/\"}]}<\/script>\n<!-- \/ Yoast SEO Premium plugin. -->","yoast_head_json":{"title":"Des oranges maltaises tunisiennes massivement rappel\u00e9es en France","description":"Le site officiel fran\u00e7ais des alertes des produits dangereux fait \u00e9tat de la \u00abpr\u00e9sence de \u00a0pesticides au-del\u00e0 du seuil r\u00e9glementaire\u00bb et invite les consommateur...","canonical":"https:\/\/www.webdo.tn\/fr\/actualite\/international\/des-oranges-maltaises-tunisiennes-massivement-rappelees-en-france\/212547\/","og_locale":"fr_FR","og_type":"article","og_title":"Des oranges maltaises tunisiennes massivement rappel\u00e9es en France","og_description":"Le site officiel fran\u00e7ais des alertes des produits dangereux fait \u00e9tat de la \u00abpr\u00e9sence de \u00a0pesticides au-del\u00e0 du seuil r\u00e9glementaire\u00bb et invite les consommateur...","og_url":"https:\/\/www.webdo.tn\/fr\/actualite\/international\/des-oranges-maltaises-tunisiennes-massivement-rappelees-en-france\/212547\/","og_site_name":"webdo","article_publisher":"https:\/\/www.facebook.com\/webdotn","article_published_time":"2024-02-25T11:49:00+00:00","article_modified_time":"2025-05-20T22:53:20+00:00","og_image":[{"width":675,"height":360,"url":"https:\/\/www.webdo.tn\/fr\/wp-content\/uploads\/2024\/02\/c4cdb02664d5c0e63006c7abd3a80423.jpeg","type":"image\/jpeg"}],"author":"CL","twitter_card":"summary_large_image","twitter_creator":"@webdo_tn","twitter_site":"@webdo_tn","twitter_misc":{"\u00c9crit par":"CL","Dur\u00e9e de lecture estim\u00e9e":"1 minute"},"schema":{"@context":"https:\/\/schema.org","@graph":[{"@type":"NewsArticle","@id":"https:\/\/www.webdo.tn\/fr\/actualite\/international\/des-oranges-maltaises-tunisiennes-massivement-rappelees-en-france\/212547\/#article","isPartOf":{"@id":"https:\/\/www.webdo.tn\/fr\/actualite\/international\/des-oranges-maltaises-tunisiennes-massivement-rappelees-en-france\/212547\/"},"author":{"name":"CL","@id":"https:\/\/www.webdo.tn\/fr\/#\/schema\/person\/f35b42a42c5e2511bbd282959d6385cc"},"headline":"Des oranges maltaises tunisiennes massivement rappel\u00e9es en France","datePublished":"2024-02-25T11:49:00+00:00","dateModified":"2025-05-20T22:53:20+00:00","mainEntityOfPage":{"@id":"https:\/\/www.webdo.tn\/fr\/actualite\/international\/des-oranges-maltaises-tunisiennes-massivement-rappelees-en-france\/212547\/"},"wordCount":192,"commentCount":0,"publisher":{"@id":"https:\/\/www.webdo.tn\/fr\/#organization"},"image":{"@id":"https:\/\/www.webdo.tn\/fr\/actualite\/international\/des-oranges-maltaises-tunisiennes-massivement-rappelees-en-france\/212547\/#primaryimage"},"thumbnailUrl":"https:\/\/www.webdo.tn\/fr\/wp-content\/uploads\/2024\/02\/c4cdb02664d5c0e63006c7abd3a80423.jpeg","keywords":["france","Maltaises","oranges","Tunisie"],"articleSection":["International"],"inLanguage":"fr-FR"},{"@type":"WebPage","@id":"https:\/\/www.webdo.tn\/fr\/actualite\/international\/des-oranges-maltaises-tunisiennes-massivement-rappelees-en-france\/212547\/","url":"https:\/\/www.webdo.tn\/fr\/actualite\/international\/des-oranges-maltaises-tunisiennes-massivement-rappelees-en-france\/212547\/","name":"Des oranges maltaises tunisiennes massivement rappel\u00e9es en France","isPartOf":{"@id":"https:\/\/www.webdo.tn\/fr\/#website"},"primaryImageOfPage":{"@id":"https:\/\/www.webdo.tn\/fr\/actualite\/international\/des-oranges-maltaises-tunisiennes-massivement-rappelees-en-france\/212547\/#primaryimage"},"image":{"@id":"https:\/\/www.webdo.tn\/fr\/actualite\/international\/des-oranges-maltaises-tunisiennes-massivement-rappelees-en-france\/212547\/#primaryimage"},"thumbnailUrl":"https:\/\/www.webdo.tn\/fr\/wp-content\/uploads\/2024\/02\/c4cdb02664d5c0e63006c7abd3a80423.jpeg","datePublished":"2024-02-25T11:49:00+00:00","dateModified":"2025-05-20T22:53:20+00:00","description":"Le site officiel fran\u00e7ais des alertes des produits dangereux fait \u00e9tat de la \u00abpr\u00e9sence de \u00a0pesticides au-del\u00e0 du seuil r\u00e9glementaire\u00bb et invite les consommateur...","breadcrumb":{"@id":"https:\/\/www.webdo.tn\/fr\/actualite\/international\/des-oranges-maltaises-tunisiennes-massivement-rappelees-en-france\/212547\/#breadcrumb"},"inLanguage":"fr-FR","potentialAction":[{"@type":"ReadAction","target":["https:\/\/www.webdo.tn\/fr\/actualite\/international\/des-oranges-maltaises-tunisiennes-massivement-rappelees-en-france\/212547\/"]}]},{"@type":"ImageObject","inLanguage":"fr-FR","@id":"https:\/\/www.webdo.tn\/fr\/actualite\/international\/des-oranges-maltaises-tunisiennes-massivement-rappelees-en-france\/212547\/#primaryimage","url":"https:\/\/www.webdo.tn\/fr\/wp-content\/uploads\/2024\/02\/c4cdb02664d5c0e63006c7abd3a80423.jpeg","contentUrl":"https:\/\/www.webdo.tn\/fr\/wp-content\/uploads\/2024\/02\/c4cdb02664d5c0e63006c7abd3a80423.jpeg","width":675,"height":360,"caption":"Des oranges maltaises tunisiennes massivement rappel\u00e9es en France"},{"@type":"BreadcrumbList","@id":"https:\/\/www.webdo.tn\/fr\/actualite\/international\/des-oranges-maltaises-tunisiennes-massivement-rappelees-en-france\/212547\/#breadcrumb","itemListElement":[{"@type":"ListItem","position":1,"name":"Accueil","item":"https:\/\/www.webdo.tn\/fr\/"},{"@type":"ListItem","position":2,"name":"Des oranges maltaises tunisiennes massivement rappel\u00e9es en France"}]},{"@type":"WebSite","@id":"https:\/\/www.webdo.tn\/fr\/#website","url":"https:\/\/www.webdo.tn\/fr\/","name":"webdo","description":"Tunisie - News en Tunisie et \u00e0 l&#039;international sur Webdo.tn","publisher":{"@id":"https:\/\/www.webdo.tn\/fr\/#organization"},"potentialAction":[{"@type":"SearchAction","target":{"@type":"EntryPoint","urlTemplate":"https:\/\/www.webdo.tn\/fr\/?s={search_term_string}"},"query-input":{"@type":"PropertyValueSpecification","valueRequired":true,"valueName":"search_term_string"}}],"inLanguage":"fr-FR"},{"@type":"Organization","@id":"https:\/\/www.webdo.tn\/fr\/#organization","name":"Webdo","alternateName":"Webdo.tn","url":"https:\/\/www.webdo.tn\/fr\/","logo":{"@type":"ImageObject","inLanguage":"fr-FR","@id":"https:\/\/www.webdo.tn\/fr\/#\/schema\/logo\/image\/","url":"https:\/\/www.webdo.tn\/fr\/wp-content\/uploads\/2025\/06\/Webdo-Tunisie_168377.jpg","contentUrl":"https:\/\/www.webdo.tn\/fr\/wp-content\/uploads\/2025\/06\/Webdo-Tunisie_168377.jpg","width":301,"height":301,"caption":"Webdo"},"image":{"@id":"https:\/\/www.webdo.tn\/fr\/#\/schema\/logo\/image\/"},"sameAs":["https:\/\/www.facebook.com\/webdotn","https:\/\/x.com\/webdo_tn"],"description":"Webdo est un m\u00e9dia num\u00e9rique tunisien fond\u00e9 en 2010, sp\u00e9cialis\u00e9 dans l\u2019actualit\u00e9 nationale et internationale, l\u2019\u00e9conomie, la soci\u00e9t\u00e9 et les analyses politiques. Le site s\u2019adresse \u00e0 un large public francophone et couvre l\u2019information tunisienne en temps r\u00e9el.","email":"redac@webdo.tn","legalName":"YNJ SARL","foundingDate":"2010-09-06","numberOfEmployees":{"@type":"QuantitativeValue","minValue":"11","maxValue":"50"}},{"@type":"Person","@id":"https:\/\/www.webdo.tn\/fr\/#\/schema\/person\/f35b42a42c5e2511bbd282959d6385cc","name":"CL","image":{"@type":"ImageObject","inLanguage":"fr-FR","@id":"https:\/\/secure.gravatar.com\/avatar\/1447a49909b67aa657c488aec6512e1dd6143a480c1ecfee9b5b5cd74eb3b59e?s=96&d=mm&r=g","url":"https:\/\/secure.gravatar.com\/avatar\/1447a49909b67aa657c488aec6512e1dd6143a480c1ecfee9b5b5cd74eb3b59e?s=96&d=mm&r=g","contentUrl":"https:\/\/secure.gravatar.com\/avatar\/1447a49909b67aa657c488aec6512e1dd6143a480c1ecfee9b5b5cd74eb3b59e?s=96&d=mm&r=g","caption":"CL"},"url":"https:\/\/www.webdo.tn\/fr\/actualite\/author\/cl\/"}]}},"_links":{"self":[{"href":"https:\/\/www.webdo.tn\/fr\/wp-json\/wp\/v2\/posts\/212547","targetHints":{"allow":["GET"]}}],"collection":[{"href":"https:\/\/www.webdo.tn\/fr\/wp-json\/wp\/v2\/posts"}],"about":[{"href":"https:\/\/www.webdo.tn\/fr\/wp-json\/wp\/v2\/types\/post"}],"author":[{"embeddable":true,"href":"https:\/\/www.webdo.tn\/fr\/wp-json\/wp\/v2\/users\/3175"}],"replies":[{"embeddable":true,"href":"https:\/\/www.webdo.tn\/fr\/wp-json\/wp\/v2\/comments?post=212547"}],"version-history":[{"count":0,"href":"https:\/\/www.webdo.tn\/fr\/wp-json\/wp\/v2\/posts\/212547\/revisions"}],"wp:featuredmedia":[{"embeddable":true,"href":"https:\/\/www.webdo.tn\/fr\/wp-json\/wp\/v2\/media\/290284"}],"wp:attachment":[{"href":"https:\/\/www.webdo.tn\/fr\/wp-json\/wp\/v2\/media?parent=212547"}],"wp:term":[{"taxonomy":"category","embeddable":true,"href":"https:\/\/www.webdo.tn\/fr\/wp-json\/wp\/v2\/categories?post=212547"},{"taxonomy":"post_tag","embeddable":true,"href":"https:\/\/www.webdo.tn\/fr\/wp-json\/wp\/v2\/tags?post=212547"}],"curies":[{"name":"wp","href":"https:\/\/api.w.org\/{rel}","templated":true}]}}