{"id":212546,"date":"2024-02-25T10:57:00","date_gmt":"2024-02-25T10:57:00","guid":{"rendered":"https:\/\/www.webdo.tn\/fr\/blog\/palestine-une-tunisienne-representera-l-union-africaine-devant-la-cij\/212546\/"},"modified":"2025-05-20T22:53:20","modified_gmt":"2025-05-20T22:53:20","slug":"palestine-une-tunisienne-representera-l-union-africaine-devant-la-cij","status":"publish","type":"post","link":"https:\/\/www.webdo.tn\/fr\/actualite\/international\/palestine-une-tunisienne-representera-l-union-africaine-devant-la-cij\/212546\/","title":{"rendered":"Palestine : Une Tunisienne repr\u00e9sentera l\u2019Union Africaine devant la CIJ"},"content":{"rendered":"<p>La nouvelle conseill\u00e8re juridique de l&rsquo;Union africaine, Hajer Gueldich, pr\u00e9sentera, demain lundi l\u2019expos\u00e9 oral de l&rsquo;UA, devant la Cour internationale de justice (CIJ), au sujet des \u00ab cons\u00e9quences juridiques d\u00e9coulant des violations par l&rsquo;entit\u00e9 sioniste des droits du peuple palestinien dans les territoires occup\u00e9s \u00bb.\u00a0<\/p>\n<p>L&rsquo;Assembl\u00e9e g\u00e9n\u00e9rale des Nations unies a adopt\u00e9 vendredi 30 d\u00e9cembre une r\u00e9solution demandant \u00e0 la Cour internationale de justice (CIJ) bas\u00e9e \u00e0 La Haye de se pencher sur la question de l&rsquo;occupation et de la colonisation isra\u00e9lienne des territoires palestiniens.<\/p>\n<p>\u00ab\u00a0J&rsquo;ai l&rsquo;honneur de repr\u00e9senter l&rsquo;Union africaine avec mon \u00e9quipe. Nous pr\u00e9sentons les d\u00e9clarations orales dans la proc\u00e9dure consultative sur les cons\u00e9quences juridiques des politiques et les pratiques d&rsquo;Isra\u00ebl dans le territoire palestinien occup\u00e9, y compris J\u00e9rusalem-Est, devant la CIJ, au nom de l&rsquo;UA, le lundi 26 f\u00e9vrier 2024\u00a0\u00bb, a \u00e9crit Hajer Gueldich sur son compte Facebook.\u00a0<\/p>\n<p>Rappelons que le 6 f\u00e9vrier dernier, le pr\u00e9sident de la commission de l&rsquo;union africaine, avait nomm\u00e9 la professeure tunisienne de droit public, Hajer Gueldich, comme nouvelle conseill\u00e8re juridique de l&rsquo;Union africaine.<\/p>\n","protected":false},"excerpt":{"rendered":"<p>L&rsquo;Assembl\u00e9e g\u00e9n\u00e9rale des Nations unies a adopt\u00e9 vendredi 30 d\u00e9cembre une r\u00e9solution demandant \u00e0 la Cour internationale de justice (CIJ) bas\u00e9e \u00e0 La Haye de se pe&#8230;<\/p>\n","protected":false},"author":3175,"featured_media":290285,"comment_status":"open","ping_status":"closed","sticky":false,"template":"","format":"standard","meta":{"footnotes":""},"categories":[2598],"tags":[10029,6949,2688,2608],"class_list":["post-212546","post","type-post","status-publish","format-standard","has-post-thumbnail","hentry","category-international","tag-hajer-gueldich","tag-cij","tag-palestine","tag-tunisie"],"yoast_head":"<!-- This site is optimized with the Yoast SEO Premium plugin v27.4 (Yoast SEO v27.4) - https:\/\/yoast.com\/product\/yoast-seo-premium-wordpress\/ -->\n<title>Palestine : Une Tunisienne repr\u00e9sentera l\u2019Union Africaine devant la CIJ<\/title>\n<meta name=\"description\" content=\"L&#039;Assembl\u00e9e g\u00e9n\u00e9rale des Nations unies a adopt\u00e9 vendredi 30 d\u00e9cembre une r\u00e9solution demandant \u00e0 la Cour internationale de justice (CIJ) bas\u00e9e \u00e0 La Haye de se pe...\" \/>\n<link rel=\"canonical\" href=\"https:\/\/www.webdo.tn\/fr\/actualite\/international\/palestine-une-tunisienne-representera-l-union-africaine-devant-la-cij\/212546\/\" \/>\n<meta property=\"og:locale\" content=\"fr_FR\" \/>\n<meta property=\"og:type\" content=\"article\" \/>\n<meta property=\"og:title\" content=\"Palestine : Une Tunisienne repr\u00e9sentera l\u2019Union Africaine devant la CIJ\" \/>\n<meta property=\"og:description\" content=\"L&#039;Assembl\u00e9e g\u00e9n\u00e9rale des Nations unies a adopt\u00e9 vendredi 30 d\u00e9cembre une r\u00e9solution demandant \u00e0 la Cour internationale de justice (CIJ) bas\u00e9e \u00e0 La Haye de se pe...\" \/>\n<meta property=\"og:url\" content=\"https:\/\/www.webdo.tn\/fr\/actualite\/international\/palestine-une-tunisienne-representera-l-union-africaine-devant-la-cij\/212546\/\" \/>\n<meta property=\"og:site_name\" content=\"webdo\" \/>\n<meta property=\"article:publisher\" content=\"https:\/\/www.facebook.com\/webdotn\" \/>\n<meta property=\"article:published_time\" content=\"2024-02-25T10:57:00+00:00\" \/>\n<meta property=\"article:modified_time\" content=\"2025-05-20T22:53:20+00:00\" \/>\n<meta property=\"og:image\" content=\"https:\/\/www.webdo.tn\/fr\/wp-content\/uploads\/2024\/02\/35acbe194798091d8028dbe2611903f9.jpg\" \/>\n\t<meta property=\"og:image:width\" content=\"700\" \/>\n\t<meta property=\"og:image:height\" content=\"373\" \/>\n\t<meta property=\"og:image:type\" content=\"image\/jpeg\" \/>\n<meta name=\"author\" content=\"CL\" \/>\n<meta name=\"twitter:card\" content=\"summary_large_image\" \/>\n<meta name=\"twitter:creator\" content=\"@webdo_tn\" \/>\n<meta name=\"twitter:site\" content=\"@webdo_tn\" \/>\n<meta name=\"twitter:label1\" content=\"\u00c9crit par\" \/>\n\t<meta name=\"twitter:data1\" content=\"CL\" \/>\n\t<meta name=\"twitter:label2\" content=\"Dur\u00e9e de lecture estim\u00e9e\" \/>\n\t<meta name=\"twitter:data2\" content=\"1 minute\" \/>\n<script type=\"application\/ld+json\" class=\"yoast-schema-graph\">{\"@context\":\"https:\\\/\\\/schema.org\",\"@graph\":[{\"@type\":\"NewsArticle\",\"@id\":\"https:\\\/\\\/www.webdo.tn\\\/fr\\\/actualite\\\/international\\\/palestine-une-tunisienne-representera-l-union-africaine-devant-la-cij\\\/212546\\\/#article\",\"isPartOf\":{\"@id\":\"https:\\\/\\\/www.webdo.tn\\\/fr\\\/actualite\\\/international\\\/palestine-une-tunisienne-representera-l-union-africaine-devant-la-cij\\\/212546\\\/\"},\"author\":{\"name\":\"CL\",\"@id\":\"https:\\\/\\\/www.webdo.tn\\\/fr\\\/#\\\/schema\\\/person\\\/f35b42a42c5e2511bbd282959d6385cc\"},\"headline\":\"Palestine : Une Tunisienne repr\u00e9sentera l\u2019Union Africaine devant la CIJ\",\"datePublished\":\"2024-02-25T10:57:00+00:00\",\"dateModified\":\"2025-05-20T22:53:20+00:00\",\"mainEntityOfPage\":{\"@id\":\"https:\\\/\\\/www.webdo.tn\\\/fr\\\/actualite\\\/international\\\/palestine-une-tunisienne-representera-l-union-africaine-devant-la-cij\\\/212546\\\/\"},\"wordCount\":211,\"commentCount\":0,\"publisher\":{\"@id\":\"https:\\\/\\\/www.webdo.tn\\\/fr\\\/#organization\"},\"image\":{\"@id\":\"https:\\\/\\\/www.webdo.tn\\\/fr\\\/actualite\\\/international\\\/palestine-une-tunisienne-representera-l-union-africaine-devant-la-cij\\\/212546\\\/#primaryimage\"},\"thumbnailUrl\":\"https:\\\/\\\/www.webdo.tn\\\/fr\\\/wp-content\\\/uploads\\\/2024\\\/02\\\/35acbe194798091d8028dbe2611903f9.jpg\",\"keywords\":[\"'Hajer Gueldich']\",\"CIJ\",\"Palestine\",\"Tunisie\"],\"articleSection\":[\"International\"],\"inLanguage\":\"fr-FR\"},{\"@type\":\"WebPage\",\"@id\":\"https:\\\/\\\/www.webdo.tn\\\/fr\\\/actualite\\\/international\\\/palestine-une-tunisienne-representera-l-union-africaine-devant-la-cij\\\/212546\\\/\",\"url\":\"https:\\\/\\\/www.webdo.tn\\\/fr\\\/actualite\\\/international\\\/palestine-une-tunisienne-representera-l-union-africaine-devant-la-cij\\\/212546\\\/\",\"name\":\"Palestine : Une Tunisienne repr\u00e9sentera l\u2019Union Africaine devant la CIJ\",\"isPartOf\":{\"@id\":\"https:\\\/\\\/www.webdo.tn\\\/fr\\\/#website\"},\"primaryImageOfPage\":{\"@id\":\"https:\\\/\\\/www.webdo.tn\\\/fr\\\/actualite\\\/international\\\/palestine-une-tunisienne-representera-l-union-africaine-devant-la-cij\\\/212546\\\/#primaryimage\"},\"image\":{\"@id\":\"https:\\\/\\\/www.webdo.tn\\\/fr\\\/actualite\\\/international\\\/palestine-une-tunisienne-representera-l-union-africaine-devant-la-cij\\\/212546\\\/#primaryimage\"},\"thumbnailUrl\":\"https:\\\/\\\/www.webdo.tn\\\/fr\\\/wp-content\\\/uploads\\\/2024\\\/02\\\/35acbe194798091d8028dbe2611903f9.jpg\",\"datePublished\":\"2024-02-25T10:57:00+00:00\",\"dateModified\":\"2025-05-20T22:53:20+00:00\",\"description\":\"L'Assembl\u00e9e g\u00e9n\u00e9rale des Nations unies a adopt\u00e9 vendredi 30 d\u00e9cembre une r\u00e9solution demandant \u00e0 la Cour internationale de justice (CIJ) bas\u00e9e \u00e0 La Haye de se pe...\",\"breadcrumb\":{\"@id\":\"https:\\\/\\\/www.webdo.tn\\\/fr\\\/actualite\\\/international\\\/palestine-une-tunisienne-representera-l-union-africaine-devant-la-cij\\\/212546\\\/#breadcrumb\"},\"inLanguage\":\"fr-FR\",\"potentialAction\":[{\"@type\":\"ReadAction\",\"target\":[\"https:\\\/\\\/www.webdo.tn\\\/fr\\\/actualite\\\/international\\\/palestine-une-tunisienne-representera-l-union-africaine-devant-la-cij\\\/212546\\\/\"]}]},{\"@type\":\"ImageObject\",\"inLanguage\":\"fr-FR\",\"@id\":\"https:\\\/\\\/www.webdo.tn\\\/fr\\\/actualite\\\/international\\\/palestine-une-tunisienne-representera-l-union-africaine-devant-la-cij\\\/212546\\\/#primaryimage\",\"url\":\"https:\\\/\\\/www.webdo.tn\\\/fr\\\/wp-content\\\/uploads\\\/2024\\\/02\\\/35acbe194798091d8028dbe2611903f9.jpg\",\"contentUrl\":\"https:\\\/\\\/www.webdo.tn\\\/fr\\\/wp-content\\\/uploads\\\/2024\\\/02\\\/35acbe194798091d8028dbe2611903f9.jpg\",\"width\":700,\"height\":373,\"caption\":\"Palestine : Une Tunisienne repr\u00e9sentera l\u2019Union Africaine devant la CIJ\"},{\"@type\":\"BreadcrumbList\",\"@id\":\"https:\\\/\\\/www.webdo.tn\\\/fr\\\/actualite\\\/international\\\/palestine-une-tunisienne-representera-l-union-africaine-devant-la-cij\\\/212546\\\/#breadcrumb\",\"itemListElement\":[{\"@type\":\"ListItem\",\"position\":1,\"name\":\"Accueil\",\"item\":\"https:\\\/\\\/www.webdo.tn\\\/fr\\\/\"},{\"@type\":\"ListItem\",\"position\":2,\"name\":\"Palestine : Une Tunisienne repr\u00e9sentera l\u2019Union Africaine devant la CIJ\"}]},{\"@type\":\"WebSite\",\"@id\":\"https:\\\/\\\/www.webdo.tn\\\/fr\\\/#website\",\"url\":\"https:\\\/\\\/www.webdo.tn\\\/fr\\\/\",\"name\":\"webdo\",\"description\":\"Tunisie - News en Tunisie et \u00e0 l&#039;international sur Webdo.tn\",\"publisher\":{\"@id\":\"https:\\\/\\\/www.webdo.tn\\\/fr\\\/#organization\"},\"potentialAction\":[{\"@type\":\"SearchAction\",\"target\":{\"@type\":\"EntryPoint\",\"urlTemplate\":\"https:\\\/\\\/www.webdo.tn\\\/fr\\\/?s={search_term_string}\"},\"query-input\":{\"@type\":\"PropertyValueSpecification\",\"valueRequired\":true,\"valueName\":\"search_term_string\"}}],\"inLanguage\":\"fr-FR\"},{\"@type\":\"Organization\",\"@id\":\"https:\\\/\\\/www.webdo.tn\\\/fr\\\/#organization\",\"name\":\"Webdo\",\"alternateName\":\"Webdo.tn\",\"url\":\"https:\\\/\\\/www.webdo.tn\\\/fr\\\/\",\"logo\":{\"@type\":\"ImageObject\",\"inLanguage\":\"fr-FR\",\"@id\":\"https:\\\/\\\/www.webdo.tn\\\/fr\\\/#\\\/schema\\\/logo\\\/image\\\/\",\"url\":\"https:\\\/\\\/www.webdo.tn\\\/fr\\\/wp-content\\\/uploads\\\/2025\\\/06\\\/Webdo-Tunisie_168377.jpg\",\"contentUrl\":\"https:\\\/\\\/www.webdo.tn\\\/fr\\\/wp-content\\\/uploads\\\/2025\\\/06\\\/Webdo-Tunisie_168377.jpg\",\"width\":301,\"height\":301,\"caption\":\"Webdo\"},\"image\":{\"@id\":\"https:\\\/\\\/www.webdo.tn\\\/fr\\\/#\\\/schema\\\/logo\\\/image\\\/\"},\"sameAs\":[\"https:\\\/\\\/www.facebook.com\\\/webdotn\",\"https:\\\/\\\/x.com\\\/webdo_tn\"],\"description\":\"Webdo est un m\u00e9dia num\u00e9rique tunisien fond\u00e9 en 2010, sp\u00e9cialis\u00e9 dans l\u2019actualit\u00e9 nationale et internationale, l\u2019\u00e9conomie, la soci\u00e9t\u00e9 et les analyses politiques. Le site s\u2019adresse \u00e0 un large public francophone et couvre l\u2019information tunisienne en temps r\u00e9el.\",\"email\":\"redac@webdo.tn\",\"legalName\":\"YNJ SARL\",\"foundingDate\":\"2010-09-06\",\"numberOfEmployees\":{\"@type\":\"QuantitativeValue\",\"minValue\":\"11\",\"maxValue\":\"50\"}},{\"@type\":\"Person\",\"@id\":\"https:\\\/\\\/www.webdo.tn\\\/fr\\\/#\\\/schema\\\/person\\\/f35b42a42c5e2511bbd282959d6385cc\",\"name\":\"CL\",\"image\":{\"@type\":\"ImageObject\",\"inLanguage\":\"fr-FR\",\"@id\":\"https:\\\/\\\/secure.gravatar.com\\\/avatar\\\/1447a49909b67aa657c488aec6512e1dd6143a480c1ecfee9b5b5cd74eb3b59e?s=96&d=mm&r=g\",\"url\":\"https:\\\/\\\/secure.gravatar.com\\\/avatar\\\/1447a49909b67aa657c488aec6512e1dd6143a480c1ecfee9b5b5cd74eb3b59e?s=96&d=mm&r=g\",\"contentUrl\":\"https:\\\/\\\/secure.gravatar.com\\\/avatar\\\/1447a49909b67aa657c488aec6512e1dd6143a480c1ecfee9b5b5cd74eb3b59e?s=96&d=mm&r=g\",\"caption\":\"CL\"},\"url\":\"https:\\\/\\\/www.webdo.tn\\\/fr\\\/actualite\\\/author\\\/cl\\\/\"}]}<\/script>\n<!-- \/ Yoast SEO Premium plugin. -->","yoast_head_json":{"title":"Palestine : Une Tunisienne repr\u00e9sentera l\u2019Union Africaine devant la CIJ","description":"L'Assembl\u00e9e g\u00e9n\u00e9rale des Nations unies a adopt\u00e9 vendredi 30 d\u00e9cembre une r\u00e9solution demandant \u00e0 la Cour internationale de justice (CIJ) bas\u00e9e \u00e0 La Haye de se pe...","canonical":"https:\/\/www.webdo.tn\/fr\/actualite\/international\/palestine-une-tunisienne-representera-l-union-africaine-devant-la-cij\/212546\/","og_locale":"fr_FR","og_type":"article","og_title":"Palestine : Une Tunisienne repr\u00e9sentera l\u2019Union Africaine devant la CIJ","og_description":"L'Assembl\u00e9e g\u00e9n\u00e9rale des Nations unies a adopt\u00e9 vendredi 30 d\u00e9cembre une r\u00e9solution demandant \u00e0 la Cour internationale de justice (CIJ) bas\u00e9e \u00e0 La Haye de se pe...","og_url":"https:\/\/www.webdo.tn\/fr\/actualite\/international\/palestine-une-tunisienne-representera-l-union-africaine-devant-la-cij\/212546\/","og_site_name":"webdo","article_publisher":"https:\/\/www.facebook.com\/webdotn","article_published_time":"2024-02-25T10:57:00+00:00","article_modified_time":"2025-05-20T22:53:20+00:00","og_image":[{"width":700,"height":373,"url":"https:\/\/www.webdo.tn\/fr\/wp-content\/uploads\/2024\/02\/35acbe194798091d8028dbe2611903f9.jpg","type":"image\/jpeg"}],"author":"CL","twitter_card":"summary_large_image","twitter_creator":"@webdo_tn","twitter_site":"@webdo_tn","twitter_misc":{"\u00c9crit par":"CL","Dur\u00e9e de lecture estim\u00e9e":"1 minute"},"schema":{"@context":"https:\/\/schema.org","@graph":[{"@type":"NewsArticle","@id":"https:\/\/www.webdo.tn\/fr\/actualite\/international\/palestine-une-tunisienne-representera-l-union-africaine-devant-la-cij\/212546\/#article","isPartOf":{"@id":"https:\/\/www.webdo.tn\/fr\/actualite\/international\/palestine-une-tunisienne-representera-l-union-africaine-devant-la-cij\/212546\/"},"author":{"name":"CL","@id":"https:\/\/www.webdo.tn\/fr\/#\/schema\/person\/f35b42a42c5e2511bbd282959d6385cc"},"headline":"Palestine : Une Tunisienne repr\u00e9sentera l\u2019Union Africaine devant la CIJ","datePublished":"2024-02-25T10:57:00+00:00","dateModified":"2025-05-20T22:53:20+00:00","mainEntityOfPage":{"@id":"https:\/\/www.webdo.tn\/fr\/actualite\/international\/palestine-une-tunisienne-representera-l-union-africaine-devant-la-cij\/212546\/"},"wordCount":211,"commentCount":0,"publisher":{"@id":"https:\/\/www.webdo.tn\/fr\/#organization"},"image":{"@id":"https:\/\/www.webdo.tn\/fr\/actualite\/international\/palestine-une-tunisienne-representera-l-union-africaine-devant-la-cij\/212546\/#primaryimage"},"thumbnailUrl":"https:\/\/www.webdo.tn\/fr\/wp-content\/uploads\/2024\/02\/35acbe194798091d8028dbe2611903f9.jpg","keywords":["'Hajer Gueldich']","CIJ","Palestine","Tunisie"],"articleSection":["International"],"inLanguage":"fr-FR"},{"@type":"WebPage","@id":"https:\/\/www.webdo.tn\/fr\/actualite\/international\/palestine-une-tunisienne-representera-l-union-africaine-devant-la-cij\/212546\/","url":"https:\/\/www.webdo.tn\/fr\/actualite\/international\/palestine-une-tunisienne-representera-l-union-africaine-devant-la-cij\/212546\/","name":"Palestine : Une Tunisienne repr\u00e9sentera l\u2019Union Africaine devant la CIJ","isPartOf":{"@id":"https:\/\/www.webdo.tn\/fr\/#website"},"primaryImageOfPage":{"@id":"https:\/\/www.webdo.tn\/fr\/actualite\/international\/palestine-une-tunisienne-representera-l-union-africaine-devant-la-cij\/212546\/#primaryimage"},"image":{"@id":"https:\/\/www.webdo.tn\/fr\/actualite\/international\/palestine-une-tunisienne-representera-l-union-africaine-devant-la-cij\/212546\/#primaryimage"},"thumbnailUrl":"https:\/\/www.webdo.tn\/fr\/wp-content\/uploads\/2024\/02\/35acbe194798091d8028dbe2611903f9.jpg","datePublished":"2024-02-25T10:57:00+00:00","dateModified":"2025-05-20T22:53:20+00:00","description":"L'Assembl\u00e9e g\u00e9n\u00e9rale des Nations unies a adopt\u00e9 vendredi 30 d\u00e9cembre une r\u00e9solution demandant \u00e0 la Cour internationale de justice (CIJ) bas\u00e9e \u00e0 La Haye de se pe...","breadcrumb":{"@id":"https:\/\/www.webdo.tn\/fr\/actualite\/international\/palestine-une-tunisienne-representera-l-union-africaine-devant-la-cij\/212546\/#breadcrumb"},"inLanguage":"fr-FR","potentialAction":[{"@type":"ReadAction","target":["https:\/\/www.webdo.tn\/fr\/actualite\/international\/palestine-une-tunisienne-representera-l-union-africaine-devant-la-cij\/212546\/"]}]},{"@type":"ImageObject","inLanguage":"fr-FR","@id":"https:\/\/www.webdo.tn\/fr\/actualite\/international\/palestine-une-tunisienne-representera-l-union-africaine-devant-la-cij\/212546\/#primaryimage","url":"https:\/\/www.webdo.tn\/fr\/wp-content\/uploads\/2024\/02\/35acbe194798091d8028dbe2611903f9.jpg","contentUrl":"https:\/\/www.webdo.tn\/fr\/wp-content\/uploads\/2024\/02\/35acbe194798091d8028dbe2611903f9.jpg","width":700,"height":373,"caption":"Palestine : Une Tunisienne repr\u00e9sentera l\u2019Union Africaine devant la CIJ"},{"@type":"BreadcrumbList","@id":"https:\/\/www.webdo.tn\/fr\/actualite\/international\/palestine-une-tunisienne-representera-l-union-africaine-devant-la-cij\/212546\/#breadcrumb","itemListElement":[{"@type":"ListItem","position":1,"name":"Accueil","item":"https:\/\/www.webdo.tn\/fr\/"},{"@type":"ListItem","position":2,"name":"Palestine : Une Tunisienne repr\u00e9sentera l\u2019Union Africaine devant la CIJ"}]},{"@type":"WebSite","@id":"https:\/\/www.webdo.tn\/fr\/#website","url":"https:\/\/www.webdo.tn\/fr\/","name":"webdo","description":"Tunisie - News en Tunisie et \u00e0 l&#039;international sur Webdo.tn","publisher":{"@id":"https:\/\/www.webdo.tn\/fr\/#organization"},"potentialAction":[{"@type":"SearchAction","target":{"@type":"EntryPoint","urlTemplate":"https:\/\/www.webdo.tn\/fr\/?s={search_term_string}"},"query-input":{"@type":"PropertyValueSpecification","valueRequired":true,"valueName":"search_term_string"}}],"inLanguage":"fr-FR"},{"@type":"Organization","@id":"https:\/\/www.webdo.tn\/fr\/#organization","name":"Webdo","alternateName":"Webdo.tn","url":"https:\/\/www.webdo.tn\/fr\/","logo":{"@type":"ImageObject","inLanguage":"fr-FR","@id":"https:\/\/www.webdo.tn\/fr\/#\/schema\/logo\/image\/","url":"https:\/\/www.webdo.tn\/fr\/wp-content\/uploads\/2025\/06\/Webdo-Tunisie_168377.jpg","contentUrl":"https:\/\/www.webdo.tn\/fr\/wp-content\/uploads\/2025\/06\/Webdo-Tunisie_168377.jpg","width":301,"height":301,"caption":"Webdo"},"image":{"@id":"https:\/\/www.webdo.tn\/fr\/#\/schema\/logo\/image\/"},"sameAs":["https:\/\/www.facebook.com\/webdotn","https:\/\/x.com\/webdo_tn"],"description":"Webdo est un m\u00e9dia num\u00e9rique tunisien fond\u00e9 en 2010, sp\u00e9cialis\u00e9 dans l\u2019actualit\u00e9 nationale et internationale, l\u2019\u00e9conomie, la soci\u00e9t\u00e9 et les analyses politiques. Le site s\u2019adresse \u00e0 un large public francophone et couvre l\u2019information tunisienne en temps r\u00e9el.","email":"redac@webdo.tn","legalName":"YNJ SARL","foundingDate":"2010-09-06","numberOfEmployees":{"@type":"QuantitativeValue","minValue":"11","maxValue":"50"}},{"@type":"Person","@id":"https:\/\/www.webdo.tn\/fr\/#\/schema\/person\/f35b42a42c5e2511bbd282959d6385cc","name":"CL","image":{"@type":"ImageObject","inLanguage":"fr-FR","@id":"https:\/\/secure.gravatar.com\/avatar\/1447a49909b67aa657c488aec6512e1dd6143a480c1ecfee9b5b5cd74eb3b59e?s=96&d=mm&r=g","url":"https:\/\/secure.gravatar.com\/avatar\/1447a49909b67aa657c488aec6512e1dd6143a480c1ecfee9b5b5cd74eb3b59e?s=96&d=mm&r=g","contentUrl":"https:\/\/secure.gravatar.com\/avatar\/1447a49909b67aa657c488aec6512e1dd6143a480c1ecfee9b5b5cd74eb3b59e?s=96&d=mm&r=g","caption":"CL"},"url":"https:\/\/www.webdo.tn\/fr\/actualite\/author\/cl\/"}]}},"_links":{"self":[{"href":"https:\/\/www.webdo.tn\/fr\/wp-json\/wp\/v2\/posts\/212546","targetHints":{"allow":["GET"]}}],"collection":[{"href":"https:\/\/www.webdo.tn\/fr\/wp-json\/wp\/v2\/posts"}],"about":[{"href":"https:\/\/www.webdo.tn\/fr\/wp-json\/wp\/v2\/types\/post"}],"author":[{"embeddable":true,"href":"https:\/\/www.webdo.tn\/fr\/wp-json\/wp\/v2\/users\/3175"}],"replies":[{"embeddable":true,"href":"https:\/\/www.webdo.tn\/fr\/wp-json\/wp\/v2\/comments?post=212546"}],"version-history":[{"count":0,"href":"https:\/\/www.webdo.tn\/fr\/wp-json\/wp\/v2\/posts\/212546\/revisions"}],"wp:featuredmedia":[{"embeddable":true,"href":"https:\/\/www.webdo.tn\/fr\/wp-json\/wp\/v2\/media\/290285"}],"wp:attachment":[{"href":"https:\/\/www.webdo.tn\/fr\/wp-json\/wp\/v2\/media?parent=212546"}],"wp:term":[{"taxonomy":"category","embeddable":true,"href":"https:\/\/www.webdo.tn\/fr\/wp-json\/wp\/v2\/categories?post=212546"},{"taxonomy":"post_tag","embeddable":true,"href":"https:\/\/www.webdo.tn\/fr\/wp-json\/wp\/v2\/tags?post=212546"}],"curies":[{"name":"wp","href":"https:\/\/api.w.org\/{rel}","templated":true}]}}