{"id":212544,"date":"2024-02-24T22:06:00","date_gmt":"2024-02-24T22:06:00","guid":{"rendered":"https:\/\/www.webdo.tn\/fr\/blog\/ldc-l-esperance-un-pied-en-quarts-de-finale\/212544\/"},"modified":"2025-05-20T21:52:51","modified_gmt":"2025-05-20T21:52:51","slug":"ldc-l-esperance-un-pied-en-quarts-de-finale","status":"publish","type":"post","link":"https:\/\/www.webdo.tn\/fr\/actualite\/sport\/ldc-l-esperance-un-pied-en-quarts-de-finale\/212544\/","title":{"rendered":"LDC : L\u2019Esp\u00e9rance, un pied en quarts de finale"},"content":{"rendered":"<p>En battant l&rsquo;Etoile du Sahel sur le score de 2-0, l\u2019Esp\u00e9rance a quasiment mis un pied en quarts de finale de la Ligue des Champions africaine alors que les Etoil\u00e9s sont \u00e9limin\u00e9s de la comp\u00e9tition \u00e0 une journ\u00e9e de la fin de la phase des poules.<\/p>\n<p>\t\t\t\t\t\t\t\t\tEn accueillant au stade Hammadi Agrebi de Rades, l\u2019Esp\u00e9rance ST, l\u2019Etoile du Sahel jouait sa derni\u00e8re carte. En effet, elle devait s\u2019imposer lors de cette 5e journ\u00e9e de la phase des poules afin de garder un espoir de se qualifier en quarts de finale, mais elle est pass\u00e9e \u00e0 c\u00f4t\u00e9 de son sujet face \u00e0 une Esp\u00e9rance tr\u00e8s en jambes pour cette reprise.<\/p>\n<p>Les \u00ab\u00a0Sang et or\u00a0\u00bb ont domin\u00e9 de la t\u00eate et des pieds cette rencontre. Une domination mat\u00e9rialis\u00e9e d\u00e8s la 27\u2019 lorsque Yan Sasse ouvre le score en faveur des siens.<\/p>\n<p>Face \u00e0 une \u00e9quipe \u00e9toil\u00e9e \u00ab\u00a0impuissante\u00a0\u00bb et surtout sans \u00e2me, l\u2019Esp\u00e9rance va enfoncer le clou avant la pause par l\u2019interm\u00e9diaire de Zakaria El Ayeb, qui, d\u2019une frappe des 18 m\u00e8tres, double la marque en faveur des \u00ab\u00a0Sang et or\u00a0\u00bb.<\/p>\n<p>En seconde mi-temps, le m\u00eame sc\u00e9nario se poursuit avec une Esp\u00e9rance contr\u00f4lant le jeu et une Etoile d\u00e9boussol\u00e9e. Les nombreuses occasions esp\u00e9rantistes sont l\u00e0 pour l\u2019illustrer.<\/p>\n<p>A la 53\u2019, Rodrigues voit sa tentative repouss\u00e9e sur la ligne de but ; \u00e0 la 57\u2019, Bukia voit sa frappe passer \u00e0 c\u00f4t\u00e9 de la cage \u00e9toil\u00e9e ; \u00e0 la 85\u2019, la tentative de Derbali est repouss\u00e9e par la transversale ; etc\u2026<\/p>\n<p>L\u2019EST aura encore un match \u00e0 n\u00e9gocier face \u00e0 Al Hilal avant d\u2019assurer d\u00e9finitivement sa qualification en quarts de finale alors que l\u2019ESS est \u00e9limin\u00e9e.<\/p>\n<p>FORMATIONS<\/p>\n<p>\tESS : Ali Jemal, Ghofrane Naouali, Louay Ben Hassine, Abderrazek Bouozra, Slah Ghedamsi, Mohamed Amine Jebali, Jaques Mb\u00e9, Raki Aouani, Assil Jaziri, Yassine Chikhaoui et Yassine Chamakhi<\/p>\n<p>\tEST : Ame allah Memiche, Raed Bouchniba, Mohamed Amine Touga\u00ef, Yassine Meriah, Mohamed Amine Ben Hmida, Roger Aholou, Houssem Tka, Zakaria El Ayeb, Yan Sasse, Andr\u00e9 Bukia et Rodrigo Rodrigues<\/p>\n<p>CLASSEMENT<\/p>\n<p>\tPetro Atletico 9 points (+3)<br \/>\n\tEsp\u00e9rance ST 8 points (+2)<br \/>\n\tAl Hilal 5 points (0)<br \/>\n\tEtoile S. Sahel 4 points (-5)<\/p>\n<p>RESTE A JOUER<\/p>\n<p>\t02\/03\/2024 : Petro Atletico &#8211; Etoile S. Sahel<br \/>\n\t02\/03\/2024 : Esp\u00e9rance ST &#8211; Al Hilal<\/p>\n","protected":false},"excerpt":{"rendered":"<p>L&rsquo;Esp\u00e9rance bat l&rsquo;Etoile du Sahel 2-0 dans un match comptant pour la 5e journ\u00e9e de la phase des poules de la Ligue des Champions africaine.<\/p>\n","protected":false},"author":3162,"featured_media":247939,"comment_status":"open","ping_status":"closed","sticky":false,"template":"","format":"standard","meta":{"footnotes":""},"categories":[2593],"tags":[3135,3102,6914,3136,2608],"class_list":["post-212544","post","type-post","status-publish","format-standard","has-post-thumbnail","hentry","category-sport","tag-caf","tag-esperance-st","tag-etoile-du-sahel","tag-ligue-des-champions","tag-tunisie"],"yoast_head":"<!-- This site is optimized with the Yoast SEO Premium plugin v27.5 (Yoast SEO v27.5) - https:\/\/yoast.com\/product\/yoast-seo-premium-wordpress\/ -->\n<title>LDC : L\u2019Esp\u00e9rance, un pied en quarts de finale<\/title>\n<meta name=\"description\" content=\"L&#039;Esp\u00e9rance bat l&#039;Etoile du Sahel 2-0 dans un match comptant pour la 5e journ\u00e9e de la phase des poules de la Ligue des Champions africaine.\" \/>\n<link rel=\"canonical\" href=\"https:\/\/www.webdo.tn\/fr\/actualite\/sport\/ldc-l-esperance-un-pied-en-quarts-de-finale\/212544\/\" \/>\n<meta property=\"og:locale\" content=\"fr_FR\" \/>\n<meta property=\"og:type\" content=\"article\" \/>\n<meta property=\"og:title\" content=\"LDC : L\u2019Esp\u00e9rance, un pied en quarts de finale\" \/>\n<meta property=\"og:description\" content=\"L&#039;Esp\u00e9rance bat l&#039;Etoile du Sahel 2-0 dans un match comptant pour la 5e journ\u00e9e de la phase des poules de la Ligue des Champions africaine.\" \/>\n<meta property=\"og:url\" content=\"https:\/\/www.webdo.tn\/fr\/actualite\/sport\/ldc-l-esperance-un-pied-en-quarts-de-finale\/212544\/\" \/>\n<meta property=\"og:site_name\" content=\"webdo\" \/>\n<meta property=\"article:publisher\" content=\"https:\/\/www.facebook.com\/webdotn\" \/>\n<meta property=\"article:published_time\" content=\"2024-02-24T22:06:00+00:00\" \/>\n<meta property=\"article:modified_time\" content=\"2025-05-20T21:52:51+00:00\" \/>\n<meta property=\"og:image\" content=\"https:\/\/www.webdo.tn\/fr\/wp-content\/uploads\/2024\/02\/f0bdc5fff0aa71b98da1e3309eba8ac6.jpg\" \/>\n\t<meta property=\"og:image:width\" content=\"750\" \/>\n\t<meta property=\"og:image:height\" content=\"400\" \/>\n\t<meta property=\"og:image:type\" content=\"image\/jpeg\" \/>\n<meta name=\"author\" content=\"MC\" \/>\n<meta name=\"twitter:card\" content=\"summary_large_image\" \/>\n<meta name=\"twitter:creator\" content=\"@webdo_tn\" \/>\n<meta name=\"twitter:site\" content=\"@webdo_tn\" \/>\n<meta name=\"twitter:label1\" content=\"\u00c9crit par\" \/>\n\t<meta name=\"twitter:data1\" content=\"MC\" \/>\n\t<meta name=\"twitter:label2\" content=\"Dur\u00e9e de lecture estim\u00e9e\" \/>\n\t<meta name=\"twitter:data2\" content=\"2 minutes\" \/>\n<script type=\"application\/ld+json\" class=\"yoast-schema-graph\">{\"@context\":\"https:\\\/\\\/schema.org\",\"@graph\":[{\"@type\":\"NewsArticle\",\"@id\":\"https:\\\/\\\/www.webdo.tn\\\/fr\\\/actualite\\\/sport\\\/ldc-l-esperance-un-pied-en-quarts-de-finale\\\/212544\\\/#article\",\"isPartOf\":{\"@id\":\"https:\\\/\\\/www.webdo.tn\\\/fr\\\/actualite\\\/sport\\\/ldc-l-esperance-un-pied-en-quarts-de-finale\\\/212544\\\/\"},\"author\":{\"name\":\"MC\",\"@id\":\"https:\\\/\\\/www.webdo.tn\\\/fr\\\/#\\\/schema\\\/person\\\/2c4929cbf5a809e3bd38617c6ce150f6\"},\"headline\":\"LDC : L\u2019Esp\u00e9rance, un pied en quarts de finale\",\"datePublished\":\"2024-02-24T22:06:00+00:00\",\"dateModified\":\"2025-05-20T21:52:51+00:00\",\"mainEntityOfPage\":{\"@id\":\"https:\\\/\\\/www.webdo.tn\\\/fr\\\/actualite\\\/sport\\\/ldc-l-esperance-un-pied-en-quarts-de-finale\\\/212544\\\/\"},\"wordCount\":398,\"commentCount\":0,\"publisher\":{\"@id\":\"https:\\\/\\\/www.webdo.tn\\\/fr\\\/#organization\"},\"image\":{\"@id\":\"https:\\\/\\\/www.webdo.tn\\\/fr\\\/actualite\\\/sport\\\/ldc-l-esperance-un-pied-en-quarts-de-finale\\\/212544\\\/#primaryimage\"},\"thumbnailUrl\":\"https:\\\/\\\/www.webdo.tn\\\/fr\\\/wp-content\\\/uploads\\\/2024\\\/02\\\/f0bdc5fff0aa71b98da1e3309eba8ac6.jpg\",\"keywords\":[\"CAF\",\"esp\u00e9rance st\",\"\u00e9toile du sahel\",\"ligue des champions\",\"Tunisie\"],\"articleSection\":[\"Sport\"],\"inLanguage\":\"fr-FR\"},{\"@type\":\"WebPage\",\"@id\":\"https:\\\/\\\/www.webdo.tn\\\/fr\\\/actualite\\\/sport\\\/ldc-l-esperance-un-pied-en-quarts-de-finale\\\/212544\\\/\",\"url\":\"https:\\\/\\\/www.webdo.tn\\\/fr\\\/actualite\\\/sport\\\/ldc-l-esperance-un-pied-en-quarts-de-finale\\\/212544\\\/\",\"name\":\"LDC : L\u2019Esp\u00e9rance, un pied en quarts de finale\",\"isPartOf\":{\"@id\":\"https:\\\/\\\/www.webdo.tn\\\/fr\\\/#website\"},\"primaryImageOfPage\":{\"@id\":\"https:\\\/\\\/www.webdo.tn\\\/fr\\\/actualite\\\/sport\\\/ldc-l-esperance-un-pied-en-quarts-de-finale\\\/212544\\\/#primaryimage\"},\"image\":{\"@id\":\"https:\\\/\\\/www.webdo.tn\\\/fr\\\/actualite\\\/sport\\\/ldc-l-esperance-un-pied-en-quarts-de-finale\\\/212544\\\/#primaryimage\"},\"thumbnailUrl\":\"https:\\\/\\\/www.webdo.tn\\\/fr\\\/wp-content\\\/uploads\\\/2024\\\/02\\\/f0bdc5fff0aa71b98da1e3309eba8ac6.jpg\",\"datePublished\":\"2024-02-24T22:06:00+00:00\",\"dateModified\":\"2025-05-20T21:52:51+00:00\",\"description\":\"L'Esp\u00e9rance bat l'Etoile du Sahel 2-0 dans un match comptant pour la 5e journ\u00e9e de la phase des poules de la Ligue des Champions africaine.\",\"breadcrumb\":{\"@id\":\"https:\\\/\\\/www.webdo.tn\\\/fr\\\/actualite\\\/sport\\\/ldc-l-esperance-un-pied-en-quarts-de-finale\\\/212544\\\/#breadcrumb\"},\"inLanguage\":\"fr-FR\",\"potentialAction\":[{\"@type\":\"ReadAction\",\"target\":[\"https:\\\/\\\/www.webdo.tn\\\/fr\\\/actualite\\\/sport\\\/ldc-l-esperance-un-pied-en-quarts-de-finale\\\/212544\\\/\"]}]},{\"@type\":\"ImageObject\",\"inLanguage\":\"fr-FR\",\"@id\":\"https:\\\/\\\/www.webdo.tn\\\/fr\\\/actualite\\\/sport\\\/ldc-l-esperance-un-pied-en-quarts-de-finale\\\/212544\\\/#primaryimage\",\"url\":\"https:\\\/\\\/www.webdo.tn\\\/fr\\\/wp-content\\\/uploads\\\/2024\\\/02\\\/f0bdc5fff0aa71b98da1e3309eba8ac6.jpg\",\"contentUrl\":\"https:\\\/\\\/www.webdo.tn\\\/fr\\\/wp-content\\\/uploads\\\/2024\\\/02\\\/f0bdc5fff0aa71b98da1e3309eba8ac6.jpg\",\"width\":750,\"height\":400,\"caption\":\"LDC : L\u2019Esp\u00e9rance, un pied en quarts de finale\"},{\"@type\":\"BreadcrumbList\",\"@id\":\"https:\\\/\\\/www.webdo.tn\\\/fr\\\/actualite\\\/sport\\\/ldc-l-esperance-un-pied-en-quarts-de-finale\\\/212544\\\/#breadcrumb\",\"itemListElement\":[{\"@type\":\"ListItem\",\"position\":1,\"name\":\"Accueil\",\"item\":\"https:\\\/\\\/www.webdo.tn\\\/fr\\\/\"},{\"@type\":\"ListItem\",\"position\":2,\"name\":\"LDC : L\u2019Esp\u00e9rance, un pied en quarts de finale\"}]},{\"@type\":\"WebSite\",\"@id\":\"https:\\\/\\\/www.webdo.tn\\\/fr\\\/#website\",\"url\":\"https:\\\/\\\/www.webdo.tn\\\/fr\\\/\",\"name\":\"webdo\",\"description\":\"Tunisie - News en Tunisie et \u00e0 l&#039;international sur Webdo.tn\",\"publisher\":{\"@id\":\"https:\\\/\\\/www.webdo.tn\\\/fr\\\/#organization\"},\"potentialAction\":[{\"@type\":\"SearchAction\",\"target\":{\"@type\":\"EntryPoint\",\"urlTemplate\":\"https:\\\/\\\/www.webdo.tn\\\/fr\\\/?s={search_term_string}\"},\"query-input\":{\"@type\":\"PropertyValueSpecification\",\"valueRequired\":true,\"valueName\":\"search_term_string\"}}],\"inLanguage\":\"fr-FR\"},{\"@type\":\"Organization\",\"@id\":\"https:\\\/\\\/www.webdo.tn\\\/fr\\\/#organization\",\"name\":\"Webdo\",\"alternateName\":\"Webdo.tn\",\"url\":\"https:\\\/\\\/www.webdo.tn\\\/fr\\\/\",\"logo\":{\"@type\":\"ImageObject\",\"inLanguage\":\"fr-FR\",\"@id\":\"https:\\\/\\\/www.webdo.tn\\\/fr\\\/#\\\/schema\\\/logo\\\/image\\\/\",\"url\":\"https:\\\/\\\/www.webdo.tn\\\/fr\\\/wp-content\\\/uploads\\\/2025\\\/06\\\/Webdo-Tunisie_168377.jpg\",\"contentUrl\":\"https:\\\/\\\/www.webdo.tn\\\/fr\\\/wp-content\\\/uploads\\\/2025\\\/06\\\/Webdo-Tunisie_168377.jpg\",\"width\":301,\"height\":301,\"caption\":\"Webdo\"},\"image\":{\"@id\":\"https:\\\/\\\/www.webdo.tn\\\/fr\\\/#\\\/schema\\\/logo\\\/image\\\/\"},\"sameAs\":[\"https:\\\/\\\/www.facebook.com\\\/webdotn\",\"https:\\\/\\\/x.com\\\/webdo_tn\"],\"description\":\"Webdo est un m\u00e9dia num\u00e9rique tunisien fond\u00e9 en 2010, sp\u00e9cialis\u00e9 dans l\u2019actualit\u00e9 nationale et internationale, l\u2019\u00e9conomie, la soci\u00e9t\u00e9 et les analyses politiques. Le site s\u2019adresse \u00e0 un large public francophone et couvre l\u2019information tunisienne en temps r\u00e9el.\",\"email\":\"redac@webdo.tn\",\"legalName\":\"YNJ SARL\",\"foundingDate\":\"2010-09-06\",\"numberOfEmployees\":{\"@type\":\"QuantitativeValue\",\"minValue\":\"11\",\"maxValue\":\"50\"}},{\"@type\":\"Person\",\"@id\":\"https:\\\/\\\/www.webdo.tn\\\/fr\\\/#\\\/schema\\\/person\\\/2c4929cbf5a809e3bd38617c6ce150f6\",\"name\":\"MC\",\"image\":{\"@type\":\"ImageObject\",\"inLanguage\":\"fr-FR\",\"@id\":\"https:\\\/\\\/secure.gravatar.com\\\/avatar\\\/a545bbb6f84efdd5553dbbc2895e3ca8f1d12c5215e00a041c9670b54aa9b18a?s=96&d=mm&r=g\",\"url\":\"https:\\\/\\\/secure.gravatar.com\\\/avatar\\\/a545bbb6f84efdd5553dbbc2895e3ca8f1d12c5215e00a041c9670b54aa9b18a?s=96&d=mm&r=g\",\"contentUrl\":\"https:\\\/\\\/secure.gravatar.com\\\/avatar\\\/a545bbb6f84efdd5553dbbc2895e3ca8f1d12c5215e00a041c9670b54aa9b18a?s=96&d=mm&r=g\",\"caption\":\"MC\"},\"url\":\"https:\\\/\\\/www.webdo.tn\\\/fr\\\/actualite\\\/author\\\/mc\\\/\"}]}<\/script>\n<!-- \/ Yoast SEO Premium plugin. -->","yoast_head_json":{"title":"LDC : L\u2019Esp\u00e9rance, un pied en quarts de finale","description":"L'Esp\u00e9rance bat l'Etoile du Sahel 2-0 dans un match comptant pour la 5e journ\u00e9e de la phase des poules de la Ligue des Champions africaine.","canonical":"https:\/\/www.webdo.tn\/fr\/actualite\/sport\/ldc-l-esperance-un-pied-en-quarts-de-finale\/212544\/","og_locale":"fr_FR","og_type":"article","og_title":"LDC : L\u2019Esp\u00e9rance, un pied en quarts de finale","og_description":"L'Esp\u00e9rance bat l'Etoile du Sahel 2-0 dans un match comptant pour la 5e journ\u00e9e de la phase des poules de la Ligue des Champions africaine.","og_url":"https:\/\/www.webdo.tn\/fr\/actualite\/sport\/ldc-l-esperance-un-pied-en-quarts-de-finale\/212544\/","og_site_name":"webdo","article_publisher":"https:\/\/www.facebook.com\/webdotn","article_published_time":"2024-02-24T22:06:00+00:00","article_modified_time":"2025-05-20T21:52:51+00:00","og_image":[{"width":750,"height":400,"url":"https:\/\/www.webdo.tn\/fr\/wp-content\/uploads\/2024\/02\/f0bdc5fff0aa71b98da1e3309eba8ac6.jpg","type":"image\/jpeg"}],"author":"MC","twitter_card":"summary_large_image","twitter_creator":"@webdo_tn","twitter_site":"@webdo_tn","twitter_misc":{"\u00c9crit par":"MC","Dur\u00e9e de lecture estim\u00e9e":"2 minutes"},"schema":{"@context":"https:\/\/schema.org","@graph":[{"@type":"NewsArticle","@id":"https:\/\/www.webdo.tn\/fr\/actualite\/sport\/ldc-l-esperance-un-pied-en-quarts-de-finale\/212544\/#article","isPartOf":{"@id":"https:\/\/www.webdo.tn\/fr\/actualite\/sport\/ldc-l-esperance-un-pied-en-quarts-de-finale\/212544\/"},"author":{"name":"MC","@id":"https:\/\/www.webdo.tn\/fr\/#\/schema\/person\/2c4929cbf5a809e3bd38617c6ce150f6"},"headline":"LDC : L\u2019Esp\u00e9rance, un pied en quarts de finale","datePublished":"2024-02-24T22:06:00+00:00","dateModified":"2025-05-20T21:52:51+00:00","mainEntityOfPage":{"@id":"https:\/\/www.webdo.tn\/fr\/actualite\/sport\/ldc-l-esperance-un-pied-en-quarts-de-finale\/212544\/"},"wordCount":398,"commentCount":0,"publisher":{"@id":"https:\/\/www.webdo.tn\/fr\/#organization"},"image":{"@id":"https:\/\/www.webdo.tn\/fr\/actualite\/sport\/ldc-l-esperance-un-pied-en-quarts-de-finale\/212544\/#primaryimage"},"thumbnailUrl":"https:\/\/www.webdo.tn\/fr\/wp-content\/uploads\/2024\/02\/f0bdc5fff0aa71b98da1e3309eba8ac6.jpg","keywords":["CAF","esp\u00e9rance st","\u00e9toile du sahel","ligue des champions","Tunisie"],"articleSection":["Sport"],"inLanguage":"fr-FR"},{"@type":"WebPage","@id":"https:\/\/www.webdo.tn\/fr\/actualite\/sport\/ldc-l-esperance-un-pied-en-quarts-de-finale\/212544\/","url":"https:\/\/www.webdo.tn\/fr\/actualite\/sport\/ldc-l-esperance-un-pied-en-quarts-de-finale\/212544\/","name":"LDC : L\u2019Esp\u00e9rance, un pied en quarts de finale","isPartOf":{"@id":"https:\/\/www.webdo.tn\/fr\/#website"},"primaryImageOfPage":{"@id":"https:\/\/www.webdo.tn\/fr\/actualite\/sport\/ldc-l-esperance-un-pied-en-quarts-de-finale\/212544\/#primaryimage"},"image":{"@id":"https:\/\/www.webdo.tn\/fr\/actualite\/sport\/ldc-l-esperance-un-pied-en-quarts-de-finale\/212544\/#primaryimage"},"thumbnailUrl":"https:\/\/www.webdo.tn\/fr\/wp-content\/uploads\/2024\/02\/f0bdc5fff0aa71b98da1e3309eba8ac6.jpg","datePublished":"2024-02-24T22:06:00+00:00","dateModified":"2025-05-20T21:52:51+00:00","description":"L'Esp\u00e9rance bat l'Etoile du Sahel 2-0 dans un match comptant pour la 5e journ\u00e9e de la phase des poules de la Ligue des Champions africaine.","breadcrumb":{"@id":"https:\/\/www.webdo.tn\/fr\/actualite\/sport\/ldc-l-esperance-un-pied-en-quarts-de-finale\/212544\/#breadcrumb"},"inLanguage":"fr-FR","potentialAction":[{"@type":"ReadAction","target":["https:\/\/www.webdo.tn\/fr\/actualite\/sport\/ldc-l-esperance-un-pied-en-quarts-de-finale\/212544\/"]}]},{"@type":"ImageObject","inLanguage":"fr-FR","@id":"https:\/\/www.webdo.tn\/fr\/actualite\/sport\/ldc-l-esperance-un-pied-en-quarts-de-finale\/212544\/#primaryimage","url":"https:\/\/www.webdo.tn\/fr\/wp-content\/uploads\/2024\/02\/f0bdc5fff0aa71b98da1e3309eba8ac6.jpg","contentUrl":"https:\/\/www.webdo.tn\/fr\/wp-content\/uploads\/2024\/02\/f0bdc5fff0aa71b98da1e3309eba8ac6.jpg","width":750,"height":400,"caption":"LDC : L\u2019Esp\u00e9rance, un pied en quarts de finale"},{"@type":"BreadcrumbList","@id":"https:\/\/www.webdo.tn\/fr\/actualite\/sport\/ldc-l-esperance-un-pied-en-quarts-de-finale\/212544\/#breadcrumb","itemListElement":[{"@type":"ListItem","position":1,"name":"Accueil","item":"https:\/\/www.webdo.tn\/fr\/"},{"@type":"ListItem","position":2,"name":"LDC : L\u2019Esp\u00e9rance, un pied en quarts de finale"}]},{"@type":"WebSite","@id":"https:\/\/www.webdo.tn\/fr\/#website","url":"https:\/\/www.webdo.tn\/fr\/","name":"webdo","description":"Tunisie - News en Tunisie et \u00e0 l&#039;international sur Webdo.tn","publisher":{"@id":"https:\/\/www.webdo.tn\/fr\/#organization"},"potentialAction":[{"@type":"SearchAction","target":{"@type":"EntryPoint","urlTemplate":"https:\/\/www.webdo.tn\/fr\/?s={search_term_string}"},"query-input":{"@type":"PropertyValueSpecification","valueRequired":true,"valueName":"search_term_string"}}],"inLanguage":"fr-FR"},{"@type":"Organization","@id":"https:\/\/www.webdo.tn\/fr\/#organization","name":"Webdo","alternateName":"Webdo.tn","url":"https:\/\/www.webdo.tn\/fr\/","logo":{"@type":"ImageObject","inLanguage":"fr-FR","@id":"https:\/\/www.webdo.tn\/fr\/#\/schema\/logo\/image\/","url":"https:\/\/www.webdo.tn\/fr\/wp-content\/uploads\/2025\/06\/Webdo-Tunisie_168377.jpg","contentUrl":"https:\/\/www.webdo.tn\/fr\/wp-content\/uploads\/2025\/06\/Webdo-Tunisie_168377.jpg","width":301,"height":301,"caption":"Webdo"},"image":{"@id":"https:\/\/www.webdo.tn\/fr\/#\/schema\/logo\/image\/"},"sameAs":["https:\/\/www.facebook.com\/webdotn","https:\/\/x.com\/webdo_tn"],"description":"Webdo est un m\u00e9dia num\u00e9rique tunisien fond\u00e9 en 2010, sp\u00e9cialis\u00e9 dans l\u2019actualit\u00e9 nationale et internationale, l\u2019\u00e9conomie, la soci\u00e9t\u00e9 et les analyses politiques. Le site s\u2019adresse \u00e0 un large public francophone et couvre l\u2019information tunisienne en temps r\u00e9el.","email":"redac@webdo.tn","legalName":"YNJ SARL","foundingDate":"2010-09-06","numberOfEmployees":{"@type":"QuantitativeValue","minValue":"11","maxValue":"50"}},{"@type":"Person","@id":"https:\/\/www.webdo.tn\/fr\/#\/schema\/person\/2c4929cbf5a809e3bd38617c6ce150f6","name":"MC","image":{"@type":"ImageObject","inLanguage":"fr-FR","@id":"https:\/\/secure.gravatar.com\/avatar\/a545bbb6f84efdd5553dbbc2895e3ca8f1d12c5215e00a041c9670b54aa9b18a?s=96&d=mm&r=g","url":"https:\/\/secure.gravatar.com\/avatar\/a545bbb6f84efdd5553dbbc2895e3ca8f1d12c5215e00a041c9670b54aa9b18a?s=96&d=mm&r=g","contentUrl":"https:\/\/secure.gravatar.com\/avatar\/a545bbb6f84efdd5553dbbc2895e3ca8f1d12c5215e00a041c9670b54aa9b18a?s=96&d=mm&r=g","caption":"MC"},"url":"https:\/\/www.webdo.tn\/fr\/actualite\/author\/mc\/"}]}},"_links":{"self":[{"href":"https:\/\/www.webdo.tn\/fr\/wp-json\/wp\/v2\/posts\/212544","targetHints":{"allow":["GET"]}}],"collection":[{"href":"https:\/\/www.webdo.tn\/fr\/wp-json\/wp\/v2\/posts"}],"about":[{"href":"https:\/\/www.webdo.tn\/fr\/wp-json\/wp\/v2\/types\/post"}],"author":[{"embeddable":true,"href":"https:\/\/www.webdo.tn\/fr\/wp-json\/wp\/v2\/users\/3162"}],"replies":[{"embeddable":true,"href":"https:\/\/www.webdo.tn\/fr\/wp-json\/wp\/v2\/comments?post=212544"}],"version-history":[{"count":0,"href":"https:\/\/www.webdo.tn\/fr\/wp-json\/wp\/v2\/posts\/212544\/revisions"}],"wp:featuredmedia":[{"embeddable":true,"href":"https:\/\/www.webdo.tn\/fr\/wp-json\/wp\/v2\/media\/247939"}],"wp:attachment":[{"href":"https:\/\/www.webdo.tn\/fr\/wp-json\/wp\/v2\/media?parent=212544"}],"wp:term":[{"taxonomy":"category","embeddable":true,"href":"https:\/\/www.webdo.tn\/fr\/wp-json\/wp\/v2\/categories?post=212544"},{"taxonomy":"post_tag","embeddable":true,"href":"https:\/\/www.webdo.tn\/fr\/wp-json\/wp\/v2\/tags?post=212544"}],"curies":[{"name":"wp","href":"https:\/\/api.w.org\/{rel}","templated":true}]}}