{"id":212543,"date":"2024-02-24T21:26:00","date_gmt":"2024-02-24T21:26:00","guid":{"rendered":"https:\/\/www.webdo.tn\/fr\/blog\/tunisie-jaouher-ben-mbarek-condamne-a-six-mois-de-prison\/212543\/"},"modified":"2025-05-20T21:52:52","modified_gmt":"2025-05-20T21:52:52","slug":"tunisie-jaouher-ben-mbarek-condamne-a-six-mois-de-prison","status":"publish","type":"post","link":"https:\/\/www.webdo.tn\/fr\/actualite\/national\/tunisie-jaouher-ben-mbarek-condamne-a-six-mois-de-prison\/212543\/","title":{"rendered":"Tunisie : Jaouher Ben Mbarek condamn\u00e9 \u00e0 six mois de prison"},"content":{"rendered":"<p>Jaouher Ben Mbarek, porte-parole du Front de salut national, a \u00e9t\u00e9 condamn\u00e9 \u00e0 une peine de six mois de prison, a annonc\u00e9, ce samedi 24 f\u00e9vrier 2024, sa s\u0153ur l&rsquo;avocate Dalila Msaddek.<\/p>\n<p>\t\t\t\t\t\t\t\t\tDalila Msaddek a annonc\u00e9, sur son compte Facebook, que Jaouher Ben Mbarek a \u00e9t\u00e9 condamn\u00e9 par la sixi\u00e8me Chambre p\u00e9nale aupr\u00e8s du Tribunal de premi\u00e8re instance de Tunis \u00e0 une peine de six mois de prison.<\/p>\n<p>Jaouher Ben Mbarek \u00e9tait vis\u00e9 par une plainte \u00e9manant de l\u2019Instance sup\u00e9rieure ind\u00e9pendante pour les \u00e9lections (ISIE) sur la base du D\u00e9cret 54 relatif \u00e0 la lutte contre les infractions se rapportant aux syst\u00e8mes d\u2019information et de communication, et ce, suite \u00e0 ses d\u00e9clarations t\u00e9l\u00e9vis\u00e9es dans lesquelles il a qualifi\u00e9 \u00ab\u00a0les \u00e9lections de 2022 de coup d&rsquo;\u00c9tat ridicule\u00a0\u00bb.<\/p>\n<p>Le porte-parole du Front de salut national, avait \u00e9t\u00e9 arr\u00eat\u00e9, le 24 f\u00e9vrier 2023 par les agents de l\u2019Unit\u00e9 nationale de recherche dans les crimes terroristes et les crimes touchant \u00e0 la s\u00fbret\u00e9 du territoire national en collaboration avec ceux de la police judiciaire d&rsquo;El Gorjani.<\/p>\n<p>Soup\u00e7onn\u00e9 d&rsquo;organisation d&rsquo;une bande pour comploter contre la s\u00fbret\u00e9 int\u00e9rieure de l&rsquo;Etat. Un mandat de d\u00e9p\u00f4t avait \u00e9mis \u00e0 son encontre le 25 f\u00e9vrier 2023.<\/p>\n","protected":false},"excerpt":{"rendered":"<p>Dalila Msaddek a annonc\u00e9, sur son compte Facebook, que Jaouher Ben Mbarek a \u00e9t\u00e9 condamn\u00e9 par la sixi\u00e8me Chambre p\u00e9nale aupr\u00e8s du Tribunal de premi\u00e8re instance d&#8230;<\/p>\n","protected":false},"author":3162,"featured_media":247941,"comment_status":"open","ping_status":"closed","sticky":false,"template":"","format":"standard","meta":{"footnotes":""},"categories":[44],"tags":[2835,3284,2967,6427,2708,2608],"class_list":["post-212543","post","type-post","status-publish","format-standard","has-post-thumbnail","hentry","category-national","tag-condamnation","tag-decret-54","tag-isie","tag-jaouher-ben-mbarek","tag-prison","tag-tunisie"],"yoast_head":"<!-- This site is optimized with the Yoast SEO Premium plugin v27.5 (Yoast SEO v27.5) - https:\/\/yoast.com\/product\/yoast-seo-premium-wordpress\/ -->\n<title>Tunisie : Jaouher Ben Mbarek condamn\u00e9 \u00e0 six mois de prison<\/title>\n<meta name=\"description\" content=\"Dalila Msaddek a annonc\u00e9, sur son compte Facebook, que Jaouher Ben Mbarek a \u00e9t\u00e9 condamn\u00e9 par la sixi\u00e8me Chambre p\u00e9nale aupr\u00e8s du Tribunal de premi\u00e8re instance d...\" \/>\n<link rel=\"canonical\" href=\"https:\/\/www.webdo.tn\/fr\/actualite\/national\/tunisie-jaouher-ben-mbarek-condamne-a-six-mois-de-prison\/212543\/\" \/>\n<meta property=\"og:locale\" content=\"fr_FR\" \/>\n<meta property=\"og:type\" content=\"article\" \/>\n<meta property=\"og:title\" content=\"Tunisie : Jaouher Ben Mbarek condamn\u00e9 \u00e0 six mois de prison\" \/>\n<meta property=\"og:description\" content=\"Dalila Msaddek a annonc\u00e9, sur son compte Facebook, que Jaouher Ben Mbarek a \u00e9t\u00e9 condamn\u00e9 par la sixi\u00e8me Chambre p\u00e9nale aupr\u00e8s du Tribunal de premi\u00e8re instance d...\" \/>\n<meta property=\"og:url\" content=\"https:\/\/www.webdo.tn\/fr\/actualite\/national\/tunisie-jaouher-ben-mbarek-condamne-a-six-mois-de-prison\/212543\/\" \/>\n<meta property=\"og:site_name\" content=\"webdo\" \/>\n<meta property=\"article:publisher\" content=\"https:\/\/www.facebook.com\/webdotn\" \/>\n<meta property=\"article:published_time\" content=\"2024-02-24T21:26:00+00:00\" \/>\n<meta property=\"article:modified_time\" content=\"2025-05-20T21:52:52+00:00\" \/>\n<meta property=\"og:image\" content=\"https:\/\/www.webdo.tn\/fr\/wp-content\/uploads\/2024\/02\/0e365cd4ff90d7742d9356d5acf20ff7.jpg\" \/>\n\t<meta property=\"og:image:width\" content=\"750\" \/>\n\t<meta property=\"og:image:height\" content=\"400\" \/>\n\t<meta property=\"og:image:type\" content=\"image\/jpeg\" \/>\n<meta name=\"author\" content=\"MC\" \/>\n<meta name=\"twitter:card\" content=\"summary_large_image\" \/>\n<meta name=\"twitter:creator\" content=\"@webdo_tn\" \/>\n<meta name=\"twitter:site\" content=\"@webdo_tn\" \/>\n<meta name=\"twitter:label1\" content=\"\u00c9crit par\" \/>\n\t<meta name=\"twitter:data1\" content=\"MC\" \/>\n\t<meta name=\"twitter:label2\" content=\"Dur\u00e9e de lecture estim\u00e9e\" \/>\n\t<meta name=\"twitter:data2\" content=\"1 minute\" \/>\n<script type=\"application\/ld+json\" class=\"yoast-schema-graph\">{\"@context\":\"https:\\\/\\\/schema.org\",\"@graph\":[{\"@type\":\"NewsArticle\",\"@id\":\"https:\\\/\\\/www.webdo.tn\\\/fr\\\/actualite\\\/national\\\/tunisie-jaouher-ben-mbarek-condamne-a-six-mois-de-prison\\\/212543\\\/#article\",\"isPartOf\":{\"@id\":\"https:\\\/\\\/www.webdo.tn\\\/fr\\\/actualite\\\/national\\\/tunisie-jaouher-ben-mbarek-condamne-a-six-mois-de-prison\\\/212543\\\/\"},\"author\":{\"name\":\"MC\",\"@id\":\"https:\\\/\\\/www.webdo.tn\\\/fr\\\/#\\\/schema\\\/person\\\/2c4929cbf5a809e3bd38617c6ce150f6\"},\"headline\":\"Tunisie : Jaouher Ben Mbarek condamn\u00e9 \u00e0 six mois de prison\",\"datePublished\":\"2024-02-24T21:26:00+00:00\",\"dateModified\":\"2025-05-20T21:52:52+00:00\",\"mainEntityOfPage\":{\"@id\":\"https:\\\/\\\/www.webdo.tn\\\/fr\\\/actualite\\\/national\\\/tunisie-jaouher-ben-mbarek-condamne-a-six-mois-de-prison\\\/212543\\\/\"},\"wordCount\":224,\"commentCount\":0,\"publisher\":{\"@id\":\"https:\\\/\\\/www.webdo.tn\\\/fr\\\/#organization\"},\"image\":{\"@id\":\"https:\\\/\\\/www.webdo.tn\\\/fr\\\/actualite\\\/national\\\/tunisie-jaouher-ben-mbarek-condamne-a-six-mois-de-prison\\\/212543\\\/#primaryimage\"},\"thumbnailUrl\":\"https:\\\/\\\/www.webdo.tn\\\/fr\\\/wp-content\\\/uploads\\\/2024\\\/02\\\/0e365cd4ff90d7742d9356d5acf20ff7.jpg\",\"keywords\":[\"condamnation\",\"d\u00e9cret 54\",\"ISIE\",\"jaouher ben mbarek\",\"Prison\",\"Tunisie\"],\"articleSection\":[\"National\"],\"inLanguage\":\"fr-FR\"},{\"@type\":\"WebPage\",\"@id\":\"https:\\\/\\\/www.webdo.tn\\\/fr\\\/actualite\\\/national\\\/tunisie-jaouher-ben-mbarek-condamne-a-six-mois-de-prison\\\/212543\\\/\",\"url\":\"https:\\\/\\\/www.webdo.tn\\\/fr\\\/actualite\\\/national\\\/tunisie-jaouher-ben-mbarek-condamne-a-six-mois-de-prison\\\/212543\\\/\",\"name\":\"Tunisie : Jaouher Ben Mbarek condamn\u00e9 \u00e0 six mois de prison\",\"isPartOf\":{\"@id\":\"https:\\\/\\\/www.webdo.tn\\\/fr\\\/#website\"},\"primaryImageOfPage\":{\"@id\":\"https:\\\/\\\/www.webdo.tn\\\/fr\\\/actualite\\\/national\\\/tunisie-jaouher-ben-mbarek-condamne-a-six-mois-de-prison\\\/212543\\\/#primaryimage\"},\"image\":{\"@id\":\"https:\\\/\\\/www.webdo.tn\\\/fr\\\/actualite\\\/national\\\/tunisie-jaouher-ben-mbarek-condamne-a-six-mois-de-prison\\\/212543\\\/#primaryimage\"},\"thumbnailUrl\":\"https:\\\/\\\/www.webdo.tn\\\/fr\\\/wp-content\\\/uploads\\\/2024\\\/02\\\/0e365cd4ff90d7742d9356d5acf20ff7.jpg\",\"datePublished\":\"2024-02-24T21:26:00+00:00\",\"dateModified\":\"2025-05-20T21:52:52+00:00\",\"description\":\"Dalila Msaddek a annonc\u00e9, sur son compte Facebook, que Jaouher Ben Mbarek a \u00e9t\u00e9 condamn\u00e9 par la sixi\u00e8me Chambre p\u00e9nale aupr\u00e8s du Tribunal de premi\u00e8re instance d...\",\"breadcrumb\":{\"@id\":\"https:\\\/\\\/www.webdo.tn\\\/fr\\\/actualite\\\/national\\\/tunisie-jaouher-ben-mbarek-condamne-a-six-mois-de-prison\\\/212543\\\/#breadcrumb\"},\"inLanguage\":\"fr-FR\",\"potentialAction\":[{\"@type\":\"ReadAction\",\"target\":[\"https:\\\/\\\/www.webdo.tn\\\/fr\\\/actualite\\\/national\\\/tunisie-jaouher-ben-mbarek-condamne-a-six-mois-de-prison\\\/212543\\\/\"]}]},{\"@type\":\"ImageObject\",\"inLanguage\":\"fr-FR\",\"@id\":\"https:\\\/\\\/www.webdo.tn\\\/fr\\\/actualite\\\/national\\\/tunisie-jaouher-ben-mbarek-condamne-a-six-mois-de-prison\\\/212543\\\/#primaryimage\",\"url\":\"https:\\\/\\\/www.webdo.tn\\\/fr\\\/wp-content\\\/uploads\\\/2024\\\/02\\\/0e365cd4ff90d7742d9356d5acf20ff7.jpg\",\"contentUrl\":\"https:\\\/\\\/www.webdo.tn\\\/fr\\\/wp-content\\\/uploads\\\/2024\\\/02\\\/0e365cd4ff90d7742d9356d5acf20ff7.jpg\",\"width\":750,\"height\":400,\"caption\":\"Tunisie : Jaouher Ben Mbarek condamn\u00e9 \u00e0 six mois de prison\"},{\"@type\":\"BreadcrumbList\",\"@id\":\"https:\\\/\\\/www.webdo.tn\\\/fr\\\/actualite\\\/national\\\/tunisie-jaouher-ben-mbarek-condamne-a-six-mois-de-prison\\\/212543\\\/#breadcrumb\",\"itemListElement\":[{\"@type\":\"ListItem\",\"position\":1,\"name\":\"Accueil\",\"item\":\"https:\\\/\\\/www.webdo.tn\\\/fr\\\/\"},{\"@type\":\"ListItem\",\"position\":2,\"name\":\"Tunisie : Jaouher Ben Mbarek condamn\u00e9 \u00e0 six mois de prison\"}]},{\"@type\":\"WebSite\",\"@id\":\"https:\\\/\\\/www.webdo.tn\\\/fr\\\/#website\",\"url\":\"https:\\\/\\\/www.webdo.tn\\\/fr\\\/\",\"name\":\"webdo\",\"description\":\"Tunisie - News en Tunisie et \u00e0 l&#039;international sur Webdo.tn\",\"publisher\":{\"@id\":\"https:\\\/\\\/www.webdo.tn\\\/fr\\\/#organization\"},\"potentialAction\":[{\"@type\":\"SearchAction\",\"target\":{\"@type\":\"EntryPoint\",\"urlTemplate\":\"https:\\\/\\\/www.webdo.tn\\\/fr\\\/?s={search_term_string}\"},\"query-input\":{\"@type\":\"PropertyValueSpecification\",\"valueRequired\":true,\"valueName\":\"search_term_string\"}}],\"inLanguage\":\"fr-FR\"},{\"@type\":\"Organization\",\"@id\":\"https:\\\/\\\/www.webdo.tn\\\/fr\\\/#organization\",\"name\":\"Webdo\",\"alternateName\":\"Webdo.tn\",\"url\":\"https:\\\/\\\/www.webdo.tn\\\/fr\\\/\",\"logo\":{\"@type\":\"ImageObject\",\"inLanguage\":\"fr-FR\",\"@id\":\"https:\\\/\\\/www.webdo.tn\\\/fr\\\/#\\\/schema\\\/logo\\\/image\\\/\",\"url\":\"https:\\\/\\\/www.webdo.tn\\\/fr\\\/wp-content\\\/uploads\\\/2025\\\/06\\\/Webdo-Tunisie_168377.jpg\",\"contentUrl\":\"https:\\\/\\\/www.webdo.tn\\\/fr\\\/wp-content\\\/uploads\\\/2025\\\/06\\\/Webdo-Tunisie_168377.jpg\",\"width\":301,\"height\":301,\"caption\":\"Webdo\"},\"image\":{\"@id\":\"https:\\\/\\\/www.webdo.tn\\\/fr\\\/#\\\/schema\\\/logo\\\/image\\\/\"},\"sameAs\":[\"https:\\\/\\\/www.facebook.com\\\/webdotn\",\"https:\\\/\\\/x.com\\\/webdo_tn\"],\"description\":\"Webdo est un m\u00e9dia num\u00e9rique tunisien fond\u00e9 en 2010, sp\u00e9cialis\u00e9 dans l\u2019actualit\u00e9 nationale et internationale, l\u2019\u00e9conomie, la soci\u00e9t\u00e9 et les analyses politiques. Le site s\u2019adresse \u00e0 un large public francophone et couvre l\u2019information tunisienne en temps r\u00e9el.\",\"email\":\"redac@webdo.tn\",\"legalName\":\"YNJ SARL\",\"foundingDate\":\"2010-09-06\",\"numberOfEmployees\":{\"@type\":\"QuantitativeValue\",\"minValue\":\"11\",\"maxValue\":\"50\"}},{\"@type\":\"Person\",\"@id\":\"https:\\\/\\\/www.webdo.tn\\\/fr\\\/#\\\/schema\\\/person\\\/2c4929cbf5a809e3bd38617c6ce150f6\",\"name\":\"MC\",\"image\":{\"@type\":\"ImageObject\",\"inLanguage\":\"fr-FR\",\"@id\":\"https:\\\/\\\/secure.gravatar.com\\\/avatar\\\/a545bbb6f84efdd5553dbbc2895e3ca8f1d12c5215e00a041c9670b54aa9b18a?s=96&d=mm&r=g\",\"url\":\"https:\\\/\\\/secure.gravatar.com\\\/avatar\\\/a545bbb6f84efdd5553dbbc2895e3ca8f1d12c5215e00a041c9670b54aa9b18a?s=96&d=mm&r=g\",\"contentUrl\":\"https:\\\/\\\/secure.gravatar.com\\\/avatar\\\/a545bbb6f84efdd5553dbbc2895e3ca8f1d12c5215e00a041c9670b54aa9b18a?s=96&d=mm&r=g\",\"caption\":\"MC\"},\"url\":\"https:\\\/\\\/www.webdo.tn\\\/fr\\\/actualite\\\/author\\\/mc\\\/\"}]}<\/script>\n<!-- \/ Yoast SEO Premium plugin. -->","yoast_head_json":{"title":"Tunisie : Jaouher Ben Mbarek condamn\u00e9 \u00e0 six mois de prison","description":"Dalila Msaddek a annonc\u00e9, sur son compte Facebook, que Jaouher Ben Mbarek a \u00e9t\u00e9 condamn\u00e9 par la sixi\u00e8me Chambre p\u00e9nale aupr\u00e8s du Tribunal de premi\u00e8re instance d...","canonical":"https:\/\/www.webdo.tn\/fr\/actualite\/national\/tunisie-jaouher-ben-mbarek-condamne-a-six-mois-de-prison\/212543\/","og_locale":"fr_FR","og_type":"article","og_title":"Tunisie : Jaouher Ben Mbarek condamn\u00e9 \u00e0 six mois de prison","og_description":"Dalila Msaddek a annonc\u00e9, sur son compte Facebook, que Jaouher Ben Mbarek a \u00e9t\u00e9 condamn\u00e9 par la sixi\u00e8me Chambre p\u00e9nale aupr\u00e8s du Tribunal de premi\u00e8re instance d...","og_url":"https:\/\/www.webdo.tn\/fr\/actualite\/national\/tunisie-jaouher-ben-mbarek-condamne-a-six-mois-de-prison\/212543\/","og_site_name":"webdo","article_publisher":"https:\/\/www.facebook.com\/webdotn","article_published_time":"2024-02-24T21:26:00+00:00","article_modified_time":"2025-05-20T21:52:52+00:00","og_image":[{"width":750,"height":400,"url":"https:\/\/www.webdo.tn\/fr\/wp-content\/uploads\/2024\/02\/0e365cd4ff90d7742d9356d5acf20ff7.jpg","type":"image\/jpeg"}],"author":"MC","twitter_card":"summary_large_image","twitter_creator":"@webdo_tn","twitter_site":"@webdo_tn","twitter_misc":{"\u00c9crit par":"MC","Dur\u00e9e de lecture estim\u00e9e":"1 minute"},"schema":{"@context":"https:\/\/schema.org","@graph":[{"@type":"NewsArticle","@id":"https:\/\/www.webdo.tn\/fr\/actualite\/national\/tunisie-jaouher-ben-mbarek-condamne-a-six-mois-de-prison\/212543\/#article","isPartOf":{"@id":"https:\/\/www.webdo.tn\/fr\/actualite\/national\/tunisie-jaouher-ben-mbarek-condamne-a-six-mois-de-prison\/212543\/"},"author":{"name":"MC","@id":"https:\/\/www.webdo.tn\/fr\/#\/schema\/person\/2c4929cbf5a809e3bd38617c6ce150f6"},"headline":"Tunisie : Jaouher Ben Mbarek condamn\u00e9 \u00e0 six mois de prison","datePublished":"2024-02-24T21:26:00+00:00","dateModified":"2025-05-20T21:52:52+00:00","mainEntityOfPage":{"@id":"https:\/\/www.webdo.tn\/fr\/actualite\/national\/tunisie-jaouher-ben-mbarek-condamne-a-six-mois-de-prison\/212543\/"},"wordCount":224,"commentCount":0,"publisher":{"@id":"https:\/\/www.webdo.tn\/fr\/#organization"},"image":{"@id":"https:\/\/www.webdo.tn\/fr\/actualite\/national\/tunisie-jaouher-ben-mbarek-condamne-a-six-mois-de-prison\/212543\/#primaryimage"},"thumbnailUrl":"https:\/\/www.webdo.tn\/fr\/wp-content\/uploads\/2024\/02\/0e365cd4ff90d7742d9356d5acf20ff7.jpg","keywords":["condamnation","d\u00e9cret 54","ISIE","jaouher ben mbarek","Prison","Tunisie"],"articleSection":["National"],"inLanguage":"fr-FR"},{"@type":"WebPage","@id":"https:\/\/www.webdo.tn\/fr\/actualite\/national\/tunisie-jaouher-ben-mbarek-condamne-a-six-mois-de-prison\/212543\/","url":"https:\/\/www.webdo.tn\/fr\/actualite\/national\/tunisie-jaouher-ben-mbarek-condamne-a-six-mois-de-prison\/212543\/","name":"Tunisie : Jaouher Ben Mbarek condamn\u00e9 \u00e0 six mois de prison","isPartOf":{"@id":"https:\/\/www.webdo.tn\/fr\/#website"},"primaryImageOfPage":{"@id":"https:\/\/www.webdo.tn\/fr\/actualite\/national\/tunisie-jaouher-ben-mbarek-condamne-a-six-mois-de-prison\/212543\/#primaryimage"},"image":{"@id":"https:\/\/www.webdo.tn\/fr\/actualite\/national\/tunisie-jaouher-ben-mbarek-condamne-a-six-mois-de-prison\/212543\/#primaryimage"},"thumbnailUrl":"https:\/\/www.webdo.tn\/fr\/wp-content\/uploads\/2024\/02\/0e365cd4ff90d7742d9356d5acf20ff7.jpg","datePublished":"2024-02-24T21:26:00+00:00","dateModified":"2025-05-20T21:52:52+00:00","description":"Dalila Msaddek a annonc\u00e9, sur son compte Facebook, que Jaouher Ben Mbarek a \u00e9t\u00e9 condamn\u00e9 par la sixi\u00e8me Chambre p\u00e9nale aupr\u00e8s du Tribunal de premi\u00e8re instance d...","breadcrumb":{"@id":"https:\/\/www.webdo.tn\/fr\/actualite\/national\/tunisie-jaouher-ben-mbarek-condamne-a-six-mois-de-prison\/212543\/#breadcrumb"},"inLanguage":"fr-FR","potentialAction":[{"@type":"ReadAction","target":["https:\/\/www.webdo.tn\/fr\/actualite\/national\/tunisie-jaouher-ben-mbarek-condamne-a-six-mois-de-prison\/212543\/"]}]},{"@type":"ImageObject","inLanguage":"fr-FR","@id":"https:\/\/www.webdo.tn\/fr\/actualite\/national\/tunisie-jaouher-ben-mbarek-condamne-a-six-mois-de-prison\/212543\/#primaryimage","url":"https:\/\/www.webdo.tn\/fr\/wp-content\/uploads\/2024\/02\/0e365cd4ff90d7742d9356d5acf20ff7.jpg","contentUrl":"https:\/\/www.webdo.tn\/fr\/wp-content\/uploads\/2024\/02\/0e365cd4ff90d7742d9356d5acf20ff7.jpg","width":750,"height":400,"caption":"Tunisie : Jaouher Ben Mbarek condamn\u00e9 \u00e0 six mois de prison"},{"@type":"BreadcrumbList","@id":"https:\/\/www.webdo.tn\/fr\/actualite\/national\/tunisie-jaouher-ben-mbarek-condamne-a-six-mois-de-prison\/212543\/#breadcrumb","itemListElement":[{"@type":"ListItem","position":1,"name":"Accueil","item":"https:\/\/www.webdo.tn\/fr\/"},{"@type":"ListItem","position":2,"name":"Tunisie : Jaouher Ben Mbarek condamn\u00e9 \u00e0 six mois de prison"}]},{"@type":"WebSite","@id":"https:\/\/www.webdo.tn\/fr\/#website","url":"https:\/\/www.webdo.tn\/fr\/","name":"webdo","description":"Tunisie - News en Tunisie et \u00e0 l&#039;international sur Webdo.tn","publisher":{"@id":"https:\/\/www.webdo.tn\/fr\/#organization"},"potentialAction":[{"@type":"SearchAction","target":{"@type":"EntryPoint","urlTemplate":"https:\/\/www.webdo.tn\/fr\/?s={search_term_string}"},"query-input":{"@type":"PropertyValueSpecification","valueRequired":true,"valueName":"search_term_string"}}],"inLanguage":"fr-FR"},{"@type":"Organization","@id":"https:\/\/www.webdo.tn\/fr\/#organization","name":"Webdo","alternateName":"Webdo.tn","url":"https:\/\/www.webdo.tn\/fr\/","logo":{"@type":"ImageObject","inLanguage":"fr-FR","@id":"https:\/\/www.webdo.tn\/fr\/#\/schema\/logo\/image\/","url":"https:\/\/www.webdo.tn\/fr\/wp-content\/uploads\/2025\/06\/Webdo-Tunisie_168377.jpg","contentUrl":"https:\/\/www.webdo.tn\/fr\/wp-content\/uploads\/2025\/06\/Webdo-Tunisie_168377.jpg","width":301,"height":301,"caption":"Webdo"},"image":{"@id":"https:\/\/www.webdo.tn\/fr\/#\/schema\/logo\/image\/"},"sameAs":["https:\/\/www.facebook.com\/webdotn","https:\/\/x.com\/webdo_tn"],"description":"Webdo est un m\u00e9dia num\u00e9rique tunisien fond\u00e9 en 2010, sp\u00e9cialis\u00e9 dans l\u2019actualit\u00e9 nationale et internationale, l\u2019\u00e9conomie, la soci\u00e9t\u00e9 et les analyses politiques. Le site s\u2019adresse \u00e0 un large public francophone et couvre l\u2019information tunisienne en temps r\u00e9el.","email":"redac@webdo.tn","legalName":"YNJ SARL","foundingDate":"2010-09-06","numberOfEmployees":{"@type":"QuantitativeValue","minValue":"11","maxValue":"50"}},{"@type":"Person","@id":"https:\/\/www.webdo.tn\/fr\/#\/schema\/person\/2c4929cbf5a809e3bd38617c6ce150f6","name":"MC","image":{"@type":"ImageObject","inLanguage":"fr-FR","@id":"https:\/\/secure.gravatar.com\/avatar\/a545bbb6f84efdd5553dbbc2895e3ca8f1d12c5215e00a041c9670b54aa9b18a?s=96&d=mm&r=g","url":"https:\/\/secure.gravatar.com\/avatar\/a545bbb6f84efdd5553dbbc2895e3ca8f1d12c5215e00a041c9670b54aa9b18a?s=96&d=mm&r=g","contentUrl":"https:\/\/secure.gravatar.com\/avatar\/a545bbb6f84efdd5553dbbc2895e3ca8f1d12c5215e00a041c9670b54aa9b18a?s=96&d=mm&r=g","caption":"MC"},"url":"https:\/\/www.webdo.tn\/fr\/actualite\/author\/mc\/"}]}},"_links":{"self":[{"href":"https:\/\/www.webdo.tn\/fr\/wp-json\/wp\/v2\/posts\/212543","targetHints":{"allow":["GET"]}}],"collection":[{"href":"https:\/\/www.webdo.tn\/fr\/wp-json\/wp\/v2\/posts"}],"about":[{"href":"https:\/\/www.webdo.tn\/fr\/wp-json\/wp\/v2\/types\/post"}],"author":[{"embeddable":true,"href":"https:\/\/www.webdo.tn\/fr\/wp-json\/wp\/v2\/users\/3162"}],"replies":[{"embeddable":true,"href":"https:\/\/www.webdo.tn\/fr\/wp-json\/wp\/v2\/comments?post=212543"}],"version-history":[{"count":0,"href":"https:\/\/www.webdo.tn\/fr\/wp-json\/wp\/v2\/posts\/212543\/revisions"}],"wp:featuredmedia":[{"embeddable":true,"href":"https:\/\/www.webdo.tn\/fr\/wp-json\/wp\/v2\/media\/247941"}],"wp:attachment":[{"href":"https:\/\/www.webdo.tn\/fr\/wp-json\/wp\/v2\/media?parent=212543"}],"wp:term":[{"taxonomy":"category","embeddable":true,"href":"https:\/\/www.webdo.tn\/fr\/wp-json\/wp\/v2\/categories?post=212543"},{"taxonomy":"post_tag","embeddable":true,"href":"https:\/\/www.webdo.tn\/fr\/wp-json\/wp\/v2\/tags?post=212543"}],"curies":[{"name":"wp","href":"https:\/\/api.w.org\/{rel}","templated":true}]}}