{"id":212518,"date":"2024-02-23T14:15:00","date_gmt":"2024-02-23T14:15:00","guid":{"rendered":"https:\/\/www.webdo.tn\/fr\/blog\/deux-mille-jeunes-tunisiens-recrutes-en-italie-dans-le-domaine-du-btp\/212518\/"},"modified":"2025-05-20T22:37:39","modified_gmt":"2025-05-20T22:37:39","slug":"deux-mille-jeunes-tunisiens-recrutes-en-italie-dans-le-domaine-du-btp","status":"publish","type":"post","link":"https:\/\/www.webdo.tn\/fr\/actualite\/national\/deux-mille-jeunes-tunisiens-recrutes-en-italie-dans-le-domaine-du-btp\/212518\/","title":{"rendered":"Tunisie : Deux mille jeunes recrut\u00e9s en Italie dans le domaine du BTP"},"content":{"rendered":"<p>La collaboration entre la Tunisie et l&rsquo;Italie dans le domaine de l&#8217;emploi progresse, tandis qu&rsquo;une convergence politique entre les deux pays s&rsquo;est r\u00e9cemment affirm\u00e9e.<\/p>\n<p>\t\t\t\t\t\t\t\t\tDans ce contexte, l&rsquo;ambassadeur d&rsquo;Italie en Tunisie, Alexandro Prunas, a annonc\u00e9 que 2000 dipl\u00f4m\u00e9s tunisiens du syst\u00e8me de formation professionnelle seront recrut\u00e9s dans les secteurs du b\u00e2timent et des travaux publics en Italie au cours de la p\u00e9riode 2024-2026.\u00a0<\/p>\n<p>Selon un communiqu\u00e9 du minist\u00e8re de l&rsquo;Emploi et de la Formation professionnelle, cette initiative s&rsquo;inscrit dans le cadre de la mise en \u0153uvre d&rsquo;un accord-cadre visant \u00e0 faciliter l&rsquo;int\u00e9gration professionnelle des jeunes Tunisiens dans le secteur de la construction en Italie.\u00a0<\/p>\n<p>Prunas a exprim\u00e9 sa conviction que la r\u00e9ussite de ce projet pilote ouvrira la voie au recrutement de comp\u00e9tences tunisiennes dans l&rsquo;\u00e9conomie italienne.<\/p>\n<p>En octobre dernier, \u00e0 Tunis, la Tunisie et l&rsquo;Italie ont sign\u00e9 un m\u00e9morandum d&rsquo;accord sur la migration r\u00e9guli\u00e8re, permettant \u00e0 4000 travailleurs tunisiens qualifi\u00e9s de b\u00e9n\u00e9ficier de la possibilit\u00e9 de travailler en Italie de mani\u00e8re l\u00e9gale.\u00a0<\/p>\n<p>Il est \u00e0 noter que dans le cadre de la mise en \u0153uvre d&rsquo;une convention de partenariat avec la Tunisie, dont la signature est pr\u00e9vue prochainement, l&rsquo;Italie pr\u00e9voit d&rsquo;accueillir des milliers de travailleurs tunisiens dans divers secteurs d&rsquo;activit\u00e9, selon les d\u00e9clarations de l&rsquo;ancien ambassadeur italien en Tunisie, Fabrizio Saggio.<\/p>\n<p>La Tunisie et l\u2019Italie avait sign\u00e9 en octobre dernier \u00e0 Tunis un m\u00e9morandum d&rsquo;accord sur la migration r\u00e9guli\u00e8re. 4.000 travailleurs tunisiens qualifi\u00e9s peuvent avoir la possibilit\u00e9 d\u2019aller travailler en Italie r\u00e9guli\u00e8rement.\u00a0<\/p>\n<p>Rappelons que dans le cadre de l\u2019application d\u2019une convention de partenariat avec la Tunisie dont la signature est pr\u00e9vue prochainement, l\u2019Italie envisage d\u2019accueillir des milliers de travailleurs tunisiens dans diff\u00e9rents secteurs d\u2019activit\u00e9s, selon les d\u00e9clarations de l\u2019ancien ambassadeur italien en Tunisie.<\/p>\n","protected":false},"excerpt":{"rendered":"<p>Dans ce contexte, l&rsquo;ambassadeur d&rsquo;Italie en Tunisie, Alexandro Prunas, a annonc\u00e9 que 2000 dipl\u00f4m\u00e9s tunisiens du syst\u00e8me de formation professionnelle seront recr&#8230;<\/p>\n","protected":false},"author":3175,"featured_media":247929,"comment_status":"open","ping_status":"closed","sticky":false,"template":"","format":"standard","meta":{"footnotes":""},"categories":[44],"tags":[3064,3049,2660,2608],"class_list":["post-212518","post","type-post","status-publish","format-standard","has-post-thumbnail","hentry","category-national","tag-batiment","tag-emploi","tag-italie","tag-tunisie"],"yoast_head":"<!-- This site is optimized with the Yoast SEO Premium plugin v27.4 (Yoast SEO v27.4) - https:\/\/yoast.com\/product\/yoast-seo-premium-wordpress\/ -->\n<title>Tunisie : Deux mille jeunes recrut\u00e9s en Italie dans le domaine du BTP<\/title>\n<meta name=\"description\" content=\"Dans ce contexte, l&#039;ambassadeur d&#039;Italie en Tunisie, Alexandro Prunas, a annonc\u00e9 que 2000 dipl\u00f4m\u00e9s tunisiens du syst\u00e8me de formation professionnelle seront recr...\" \/>\n<link rel=\"canonical\" href=\"https:\/\/www.webdo.tn\/fr\/actualite\/national\/deux-mille-jeunes-tunisiens-recrutes-en-italie-dans-le-domaine-du-btp\/212518\/\" \/>\n<meta property=\"og:locale\" content=\"fr_FR\" \/>\n<meta property=\"og:type\" content=\"article\" \/>\n<meta property=\"og:title\" content=\"Tunisie : Deux mille jeunes recrut\u00e9s en Italie dans le domaine du BTP\" \/>\n<meta property=\"og:description\" content=\"Dans ce contexte, l&#039;ambassadeur d&#039;Italie en Tunisie, Alexandro Prunas, a annonc\u00e9 que 2000 dipl\u00f4m\u00e9s tunisiens du syst\u00e8me de formation professionnelle seront recr...\" \/>\n<meta property=\"og:url\" content=\"https:\/\/www.webdo.tn\/fr\/actualite\/national\/deux-mille-jeunes-tunisiens-recrutes-en-italie-dans-le-domaine-du-btp\/212518\/\" \/>\n<meta property=\"og:site_name\" content=\"webdo\" \/>\n<meta property=\"article:publisher\" content=\"https:\/\/www.facebook.com\/webdotn\" \/>\n<meta property=\"article:published_time\" content=\"2024-02-23T14:15:00+00:00\" \/>\n<meta property=\"article:modified_time\" content=\"2025-05-20T22:37:39+00:00\" \/>\n<meta property=\"og:image\" content=\"https:\/\/www.webdo.tn\/fr\/wp-content\/uploads\/2024\/02\/1367f4f01d2933a2929035d6ce1277fc.jpg\" \/>\n\t<meta property=\"og:image:width\" content=\"750\" \/>\n\t<meta property=\"og:image:height\" content=\"400\" \/>\n\t<meta property=\"og:image:type\" content=\"image\/jpeg\" \/>\n<meta name=\"author\" content=\"CL\" \/>\n<meta name=\"twitter:card\" content=\"summary_large_image\" \/>\n<meta name=\"twitter:creator\" content=\"@webdo_tn\" \/>\n<meta name=\"twitter:site\" content=\"@webdo_tn\" \/>\n<meta name=\"twitter:label1\" content=\"\u00c9crit par\" \/>\n\t<meta name=\"twitter:data1\" content=\"CL\" \/>\n\t<meta name=\"twitter:label2\" content=\"Dur\u00e9e de lecture estim\u00e9e\" \/>\n\t<meta name=\"twitter:data2\" content=\"2 minutes\" \/>\n<script type=\"application\/ld+json\" class=\"yoast-schema-graph\">{\"@context\":\"https:\\\/\\\/schema.org\",\"@graph\":[{\"@type\":\"NewsArticle\",\"@id\":\"https:\\\/\\\/www.webdo.tn\\\/fr\\\/actualite\\\/national\\\/deux-mille-jeunes-tunisiens-recrutes-en-italie-dans-le-domaine-du-btp\\\/212518\\\/#article\",\"isPartOf\":{\"@id\":\"https:\\\/\\\/www.webdo.tn\\\/fr\\\/actualite\\\/national\\\/deux-mille-jeunes-tunisiens-recrutes-en-italie-dans-le-domaine-du-btp\\\/212518\\\/\"},\"author\":{\"name\":\"CL\",\"@id\":\"https:\\\/\\\/www.webdo.tn\\\/fr\\\/#\\\/schema\\\/person\\\/f35b42a42c5e2511bbd282959d6385cc\"},\"headline\":\"Tunisie : Deux mille jeunes recrut\u00e9s en Italie dans le domaine du BTP\",\"datePublished\":\"2024-02-23T14:15:00+00:00\",\"dateModified\":\"2025-05-20T22:37:39+00:00\",\"mainEntityOfPage\":{\"@id\":\"https:\\\/\\\/www.webdo.tn\\\/fr\\\/actualite\\\/national\\\/deux-mille-jeunes-tunisiens-recrutes-en-italie-dans-le-domaine-du-btp\\\/212518\\\/\"},\"wordCount\":349,\"commentCount\":0,\"publisher\":{\"@id\":\"https:\\\/\\\/www.webdo.tn\\\/fr\\\/#organization\"},\"image\":{\"@id\":\"https:\\\/\\\/www.webdo.tn\\\/fr\\\/actualite\\\/national\\\/deux-mille-jeunes-tunisiens-recrutes-en-italie-dans-le-domaine-du-btp\\\/212518\\\/#primaryimage\"},\"thumbnailUrl\":\"https:\\\/\\\/www.webdo.tn\\\/fr\\\/wp-content\\\/uploads\\\/2024\\\/02\\\/1367f4f01d2933a2929035d6ce1277fc.jpg\",\"keywords\":[\"b\u00e2timent\",\"emploi\",\"Italie\",\"Tunisie\"],\"articleSection\":[\"National\"],\"inLanguage\":\"fr-FR\"},{\"@type\":\"WebPage\",\"@id\":\"https:\\\/\\\/www.webdo.tn\\\/fr\\\/actualite\\\/national\\\/deux-mille-jeunes-tunisiens-recrutes-en-italie-dans-le-domaine-du-btp\\\/212518\\\/\",\"url\":\"https:\\\/\\\/www.webdo.tn\\\/fr\\\/actualite\\\/national\\\/deux-mille-jeunes-tunisiens-recrutes-en-italie-dans-le-domaine-du-btp\\\/212518\\\/\",\"name\":\"Tunisie : Deux mille jeunes recrut\u00e9s en Italie dans le domaine du BTP\",\"isPartOf\":{\"@id\":\"https:\\\/\\\/www.webdo.tn\\\/fr\\\/#website\"},\"primaryImageOfPage\":{\"@id\":\"https:\\\/\\\/www.webdo.tn\\\/fr\\\/actualite\\\/national\\\/deux-mille-jeunes-tunisiens-recrutes-en-italie-dans-le-domaine-du-btp\\\/212518\\\/#primaryimage\"},\"image\":{\"@id\":\"https:\\\/\\\/www.webdo.tn\\\/fr\\\/actualite\\\/national\\\/deux-mille-jeunes-tunisiens-recrutes-en-italie-dans-le-domaine-du-btp\\\/212518\\\/#primaryimage\"},\"thumbnailUrl\":\"https:\\\/\\\/www.webdo.tn\\\/fr\\\/wp-content\\\/uploads\\\/2024\\\/02\\\/1367f4f01d2933a2929035d6ce1277fc.jpg\",\"datePublished\":\"2024-02-23T14:15:00+00:00\",\"dateModified\":\"2025-05-20T22:37:39+00:00\",\"description\":\"Dans ce contexte, l'ambassadeur d'Italie en Tunisie, Alexandro Prunas, a annonc\u00e9 que 2000 dipl\u00f4m\u00e9s tunisiens du syst\u00e8me de formation professionnelle seront recr...\",\"breadcrumb\":{\"@id\":\"https:\\\/\\\/www.webdo.tn\\\/fr\\\/actualite\\\/national\\\/deux-mille-jeunes-tunisiens-recrutes-en-italie-dans-le-domaine-du-btp\\\/212518\\\/#breadcrumb\"},\"inLanguage\":\"fr-FR\",\"potentialAction\":[{\"@type\":\"ReadAction\",\"target\":[\"https:\\\/\\\/www.webdo.tn\\\/fr\\\/actualite\\\/national\\\/deux-mille-jeunes-tunisiens-recrutes-en-italie-dans-le-domaine-du-btp\\\/212518\\\/\"]}]},{\"@type\":\"ImageObject\",\"inLanguage\":\"fr-FR\",\"@id\":\"https:\\\/\\\/www.webdo.tn\\\/fr\\\/actualite\\\/national\\\/deux-mille-jeunes-tunisiens-recrutes-en-italie-dans-le-domaine-du-btp\\\/212518\\\/#primaryimage\",\"url\":\"https:\\\/\\\/www.webdo.tn\\\/fr\\\/wp-content\\\/uploads\\\/2024\\\/02\\\/1367f4f01d2933a2929035d6ce1277fc.jpg\",\"contentUrl\":\"https:\\\/\\\/www.webdo.tn\\\/fr\\\/wp-content\\\/uploads\\\/2024\\\/02\\\/1367f4f01d2933a2929035d6ce1277fc.jpg\",\"width\":750,\"height\":400,\"caption\":\"Tunisie : Deux mille jeunes recrut\u00e9s en Italie dans le domaine du BTP\"},{\"@type\":\"BreadcrumbList\",\"@id\":\"https:\\\/\\\/www.webdo.tn\\\/fr\\\/actualite\\\/national\\\/deux-mille-jeunes-tunisiens-recrutes-en-italie-dans-le-domaine-du-btp\\\/212518\\\/#breadcrumb\",\"itemListElement\":[{\"@type\":\"ListItem\",\"position\":1,\"name\":\"Accueil\",\"item\":\"https:\\\/\\\/www.webdo.tn\\\/fr\\\/\"},{\"@type\":\"ListItem\",\"position\":2,\"name\":\"Tunisie : Deux mille jeunes recrut\u00e9s en Italie dans le domaine du BTP\"}]},{\"@type\":\"WebSite\",\"@id\":\"https:\\\/\\\/www.webdo.tn\\\/fr\\\/#website\",\"url\":\"https:\\\/\\\/www.webdo.tn\\\/fr\\\/\",\"name\":\"webdo\",\"description\":\"Tunisie - News en Tunisie et \u00e0 l&#039;international sur Webdo.tn\",\"publisher\":{\"@id\":\"https:\\\/\\\/www.webdo.tn\\\/fr\\\/#organization\"},\"potentialAction\":[{\"@type\":\"SearchAction\",\"target\":{\"@type\":\"EntryPoint\",\"urlTemplate\":\"https:\\\/\\\/www.webdo.tn\\\/fr\\\/?s={search_term_string}\"},\"query-input\":{\"@type\":\"PropertyValueSpecification\",\"valueRequired\":true,\"valueName\":\"search_term_string\"}}],\"inLanguage\":\"fr-FR\"},{\"@type\":\"Organization\",\"@id\":\"https:\\\/\\\/www.webdo.tn\\\/fr\\\/#organization\",\"name\":\"Webdo\",\"alternateName\":\"Webdo.tn\",\"url\":\"https:\\\/\\\/www.webdo.tn\\\/fr\\\/\",\"logo\":{\"@type\":\"ImageObject\",\"inLanguage\":\"fr-FR\",\"@id\":\"https:\\\/\\\/www.webdo.tn\\\/fr\\\/#\\\/schema\\\/logo\\\/image\\\/\",\"url\":\"https:\\\/\\\/www.webdo.tn\\\/fr\\\/wp-content\\\/uploads\\\/2025\\\/06\\\/Webdo-Tunisie_168377.jpg\",\"contentUrl\":\"https:\\\/\\\/www.webdo.tn\\\/fr\\\/wp-content\\\/uploads\\\/2025\\\/06\\\/Webdo-Tunisie_168377.jpg\",\"width\":301,\"height\":301,\"caption\":\"Webdo\"},\"image\":{\"@id\":\"https:\\\/\\\/www.webdo.tn\\\/fr\\\/#\\\/schema\\\/logo\\\/image\\\/\"},\"sameAs\":[\"https:\\\/\\\/www.facebook.com\\\/webdotn\",\"https:\\\/\\\/x.com\\\/webdo_tn\"],\"description\":\"Webdo est un m\u00e9dia num\u00e9rique tunisien fond\u00e9 en 2010, sp\u00e9cialis\u00e9 dans l\u2019actualit\u00e9 nationale et internationale, l\u2019\u00e9conomie, la soci\u00e9t\u00e9 et les analyses politiques. Le site s\u2019adresse \u00e0 un large public francophone et couvre l\u2019information tunisienne en temps r\u00e9el.\",\"email\":\"redac@webdo.tn\",\"legalName\":\"YNJ SARL\",\"foundingDate\":\"2010-09-06\",\"numberOfEmployees\":{\"@type\":\"QuantitativeValue\",\"minValue\":\"11\",\"maxValue\":\"50\"}},{\"@type\":\"Person\",\"@id\":\"https:\\\/\\\/www.webdo.tn\\\/fr\\\/#\\\/schema\\\/person\\\/f35b42a42c5e2511bbd282959d6385cc\",\"name\":\"CL\",\"image\":{\"@type\":\"ImageObject\",\"inLanguage\":\"fr-FR\",\"@id\":\"https:\\\/\\\/secure.gravatar.com\\\/avatar\\\/1447a49909b67aa657c488aec6512e1dd6143a480c1ecfee9b5b5cd74eb3b59e?s=96&d=mm&r=g\",\"url\":\"https:\\\/\\\/secure.gravatar.com\\\/avatar\\\/1447a49909b67aa657c488aec6512e1dd6143a480c1ecfee9b5b5cd74eb3b59e?s=96&d=mm&r=g\",\"contentUrl\":\"https:\\\/\\\/secure.gravatar.com\\\/avatar\\\/1447a49909b67aa657c488aec6512e1dd6143a480c1ecfee9b5b5cd74eb3b59e?s=96&d=mm&r=g\",\"caption\":\"CL\"},\"url\":\"https:\\\/\\\/www.webdo.tn\\\/fr\\\/actualite\\\/author\\\/cl\\\/\"}]}<\/script>\n<!-- \/ Yoast SEO Premium plugin. -->","yoast_head_json":{"title":"Tunisie : Deux mille jeunes recrut\u00e9s en Italie dans le domaine du BTP","description":"Dans ce contexte, l'ambassadeur d'Italie en Tunisie, Alexandro Prunas, a annonc\u00e9 que 2000 dipl\u00f4m\u00e9s tunisiens du syst\u00e8me de formation professionnelle seront recr...","canonical":"https:\/\/www.webdo.tn\/fr\/actualite\/national\/deux-mille-jeunes-tunisiens-recrutes-en-italie-dans-le-domaine-du-btp\/212518\/","og_locale":"fr_FR","og_type":"article","og_title":"Tunisie : Deux mille jeunes recrut\u00e9s en Italie dans le domaine du BTP","og_description":"Dans ce contexte, l'ambassadeur d'Italie en Tunisie, Alexandro Prunas, a annonc\u00e9 que 2000 dipl\u00f4m\u00e9s tunisiens du syst\u00e8me de formation professionnelle seront recr...","og_url":"https:\/\/www.webdo.tn\/fr\/actualite\/national\/deux-mille-jeunes-tunisiens-recrutes-en-italie-dans-le-domaine-du-btp\/212518\/","og_site_name":"webdo","article_publisher":"https:\/\/www.facebook.com\/webdotn","article_published_time":"2024-02-23T14:15:00+00:00","article_modified_time":"2025-05-20T22:37:39+00:00","og_image":[{"width":750,"height":400,"url":"https:\/\/www.webdo.tn\/fr\/wp-content\/uploads\/2024\/02\/1367f4f01d2933a2929035d6ce1277fc.jpg","type":"image\/jpeg"}],"author":"CL","twitter_card":"summary_large_image","twitter_creator":"@webdo_tn","twitter_site":"@webdo_tn","twitter_misc":{"\u00c9crit par":"CL","Dur\u00e9e de lecture estim\u00e9e":"2 minutes"},"schema":{"@context":"https:\/\/schema.org","@graph":[{"@type":"NewsArticle","@id":"https:\/\/www.webdo.tn\/fr\/actualite\/national\/deux-mille-jeunes-tunisiens-recrutes-en-italie-dans-le-domaine-du-btp\/212518\/#article","isPartOf":{"@id":"https:\/\/www.webdo.tn\/fr\/actualite\/national\/deux-mille-jeunes-tunisiens-recrutes-en-italie-dans-le-domaine-du-btp\/212518\/"},"author":{"name":"CL","@id":"https:\/\/www.webdo.tn\/fr\/#\/schema\/person\/f35b42a42c5e2511bbd282959d6385cc"},"headline":"Tunisie : Deux mille jeunes recrut\u00e9s en Italie dans le domaine du BTP","datePublished":"2024-02-23T14:15:00+00:00","dateModified":"2025-05-20T22:37:39+00:00","mainEntityOfPage":{"@id":"https:\/\/www.webdo.tn\/fr\/actualite\/national\/deux-mille-jeunes-tunisiens-recrutes-en-italie-dans-le-domaine-du-btp\/212518\/"},"wordCount":349,"commentCount":0,"publisher":{"@id":"https:\/\/www.webdo.tn\/fr\/#organization"},"image":{"@id":"https:\/\/www.webdo.tn\/fr\/actualite\/national\/deux-mille-jeunes-tunisiens-recrutes-en-italie-dans-le-domaine-du-btp\/212518\/#primaryimage"},"thumbnailUrl":"https:\/\/www.webdo.tn\/fr\/wp-content\/uploads\/2024\/02\/1367f4f01d2933a2929035d6ce1277fc.jpg","keywords":["b\u00e2timent","emploi","Italie","Tunisie"],"articleSection":["National"],"inLanguage":"fr-FR"},{"@type":"WebPage","@id":"https:\/\/www.webdo.tn\/fr\/actualite\/national\/deux-mille-jeunes-tunisiens-recrutes-en-italie-dans-le-domaine-du-btp\/212518\/","url":"https:\/\/www.webdo.tn\/fr\/actualite\/national\/deux-mille-jeunes-tunisiens-recrutes-en-italie-dans-le-domaine-du-btp\/212518\/","name":"Tunisie : Deux mille jeunes recrut\u00e9s en Italie dans le domaine du BTP","isPartOf":{"@id":"https:\/\/www.webdo.tn\/fr\/#website"},"primaryImageOfPage":{"@id":"https:\/\/www.webdo.tn\/fr\/actualite\/national\/deux-mille-jeunes-tunisiens-recrutes-en-italie-dans-le-domaine-du-btp\/212518\/#primaryimage"},"image":{"@id":"https:\/\/www.webdo.tn\/fr\/actualite\/national\/deux-mille-jeunes-tunisiens-recrutes-en-italie-dans-le-domaine-du-btp\/212518\/#primaryimage"},"thumbnailUrl":"https:\/\/www.webdo.tn\/fr\/wp-content\/uploads\/2024\/02\/1367f4f01d2933a2929035d6ce1277fc.jpg","datePublished":"2024-02-23T14:15:00+00:00","dateModified":"2025-05-20T22:37:39+00:00","description":"Dans ce contexte, l'ambassadeur d'Italie en Tunisie, Alexandro Prunas, a annonc\u00e9 que 2000 dipl\u00f4m\u00e9s tunisiens du syst\u00e8me de formation professionnelle seront recr...","breadcrumb":{"@id":"https:\/\/www.webdo.tn\/fr\/actualite\/national\/deux-mille-jeunes-tunisiens-recrutes-en-italie-dans-le-domaine-du-btp\/212518\/#breadcrumb"},"inLanguage":"fr-FR","potentialAction":[{"@type":"ReadAction","target":["https:\/\/www.webdo.tn\/fr\/actualite\/national\/deux-mille-jeunes-tunisiens-recrutes-en-italie-dans-le-domaine-du-btp\/212518\/"]}]},{"@type":"ImageObject","inLanguage":"fr-FR","@id":"https:\/\/www.webdo.tn\/fr\/actualite\/national\/deux-mille-jeunes-tunisiens-recrutes-en-italie-dans-le-domaine-du-btp\/212518\/#primaryimage","url":"https:\/\/www.webdo.tn\/fr\/wp-content\/uploads\/2024\/02\/1367f4f01d2933a2929035d6ce1277fc.jpg","contentUrl":"https:\/\/www.webdo.tn\/fr\/wp-content\/uploads\/2024\/02\/1367f4f01d2933a2929035d6ce1277fc.jpg","width":750,"height":400,"caption":"Tunisie : Deux mille jeunes recrut\u00e9s en Italie dans le domaine du BTP"},{"@type":"BreadcrumbList","@id":"https:\/\/www.webdo.tn\/fr\/actualite\/national\/deux-mille-jeunes-tunisiens-recrutes-en-italie-dans-le-domaine-du-btp\/212518\/#breadcrumb","itemListElement":[{"@type":"ListItem","position":1,"name":"Accueil","item":"https:\/\/www.webdo.tn\/fr\/"},{"@type":"ListItem","position":2,"name":"Tunisie : Deux mille jeunes recrut\u00e9s en Italie dans le domaine du BTP"}]},{"@type":"WebSite","@id":"https:\/\/www.webdo.tn\/fr\/#website","url":"https:\/\/www.webdo.tn\/fr\/","name":"webdo","description":"Tunisie - News en Tunisie et \u00e0 l&#039;international sur Webdo.tn","publisher":{"@id":"https:\/\/www.webdo.tn\/fr\/#organization"},"potentialAction":[{"@type":"SearchAction","target":{"@type":"EntryPoint","urlTemplate":"https:\/\/www.webdo.tn\/fr\/?s={search_term_string}"},"query-input":{"@type":"PropertyValueSpecification","valueRequired":true,"valueName":"search_term_string"}}],"inLanguage":"fr-FR"},{"@type":"Organization","@id":"https:\/\/www.webdo.tn\/fr\/#organization","name":"Webdo","alternateName":"Webdo.tn","url":"https:\/\/www.webdo.tn\/fr\/","logo":{"@type":"ImageObject","inLanguage":"fr-FR","@id":"https:\/\/www.webdo.tn\/fr\/#\/schema\/logo\/image\/","url":"https:\/\/www.webdo.tn\/fr\/wp-content\/uploads\/2025\/06\/Webdo-Tunisie_168377.jpg","contentUrl":"https:\/\/www.webdo.tn\/fr\/wp-content\/uploads\/2025\/06\/Webdo-Tunisie_168377.jpg","width":301,"height":301,"caption":"Webdo"},"image":{"@id":"https:\/\/www.webdo.tn\/fr\/#\/schema\/logo\/image\/"},"sameAs":["https:\/\/www.facebook.com\/webdotn","https:\/\/x.com\/webdo_tn"],"description":"Webdo est un m\u00e9dia num\u00e9rique tunisien fond\u00e9 en 2010, sp\u00e9cialis\u00e9 dans l\u2019actualit\u00e9 nationale et internationale, l\u2019\u00e9conomie, la soci\u00e9t\u00e9 et les analyses politiques. Le site s\u2019adresse \u00e0 un large public francophone et couvre l\u2019information tunisienne en temps r\u00e9el.","email":"redac@webdo.tn","legalName":"YNJ SARL","foundingDate":"2010-09-06","numberOfEmployees":{"@type":"QuantitativeValue","minValue":"11","maxValue":"50"}},{"@type":"Person","@id":"https:\/\/www.webdo.tn\/fr\/#\/schema\/person\/f35b42a42c5e2511bbd282959d6385cc","name":"CL","image":{"@type":"ImageObject","inLanguage":"fr-FR","@id":"https:\/\/secure.gravatar.com\/avatar\/1447a49909b67aa657c488aec6512e1dd6143a480c1ecfee9b5b5cd74eb3b59e?s=96&d=mm&r=g","url":"https:\/\/secure.gravatar.com\/avatar\/1447a49909b67aa657c488aec6512e1dd6143a480c1ecfee9b5b5cd74eb3b59e?s=96&d=mm&r=g","contentUrl":"https:\/\/secure.gravatar.com\/avatar\/1447a49909b67aa657c488aec6512e1dd6143a480c1ecfee9b5b5cd74eb3b59e?s=96&d=mm&r=g","caption":"CL"},"url":"https:\/\/www.webdo.tn\/fr\/actualite\/author\/cl\/"}]}},"_links":{"self":[{"href":"https:\/\/www.webdo.tn\/fr\/wp-json\/wp\/v2\/posts\/212518","targetHints":{"allow":["GET"]}}],"collection":[{"href":"https:\/\/www.webdo.tn\/fr\/wp-json\/wp\/v2\/posts"}],"about":[{"href":"https:\/\/www.webdo.tn\/fr\/wp-json\/wp\/v2\/types\/post"}],"author":[{"embeddable":true,"href":"https:\/\/www.webdo.tn\/fr\/wp-json\/wp\/v2\/users\/3175"}],"replies":[{"embeddable":true,"href":"https:\/\/www.webdo.tn\/fr\/wp-json\/wp\/v2\/comments?post=212518"}],"version-history":[{"count":0,"href":"https:\/\/www.webdo.tn\/fr\/wp-json\/wp\/v2\/posts\/212518\/revisions"}],"wp:featuredmedia":[{"embeddable":true,"href":"https:\/\/www.webdo.tn\/fr\/wp-json\/wp\/v2\/media\/247929"}],"wp:attachment":[{"href":"https:\/\/www.webdo.tn\/fr\/wp-json\/wp\/v2\/media?parent=212518"}],"wp:term":[{"taxonomy":"category","embeddable":true,"href":"https:\/\/www.webdo.tn\/fr\/wp-json\/wp\/v2\/categories?post=212518"},{"taxonomy":"post_tag","embeddable":true,"href":"https:\/\/www.webdo.tn\/fr\/wp-json\/wp\/v2\/tags?post=212518"}],"curies":[{"name":"wp","href":"https:\/\/api.w.org\/{rel}","templated":true}]}}