{"id":212514,"date":"2024-02-23T12:56:00","date_gmt":"2024-02-23T12:56:00","guid":{"rendered":"https:\/\/www.webdo.tn\/fr\/blog\/tunisie-meteo-weekend-pluvieux-baisse-des-temperature-et-orages\/212514\/"},"modified":"2025-05-20T22:53:19","modified_gmt":"2025-05-20T22:53:19","slug":"tunisie-meteo-weekend-pluvieux-baisse-des-temperature-et-orages","status":"publish","type":"post","link":"https:\/\/www.webdo.tn\/fr\/actualite\/national\/tunisie-meteo-weekend-pluvieux-baisse-des-temperature-et-orages\/212514\/","title":{"rendered":"Tunisie \u2013 M\u00e9t\u00e9o : Weekend pluvieux, baisse des temp\u00e9ratures et orages !"},"content":{"rendered":"<p>La m\u00e9t\u00e9o sera, \u00e0 partir de l&rsquo;apr\u00e8s-midi de ce vendredi 23 f\u00e9vrier 2024, sera propice \u00e0 des pluies dispers\u00e9es, parfois accompagn\u00e9es d&rsquo;orages, notamment dans les r\u00e9gions ouest du nord et du centre, s&rsquo;\u00e9tendant localement aux r\u00e9gions est pendant la nuit.<\/p>\n<p>\t\t\t\t\t\t\t\t\tLes pr\u00e9cipitations se poursuivront demain, samedi, dans la plupart des r\u00e9gions, surtout l&rsquo;apr\u00e8s-midi, avec des averses orageuses parfois intenses dans les r\u00e9gions est du nord et du centre. Les cumuls quotidiens varieront entre 30 et 50 millim\u00e8tres, avec la possibilit\u00e9 de chutes de gr\u00eale \u00e0 des endroits limit\u00e9s. \u00a0<\/p>\n<p>Selon les pr\u00e9visions de l\u2019Institut national de la m\u00e9t\u00e9orologie, on s&rsquo;attend \u00e0 une baisse sensible des temp\u00e9ratures dans toutes les r\u00e9gions, avec la possibilit\u00e9 de chutes de neige sur les hauteurs de Kasserine et Siliana au cours de la nuit entre le samedi 24 et le dimanche 25 f\u00e9vrier 2024.<\/p>\n","protected":false},"excerpt":{"rendered":"<p>Les pr\u00e9cipitations se poursuivront demain, samedi, dans la plupart des r\u00e9gions, surtout l&rsquo;apr\u00e8s-midi, avec des averses orageuses parfois intenses dans les r\u00e9gio&#8230;<\/p>\n","protected":false},"author":3175,"featured_media":290282,"comment_status":"open","ping_status":"closed","sticky":false,"template":"","format":"standard","meta":{"footnotes":""},"categories":[44],"tags":[2670,3163,2608],"class_list":["post-212514","post","type-post","status-publish","format-standard","has-post-thumbnail","hentry","category-national","tag-meteo","tag-pluies","tag-tunisie"],"yoast_head":"<!-- This site is optimized with the Yoast SEO Premium plugin v27.5 (Yoast SEO v27.5) - https:\/\/yoast.com\/product\/yoast-seo-premium-wordpress\/ -->\n<title>Tunisie \u2013 M\u00e9t\u00e9o : Weekend pluvieux, baisse des temp\u00e9ratures et orages !<\/title>\n<meta name=\"description\" content=\"Les pr\u00e9cipitations se poursuivront demain, samedi, dans la plupart des r\u00e9gions, surtout l&#039;apr\u00e8s-midi, avec des averses orageuses parfois intenses dans les r\u00e9gio...\" \/>\n<link rel=\"canonical\" href=\"https:\/\/www.webdo.tn\/fr\/actualite\/national\/tunisie-meteo-weekend-pluvieux-baisse-des-temperature-et-orages\/212514\/\" \/>\n<meta property=\"og:locale\" content=\"fr_FR\" \/>\n<meta property=\"og:type\" content=\"article\" \/>\n<meta property=\"og:title\" content=\"Tunisie \u2013 M\u00e9t\u00e9o : Weekend pluvieux, baisse des temp\u00e9ratures et orages !\" \/>\n<meta property=\"og:description\" content=\"Les pr\u00e9cipitations se poursuivront demain, samedi, dans la plupart des r\u00e9gions, surtout l&#039;apr\u00e8s-midi, avec des averses orageuses parfois intenses dans les r\u00e9gio...\" \/>\n<meta property=\"og:url\" content=\"https:\/\/www.webdo.tn\/fr\/actualite\/national\/tunisie-meteo-weekend-pluvieux-baisse-des-temperature-et-orages\/212514\/\" \/>\n<meta property=\"og:site_name\" content=\"webdo\" \/>\n<meta property=\"article:publisher\" content=\"https:\/\/www.facebook.com\/webdotn\" \/>\n<meta property=\"article:published_time\" content=\"2024-02-23T12:56:00+00:00\" \/>\n<meta property=\"article:modified_time\" content=\"2025-05-20T22:53:19+00:00\" \/>\n<meta property=\"og:image\" content=\"https:\/\/www.webdo.tn\/fr\/wp-content\/uploads\/2024\/02\/82eafb11b501b451b5bd915e5d212151.png\" \/>\n\t<meta property=\"og:image:width\" content=\"750\" \/>\n\t<meta property=\"og:image:height\" content=\"400\" \/>\n\t<meta property=\"og:image:type\" content=\"image\/png\" \/>\n<meta name=\"author\" content=\"CL\" \/>\n<meta name=\"twitter:card\" content=\"summary_large_image\" \/>\n<meta name=\"twitter:creator\" content=\"@webdo_tn\" \/>\n<meta name=\"twitter:site\" content=\"@webdo_tn\" \/>\n<meta name=\"twitter:label1\" content=\"\u00c9crit par\" \/>\n\t<meta name=\"twitter:data1\" content=\"CL\" \/>\n\t<meta name=\"twitter:label2\" content=\"Dur\u00e9e de lecture estim\u00e9e\" \/>\n\t<meta name=\"twitter:data2\" content=\"1 minute\" \/>\n<script type=\"application\/ld+json\" class=\"yoast-schema-graph\">{\"@context\":\"https:\\\/\\\/schema.org\",\"@graph\":[{\"@type\":\"NewsArticle\",\"@id\":\"https:\\\/\\\/www.webdo.tn\\\/fr\\\/actualite\\\/national\\\/tunisie-meteo-weekend-pluvieux-baisse-des-temperature-et-orages\\\/212514\\\/#article\",\"isPartOf\":{\"@id\":\"https:\\\/\\\/www.webdo.tn\\\/fr\\\/actualite\\\/national\\\/tunisie-meteo-weekend-pluvieux-baisse-des-temperature-et-orages\\\/212514\\\/\"},\"author\":{\"name\":\"CL\",\"@id\":\"https:\\\/\\\/www.webdo.tn\\\/fr\\\/#\\\/schema\\\/person\\\/f35b42a42c5e2511bbd282959d6385cc\"},\"headline\":\"Tunisie \u2013 M\u00e9t\u00e9o : Weekend pluvieux, baisse des temp\u00e9ratures et orages !\",\"datePublished\":\"2024-02-23T12:56:00+00:00\",\"dateModified\":\"2025-05-20T22:53:19+00:00\",\"mainEntityOfPage\":{\"@id\":\"https:\\\/\\\/www.webdo.tn\\\/fr\\\/actualite\\\/national\\\/tunisie-meteo-weekend-pluvieux-baisse-des-temperature-et-orages\\\/212514\\\/\"},\"wordCount\":166,\"commentCount\":0,\"publisher\":{\"@id\":\"https:\\\/\\\/www.webdo.tn\\\/fr\\\/#organization\"},\"image\":{\"@id\":\"https:\\\/\\\/www.webdo.tn\\\/fr\\\/actualite\\\/national\\\/tunisie-meteo-weekend-pluvieux-baisse-des-temperature-et-orages\\\/212514\\\/#primaryimage\"},\"thumbnailUrl\":\"https:\\\/\\\/www.webdo.tn\\\/fr\\\/wp-content\\\/uploads\\\/2024\\\/02\\\/82eafb11b501b451b5bd915e5d212151.png\",\"keywords\":[\"m\u00e9t\u00e9o\",\"pluies\",\"Tunisie\"],\"articleSection\":[\"National\"],\"inLanguage\":\"fr-FR\"},{\"@type\":\"WebPage\",\"@id\":\"https:\\\/\\\/www.webdo.tn\\\/fr\\\/actualite\\\/national\\\/tunisie-meteo-weekend-pluvieux-baisse-des-temperature-et-orages\\\/212514\\\/\",\"url\":\"https:\\\/\\\/www.webdo.tn\\\/fr\\\/actualite\\\/national\\\/tunisie-meteo-weekend-pluvieux-baisse-des-temperature-et-orages\\\/212514\\\/\",\"name\":\"Tunisie \u2013 M\u00e9t\u00e9o : Weekend pluvieux, baisse des temp\u00e9ratures et orages !\",\"isPartOf\":{\"@id\":\"https:\\\/\\\/www.webdo.tn\\\/fr\\\/#website\"},\"primaryImageOfPage\":{\"@id\":\"https:\\\/\\\/www.webdo.tn\\\/fr\\\/actualite\\\/national\\\/tunisie-meteo-weekend-pluvieux-baisse-des-temperature-et-orages\\\/212514\\\/#primaryimage\"},\"image\":{\"@id\":\"https:\\\/\\\/www.webdo.tn\\\/fr\\\/actualite\\\/national\\\/tunisie-meteo-weekend-pluvieux-baisse-des-temperature-et-orages\\\/212514\\\/#primaryimage\"},\"thumbnailUrl\":\"https:\\\/\\\/www.webdo.tn\\\/fr\\\/wp-content\\\/uploads\\\/2024\\\/02\\\/82eafb11b501b451b5bd915e5d212151.png\",\"datePublished\":\"2024-02-23T12:56:00+00:00\",\"dateModified\":\"2025-05-20T22:53:19+00:00\",\"description\":\"Les pr\u00e9cipitations se poursuivront demain, samedi, dans la plupart des r\u00e9gions, surtout l'apr\u00e8s-midi, avec des averses orageuses parfois intenses dans les r\u00e9gio...\",\"breadcrumb\":{\"@id\":\"https:\\\/\\\/www.webdo.tn\\\/fr\\\/actualite\\\/national\\\/tunisie-meteo-weekend-pluvieux-baisse-des-temperature-et-orages\\\/212514\\\/#breadcrumb\"},\"inLanguage\":\"fr-FR\",\"potentialAction\":[{\"@type\":\"ReadAction\",\"target\":[\"https:\\\/\\\/www.webdo.tn\\\/fr\\\/actualite\\\/national\\\/tunisie-meteo-weekend-pluvieux-baisse-des-temperature-et-orages\\\/212514\\\/\"]}]},{\"@type\":\"ImageObject\",\"inLanguage\":\"fr-FR\",\"@id\":\"https:\\\/\\\/www.webdo.tn\\\/fr\\\/actualite\\\/national\\\/tunisie-meteo-weekend-pluvieux-baisse-des-temperature-et-orages\\\/212514\\\/#primaryimage\",\"url\":\"https:\\\/\\\/www.webdo.tn\\\/fr\\\/wp-content\\\/uploads\\\/2024\\\/02\\\/82eafb11b501b451b5bd915e5d212151.png\",\"contentUrl\":\"https:\\\/\\\/www.webdo.tn\\\/fr\\\/wp-content\\\/uploads\\\/2024\\\/02\\\/82eafb11b501b451b5bd915e5d212151.png\",\"width\":750,\"height\":400,\"caption\":\"Tunisie \u2013 M\u00e9t\u00e9o : Weekend pluvieux, baisse des temp\u00e9ratures et orages !\"},{\"@type\":\"BreadcrumbList\",\"@id\":\"https:\\\/\\\/www.webdo.tn\\\/fr\\\/actualite\\\/national\\\/tunisie-meteo-weekend-pluvieux-baisse-des-temperature-et-orages\\\/212514\\\/#breadcrumb\",\"itemListElement\":[{\"@type\":\"ListItem\",\"position\":1,\"name\":\"Accueil\",\"item\":\"https:\\\/\\\/www.webdo.tn\\\/fr\\\/\"},{\"@type\":\"ListItem\",\"position\":2,\"name\":\"Tunisie \u2013 M\u00e9t\u00e9o : Weekend pluvieux, baisse des temp\u00e9ratures et orages !\"}]},{\"@type\":\"WebSite\",\"@id\":\"https:\\\/\\\/www.webdo.tn\\\/fr\\\/#website\",\"url\":\"https:\\\/\\\/www.webdo.tn\\\/fr\\\/\",\"name\":\"webdo\",\"description\":\"Tunisie - News en Tunisie et \u00e0 l&#039;international sur Webdo.tn\",\"publisher\":{\"@id\":\"https:\\\/\\\/www.webdo.tn\\\/fr\\\/#organization\"},\"potentialAction\":[{\"@type\":\"SearchAction\",\"target\":{\"@type\":\"EntryPoint\",\"urlTemplate\":\"https:\\\/\\\/www.webdo.tn\\\/fr\\\/?s={search_term_string}\"},\"query-input\":{\"@type\":\"PropertyValueSpecification\",\"valueRequired\":true,\"valueName\":\"search_term_string\"}}],\"inLanguage\":\"fr-FR\"},{\"@type\":\"Organization\",\"@id\":\"https:\\\/\\\/www.webdo.tn\\\/fr\\\/#organization\",\"name\":\"Webdo\",\"alternateName\":\"Webdo.tn\",\"url\":\"https:\\\/\\\/www.webdo.tn\\\/fr\\\/\",\"logo\":{\"@type\":\"ImageObject\",\"inLanguage\":\"fr-FR\",\"@id\":\"https:\\\/\\\/www.webdo.tn\\\/fr\\\/#\\\/schema\\\/logo\\\/image\\\/\",\"url\":\"https:\\\/\\\/www.webdo.tn\\\/fr\\\/wp-content\\\/uploads\\\/2025\\\/06\\\/Webdo-Tunisie_168377.jpg\",\"contentUrl\":\"https:\\\/\\\/www.webdo.tn\\\/fr\\\/wp-content\\\/uploads\\\/2025\\\/06\\\/Webdo-Tunisie_168377.jpg\",\"width\":301,\"height\":301,\"caption\":\"Webdo\"},\"image\":{\"@id\":\"https:\\\/\\\/www.webdo.tn\\\/fr\\\/#\\\/schema\\\/logo\\\/image\\\/\"},\"sameAs\":[\"https:\\\/\\\/www.facebook.com\\\/webdotn\",\"https:\\\/\\\/x.com\\\/webdo_tn\"],\"description\":\"Webdo est un m\u00e9dia num\u00e9rique tunisien fond\u00e9 en 2010, sp\u00e9cialis\u00e9 dans l\u2019actualit\u00e9 nationale et internationale, l\u2019\u00e9conomie, la soci\u00e9t\u00e9 et les analyses politiques. Le site s\u2019adresse \u00e0 un large public francophone et couvre l\u2019information tunisienne en temps r\u00e9el.\",\"email\":\"redac@webdo.tn\",\"legalName\":\"YNJ SARL\",\"foundingDate\":\"2010-09-06\",\"numberOfEmployees\":{\"@type\":\"QuantitativeValue\",\"minValue\":\"11\",\"maxValue\":\"50\"}},{\"@type\":\"Person\",\"@id\":\"https:\\\/\\\/www.webdo.tn\\\/fr\\\/#\\\/schema\\\/person\\\/f35b42a42c5e2511bbd282959d6385cc\",\"name\":\"CL\",\"image\":{\"@type\":\"ImageObject\",\"inLanguage\":\"fr-FR\",\"@id\":\"https:\\\/\\\/secure.gravatar.com\\\/avatar\\\/1447a49909b67aa657c488aec6512e1dd6143a480c1ecfee9b5b5cd74eb3b59e?s=96&d=mm&r=g\",\"url\":\"https:\\\/\\\/secure.gravatar.com\\\/avatar\\\/1447a49909b67aa657c488aec6512e1dd6143a480c1ecfee9b5b5cd74eb3b59e?s=96&d=mm&r=g\",\"contentUrl\":\"https:\\\/\\\/secure.gravatar.com\\\/avatar\\\/1447a49909b67aa657c488aec6512e1dd6143a480c1ecfee9b5b5cd74eb3b59e?s=96&d=mm&r=g\",\"caption\":\"CL\"},\"url\":\"https:\\\/\\\/www.webdo.tn\\\/fr\\\/actualite\\\/author\\\/cl\\\/\"}]}<\/script>\n<!-- \/ Yoast SEO Premium plugin. -->","yoast_head_json":{"title":"Tunisie \u2013 M\u00e9t\u00e9o : Weekend pluvieux, baisse des temp\u00e9ratures et orages !","description":"Les pr\u00e9cipitations se poursuivront demain, samedi, dans la plupart des r\u00e9gions, surtout l'apr\u00e8s-midi, avec des averses orageuses parfois intenses dans les r\u00e9gio...","canonical":"https:\/\/www.webdo.tn\/fr\/actualite\/national\/tunisie-meteo-weekend-pluvieux-baisse-des-temperature-et-orages\/212514\/","og_locale":"fr_FR","og_type":"article","og_title":"Tunisie \u2013 M\u00e9t\u00e9o : Weekend pluvieux, baisse des temp\u00e9ratures et orages !","og_description":"Les pr\u00e9cipitations se poursuivront demain, samedi, dans la plupart des r\u00e9gions, surtout l'apr\u00e8s-midi, avec des averses orageuses parfois intenses dans les r\u00e9gio...","og_url":"https:\/\/www.webdo.tn\/fr\/actualite\/national\/tunisie-meteo-weekend-pluvieux-baisse-des-temperature-et-orages\/212514\/","og_site_name":"webdo","article_publisher":"https:\/\/www.facebook.com\/webdotn","article_published_time":"2024-02-23T12:56:00+00:00","article_modified_time":"2025-05-20T22:53:19+00:00","og_image":[{"width":750,"height":400,"url":"https:\/\/www.webdo.tn\/fr\/wp-content\/uploads\/2024\/02\/82eafb11b501b451b5bd915e5d212151.png","type":"image\/png"}],"author":"CL","twitter_card":"summary_large_image","twitter_creator":"@webdo_tn","twitter_site":"@webdo_tn","twitter_misc":{"\u00c9crit par":"CL","Dur\u00e9e de lecture estim\u00e9e":"1 minute"},"schema":{"@context":"https:\/\/schema.org","@graph":[{"@type":"NewsArticle","@id":"https:\/\/www.webdo.tn\/fr\/actualite\/national\/tunisie-meteo-weekend-pluvieux-baisse-des-temperature-et-orages\/212514\/#article","isPartOf":{"@id":"https:\/\/www.webdo.tn\/fr\/actualite\/national\/tunisie-meteo-weekend-pluvieux-baisse-des-temperature-et-orages\/212514\/"},"author":{"name":"CL","@id":"https:\/\/www.webdo.tn\/fr\/#\/schema\/person\/f35b42a42c5e2511bbd282959d6385cc"},"headline":"Tunisie \u2013 M\u00e9t\u00e9o : Weekend pluvieux, baisse des temp\u00e9ratures et orages !","datePublished":"2024-02-23T12:56:00+00:00","dateModified":"2025-05-20T22:53:19+00:00","mainEntityOfPage":{"@id":"https:\/\/www.webdo.tn\/fr\/actualite\/national\/tunisie-meteo-weekend-pluvieux-baisse-des-temperature-et-orages\/212514\/"},"wordCount":166,"commentCount":0,"publisher":{"@id":"https:\/\/www.webdo.tn\/fr\/#organization"},"image":{"@id":"https:\/\/www.webdo.tn\/fr\/actualite\/national\/tunisie-meteo-weekend-pluvieux-baisse-des-temperature-et-orages\/212514\/#primaryimage"},"thumbnailUrl":"https:\/\/www.webdo.tn\/fr\/wp-content\/uploads\/2024\/02\/82eafb11b501b451b5bd915e5d212151.png","keywords":["m\u00e9t\u00e9o","pluies","Tunisie"],"articleSection":["National"],"inLanguage":"fr-FR"},{"@type":"WebPage","@id":"https:\/\/www.webdo.tn\/fr\/actualite\/national\/tunisie-meteo-weekend-pluvieux-baisse-des-temperature-et-orages\/212514\/","url":"https:\/\/www.webdo.tn\/fr\/actualite\/national\/tunisie-meteo-weekend-pluvieux-baisse-des-temperature-et-orages\/212514\/","name":"Tunisie \u2013 M\u00e9t\u00e9o : Weekend pluvieux, baisse des temp\u00e9ratures et orages !","isPartOf":{"@id":"https:\/\/www.webdo.tn\/fr\/#website"},"primaryImageOfPage":{"@id":"https:\/\/www.webdo.tn\/fr\/actualite\/national\/tunisie-meteo-weekend-pluvieux-baisse-des-temperature-et-orages\/212514\/#primaryimage"},"image":{"@id":"https:\/\/www.webdo.tn\/fr\/actualite\/national\/tunisie-meteo-weekend-pluvieux-baisse-des-temperature-et-orages\/212514\/#primaryimage"},"thumbnailUrl":"https:\/\/www.webdo.tn\/fr\/wp-content\/uploads\/2024\/02\/82eafb11b501b451b5bd915e5d212151.png","datePublished":"2024-02-23T12:56:00+00:00","dateModified":"2025-05-20T22:53:19+00:00","description":"Les pr\u00e9cipitations se poursuivront demain, samedi, dans la plupart des r\u00e9gions, surtout l'apr\u00e8s-midi, avec des averses orageuses parfois intenses dans les r\u00e9gio...","breadcrumb":{"@id":"https:\/\/www.webdo.tn\/fr\/actualite\/national\/tunisie-meteo-weekend-pluvieux-baisse-des-temperature-et-orages\/212514\/#breadcrumb"},"inLanguage":"fr-FR","potentialAction":[{"@type":"ReadAction","target":["https:\/\/www.webdo.tn\/fr\/actualite\/national\/tunisie-meteo-weekend-pluvieux-baisse-des-temperature-et-orages\/212514\/"]}]},{"@type":"ImageObject","inLanguage":"fr-FR","@id":"https:\/\/www.webdo.tn\/fr\/actualite\/national\/tunisie-meteo-weekend-pluvieux-baisse-des-temperature-et-orages\/212514\/#primaryimage","url":"https:\/\/www.webdo.tn\/fr\/wp-content\/uploads\/2024\/02\/82eafb11b501b451b5bd915e5d212151.png","contentUrl":"https:\/\/www.webdo.tn\/fr\/wp-content\/uploads\/2024\/02\/82eafb11b501b451b5bd915e5d212151.png","width":750,"height":400,"caption":"Tunisie \u2013 M\u00e9t\u00e9o : Weekend pluvieux, baisse des temp\u00e9ratures et orages !"},{"@type":"BreadcrumbList","@id":"https:\/\/www.webdo.tn\/fr\/actualite\/national\/tunisie-meteo-weekend-pluvieux-baisse-des-temperature-et-orages\/212514\/#breadcrumb","itemListElement":[{"@type":"ListItem","position":1,"name":"Accueil","item":"https:\/\/www.webdo.tn\/fr\/"},{"@type":"ListItem","position":2,"name":"Tunisie \u2013 M\u00e9t\u00e9o : Weekend pluvieux, baisse des temp\u00e9ratures et orages !"}]},{"@type":"WebSite","@id":"https:\/\/www.webdo.tn\/fr\/#website","url":"https:\/\/www.webdo.tn\/fr\/","name":"webdo","description":"Tunisie - News en Tunisie et \u00e0 l&#039;international sur Webdo.tn","publisher":{"@id":"https:\/\/www.webdo.tn\/fr\/#organization"},"potentialAction":[{"@type":"SearchAction","target":{"@type":"EntryPoint","urlTemplate":"https:\/\/www.webdo.tn\/fr\/?s={search_term_string}"},"query-input":{"@type":"PropertyValueSpecification","valueRequired":true,"valueName":"search_term_string"}}],"inLanguage":"fr-FR"},{"@type":"Organization","@id":"https:\/\/www.webdo.tn\/fr\/#organization","name":"Webdo","alternateName":"Webdo.tn","url":"https:\/\/www.webdo.tn\/fr\/","logo":{"@type":"ImageObject","inLanguage":"fr-FR","@id":"https:\/\/www.webdo.tn\/fr\/#\/schema\/logo\/image\/","url":"https:\/\/www.webdo.tn\/fr\/wp-content\/uploads\/2025\/06\/Webdo-Tunisie_168377.jpg","contentUrl":"https:\/\/www.webdo.tn\/fr\/wp-content\/uploads\/2025\/06\/Webdo-Tunisie_168377.jpg","width":301,"height":301,"caption":"Webdo"},"image":{"@id":"https:\/\/www.webdo.tn\/fr\/#\/schema\/logo\/image\/"},"sameAs":["https:\/\/www.facebook.com\/webdotn","https:\/\/x.com\/webdo_tn"],"description":"Webdo est un m\u00e9dia num\u00e9rique tunisien fond\u00e9 en 2010, sp\u00e9cialis\u00e9 dans l\u2019actualit\u00e9 nationale et internationale, l\u2019\u00e9conomie, la soci\u00e9t\u00e9 et les analyses politiques. Le site s\u2019adresse \u00e0 un large public francophone et couvre l\u2019information tunisienne en temps r\u00e9el.","email":"redac@webdo.tn","legalName":"YNJ SARL","foundingDate":"2010-09-06","numberOfEmployees":{"@type":"QuantitativeValue","minValue":"11","maxValue":"50"}},{"@type":"Person","@id":"https:\/\/www.webdo.tn\/fr\/#\/schema\/person\/f35b42a42c5e2511bbd282959d6385cc","name":"CL","image":{"@type":"ImageObject","inLanguage":"fr-FR","@id":"https:\/\/secure.gravatar.com\/avatar\/1447a49909b67aa657c488aec6512e1dd6143a480c1ecfee9b5b5cd74eb3b59e?s=96&d=mm&r=g","url":"https:\/\/secure.gravatar.com\/avatar\/1447a49909b67aa657c488aec6512e1dd6143a480c1ecfee9b5b5cd74eb3b59e?s=96&d=mm&r=g","contentUrl":"https:\/\/secure.gravatar.com\/avatar\/1447a49909b67aa657c488aec6512e1dd6143a480c1ecfee9b5b5cd74eb3b59e?s=96&d=mm&r=g","caption":"CL"},"url":"https:\/\/www.webdo.tn\/fr\/actualite\/author\/cl\/"}]}},"_links":{"self":[{"href":"https:\/\/www.webdo.tn\/fr\/wp-json\/wp\/v2\/posts\/212514","targetHints":{"allow":["GET"]}}],"collection":[{"href":"https:\/\/www.webdo.tn\/fr\/wp-json\/wp\/v2\/posts"}],"about":[{"href":"https:\/\/www.webdo.tn\/fr\/wp-json\/wp\/v2\/types\/post"}],"author":[{"embeddable":true,"href":"https:\/\/www.webdo.tn\/fr\/wp-json\/wp\/v2\/users\/3175"}],"replies":[{"embeddable":true,"href":"https:\/\/www.webdo.tn\/fr\/wp-json\/wp\/v2\/comments?post=212514"}],"version-history":[{"count":0,"href":"https:\/\/www.webdo.tn\/fr\/wp-json\/wp\/v2\/posts\/212514\/revisions"}],"wp:featuredmedia":[{"embeddable":true,"href":"https:\/\/www.webdo.tn\/fr\/wp-json\/wp\/v2\/media\/290282"}],"wp:attachment":[{"href":"https:\/\/www.webdo.tn\/fr\/wp-json\/wp\/v2\/media?parent=212514"}],"wp:term":[{"taxonomy":"category","embeddable":true,"href":"https:\/\/www.webdo.tn\/fr\/wp-json\/wp\/v2\/categories?post=212514"},{"taxonomy":"post_tag","embeddable":true,"href":"https:\/\/www.webdo.tn\/fr\/wp-json\/wp\/v2\/tags?post=212514"}],"curies":[{"name":"wp","href":"https:\/\/api.w.org\/{rel}","templated":true}]}}