{"id":212511,"date":"2024-02-23T12:05:00","date_gmt":"2024-02-23T12:05:00","guid":{"rendered":"https:\/\/www.webdo.tn\/fr\/blog\/tunisie-un-celebre-comedien-arrete-pour-consommation-de-drogue\/212511\/"},"modified":"2025-05-20T22:12:00","modified_gmt":"2025-05-20T22:12:00","slug":"tunisie-un-celebre-comedien-arrete-pour-consommation-de-drogue","status":"publish","type":"post","link":"https:\/\/www.webdo.tn\/fr\/actualite\/divers\/tunisie-un-celebre-comedien-arrete-pour-consommation-de-drogue\/212511\/","title":{"rendered":"Tunisie : Un c\u00e9l\u00e8bre com\u00e9dien arr\u00eat\u00e9 pour consommation de drogue"},"content":{"rendered":"<p>Un c\u00e9l\u00e8bre com\u00e9dien a \u00e9t\u00e9 arr\u00eat\u00e9 et plac\u00e9 en garde \u00e0 vue, jeudi 22 f\u00e9vrier 2024, pour consommation de stup\u00e9fiants.<\/p>\n<p>\t\t\t\t\t\t\t\t\tLe jeune acteur a \u00e9t\u00e9 arr\u00eat\u00e9 lors du d\u00e9mant\u00e8lement d&rsquo;un r\u00e9seau de trafic de drogue actif entre Tunis et Nabeul.<\/p>\n<p>Un r\u00e9seau de trafic de drogue, compos\u00e9 de plusieurs jeunes, dont le com\u00e9dien en question, a \u00e9t\u00e9 d\u00e9mantel\u00e9 et plusieurs arrestations ont \u00e9t\u00e9 effectu\u00e9es \u00e0 Tunis et Nabeul.<\/p>\n<p>Les personnes arr\u00eat\u00e9es dont le jeune acteur, accus\u00e9es de consommation de drogue ont \u00e9t\u00e9 plac\u00e9es en garde \u00e0 vue sur ordre du parquet. L\u2019identit\u00e9 du com\u00e9dien arr\u00eat\u00e9 n\u2019a pas \u00e9t\u00e9 d\u00e9voil\u00e9e.<\/p>\n","protected":false},"excerpt":{"rendered":"<p>Le jeune acteur a \u00e9t\u00e9 arr\u00eat\u00e9 lors du d\u00e9mant\u00e8lement d&rsquo;un r\u00e9seau de trafic de drogue actif entre Tunis et Nabeul.<\/p>\n","protected":false},"author":3162,"featured_media":290280,"comment_status":"open","ping_status":"closed","sticky":false,"template":"","format":"standard","meta":{"footnotes":""},"categories":[2839],"tags":[2966,6150,2644,2751,2640],"class_list":["post-212511","post","type-post","status-publish","format-standard","has-post-thumbnail","hentry","category-divers","tag-arrestation","tag-comedien","tag-drogue","tag-nabeul","tag-tunis"],"yoast_head":"<!-- This site is optimized with the Yoast SEO Premium plugin v27.5 (Yoast SEO v27.5) - https:\/\/yoast.com\/product\/yoast-seo-premium-wordpress\/ -->\n<title>Tunisie : Un c\u00e9l\u00e8bre com\u00e9dien arr\u00eat\u00e9 pour consommation de drogue<\/title>\n<meta name=\"description\" content=\"Le jeune acteur a \u00e9t\u00e9 arr\u00eat\u00e9 lors du d\u00e9mant\u00e8lement d&#039;un r\u00e9seau de trafic de drogue actif entre Tunis et Nabeul.\" \/>\n<link rel=\"canonical\" href=\"https:\/\/www.webdo.tn\/fr\/actualite\/divers\/tunisie-un-celebre-comedien-arrete-pour-consommation-de-drogue\/212511\/\" \/>\n<meta property=\"og:locale\" content=\"fr_FR\" \/>\n<meta property=\"og:type\" content=\"article\" \/>\n<meta property=\"og:title\" content=\"Tunisie : Un c\u00e9l\u00e8bre com\u00e9dien arr\u00eat\u00e9 pour consommation de drogue\" \/>\n<meta property=\"og:description\" content=\"Le jeune acteur a \u00e9t\u00e9 arr\u00eat\u00e9 lors du d\u00e9mant\u00e8lement d&#039;un r\u00e9seau de trafic de drogue actif entre Tunis et Nabeul.\" \/>\n<meta property=\"og:url\" content=\"https:\/\/www.webdo.tn\/fr\/actualite\/divers\/tunisie-un-celebre-comedien-arrete-pour-consommation-de-drogue\/212511\/\" \/>\n<meta property=\"og:site_name\" content=\"webdo\" \/>\n<meta property=\"article:publisher\" content=\"https:\/\/www.facebook.com\/webdotn\" \/>\n<meta property=\"article:published_time\" content=\"2024-02-23T12:05:00+00:00\" \/>\n<meta property=\"article:modified_time\" content=\"2025-05-20T22:12:00+00:00\" \/>\n<meta property=\"og:image\" content=\"https:\/\/www.webdo.tn\/fr\/wp-content\/uploads\/2024\/02\/bba6f3c5779eecf2fca290897e10d640.jpg\" \/>\n\t<meta property=\"og:image:width\" content=\"750\" \/>\n\t<meta property=\"og:image:height\" content=\"400\" \/>\n\t<meta property=\"og:image:type\" content=\"image\/jpeg\" \/>\n<meta name=\"author\" content=\"MC\" \/>\n<meta name=\"twitter:card\" content=\"summary_large_image\" \/>\n<meta name=\"twitter:creator\" content=\"@webdo_tn\" \/>\n<meta name=\"twitter:site\" content=\"@webdo_tn\" \/>\n<meta name=\"twitter:label1\" content=\"\u00c9crit par\" \/>\n\t<meta name=\"twitter:data1\" content=\"MC\" \/>\n\t<meta name=\"twitter:label2\" content=\"Dur\u00e9e de lecture estim\u00e9e\" \/>\n\t<meta name=\"twitter:data2\" content=\"1 minute\" \/>\n<script type=\"application\/ld+json\" class=\"yoast-schema-graph\">{\"@context\":\"https:\\\/\\\/schema.org\",\"@graph\":[{\"@type\":\"NewsArticle\",\"@id\":\"https:\\\/\\\/www.webdo.tn\\\/fr\\\/actualite\\\/divers\\\/tunisie-un-celebre-comedien-arrete-pour-consommation-de-drogue\\\/212511\\\/#article\",\"isPartOf\":{\"@id\":\"https:\\\/\\\/www.webdo.tn\\\/fr\\\/actualite\\\/divers\\\/tunisie-un-celebre-comedien-arrete-pour-consommation-de-drogue\\\/212511\\\/\"},\"author\":{\"name\":\"MC\",\"@id\":\"https:\\\/\\\/www.webdo.tn\\\/fr\\\/#\\\/schema\\\/person\\\/2c4929cbf5a809e3bd38617c6ce150f6\"},\"headline\":\"Tunisie : Un c\u00e9l\u00e8bre com\u00e9dien arr\u00eat\u00e9 pour consommation de drogue\",\"datePublished\":\"2024-02-23T12:05:00+00:00\",\"dateModified\":\"2025-05-20T22:12:00+00:00\",\"mainEntityOfPage\":{\"@id\":\"https:\\\/\\\/www.webdo.tn\\\/fr\\\/actualite\\\/divers\\\/tunisie-un-celebre-comedien-arrete-pour-consommation-de-drogue\\\/212511\\\/\"},\"wordCount\":132,\"commentCount\":0,\"publisher\":{\"@id\":\"https:\\\/\\\/www.webdo.tn\\\/fr\\\/#organization\"},\"image\":{\"@id\":\"https:\\\/\\\/www.webdo.tn\\\/fr\\\/actualite\\\/divers\\\/tunisie-un-celebre-comedien-arrete-pour-consommation-de-drogue\\\/212511\\\/#primaryimage\"},\"thumbnailUrl\":\"https:\\\/\\\/www.webdo.tn\\\/fr\\\/wp-content\\\/uploads\\\/2024\\\/02\\\/bba6f3c5779eecf2fca290897e10d640.jpg\",\"keywords\":[\"arrestation\",\"com\u00e9dien\",\"drogue\",\"Nabeul\",\"Tunis\"],\"articleSection\":[\"Divers\"],\"inLanguage\":\"fr-FR\"},{\"@type\":\"WebPage\",\"@id\":\"https:\\\/\\\/www.webdo.tn\\\/fr\\\/actualite\\\/divers\\\/tunisie-un-celebre-comedien-arrete-pour-consommation-de-drogue\\\/212511\\\/\",\"url\":\"https:\\\/\\\/www.webdo.tn\\\/fr\\\/actualite\\\/divers\\\/tunisie-un-celebre-comedien-arrete-pour-consommation-de-drogue\\\/212511\\\/\",\"name\":\"Tunisie : Un c\u00e9l\u00e8bre com\u00e9dien arr\u00eat\u00e9 pour consommation de drogue\",\"isPartOf\":{\"@id\":\"https:\\\/\\\/www.webdo.tn\\\/fr\\\/#website\"},\"primaryImageOfPage\":{\"@id\":\"https:\\\/\\\/www.webdo.tn\\\/fr\\\/actualite\\\/divers\\\/tunisie-un-celebre-comedien-arrete-pour-consommation-de-drogue\\\/212511\\\/#primaryimage\"},\"image\":{\"@id\":\"https:\\\/\\\/www.webdo.tn\\\/fr\\\/actualite\\\/divers\\\/tunisie-un-celebre-comedien-arrete-pour-consommation-de-drogue\\\/212511\\\/#primaryimage\"},\"thumbnailUrl\":\"https:\\\/\\\/www.webdo.tn\\\/fr\\\/wp-content\\\/uploads\\\/2024\\\/02\\\/bba6f3c5779eecf2fca290897e10d640.jpg\",\"datePublished\":\"2024-02-23T12:05:00+00:00\",\"dateModified\":\"2025-05-20T22:12:00+00:00\",\"description\":\"Le jeune acteur a \u00e9t\u00e9 arr\u00eat\u00e9 lors du d\u00e9mant\u00e8lement d'un r\u00e9seau de trafic de drogue actif entre Tunis et Nabeul.\",\"breadcrumb\":{\"@id\":\"https:\\\/\\\/www.webdo.tn\\\/fr\\\/actualite\\\/divers\\\/tunisie-un-celebre-comedien-arrete-pour-consommation-de-drogue\\\/212511\\\/#breadcrumb\"},\"inLanguage\":\"fr-FR\",\"potentialAction\":[{\"@type\":\"ReadAction\",\"target\":[\"https:\\\/\\\/www.webdo.tn\\\/fr\\\/actualite\\\/divers\\\/tunisie-un-celebre-comedien-arrete-pour-consommation-de-drogue\\\/212511\\\/\"]}]},{\"@type\":\"ImageObject\",\"inLanguage\":\"fr-FR\",\"@id\":\"https:\\\/\\\/www.webdo.tn\\\/fr\\\/actualite\\\/divers\\\/tunisie-un-celebre-comedien-arrete-pour-consommation-de-drogue\\\/212511\\\/#primaryimage\",\"url\":\"https:\\\/\\\/www.webdo.tn\\\/fr\\\/wp-content\\\/uploads\\\/2024\\\/02\\\/bba6f3c5779eecf2fca290897e10d640.jpg\",\"contentUrl\":\"https:\\\/\\\/www.webdo.tn\\\/fr\\\/wp-content\\\/uploads\\\/2024\\\/02\\\/bba6f3c5779eecf2fca290897e10d640.jpg\",\"width\":750,\"height\":400,\"caption\":\"Tunisie : Un c\u00e9l\u00e8bre com\u00e9dien arr\u00eat\u00e9 pour consommation de drogue\"},{\"@type\":\"BreadcrumbList\",\"@id\":\"https:\\\/\\\/www.webdo.tn\\\/fr\\\/actualite\\\/divers\\\/tunisie-un-celebre-comedien-arrete-pour-consommation-de-drogue\\\/212511\\\/#breadcrumb\",\"itemListElement\":[{\"@type\":\"ListItem\",\"position\":1,\"name\":\"Accueil\",\"item\":\"https:\\\/\\\/www.webdo.tn\\\/fr\\\/\"},{\"@type\":\"ListItem\",\"position\":2,\"name\":\"Tunisie : Un c\u00e9l\u00e8bre com\u00e9dien arr\u00eat\u00e9 pour consommation de drogue\"}]},{\"@type\":\"WebSite\",\"@id\":\"https:\\\/\\\/www.webdo.tn\\\/fr\\\/#website\",\"url\":\"https:\\\/\\\/www.webdo.tn\\\/fr\\\/\",\"name\":\"webdo\",\"description\":\"Tunisie - News en Tunisie et \u00e0 l&#039;international sur Webdo.tn\",\"publisher\":{\"@id\":\"https:\\\/\\\/www.webdo.tn\\\/fr\\\/#organization\"},\"potentialAction\":[{\"@type\":\"SearchAction\",\"target\":{\"@type\":\"EntryPoint\",\"urlTemplate\":\"https:\\\/\\\/www.webdo.tn\\\/fr\\\/?s={search_term_string}\"},\"query-input\":{\"@type\":\"PropertyValueSpecification\",\"valueRequired\":true,\"valueName\":\"search_term_string\"}}],\"inLanguage\":\"fr-FR\"},{\"@type\":\"Organization\",\"@id\":\"https:\\\/\\\/www.webdo.tn\\\/fr\\\/#organization\",\"name\":\"Webdo\",\"alternateName\":\"Webdo.tn\",\"url\":\"https:\\\/\\\/www.webdo.tn\\\/fr\\\/\",\"logo\":{\"@type\":\"ImageObject\",\"inLanguage\":\"fr-FR\",\"@id\":\"https:\\\/\\\/www.webdo.tn\\\/fr\\\/#\\\/schema\\\/logo\\\/image\\\/\",\"url\":\"https:\\\/\\\/www.webdo.tn\\\/fr\\\/wp-content\\\/uploads\\\/2025\\\/06\\\/Webdo-Tunisie_168377.jpg\",\"contentUrl\":\"https:\\\/\\\/www.webdo.tn\\\/fr\\\/wp-content\\\/uploads\\\/2025\\\/06\\\/Webdo-Tunisie_168377.jpg\",\"width\":301,\"height\":301,\"caption\":\"Webdo\"},\"image\":{\"@id\":\"https:\\\/\\\/www.webdo.tn\\\/fr\\\/#\\\/schema\\\/logo\\\/image\\\/\"},\"sameAs\":[\"https:\\\/\\\/www.facebook.com\\\/webdotn\",\"https:\\\/\\\/x.com\\\/webdo_tn\"],\"description\":\"Webdo est un m\u00e9dia num\u00e9rique tunisien fond\u00e9 en 2010, sp\u00e9cialis\u00e9 dans l\u2019actualit\u00e9 nationale et internationale, l\u2019\u00e9conomie, la soci\u00e9t\u00e9 et les analyses politiques. Le site s\u2019adresse \u00e0 un large public francophone et couvre l\u2019information tunisienne en temps r\u00e9el.\",\"email\":\"redac@webdo.tn\",\"legalName\":\"YNJ SARL\",\"foundingDate\":\"2010-09-06\",\"numberOfEmployees\":{\"@type\":\"QuantitativeValue\",\"minValue\":\"11\",\"maxValue\":\"50\"}},{\"@type\":\"Person\",\"@id\":\"https:\\\/\\\/www.webdo.tn\\\/fr\\\/#\\\/schema\\\/person\\\/2c4929cbf5a809e3bd38617c6ce150f6\",\"name\":\"MC\",\"image\":{\"@type\":\"ImageObject\",\"inLanguage\":\"fr-FR\",\"@id\":\"https:\\\/\\\/secure.gravatar.com\\\/avatar\\\/a545bbb6f84efdd5553dbbc2895e3ca8f1d12c5215e00a041c9670b54aa9b18a?s=96&d=mm&r=g\",\"url\":\"https:\\\/\\\/secure.gravatar.com\\\/avatar\\\/a545bbb6f84efdd5553dbbc2895e3ca8f1d12c5215e00a041c9670b54aa9b18a?s=96&d=mm&r=g\",\"contentUrl\":\"https:\\\/\\\/secure.gravatar.com\\\/avatar\\\/a545bbb6f84efdd5553dbbc2895e3ca8f1d12c5215e00a041c9670b54aa9b18a?s=96&d=mm&r=g\",\"caption\":\"MC\"},\"url\":\"https:\\\/\\\/www.webdo.tn\\\/fr\\\/actualite\\\/author\\\/mc\\\/\"}]}<\/script>\n<!-- \/ Yoast SEO Premium plugin. -->","yoast_head_json":{"title":"Tunisie : Un c\u00e9l\u00e8bre com\u00e9dien arr\u00eat\u00e9 pour consommation de drogue","description":"Le jeune acteur a \u00e9t\u00e9 arr\u00eat\u00e9 lors du d\u00e9mant\u00e8lement d'un r\u00e9seau de trafic de drogue actif entre Tunis et Nabeul.","canonical":"https:\/\/www.webdo.tn\/fr\/actualite\/divers\/tunisie-un-celebre-comedien-arrete-pour-consommation-de-drogue\/212511\/","og_locale":"fr_FR","og_type":"article","og_title":"Tunisie : Un c\u00e9l\u00e8bre com\u00e9dien arr\u00eat\u00e9 pour consommation de drogue","og_description":"Le jeune acteur a \u00e9t\u00e9 arr\u00eat\u00e9 lors du d\u00e9mant\u00e8lement d'un r\u00e9seau de trafic de drogue actif entre Tunis et Nabeul.","og_url":"https:\/\/www.webdo.tn\/fr\/actualite\/divers\/tunisie-un-celebre-comedien-arrete-pour-consommation-de-drogue\/212511\/","og_site_name":"webdo","article_publisher":"https:\/\/www.facebook.com\/webdotn","article_published_time":"2024-02-23T12:05:00+00:00","article_modified_time":"2025-05-20T22:12:00+00:00","og_image":[{"width":750,"height":400,"url":"https:\/\/www.webdo.tn\/fr\/wp-content\/uploads\/2024\/02\/bba6f3c5779eecf2fca290897e10d640.jpg","type":"image\/jpeg"}],"author":"MC","twitter_card":"summary_large_image","twitter_creator":"@webdo_tn","twitter_site":"@webdo_tn","twitter_misc":{"\u00c9crit par":"MC","Dur\u00e9e de lecture estim\u00e9e":"1 minute"},"schema":{"@context":"https:\/\/schema.org","@graph":[{"@type":"NewsArticle","@id":"https:\/\/www.webdo.tn\/fr\/actualite\/divers\/tunisie-un-celebre-comedien-arrete-pour-consommation-de-drogue\/212511\/#article","isPartOf":{"@id":"https:\/\/www.webdo.tn\/fr\/actualite\/divers\/tunisie-un-celebre-comedien-arrete-pour-consommation-de-drogue\/212511\/"},"author":{"name":"MC","@id":"https:\/\/www.webdo.tn\/fr\/#\/schema\/person\/2c4929cbf5a809e3bd38617c6ce150f6"},"headline":"Tunisie : Un c\u00e9l\u00e8bre com\u00e9dien arr\u00eat\u00e9 pour consommation de drogue","datePublished":"2024-02-23T12:05:00+00:00","dateModified":"2025-05-20T22:12:00+00:00","mainEntityOfPage":{"@id":"https:\/\/www.webdo.tn\/fr\/actualite\/divers\/tunisie-un-celebre-comedien-arrete-pour-consommation-de-drogue\/212511\/"},"wordCount":132,"commentCount":0,"publisher":{"@id":"https:\/\/www.webdo.tn\/fr\/#organization"},"image":{"@id":"https:\/\/www.webdo.tn\/fr\/actualite\/divers\/tunisie-un-celebre-comedien-arrete-pour-consommation-de-drogue\/212511\/#primaryimage"},"thumbnailUrl":"https:\/\/www.webdo.tn\/fr\/wp-content\/uploads\/2024\/02\/bba6f3c5779eecf2fca290897e10d640.jpg","keywords":["arrestation","com\u00e9dien","drogue","Nabeul","Tunis"],"articleSection":["Divers"],"inLanguage":"fr-FR"},{"@type":"WebPage","@id":"https:\/\/www.webdo.tn\/fr\/actualite\/divers\/tunisie-un-celebre-comedien-arrete-pour-consommation-de-drogue\/212511\/","url":"https:\/\/www.webdo.tn\/fr\/actualite\/divers\/tunisie-un-celebre-comedien-arrete-pour-consommation-de-drogue\/212511\/","name":"Tunisie : Un c\u00e9l\u00e8bre com\u00e9dien arr\u00eat\u00e9 pour consommation de drogue","isPartOf":{"@id":"https:\/\/www.webdo.tn\/fr\/#website"},"primaryImageOfPage":{"@id":"https:\/\/www.webdo.tn\/fr\/actualite\/divers\/tunisie-un-celebre-comedien-arrete-pour-consommation-de-drogue\/212511\/#primaryimage"},"image":{"@id":"https:\/\/www.webdo.tn\/fr\/actualite\/divers\/tunisie-un-celebre-comedien-arrete-pour-consommation-de-drogue\/212511\/#primaryimage"},"thumbnailUrl":"https:\/\/www.webdo.tn\/fr\/wp-content\/uploads\/2024\/02\/bba6f3c5779eecf2fca290897e10d640.jpg","datePublished":"2024-02-23T12:05:00+00:00","dateModified":"2025-05-20T22:12:00+00:00","description":"Le jeune acteur a \u00e9t\u00e9 arr\u00eat\u00e9 lors du d\u00e9mant\u00e8lement d'un r\u00e9seau de trafic de drogue actif entre Tunis et Nabeul.","breadcrumb":{"@id":"https:\/\/www.webdo.tn\/fr\/actualite\/divers\/tunisie-un-celebre-comedien-arrete-pour-consommation-de-drogue\/212511\/#breadcrumb"},"inLanguage":"fr-FR","potentialAction":[{"@type":"ReadAction","target":["https:\/\/www.webdo.tn\/fr\/actualite\/divers\/tunisie-un-celebre-comedien-arrete-pour-consommation-de-drogue\/212511\/"]}]},{"@type":"ImageObject","inLanguage":"fr-FR","@id":"https:\/\/www.webdo.tn\/fr\/actualite\/divers\/tunisie-un-celebre-comedien-arrete-pour-consommation-de-drogue\/212511\/#primaryimage","url":"https:\/\/www.webdo.tn\/fr\/wp-content\/uploads\/2024\/02\/bba6f3c5779eecf2fca290897e10d640.jpg","contentUrl":"https:\/\/www.webdo.tn\/fr\/wp-content\/uploads\/2024\/02\/bba6f3c5779eecf2fca290897e10d640.jpg","width":750,"height":400,"caption":"Tunisie : Un c\u00e9l\u00e8bre com\u00e9dien arr\u00eat\u00e9 pour consommation de drogue"},{"@type":"BreadcrumbList","@id":"https:\/\/www.webdo.tn\/fr\/actualite\/divers\/tunisie-un-celebre-comedien-arrete-pour-consommation-de-drogue\/212511\/#breadcrumb","itemListElement":[{"@type":"ListItem","position":1,"name":"Accueil","item":"https:\/\/www.webdo.tn\/fr\/"},{"@type":"ListItem","position":2,"name":"Tunisie : Un c\u00e9l\u00e8bre com\u00e9dien arr\u00eat\u00e9 pour consommation de drogue"}]},{"@type":"WebSite","@id":"https:\/\/www.webdo.tn\/fr\/#website","url":"https:\/\/www.webdo.tn\/fr\/","name":"webdo","description":"Tunisie - News en Tunisie et \u00e0 l&#039;international sur Webdo.tn","publisher":{"@id":"https:\/\/www.webdo.tn\/fr\/#organization"},"potentialAction":[{"@type":"SearchAction","target":{"@type":"EntryPoint","urlTemplate":"https:\/\/www.webdo.tn\/fr\/?s={search_term_string}"},"query-input":{"@type":"PropertyValueSpecification","valueRequired":true,"valueName":"search_term_string"}}],"inLanguage":"fr-FR"},{"@type":"Organization","@id":"https:\/\/www.webdo.tn\/fr\/#organization","name":"Webdo","alternateName":"Webdo.tn","url":"https:\/\/www.webdo.tn\/fr\/","logo":{"@type":"ImageObject","inLanguage":"fr-FR","@id":"https:\/\/www.webdo.tn\/fr\/#\/schema\/logo\/image\/","url":"https:\/\/www.webdo.tn\/fr\/wp-content\/uploads\/2025\/06\/Webdo-Tunisie_168377.jpg","contentUrl":"https:\/\/www.webdo.tn\/fr\/wp-content\/uploads\/2025\/06\/Webdo-Tunisie_168377.jpg","width":301,"height":301,"caption":"Webdo"},"image":{"@id":"https:\/\/www.webdo.tn\/fr\/#\/schema\/logo\/image\/"},"sameAs":["https:\/\/www.facebook.com\/webdotn","https:\/\/x.com\/webdo_tn"],"description":"Webdo est un m\u00e9dia num\u00e9rique tunisien fond\u00e9 en 2010, sp\u00e9cialis\u00e9 dans l\u2019actualit\u00e9 nationale et internationale, l\u2019\u00e9conomie, la soci\u00e9t\u00e9 et les analyses politiques. Le site s\u2019adresse \u00e0 un large public francophone et couvre l\u2019information tunisienne en temps r\u00e9el.","email":"redac@webdo.tn","legalName":"YNJ SARL","foundingDate":"2010-09-06","numberOfEmployees":{"@type":"QuantitativeValue","minValue":"11","maxValue":"50"}},{"@type":"Person","@id":"https:\/\/www.webdo.tn\/fr\/#\/schema\/person\/2c4929cbf5a809e3bd38617c6ce150f6","name":"MC","image":{"@type":"ImageObject","inLanguage":"fr-FR","@id":"https:\/\/secure.gravatar.com\/avatar\/a545bbb6f84efdd5553dbbc2895e3ca8f1d12c5215e00a041c9670b54aa9b18a?s=96&d=mm&r=g","url":"https:\/\/secure.gravatar.com\/avatar\/a545bbb6f84efdd5553dbbc2895e3ca8f1d12c5215e00a041c9670b54aa9b18a?s=96&d=mm&r=g","contentUrl":"https:\/\/secure.gravatar.com\/avatar\/a545bbb6f84efdd5553dbbc2895e3ca8f1d12c5215e00a041c9670b54aa9b18a?s=96&d=mm&r=g","caption":"MC"},"url":"https:\/\/www.webdo.tn\/fr\/actualite\/author\/mc\/"}]}},"_links":{"self":[{"href":"https:\/\/www.webdo.tn\/fr\/wp-json\/wp\/v2\/posts\/212511","targetHints":{"allow":["GET"]}}],"collection":[{"href":"https:\/\/www.webdo.tn\/fr\/wp-json\/wp\/v2\/posts"}],"about":[{"href":"https:\/\/www.webdo.tn\/fr\/wp-json\/wp\/v2\/types\/post"}],"author":[{"embeddable":true,"href":"https:\/\/www.webdo.tn\/fr\/wp-json\/wp\/v2\/users\/3162"}],"replies":[{"embeddable":true,"href":"https:\/\/www.webdo.tn\/fr\/wp-json\/wp\/v2\/comments?post=212511"}],"version-history":[{"count":0,"href":"https:\/\/www.webdo.tn\/fr\/wp-json\/wp\/v2\/posts\/212511\/revisions"}],"wp:featuredmedia":[{"embeddable":true,"href":"https:\/\/www.webdo.tn\/fr\/wp-json\/wp\/v2\/media\/290280"}],"wp:attachment":[{"href":"https:\/\/www.webdo.tn\/fr\/wp-json\/wp\/v2\/media?parent=212511"}],"wp:term":[{"taxonomy":"category","embeddable":true,"href":"https:\/\/www.webdo.tn\/fr\/wp-json\/wp\/v2\/categories?post=212511"},{"taxonomy":"post_tag","embeddable":true,"href":"https:\/\/www.webdo.tn\/fr\/wp-json\/wp\/v2\/tags?post=212511"}],"curies":[{"name":"wp","href":"https:\/\/api.w.org\/{rel}","templated":true}]}}