{"id":212508,"date":"2024-02-23T11:14:00","date_gmt":"2024-02-23T11:14:00","guid":{"rendered":"https:\/\/www.webdo.tn\/fr\/blog\/le-journaliste-hatem-bourial-recoit-l-insigne-d-or-de-la-presidence-de-la-republique-d-autriche\/212508\/"},"modified":"2025-05-20T22:53:18","modified_gmt":"2025-05-20T22:53:18","slug":"le-journaliste-hatem-bourial-recoit-l-insigne-d-or-de-la-presidence-de-la-republique-d-autriche","status":"publish","type":"post","link":"https:\/\/www.webdo.tn\/fr\/actualite\/culture\/le-journaliste-hatem-bourial-recoit-l-insigne-d-or-de-la-presidence-de-la-republique-d-autriche\/212508\/","title":{"rendered":"Hatem Bourial re\u00e7oit l&rsquo;Insigne d&rsquo;or de la pr\u00e9sidence de la R\u00e9publique d&rsquo;Autriche"},"content":{"rendered":"<p>Notre coll\u00e8gue, le journaliste, chroniqueur, \u00e9crivain  et animateur radio Hatem Bourial a re\u00e7u hier jeudi 22 f\u00e9vrier 2024 l&rsquo;Insigne d&rsquo;or de la pr\u00e9sidence de la R\u00e9publique d&rsquo;Autriche pour ses efforts dans l\u2019approfondissement des relations entre l\u2019Autriche et la Tunisie.\u00a0<\/p>\n<p>\t\t\t\t\t\t\t\t\tLa c\u00e9r\u00e9monie de remise de m\u00e9daille a eu lieu \u00e0 la r\u00e9sidence de l&rsquo;ambassade d&rsquo;Autriche en pr\u00e9sence de l\u2019ambassadrice d\u2019Autriche en Tunisie Ulla Krauss-Nussbaumer.\u00a0<\/p>\n<p>\u00ab Quand l&rsquo;art et la culture s&rsquo;unissent ! Une magnifique r\u00e9compense \u00e0 l\u2019\u00e9crivain, chroniqueur et journaliste Hatem Bourial pour des ann\u00e9es des services dans l&rsquo;approfondissement des relations entre l&rsquo;Autriche et la Tunisie avec la remise de m\u00e9rite d\u2019or de la R\u00e9publique autrichienne \u00bb, a communiqu\u00e9 l\u2019ambassade sur sa page Facebook.\u00a0<\/p>\n<p>Hatem Bourial connaisseur du patrimoine tunisien se distingue par sa passion in\u00e9branlable pour l&rsquo;histoire riche et diversifi\u00e9e de la Tunisie. Dot\u00e9 d&rsquo;une plume habile et d&rsquo;une curiosit\u00e9 insatiable, il excelle dans la narration captivante qui transporte ses lecteurs \u00e0 travers les \u00e9poques. Sa connaissance approfondie du patrimoine tunisien, allant des sites arch\u00e9ologiques aux traditions culturelles, se refl\u00e8te dans chacun de ses articles, o\u00f9 il tisse habilement des r\u00e9cits qui \u00e9duquent et enchantent.\u00a0<\/p>\n<p>Sa capacit\u00e9 \u00e0 fusionner la rigueur journalistique avec une sensibilit\u00e9 artistique lui permet de mettre en lumi\u00e8re les aspects les plus intrigants et m\u00e9connus de la culture tunisienne.<\/p>\n","protected":false},"excerpt":{"rendered":"<p>La c\u00e9r\u00e9monie de remise de m\u00e9daille a eu lieu \u00e0 la r\u00e9sidence de l&rsquo;ambassade d&rsquo;Autriche en pr\u00e9sence de l\u2019ambassadrice d\u2019Autriche en Tunisie Ulla Krauss-Nussbaumer&#8230;<\/p>\n","protected":false},"author":3175,"featured_media":290277,"comment_status":"open","ping_status":"closed","sticky":false,"template":"","format":"standard","meta":{"footnotes":""},"categories":[2594],"tags":[4286,6002,5134,2608],"class_list":["post-212508","post","type-post","status-publish","format-standard","has-post-thumbnail","hentry","category-culture","tag-autriche","tag-hatem-bourial","tag-journaliste","tag-tunisie"],"yoast_head":"<!-- This site is optimized with the Yoast SEO Premium plugin v27.5 (Yoast SEO v27.5) - https:\/\/yoast.com\/product\/yoast-seo-premium-wordpress\/ -->\n<title>Hatem Bourial re\u00e7oit l&#039;Insigne d&#039;or de la pr\u00e9sidence de la R\u00e9publique d&#039;Autriche<\/title>\n<meta name=\"description\" content=\"La c\u00e9r\u00e9monie de remise de m\u00e9daille a eu lieu \u00e0 la r\u00e9sidence de l&#039;ambassade d&#039;Autriche en pr\u00e9sence de l\u2019ambassadrice d\u2019Autriche en Tunisie Ulla Krauss-Nussbaumer...\" \/>\n<link rel=\"canonical\" href=\"https:\/\/www.webdo.tn\/fr\/actualite\/culture\/le-journaliste-hatem-bourial-recoit-l-insigne-d-or-de-la-presidence-de-la-republique-d-autriche\/212508\/\" \/>\n<meta property=\"og:locale\" content=\"fr_FR\" \/>\n<meta property=\"og:type\" content=\"article\" \/>\n<meta property=\"og:title\" content=\"Hatem Bourial re\u00e7oit l&#039;Insigne d&#039;or de la pr\u00e9sidence de la R\u00e9publique d&#039;Autriche\" \/>\n<meta property=\"og:description\" content=\"La c\u00e9r\u00e9monie de remise de m\u00e9daille a eu lieu \u00e0 la r\u00e9sidence de l&#039;ambassade d&#039;Autriche en pr\u00e9sence de l\u2019ambassadrice d\u2019Autriche en Tunisie Ulla Krauss-Nussbaumer...\" \/>\n<meta property=\"og:url\" content=\"https:\/\/www.webdo.tn\/fr\/actualite\/culture\/le-journaliste-hatem-bourial-recoit-l-insigne-d-or-de-la-presidence-de-la-republique-d-autriche\/212508\/\" \/>\n<meta property=\"og:site_name\" content=\"webdo\" \/>\n<meta property=\"article:publisher\" content=\"https:\/\/www.facebook.com\/webdotn\" \/>\n<meta property=\"article:published_time\" content=\"2024-02-23T11:14:00+00:00\" \/>\n<meta property=\"article:modified_time\" content=\"2025-05-20T22:53:18+00:00\" \/>\n<meta property=\"og:image\" content=\"https:\/\/www.webdo.tn\/fr\/wp-content\/uploads\/2024\/02\/02defce8a1d9f4e5ea7d08b6b27b3289.jpg\" \/>\n\t<meta property=\"og:image:width\" content=\"750\" \/>\n\t<meta property=\"og:image:height\" content=\"400\" \/>\n\t<meta property=\"og:image:type\" content=\"image\/jpeg\" \/>\n<meta name=\"author\" content=\"CL\" \/>\n<meta name=\"twitter:card\" content=\"summary_large_image\" \/>\n<meta name=\"twitter:creator\" content=\"@webdo_tn\" \/>\n<meta name=\"twitter:site\" content=\"@webdo_tn\" \/>\n<meta name=\"twitter:label1\" content=\"\u00c9crit par\" \/>\n\t<meta name=\"twitter:data1\" content=\"CL\" \/>\n\t<meta name=\"twitter:label2\" content=\"Dur\u00e9e de lecture estim\u00e9e\" \/>\n\t<meta name=\"twitter:data2\" content=\"1 minute\" \/>\n<script type=\"application\/ld+json\" class=\"yoast-schema-graph\">{\"@context\":\"https:\\\/\\\/schema.org\",\"@graph\":[{\"@type\":\"NewsArticle\",\"@id\":\"https:\\\/\\\/www.webdo.tn\\\/fr\\\/actualite\\\/culture\\\/le-journaliste-hatem-bourial-recoit-l-insigne-d-or-de-la-presidence-de-la-republique-d-autriche\\\/212508\\\/#article\",\"isPartOf\":{\"@id\":\"https:\\\/\\\/www.webdo.tn\\\/fr\\\/actualite\\\/culture\\\/le-journaliste-hatem-bourial-recoit-l-insigne-d-or-de-la-presidence-de-la-republique-d-autriche\\\/212508\\\/\"},\"author\":{\"name\":\"CL\",\"@id\":\"https:\\\/\\\/www.webdo.tn\\\/fr\\\/#\\\/schema\\\/person\\\/f35b42a42c5e2511bbd282959d6385cc\"},\"headline\":\"Hatem Bourial re\u00e7oit l&rsquo;Insigne d&rsquo;or de la pr\u00e9sidence de la R\u00e9publique d&rsquo;Autriche\",\"datePublished\":\"2024-02-23T11:14:00+00:00\",\"dateModified\":\"2025-05-20T22:53:18+00:00\",\"mainEntityOfPage\":{\"@id\":\"https:\\\/\\\/www.webdo.tn\\\/fr\\\/actualite\\\/culture\\\/le-journaliste-hatem-bourial-recoit-l-insigne-d-or-de-la-presidence-de-la-republique-d-autriche\\\/212508\\\/\"},\"wordCount\":262,\"commentCount\":0,\"publisher\":{\"@id\":\"https:\\\/\\\/www.webdo.tn\\\/fr\\\/#organization\"},\"image\":{\"@id\":\"https:\\\/\\\/www.webdo.tn\\\/fr\\\/actualite\\\/culture\\\/le-journaliste-hatem-bourial-recoit-l-insigne-d-or-de-la-presidence-de-la-republique-d-autriche\\\/212508\\\/#primaryimage\"},\"thumbnailUrl\":\"https:\\\/\\\/www.webdo.tn\\\/fr\\\/wp-content\\\/uploads\\\/2024\\\/02\\\/02defce8a1d9f4e5ea7d08b6b27b3289.jpg\",\"keywords\":[\"Autriche\",\"hatem bourial\",\"Journaliste\",\"Tunisie\"],\"articleSection\":[\"Culture\"],\"inLanguage\":\"fr-FR\"},{\"@type\":\"WebPage\",\"@id\":\"https:\\\/\\\/www.webdo.tn\\\/fr\\\/actualite\\\/culture\\\/le-journaliste-hatem-bourial-recoit-l-insigne-d-or-de-la-presidence-de-la-republique-d-autriche\\\/212508\\\/\",\"url\":\"https:\\\/\\\/www.webdo.tn\\\/fr\\\/actualite\\\/culture\\\/le-journaliste-hatem-bourial-recoit-l-insigne-d-or-de-la-presidence-de-la-republique-d-autriche\\\/212508\\\/\",\"name\":\"Hatem Bourial re\u00e7oit l'Insigne d'or de la pr\u00e9sidence de la R\u00e9publique d'Autriche\",\"isPartOf\":{\"@id\":\"https:\\\/\\\/www.webdo.tn\\\/fr\\\/#website\"},\"primaryImageOfPage\":{\"@id\":\"https:\\\/\\\/www.webdo.tn\\\/fr\\\/actualite\\\/culture\\\/le-journaliste-hatem-bourial-recoit-l-insigne-d-or-de-la-presidence-de-la-republique-d-autriche\\\/212508\\\/#primaryimage\"},\"image\":{\"@id\":\"https:\\\/\\\/www.webdo.tn\\\/fr\\\/actualite\\\/culture\\\/le-journaliste-hatem-bourial-recoit-l-insigne-d-or-de-la-presidence-de-la-republique-d-autriche\\\/212508\\\/#primaryimage\"},\"thumbnailUrl\":\"https:\\\/\\\/www.webdo.tn\\\/fr\\\/wp-content\\\/uploads\\\/2024\\\/02\\\/02defce8a1d9f4e5ea7d08b6b27b3289.jpg\",\"datePublished\":\"2024-02-23T11:14:00+00:00\",\"dateModified\":\"2025-05-20T22:53:18+00:00\",\"description\":\"La c\u00e9r\u00e9monie de remise de m\u00e9daille a eu lieu \u00e0 la r\u00e9sidence de l'ambassade d'Autriche en pr\u00e9sence de l\u2019ambassadrice d\u2019Autriche en Tunisie Ulla Krauss-Nussbaumer...\",\"breadcrumb\":{\"@id\":\"https:\\\/\\\/www.webdo.tn\\\/fr\\\/actualite\\\/culture\\\/le-journaliste-hatem-bourial-recoit-l-insigne-d-or-de-la-presidence-de-la-republique-d-autriche\\\/212508\\\/#breadcrumb\"},\"inLanguage\":\"fr-FR\",\"potentialAction\":[{\"@type\":\"ReadAction\",\"target\":[\"https:\\\/\\\/www.webdo.tn\\\/fr\\\/actualite\\\/culture\\\/le-journaliste-hatem-bourial-recoit-l-insigne-d-or-de-la-presidence-de-la-republique-d-autriche\\\/212508\\\/\"]}]},{\"@type\":\"ImageObject\",\"inLanguage\":\"fr-FR\",\"@id\":\"https:\\\/\\\/www.webdo.tn\\\/fr\\\/actualite\\\/culture\\\/le-journaliste-hatem-bourial-recoit-l-insigne-d-or-de-la-presidence-de-la-republique-d-autriche\\\/212508\\\/#primaryimage\",\"url\":\"https:\\\/\\\/www.webdo.tn\\\/fr\\\/wp-content\\\/uploads\\\/2024\\\/02\\\/02defce8a1d9f4e5ea7d08b6b27b3289.jpg\",\"contentUrl\":\"https:\\\/\\\/www.webdo.tn\\\/fr\\\/wp-content\\\/uploads\\\/2024\\\/02\\\/02defce8a1d9f4e5ea7d08b6b27b3289.jpg\",\"width\":750,\"height\":400,\"caption\":\"Hatem Bourial re\u00e7oit l'Insigne d'or de la pr\u00e9sidence de la R\u00e9publique d'Autriche\"},{\"@type\":\"BreadcrumbList\",\"@id\":\"https:\\\/\\\/www.webdo.tn\\\/fr\\\/actualite\\\/culture\\\/le-journaliste-hatem-bourial-recoit-l-insigne-d-or-de-la-presidence-de-la-republique-d-autriche\\\/212508\\\/#breadcrumb\",\"itemListElement\":[{\"@type\":\"ListItem\",\"position\":1,\"name\":\"Accueil\",\"item\":\"https:\\\/\\\/www.webdo.tn\\\/fr\\\/\"},{\"@type\":\"ListItem\",\"position\":2,\"name\":\"Hatem Bourial re\u00e7oit l&rsquo;Insigne d&rsquo;or de la pr\u00e9sidence de la R\u00e9publique d&rsquo;Autriche\"}]},{\"@type\":\"WebSite\",\"@id\":\"https:\\\/\\\/www.webdo.tn\\\/fr\\\/#website\",\"url\":\"https:\\\/\\\/www.webdo.tn\\\/fr\\\/\",\"name\":\"webdo\",\"description\":\"Tunisie - News en Tunisie et \u00e0 l&#039;international sur Webdo.tn\",\"publisher\":{\"@id\":\"https:\\\/\\\/www.webdo.tn\\\/fr\\\/#organization\"},\"potentialAction\":[{\"@type\":\"SearchAction\",\"target\":{\"@type\":\"EntryPoint\",\"urlTemplate\":\"https:\\\/\\\/www.webdo.tn\\\/fr\\\/?s={search_term_string}\"},\"query-input\":{\"@type\":\"PropertyValueSpecification\",\"valueRequired\":true,\"valueName\":\"search_term_string\"}}],\"inLanguage\":\"fr-FR\"},{\"@type\":\"Organization\",\"@id\":\"https:\\\/\\\/www.webdo.tn\\\/fr\\\/#organization\",\"name\":\"Webdo\",\"alternateName\":\"Webdo.tn\",\"url\":\"https:\\\/\\\/www.webdo.tn\\\/fr\\\/\",\"logo\":{\"@type\":\"ImageObject\",\"inLanguage\":\"fr-FR\",\"@id\":\"https:\\\/\\\/www.webdo.tn\\\/fr\\\/#\\\/schema\\\/logo\\\/image\\\/\",\"url\":\"https:\\\/\\\/www.webdo.tn\\\/fr\\\/wp-content\\\/uploads\\\/2025\\\/06\\\/Webdo-Tunisie_168377.jpg\",\"contentUrl\":\"https:\\\/\\\/www.webdo.tn\\\/fr\\\/wp-content\\\/uploads\\\/2025\\\/06\\\/Webdo-Tunisie_168377.jpg\",\"width\":301,\"height\":301,\"caption\":\"Webdo\"},\"image\":{\"@id\":\"https:\\\/\\\/www.webdo.tn\\\/fr\\\/#\\\/schema\\\/logo\\\/image\\\/\"},\"sameAs\":[\"https:\\\/\\\/www.facebook.com\\\/webdotn\",\"https:\\\/\\\/x.com\\\/webdo_tn\"],\"description\":\"Webdo est un m\u00e9dia num\u00e9rique tunisien fond\u00e9 en 2010, sp\u00e9cialis\u00e9 dans l\u2019actualit\u00e9 nationale et internationale, l\u2019\u00e9conomie, la soci\u00e9t\u00e9 et les analyses politiques. Le site s\u2019adresse \u00e0 un large public francophone et couvre l\u2019information tunisienne en temps r\u00e9el.\",\"email\":\"redac@webdo.tn\",\"legalName\":\"YNJ SARL\",\"foundingDate\":\"2010-09-06\",\"numberOfEmployees\":{\"@type\":\"QuantitativeValue\",\"minValue\":\"11\",\"maxValue\":\"50\"}},{\"@type\":\"Person\",\"@id\":\"https:\\\/\\\/www.webdo.tn\\\/fr\\\/#\\\/schema\\\/person\\\/f35b42a42c5e2511bbd282959d6385cc\",\"name\":\"CL\",\"image\":{\"@type\":\"ImageObject\",\"inLanguage\":\"fr-FR\",\"@id\":\"https:\\\/\\\/secure.gravatar.com\\\/avatar\\\/1447a49909b67aa657c488aec6512e1dd6143a480c1ecfee9b5b5cd74eb3b59e?s=96&d=mm&r=g\",\"url\":\"https:\\\/\\\/secure.gravatar.com\\\/avatar\\\/1447a49909b67aa657c488aec6512e1dd6143a480c1ecfee9b5b5cd74eb3b59e?s=96&d=mm&r=g\",\"contentUrl\":\"https:\\\/\\\/secure.gravatar.com\\\/avatar\\\/1447a49909b67aa657c488aec6512e1dd6143a480c1ecfee9b5b5cd74eb3b59e?s=96&d=mm&r=g\",\"caption\":\"CL\"},\"url\":\"https:\\\/\\\/www.webdo.tn\\\/fr\\\/actualite\\\/author\\\/cl\\\/\"}]}<\/script>\n<!-- \/ Yoast SEO Premium plugin. -->","yoast_head_json":{"title":"Hatem Bourial re\u00e7oit l'Insigne d'or de la pr\u00e9sidence de la R\u00e9publique d'Autriche","description":"La c\u00e9r\u00e9monie de remise de m\u00e9daille a eu lieu \u00e0 la r\u00e9sidence de l'ambassade d'Autriche en pr\u00e9sence de l\u2019ambassadrice d\u2019Autriche en Tunisie Ulla Krauss-Nussbaumer...","canonical":"https:\/\/www.webdo.tn\/fr\/actualite\/culture\/le-journaliste-hatem-bourial-recoit-l-insigne-d-or-de-la-presidence-de-la-republique-d-autriche\/212508\/","og_locale":"fr_FR","og_type":"article","og_title":"Hatem Bourial re\u00e7oit l'Insigne d'or de la pr\u00e9sidence de la R\u00e9publique d'Autriche","og_description":"La c\u00e9r\u00e9monie de remise de m\u00e9daille a eu lieu \u00e0 la r\u00e9sidence de l'ambassade d'Autriche en pr\u00e9sence de l\u2019ambassadrice d\u2019Autriche en Tunisie Ulla Krauss-Nussbaumer...","og_url":"https:\/\/www.webdo.tn\/fr\/actualite\/culture\/le-journaliste-hatem-bourial-recoit-l-insigne-d-or-de-la-presidence-de-la-republique-d-autriche\/212508\/","og_site_name":"webdo","article_publisher":"https:\/\/www.facebook.com\/webdotn","article_published_time":"2024-02-23T11:14:00+00:00","article_modified_time":"2025-05-20T22:53:18+00:00","og_image":[{"width":750,"height":400,"url":"https:\/\/www.webdo.tn\/fr\/wp-content\/uploads\/2024\/02\/02defce8a1d9f4e5ea7d08b6b27b3289.jpg","type":"image\/jpeg"}],"author":"CL","twitter_card":"summary_large_image","twitter_creator":"@webdo_tn","twitter_site":"@webdo_tn","twitter_misc":{"\u00c9crit par":"CL","Dur\u00e9e de lecture estim\u00e9e":"1 minute"},"schema":{"@context":"https:\/\/schema.org","@graph":[{"@type":"NewsArticle","@id":"https:\/\/www.webdo.tn\/fr\/actualite\/culture\/le-journaliste-hatem-bourial-recoit-l-insigne-d-or-de-la-presidence-de-la-republique-d-autriche\/212508\/#article","isPartOf":{"@id":"https:\/\/www.webdo.tn\/fr\/actualite\/culture\/le-journaliste-hatem-bourial-recoit-l-insigne-d-or-de-la-presidence-de-la-republique-d-autriche\/212508\/"},"author":{"name":"CL","@id":"https:\/\/www.webdo.tn\/fr\/#\/schema\/person\/f35b42a42c5e2511bbd282959d6385cc"},"headline":"Hatem Bourial re\u00e7oit l&rsquo;Insigne d&rsquo;or de la pr\u00e9sidence de la R\u00e9publique d&rsquo;Autriche","datePublished":"2024-02-23T11:14:00+00:00","dateModified":"2025-05-20T22:53:18+00:00","mainEntityOfPage":{"@id":"https:\/\/www.webdo.tn\/fr\/actualite\/culture\/le-journaliste-hatem-bourial-recoit-l-insigne-d-or-de-la-presidence-de-la-republique-d-autriche\/212508\/"},"wordCount":262,"commentCount":0,"publisher":{"@id":"https:\/\/www.webdo.tn\/fr\/#organization"},"image":{"@id":"https:\/\/www.webdo.tn\/fr\/actualite\/culture\/le-journaliste-hatem-bourial-recoit-l-insigne-d-or-de-la-presidence-de-la-republique-d-autriche\/212508\/#primaryimage"},"thumbnailUrl":"https:\/\/www.webdo.tn\/fr\/wp-content\/uploads\/2024\/02\/02defce8a1d9f4e5ea7d08b6b27b3289.jpg","keywords":["Autriche","hatem bourial","Journaliste","Tunisie"],"articleSection":["Culture"],"inLanguage":"fr-FR"},{"@type":"WebPage","@id":"https:\/\/www.webdo.tn\/fr\/actualite\/culture\/le-journaliste-hatem-bourial-recoit-l-insigne-d-or-de-la-presidence-de-la-republique-d-autriche\/212508\/","url":"https:\/\/www.webdo.tn\/fr\/actualite\/culture\/le-journaliste-hatem-bourial-recoit-l-insigne-d-or-de-la-presidence-de-la-republique-d-autriche\/212508\/","name":"Hatem Bourial re\u00e7oit l'Insigne d'or de la pr\u00e9sidence de la R\u00e9publique d'Autriche","isPartOf":{"@id":"https:\/\/www.webdo.tn\/fr\/#website"},"primaryImageOfPage":{"@id":"https:\/\/www.webdo.tn\/fr\/actualite\/culture\/le-journaliste-hatem-bourial-recoit-l-insigne-d-or-de-la-presidence-de-la-republique-d-autriche\/212508\/#primaryimage"},"image":{"@id":"https:\/\/www.webdo.tn\/fr\/actualite\/culture\/le-journaliste-hatem-bourial-recoit-l-insigne-d-or-de-la-presidence-de-la-republique-d-autriche\/212508\/#primaryimage"},"thumbnailUrl":"https:\/\/www.webdo.tn\/fr\/wp-content\/uploads\/2024\/02\/02defce8a1d9f4e5ea7d08b6b27b3289.jpg","datePublished":"2024-02-23T11:14:00+00:00","dateModified":"2025-05-20T22:53:18+00:00","description":"La c\u00e9r\u00e9monie de remise de m\u00e9daille a eu lieu \u00e0 la r\u00e9sidence de l'ambassade d'Autriche en pr\u00e9sence de l\u2019ambassadrice d\u2019Autriche en Tunisie Ulla Krauss-Nussbaumer...","breadcrumb":{"@id":"https:\/\/www.webdo.tn\/fr\/actualite\/culture\/le-journaliste-hatem-bourial-recoit-l-insigne-d-or-de-la-presidence-de-la-republique-d-autriche\/212508\/#breadcrumb"},"inLanguage":"fr-FR","potentialAction":[{"@type":"ReadAction","target":["https:\/\/www.webdo.tn\/fr\/actualite\/culture\/le-journaliste-hatem-bourial-recoit-l-insigne-d-or-de-la-presidence-de-la-republique-d-autriche\/212508\/"]}]},{"@type":"ImageObject","inLanguage":"fr-FR","@id":"https:\/\/www.webdo.tn\/fr\/actualite\/culture\/le-journaliste-hatem-bourial-recoit-l-insigne-d-or-de-la-presidence-de-la-republique-d-autriche\/212508\/#primaryimage","url":"https:\/\/www.webdo.tn\/fr\/wp-content\/uploads\/2024\/02\/02defce8a1d9f4e5ea7d08b6b27b3289.jpg","contentUrl":"https:\/\/www.webdo.tn\/fr\/wp-content\/uploads\/2024\/02\/02defce8a1d9f4e5ea7d08b6b27b3289.jpg","width":750,"height":400,"caption":"Hatem Bourial re\u00e7oit l'Insigne d'or de la pr\u00e9sidence de la R\u00e9publique d'Autriche"},{"@type":"BreadcrumbList","@id":"https:\/\/www.webdo.tn\/fr\/actualite\/culture\/le-journaliste-hatem-bourial-recoit-l-insigne-d-or-de-la-presidence-de-la-republique-d-autriche\/212508\/#breadcrumb","itemListElement":[{"@type":"ListItem","position":1,"name":"Accueil","item":"https:\/\/www.webdo.tn\/fr\/"},{"@type":"ListItem","position":2,"name":"Hatem Bourial re\u00e7oit l&rsquo;Insigne d&rsquo;or de la pr\u00e9sidence de la R\u00e9publique d&rsquo;Autriche"}]},{"@type":"WebSite","@id":"https:\/\/www.webdo.tn\/fr\/#website","url":"https:\/\/www.webdo.tn\/fr\/","name":"webdo","description":"Tunisie - News en Tunisie et \u00e0 l&#039;international sur Webdo.tn","publisher":{"@id":"https:\/\/www.webdo.tn\/fr\/#organization"},"potentialAction":[{"@type":"SearchAction","target":{"@type":"EntryPoint","urlTemplate":"https:\/\/www.webdo.tn\/fr\/?s={search_term_string}"},"query-input":{"@type":"PropertyValueSpecification","valueRequired":true,"valueName":"search_term_string"}}],"inLanguage":"fr-FR"},{"@type":"Organization","@id":"https:\/\/www.webdo.tn\/fr\/#organization","name":"Webdo","alternateName":"Webdo.tn","url":"https:\/\/www.webdo.tn\/fr\/","logo":{"@type":"ImageObject","inLanguage":"fr-FR","@id":"https:\/\/www.webdo.tn\/fr\/#\/schema\/logo\/image\/","url":"https:\/\/www.webdo.tn\/fr\/wp-content\/uploads\/2025\/06\/Webdo-Tunisie_168377.jpg","contentUrl":"https:\/\/www.webdo.tn\/fr\/wp-content\/uploads\/2025\/06\/Webdo-Tunisie_168377.jpg","width":301,"height":301,"caption":"Webdo"},"image":{"@id":"https:\/\/www.webdo.tn\/fr\/#\/schema\/logo\/image\/"},"sameAs":["https:\/\/www.facebook.com\/webdotn","https:\/\/x.com\/webdo_tn"],"description":"Webdo est un m\u00e9dia num\u00e9rique tunisien fond\u00e9 en 2010, sp\u00e9cialis\u00e9 dans l\u2019actualit\u00e9 nationale et internationale, l\u2019\u00e9conomie, la soci\u00e9t\u00e9 et les analyses politiques. Le site s\u2019adresse \u00e0 un large public francophone et couvre l\u2019information tunisienne en temps r\u00e9el.","email":"redac@webdo.tn","legalName":"YNJ SARL","foundingDate":"2010-09-06","numberOfEmployees":{"@type":"QuantitativeValue","minValue":"11","maxValue":"50"}},{"@type":"Person","@id":"https:\/\/www.webdo.tn\/fr\/#\/schema\/person\/f35b42a42c5e2511bbd282959d6385cc","name":"CL","image":{"@type":"ImageObject","inLanguage":"fr-FR","@id":"https:\/\/secure.gravatar.com\/avatar\/1447a49909b67aa657c488aec6512e1dd6143a480c1ecfee9b5b5cd74eb3b59e?s=96&d=mm&r=g","url":"https:\/\/secure.gravatar.com\/avatar\/1447a49909b67aa657c488aec6512e1dd6143a480c1ecfee9b5b5cd74eb3b59e?s=96&d=mm&r=g","contentUrl":"https:\/\/secure.gravatar.com\/avatar\/1447a49909b67aa657c488aec6512e1dd6143a480c1ecfee9b5b5cd74eb3b59e?s=96&d=mm&r=g","caption":"CL"},"url":"https:\/\/www.webdo.tn\/fr\/actualite\/author\/cl\/"}]}},"_links":{"self":[{"href":"https:\/\/www.webdo.tn\/fr\/wp-json\/wp\/v2\/posts\/212508","targetHints":{"allow":["GET"]}}],"collection":[{"href":"https:\/\/www.webdo.tn\/fr\/wp-json\/wp\/v2\/posts"}],"about":[{"href":"https:\/\/www.webdo.tn\/fr\/wp-json\/wp\/v2\/types\/post"}],"author":[{"embeddable":true,"href":"https:\/\/www.webdo.tn\/fr\/wp-json\/wp\/v2\/users\/3175"}],"replies":[{"embeddable":true,"href":"https:\/\/www.webdo.tn\/fr\/wp-json\/wp\/v2\/comments?post=212508"}],"version-history":[{"count":0,"href":"https:\/\/www.webdo.tn\/fr\/wp-json\/wp\/v2\/posts\/212508\/revisions"}],"wp:featuredmedia":[{"embeddable":true,"href":"https:\/\/www.webdo.tn\/fr\/wp-json\/wp\/v2\/media\/290277"}],"wp:attachment":[{"href":"https:\/\/www.webdo.tn\/fr\/wp-json\/wp\/v2\/media?parent=212508"}],"wp:term":[{"taxonomy":"category","embeddable":true,"href":"https:\/\/www.webdo.tn\/fr\/wp-json\/wp\/v2\/categories?post=212508"},{"taxonomy":"post_tag","embeddable":true,"href":"https:\/\/www.webdo.tn\/fr\/wp-json\/wp\/v2\/tags?post=212508"}],"curies":[{"name":"wp","href":"https:\/\/api.w.org\/{rel}","templated":true}]}}