{"id":212499,"date":"2024-02-23T09:52:00","date_gmt":"2024-02-23T09:52:00","guid":{"rendered":"https:\/\/www.webdo.tn\/fr\/blog\/l-imam-mahjoub-mahjoubi-expulse-vers-la-tunisie\/212499\/"},"modified":"2025-05-20T22:11:59","modified_gmt":"2025-05-20T22:11:59","slug":"l-imam-mahjoub-mahjoubi-expulse-vers-la-tunisie","status":"publish","type":"post","link":"https:\/\/www.webdo.tn\/fr\/actualite\/international\/l-imam-mahjoub-mahjoubi-expulse-vers-la-tunisie\/212499\/","title":{"rendered":"L&rsquo;imam Mahjoub Mahjoubi expuls\u00e9 vers la Tunisie"},"content":{"rendered":"<p>Vis\u00e9 par une enqu\u00eate pour apologie du terrorisme et pour avoir tenu des pr\u00eaches radicaux en France, l\u2019imam tunisien Mahjoub Mahjoubi a \u00e9t\u00e9 expuls\u00e9 en Tunisie, ce jeudi 22 f\u00e9vrier 2024.<\/p>\n<p>\t\t\t\t\t\t\t\t\tApr\u00e8s avoir \u00e9t\u00e9 interpell\u00e9, hier, l\u2019imam tunisien, Mahjoub Mahjoubi, a \u00e9t\u00e9 expuls\u00e9 dans la soir\u00e9e de jeudi 22 f\u00e9vrier 2024 vers la Tunisie, et ce moins de 12 heures apr\u00e8s son interpellation \u00e0 Bagnols (Gard).<\/p>\n<p>Dans l\u2019arr\u00eat\u00e9 d\u2019expulsion, rapport\u00e9 par certain m\u00e9dias, il est reproch\u00e9 \u00e0 Mahjoub Mahjoubi de \u00ab\u00a0v\u00e9hiculer\u00a0\u00bb une conception \u00ab\u00a0r\u00e9trograde, intol\u00e9rante et violente de l\u2019islam\u00a0\u00bb. Il aurait notamment tenu des discours pr\u00e9sentant les femmes comme \u00ab\u00a0inf\u00e9rieures, faibles et v\u00e9nales\u00a0\u00bb, et incit\u00e9 \u00e0 la haine envers les Juifs, d\u00e9sign\u00e9s comme \u00ab\u00a0les ennemis historiques des musulmans\u00a0\u00bb. Il aurait \u00e9galement d\u00e9plor\u00e9 que \u00ab\u00a0les mosqu\u00e9es ne produisent plus de combattants comme au temps du proph\u00e8te\u00a0\u00bb.<\/p>\n<p>\u00ab\u00a0Nous contestons sur le fond et sur la forme, la proc\u00e9dure d\u2019expulsion de l\u2019imam Mahjoub Mahjoubi\u00a0\u00bb, a indiqu\u00e9 l\u2019avocat de l\u2019imam, Samir Hamroun, ce vendredi matin, assurant qu\u2019il allait d\u00e9poser un recours r\u00e9f\u00e9r\u00e9 libert\u00e9 pour suspendre ou annuler cette d\u00e9cision, et soulignant que Mahjoub Mahjoubi est en France depuis 1986 et poss\u00e8de un titre de s\u00e9jour depuis 1989. Il est p\u00e8re de onze enfants, dont cinq sont mineurs, \u00e2g\u00e9s de 7 \u00e0 17 ans, selon son avocat.<\/p>\n<p>L\u2019avocat a aussi \u00e9voqu\u00e9 un lapsus, assurant qu\u2019il ne parlait pas du drapeau fran\u00e7ais dans son pr\u00eache qui a enflamm\u00e9 les d\u00e9bats. Dans une vid\u00e9o diffus\u00e9e sur les r\u00e9seaux sociaux, il a qualifi\u00e9 le \u00ab\u00a0drapeau tricolore\u00a0\u00bb de \u00ab\u00a0drapeau satanique\u00a0\u00bb, arguant qu&rsquo;il n&rsquo;avait \u00ab\u00a0aucune valeur aupr\u00e8s d&rsquo;Allah\u00a0\u00bb. L\u2019imam s\u2019est en effet excus\u00e9 assurant avoir fait un lapsus et vouloir parler de \u00ab\u00a0drapeaux multicolores\u00a0\u00bb.<\/p>\n","protected":false},"excerpt":{"rendered":"<p>Apr\u00e8s avoir \u00e9t\u00e9 interpell\u00e9, hier, l\u2019imam tunisien, Mahjoub Mahjoubi, a \u00e9t\u00e9 expuls\u00e9 dans la soir\u00e9e de jeudi 22 f\u00e9vrier 2024 vers la Tunisie, et ce moins de 12 he&#8230;<\/p>\n","protected":false},"author":3162,"featured_media":290274,"comment_status":"open","ping_status":"closed","sticky":false,"template":"","format":"standard","meta":{"footnotes":""},"categories":[2598],"tags":[3219,2998,6903,6904,2608],"class_list":["post-212499","post","type-post","status-publish","format-standard","has-post-thumbnail","hentry","category-international","tag-expulsion","tag-france","tag-imam","tag-mahjoub-mahjoubi","tag-tunisie"],"yoast_head":"<!-- This site is optimized with the Yoast SEO Premium plugin v27.5 (Yoast SEO v27.5) - https:\/\/yoast.com\/product\/yoast-seo-premium-wordpress\/ -->\n<title>L&#039;imam Mahjoub Mahjoubi expuls\u00e9 vers la Tunisie<\/title>\n<meta name=\"description\" content=\"Apr\u00e8s avoir \u00e9t\u00e9 interpell\u00e9, hier, l\u2019imam tunisien, Mahjoub Mahjoubi, a \u00e9t\u00e9 expuls\u00e9 dans la soir\u00e9e de jeudi 22 f\u00e9vrier 2024 vers la Tunisie, et ce moins de 12 he...\" \/>\n<link rel=\"canonical\" href=\"https:\/\/www.webdo.tn\/fr\/actualite\/international\/l-imam-mahjoub-mahjoubi-expulse-vers-la-tunisie\/212499\/\" \/>\n<meta property=\"og:locale\" content=\"fr_FR\" \/>\n<meta property=\"og:type\" content=\"article\" \/>\n<meta property=\"og:title\" content=\"L&#039;imam Mahjoub Mahjoubi expuls\u00e9 vers la Tunisie\" \/>\n<meta property=\"og:description\" content=\"Apr\u00e8s avoir \u00e9t\u00e9 interpell\u00e9, hier, l\u2019imam tunisien, Mahjoub Mahjoubi, a \u00e9t\u00e9 expuls\u00e9 dans la soir\u00e9e de jeudi 22 f\u00e9vrier 2024 vers la Tunisie, et ce moins de 12 he...\" \/>\n<meta property=\"og:url\" content=\"https:\/\/www.webdo.tn\/fr\/actualite\/international\/l-imam-mahjoub-mahjoubi-expulse-vers-la-tunisie\/212499\/\" \/>\n<meta property=\"og:site_name\" content=\"webdo\" \/>\n<meta property=\"article:publisher\" content=\"https:\/\/www.facebook.com\/webdotn\" \/>\n<meta property=\"article:published_time\" content=\"2024-02-23T09:52:00+00:00\" \/>\n<meta property=\"article:modified_time\" content=\"2025-05-20T22:11:59+00:00\" \/>\n<meta property=\"og:image\" content=\"https:\/\/www.webdo.tn\/fr\/wp-content\/uploads\/2024\/02\/40645eede0e386ed8140aae2d6896ff4.jpg\" \/>\n\t<meta property=\"og:image:width\" content=\"750\" \/>\n\t<meta property=\"og:image:height\" content=\"400\" \/>\n\t<meta property=\"og:image:type\" content=\"image\/jpeg\" \/>\n<meta name=\"author\" content=\"MC\" \/>\n<meta name=\"twitter:card\" content=\"summary_large_image\" \/>\n<meta name=\"twitter:creator\" content=\"@webdo_tn\" \/>\n<meta name=\"twitter:site\" content=\"@webdo_tn\" \/>\n<meta name=\"twitter:label1\" content=\"\u00c9crit par\" \/>\n\t<meta name=\"twitter:data1\" content=\"MC\" \/>\n\t<meta name=\"twitter:label2\" content=\"Dur\u00e9e de lecture estim\u00e9e\" \/>\n\t<meta name=\"twitter:data2\" content=\"2 minutes\" \/>\n<script type=\"application\/ld+json\" class=\"yoast-schema-graph\">{\"@context\":\"https:\\\/\\\/schema.org\",\"@graph\":[{\"@type\":\"NewsArticle\",\"@id\":\"https:\\\/\\\/www.webdo.tn\\\/fr\\\/actualite\\\/international\\\/l-imam-mahjoub-mahjoubi-expulse-vers-la-tunisie\\\/212499\\\/#article\",\"isPartOf\":{\"@id\":\"https:\\\/\\\/www.webdo.tn\\\/fr\\\/actualite\\\/international\\\/l-imam-mahjoub-mahjoubi-expulse-vers-la-tunisie\\\/212499\\\/\"},\"author\":{\"name\":\"MC\",\"@id\":\"https:\\\/\\\/www.webdo.tn\\\/fr\\\/#\\\/schema\\\/person\\\/2c4929cbf5a809e3bd38617c6ce150f6\"},\"headline\":\"L&rsquo;imam Mahjoub Mahjoubi expuls\u00e9 vers la Tunisie\",\"datePublished\":\"2024-02-23T09:52:00+00:00\",\"dateModified\":\"2025-05-20T22:11:59+00:00\",\"mainEntityOfPage\":{\"@id\":\"https:\\\/\\\/www.webdo.tn\\\/fr\\\/actualite\\\/international\\\/l-imam-mahjoub-mahjoubi-expulse-vers-la-tunisie\\\/212499\\\/\"},\"wordCount\":322,\"commentCount\":0,\"publisher\":{\"@id\":\"https:\\\/\\\/www.webdo.tn\\\/fr\\\/#organization\"},\"image\":{\"@id\":\"https:\\\/\\\/www.webdo.tn\\\/fr\\\/actualite\\\/international\\\/l-imam-mahjoub-mahjoubi-expulse-vers-la-tunisie\\\/212499\\\/#primaryimage\"},\"thumbnailUrl\":\"https:\\\/\\\/www.webdo.tn\\\/fr\\\/wp-content\\\/uploads\\\/2024\\\/02\\\/40645eede0e386ed8140aae2d6896ff4.jpg\",\"keywords\":[\"expulsion\",\"france\",\"imam\",\"mahjoub mahjoubi\",\"Tunisie\"],\"articleSection\":[\"International\"],\"inLanguage\":\"fr-FR\"},{\"@type\":\"WebPage\",\"@id\":\"https:\\\/\\\/www.webdo.tn\\\/fr\\\/actualite\\\/international\\\/l-imam-mahjoub-mahjoubi-expulse-vers-la-tunisie\\\/212499\\\/\",\"url\":\"https:\\\/\\\/www.webdo.tn\\\/fr\\\/actualite\\\/international\\\/l-imam-mahjoub-mahjoubi-expulse-vers-la-tunisie\\\/212499\\\/\",\"name\":\"L'imam Mahjoub Mahjoubi expuls\u00e9 vers la Tunisie\",\"isPartOf\":{\"@id\":\"https:\\\/\\\/www.webdo.tn\\\/fr\\\/#website\"},\"primaryImageOfPage\":{\"@id\":\"https:\\\/\\\/www.webdo.tn\\\/fr\\\/actualite\\\/international\\\/l-imam-mahjoub-mahjoubi-expulse-vers-la-tunisie\\\/212499\\\/#primaryimage\"},\"image\":{\"@id\":\"https:\\\/\\\/www.webdo.tn\\\/fr\\\/actualite\\\/international\\\/l-imam-mahjoub-mahjoubi-expulse-vers-la-tunisie\\\/212499\\\/#primaryimage\"},\"thumbnailUrl\":\"https:\\\/\\\/www.webdo.tn\\\/fr\\\/wp-content\\\/uploads\\\/2024\\\/02\\\/40645eede0e386ed8140aae2d6896ff4.jpg\",\"datePublished\":\"2024-02-23T09:52:00+00:00\",\"dateModified\":\"2025-05-20T22:11:59+00:00\",\"description\":\"Apr\u00e8s avoir \u00e9t\u00e9 interpell\u00e9, hier, l\u2019imam tunisien, Mahjoub Mahjoubi, a \u00e9t\u00e9 expuls\u00e9 dans la soir\u00e9e de jeudi 22 f\u00e9vrier 2024 vers la Tunisie, et ce moins de 12 he...\",\"breadcrumb\":{\"@id\":\"https:\\\/\\\/www.webdo.tn\\\/fr\\\/actualite\\\/international\\\/l-imam-mahjoub-mahjoubi-expulse-vers-la-tunisie\\\/212499\\\/#breadcrumb\"},\"inLanguage\":\"fr-FR\",\"potentialAction\":[{\"@type\":\"ReadAction\",\"target\":[\"https:\\\/\\\/www.webdo.tn\\\/fr\\\/actualite\\\/international\\\/l-imam-mahjoub-mahjoubi-expulse-vers-la-tunisie\\\/212499\\\/\"]}]},{\"@type\":\"ImageObject\",\"inLanguage\":\"fr-FR\",\"@id\":\"https:\\\/\\\/www.webdo.tn\\\/fr\\\/actualite\\\/international\\\/l-imam-mahjoub-mahjoubi-expulse-vers-la-tunisie\\\/212499\\\/#primaryimage\",\"url\":\"https:\\\/\\\/www.webdo.tn\\\/fr\\\/wp-content\\\/uploads\\\/2024\\\/02\\\/40645eede0e386ed8140aae2d6896ff4.jpg\",\"contentUrl\":\"https:\\\/\\\/www.webdo.tn\\\/fr\\\/wp-content\\\/uploads\\\/2024\\\/02\\\/40645eede0e386ed8140aae2d6896ff4.jpg\",\"width\":750,\"height\":400,\"caption\":\"L'imam Mahjoub Mahjoubi expuls\u00e9 vers la Tunisie\"},{\"@type\":\"BreadcrumbList\",\"@id\":\"https:\\\/\\\/www.webdo.tn\\\/fr\\\/actualite\\\/international\\\/l-imam-mahjoub-mahjoubi-expulse-vers-la-tunisie\\\/212499\\\/#breadcrumb\",\"itemListElement\":[{\"@type\":\"ListItem\",\"position\":1,\"name\":\"Accueil\",\"item\":\"https:\\\/\\\/www.webdo.tn\\\/fr\\\/\"},{\"@type\":\"ListItem\",\"position\":2,\"name\":\"L&rsquo;imam Mahjoub Mahjoubi expuls\u00e9 vers la Tunisie\"}]},{\"@type\":\"WebSite\",\"@id\":\"https:\\\/\\\/www.webdo.tn\\\/fr\\\/#website\",\"url\":\"https:\\\/\\\/www.webdo.tn\\\/fr\\\/\",\"name\":\"webdo\",\"description\":\"Tunisie - News en Tunisie et \u00e0 l&#039;international sur Webdo.tn\",\"publisher\":{\"@id\":\"https:\\\/\\\/www.webdo.tn\\\/fr\\\/#organization\"},\"potentialAction\":[{\"@type\":\"SearchAction\",\"target\":{\"@type\":\"EntryPoint\",\"urlTemplate\":\"https:\\\/\\\/www.webdo.tn\\\/fr\\\/?s={search_term_string}\"},\"query-input\":{\"@type\":\"PropertyValueSpecification\",\"valueRequired\":true,\"valueName\":\"search_term_string\"}}],\"inLanguage\":\"fr-FR\"},{\"@type\":\"Organization\",\"@id\":\"https:\\\/\\\/www.webdo.tn\\\/fr\\\/#organization\",\"name\":\"Webdo\",\"alternateName\":\"Webdo.tn\",\"url\":\"https:\\\/\\\/www.webdo.tn\\\/fr\\\/\",\"logo\":{\"@type\":\"ImageObject\",\"inLanguage\":\"fr-FR\",\"@id\":\"https:\\\/\\\/www.webdo.tn\\\/fr\\\/#\\\/schema\\\/logo\\\/image\\\/\",\"url\":\"https:\\\/\\\/www.webdo.tn\\\/fr\\\/wp-content\\\/uploads\\\/2025\\\/06\\\/Webdo-Tunisie_168377.jpg\",\"contentUrl\":\"https:\\\/\\\/www.webdo.tn\\\/fr\\\/wp-content\\\/uploads\\\/2025\\\/06\\\/Webdo-Tunisie_168377.jpg\",\"width\":301,\"height\":301,\"caption\":\"Webdo\"},\"image\":{\"@id\":\"https:\\\/\\\/www.webdo.tn\\\/fr\\\/#\\\/schema\\\/logo\\\/image\\\/\"},\"sameAs\":[\"https:\\\/\\\/www.facebook.com\\\/webdotn\",\"https:\\\/\\\/x.com\\\/webdo_tn\"],\"description\":\"Webdo est un m\u00e9dia num\u00e9rique tunisien fond\u00e9 en 2010, sp\u00e9cialis\u00e9 dans l\u2019actualit\u00e9 nationale et internationale, l\u2019\u00e9conomie, la soci\u00e9t\u00e9 et les analyses politiques. Le site s\u2019adresse \u00e0 un large public francophone et couvre l\u2019information tunisienne en temps r\u00e9el.\",\"email\":\"redac@webdo.tn\",\"legalName\":\"YNJ SARL\",\"foundingDate\":\"2010-09-06\",\"numberOfEmployees\":{\"@type\":\"QuantitativeValue\",\"minValue\":\"11\",\"maxValue\":\"50\"}},{\"@type\":\"Person\",\"@id\":\"https:\\\/\\\/www.webdo.tn\\\/fr\\\/#\\\/schema\\\/person\\\/2c4929cbf5a809e3bd38617c6ce150f6\",\"name\":\"MC\",\"image\":{\"@type\":\"ImageObject\",\"inLanguage\":\"fr-FR\",\"@id\":\"https:\\\/\\\/secure.gravatar.com\\\/avatar\\\/a545bbb6f84efdd5553dbbc2895e3ca8f1d12c5215e00a041c9670b54aa9b18a?s=96&d=mm&r=g\",\"url\":\"https:\\\/\\\/secure.gravatar.com\\\/avatar\\\/a545bbb6f84efdd5553dbbc2895e3ca8f1d12c5215e00a041c9670b54aa9b18a?s=96&d=mm&r=g\",\"contentUrl\":\"https:\\\/\\\/secure.gravatar.com\\\/avatar\\\/a545bbb6f84efdd5553dbbc2895e3ca8f1d12c5215e00a041c9670b54aa9b18a?s=96&d=mm&r=g\",\"caption\":\"MC\"},\"url\":\"https:\\\/\\\/www.webdo.tn\\\/fr\\\/actualite\\\/author\\\/mc\\\/\"}]}<\/script>\n<!-- \/ Yoast SEO Premium plugin. -->","yoast_head_json":{"title":"L'imam Mahjoub Mahjoubi expuls\u00e9 vers la Tunisie","description":"Apr\u00e8s avoir \u00e9t\u00e9 interpell\u00e9, hier, l\u2019imam tunisien, Mahjoub Mahjoubi, a \u00e9t\u00e9 expuls\u00e9 dans la soir\u00e9e de jeudi 22 f\u00e9vrier 2024 vers la Tunisie, et ce moins de 12 he...","canonical":"https:\/\/www.webdo.tn\/fr\/actualite\/international\/l-imam-mahjoub-mahjoubi-expulse-vers-la-tunisie\/212499\/","og_locale":"fr_FR","og_type":"article","og_title":"L'imam Mahjoub Mahjoubi expuls\u00e9 vers la Tunisie","og_description":"Apr\u00e8s avoir \u00e9t\u00e9 interpell\u00e9, hier, l\u2019imam tunisien, Mahjoub Mahjoubi, a \u00e9t\u00e9 expuls\u00e9 dans la soir\u00e9e de jeudi 22 f\u00e9vrier 2024 vers la Tunisie, et ce moins de 12 he...","og_url":"https:\/\/www.webdo.tn\/fr\/actualite\/international\/l-imam-mahjoub-mahjoubi-expulse-vers-la-tunisie\/212499\/","og_site_name":"webdo","article_publisher":"https:\/\/www.facebook.com\/webdotn","article_published_time":"2024-02-23T09:52:00+00:00","article_modified_time":"2025-05-20T22:11:59+00:00","og_image":[{"width":750,"height":400,"url":"https:\/\/www.webdo.tn\/fr\/wp-content\/uploads\/2024\/02\/40645eede0e386ed8140aae2d6896ff4.jpg","type":"image\/jpeg"}],"author":"MC","twitter_card":"summary_large_image","twitter_creator":"@webdo_tn","twitter_site":"@webdo_tn","twitter_misc":{"\u00c9crit par":"MC","Dur\u00e9e de lecture estim\u00e9e":"2 minutes"},"schema":{"@context":"https:\/\/schema.org","@graph":[{"@type":"NewsArticle","@id":"https:\/\/www.webdo.tn\/fr\/actualite\/international\/l-imam-mahjoub-mahjoubi-expulse-vers-la-tunisie\/212499\/#article","isPartOf":{"@id":"https:\/\/www.webdo.tn\/fr\/actualite\/international\/l-imam-mahjoub-mahjoubi-expulse-vers-la-tunisie\/212499\/"},"author":{"name":"MC","@id":"https:\/\/www.webdo.tn\/fr\/#\/schema\/person\/2c4929cbf5a809e3bd38617c6ce150f6"},"headline":"L&rsquo;imam Mahjoub Mahjoubi expuls\u00e9 vers la Tunisie","datePublished":"2024-02-23T09:52:00+00:00","dateModified":"2025-05-20T22:11:59+00:00","mainEntityOfPage":{"@id":"https:\/\/www.webdo.tn\/fr\/actualite\/international\/l-imam-mahjoub-mahjoubi-expulse-vers-la-tunisie\/212499\/"},"wordCount":322,"commentCount":0,"publisher":{"@id":"https:\/\/www.webdo.tn\/fr\/#organization"},"image":{"@id":"https:\/\/www.webdo.tn\/fr\/actualite\/international\/l-imam-mahjoub-mahjoubi-expulse-vers-la-tunisie\/212499\/#primaryimage"},"thumbnailUrl":"https:\/\/www.webdo.tn\/fr\/wp-content\/uploads\/2024\/02\/40645eede0e386ed8140aae2d6896ff4.jpg","keywords":["expulsion","france","imam","mahjoub mahjoubi","Tunisie"],"articleSection":["International"],"inLanguage":"fr-FR"},{"@type":"WebPage","@id":"https:\/\/www.webdo.tn\/fr\/actualite\/international\/l-imam-mahjoub-mahjoubi-expulse-vers-la-tunisie\/212499\/","url":"https:\/\/www.webdo.tn\/fr\/actualite\/international\/l-imam-mahjoub-mahjoubi-expulse-vers-la-tunisie\/212499\/","name":"L'imam Mahjoub Mahjoubi expuls\u00e9 vers la Tunisie","isPartOf":{"@id":"https:\/\/www.webdo.tn\/fr\/#website"},"primaryImageOfPage":{"@id":"https:\/\/www.webdo.tn\/fr\/actualite\/international\/l-imam-mahjoub-mahjoubi-expulse-vers-la-tunisie\/212499\/#primaryimage"},"image":{"@id":"https:\/\/www.webdo.tn\/fr\/actualite\/international\/l-imam-mahjoub-mahjoubi-expulse-vers-la-tunisie\/212499\/#primaryimage"},"thumbnailUrl":"https:\/\/www.webdo.tn\/fr\/wp-content\/uploads\/2024\/02\/40645eede0e386ed8140aae2d6896ff4.jpg","datePublished":"2024-02-23T09:52:00+00:00","dateModified":"2025-05-20T22:11:59+00:00","description":"Apr\u00e8s avoir \u00e9t\u00e9 interpell\u00e9, hier, l\u2019imam tunisien, Mahjoub Mahjoubi, a \u00e9t\u00e9 expuls\u00e9 dans la soir\u00e9e de jeudi 22 f\u00e9vrier 2024 vers la Tunisie, et ce moins de 12 he...","breadcrumb":{"@id":"https:\/\/www.webdo.tn\/fr\/actualite\/international\/l-imam-mahjoub-mahjoubi-expulse-vers-la-tunisie\/212499\/#breadcrumb"},"inLanguage":"fr-FR","potentialAction":[{"@type":"ReadAction","target":["https:\/\/www.webdo.tn\/fr\/actualite\/international\/l-imam-mahjoub-mahjoubi-expulse-vers-la-tunisie\/212499\/"]}]},{"@type":"ImageObject","inLanguage":"fr-FR","@id":"https:\/\/www.webdo.tn\/fr\/actualite\/international\/l-imam-mahjoub-mahjoubi-expulse-vers-la-tunisie\/212499\/#primaryimage","url":"https:\/\/www.webdo.tn\/fr\/wp-content\/uploads\/2024\/02\/40645eede0e386ed8140aae2d6896ff4.jpg","contentUrl":"https:\/\/www.webdo.tn\/fr\/wp-content\/uploads\/2024\/02\/40645eede0e386ed8140aae2d6896ff4.jpg","width":750,"height":400,"caption":"L'imam Mahjoub Mahjoubi expuls\u00e9 vers la Tunisie"},{"@type":"BreadcrumbList","@id":"https:\/\/www.webdo.tn\/fr\/actualite\/international\/l-imam-mahjoub-mahjoubi-expulse-vers-la-tunisie\/212499\/#breadcrumb","itemListElement":[{"@type":"ListItem","position":1,"name":"Accueil","item":"https:\/\/www.webdo.tn\/fr\/"},{"@type":"ListItem","position":2,"name":"L&rsquo;imam Mahjoub Mahjoubi expuls\u00e9 vers la Tunisie"}]},{"@type":"WebSite","@id":"https:\/\/www.webdo.tn\/fr\/#website","url":"https:\/\/www.webdo.tn\/fr\/","name":"webdo","description":"Tunisie - News en Tunisie et \u00e0 l&#039;international sur Webdo.tn","publisher":{"@id":"https:\/\/www.webdo.tn\/fr\/#organization"},"potentialAction":[{"@type":"SearchAction","target":{"@type":"EntryPoint","urlTemplate":"https:\/\/www.webdo.tn\/fr\/?s={search_term_string}"},"query-input":{"@type":"PropertyValueSpecification","valueRequired":true,"valueName":"search_term_string"}}],"inLanguage":"fr-FR"},{"@type":"Organization","@id":"https:\/\/www.webdo.tn\/fr\/#organization","name":"Webdo","alternateName":"Webdo.tn","url":"https:\/\/www.webdo.tn\/fr\/","logo":{"@type":"ImageObject","inLanguage":"fr-FR","@id":"https:\/\/www.webdo.tn\/fr\/#\/schema\/logo\/image\/","url":"https:\/\/www.webdo.tn\/fr\/wp-content\/uploads\/2025\/06\/Webdo-Tunisie_168377.jpg","contentUrl":"https:\/\/www.webdo.tn\/fr\/wp-content\/uploads\/2025\/06\/Webdo-Tunisie_168377.jpg","width":301,"height":301,"caption":"Webdo"},"image":{"@id":"https:\/\/www.webdo.tn\/fr\/#\/schema\/logo\/image\/"},"sameAs":["https:\/\/www.facebook.com\/webdotn","https:\/\/x.com\/webdo_tn"],"description":"Webdo est un m\u00e9dia num\u00e9rique tunisien fond\u00e9 en 2010, sp\u00e9cialis\u00e9 dans l\u2019actualit\u00e9 nationale et internationale, l\u2019\u00e9conomie, la soci\u00e9t\u00e9 et les analyses politiques. Le site s\u2019adresse \u00e0 un large public francophone et couvre l\u2019information tunisienne en temps r\u00e9el.","email":"redac@webdo.tn","legalName":"YNJ SARL","foundingDate":"2010-09-06","numberOfEmployees":{"@type":"QuantitativeValue","minValue":"11","maxValue":"50"}},{"@type":"Person","@id":"https:\/\/www.webdo.tn\/fr\/#\/schema\/person\/2c4929cbf5a809e3bd38617c6ce150f6","name":"MC","image":{"@type":"ImageObject","inLanguage":"fr-FR","@id":"https:\/\/secure.gravatar.com\/avatar\/a545bbb6f84efdd5553dbbc2895e3ca8f1d12c5215e00a041c9670b54aa9b18a?s=96&d=mm&r=g","url":"https:\/\/secure.gravatar.com\/avatar\/a545bbb6f84efdd5553dbbc2895e3ca8f1d12c5215e00a041c9670b54aa9b18a?s=96&d=mm&r=g","contentUrl":"https:\/\/secure.gravatar.com\/avatar\/a545bbb6f84efdd5553dbbc2895e3ca8f1d12c5215e00a041c9670b54aa9b18a?s=96&d=mm&r=g","caption":"MC"},"url":"https:\/\/www.webdo.tn\/fr\/actualite\/author\/mc\/"}]}},"_links":{"self":[{"href":"https:\/\/www.webdo.tn\/fr\/wp-json\/wp\/v2\/posts\/212499","targetHints":{"allow":["GET"]}}],"collection":[{"href":"https:\/\/www.webdo.tn\/fr\/wp-json\/wp\/v2\/posts"}],"about":[{"href":"https:\/\/www.webdo.tn\/fr\/wp-json\/wp\/v2\/types\/post"}],"author":[{"embeddable":true,"href":"https:\/\/www.webdo.tn\/fr\/wp-json\/wp\/v2\/users\/3162"}],"replies":[{"embeddable":true,"href":"https:\/\/www.webdo.tn\/fr\/wp-json\/wp\/v2\/comments?post=212499"}],"version-history":[{"count":0,"href":"https:\/\/www.webdo.tn\/fr\/wp-json\/wp\/v2\/posts\/212499\/revisions"}],"wp:featuredmedia":[{"embeddable":true,"href":"https:\/\/www.webdo.tn\/fr\/wp-json\/wp\/v2\/media\/290274"}],"wp:attachment":[{"href":"https:\/\/www.webdo.tn\/fr\/wp-json\/wp\/v2\/media?parent=212499"}],"wp:term":[{"taxonomy":"category","embeddable":true,"href":"https:\/\/www.webdo.tn\/fr\/wp-json\/wp\/v2\/categories?post=212499"},{"taxonomy":"post_tag","embeddable":true,"href":"https:\/\/www.webdo.tn\/fr\/wp-json\/wp\/v2\/tags?post=212499"}],"curies":[{"name":"wp","href":"https:\/\/api.w.org\/{rel}","templated":true}]}}