{"id":212485,"date":"2024-02-22T15:41:00","date_gmt":"2024-02-22T15:41:00","guid":{"rendered":"https:\/\/www.webdo.tn\/fr\/blog\/l-imam-tunisien-mahjoub-mahjoubi-interpelle-en-france\/212485\/"},"modified":"2025-05-20T21:52:54","modified_gmt":"2025-05-20T21:52:54","slug":"l-imam-tunisien-mahjoub-mahjoubi-interpelle-en-france","status":"publish","type":"post","link":"https:\/\/www.webdo.tn\/fr\/actualite\/international\/l-imam-tunisien-mahjoub-mahjoubi-interpelle-en-france\/212485\/","title":{"rendered":"L&rsquo;imam tunisien Mahjoub Mahjoubi interpell\u00e9 en France"},"content":{"rendered":"<p>Au c\u0153ur d&rsquo;une pol\u00e9mique en France,  l&rsquo;imam tunisien Mahjoub Mahjoubi a \u00e9t\u00e9 interpell\u00e9 ce jeudi 22 f\u00e9vrier 2024.<\/p>\n<p>\t\t\t\t\t\t\t\t\tMahjoub Mahjoubi, imam tunisien de Bagnols-sur-C\u00e8ze (Gard), a \u00e9t\u00e9 interpell\u00e9 en vue de son expulsion, annoncent les m\u00e9dias fran\u00e7ais.<\/p>\n<p>Il a \u00e9t\u00e9 interpell\u00e9 \u00e0 son domicile de Bagnols-sur-C\u00e8ze et a \u00e9t\u00e9 plac\u00e9 dans un centre de r\u00e9tention de la r\u00e9gion parisienne. \u00ab\u00a0Un arr\u00eat\u00e9 d\u2019expulsion sign\u00e9 du ministre de l\u2019Int\u00e9rieur lui a \u00e9t\u00e9 notifi\u00e9 ce matin\u00a0\u00bb, ajoutent les m\u00e9dias fran\u00e7ais.<\/p>\n<p>C&rsquo;est un pr\u00eache de l&rsquo;imam tunisien, qui a enflamm\u00e9 les d\u00e9bats. Dans une vid\u00e9o diffus\u00e9e sur les r\u00e9seaux sociaux, il a qualifi\u00e9 le \u00ab\u00a0drapeau tricolore\u00a0\u00bb de \u00ab\u00a0drapeau satanique\u00a0\u00bb, arguant qu&rsquo;il n&rsquo;avait \u00ab\u00a0aucune valeur aupr\u00e8s d&rsquo;Allah\u00a0\u00bb.<\/p>\n<p>Le ministre fran\u00e7ais de l&rsquo;Int\u00e9rieur, G\u00e9rald Darmanin, avait r\u00e9agi le 19 f\u00e9vrier et annonc\u00e9 avoir requis le retrait du titre de s\u00e9jour de l\u2019imam en question, tout en exprimant l&rsquo;attente de son expulsion du territoire.<\/p>\n<p>N\u00e9 en Tunisie, Mahjoub Mahjoubi vit en France depuis une quarantaine d&rsquo;ann\u00e9es o\u00f9 il a fond\u00e9 une famille avec une Fran\u00e7aise et est p\u00e8re de cinq enfants. Le retrait de son titre de s\u00e9jour ouvre la porte \u00e0 une nouvelle pol\u00e9mique en France.<\/p>\n","protected":false},"excerpt":{"rendered":"<p>Mahjoub Mahjoubi a \u00e9t\u00e9 interpell\u00e9 \u00e0 son domicile et plac\u00e9 dans un centre de r\u00e9tention de la r\u00e9gion parisienne.<\/p>\n","protected":false},"author":3162,"featured_media":247947,"comment_status":"open","ping_status":"closed","sticky":false,"template":"","format":"standard","meta":{"footnotes":""},"categories":[2598],"tags":[2998,6903,6904,2608],"class_list":["post-212485","post","type-post","status-publish","format-standard","has-post-thumbnail","hentry","category-international","tag-france","tag-imam","tag-mahjoub-mahjoubi","tag-tunisie"],"yoast_head":"<!-- This site is optimized with the Yoast SEO Premium plugin v27.5 (Yoast SEO v27.5) - https:\/\/yoast.com\/product\/yoast-seo-premium-wordpress\/ -->\n<title>L&#039;imam tunisien Mahjoub Mahjoubi interpell\u00e9 en France<\/title>\n<meta name=\"description\" content=\"Mahjoub Mahjoubi a \u00e9t\u00e9 interpell\u00e9 \u00e0 son domicile et plac\u00e9 dans un centre de r\u00e9tention de la r\u00e9gion parisienne.\" \/>\n<link rel=\"canonical\" href=\"https:\/\/www.webdo.tn\/fr\/actualite\/international\/l-imam-tunisien-mahjoub-mahjoubi-interpelle-en-france\/212485\/\" \/>\n<meta property=\"og:locale\" content=\"fr_FR\" \/>\n<meta property=\"og:type\" content=\"article\" \/>\n<meta property=\"og:title\" content=\"L&#039;imam tunisien Mahjoub Mahjoubi interpell\u00e9 en France\" \/>\n<meta property=\"og:description\" content=\"Mahjoub Mahjoubi a \u00e9t\u00e9 interpell\u00e9 \u00e0 son domicile et plac\u00e9 dans un centre de r\u00e9tention de la r\u00e9gion parisienne.\" \/>\n<meta property=\"og:url\" content=\"https:\/\/www.webdo.tn\/fr\/actualite\/international\/l-imam-tunisien-mahjoub-mahjoubi-interpelle-en-france\/212485\/\" \/>\n<meta property=\"og:site_name\" content=\"webdo\" \/>\n<meta property=\"article:publisher\" content=\"https:\/\/www.facebook.com\/webdotn\" \/>\n<meta property=\"article:published_time\" content=\"2024-02-22T15:41:00+00:00\" \/>\n<meta property=\"article:modified_time\" content=\"2025-05-20T21:52:54+00:00\" \/>\n<meta property=\"og:image\" content=\"https:\/\/www.webdo.tn\/fr\/wp-content\/uploads\/2024\/02\/098de36caa6220a94e71c59c2cfeb0c7.jpg\" \/>\n\t<meta property=\"og:image:width\" content=\"720\" \/>\n\t<meta property=\"og:image:height\" content=\"384\" \/>\n\t<meta property=\"og:image:type\" content=\"image\/jpeg\" \/>\n<meta name=\"author\" content=\"MC\" \/>\n<meta name=\"twitter:card\" content=\"summary_large_image\" \/>\n<meta name=\"twitter:creator\" content=\"@webdo_tn\" \/>\n<meta name=\"twitter:site\" content=\"@webdo_tn\" \/>\n<meta name=\"twitter:label1\" content=\"\u00c9crit par\" \/>\n\t<meta name=\"twitter:data1\" content=\"MC\" \/>\n\t<meta name=\"twitter:label2\" content=\"Dur\u00e9e de lecture estim\u00e9e\" \/>\n\t<meta name=\"twitter:data2\" content=\"1 minute\" \/>\n<script type=\"application\/ld+json\" class=\"yoast-schema-graph\">{\"@context\":\"https:\\\/\\\/schema.org\",\"@graph\":[{\"@type\":\"NewsArticle\",\"@id\":\"https:\\\/\\\/www.webdo.tn\\\/fr\\\/actualite\\\/international\\\/l-imam-tunisien-mahjoub-mahjoubi-interpelle-en-france\\\/212485\\\/#article\",\"isPartOf\":{\"@id\":\"https:\\\/\\\/www.webdo.tn\\\/fr\\\/actualite\\\/international\\\/l-imam-tunisien-mahjoub-mahjoubi-interpelle-en-france\\\/212485\\\/\"},\"author\":{\"name\":\"MC\",\"@id\":\"https:\\\/\\\/www.webdo.tn\\\/fr\\\/#\\\/schema\\\/person\\\/2c4929cbf5a809e3bd38617c6ce150f6\"},\"headline\":\"L&rsquo;imam tunisien Mahjoub Mahjoubi interpell\u00e9 en France\",\"datePublished\":\"2024-02-22T15:41:00+00:00\",\"dateModified\":\"2025-05-20T21:52:54+00:00\",\"mainEntityOfPage\":{\"@id\":\"https:\\\/\\\/www.webdo.tn\\\/fr\\\/actualite\\\/international\\\/l-imam-tunisien-mahjoub-mahjoubi-interpelle-en-france\\\/212485\\\/\"},\"wordCount\":236,\"commentCount\":0,\"publisher\":{\"@id\":\"https:\\\/\\\/www.webdo.tn\\\/fr\\\/#organization\"},\"image\":{\"@id\":\"https:\\\/\\\/www.webdo.tn\\\/fr\\\/actualite\\\/international\\\/l-imam-tunisien-mahjoub-mahjoubi-interpelle-en-france\\\/212485\\\/#primaryimage\"},\"thumbnailUrl\":\"https:\\\/\\\/www.webdo.tn\\\/fr\\\/wp-content\\\/uploads\\\/2024\\\/02\\\/098de36caa6220a94e71c59c2cfeb0c7.jpg\",\"keywords\":[\"france\",\"imam\",\"mahjoub mahjoubi\",\"Tunisie\"],\"articleSection\":[\"International\"],\"inLanguage\":\"fr-FR\"},{\"@type\":\"WebPage\",\"@id\":\"https:\\\/\\\/www.webdo.tn\\\/fr\\\/actualite\\\/international\\\/l-imam-tunisien-mahjoub-mahjoubi-interpelle-en-france\\\/212485\\\/\",\"url\":\"https:\\\/\\\/www.webdo.tn\\\/fr\\\/actualite\\\/international\\\/l-imam-tunisien-mahjoub-mahjoubi-interpelle-en-france\\\/212485\\\/\",\"name\":\"L'imam tunisien Mahjoub Mahjoubi interpell\u00e9 en France\",\"isPartOf\":{\"@id\":\"https:\\\/\\\/www.webdo.tn\\\/fr\\\/#website\"},\"primaryImageOfPage\":{\"@id\":\"https:\\\/\\\/www.webdo.tn\\\/fr\\\/actualite\\\/international\\\/l-imam-tunisien-mahjoub-mahjoubi-interpelle-en-france\\\/212485\\\/#primaryimage\"},\"image\":{\"@id\":\"https:\\\/\\\/www.webdo.tn\\\/fr\\\/actualite\\\/international\\\/l-imam-tunisien-mahjoub-mahjoubi-interpelle-en-france\\\/212485\\\/#primaryimage\"},\"thumbnailUrl\":\"https:\\\/\\\/www.webdo.tn\\\/fr\\\/wp-content\\\/uploads\\\/2024\\\/02\\\/098de36caa6220a94e71c59c2cfeb0c7.jpg\",\"datePublished\":\"2024-02-22T15:41:00+00:00\",\"dateModified\":\"2025-05-20T21:52:54+00:00\",\"description\":\"Mahjoub Mahjoubi a \u00e9t\u00e9 interpell\u00e9 \u00e0 son domicile et plac\u00e9 dans un centre de r\u00e9tention de la r\u00e9gion parisienne.\",\"breadcrumb\":{\"@id\":\"https:\\\/\\\/www.webdo.tn\\\/fr\\\/actualite\\\/international\\\/l-imam-tunisien-mahjoub-mahjoubi-interpelle-en-france\\\/212485\\\/#breadcrumb\"},\"inLanguage\":\"fr-FR\",\"potentialAction\":[{\"@type\":\"ReadAction\",\"target\":[\"https:\\\/\\\/www.webdo.tn\\\/fr\\\/actualite\\\/international\\\/l-imam-tunisien-mahjoub-mahjoubi-interpelle-en-france\\\/212485\\\/\"]}]},{\"@type\":\"ImageObject\",\"inLanguage\":\"fr-FR\",\"@id\":\"https:\\\/\\\/www.webdo.tn\\\/fr\\\/actualite\\\/international\\\/l-imam-tunisien-mahjoub-mahjoubi-interpelle-en-france\\\/212485\\\/#primaryimage\",\"url\":\"https:\\\/\\\/www.webdo.tn\\\/fr\\\/wp-content\\\/uploads\\\/2024\\\/02\\\/098de36caa6220a94e71c59c2cfeb0c7.jpg\",\"contentUrl\":\"https:\\\/\\\/www.webdo.tn\\\/fr\\\/wp-content\\\/uploads\\\/2024\\\/02\\\/098de36caa6220a94e71c59c2cfeb0c7.jpg\",\"width\":720,\"height\":384,\"caption\":\"L'imam tunisien Mahjoub Mahjoubi interpell\u00e9 en France\"},{\"@type\":\"BreadcrumbList\",\"@id\":\"https:\\\/\\\/www.webdo.tn\\\/fr\\\/actualite\\\/international\\\/l-imam-tunisien-mahjoub-mahjoubi-interpelle-en-france\\\/212485\\\/#breadcrumb\",\"itemListElement\":[{\"@type\":\"ListItem\",\"position\":1,\"name\":\"Accueil\",\"item\":\"https:\\\/\\\/www.webdo.tn\\\/fr\\\/\"},{\"@type\":\"ListItem\",\"position\":2,\"name\":\"L&rsquo;imam tunisien Mahjoub Mahjoubi interpell\u00e9 en France\"}]},{\"@type\":\"WebSite\",\"@id\":\"https:\\\/\\\/www.webdo.tn\\\/fr\\\/#website\",\"url\":\"https:\\\/\\\/www.webdo.tn\\\/fr\\\/\",\"name\":\"webdo\",\"description\":\"Tunisie - News en Tunisie et \u00e0 l&#039;international sur Webdo.tn\",\"publisher\":{\"@id\":\"https:\\\/\\\/www.webdo.tn\\\/fr\\\/#organization\"},\"potentialAction\":[{\"@type\":\"SearchAction\",\"target\":{\"@type\":\"EntryPoint\",\"urlTemplate\":\"https:\\\/\\\/www.webdo.tn\\\/fr\\\/?s={search_term_string}\"},\"query-input\":{\"@type\":\"PropertyValueSpecification\",\"valueRequired\":true,\"valueName\":\"search_term_string\"}}],\"inLanguage\":\"fr-FR\"},{\"@type\":\"Organization\",\"@id\":\"https:\\\/\\\/www.webdo.tn\\\/fr\\\/#organization\",\"name\":\"Webdo\",\"alternateName\":\"Webdo.tn\",\"url\":\"https:\\\/\\\/www.webdo.tn\\\/fr\\\/\",\"logo\":{\"@type\":\"ImageObject\",\"inLanguage\":\"fr-FR\",\"@id\":\"https:\\\/\\\/www.webdo.tn\\\/fr\\\/#\\\/schema\\\/logo\\\/image\\\/\",\"url\":\"https:\\\/\\\/www.webdo.tn\\\/fr\\\/wp-content\\\/uploads\\\/2025\\\/06\\\/Webdo-Tunisie_168377.jpg\",\"contentUrl\":\"https:\\\/\\\/www.webdo.tn\\\/fr\\\/wp-content\\\/uploads\\\/2025\\\/06\\\/Webdo-Tunisie_168377.jpg\",\"width\":301,\"height\":301,\"caption\":\"Webdo\"},\"image\":{\"@id\":\"https:\\\/\\\/www.webdo.tn\\\/fr\\\/#\\\/schema\\\/logo\\\/image\\\/\"},\"sameAs\":[\"https:\\\/\\\/www.facebook.com\\\/webdotn\",\"https:\\\/\\\/x.com\\\/webdo_tn\"],\"description\":\"Webdo est un m\u00e9dia num\u00e9rique tunisien fond\u00e9 en 2010, sp\u00e9cialis\u00e9 dans l\u2019actualit\u00e9 nationale et internationale, l\u2019\u00e9conomie, la soci\u00e9t\u00e9 et les analyses politiques. Le site s\u2019adresse \u00e0 un large public francophone et couvre l\u2019information tunisienne en temps r\u00e9el.\",\"email\":\"redac@webdo.tn\",\"legalName\":\"YNJ SARL\",\"foundingDate\":\"2010-09-06\",\"numberOfEmployees\":{\"@type\":\"QuantitativeValue\",\"minValue\":\"11\",\"maxValue\":\"50\"}},{\"@type\":\"Person\",\"@id\":\"https:\\\/\\\/www.webdo.tn\\\/fr\\\/#\\\/schema\\\/person\\\/2c4929cbf5a809e3bd38617c6ce150f6\",\"name\":\"MC\",\"image\":{\"@type\":\"ImageObject\",\"inLanguage\":\"fr-FR\",\"@id\":\"https:\\\/\\\/secure.gravatar.com\\\/avatar\\\/a545bbb6f84efdd5553dbbc2895e3ca8f1d12c5215e00a041c9670b54aa9b18a?s=96&d=mm&r=g\",\"url\":\"https:\\\/\\\/secure.gravatar.com\\\/avatar\\\/a545bbb6f84efdd5553dbbc2895e3ca8f1d12c5215e00a041c9670b54aa9b18a?s=96&d=mm&r=g\",\"contentUrl\":\"https:\\\/\\\/secure.gravatar.com\\\/avatar\\\/a545bbb6f84efdd5553dbbc2895e3ca8f1d12c5215e00a041c9670b54aa9b18a?s=96&d=mm&r=g\",\"caption\":\"MC\"},\"url\":\"https:\\\/\\\/www.webdo.tn\\\/fr\\\/actualite\\\/author\\\/mc\\\/\"}]}<\/script>\n<!-- \/ Yoast SEO Premium plugin. -->","yoast_head_json":{"title":"L'imam tunisien Mahjoub Mahjoubi interpell\u00e9 en France","description":"Mahjoub Mahjoubi a \u00e9t\u00e9 interpell\u00e9 \u00e0 son domicile et plac\u00e9 dans un centre de r\u00e9tention de la r\u00e9gion parisienne.","canonical":"https:\/\/www.webdo.tn\/fr\/actualite\/international\/l-imam-tunisien-mahjoub-mahjoubi-interpelle-en-france\/212485\/","og_locale":"fr_FR","og_type":"article","og_title":"L'imam tunisien Mahjoub Mahjoubi interpell\u00e9 en France","og_description":"Mahjoub Mahjoubi a \u00e9t\u00e9 interpell\u00e9 \u00e0 son domicile et plac\u00e9 dans un centre de r\u00e9tention de la r\u00e9gion parisienne.","og_url":"https:\/\/www.webdo.tn\/fr\/actualite\/international\/l-imam-tunisien-mahjoub-mahjoubi-interpelle-en-france\/212485\/","og_site_name":"webdo","article_publisher":"https:\/\/www.facebook.com\/webdotn","article_published_time":"2024-02-22T15:41:00+00:00","article_modified_time":"2025-05-20T21:52:54+00:00","og_image":[{"width":720,"height":384,"url":"https:\/\/www.webdo.tn\/fr\/wp-content\/uploads\/2024\/02\/098de36caa6220a94e71c59c2cfeb0c7.jpg","type":"image\/jpeg"}],"author":"MC","twitter_card":"summary_large_image","twitter_creator":"@webdo_tn","twitter_site":"@webdo_tn","twitter_misc":{"\u00c9crit par":"MC","Dur\u00e9e de lecture estim\u00e9e":"1 minute"},"schema":{"@context":"https:\/\/schema.org","@graph":[{"@type":"NewsArticle","@id":"https:\/\/www.webdo.tn\/fr\/actualite\/international\/l-imam-tunisien-mahjoub-mahjoubi-interpelle-en-france\/212485\/#article","isPartOf":{"@id":"https:\/\/www.webdo.tn\/fr\/actualite\/international\/l-imam-tunisien-mahjoub-mahjoubi-interpelle-en-france\/212485\/"},"author":{"name":"MC","@id":"https:\/\/www.webdo.tn\/fr\/#\/schema\/person\/2c4929cbf5a809e3bd38617c6ce150f6"},"headline":"L&rsquo;imam tunisien Mahjoub Mahjoubi interpell\u00e9 en France","datePublished":"2024-02-22T15:41:00+00:00","dateModified":"2025-05-20T21:52:54+00:00","mainEntityOfPage":{"@id":"https:\/\/www.webdo.tn\/fr\/actualite\/international\/l-imam-tunisien-mahjoub-mahjoubi-interpelle-en-france\/212485\/"},"wordCount":236,"commentCount":0,"publisher":{"@id":"https:\/\/www.webdo.tn\/fr\/#organization"},"image":{"@id":"https:\/\/www.webdo.tn\/fr\/actualite\/international\/l-imam-tunisien-mahjoub-mahjoubi-interpelle-en-france\/212485\/#primaryimage"},"thumbnailUrl":"https:\/\/www.webdo.tn\/fr\/wp-content\/uploads\/2024\/02\/098de36caa6220a94e71c59c2cfeb0c7.jpg","keywords":["france","imam","mahjoub mahjoubi","Tunisie"],"articleSection":["International"],"inLanguage":"fr-FR"},{"@type":"WebPage","@id":"https:\/\/www.webdo.tn\/fr\/actualite\/international\/l-imam-tunisien-mahjoub-mahjoubi-interpelle-en-france\/212485\/","url":"https:\/\/www.webdo.tn\/fr\/actualite\/international\/l-imam-tunisien-mahjoub-mahjoubi-interpelle-en-france\/212485\/","name":"L'imam tunisien Mahjoub Mahjoubi interpell\u00e9 en France","isPartOf":{"@id":"https:\/\/www.webdo.tn\/fr\/#website"},"primaryImageOfPage":{"@id":"https:\/\/www.webdo.tn\/fr\/actualite\/international\/l-imam-tunisien-mahjoub-mahjoubi-interpelle-en-france\/212485\/#primaryimage"},"image":{"@id":"https:\/\/www.webdo.tn\/fr\/actualite\/international\/l-imam-tunisien-mahjoub-mahjoubi-interpelle-en-france\/212485\/#primaryimage"},"thumbnailUrl":"https:\/\/www.webdo.tn\/fr\/wp-content\/uploads\/2024\/02\/098de36caa6220a94e71c59c2cfeb0c7.jpg","datePublished":"2024-02-22T15:41:00+00:00","dateModified":"2025-05-20T21:52:54+00:00","description":"Mahjoub Mahjoubi a \u00e9t\u00e9 interpell\u00e9 \u00e0 son domicile et plac\u00e9 dans un centre de r\u00e9tention de la r\u00e9gion parisienne.","breadcrumb":{"@id":"https:\/\/www.webdo.tn\/fr\/actualite\/international\/l-imam-tunisien-mahjoub-mahjoubi-interpelle-en-france\/212485\/#breadcrumb"},"inLanguage":"fr-FR","potentialAction":[{"@type":"ReadAction","target":["https:\/\/www.webdo.tn\/fr\/actualite\/international\/l-imam-tunisien-mahjoub-mahjoubi-interpelle-en-france\/212485\/"]}]},{"@type":"ImageObject","inLanguage":"fr-FR","@id":"https:\/\/www.webdo.tn\/fr\/actualite\/international\/l-imam-tunisien-mahjoub-mahjoubi-interpelle-en-france\/212485\/#primaryimage","url":"https:\/\/www.webdo.tn\/fr\/wp-content\/uploads\/2024\/02\/098de36caa6220a94e71c59c2cfeb0c7.jpg","contentUrl":"https:\/\/www.webdo.tn\/fr\/wp-content\/uploads\/2024\/02\/098de36caa6220a94e71c59c2cfeb0c7.jpg","width":720,"height":384,"caption":"L'imam tunisien Mahjoub Mahjoubi interpell\u00e9 en France"},{"@type":"BreadcrumbList","@id":"https:\/\/www.webdo.tn\/fr\/actualite\/international\/l-imam-tunisien-mahjoub-mahjoubi-interpelle-en-france\/212485\/#breadcrumb","itemListElement":[{"@type":"ListItem","position":1,"name":"Accueil","item":"https:\/\/www.webdo.tn\/fr\/"},{"@type":"ListItem","position":2,"name":"L&rsquo;imam tunisien Mahjoub Mahjoubi interpell\u00e9 en France"}]},{"@type":"WebSite","@id":"https:\/\/www.webdo.tn\/fr\/#website","url":"https:\/\/www.webdo.tn\/fr\/","name":"webdo","description":"Tunisie - News en Tunisie et \u00e0 l&#039;international sur Webdo.tn","publisher":{"@id":"https:\/\/www.webdo.tn\/fr\/#organization"},"potentialAction":[{"@type":"SearchAction","target":{"@type":"EntryPoint","urlTemplate":"https:\/\/www.webdo.tn\/fr\/?s={search_term_string}"},"query-input":{"@type":"PropertyValueSpecification","valueRequired":true,"valueName":"search_term_string"}}],"inLanguage":"fr-FR"},{"@type":"Organization","@id":"https:\/\/www.webdo.tn\/fr\/#organization","name":"Webdo","alternateName":"Webdo.tn","url":"https:\/\/www.webdo.tn\/fr\/","logo":{"@type":"ImageObject","inLanguage":"fr-FR","@id":"https:\/\/www.webdo.tn\/fr\/#\/schema\/logo\/image\/","url":"https:\/\/www.webdo.tn\/fr\/wp-content\/uploads\/2025\/06\/Webdo-Tunisie_168377.jpg","contentUrl":"https:\/\/www.webdo.tn\/fr\/wp-content\/uploads\/2025\/06\/Webdo-Tunisie_168377.jpg","width":301,"height":301,"caption":"Webdo"},"image":{"@id":"https:\/\/www.webdo.tn\/fr\/#\/schema\/logo\/image\/"},"sameAs":["https:\/\/www.facebook.com\/webdotn","https:\/\/x.com\/webdo_tn"],"description":"Webdo est un m\u00e9dia num\u00e9rique tunisien fond\u00e9 en 2010, sp\u00e9cialis\u00e9 dans l\u2019actualit\u00e9 nationale et internationale, l\u2019\u00e9conomie, la soci\u00e9t\u00e9 et les analyses politiques. Le site s\u2019adresse \u00e0 un large public francophone et couvre l\u2019information tunisienne en temps r\u00e9el.","email":"redac@webdo.tn","legalName":"YNJ SARL","foundingDate":"2010-09-06","numberOfEmployees":{"@type":"QuantitativeValue","minValue":"11","maxValue":"50"}},{"@type":"Person","@id":"https:\/\/www.webdo.tn\/fr\/#\/schema\/person\/2c4929cbf5a809e3bd38617c6ce150f6","name":"MC","image":{"@type":"ImageObject","inLanguage":"fr-FR","@id":"https:\/\/secure.gravatar.com\/avatar\/a545bbb6f84efdd5553dbbc2895e3ca8f1d12c5215e00a041c9670b54aa9b18a?s=96&d=mm&r=g","url":"https:\/\/secure.gravatar.com\/avatar\/a545bbb6f84efdd5553dbbc2895e3ca8f1d12c5215e00a041c9670b54aa9b18a?s=96&d=mm&r=g","contentUrl":"https:\/\/secure.gravatar.com\/avatar\/a545bbb6f84efdd5553dbbc2895e3ca8f1d12c5215e00a041c9670b54aa9b18a?s=96&d=mm&r=g","caption":"MC"},"url":"https:\/\/www.webdo.tn\/fr\/actualite\/author\/mc\/"}]}},"_links":{"self":[{"href":"https:\/\/www.webdo.tn\/fr\/wp-json\/wp\/v2\/posts\/212485","targetHints":{"allow":["GET"]}}],"collection":[{"href":"https:\/\/www.webdo.tn\/fr\/wp-json\/wp\/v2\/posts"}],"about":[{"href":"https:\/\/www.webdo.tn\/fr\/wp-json\/wp\/v2\/types\/post"}],"author":[{"embeddable":true,"href":"https:\/\/www.webdo.tn\/fr\/wp-json\/wp\/v2\/users\/3162"}],"replies":[{"embeddable":true,"href":"https:\/\/www.webdo.tn\/fr\/wp-json\/wp\/v2\/comments?post=212485"}],"version-history":[{"count":0,"href":"https:\/\/www.webdo.tn\/fr\/wp-json\/wp\/v2\/posts\/212485\/revisions"}],"wp:featuredmedia":[{"embeddable":true,"href":"https:\/\/www.webdo.tn\/fr\/wp-json\/wp\/v2\/media\/247947"}],"wp:attachment":[{"href":"https:\/\/www.webdo.tn\/fr\/wp-json\/wp\/v2\/media?parent=212485"}],"wp:term":[{"taxonomy":"category","embeddable":true,"href":"https:\/\/www.webdo.tn\/fr\/wp-json\/wp\/v2\/categories?post=212485"},{"taxonomy":"post_tag","embeddable":true,"href":"https:\/\/www.webdo.tn\/fr\/wp-json\/wp\/v2\/tags?post=212485"}],"curies":[{"name":"wp","href":"https:\/\/api.w.org\/{rel}","templated":true}]}}