{"id":212480,"date":"2024-02-22T12:01:00","date_gmt":"2024-02-22T12:01:00","guid":{"rendered":"https:\/\/www.webdo.tn\/fr\/blog\/tunisie-ali-laarayedh-en-greve-de-la-faim\/212480\/"},"modified":"2025-05-20T21:52:53","modified_gmt":"2025-05-20T21:52:53","slug":"tunisie-ali-laarayedh-en-greve-de-la-faim","status":"publish","type":"post","link":"https:\/\/www.webdo.tn\/fr\/actualite\/national\/tunisie-ali-laarayedh-en-greve-de-la-faim\/212480\/","title":{"rendered":"Tunisie : Ali Laarayedh en gr\u00e8ve de la faim"},"content":{"rendered":"<p>Ali Laarayedh, un des principaux dirigeants d\u2019Ennahdha, a entam\u00e9 une gr\u00e8ve de la faim alors qu\u2019il est d\u00e9tenu depuis d\u00e9cembre 2022.<\/p>\n<p>\t\t\t\t\t\t\t\t\tLe comit\u00e9 de d\u00e9fense d\u2019Ali Laarayedh a annonc\u00e9, ce jeudi 22 f\u00e9vrier 2024, que son client a entam\u00e9 une gr\u00e8ve de la faim pour \u00ab\u00a0appeler au respect de l\u2019ind\u00e9pendance de la justice et contester les campagnes de d\u00e9nigrement et d\u2019incitation le visant en violation de la pr\u00e9somption d\u2019innocence\u00a0\u00bb.<\/p>\n<p>L\u2019ancien chef du gouvernement et vice-pr\u00e9sident d\u2019Ennahdha est d\u00e9tenu en prison depuis le 20 d\u00e9cembre 2022. Un mandat de d\u00e9p\u00f4t avait \u00e9t\u00e9 \u00e9mis \u00e0 son encontre dans l\u2019affaire des r\u00e9seaux d\u2019embrigadement.<\/p>\n<p>Ali La\u00e2rayedh avait \u00e9t\u00e9 auditionn\u00e9 une premi\u00e8re fois dans le cadre de cette affaire d&rsquo;envoi de jeunes tunisiens dans les zones de tension et plac\u00e9 en garde \u00e0 vue le 19 septembre 2022 avant d&rsquo;\u00eatre lib\u00e9r\u00e9 le 22 septembre. Cette affaire concerne 820 suspects.<\/p>\n<p>Rached Ghannouchi, pr\u00e9sident d&rsquo;Ennahdha, est \u00e9galement en gr\u00e8ve de la faim. Une gr\u00e8ve qu&rsquo;il a entam\u00e9 le 19 f\u00e9vrier en signe de solidarit\u00e9 avec les cinq personnalit\u00e9s politiques d\u00e9tenues dans le cadre de l\u2019affaire de complot contre l\u2019\u00c9tat, elles-m\u00eames en gr\u00e8ve de la faim depuis le 12 f\u00e9vrier dernier.<\/p>\n","protected":false},"excerpt":{"rendered":"<p>Le comit\u00e9 de d\u00e9fense d\u2019Ali Laarayedh a annonc\u00e9, ce jeudi 22 f\u00e9vrier 2024, que son client a entam\u00e9 une gr\u00e8ve de la faim<\/p>\n","protected":false},"author":3162,"featured_media":247946,"comment_status":"open","ping_status":"closed","sticky":false,"template":"","format":"standard","meta":{"footnotes":""},"categories":[44],"tags":[3694,4038,2608],"class_list":["post-212480","post","type-post","status-publish","format-standard","has-post-thumbnail","hentry","category-national","tag-ali-laarayedh","tag-greve-de-la-faim","tag-tunisie"],"yoast_head":"<!-- This site is optimized with the Yoast SEO Premium plugin v27.5 (Yoast SEO v27.5) - https:\/\/yoast.com\/product\/yoast-seo-premium-wordpress\/ -->\n<title>Tunisie : Ali Laarayedh en gr\u00e8ve de la faim<\/title>\n<meta name=\"description\" content=\"Le comit\u00e9 de d\u00e9fense d\u2019Ali Laarayedh a annonc\u00e9, ce jeudi 22 f\u00e9vrier 2024, que son client a entam\u00e9 une gr\u00e8ve de la faim\" \/>\n<link rel=\"canonical\" href=\"https:\/\/www.webdo.tn\/fr\/actualite\/national\/tunisie-ali-laarayedh-en-greve-de-la-faim\/212480\/\" \/>\n<meta property=\"og:locale\" content=\"fr_FR\" \/>\n<meta property=\"og:type\" content=\"article\" \/>\n<meta property=\"og:title\" content=\"Tunisie : Ali Laarayedh en gr\u00e8ve de la faim\" \/>\n<meta property=\"og:description\" content=\"Le comit\u00e9 de d\u00e9fense d\u2019Ali Laarayedh a annonc\u00e9, ce jeudi 22 f\u00e9vrier 2024, que son client a entam\u00e9 une gr\u00e8ve de la faim\" \/>\n<meta property=\"og:url\" content=\"https:\/\/www.webdo.tn\/fr\/actualite\/national\/tunisie-ali-laarayedh-en-greve-de-la-faim\/212480\/\" \/>\n<meta property=\"og:site_name\" content=\"webdo\" \/>\n<meta property=\"article:publisher\" content=\"https:\/\/www.facebook.com\/webdotn\" \/>\n<meta property=\"article:published_time\" content=\"2024-02-22T12:01:00+00:00\" \/>\n<meta property=\"article:modified_time\" content=\"2025-05-20T21:52:53+00:00\" \/>\n<meta property=\"og:image\" content=\"https:\/\/www.webdo.tn\/fr\/wp-content\/uploads\/2024\/02\/0fcbb9b424c94bc7a36c55886d73844f.jpg\" \/>\n\t<meta property=\"og:image:width\" content=\"750\" \/>\n\t<meta property=\"og:image:height\" content=\"400\" \/>\n\t<meta property=\"og:image:type\" content=\"image\/jpeg\" \/>\n<meta name=\"author\" content=\"MC\" \/>\n<meta name=\"twitter:card\" content=\"summary_large_image\" \/>\n<meta name=\"twitter:creator\" content=\"@webdo_tn\" \/>\n<meta name=\"twitter:site\" content=\"@webdo_tn\" \/>\n<meta name=\"twitter:label1\" content=\"\u00c9crit par\" \/>\n\t<meta name=\"twitter:data1\" content=\"MC\" \/>\n\t<meta name=\"twitter:label2\" content=\"Dur\u00e9e de lecture estim\u00e9e\" \/>\n\t<meta name=\"twitter:data2\" content=\"1 minute\" \/>\n<script type=\"application\/ld+json\" class=\"yoast-schema-graph\">{\"@context\":\"https:\\\/\\\/schema.org\",\"@graph\":[{\"@type\":\"NewsArticle\",\"@id\":\"https:\\\/\\\/www.webdo.tn\\\/fr\\\/actualite\\\/national\\\/tunisie-ali-laarayedh-en-greve-de-la-faim\\\/212480\\\/#article\",\"isPartOf\":{\"@id\":\"https:\\\/\\\/www.webdo.tn\\\/fr\\\/actualite\\\/national\\\/tunisie-ali-laarayedh-en-greve-de-la-faim\\\/212480\\\/\"},\"author\":{\"name\":\"MC\",\"@id\":\"https:\\\/\\\/www.webdo.tn\\\/fr\\\/#\\\/schema\\\/person\\\/2c4929cbf5a809e3bd38617c6ce150f6\"},\"headline\":\"Tunisie : Ali Laarayedh en gr\u00e8ve de la faim\",\"datePublished\":\"2024-02-22T12:01:00+00:00\",\"dateModified\":\"2025-05-20T21:52:53+00:00\",\"mainEntityOfPage\":{\"@id\":\"https:\\\/\\\/www.webdo.tn\\\/fr\\\/actualite\\\/national\\\/tunisie-ali-laarayedh-en-greve-de-la-faim\\\/212480\\\/\"},\"wordCount\":232,\"commentCount\":0,\"publisher\":{\"@id\":\"https:\\\/\\\/www.webdo.tn\\\/fr\\\/#organization\"},\"image\":{\"@id\":\"https:\\\/\\\/www.webdo.tn\\\/fr\\\/actualite\\\/national\\\/tunisie-ali-laarayedh-en-greve-de-la-faim\\\/212480\\\/#primaryimage\"},\"thumbnailUrl\":\"https:\\\/\\\/www.webdo.tn\\\/fr\\\/wp-content\\\/uploads\\\/2024\\\/02\\\/0fcbb9b424c94bc7a36c55886d73844f.jpg\",\"keywords\":[\"Ali La\u00e2rayedh\",\"gr\u00e8ve de la faim\",\"Tunisie\"],\"articleSection\":[\"National\"],\"inLanguage\":\"fr-FR\"},{\"@type\":\"WebPage\",\"@id\":\"https:\\\/\\\/www.webdo.tn\\\/fr\\\/actualite\\\/national\\\/tunisie-ali-laarayedh-en-greve-de-la-faim\\\/212480\\\/\",\"url\":\"https:\\\/\\\/www.webdo.tn\\\/fr\\\/actualite\\\/national\\\/tunisie-ali-laarayedh-en-greve-de-la-faim\\\/212480\\\/\",\"name\":\"Tunisie : Ali Laarayedh en gr\u00e8ve de la faim\",\"isPartOf\":{\"@id\":\"https:\\\/\\\/www.webdo.tn\\\/fr\\\/#website\"},\"primaryImageOfPage\":{\"@id\":\"https:\\\/\\\/www.webdo.tn\\\/fr\\\/actualite\\\/national\\\/tunisie-ali-laarayedh-en-greve-de-la-faim\\\/212480\\\/#primaryimage\"},\"image\":{\"@id\":\"https:\\\/\\\/www.webdo.tn\\\/fr\\\/actualite\\\/national\\\/tunisie-ali-laarayedh-en-greve-de-la-faim\\\/212480\\\/#primaryimage\"},\"thumbnailUrl\":\"https:\\\/\\\/www.webdo.tn\\\/fr\\\/wp-content\\\/uploads\\\/2024\\\/02\\\/0fcbb9b424c94bc7a36c55886d73844f.jpg\",\"datePublished\":\"2024-02-22T12:01:00+00:00\",\"dateModified\":\"2025-05-20T21:52:53+00:00\",\"description\":\"Le comit\u00e9 de d\u00e9fense d\u2019Ali Laarayedh a annonc\u00e9, ce jeudi 22 f\u00e9vrier 2024, que son client a entam\u00e9 une gr\u00e8ve de la faim\",\"breadcrumb\":{\"@id\":\"https:\\\/\\\/www.webdo.tn\\\/fr\\\/actualite\\\/national\\\/tunisie-ali-laarayedh-en-greve-de-la-faim\\\/212480\\\/#breadcrumb\"},\"inLanguage\":\"fr-FR\",\"potentialAction\":[{\"@type\":\"ReadAction\",\"target\":[\"https:\\\/\\\/www.webdo.tn\\\/fr\\\/actualite\\\/national\\\/tunisie-ali-laarayedh-en-greve-de-la-faim\\\/212480\\\/\"]}]},{\"@type\":\"ImageObject\",\"inLanguage\":\"fr-FR\",\"@id\":\"https:\\\/\\\/www.webdo.tn\\\/fr\\\/actualite\\\/national\\\/tunisie-ali-laarayedh-en-greve-de-la-faim\\\/212480\\\/#primaryimage\",\"url\":\"https:\\\/\\\/www.webdo.tn\\\/fr\\\/wp-content\\\/uploads\\\/2024\\\/02\\\/0fcbb9b424c94bc7a36c55886d73844f.jpg\",\"contentUrl\":\"https:\\\/\\\/www.webdo.tn\\\/fr\\\/wp-content\\\/uploads\\\/2024\\\/02\\\/0fcbb9b424c94bc7a36c55886d73844f.jpg\",\"width\":750,\"height\":400,\"caption\":\"Tunisie : Ali Laarayedh en gr\u00e8ve de la faim\"},{\"@type\":\"BreadcrumbList\",\"@id\":\"https:\\\/\\\/www.webdo.tn\\\/fr\\\/actualite\\\/national\\\/tunisie-ali-laarayedh-en-greve-de-la-faim\\\/212480\\\/#breadcrumb\",\"itemListElement\":[{\"@type\":\"ListItem\",\"position\":1,\"name\":\"Accueil\",\"item\":\"https:\\\/\\\/www.webdo.tn\\\/fr\\\/\"},{\"@type\":\"ListItem\",\"position\":2,\"name\":\"Tunisie : Ali Laarayedh en gr\u00e8ve de la faim\"}]},{\"@type\":\"WebSite\",\"@id\":\"https:\\\/\\\/www.webdo.tn\\\/fr\\\/#website\",\"url\":\"https:\\\/\\\/www.webdo.tn\\\/fr\\\/\",\"name\":\"webdo\",\"description\":\"Tunisie - News en Tunisie et \u00e0 l&#039;international sur Webdo.tn\",\"publisher\":{\"@id\":\"https:\\\/\\\/www.webdo.tn\\\/fr\\\/#organization\"},\"potentialAction\":[{\"@type\":\"SearchAction\",\"target\":{\"@type\":\"EntryPoint\",\"urlTemplate\":\"https:\\\/\\\/www.webdo.tn\\\/fr\\\/?s={search_term_string}\"},\"query-input\":{\"@type\":\"PropertyValueSpecification\",\"valueRequired\":true,\"valueName\":\"search_term_string\"}}],\"inLanguage\":\"fr-FR\"},{\"@type\":\"Organization\",\"@id\":\"https:\\\/\\\/www.webdo.tn\\\/fr\\\/#organization\",\"name\":\"Webdo\",\"alternateName\":\"Webdo.tn\",\"url\":\"https:\\\/\\\/www.webdo.tn\\\/fr\\\/\",\"logo\":{\"@type\":\"ImageObject\",\"inLanguage\":\"fr-FR\",\"@id\":\"https:\\\/\\\/www.webdo.tn\\\/fr\\\/#\\\/schema\\\/logo\\\/image\\\/\",\"url\":\"https:\\\/\\\/www.webdo.tn\\\/fr\\\/wp-content\\\/uploads\\\/2025\\\/06\\\/Webdo-Tunisie_168377.jpg\",\"contentUrl\":\"https:\\\/\\\/www.webdo.tn\\\/fr\\\/wp-content\\\/uploads\\\/2025\\\/06\\\/Webdo-Tunisie_168377.jpg\",\"width\":301,\"height\":301,\"caption\":\"Webdo\"},\"image\":{\"@id\":\"https:\\\/\\\/www.webdo.tn\\\/fr\\\/#\\\/schema\\\/logo\\\/image\\\/\"},\"sameAs\":[\"https:\\\/\\\/www.facebook.com\\\/webdotn\",\"https:\\\/\\\/x.com\\\/webdo_tn\"],\"description\":\"Webdo est un m\u00e9dia num\u00e9rique tunisien fond\u00e9 en 2010, sp\u00e9cialis\u00e9 dans l\u2019actualit\u00e9 nationale et internationale, l\u2019\u00e9conomie, la soci\u00e9t\u00e9 et les analyses politiques. Le site s\u2019adresse \u00e0 un large public francophone et couvre l\u2019information tunisienne en temps r\u00e9el.\",\"email\":\"redac@webdo.tn\",\"legalName\":\"YNJ SARL\",\"foundingDate\":\"2010-09-06\",\"numberOfEmployees\":{\"@type\":\"QuantitativeValue\",\"minValue\":\"11\",\"maxValue\":\"50\"}},{\"@type\":\"Person\",\"@id\":\"https:\\\/\\\/www.webdo.tn\\\/fr\\\/#\\\/schema\\\/person\\\/2c4929cbf5a809e3bd38617c6ce150f6\",\"name\":\"MC\",\"image\":{\"@type\":\"ImageObject\",\"inLanguage\":\"fr-FR\",\"@id\":\"https:\\\/\\\/secure.gravatar.com\\\/avatar\\\/a545bbb6f84efdd5553dbbc2895e3ca8f1d12c5215e00a041c9670b54aa9b18a?s=96&d=mm&r=g\",\"url\":\"https:\\\/\\\/secure.gravatar.com\\\/avatar\\\/a545bbb6f84efdd5553dbbc2895e3ca8f1d12c5215e00a041c9670b54aa9b18a?s=96&d=mm&r=g\",\"contentUrl\":\"https:\\\/\\\/secure.gravatar.com\\\/avatar\\\/a545bbb6f84efdd5553dbbc2895e3ca8f1d12c5215e00a041c9670b54aa9b18a?s=96&d=mm&r=g\",\"caption\":\"MC\"},\"url\":\"https:\\\/\\\/www.webdo.tn\\\/fr\\\/actualite\\\/author\\\/mc\\\/\"}]}<\/script>\n<!-- \/ Yoast SEO Premium plugin. -->","yoast_head_json":{"title":"Tunisie : Ali Laarayedh en gr\u00e8ve de la faim","description":"Le comit\u00e9 de d\u00e9fense d\u2019Ali Laarayedh a annonc\u00e9, ce jeudi 22 f\u00e9vrier 2024, que son client a entam\u00e9 une gr\u00e8ve de la faim","canonical":"https:\/\/www.webdo.tn\/fr\/actualite\/national\/tunisie-ali-laarayedh-en-greve-de-la-faim\/212480\/","og_locale":"fr_FR","og_type":"article","og_title":"Tunisie : Ali Laarayedh en gr\u00e8ve de la faim","og_description":"Le comit\u00e9 de d\u00e9fense d\u2019Ali Laarayedh a annonc\u00e9, ce jeudi 22 f\u00e9vrier 2024, que son client a entam\u00e9 une gr\u00e8ve de la faim","og_url":"https:\/\/www.webdo.tn\/fr\/actualite\/national\/tunisie-ali-laarayedh-en-greve-de-la-faim\/212480\/","og_site_name":"webdo","article_publisher":"https:\/\/www.facebook.com\/webdotn","article_published_time":"2024-02-22T12:01:00+00:00","article_modified_time":"2025-05-20T21:52:53+00:00","og_image":[{"width":750,"height":400,"url":"https:\/\/www.webdo.tn\/fr\/wp-content\/uploads\/2024\/02\/0fcbb9b424c94bc7a36c55886d73844f.jpg","type":"image\/jpeg"}],"author":"MC","twitter_card":"summary_large_image","twitter_creator":"@webdo_tn","twitter_site":"@webdo_tn","twitter_misc":{"\u00c9crit par":"MC","Dur\u00e9e de lecture estim\u00e9e":"1 minute"},"schema":{"@context":"https:\/\/schema.org","@graph":[{"@type":"NewsArticle","@id":"https:\/\/www.webdo.tn\/fr\/actualite\/national\/tunisie-ali-laarayedh-en-greve-de-la-faim\/212480\/#article","isPartOf":{"@id":"https:\/\/www.webdo.tn\/fr\/actualite\/national\/tunisie-ali-laarayedh-en-greve-de-la-faim\/212480\/"},"author":{"name":"MC","@id":"https:\/\/www.webdo.tn\/fr\/#\/schema\/person\/2c4929cbf5a809e3bd38617c6ce150f6"},"headline":"Tunisie : Ali Laarayedh en gr\u00e8ve de la faim","datePublished":"2024-02-22T12:01:00+00:00","dateModified":"2025-05-20T21:52:53+00:00","mainEntityOfPage":{"@id":"https:\/\/www.webdo.tn\/fr\/actualite\/national\/tunisie-ali-laarayedh-en-greve-de-la-faim\/212480\/"},"wordCount":232,"commentCount":0,"publisher":{"@id":"https:\/\/www.webdo.tn\/fr\/#organization"},"image":{"@id":"https:\/\/www.webdo.tn\/fr\/actualite\/national\/tunisie-ali-laarayedh-en-greve-de-la-faim\/212480\/#primaryimage"},"thumbnailUrl":"https:\/\/www.webdo.tn\/fr\/wp-content\/uploads\/2024\/02\/0fcbb9b424c94bc7a36c55886d73844f.jpg","keywords":["Ali La\u00e2rayedh","gr\u00e8ve de la faim","Tunisie"],"articleSection":["National"],"inLanguage":"fr-FR"},{"@type":"WebPage","@id":"https:\/\/www.webdo.tn\/fr\/actualite\/national\/tunisie-ali-laarayedh-en-greve-de-la-faim\/212480\/","url":"https:\/\/www.webdo.tn\/fr\/actualite\/national\/tunisie-ali-laarayedh-en-greve-de-la-faim\/212480\/","name":"Tunisie : Ali Laarayedh en gr\u00e8ve de la faim","isPartOf":{"@id":"https:\/\/www.webdo.tn\/fr\/#website"},"primaryImageOfPage":{"@id":"https:\/\/www.webdo.tn\/fr\/actualite\/national\/tunisie-ali-laarayedh-en-greve-de-la-faim\/212480\/#primaryimage"},"image":{"@id":"https:\/\/www.webdo.tn\/fr\/actualite\/national\/tunisie-ali-laarayedh-en-greve-de-la-faim\/212480\/#primaryimage"},"thumbnailUrl":"https:\/\/www.webdo.tn\/fr\/wp-content\/uploads\/2024\/02\/0fcbb9b424c94bc7a36c55886d73844f.jpg","datePublished":"2024-02-22T12:01:00+00:00","dateModified":"2025-05-20T21:52:53+00:00","description":"Le comit\u00e9 de d\u00e9fense d\u2019Ali Laarayedh a annonc\u00e9, ce jeudi 22 f\u00e9vrier 2024, que son client a entam\u00e9 une gr\u00e8ve de la faim","breadcrumb":{"@id":"https:\/\/www.webdo.tn\/fr\/actualite\/national\/tunisie-ali-laarayedh-en-greve-de-la-faim\/212480\/#breadcrumb"},"inLanguage":"fr-FR","potentialAction":[{"@type":"ReadAction","target":["https:\/\/www.webdo.tn\/fr\/actualite\/national\/tunisie-ali-laarayedh-en-greve-de-la-faim\/212480\/"]}]},{"@type":"ImageObject","inLanguage":"fr-FR","@id":"https:\/\/www.webdo.tn\/fr\/actualite\/national\/tunisie-ali-laarayedh-en-greve-de-la-faim\/212480\/#primaryimage","url":"https:\/\/www.webdo.tn\/fr\/wp-content\/uploads\/2024\/02\/0fcbb9b424c94bc7a36c55886d73844f.jpg","contentUrl":"https:\/\/www.webdo.tn\/fr\/wp-content\/uploads\/2024\/02\/0fcbb9b424c94bc7a36c55886d73844f.jpg","width":750,"height":400,"caption":"Tunisie : Ali Laarayedh en gr\u00e8ve de la faim"},{"@type":"BreadcrumbList","@id":"https:\/\/www.webdo.tn\/fr\/actualite\/national\/tunisie-ali-laarayedh-en-greve-de-la-faim\/212480\/#breadcrumb","itemListElement":[{"@type":"ListItem","position":1,"name":"Accueil","item":"https:\/\/www.webdo.tn\/fr\/"},{"@type":"ListItem","position":2,"name":"Tunisie : Ali Laarayedh en gr\u00e8ve de la faim"}]},{"@type":"WebSite","@id":"https:\/\/www.webdo.tn\/fr\/#website","url":"https:\/\/www.webdo.tn\/fr\/","name":"webdo","description":"Tunisie - News en Tunisie et \u00e0 l&#039;international sur Webdo.tn","publisher":{"@id":"https:\/\/www.webdo.tn\/fr\/#organization"},"potentialAction":[{"@type":"SearchAction","target":{"@type":"EntryPoint","urlTemplate":"https:\/\/www.webdo.tn\/fr\/?s={search_term_string}"},"query-input":{"@type":"PropertyValueSpecification","valueRequired":true,"valueName":"search_term_string"}}],"inLanguage":"fr-FR"},{"@type":"Organization","@id":"https:\/\/www.webdo.tn\/fr\/#organization","name":"Webdo","alternateName":"Webdo.tn","url":"https:\/\/www.webdo.tn\/fr\/","logo":{"@type":"ImageObject","inLanguage":"fr-FR","@id":"https:\/\/www.webdo.tn\/fr\/#\/schema\/logo\/image\/","url":"https:\/\/www.webdo.tn\/fr\/wp-content\/uploads\/2025\/06\/Webdo-Tunisie_168377.jpg","contentUrl":"https:\/\/www.webdo.tn\/fr\/wp-content\/uploads\/2025\/06\/Webdo-Tunisie_168377.jpg","width":301,"height":301,"caption":"Webdo"},"image":{"@id":"https:\/\/www.webdo.tn\/fr\/#\/schema\/logo\/image\/"},"sameAs":["https:\/\/www.facebook.com\/webdotn","https:\/\/x.com\/webdo_tn"],"description":"Webdo est un m\u00e9dia num\u00e9rique tunisien fond\u00e9 en 2010, sp\u00e9cialis\u00e9 dans l\u2019actualit\u00e9 nationale et internationale, l\u2019\u00e9conomie, la soci\u00e9t\u00e9 et les analyses politiques. Le site s\u2019adresse \u00e0 un large public francophone et couvre l\u2019information tunisienne en temps r\u00e9el.","email":"redac@webdo.tn","legalName":"YNJ SARL","foundingDate":"2010-09-06","numberOfEmployees":{"@type":"QuantitativeValue","minValue":"11","maxValue":"50"}},{"@type":"Person","@id":"https:\/\/www.webdo.tn\/fr\/#\/schema\/person\/2c4929cbf5a809e3bd38617c6ce150f6","name":"MC","image":{"@type":"ImageObject","inLanguage":"fr-FR","@id":"https:\/\/secure.gravatar.com\/avatar\/a545bbb6f84efdd5553dbbc2895e3ca8f1d12c5215e00a041c9670b54aa9b18a?s=96&d=mm&r=g","url":"https:\/\/secure.gravatar.com\/avatar\/a545bbb6f84efdd5553dbbc2895e3ca8f1d12c5215e00a041c9670b54aa9b18a?s=96&d=mm&r=g","contentUrl":"https:\/\/secure.gravatar.com\/avatar\/a545bbb6f84efdd5553dbbc2895e3ca8f1d12c5215e00a041c9670b54aa9b18a?s=96&d=mm&r=g","caption":"MC"},"url":"https:\/\/www.webdo.tn\/fr\/actualite\/author\/mc\/"}]}},"_links":{"self":[{"href":"https:\/\/www.webdo.tn\/fr\/wp-json\/wp\/v2\/posts\/212480","targetHints":{"allow":["GET"]}}],"collection":[{"href":"https:\/\/www.webdo.tn\/fr\/wp-json\/wp\/v2\/posts"}],"about":[{"href":"https:\/\/www.webdo.tn\/fr\/wp-json\/wp\/v2\/types\/post"}],"author":[{"embeddable":true,"href":"https:\/\/www.webdo.tn\/fr\/wp-json\/wp\/v2\/users\/3162"}],"replies":[{"embeddable":true,"href":"https:\/\/www.webdo.tn\/fr\/wp-json\/wp\/v2\/comments?post=212480"}],"version-history":[{"count":0,"href":"https:\/\/www.webdo.tn\/fr\/wp-json\/wp\/v2\/posts\/212480\/revisions"}],"wp:featuredmedia":[{"embeddable":true,"href":"https:\/\/www.webdo.tn\/fr\/wp-json\/wp\/v2\/media\/247946"}],"wp:attachment":[{"href":"https:\/\/www.webdo.tn\/fr\/wp-json\/wp\/v2\/media?parent=212480"}],"wp:term":[{"taxonomy":"category","embeddable":true,"href":"https:\/\/www.webdo.tn\/fr\/wp-json\/wp\/v2\/categories?post=212480"},{"taxonomy":"post_tag","embeddable":true,"href":"https:\/\/www.webdo.tn\/fr\/wp-json\/wp\/v2\/tags?post=212480"}],"curies":[{"name":"wp","href":"https:\/\/api.w.org\/{rel}","templated":true}]}}