{"id":212431,"date":"2024-02-20T15:19:00","date_gmt":"2024-02-20T15:19:00","guid":{"rendered":"https:\/\/www.webdo.tn\/fr\/blog\/plainte-de-la-tunisie-contre-l-entite-sioniste-a-la-cpi\/212431\/"},"modified":"2025-05-20T22:11:58","modified_gmt":"2025-05-20T22:11:58","slug":"plainte-de-la-tunisie-contre-l-entite-sioniste-a-la-cpi","status":"publish","type":"post","link":"https:\/\/www.webdo.tn\/fr\/actualite\/national\/plainte-de-la-tunisie-contre-l-entite-sioniste-a-la-cpi\/212431\/","title":{"rendered":"Plainte de la Tunisie contre l\u2019entit\u00e9 sioniste \u00e0 la CPI"},"content":{"rendered":"<p>La Tunisie a officiellement d\u00e9pos\u00e9 une plainte contre l\u2019entit\u00e9 sioniste pour crimes de guerre et g\u00e9nocide perp\u00e9tr\u00e9s contre le peuple palestinien.<\/p>\n<p>\t\t\t\t\t\t\t\t\tLe b\u00e2tonnier de l&rsquo;Ordre des avocats tunisiens, Hatem Mziou, a annonc\u00e9, ce mardi 20 f\u00e9vrier 2024, sur les ondes de Mosa\u00efque FM, que la Tunisie a d\u00e9pos\u00e9 une plainte aupr\u00e8s du procureur g\u00e9n\u00e9ral de la Cour p\u00e9nale internationale \u00e0 La Haye. L\u2019entit\u00e9 sioniste est poursuivie pour crimes de guerre et g\u00e9nocide contre le peuple palestinien.<\/p>\n<p>Me Hatem Mziou est accompagn\u00e9 des membres d&rsquo;une commission juridique qui a concoct\u00e9 un dossier contenant des preuves et des t\u00e9moignages document\u00e9s recueillis pour les crimes de guerre de l\u2019entit\u00e9 sioniste contre le peuple palestinien dans la bande de Gaza.<\/p>\n<p>Il est \u00e0 noter qu\u2019en vertu du Statut de Rome, adopt\u00e9 en 1998, la CPI est la seule cour mandat\u00e9e pour enqu\u00eater et poursuivre les crimes internationaux dans les cas o\u00f9 les \u00c9tats ne peuvent ou ne veulent pas le faire.<\/p>\n<p>Le \u00ab Statut de Rome \u00bb a \u00e9t\u00e9 adopt\u00e9 le 17 juillet 1998 aux Nations Unies sur la cr\u00e9ation d&rsquo;une Cour p\u00e9nale internationale. En vertu de ce statut, quatre crimes internationaux fondamentaux ont \u00e9t\u00e9 \u00e9tablis : le g\u00e9nocide, les crimes contre l&rsquo;humanit\u00e9, les crimes de guerre et les crimes d&rsquo;agression. Ils ne sont soumis \u00e0 aucun d\u00e9lai de prescription.<\/p>\n","protected":false},"excerpt":{"rendered":"<p>La Tunisie a d\u00e9pos\u00e9 \u00e0 la CPI une plainte contre l\u2019entit\u00e9 sioniste pour crimes de guerre et g\u00e9nocide perp\u00e9tr\u00e9s contre le peuple palestinien.<\/p>\n","protected":false},"author":3162,"featured_media":290266,"comment_status":"open","ping_status":"closed","sticky":false,"template":"","format":"standard","meta":{"footnotes":""},"categories":[44],"tags":[4899,9781,2689,7196,6508,2688,4755],"class_list":["post-212431","post","type-post","status-publish","format-standard","has-post-thumbnail","hentry","category-national","tag-cpi","tag-entite-sioniste","tag-gaza","tag-genocide","tag-hatem-mziou","tag-palestine","tag-plainte"],"yoast_head":"<!-- This site is optimized with the Yoast SEO Premium plugin v27.5 (Yoast SEO v27.5) - https:\/\/yoast.com\/product\/yoast-seo-premium-wordpress\/ -->\n<title>Plainte de la Tunisie contre l\u2019entit\u00e9 sioniste \u00e0 la CPI<\/title>\n<meta name=\"description\" content=\"La Tunisie a d\u00e9pos\u00e9 \u00e0 la CPI une plainte contre l\u2019entit\u00e9 sioniste pour crimes de guerre et g\u00e9nocide perp\u00e9tr\u00e9s contre le peuple palestinien.\" \/>\n<link rel=\"canonical\" href=\"https:\/\/www.webdo.tn\/fr\/actualite\/national\/plainte-de-la-tunisie-contre-l-entite-sioniste-a-la-cpi\/212431\/\" \/>\n<meta property=\"og:locale\" content=\"fr_FR\" \/>\n<meta property=\"og:type\" content=\"article\" \/>\n<meta property=\"og:title\" content=\"Plainte de la Tunisie contre l\u2019entit\u00e9 sioniste \u00e0 la CPI\" \/>\n<meta property=\"og:description\" content=\"La Tunisie a d\u00e9pos\u00e9 \u00e0 la CPI une plainte contre l\u2019entit\u00e9 sioniste pour crimes de guerre et g\u00e9nocide perp\u00e9tr\u00e9s contre le peuple palestinien.\" \/>\n<meta property=\"og:url\" content=\"https:\/\/www.webdo.tn\/fr\/actualite\/national\/plainte-de-la-tunisie-contre-l-entite-sioniste-a-la-cpi\/212431\/\" \/>\n<meta property=\"og:site_name\" content=\"webdo\" \/>\n<meta property=\"article:publisher\" content=\"https:\/\/www.facebook.com\/webdotn\" \/>\n<meta property=\"article:published_time\" content=\"2024-02-20T15:19:00+00:00\" \/>\n<meta property=\"article:modified_time\" content=\"2025-05-20T22:11:58+00:00\" \/>\n<meta property=\"og:image\" content=\"https:\/\/www.webdo.tn\/fr\/wp-content\/uploads\/2024\/02\/bdd90515b0228151631eb705c86dafc2.jpg\" \/>\n\t<meta property=\"og:image:width\" content=\"750\" \/>\n\t<meta property=\"og:image:height\" content=\"400\" \/>\n\t<meta property=\"og:image:type\" content=\"image\/jpeg\" \/>\n<meta name=\"author\" content=\"MC\" \/>\n<meta name=\"twitter:card\" content=\"summary_large_image\" \/>\n<meta name=\"twitter:creator\" content=\"@webdo_tn\" \/>\n<meta name=\"twitter:site\" content=\"@webdo_tn\" \/>\n<meta name=\"twitter:label1\" content=\"\u00c9crit par\" \/>\n\t<meta name=\"twitter:data1\" content=\"MC\" \/>\n\t<meta name=\"twitter:label2\" content=\"Dur\u00e9e de lecture estim\u00e9e\" \/>\n\t<meta name=\"twitter:data2\" content=\"1 minute\" \/>\n<script type=\"application\/ld+json\" class=\"yoast-schema-graph\">{\"@context\":\"https:\\\/\\\/schema.org\",\"@graph\":[{\"@type\":\"NewsArticle\",\"@id\":\"https:\\\/\\\/www.webdo.tn\\\/fr\\\/actualite\\\/national\\\/plainte-de-la-tunisie-contre-l-entite-sioniste-a-la-cpi\\\/212431\\\/#article\",\"isPartOf\":{\"@id\":\"https:\\\/\\\/www.webdo.tn\\\/fr\\\/actualite\\\/national\\\/plainte-de-la-tunisie-contre-l-entite-sioniste-a-la-cpi\\\/212431\\\/\"},\"author\":{\"name\":\"MC\",\"@id\":\"https:\\\/\\\/www.webdo.tn\\\/fr\\\/#\\\/schema\\\/person\\\/2c4929cbf5a809e3bd38617c6ce150f6\"},\"headline\":\"Plainte de la Tunisie contre l\u2019entit\u00e9 sioniste \u00e0 la CPI\",\"datePublished\":\"2024-02-20T15:19:00+00:00\",\"dateModified\":\"2025-05-20T22:11:58+00:00\",\"mainEntityOfPage\":{\"@id\":\"https:\\\/\\\/www.webdo.tn\\\/fr\\\/actualite\\\/national\\\/plainte-de-la-tunisie-contre-l-entite-sioniste-a-la-cpi\\\/212431\\\/\"},\"wordCount\":245,\"commentCount\":0,\"publisher\":{\"@id\":\"https:\\\/\\\/www.webdo.tn\\\/fr\\\/#organization\"},\"image\":{\"@id\":\"https:\\\/\\\/www.webdo.tn\\\/fr\\\/actualite\\\/national\\\/plainte-de-la-tunisie-contre-l-entite-sioniste-a-la-cpi\\\/212431\\\/#primaryimage\"},\"thumbnailUrl\":\"https:\\\/\\\/www.webdo.tn\\\/fr\\\/wp-content\\\/uploads\\\/2024\\\/02\\\/bdd90515b0228151631eb705c86dafc2.jpg\",\"keywords\":[\"CPI\",\"entit\u00e9 sioniste\",\"Gaza\",\"G\u00e9nocide\",\"hatem mziou\",\"Palestine\",\"plainte\"],\"articleSection\":[\"National\"],\"inLanguage\":\"fr-FR\"},{\"@type\":\"WebPage\",\"@id\":\"https:\\\/\\\/www.webdo.tn\\\/fr\\\/actualite\\\/national\\\/plainte-de-la-tunisie-contre-l-entite-sioniste-a-la-cpi\\\/212431\\\/\",\"url\":\"https:\\\/\\\/www.webdo.tn\\\/fr\\\/actualite\\\/national\\\/plainte-de-la-tunisie-contre-l-entite-sioniste-a-la-cpi\\\/212431\\\/\",\"name\":\"Plainte de la Tunisie contre l\u2019entit\u00e9 sioniste \u00e0 la CPI\",\"isPartOf\":{\"@id\":\"https:\\\/\\\/www.webdo.tn\\\/fr\\\/#website\"},\"primaryImageOfPage\":{\"@id\":\"https:\\\/\\\/www.webdo.tn\\\/fr\\\/actualite\\\/national\\\/plainte-de-la-tunisie-contre-l-entite-sioniste-a-la-cpi\\\/212431\\\/#primaryimage\"},\"image\":{\"@id\":\"https:\\\/\\\/www.webdo.tn\\\/fr\\\/actualite\\\/national\\\/plainte-de-la-tunisie-contre-l-entite-sioniste-a-la-cpi\\\/212431\\\/#primaryimage\"},\"thumbnailUrl\":\"https:\\\/\\\/www.webdo.tn\\\/fr\\\/wp-content\\\/uploads\\\/2024\\\/02\\\/bdd90515b0228151631eb705c86dafc2.jpg\",\"datePublished\":\"2024-02-20T15:19:00+00:00\",\"dateModified\":\"2025-05-20T22:11:58+00:00\",\"description\":\"La Tunisie a d\u00e9pos\u00e9 \u00e0 la CPI une plainte contre l\u2019entit\u00e9 sioniste pour crimes de guerre et g\u00e9nocide perp\u00e9tr\u00e9s contre le peuple palestinien.\",\"breadcrumb\":{\"@id\":\"https:\\\/\\\/www.webdo.tn\\\/fr\\\/actualite\\\/national\\\/plainte-de-la-tunisie-contre-l-entite-sioniste-a-la-cpi\\\/212431\\\/#breadcrumb\"},\"inLanguage\":\"fr-FR\",\"potentialAction\":[{\"@type\":\"ReadAction\",\"target\":[\"https:\\\/\\\/www.webdo.tn\\\/fr\\\/actualite\\\/national\\\/plainte-de-la-tunisie-contre-l-entite-sioniste-a-la-cpi\\\/212431\\\/\"]}]},{\"@type\":\"ImageObject\",\"inLanguage\":\"fr-FR\",\"@id\":\"https:\\\/\\\/www.webdo.tn\\\/fr\\\/actualite\\\/national\\\/plainte-de-la-tunisie-contre-l-entite-sioniste-a-la-cpi\\\/212431\\\/#primaryimage\",\"url\":\"https:\\\/\\\/www.webdo.tn\\\/fr\\\/wp-content\\\/uploads\\\/2024\\\/02\\\/bdd90515b0228151631eb705c86dafc2.jpg\",\"contentUrl\":\"https:\\\/\\\/www.webdo.tn\\\/fr\\\/wp-content\\\/uploads\\\/2024\\\/02\\\/bdd90515b0228151631eb705c86dafc2.jpg\",\"width\":750,\"height\":400,\"caption\":\"Plainte de la Tunisie contre l\u2019entit\u00e9 sioniste \u00e0 la CPI\"},{\"@type\":\"BreadcrumbList\",\"@id\":\"https:\\\/\\\/www.webdo.tn\\\/fr\\\/actualite\\\/national\\\/plainte-de-la-tunisie-contre-l-entite-sioniste-a-la-cpi\\\/212431\\\/#breadcrumb\",\"itemListElement\":[{\"@type\":\"ListItem\",\"position\":1,\"name\":\"Accueil\",\"item\":\"https:\\\/\\\/www.webdo.tn\\\/fr\\\/\"},{\"@type\":\"ListItem\",\"position\":2,\"name\":\"Plainte de la Tunisie contre l\u2019entit\u00e9 sioniste \u00e0 la CPI\"}]},{\"@type\":\"WebSite\",\"@id\":\"https:\\\/\\\/www.webdo.tn\\\/fr\\\/#website\",\"url\":\"https:\\\/\\\/www.webdo.tn\\\/fr\\\/\",\"name\":\"webdo\",\"description\":\"Tunisie - News en Tunisie et \u00e0 l&#039;international sur Webdo.tn\",\"publisher\":{\"@id\":\"https:\\\/\\\/www.webdo.tn\\\/fr\\\/#organization\"},\"potentialAction\":[{\"@type\":\"SearchAction\",\"target\":{\"@type\":\"EntryPoint\",\"urlTemplate\":\"https:\\\/\\\/www.webdo.tn\\\/fr\\\/?s={search_term_string}\"},\"query-input\":{\"@type\":\"PropertyValueSpecification\",\"valueRequired\":true,\"valueName\":\"search_term_string\"}}],\"inLanguage\":\"fr-FR\"},{\"@type\":\"Organization\",\"@id\":\"https:\\\/\\\/www.webdo.tn\\\/fr\\\/#organization\",\"name\":\"Webdo\",\"alternateName\":\"Webdo.tn\",\"url\":\"https:\\\/\\\/www.webdo.tn\\\/fr\\\/\",\"logo\":{\"@type\":\"ImageObject\",\"inLanguage\":\"fr-FR\",\"@id\":\"https:\\\/\\\/www.webdo.tn\\\/fr\\\/#\\\/schema\\\/logo\\\/image\\\/\",\"url\":\"https:\\\/\\\/www.webdo.tn\\\/fr\\\/wp-content\\\/uploads\\\/2025\\\/06\\\/Webdo-Tunisie_168377.jpg\",\"contentUrl\":\"https:\\\/\\\/www.webdo.tn\\\/fr\\\/wp-content\\\/uploads\\\/2025\\\/06\\\/Webdo-Tunisie_168377.jpg\",\"width\":301,\"height\":301,\"caption\":\"Webdo\"},\"image\":{\"@id\":\"https:\\\/\\\/www.webdo.tn\\\/fr\\\/#\\\/schema\\\/logo\\\/image\\\/\"},\"sameAs\":[\"https:\\\/\\\/www.facebook.com\\\/webdotn\",\"https:\\\/\\\/x.com\\\/webdo_tn\"],\"description\":\"Webdo est un m\u00e9dia num\u00e9rique tunisien fond\u00e9 en 2010, sp\u00e9cialis\u00e9 dans l\u2019actualit\u00e9 nationale et internationale, l\u2019\u00e9conomie, la soci\u00e9t\u00e9 et les analyses politiques. Le site s\u2019adresse \u00e0 un large public francophone et couvre l\u2019information tunisienne en temps r\u00e9el.\",\"email\":\"redac@webdo.tn\",\"legalName\":\"YNJ SARL\",\"foundingDate\":\"2010-09-06\",\"numberOfEmployees\":{\"@type\":\"QuantitativeValue\",\"minValue\":\"11\",\"maxValue\":\"50\"}},{\"@type\":\"Person\",\"@id\":\"https:\\\/\\\/www.webdo.tn\\\/fr\\\/#\\\/schema\\\/person\\\/2c4929cbf5a809e3bd38617c6ce150f6\",\"name\":\"MC\",\"image\":{\"@type\":\"ImageObject\",\"inLanguage\":\"fr-FR\",\"@id\":\"https:\\\/\\\/secure.gravatar.com\\\/avatar\\\/a545bbb6f84efdd5553dbbc2895e3ca8f1d12c5215e00a041c9670b54aa9b18a?s=96&d=mm&r=g\",\"url\":\"https:\\\/\\\/secure.gravatar.com\\\/avatar\\\/a545bbb6f84efdd5553dbbc2895e3ca8f1d12c5215e00a041c9670b54aa9b18a?s=96&d=mm&r=g\",\"contentUrl\":\"https:\\\/\\\/secure.gravatar.com\\\/avatar\\\/a545bbb6f84efdd5553dbbc2895e3ca8f1d12c5215e00a041c9670b54aa9b18a?s=96&d=mm&r=g\",\"caption\":\"MC\"},\"url\":\"https:\\\/\\\/www.webdo.tn\\\/fr\\\/actualite\\\/author\\\/mc\\\/\"}]}<\/script>\n<!-- \/ Yoast SEO Premium plugin. -->","yoast_head_json":{"title":"Plainte de la Tunisie contre l\u2019entit\u00e9 sioniste \u00e0 la CPI","description":"La Tunisie a d\u00e9pos\u00e9 \u00e0 la CPI une plainte contre l\u2019entit\u00e9 sioniste pour crimes de guerre et g\u00e9nocide perp\u00e9tr\u00e9s contre le peuple palestinien.","canonical":"https:\/\/www.webdo.tn\/fr\/actualite\/national\/plainte-de-la-tunisie-contre-l-entite-sioniste-a-la-cpi\/212431\/","og_locale":"fr_FR","og_type":"article","og_title":"Plainte de la Tunisie contre l\u2019entit\u00e9 sioniste \u00e0 la CPI","og_description":"La Tunisie a d\u00e9pos\u00e9 \u00e0 la CPI une plainte contre l\u2019entit\u00e9 sioniste pour crimes de guerre et g\u00e9nocide perp\u00e9tr\u00e9s contre le peuple palestinien.","og_url":"https:\/\/www.webdo.tn\/fr\/actualite\/national\/plainte-de-la-tunisie-contre-l-entite-sioniste-a-la-cpi\/212431\/","og_site_name":"webdo","article_publisher":"https:\/\/www.facebook.com\/webdotn","article_published_time":"2024-02-20T15:19:00+00:00","article_modified_time":"2025-05-20T22:11:58+00:00","og_image":[{"width":750,"height":400,"url":"https:\/\/www.webdo.tn\/fr\/wp-content\/uploads\/2024\/02\/bdd90515b0228151631eb705c86dafc2.jpg","type":"image\/jpeg"}],"author":"MC","twitter_card":"summary_large_image","twitter_creator":"@webdo_tn","twitter_site":"@webdo_tn","twitter_misc":{"\u00c9crit par":"MC","Dur\u00e9e de lecture estim\u00e9e":"1 minute"},"schema":{"@context":"https:\/\/schema.org","@graph":[{"@type":"NewsArticle","@id":"https:\/\/www.webdo.tn\/fr\/actualite\/national\/plainte-de-la-tunisie-contre-l-entite-sioniste-a-la-cpi\/212431\/#article","isPartOf":{"@id":"https:\/\/www.webdo.tn\/fr\/actualite\/national\/plainte-de-la-tunisie-contre-l-entite-sioniste-a-la-cpi\/212431\/"},"author":{"name":"MC","@id":"https:\/\/www.webdo.tn\/fr\/#\/schema\/person\/2c4929cbf5a809e3bd38617c6ce150f6"},"headline":"Plainte de la Tunisie contre l\u2019entit\u00e9 sioniste \u00e0 la CPI","datePublished":"2024-02-20T15:19:00+00:00","dateModified":"2025-05-20T22:11:58+00:00","mainEntityOfPage":{"@id":"https:\/\/www.webdo.tn\/fr\/actualite\/national\/plainte-de-la-tunisie-contre-l-entite-sioniste-a-la-cpi\/212431\/"},"wordCount":245,"commentCount":0,"publisher":{"@id":"https:\/\/www.webdo.tn\/fr\/#organization"},"image":{"@id":"https:\/\/www.webdo.tn\/fr\/actualite\/national\/plainte-de-la-tunisie-contre-l-entite-sioniste-a-la-cpi\/212431\/#primaryimage"},"thumbnailUrl":"https:\/\/www.webdo.tn\/fr\/wp-content\/uploads\/2024\/02\/bdd90515b0228151631eb705c86dafc2.jpg","keywords":["CPI","entit\u00e9 sioniste","Gaza","G\u00e9nocide","hatem mziou","Palestine","plainte"],"articleSection":["National"],"inLanguage":"fr-FR"},{"@type":"WebPage","@id":"https:\/\/www.webdo.tn\/fr\/actualite\/national\/plainte-de-la-tunisie-contre-l-entite-sioniste-a-la-cpi\/212431\/","url":"https:\/\/www.webdo.tn\/fr\/actualite\/national\/plainte-de-la-tunisie-contre-l-entite-sioniste-a-la-cpi\/212431\/","name":"Plainte de la Tunisie contre l\u2019entit\u00e9 sioniste \u00e0 la CPI","isPartOf":{"@id":"https:\/\/www.webdo.tn\/fr\/#website"},"primaryImageOfPage":{"@id":"https:\/\/www.webdo.tn\/fr\/actualite\/national\/plainte-de-la-tunisie-contre-l-entite-sioniste-a-la-cpi\/212431\/#primaryimage"},"image":{"@id":"https:\/\/www.webdo.tn\/fr\/actualite\/national\/plainte-de-la-tunisie-contre-l-entite-sioniste-a-la-cpi\/212431\/#primaryimage"},"thumbnailUrl":"https:\/\/www.webdo.tn\/fr\/wp-content\/uploads\/2024\/02\/bdd90515b0228151631eb705c86dafc2.jpg","datePublished":"2024-02-20T15:19:00+00:00","dateModified":"2025-05-20T22:11:58+00:00","description":"La Tunisie a d\u00e9pos\u00e9 \u00e0 la CPI une plainte contre l\u2019entit\u00e9 sioniste pour crimes de guerre et g\u00e9nocide perp\u00e9tr\u00e9s contre le peuple palestinien.","breadcrumb":{"@id":"https:\/\/www.webdo.tn\/fr\/actualite\/national\/plainte-de-la-tunisie-contre-l-entite-sioniste-a-la-cpi\/212431\/#breadcrumb"},"inLanguage":"fr-FR","potentialAction":[{"@type":"ReadAction","target":["https:\/\/www.webdo.tn\/fr\/actualite\/national\/plainte-de-la-tunisie-contre-l-entite-sioniste-a-la-cpi\/212431\/"]}]},{"@type":"ImageObject","inLanguage":"fr-FR","@id":"https:\/\/www.webdo.tn\/fr\/actualite\/national\/plainte-de-la-tunisie-contre-l-entite-sioniste-a-la-cpi\/212431\/#primaryimage","url":"https:\/\/www.webdo.tn\/fr\/wp-content\/uploads\/2024\/02\/bdd90515b0228151631eb705c86dafc2.jpg","contentUrl":"https:\/\/www.webdo.tn\/fr\/wp-content\/uploads\/2024\/02\/bdd90515b0228151631eb705c86dafc2.jpg","width":750,"height":400,"caption":"Plainte de la Tunisie contre l\u2019entit\u00e9 sioniste \u00e0 la CPI"},{"@type":"BreadcrumbList","@id":"https:\/\/www.webdo.tn\/fr\/actualite\/national\/plainte-de-la-tunisie-contre-l-entite-sioniste-a-la-cpi\/212431\/#breadcrumb","itemListElement":[{"@type":"ListItem","position":1,"name":"Accueil","item":"https:\/\/www.webdo.tn\/fr\/"},{"@type":"ListItem","position":2,"name":"Plainte de la Tunisie contre l\u2019entit\u00e9 sioniste \u00e0 la CPI"}]},{"@type":"WebSite","@id":"https:\/\/www.webdo.tn\/fr\/#website","url":"https:\/\/www.webdo.tn\/fr\/","name":"webdo","description":"Tunisie - News en Tunisie et \u00e0 l&#039;international sur Webdo.tn","publisher":{"@id":"https:\/\/www.webdo.tn\/fr\/#organization"},"potentialAction":[{"@type":"SearchAction","target":{"@type":"EntryPoint","urlTemplate":"https:\/\/www.webdo.tn\/fr\/?s={search_term_string}"},"query-input":{"@type":"PropertyValueSpecification","valueRequired":true,"valueName":"search_term_string"}}],"inLanguage":"fr-FR"},{"@type":"Organization","@id":"https:\/\/www.webdo.tn\/fr\/#organization","name":"Webdo","alternateName":"Webdo.tn","url":"https:\/\/www.webdo.tn\/fr\/","logo":{"@type":"ImageObject","inLanguage":"fr-FR","@id":"https:\/\/www.webdo.tn\/fr\/#\/schema\/logo\/image\/","url":"https:\/\/www.webdo.tn\/fr\/wp-content\/uploads\/2025\/06\/Webdo-Tunisie_168377.jpg","contentUrl":"https:\/\/www.webdo.tn\/fr\/wp-content\/uploads\/2025\/06\/Webdo-Tunisie_168377.jpg","width":301,"height":301,"caption":"Webdo"},"image":{"@id":"https:\/\/www.webdo.tn\/fr\/#\/schema\/logo\/image\/"},"sameAs":["https:\/\/www.facebook.com\/webdotn","https:\/\/x.com\/webdo_tn"],"description":"Webdo est un m\u00e9dia num\u00e9rique tunisien fond\u00e9 en 2010, sp\u00e9cialis\u00e9 dans l\u2019actualit\u00e9 nationale et internationale, l\u2019\u00e9conomie, la soci\u00e9t\u00e9 et les analyses politiques. Le site s\u2019adresse \u00e0 un large public francophone et couvre l\u2019information tunisienne en temps r\u00e9el.","email":"redac@webdo.tn","legalName":"YNJ SARL","foundingDate":"2010-09-06","numberOfEmployees":{"@type":"QuantitativeValue","minValue":"11","maxValue":"50"}},{"@type":"Person","@id":"https:\/\/www.webdo.tn\/fr\/#\/schema\/person\/2c4929cbf5a809e3bd38617c6ce150f6","name":"MC","image":{"@type":"ImageObject","inLanguage":"fr-FR","@id":"https:\/\/secure.gravatar.com\/avatar\/a545bbb6f84efdd5553dbbc2895e3ca8f1d12c5215e00a041c9670b54aa9b18a?s=96&d=mm&r=g","url":"https:\/\/secure.gravatar.com\/avatar\/a545bbb6f84efdd5553dbbc2895e3ca8f1d12c5215e00a041c9670b54aa9b18a?s=96&d=mm&r=g","contentUrl":"https:\/\/secure.gravatar.com\/avatar\/a545bbb6f84efdd5553dbbc2895e3ca8f1d12c5215e00a041c9670b54aa9b18a?s=96&d=mm&r=g","caption":"MC"},"url":"https:\/\/www.webdo.tn\/fr\/actualite\/author\/mc\/"}]}},"_links":{"self":[{"href":"https:\/\/www.webdo.tn\/fr\/wp-json\/wp\/v2\/posts\/212431","targetHints":{"allow":["GET"]}}],"collection":[{"href":"https:\/\/www.webdo.tn\/fr\/wp-json\/wp\/v2\/posts"}],"about":[{"href":"https:\/\/www.webdo.tn\/fr\/wp-json\/wp\/v2\/types\/post"}],"author":[{"embeddable":true,"href":"https:\/\/www.webdo.tn\/fr\/wp-json\/wp\/v2\/users\/3162"}],"replies":[{"embeddable":true,"href":"https:\/\/www.webdo.tn\/fr\/wp-json\/wp\/v2\/comments?post=212431"}],"version-history":[{"count":0,"href":"https:\/\/www.webdo.tn\/fr\/wp-json\/wp\/v2\/posts\/212431\/revisions"}],"wp:featuredmedia":[{"embeddable":true,"href":"https:\/\/www.webdo.tn\/fr\/wp-json\/wp\/v2\/media\/290266"}],"wp:attachment":[{"href":"https:\/\/www.webdo.tn\/fr\/wp-json\/wp\/v2\/media?parent=212431"}],"wp:term":[{"taxonomy":"category","embeddable":true,"href":"https:\/\/www.webdo.tn\/fr\/wp-json\/wp\/v2\/categories?post=212431"},{"taxonomy":"post_tag","embeddable":true,"href":"https:\/\/www.webdo.tn\/fr\/wp-json\/wp\/v2\/tags?post=212431"}],"curies":[{"name":"wp","href":"https:\/\/api.w.org\/{rel}","templated":true}]}}