{"id":212429,"date":"2024-02-20T15:01:00","date_gmt":"2024-02-20T15:01:00","guid":{"rendered":"https:\/\/www.webdo.tn\/fr\/blog\/tunisie-1500-dinars-une-pension-necessaire-pour-les-retraites\/212429\/"},"modified":"2025-05-20T22:53:15","modified_gmt":"2025-05-20T22:53:15","slug":"tunisie-1500-dinars-une-pension-necessaire-pour-les-retraites","status":"publish","type":"post","link":"https:\/\/www.webdo.tn\/fr\/actualite\/national\/tunisie-1500-dinars-une-pension-necessaire-pour-les-retraites\/212429\/","title":{"rendered":"Tunisie : Une retraite minimum \u00e0 1500 dinars, plaide la f\u00e9d\u00e9ration des retrait\u00e9s"},"content":{"rendered":"<p>Le secr\u00e9taire g\u00e9n\u00e9ral de la F\u00e9d\u00e9ration g\u00e9n\u00e9rale des retrait\u00e9s, Abdelkader Nasri, est revenu ce mardi 20 f\u00e9vrier 2024, sur la situation des retrait\u00e9s.\u00a0<\/p>\n<p>\t\t\t\t\t\t\t\t\tS\u2019exprimant sur les ondes de Mosa\u00efque FM, il a soulign\u00e9 que le nombre de retrait\u00e9s en Tunisie a d\u00e9pass\u00e9 un million et deux cents mille personnes, dont 800 000 dans le secteur priv\u00e9 et 400 000 dans le secteur public.<\/p>\n<p>Le porte-parole a indiqu\u00e9 qu&rsquo;une grande proportion de ces retrait\u00e9s per\u00e7oivent des pensions inf\u00e9rieures au salaire minimum garanti, et ils vivent dans des conditions tr\u00e8s difficiles car ils ne peuvent pas couvrir toutes leurs d\u00e9penses, notamment le logement, les m\u00e9dicaments et la nourriture.<\/p>\n<p>Dans ce contexte, il a soulign\u00e9 que les Tunisiens ne peuvent plus vivre avec 200 dinars par mois, voire m\u00eame avec 500 dinars, en d\u00e9clarant : \u00ab\u00a0Le retrait\u00e9 meurt lentement dans son pays&#8230; et pour moi, 1500 dinars sont le salaire minimum que chaque Tunisien m\u00e9rite pour pouvoir assurer les besoins de base de la vie\u00a0\u00bb.<\/p>\n<p>En cons\u00e9quence, Abdelkader Nasri a appel\u00e9 \u00e0 l&rsquo;augmentation du salaire minimum garanti et \u00e0 l&rsquo;approbation d&rsquo;une \u00ab\u00a0pension minimale\u00a0\u00bb garantie, comme c&rsquo;est le cas pour le salaire minimum garanti.<\/p>\n<p>Le porte-parole a \u00e9galement insist\u00e9 sur la n\u00e9cessit\u00e9 de r\u00e9viser l&rsquo;ensemble du syst\u00e8me l\u00e9gislatif, appelant notamment \u00e0 l&rsquo;abrogation de la loi num\u00e9ro 73 de l&rsquo;ann\u00e9e 2007, consid\u00e9rant qu&rsquo;elle autorise l&rsquo;imposition d&rsquo;une contribution sur le retrait\u00e9.<\/p>\n","protected":false},"excerpt":{"rendered":"<p>S\u2019exprimant sur les ondes de Mosa\u00efque FM, il a soulign\u00e9 que le nombre de retrait\u00e9s en Tunisie a d\u00e9pass\u00e9 un million et deux cents mille personnes, dont 800 000 d&#8230;<\/p>\n","protected":false},"author":3175,"featured_media":290265,"comment_status":"open","ping_status":"closed","sticky":false,"template":"","format":"standard","meta":{"footnotes":""},"categories":[44],"tags":[6246,3836,2608],"class_list":["post-212429","post","type-post","status-publish","format-standard","has-post-thumbnail","hentry","category-national","tag-pension","tag-retraites","tag-tunisie"],"yoast_head":"<!-- This site is optimized with the Yoast SEO Premium plugin v27.4 (Yoast SEO v27.5) - https:\/\/yoast.com\/product\/yoast-seo-premium-wordpress\/ -->\n<title>Tunisie : Une retraite minimum \u00e0 1500 dinars, plaide la f\u00e9d\u00e9ration des retrait\u00e9s<\/title>\n<meta name=\"description\" content=\"S\u2019exprimant sur les ondes de Mosa\u00efque FM, il a soulign\u00e9 que le nombre de retrait\u00e9s en Tunisie a d\u00e9pass\u00e9 un million et deux cents mille personnes, dont 800 000 d...\" \/>\n<link rel=\"canonical\" href=\"https:\/\/www.webdo.tn\/fr\/actualite\/national\/tunisie-1500-dinars-une-pension-necessaire-pour-les-retraites\/212429\/\" \/>\n<meta property=\"og:locale\" content=\"fr_FR\" \/>\n<meta property=\"og:type\" content=\"article\" \/>\n<meta property=\"og:title\" content=\"Tunisie : Une retraite minimum \u00e0 1500 dinars, plaide la f\u00e9d\u00e9ration des retrait\u00e9s\" \/>\n<meta property=\"og:description\" content=\"S\u2019exprimant sur les ondes de Mosa\u00efque FM, il a soulign\u00e9 que le nombre de retrait\u00e9s en Tunisie a d\u00e9pass\u00e9 un million et deux cents mille personnes, dont 800 000 d...\" \/>\n<meta property=\"og:url\" content=\"https:\/\/www.webdo.tn\/fr\/actualite\/national\/tunisie-1500-dinars-une-pension-necessaire-pour-les-retraites\/212429\/\" \/>\n<meta property=\"og:site_name\" content=\"webdo\" \/>\n<meta property=\"article:publisher\" content=\"https:\/\/www.facebook.com\/webdotn\" \/>\n<meta property=\"article:published_time\" content=\"2024-02-20T15:01:00+00:00\" \/>\n<meta property=\"article:modified_time\" content=\"2025-05-20T22:53:15+00:00\" \/>\n<meta property=\"og:image\" content=\"https:\/\/www.webdo.tn\/fr\/wp-content\/uploads\/2024\/02\/3c2811cc8b5ff3725811774d2f0b6891.jpg\" \/>\n\t<meta property=\"og:image:width\" content=\"680\" \/>\n\t<meta property=\"og:image:height\" content=\"363\" \/>\n\t<meta property=\"og:image:type\" content=\"image\/jpeg\" \/>\n<meta name=\"author\" content=\"CL\" \/>\n<meta name=\"twitter:card\" content=\"summary_large_image\" \/>\n<meta name=\"twitter:creator\" content=\"@webdo_tn\" \/>\n<meta name=\"twitter:site\" content=\"@webdo_tn\" \/>\n<meta name=\"twitter:label1\" content=\"\u00c9crit par\" \/>\n\t<meta name=\"twitter:data1\" content=\"CL\" \/>\n\t<meta name=\"twitter:label2\" content=\"Dur\u00e9e de lecture estim\u00e9e\" \/>\n\t<meta name=\"twitter:data2\" content=\"1 minute\" \/>\n<script type=\"application\/ld+json\" class=\"yoast-schema-graph\">{\"@context\":\"https:\\\/\\\/schema.org\",\"@graph\":[{\"@type\":\"NewsArticle\",\"@id\":\"https:\\\/\\\/www.webdo.tn\\\/fr\\\/actualite\\\/national\\\/tunisie-1500-dinars-une-pension-necessaire-pour-les-retraites\\\/212429\\\/#article\",\"isPartOf\":{\"@id\":\"https:\\\/\\\/www.webdo.tn\\\/fr\\\/actualite\\\/national\\\/tunisie-1500-dinars-une-pension-necessaire-pour-les-retraites\\\/212429\\\/\"},\"author\":{\"name\":\"CL\",\"@id\":\"https:\\\/\\\/www.webdo.tn\\\/fr\\\/#\\\/schema\\\/person\\\/f35b42a42c5e2511bbd282959d6385cc\"},\"headline\":\"Tunisie : Une retraite minimum \u00e0 1500 dinars, plaide la f\u00e9d\u00e9ration des retrait\u00e9s\",\"datePublished\":\"2024-02-20T15:01:00+00:00\",\"dateModified\":\"2025-05-20T22:53:15+00:00\",\"mainEntityOfPage\":{\"@id\":\"https:\\\/\\\/www.webdo.tn\\\/fr\\\/actualite\\\/national\\\/tunisie-1500-dinars-une-pension-necessaire-pour-les-retraites\\\/212429\\\/\"},\"wordCount\":265,\"commentCount\":0,\"publisher\":{\"@id\":\"https:\\\/\\\/www.webdo.tn\\\/fr\\\/#organization\"},\"image\":{\"@id\":\"https:\\\/\\\/www.webdo.tn\\\/fr\\\/actualite\\\/national\\\/tunisie-1500-dinars-une-pension-necessaire-pour-les-retraites\\\/212429\\\/#primaryimage\"},\"thumbnailUrl\":\"https:\\\/\\\/www.webdo.tn\\\/fr\\\/wp-content\\\/uploads\\\/2024\\\/02\\\/3c2811cc8b5ff3725811774d2f0b6891.jpg\",\"keywords\":[\"pension\",\"retrait\u00e9s\",\"Tunisie\"],\"articleSection\":[\"National\"],\"inLanguage\":\"fr-FR\"},{\"@type\":\"WebPage\",\"@id\":\"https:\\\/\\\/www.webdo.tn\\\/fr\\\/actualite\\\/national\\\/tunisie-1500-dinars-une-pension-necessaire-pour-les-retraites\\\/212429\\\/\",\"url\":\"https:\\\/\\\/www.webdo.tn\\\/fr\\\/actualite\\\/national\\\/tunisie-1500-dinars-une-pension-necessaire-pour-les-retraites\\\/212429\\\/\",\"name\":\"Tunisie : Une retraite minimum \u00e0 1500 dinars, plaide la f\u00e9d\u00e9ration des retrait\u00e9s\",\"isPartOf\":{\"@id\":\"https:\\\/\\\/www.webdo.tn\\\/fr\\\/#website\"},\"primaryImageOfPage\":{\"@id\":\"https:\\\/\\\/www.webdo.tn\\\/fr\\\/actualite\\\/national\\\/tunisie-1500-dinars-une-pension-necessaire-pour-les-retraites\\\/212429\\\/#primaryimage\"},\"image\":{\"@id\":\"https:\\\/\\\/www.webdo.tn\\\/fr\\\/actualite\\\/national\\\/tunisie-1500-dinars-une-pension-necessaire-pour-les-retraites\\\/212429\\\/#primaryimage\"},\"thumbnailUrl\":\"https:\\\/\\\/www.webdo.tn\\\/fr\\\/wp-content\\\/uploads\\\/2024\\\/02\\\/3c2811cc8b5ff3725811774d2f0b6891.jpg\",\"datePublished\":\"2024-02-20T15:01:00+00:00\",\"dateModified\":\"2025-05-20T22:53:15+00:00\",\"description\":\"S\u2019exprimant sur les ondes de Mosa\u00efque FM, il a soulign\u00e9 que le nombre de retrait\u00e9s en Tunisie a d\u00e9pass\u00e9 un million et deux cents mille personnes, dont 800 000 d...\",\"breadcrumb\":{\"@id\":\"https:\\\/\\\/www.webdo.tn\\\/fr\\\/actualite\\\/national\\\/tunisie-1500-dinars-une-pension-necessaire-pour-les-retraites\\\/212429\\\/#breadcrumb\"},\"inLanguage\":\"fr-FR\",\"potentialAction\":[{\"@type\":\"ReadAction\",\"target\":[\"https:\\\/\\\/www.webdo.tn\\\/fr\\\/actualite\\\/national\\\/tunisie-1500-dinars-une-pension-necessaire-pour-les-retraites\\\/212429\\\/\"]}]},{\"@type\":\"ImageObject\",\"inLanguage\":\"fr-FR\",\"@id\":\"https:\\\/\\\/www.webdo.tn\\\/fr\\\/actualite\\\/national\\\/tunisie-1500-dinars-une-pension-necessaire-pour-les-retraites\\\/212429\\\/#primaryimage\",\"url\":\"https:\\\/\\\/www.webdo.tn\\\/fr\\\/wp-content\\\/uploads\\\/2024\\\/02\\\/3c2811cc8b5ff3725811774d2f0b6891.jpg\",\"contentUrl\":\"https:\\\/\\\/www.webdo.tn\\\/fr\\\/wp-content\\\/uploads\\\/2024\\\/02\\\/3c2811cc8b5ff3725811774d2f0b6891.jpg\",\"width\":680,\"height\":363,\"caption\":\"Tunisie : Une retraite minimum \u00e0 1500 dinars, plaide la f\u00e9d\u00e9ration des retrait\u00e9s\"},{\"@type\":\"BreadcrumbList\",\"@id\":\"https:\\\/\\\/www.webdo.tn\\\/fr\\\/actualite\\\/national\\\/tunisie-1500-dinars-une-pension-necessaire-pour-les-retraites\\\/212429\\\/#breadcrumb\",\"itemListElement\":[{\"@type\":\"ListItem\",\"position\":1,\"name\":\"Accueil\",\"item\":\"https:\\\/\\\/www.webdo.tn\\\/fr\\\/\"},{\"@type\":\"ListItem\",\"position\":2,\"name\":\"Tunisie : Une retraite minimum \u00e0 1500 dinars, plaide la f\u00e9d\u00e9ration des retrait\u00e9s\"}]},{\"@type\":\"WebSite\",\"@id\":\"https:\\\/\\\/www.webdo.tn\\\/fr\\\/#website\",\"url\":\"https:\\\/\\\/www.webdo.tn\\\/fr\\\/\",\"name\":\"webdo\",\"description\":\"Tunisie - News en Tunisie et \u00e0 l&#039;international sur Webdo.tn\",\"publisher\":{\"@id\":\"https:\\\/\\\/www.webdo.tn\\\/fr\\\/#organization\"},\"potentialAction\":[{\"@type\":\"SearchAction\",\"target\":{\"@type\":\"EntryPoint\",\"urlTemplate\":\"https:\\\/\\\/www.webdo.tn\\\/fr\\\/?s={search_term_string}\"},\"query-input\":{\"@type\":\"PropertyValueSpecification\",\"valueRequired\":true,\"valueName\":\"search_term_string\"}}],\"inLanguage\":\"fr-FR\"},{\"@type\":\"Organization\",\"@id\":\"https:\\\/\\\/www.webdo.tn\\\/fr\\\/#organization\",\"name\":\"Webdo\",\"alternateName\":\"Webdo.tn\",\"url\":\"https:\\\/\\\/www.webdo.tn\\\/fr\\\/\",\"logo\":{\"@type\":\"ImageObject\",\"inLanguage\":\"fr-FR\",\"@id\":\"https:\\\/\\\/www.webdo.tn\\\/fr\\\/#\\\/schema\\\/logo\\\/image\\\/\",\"url\":\"https:\\\/\\\/www.webdo.tn\\\/fr\\\/wp-content\\\/uploads\\\/2025\\\/06\\\/Webdo-Tunisie_168377.jpg\",\"contentUrl\":\"https:\\\/\\\/www.webdo.tn\\\/fr\\\/wp-content\\\/uploads\\\/2025\\\/06\\\/Webdo-Tunisie_168377.jpg\",\"width\":301,\"height\":301,\"caption\":\"Webdo\"},\"image\":{\"@id\":\"https:\\\/\\\/www.webdo.tn\\\/fr\\\/#\\\/schema\\\/logo\\\/image\\\/\"},\"sameAs\":[\"https:\\\/\\\/www.facebook.com\\\/webdotn\",\"https:\\\/\\\/x.com\\\/webdo_tn\"],\"description\":\"Webdo est un m\u00e9dia num\u00e9rique tunisien fond\u00e9 en 2010, sp\u00e9cialis\u00e9 dans l\u2019actualit\u00e9 nationale et internationale, l\u2019\u00e9conomie, la soci\u00e9t\u00e9 et les analyses politiques. Le site s\u2019adresse \u00e0 un large public francophone et couvre l\u2019information tunisienne en temps r\u00e9el.\",\"email\":\"redac@webdo.tn\",\"legalName\":\"YNJ SARL\",\"foundingDate\":\"2010-09-06\",\"numberOfEmployees\":{\"@type\":\"QuantitativeValue\",\"minValue\":\"11\",\"maxValue\":\"50\"}},{\"@type\":\"Person\",\"@id\":\"https:\\\/\\\/www.webdo.tn\\\/fr\\\/#\\\/schema\\\/person\\\/f35b42a42c5e2511bbd282959d6385cc\",\"name\":\"CL\",\"image\":{\"@type\":\"ImageObject\",\"inLanguage\":\"fr-FR\",\"@id\":\"https:\\\/\\\/secure.gravatar.com\\\/avatar\\\/1447a49909b67aa657c488aec6512e1dd6143a480c1ecfee9b5b5cd74eb3b59e?s=96&d=mm&r=g\",\"url\":\"https:\\\/\\\/secure.gravatar.com\\\/avatar\\\/1447a49909b67aa657c488aec6512e1dd6143a480c1ecfee9b5b5cd74eb3b59e?s=96&d=mm&r=g\",\"contentUrl\":\"https:\\\/\\\/secure.gravatar.com\\\/avatar\\\/1447a49909b67aa657c488aec6512e1dd6143a480c1ecfee9b5b5cd74eb3b59e?s=96&d=mm&r=g\",\"caption\":\"CL\"},\"url\":\"https:\\\/\\\/www.webdo.tn\\\/fr\\\/actualite\\\/author\\\/cl\\\/\"}]}<\/script>\n<!-- \/ Yoast SEO Premium plugin. -->","yoast_head_json":{"title":"Tunisie : Une retraite minimum \u00e0 1500 dinars, plaide la f\u00e9d\u00e9ration des retrait\u00e9s","description":"S\u2019exprimant sur les ondes de Mosa\u00efque FM, il a soulign\u00e9 que le nombre de retrait\u00e9s en Tunisie a d\u00e9pass\u00e9 un million et deux cents mille personnes, dont 800 000 d...","canonical":"https:\/\/www.webdo.tn\/fr\/actualite\/national\/tunisie-1500-dinars-une-pension-necessaire-pour-les-retraites\/212429\/","og_locale":"fr_FR","og_type":"article","og_title":"Tunisie : Une retraite minimum \u00e0 1500 dinars, plaide la f\u00e9d\u00e9ration des retrait\u00e9s","og_description":"S\u2019exprimant sur les ondes de Mosa\u00efque FM, il a soulign\u00e9 que le nombre de retrait\u00e9s en Tunisie a d\u00e9pass\u00e9 un million et deux cents mille personnes, dont 800 000 d...","og_url":"https:\/\/www.webdo.tn\/fr\/actualite\/national\/tunisie-1500-dinars-une-pension-necessaire-pour-les-retraites\/212429\/","og_site_name":"webdo","article_publisher":"https:\/\/www.facebook.com\/webdotn","article_published_time":"2024-02-20T15:01:00+00:00","article_modified_time":"2025-05-20T22:53:15+00:00","og_image":[{"width":680,"height":363,"url":"https:\/\/www.webdo.tn\/fr\/wp-content\/uploads\/2024\/02\/3c2811cc8b5ff3725811774d2f0b6891.jpg","type":"image\/jpeg"}],"author":"CL","twitter_card":"summary_large_image","twitter_creator":"@webdo_tn","twitter_site":"@webdo_tn","twitter_misc":{"\u00c9crit par":"CL","Dur\u00e9e de lecture estim\u00e9e":"1 minute"},"schema":{"@context":"https:\/\/schema.org","@graph":[{"@type":"NewsArticle","@id":"https:\/\/www.webdo.tn\/fr\/actualite\/national\/tunisie-1500-dinars-une-pension-necessaire-pour-les-retraites\/212429\/#article","isPartOf":{"@id":"https:\/\/www.webdo.tn\/fr\/actualite\/national\/tunisie-1500-dinars-une-pension-necessaire-pour-les-retraites\/212429\/"},"author":{"name":"CL","@id":"https:\/\/www.webdo.tn\/fr\/#\/schema\/person\/f35b42a42c5e2511bbd282959d6385cc"},"headline":"Tunisie : Une retraite minimum \u00e0 1500 dinars, plaide la f\u00e9d\u00e9ration des retrait\u00e9s","datePublished":"2024-02-20T15:01:00+00:00","dateModified":"2025-05-20T22:53:15+00:00","mainEntityOfPage":{"@id":"https:\/\/www.webdo.tn\/fr\/actualite\/national\/tunisie-1500-dinars-une-pension-necessaire-pour-les-retraites\/212429\/"},"wordCount":265,"commentCount":0,"publisher":{"@id":"https:\/\/www.webdo.tn\/fr\/#organization"},"image":{"@id":"https:\/\/www.webdo.tn\/fr\/actualite\/national\/tunisie-1500-dinars-une-pension-necessaire-pour-les-retraites\/212429\/#primaryimage"},"thumbnailUrl":"https:\/\/www.webdo.tn\/fr\/wp-content\/uploads\/2024\/02\/3c2811cc8b5ff3725811774d2f0b6891.jpg","keywords":["pension","retrait\u00e9s","Tunisie"],"articleSection":["National"],"inLanguage":"fr-FR"},{"@type":"WebPage","@id":"https:\/\/www.webdo.tn\/fr\/actualite\/national\/tunisie-1500-dinars-une-pension-necessaire-pour-les-retraites\/212429\/","url":"https:\/\/www.webdo.tn\/fr\/actualite\/national\/tunisie-1500-dinars-une-pension-necessaire-pour-les-retraites\/212429\/","name":"Tunisie : Une retraite minimum \u00e0 1500 dinars, plaide la f\u00e9d\u00e9ration des retrait\u00e9s","isPartOf":{"@id":"https:\/\/www.webdo.tn\/fr\/#website"},"primaryImageOfPage":{"@id":"https:\/\/www.webdo.tn\/fr\/actualite\/national\/tunisie-1500-dinars-une-pension-necessaire-pour-les-retraites\/212429\/#primaryimage"},"image":{"@id":"https:\/\/www.webdo.tn\/fr\/actualite\/national\/tunisie-1500-dinars-une-pension-necessaire-pour-les-retraites\/212429\/#primaryimage"},"thumbnailUrl":"https:\/\/www.webdo.tn\/fr\/wp-content\/uploads\/2024\/02\/3c2811cc8b5ff3725811774d2f0b6891.jpg","datePublished":"2024-02-20T15:01:00+00:00","dateModified":"2025-05-20T22:53:15+00:00","description":"S\u2019exprimant sur les ondes de Mosa\u00efque FM, il a soulign\u00e9 que le nombre de retrait\u00e9s en Tunisie a d\u00e9pass\u00e9 un million et deux cents mille personnes, dont 800 000 d...","breadcrumb":{"@id":"https:\/\/www.webdo.tn\/fr\/actualite\/national\/tunisie-1500-dinars-une-pension-necessaire-pour-les-retraites\/212429\/#breadcrumb"},"inLanguage":"fr-FR","potentialAction":[{"@type":"ReadAction","target":["https:\/\/www.webdo.tn\/fr\/actualite\/national\/tunisie-1500-dinars-une-pension-necessaire-pour-les-retraites\/212429\/"]}]},{"@type":"ImageObject","inLanguage":"fr-FR","@id":"https:\/\/www.webdo.tn\/fr\/actualite\/national\/tunisie-1500-dinars-une-pension-necessaire-pour-les-retraites\/212429\/#primaryimage","url":"https:\/\/www.webdo.tn\/fr\/wp-content\/uploads\/2024\/02\/3c2811cc8b5ff3725811774d2f0b6891.jpg","contentUrl":"https:\/\/www.webdo.tn\/fr\/wp-content\/uploads\/2024\/02\/3c2811cc8b5ff3725811774d2f0b6891.jpg","width":680,"height":363,"caption":"Tunisie : Une retraite minimum \u00e0 1500 dinars, plaide la f\u00e9d\u00e9ration des retrait\u00e9s"},{"@type":"BreadcrumbList","@id":"https:\/\/www.webdo.tn\/fr\/actualite\/national\/tunisie-1500-dinars-une-pension-necessaire-pour-les-retraites\/212429\/#breadcrumb","itemListElement":[{"@type":"ListItem","position":1,"name":"Accueil","item":"https:\/\/www.webdo.tn\/fr\/"},{"@type":"ListItem","position":2,"name":"Tunisie : Une retraite minimum \u00e0 1500 dinars, plaide la f\u00e9d\u00e9ration des retrait\u00e9s"}]},{"@type":"WebSite","@id":"https:\/\/www.webdo.tn\/fr\/#website","url":"https:\/\/www.webdo.tn\/fr\/","name":"webdo","description":"Tunisie - News en Tunisie et \u00e0 l&#039;international sur Webdo.tn","publisher":{"@id":"https:\/\/www.webdo.tn\/fr\/#organization"},"potentialAction":[{"@type":"SearchAction","target":{"@type":"EntryPoint","urlTemplate":"https:\/\/www.webdo.tn\/fr\/?s={search_term_string}"},"query-input":{"@type":"PropertyValueSpecification","valueRequired":true,"valueName":"search_term_string"}}],"inLanguage":"fr-FR"},{"@type":"Organization","@id":"https:\/\/www.webdo.tn\/fr\/#organization","name":"Webdo","alternateName":"Webdo.tn","url":"https:\/\/www.webdo.tn\/fr\/","logo":{"@type":"ImageObject","inLanguage":"fr-FR","@id":"https:\/\/www.webdo.tn\/fr\/#\/schema\/logo\/image\/","url":"https:\/\/www.webdo.tn\/fr\/wp-content\/uploads\/2025\/06\/Webdo-Tunisie_168377.jpg","contentUrl":"https:\/\/www.webdo.tn\/fr\/wp-content\/uploads\/2025\/06\/Webdo-Tunisie_168377.jpg","width":301,"height":301,"caption":"Webdo"},"image":{"@id":"https:\/\/www.webdo.tn\/fr\/#\/schema\/logo\/image\/"},"sameAs":["https:\/\/www.facebook.com\/webdotn","https:\/\/x.com\/webdo_tn"],"description":"Webdo est un m\u00e9dia num\u00e9rique tunisien fond\u00e9 en 2010, sp\u00e9cialis\u00e9 dans l\u2019actualit\u00e9 nationale et internationale, l\u2019\u00e9conomie, la soci\u00e9t\u00e9 et les analyses politiques. Le site s\u2019adresse \u00e0 un large public francophone et couvre l\u2019information tunisienne en temps r\u00e9el.","email":"redac@webdo.tn","legalName":"YNJ SARL","foundingDate":"2010-09-06","numberOfEmployees":{"@type":"QuantitativeValue","minValue":"11","maxValue":"50"}},{"@type":"Person","@id":"https:\/\/www.webdo.tn\/fr\/#\/schema\/person\/f35b42a42c5e2511bbd282959d6385cc","name":"CL","image":{"@type":"ImageObject","inLanguage":"fr-FR","@id":"https:\/\/secure.gravatar.com\/avatar\/1447a49909b67aa657c488aec6512e1dd6143a480c1ecfee9b5b5cd74eb3b59e?s=96&d=mm&r=g","url":"https:\/\/secure.gravatar.com\/avatar\/1447a49909b67aa657c488aec6512e1dd6143a480c1ecfee9b5b5cd74eb3b59e?s=96&d=mm&r=g","contentUrl":"https:\/\/secure.gravatar.com\/avatar\/1447a49909b67aa657c488aec6512e1dd6143a480c1ecfee9b5b5cd74eb3b59e?s=96&d=mm&r=g","caption":"CL"},"url":"https:\/\/www.webdo.tn\/fr\/actualite\/author\/cl\/"}]}},"_links":{"self":[{"href":"https:\/\/www.webdo.tn\/fr\/wp-json\/wp\/v2\/posts\/212429","targetHints":{"allow":["GET"]}}],"collection":[{"href":"https:\/\/www.webdo.tn\/fr\/wp-json\/wp\/v2\/posts"}],"about":[{"href":"https:\/\/www.webdo.tn\/fr\/wp-json\/wp\/v2\/types\/post"}],"author":[{"embeddable":true,"href":"https:\/\/www.webdo.tn\/fr\/wp-json\/wp\/v2\/users\/3175"}],"replies":[{"embeddable":true,"href":"https:\/\/www.webdo.tn\/fr\/wp-json\/wp\/v2\/comments?post=212429"}],"version-history":[{"count":0,"href":"https:\/\/www.webdo.tn\/fr\/wp-json\/wp\/v2\/posts\/212429\/revisions"}],"wp:featuredmedia":[{"embeddable":true,"href":"https:\/\/www.webdo.tn\/fr\/wp-json\/wp\/v2\/media\/290265"}],"wp:attachment":[{"href":"https:\/\/www.webdo.tn\/fr\/wp-json\/wp\/v2\/media?parent=212429"}],"wp:term":[{"taxonomy":"category","embeddable":true,"href":"https:\/\/www.webdo.tn\/fr\/wp-json\/wp\/v2\/categories?post=212429"},{"taxonomy":"post_tag","embeddable":true,"href":"https:\/\/www.webdo.tn\/fr\/wp-json\/wp\/v2\/tags?post=212429"}],"curies":[{"name":"wp","href":"https:\/\/api.w.org\/{rel}","templated":true}]}}