{"id":212423,"date":"2024-02-20T10:08:00","date_gmt":"2024-02-20T10:08:00","guid":{"rendered":"https:\/\/www.webdo.tn\/fr\/blog\/le-cable-electrique-entre-la-tunisie-et-l-italie-operationnel-en-2026\/212423\/"},"modified":"2025-05-20T22:33:30","modified_gmt":"2025-05-20T22:33:30","slug":"le-cable-electrique-entre-la-tunisie-et-l-italie-operationnel-en-2026","status":"publish","type":"post","link":"https:\/\/www.webdo.tn\/fr\/actualite\/national\/le-cable-electrique-entre-la-tunisie-et-l-italie-operationnel-en-2026\/212423\/","title":{"rendered":"Le c\u00e2ble \u00e9lectrique entre la Tunisie et l\u2019Italie op\u00e9rationnel en 2026"},"content":{"rendered":"<p>Jeudi 15 f\u00e9vrier, le Chef de la Repr\u00e9sentation r\u00e9gionale de la Banque Europ\u00e9enne d\u2019Investissement, Jean-Luc Rev\u00e9reault, a indiqu\u00e9 que la BEI n\u2019est ni une banque commerciale ni une banque de d\u00e9tail. Son r\u00f4le est de financer les projets ayant pour finalit\u00e9 l\u2019am\u00e9lioration des conditions de vie des populations.<\/p>\n<p>\t\t\t\t\t\t\t\t\t\u00ab\u00a0Nous sommes la Banque du climat\u00a0\u00bb, c\u2019est en ces termes que le Chef de la Repr\u00e9sentation r\u00e9gionale a qualifi\u00e9e la BEI eu \u00e9gard aux projets \u00e0 coloration verte qu\u2019elle promeut et finance en m\u00eame temps.<\/p>\n<p>\u00ab\u00a0Principal emprunteur non souverain du monde, la BEI, poursuit Jean-Luc Rev\u00e9reault, a financ\u00e9, en 2023, des projets \u00e0 hauteur de 87,85 milliards d\u2019euros dont 8,6 milliards en dehors de l\u2019espace europ\u00e9en\u00a0\u00bb.<\/p>\n<p>2,1 milliards d\u2019euros en 10 ans<\/p>\n<p>La BEI et la Tunisie, c\u2019est une relation qui date de 1979. Jean-Luc Rev\u00e9reault a rappel\u00e9 \u00ab\u00a0les investissements r\u00e9alis\u00e9s, depuis, dans la r\u00e9alisation des services des eaux et de gestion des d\u00e9chets, dans la construction de routes, l\u2019am\u00e9nagement de r\u00e9seau \u00e9lectrique, la modernisation des \u00e9coles et le d\u00e9veloppement des petites entreprises\u00a0\u00bb.<\/p>\n<p>\u00ab\u00a0La Tunisie, ajoute le Chef de la Repr\u00e9sentation r\u00e9gionale, a b\u00e9n\u00e9fici\u00e9, en 10 ans, d\u2019un financement de la BEI de l\u2019ordre de 2,1 milliards d\u2019euros dont 92 millions d\u2019euros au cours de l\u2019ann\u00e9e 2023.<\/p>\n<p>De 2014 \u00e0 2023, le secteur de l\u2019\u00e9nergie a accapar\u00e9 25% du volume des pr\u00eats, l\u2019industrie (9%), le transport (25%), l\u2019\u00e9ducation (5%), l\u2019am\u00e9nagement urbain (4%), l\u2019eau et l\u2019assainissement (5%), l\u2019agriculture (7%) et les MPME (19%).<\/p>\n<p>L\u2019ann\u00e9e derni\u00e8re, soutient Jean-Luc Rev\u00e9reault, les secteurs de l\u2019Education, de l\u2019Energie et de l\u2019Inclusion financi\u00e8re ont \u00e9t\u00e9 les principaux domaines qui ont b\u00e9n\u00e9fici\u00e9 du financement de la BEI\u00a0\u00bb.<\/p>\n<p>Il a cit\u00e9, \u00e0 cet effet, le projet du RFR qui a n\u00e9cessit\u00e9 un financement de 23,8 millions d\u2019euros, celui de l\u2019assainissement du Lac de Bizerte (1,52 million d\u2019euros), l\u2019\u00e9dification d\u2019\u00e9tablissements scolaires (36,5 millions d\u2019euros) et le transport d\u2019\u00e9lectricit\u00e9 (4 millions d\u2019euros).<\/p>\n<p>Pour les perspectives de 2024, Jean-Luc Rev\u00e9reault a r\u00e9it\u00e9r\u00e9 l\u2019int\u00e9r\u00eat de la Banque pour les projets environnementaux comme l\u2019approvisionnement en eau, la production et le transport de l\u2019\u00e9lectricit\u00e9, ainsi que les projets d\u2019infrastructures de transport.<\/p>\n<p>Le responsable a assur\u00e9, \u00e0 cet effet, que la Banque est pr\u00eate \u00e0 contribuer au financement du projet d\u2019agrandissement de l\u2019a\u00e9roport Tunis-Carthage si les autorit\u00e9s tunisiennes en expriment le souhait.<\/p>\n<p>Pour rappel, le projet comprend la construction d&rsquo;un nouveau terminal a\u00e9rien d&rsquo;une superficie couverte d&rsquo;environ 80 000 m\u00e8tres carr\u00e9s et d&rsquo;une capacit\u00e9 estim\u00e9e \u00e0 8 millions de passagers par an, ce qui portera la capacit\u00e9 de l&rsquo;a\u00e9roport \u00e0 13 millions de passagers par an.<\/p>\n<p>Le projet comprend, \u00e9galement, le remplacement et l&rsquo;agrandissement du viaduc de l&rsquo;a\u00e9roport, la construction d&rsquo;une nouvelle tour de contr\u00f4le, la construction de la ligne de m\u00e9tro Lac de Tunis- Bhar Lazreg et la construction d&rsquo;une ligne ferroviaire \u00e0 grande vitesse reliant les a\u00e9roports de Tunis Carthage Enfidha-Hammamet.<\/p>\n<p>45 millions d\u2019euros au projet ELMED<\/p>\n<p>En ce qui concerne le projet ELMED, Jean-Luc Rev\u00e9reault le qualifie d\u2019initiative ambitieuse puisque visant \u00e0 \u00e9tablir une interconnexion \u00e9lectrique sous-marine de 600 MW entre la Tunisie et l\u2019Italie.<\/p>\n<p>Cette liaison s\u2019\u00e9tendra, poursuit-il, sur 200 km, l\u2019objectif \u00e9tant de faciliter les \u00e9changes d\u2019\u00e9lectricit\u00e9, tout en renfor\u00e7ant la coop\u00e9ration et la transition \u00e9nerg\u00e9tique dans la r\u00e9gion euro-m\u00e9diterran\u00e9enne.<\/p>\n<p>Ce projet a b\u00e9n\u00e9fici\u00e9, en 2023, d\u2019un financement de BEI Monde de 45 millions d\u2019euros, il b\u00e9n\u00e9ficie, en outre, d\u2019une subvention de 307 millions d\u2019euros de l\u2019UE.<\/p>\n<p>Le Chef de la repr\u00e9sentation r\u00e9gionale de la BEI a pr\u00e9cis\u00e9 que le co\u00fbt de l\u2019interconnexion \u00e9lectrique entre la Tunisie et l\u2019Italie s\u2019\u00e9l\u00e8ve \u00e0 1 milliard d\u2019euros, un projet qui est cofinanc\u00e9 par la BERD, la BM et Kfw.<\/p>\n<p>Sign\u00e9, le 30 d\u00e9cembre 2023, entre la STEG (emprunteur) &#8211; avec garantie du minist\u00e8re de l\u2019Economie et de la Planification &#8211; et les banques suscit\u00e9es, le contrat de financement stipule que le d\u00e9caissement se fait au fur et \u00e0 mesure de l\u2019avancement du projet.<\/p>\n<p>D\u2019apr\u00e8s les dires du repr\u00e9sentant de la BEI, le c\u00e2ble \u00e9lectrique devra \u00eatre op\u00e9rationnel en 2026 et permettra \u00e0 la STEG d\u2019acheter moins cher l\u2019\u00e9lectricit\u00e9 en provenance de l\u2019Europe.<\/p>\n<p>Ceci \u00e9tant dit, question horizons, notre compagnie nationale devrait voir plus clair dans deux ans.<\/p>\n<p>Chahir CHAKROUN<\/p>\n<p>(Article publi\u00e9 dans Tunis-Hebdo du 19\/02\/2024)<\/p>\n","protected":false},"excerpt":{"rendered":"<p>La BEI a r\u00e9it\u00e9r\u00e9 son int\u00e9r\u00eat pour les projets environnementaux comme l\u2019approvisionnement en eau, la production et le transport de l\u2019\u00e9lectricit\u00e9, ainsi que les p&#8230;<\/p>\n","protected":false},"author":3169,"featured_media":290260,"comment_status":"open","ping_status":"closed","sticky":false,"template":"","format":"standard","meta":{"footnotes":""},"categories":[44],"tags":[10014,2885,2883,2660,2608],"class_list":["post-212423","post","type-post","status-publish","format-standard","has-post-thumbnail","hentry","category-national","tag-cable-electrique","tag-banque-europeenne-dinvestissement","tag-bei","tag-italie","tag-tunisie"],"yoast_head":"<!-- This site is optimized with the Yoast SEO Premium plugin v27.4 (Yoast SEO v27.5) - https:\/\/yoast.com\/product\/yoast-seo-premium-wordpress\/ -->\n<title>Le c\u00e2ble \u00e9lectrique entre la Tunisie et l\u2019Italie op\u00e9rationnel en 2026<\/title>\n<meta name=\"description\" content=\"La BEI a r\u00e9it\u00e9r\u00e9 son int\u00e9r\u00eat pour les projets environnementaux comme l\u2019approvisionnement en eau, la production et le transport de l\u2019\u00e9lectricit\u00e9, ainsi que les p...\" \/>\n<link rel=\"canonical\" href=\"https:\/\/www.webdo.tn\/fr\/actualite\/national\/le-cable-electrique-entre-la-tunisie-et-l-italie-operationnel-en-2026\/212423\/\" \/>\n<meta property=\"og:locale\" content=\"fr_FR\" \/>\n<meta property=\"og:type\" content=\"article\" \/>\n<meta property=\"og:title\" content=\"Le c\u00e2ble \u00e9lectrique entre la Tunisie et l\u2019Italie op\u00e9rationnel en 2026\" \/>\n<meta property=\"og:description\" content=\"La BEI a r\u00e9it\u00e9r\u00e9 son int\u00e9r\u00eat pour les projets environnementaux comme l\u2019approvisionnement en eau, la production et le transport de l\u2019\u00e9lectricit\u00e9, ainsi que les p...\" \/>\n<meta property=\"og:url\" content=\"https:\/\/www.webdo.tn\/fr\/actualite\/national\/le-cable-electrique-entre-la-tunisie-et-l-italie-operationnel-en-2026\/212423\/\" \/>\n<meta property=\"og:site_name\" content=\"webdo\" \/>\n<meta property=\"article:publisher\" content=\"https:\/\/www.facebook.com\/webdotn\" \/>\n<meta property=\"article:published_time\" content=\"2024-02-20T10:08:00+00:00\" \/>\n<meta property=\"article:modified_time\" content=\"2025-05-20T22:33:30+00:00\" \/>\n<meta property=\"og:image\" content=\"https:\/\/www.webdo.tn\/fr\/wp-content\/uploads\/2024\/02\/44fea2958f9db36b6fdf96db12adddb0.jpg\" \/>\n\t<meta property=\"og:image:width\" content=\"510\" \/>\n\t<meta property=\"og:image:height\" content=\"272\" \/>\n\t<meta property=\"og:image:type\" content=\"image\/jpeg\" \/>\n<meta name=\"author\" content=\"Webdo\" \/>\n<meta name=\"twitter:card\" content=\"summary_large_image\" \/>\n<meta name=\"twitter:creator\" content=\"@webdo_tn\" \/>\n<meta name=\"twitter:site\" content=\"@webdo_tn\" \/>\n<meta name=\"twitter:label1\" content=\"\u00c9crit par\" \/>\n\t<meta name=\"twitter:data1\" content=\"Webdo\" \/>\n\t<meta name=\"twitter:label2\" content=\"Dur\u00e9e de lecture estim\u00e9e\" \/>\n\t<meta name=\"twitter:data2\" content=\"4 minutes\" \/>\n<script type=\"application\/ld+json\" class=\"yoast-schema-graph\">{\"@context\":\"https:\\\/\\\/schema.org\",\"@graph\":[{\"@type\":\"NewsArticle\",\"@id\":\"https:\\\/\\\/www.webdo.tn\\\/fr\\\/actualite\\\/national\\\/le-cable-electrique-entre-la-tunisie-et-l-italie-operationnel-en-2026\\\/212423\\\/#article\",\"isPartOf\":{\"@id\":\"https:\\\/\\\/www.webdo.tn\\\/fr\\\/actualite\\\/national\\\/le-cable-electrique-entre-la-tunisie-et-l-italie-operationnel-en-2026\\\/212423\\\/\"},\"author\":{\"name\":\"Webdo\",\"@id\":\"https:\\\/\\\/www.webdo.tn\\\/fr\\\/#\\\/schema\\\/person\\\/1f4e491e0907b413d61089e8eb573acc\"},\"headline\":\"Le c\u00e2ble \u00e9lectrique entre la Tunisie et l\u2019Italie op\u00e9rationnel en 2026\",\"datePublished\":\"2024-02-20T10:08:00+00:00\",\"dateModified\":\"2025-05-20T22:33:30+00:00\",\"mainEntityOfPage\":{\"@id\":\"https:\\\/\\\/www.webdo.tn\\\/fr\\\/actualite\\\/national\\\/le-cable-electrique-entre-la-tunisie-et-l-italie-operationnel-en-2026\\\/212423\\\/\"},\"wordCount\":796,\"commentCount\":0,\"publisher\":{\"@id\":\"https:\\\/\\\/www.webdo.tn\\\/fr\\\/#organization\"},\"image\":{\"@id\":\"https:\\\/\\\/www.webdo.tn\\\/fr\\\/actualite\\\/national\\\/le-cable-electrique-entre-la-tunisie-et-l-italie-operationnel-en-2026\\\/212423\\\/#primaryimage\"},\"thumbnailUrl\":\"https:\\\/\\\/www.webdo.tn\\\/fr\\\/wp-content\\\/uploads\\\/2024\\\/02\\\/44fea2958f9db36b6fdf96db12adddb0.jpg\",\"keywords\":[\"'c\u00e2ble \u00e9lectrique'\",\"Banque Europ\u00e9enne d\u2019Investissement\",\"BEI\",\"Italie\",\"Tunisie\"],\"articleSection\":[\"National\"],\"inLanguage\":\"fr-FR\"},{\"@type\":\"WebPage\",\"@id\":\"https:\\\/\\\/www.webdo.tn\\\/fr\\\/actualite\\\/national\\\/le-cable-electrique-entre-la-tunisie-et-l-italie-operationnel-en-2026\\\/212423\\\/\",\"url\":\"https:\\\/\\\/www.webdo.tn\\\/fr\\\/actualite\\\/national\\\/le-cable-electrique-entre-la-tunisie-et-l-italie-operationnel-en-2026\\\/212423\\\/\",\"name\":\"Le c\u00e2ble \u00e9lectrique entre la Tunisie et l\u2019Italie op\u00e9rationnel en 2026\",\"isPartOf\":{\"@id\":\"https:\\\/\\\/www.webdo.tn\\\/fr\\\/#website\"},\"primaryImageOfPage\":{\"@id\":\"https:\\\/\\\/www.webdo.tn\\\/fr\\\/actualite\\\/national\\\/le-cable-electrique-entre-la-tunisie-et-l-italie-operationnel-en-2026\\\/212423\\\/#primaryimage\"},\"image\":{\"@id\":\"https:\\\/\\\/www.webdo.tn\\\/fr\\\/actualite\\\/national\\\/le-cable-electrique-entre-la-tunisie-et-l-italie-operationnel-en-2026\\\/212423\\\/#primaryimage\"},\"thumbnailUrl\":\"https:\\\/\\\/www.webdo.tn\\\/fr\\\/wp-content\\\/uploads\\\/2024\\\/02\\\/44fea2958f9db36b6fdf96db12adddb0.jpg\",\"datePublished\":\"2024-02-20T10:08:00+00:00\",\"dateModified\":\"2025-05-20T22:33:30+00:00\",\"description\":\"La BEI a r\u00e9it\u00e9r\u00e9 son int\u00e9r\u00eat pour les projets environnementaux comme l\u2019approvisionnement en eau, la production et le transport de l\u2019\u00e9lectricit\u00e9, ainsi que les p...\",\"breadcrumb\":{\"@id\":\"https:\\\/\\\/www.webdo.tn\\\/fr\\\/actualite\\\/national\\\/le-cable-electrique-entre-la-tunisie-et-l-italie-operationnel-en-2026\\\/212423\\\/#breadcrumb\"},\"inLanguage\":\"fr-FR\",\"potentialAction\":[{\"@type\":\"ReadAction\",\"target\":[\"https:\\\/\\\/www.webdo.tn\\\/fr\\\/actualite\\\/national\\\/le-cable-electrique-entre-la-tunisie-et-l-italie-operationnel-en-2026\\\/212423\\\/\"]}]},{\"@type\":\"ImageObject\",\"inLanguage\":\"fr-FR\",\"@id\":\"https:\\\/\\\/www.webdo.tn\\\/fr\\\/actualite\\\/national\\\/le-cable-electrique-entre-la-tunisie-et-l-italie-operationnel-en-2026\\\/212423\\\/#primaryimage\",\"url\":\"https:\\\/\\\/www.webdo.tn\\\/fr\\\/wp-content\\\/uploads\\\/2024\\\/02\\\/44fea2958f9db36b6fdf96db12adddb0.jpg\",\"contentUrl\":\"https:\\\/\\\/www.webdo.tn\\\/fr\\\/wp-content\\\/uploads\\\/2024\\\/02\\\/44fea2958f9db36b6fdf96db12adddb0.jpg\",\"width\":510,\"height\":272,\"caption\":\"Le c\u00e2ble \u00e9lectrique entre la Tunisie et l\u2019Italie op\u00e9rationnel en 2026\"},{\"@type\":\"BreadcrumbList\",\"@id\":\"https:\\\/\\\/www.webdo.tn\\\/fr\\\/actualite\\\/national\\\/le-cable-electrique-entre-la-tunisie-et-l-italie-operationnel-en-2026\\\/212423\\\/#breadcrumb\",\"itemListElement\":[{\"@type\":\"ListItem\",\"position\":1,\"name\":\"Accueil\",\"item\":\"https:\\\/\\\/www.webdo.tn\\\/fr\\\/\"},{\"@type\":\"ListItem\",\"position\":2,\"name\":\"Le c\u00e2ble \u00e9lectrique entre la Tunisie et l\u2019Italie op\u00e9rationnel en 2026\"}]},{\"@type\":\"WebSite\",\"@id\":\"https:\\\/\\\/www.webdo.tn\\\/fr\\\/#website\",\"url\":\"https:\\\/\\\/www.webdo.tn\\\/fr\\\/\",\"name\":\"webdo\",\"description\":\"Tunisie - News en Tunisie et \u00e0 l&#039;international sur Webdo.tn\",\"publisher\":{\"@id\":\"https:\\\/\\\/www.webdo.tn\\\/fr\\\/#organization\"},\"potentialAction\":[{\"@type\":\"SearchAction\",\"target\":{\"@type\":\"EntryPoint\",\"urlTemplate\":\"https:\\\/\\\/www.webdo.tn\\\/fr\\\/?s={search_term_string}\"},\"query-input\":{\"@type\":\"PropertyValueSpecification\",\"valueRequired\":true,\"valueName\":\"search_term_string\"}}],\"inLanguage\":\"fr-FR\"},{\"@type\":\"Organization\",\"@id\":\"https:\\\/\\\/www.webdo.tn\\\/fr\\\/#organization\",\"name\":\"Webdo\",\"alternateName\":\"Webdo.tn\",\"url\":\"https:\\\/\\\/www.webdo.tn\\\/fr\\\/\",\"logo\":{\"@type\":\"ImageObject\",\"inLanguage\":\"fr-FR\",\"@id\":\"https:\\\/\\\/www.webdo.tn\\\/fr\\\/#\\\/schema\\\/logo\\\/image\\\/\",\"url\":\"https:\\\/\\\/www.webdo.tn\\\/fr\\\/wp-content\\\/uploads\\\/2025\\\/06\\\/Webdo-Tunisie_168377.jpg\",\"contentUrl\":\"https:\\\/\\\/www.webdo.tn\\\/fr\\\/wp-content\\\/uploads\\\/2025\\\/06\\\/Webdo-Tunisie_168377.jpg\",\"width\":301,\"height\":301,\"caption\":\"Webdo\"},\"image\":{\"@id\":\"https:\\\/\\\/www.webdo.tn\\\/fr\\\/#\\\/schema\\\/logo\\\/image\\\/\"},\"sameAs\":[\"https:\\\/\\\/www.facebook.com\\\/webdotn\",\"https:\\\/\\\/x.com\\\/webdo_tn\"],\"description\":\"Webdo est un m\u00e9dia num\u00e9rique tunisien fond\u00e9 en 2010, sp\u00e9cialis\u00e9 dans l\u2019actualit\u00e9 nationale et internationale, l\u2019\u00e9conomie, la soci\u00e9t\u00e9 et les analyses politiques. Le site s\u2019adresse \u00e0 un large public francophone et couvre l\u2019information tunisienne en temps r\u00e9el.\",\"email\":\"redac@webdo.tn\",\"legalName\":\"YNJ SARL\",\"foundingDate\":\"2010-09-06\",\"numberOfEmployees\":{\"@type\":\"QuantitativeValue\",\"minValue\":\"11\",\"maxValue\":\"50\"}},{\"@type\":\"Person\",\"@id\":\"https:\\\/\\\/www.webdo.tn\\\/fr\\\/#\\\/schema\\\/person\\\/1f4e491e0907b413d61089e8eb573acc\",\"name\":\"Webdo\",\"image\":{\"@type\":\"ImageObject\",\"inLanguage\":\"fr-FR\",\"@id\":\"https:\\\/\\\/secure.gravatar.com\\\/avatar\\\/de97aeec1bb80978a9dbb127e47dfc88aaacb2f3c29aac907d8d3222e3495d49?s=96&d=mm&r=g\",\"url\":\"https:\\\/\\\/secure.gravatar.com\\\/avatar\\\/de97aeec1bb80978a9dbb127e47dfc88aaacb2f3c29aac907d8d3222e3495d49?s=96&d=mm&r=g\",\"contentUrl\":\"https:\\\/\\\/secure.gravatar.com\\\/avatar\\\/de97aeec1bb80978a9dbb127e47dfc88aaacb2f3c29aac907d8d3222e3495d49?s=96&d=mm&r=g\",\"caption\":\"Webdo\"},\"url\":\"https:\\\/\\\/www.webdo.tn\\\/fr\\\/actualite\\\/author\\\/webdo\\\/\"}]}<\/script>\n<!-- \/ Yoast SEO Premium plugin. -->","yoast_head_json":{"title":"Le c\u00e2ble \u00e9lectrique entre la Tunisie et l\u2019Italie op\u00e9rationnel en 2026","description":"La BEI a r\u00e9it\u00e9r\u00e9 son int\u00e9r\u00eat pour les projets environnementaux comme l\u2019approvisionnement en eau, la production et le transport de l\u2019\u00e9lectricit\u00e9, ainsi que les p...","canonical":"https:\/\/www.webdo.tn\/fr\/actualite\/national\/le-cable-electrique-entre-la-tunisie-et-l-italie-operationnel-en-2026\/212423\/","og_locale":"fr_FR","og_type":"article","og_title":"Le c\u00e2ble \u00e9lectrique entre la Tunisie et l\u2019Italie op\u00e9rationnel en 2026","og_description":"La BEI a r\u00e9it\u00e9r\u00e9 son int\u00e9r\u00eat pour les projets environnementaux comme l\u2019approvisionnement en eau, la production et le transport de l\u2019\u00e9lectricit\u00e9, ainsi que les p...","og_url":"https:\/\/www.webdo.tn\/fr\/actualite\/national\/le-cable-electrique-entre-la-tunisie-et-l-italie-operationnel-en-2026\/212423\/","og_site_name":"webdo","article_publisher":"https:\/\/www.facebook.com\/webdotn","article_published_time":"2024-02-20T10:08:00+00:00","article_modified_time":"2025-05-20T22:33:30+00:00","og_image":[{"width":510,"height":272,"url":"https:\/\/www.webdo.tn\/fr\/wp-content\/uploads\/2024\/02\/44fea2958f9db36b6fdf96db12adddb0.jpg","type":"image\/jpeg"}],"author":"Webdo","twitter_card":"summary_large_image","twitter_creator":"@webdo_tn","twitter_site":"@webdo_tn","twitter_misc":{"\u00c9crit par":"Webdo","Dur\u00e9e de lecture estim\u00e9e":"4 minutes"},"schema":{"@context":"https:\/\/schema.org","@graph":[{"@type":"NewsArticle","@id":"https:\/\/www.webdo.tn\/fr\/actualite\/national\/le-cable-electrique-entre-la-tunisie-et-l-italie-operationnel-en-2026\/212423\/#article","isPartOf":{"@id":"https:\/\/www.webdo.tn\/fr\/actualite\/national\/le-cable-electrique-entre-la-tunisie-et-l-italie-operationnel-en-2026\/212423\/"},"author":{"name":"Webdo","@id":"https:\/\/www.webdo.tn\/fr\/#\/schema\/person\/1f4e491e0907b413d61089e8eb573acc"},"headline":"Le c\u00e2ble \u00e9lectrique entre la Tunisie et l\u2019Italie op\u00e9rationnel en 2026","datePublished":"2024-02-20T10:08:00+00:00","dateModified":"2025-05-20T22:33:30+00:00","mainEntityOfPage":{"@id":"https:\/\/www.webdo.tn\/fr\/actualite\/national\/le-cable-electrique-entre-la-tunisie-et-l-italie-operationnel-en-2026\/212423\/"},"wordCount":796,"commentCount":0,"publisher":{"@id":"https:\/\/www.webdo.tn\/fr\/#organization"},"image":{"@id":"https:\/\/www.webdo.tn\/fr\/actualite\/national\/le-cable-electrique-entre-la-tunisie-et-l-italie-operationnel-en-2026\/212423\/#primaryimage"},"thumbnailUrl":"https:\/\/www.webdo.tn\/fr\/wp-content\/uploads\/2024\/02\/44fea2958f9db36b6fdf96db12adddb0.jpg","keywords":["'c\u00e2ble \u00e9lectrique'","Banque Europ\u00e9enne d\u2019Investissement","BEI","Italie","Tunisie"],"articleSection":["National"],"inLanguage":"fr-FR"},{"@type":"WebPage","@id":"https:\/\/www.webdo.tn\/fr\/actualite\/national\/le-cable-electrique-entre-la-tunisie-et-l-italie-operationnel-en-2026\/212423\/","url":"https:\/\/www.webdo.tn\/fr\/actualite\/national\/le-cable-electrique-entre-la-tunisie-et-l-italie-operationnel-en-2026\/212423\/","name":"Le c\u00e2ble \u00e9lectrique entre la Tunisie et l\u2019Italie op\u00e9rationnel en 2026","isPartOf":{"@id":"https:\/\/www.webdo.tn\/fr\/#website"},"primaryImageOfPage":{"@id":"https:\/\/www.webdo.tn\/fr\/actualite\/national\/le-cable-electrique-entre-la-tunisie-et-l-italie-operationnel-en-2026\/212423\/#primaryimage"},"image":{"@id":"https:\/\/www.webdo.tn\/fr\/actualite\/national\/le-cable-electrique-entre-la-tunisie-et-l-italie-operationnel-en-2026\/212423\/#primaryimage"},"thumbnailUrl":"https:\/\/www.webdo.tn\/fr\/wp-content\/uploads\/2024\/02\/44fea2958f9db36b6fdf96db12adddb0.jpg","datePublished":"2024-02-20T10:08:00+00:00","dateModified":"2025-05-20T22:33:30+00:00","description":"La BEI a r\u00e9it\u00e9r\u00e9 son int\u00e9r\u00eat pour les projets environnementaux comme l\u2019approvisionnement en eau, la production et le transport de l\u2019\u00e9lectricit\u00e9, ainsi que les p...","breadcrumb":{"@id":"https:\/\/www.webdo.tn\/fr\/actualite\/national\/le-cable-electrique-entre-la-tunisie-et-l-italie-operationnel-en-2026\/212423\/#breadcrumb"},"inLanguage":"fr-FR","potentialAction":[{"@type":"ReadAction","target":["https:\/\/www.webdo.tn\/fr\/actualite\/national\/le-cable-electrique-entre-la-tunisie-et-l-italie-operationnel-en-2026\/212423\/"]}]},{"@type":"ImageObject","inLanguage":"fr-FR","@id":"https:\/\/www.webdo.tn\/fr\/actualite\/national\/le-cable-electrique-entre-la-tunisie-et-l-italie-operationnel-en-2026\/212423\/#primaryimage","url":"https:\/\/www.webdo.tn\/fr\/wp-content\/uploads\/2024\/02\/44fea2958f9db36b6fdf96db12adddb0.jpg","contentUrl":"https:\/\/www.webdo.tn\/fr\/wp-content\/uploads\/2024\/02\/44fea2958f9db36b6fdf96db12adddb0.jpg","width":510,"height":272,"caption":"Le c\u00e2ble \u00e9lectrique entre la Tunisie et l\u2019Italie op\u00e9rationnel en 2026"},{"@type":"BreadcrumbList","@id":"https:\/\/www.webdo.tn\/fr\/actualite\/national\/le-cable-electrique-entre-la-tunisie-et-l-italie-operationnel-en-2026\/212423\/#breadcrumb","itemListElement":[{"@type":"ListItem","position":1,"name":"Accueil","item":"https:\/\/www.webdo.tn\/fr\/"},{"@type":"ListItem","position":2,"name":"Le c\u00e2ble \u00e9lectrique entre la Tunisie et l\u2019Italie op\u00e9rationnel en 2026"}]},{"@type":"WebSite","@id":"https:\/\/www.webdo.tn\/fr\/#website","url":"https:\/\/www.webdo.tn\/fr\/","name":"webdo","description":"Tunisie - News en Tunisie et \u00e0 l&#039;international sur Webdo.tn","publisher":{"@id":"https:\/\/www.webdo.tn\/fr\/#organization"},"potentialAction":[{"@type":"SearchAction","target":{"@type":"EntryPoint","urlTemplate":"https:\/\/www.webdo.tn\/fr\/?s={search_term_string}"},"query-input":{"@type":"PropertyValueSpecification","valueRequired":true,"valueName":"search_term_string"}}],"inLanguage":"fr-FR"},{"@type":"Organization","@id":"https:\/\/www.webdo.tn\/fr\/#organization","name":"Webdo","alternateName":"Webdo.tn","url":"https:\/\/www.webdo.tn\/fr\/","logo":{"@type":"ImageObject","inLanguage":"fr-FR","@id":"https:\/\/www.webdo.tn\/fr\/#\/schema\/logo\/image\/","url":"https:\/\/www.webdo.tn\/fr\/wp-content\/uploads\/2025\/06\/Webdo-Tunisie_168377.jpg","contentUrl":"https:\/\/www.webdo.tn\/fr\/wp-content\/uploads\/2025\/06\/Webdo-Tunisie_168377.jpg","width":301,"height":301,"caption":"Webdo"},"image":{"@id":"https:\/\/www.webdo.tn\/fr\/#\/schema\/logo\/image\/"},"sameAs":["https:\/\/www.facebook.com\/webdotn","https:\/\/x.com\/webdo_tn"],"description":"Webdo est un m\u00e9dia num\u00e9rique tunisien fond\u00e9 en 2010, sp\u00e9cialis\u00e9 dans l\u2019actualit\u00e9 nationale et internationale, l\u2019\u00e9conomie, la soci\u00e9t\u00e9 et les analyses politiques. Le site s\u2019adresse \u00e0 un large public francophone et couvre l\u2019information tunisienne en temps r\u00e9el.","email":"redac@webdo.tn","legalName":"YNJ SARL","foundingDate":"2010-09-06","numberOfEmployees":{"@type":"QuantitativeValue","minValue":"11","maxValue":"50"}},{"@type":"Person","@id":"https:\/\/www.webdo.tn\/fr\/#\/schema\/person\/1f4e491e0907b413d61089e8eb573acc","name":"Webdo","image":{"@type":"ImageObject","inLanguage":"fr-FR","@id":"https:\/\/secure.gravatar.com\/avatar\/de97aeec1bb80978a9dbb127e47dfc88aaacb2f3c29aac907d8d3222e3495d49?s=96&d=mm&r=g","url":"https:\/\/secure.gravatar.com\/avatar\/de97aeec1bb80978a9dbb127e47dfc88aaacb2f3c29aac907d8d3222e3495d49?s=96&d=mm&r=g","contentUrl":"https:\/\/secure.gravatar.com\/avatar\/de97aeec1bb80978a9dbb127e47dfc88aaacb2f3c29aac907d8d3222e3495d49?s=96&d=mm&r=g","caption":"Webdo"},"url":"https:\/\/www.webdo.tn\/fr\/actualite\/author\/webdo\/"}]}},"_links":{"self":[{"href":"https:\/\/www.webdo.tn\/fr\/wp-json\/wp\/v2\/posts\/212423","targetHints":{"allow":["GET"]}}],"collection":[{"href":"https:\/\/www.webdo.tn\/fr\/wp-json\/wp\/v2\/posts"}],"about":[{"href":"https:\/\/www.webdo.tn\/fr\/wp-json\/wp\/v2\/types\/post"}],"author":[{"embeddable":true,"href":"https:\/\/www.webdo.tn\/fr\/wp-json\/wp\/v2\/users\/3169"}],"replies":[{"embeddable":true,"href":"https:\/\/www.webdo.tn\/fr\/wp-json\/wp\/v2\/comments?post=212423"}],"version-history":[{"count":0,"href":"https:\/\/www.webdo.tn\/fr\/wp-json\/wp\/v2\/posts\/212423\/revisions"}],"wp:featuredmedia":[{"embeddable":true,"href":"https:\/\/www.webdo.tn\/fr\/wp-json\/wp\/v2\/media\/290260"}],"wp:attachment":[{"href":"https:\/\/www.webdo.tn\/fr\/wp-json\/wp\/v2\/media?parent=212423"}],"wp:term":[{"taxonomy":"category","embeddable":true,"href":"https:\/\/www.webdo.tn\/fr\/wp-json\/wp\/v2\/categories?post=212423"},{"taxonomy":"post_tag","embeddable":true,"href":"https:\/\/www.webdo.tn\/fr\/wp-json\/wp\/v2\/tags?post=212423"}],"curies":[{"name":"wp","href":"https:\/\/api.w.org\/{rel}","templated":true}]}}