{"id":212417,"date":"2024-02-20T07:54:00","date_gmt":"2024-02-20T07:54:00","guid":{"rendered":"https:\/\/www.webdo.tn\/fr\/blog\/trois-enseignants-asphyxies-suite-a-une-explosion-dans-le-labo-du-lycee-de-khaznadar\/212417\/"},"modified":"2025-05-20T22:37:43","modified_gmt":"2025-05-20T22:37:43","slug":"trois-enseignants-asphyxies-suite-a-une-explosion-dans-le-labo-du-lycee-de-khaznadar","status":"publish","type":"post","link":"https:\/\/www.webdo.tn\/fr\/actualite\/divers\/trois-enseignants-asphyxies-suite-a-une-explosion-dans-le-labo-du-lycee-de-khaznadar\/212417\/","title":{"rendered":"Trois enseignants asphyxi\u00e9s suite \u00e0 une explosion dans le labo du lyc\u00e9e de Khaznadar"},"content":{"rendered":"<p>Trois enseignants du lyc\u00e9e de Khaznadar ont \u00e9t\u00e9 asphyxi\u00e9s apr\u00e8s avoir inhal\u00e9 des gaz r\u00e9sultant de l&rsquo;explosion de substances chimiques toxiques dans le laboratoire de l\u2019\u00e9tablissement \u00e9ducatif, hier lundi 19 f\u00e9vrier.<\/p>\n<p>\t\t\t\t\t\t\t\t\tSelon le secr\u00e9taire g\u00e9n\u00e9ral du syndicat principal de l&rsquo;enseignement secondaire au Bardo, ils ont \u00e9t\u00e9 transport\u00e9s \u00e0 l&rsquo;h\u00f4pital pour recevoir les soins n\u00e9cessaires.\u00a0<\/p>\n<p>La m\u00eame source a d\u00e9clar\u00e9 que ces substances sont dangereuses et que leur dur\u00e9e de validit\u00e9 a expir\u00e9. \u00ab Cette situation a \u00e9t\u00e9 signal\u00e9e aupr\u00e8s de la d\u00e9l\u00e9gation de l&rsquo;\u00e9ducation depuis 2013, et des correspondances ont \u00e9t\u00e9 envoy\u00e9es \u00e0 cet effet \u00bb.\u00a0<\/p>\n<p>S\u2019exprimant sur les ondes de Diwan FM, la m\u00eame source a ajout\u00e9 que les \u00e9missions r\u00e9sultant de l&rsquo;explosion de ces substances chimiques s\u2019aggravent, et une d\u00e9cision a \u00e9t\u00e9 prise de fermer les salles proches du laboratoire en attendant d&rsquo;autres d\u00e9cisions qui seront prises par l&rsquo;autorit\u00e9 de supervision.<\/p>\n","protected":false},"excerpt":{"rendered":"<p>Selon le secr\u00e9taire g\u00e9n\u00e9ral du syndicat principal de l&rsquo;enseignement secondaire au Bardo, ils ont \u00e9t\u00e9 transport\u00e9s \u00e0 l&rsquo;h\u00f4pital pour recevoir les soins n\u00e9cessaires&#8230;<\/p>\n","protected":false},"author":3175,"featured_media":247973,"comment_status":"open","ping_status":"closed","sticky":false,"template":"","format":"standard","meta":{"footnotes":""},"categories":[2839],"tags":[2869,6979,2870,2608],"class_list":["post-212417","post","type-post","status-publish","format-standard","has-post-thumbnail","hentry","category-divers","tag-explosion","tag-labo","tag-lycee","tag-tunisie"],"yoast_head":"<!-- This site is optimized with the Yoast SEO Premium plugin v27.4 (Yoast SEO v27.4) - https:\/\/yoast.com\/product\/yoast-seo-premium-wordpress\/ -->\n<title>Trois enseignants asphyxi\u00e9s suite \u00e0 une explosion dans le labo du lyc\u00e9e de Khaznadar<\/title>\n<meta name=\"description\" content=\"Selon le secr\u00e9taire g\u00e9n\u00e9ral du syndicat principal de l&#039;enseignement secondaire au Bardo, ils ont \u00e9t\u00e9 transport\u00e9s \u00e0 l&#039;h\u00f4pital pour recevoir les soins n\u00e9cessaires...\" \/>\n<link rel=\"canonical\" href=\"https:\/\/www.webdo.tn\/fr\/actualite\/divers\/trois-enseignants-asphyxies-suite-a-une-explosion-dans-le-labo-du-lycee-de-khaznadar\/212417\/\" \/>\n<meta property=\"og:locale\" content=\"fr_FR\" \/>\n<meta property=\"og:type\" content=\"article\" \/>\n<meta property=\"og:title\" content=\"Trois enseignants asphyxi\u00e9s suite \u00e0 une explosion dans le labo du lyc\u00e9e de Khaznadar\" \/>\n<meta property=\"og:description\" content=\"Selon le secr\u00e9taire g\u00e9n\u00e9ral du syndicat principal de l&#039;enseignement secondaire au Bardo, ils ont \u00e9t\u00e9 transport\u00e9s \u00e0 l&#039;h\u00f4pital pour recevoir les soins n\u00e9cessaires...\" \/>\n<meta property=\"og:url\" content=\"https:\/\/www.webdo.tn\/fr\/actualite\/divers\/trois-enseignants-asphyxies-suite-a-une-explosion-dans-le-labo-du-lycee-de-khaznadar\/212417\/\" \/>\n<meta property=\"og:site_name\" content=\"webdo\" \/>\n<meta property=\"article:publisher\" content=\"https:\/\/www.facebook.com\/webdotn\" \/>\n<meta property=\"article:published_time\" content=\"2024-02-20T07:54:00+00:00\" \/>\n<meta property=\"article:modified_time\" content=\"2025-05-20T22:37:43+00:00\" \/>\n<meta property=\"og:image\" content=\"https:\/\/www.webdo.tn\/fr\/wp-content\/uploads\/2024\/02\/b61d671f86096e101942a9b2f70c4409.jpeg\" \/>\n\t<meta property=\"og:image:width\" content=\"750\" \/>\n\t<meta property=\"og:image:height\" content=\"400\" \/>\n\t<meta property=\"og:image:type\" content=\"image\/jpeg\" \/>\n<meta name=\"author\" content=\"CL\" \/>\n<meta name=\"twitter:card\" content=\"summary_large_image\" \/>\n<meta name=\"twitter:creator\" content=\"@webdo_tn\" \/>\n<meta name=\"twitter:site\" content=\"@webdo_tn\" \/>\n<meta name=\"twitter:label1\" content=\"\u00c9crit par\" \/>\n\t<meta name=\"twitter:data1\" content=\"CL\" \/>\n\t<meta name=\"twitter:label2\" content=\"Dur\u00e9e de lecture estim\u00e9e\" \/>\n\t<meta name=\"twitter:data2\" content=\"1 minute\" \/>\n<script type=\"application\/ld+json\" class=\"yoast-schema-graph\">{\"@context\":\"https:\\\/\\\/schema.org\",\"@graph\":[{\"@type\":\"NewsArticle\",\"@id\":\"https:\\\/\\\/www.webdo.tn\\\/fr\\\/actualite\\\/divers\\\/trois-enseignants-asphyxies-suite-a-une-explosion-dans-le-labo-du-lycee-de-khaznadar\\\/212417\\\/#article\",\"isPartOf\":{\"@id\":\"https:\\\/\\\/www.webdo.tn\\\/fr\\\/actualite\\\/divers\\\/trois-enseignants-asphyxies-suite-a-une-explosion-dans-le-labo-du-lycee-de-khaznadar\\\/212417\\\/\"},\"author\":{\"name\":\"CL\",\"@id\":\"https:\\\/\\\/www.webdo.tn\\\/fr\\\/#\\\/schema\\\/person\\\/f35b42a42c5e2511bbd282959d6385cc\"},\"headline\":\"Trois enseignants asphyxi\u00e9s suite \u00e0 une explosion dans le labo du lyc\u00e9e de Khaznadar\",\"datePublished\":\"2024-02-20T07:54:00+00:00\",\"dateModified\":\"2025-05-20T22:37:43+00:00\",\"mainEntityOfPage\":{\"@id\":\"https:\\\/\\\/www.webdo.tn\\\/fr\\\/actualite\\\/divers\\\/trois-enseignants-asphyxies-suite-a-une-explosion-dans-le-labo-du-lycee-de-khaznadar\\\/212417\\\/\"},\"wordCount\":185,\"commentCount\":0,\"publisher\":{\"@id\":\"https:\\\/\\\/www.webdo.tn\\\/fr\\\/#organization\"},\"image\":{\"@id\":\"https:\\\/\\\/www.webdo.tn\\\/fr\\\/actualite\\\/divers\\\/trois-enseignants-asphyxies-suite-a-une-explosion-dans-le-labo-du-lycee-de-khaznadar\\\/212417\\\/#primaryimage\"},\"thumbnailUrl\":\"https:\\\/\\\/www.webdo.tn\\\/fr\\\/wp-content\\\/uploads\\\/2024\\\/02\\\/b61d671f86096e101942a9b2f70c4409.jpeg\",\"keywords\":[\"Explosion\",\"Labo\",\"lyc\u00e9e\",\"Tunisie\"],\"articleSection\":[\"Divers\"],\"inLanguage\":\"fr-FR\"},{\"@type\":\"WebPage\",\"@id\":\"https:\\\/\\\/www.webdo.tn\\\/fr\\\/actualite\\\/divers\\\/trois-enseignants-asphyxies-suite-a-une-explosion-dans-le-labo-du-lycee-de-khaznadar\\\/212417\\\/\",\"url\":\"https:\\\/\\\/www.webdo.tn\\\/fr\\\/actualite\\\/divers\\\/trois-enseignants-asphyxies-suite-a-une-explosion-dans-le-labo-du-lycee-de-khaznadar\\\/212417\\\/\",\"name\":\"Trois enseignants asphyxi\u00e9s suite \u00e0 une explosion dans le labo du lyc\u00e9e de Khaznadar\",\"isPartOf\":{\"@id\":\"https:\\\/\\\/www.webdo.tn\\\/fr\\\/#website\"},\"primaryImageOfPage\":{\"@id\":\"https:\\\/\\\/www.webdo.tn\\\/fr\\\/actualite\\\/divers\\\/trois-enseignants-asphyxies-suite-a-une-explosion-dans-le-labo-du-lycee-de-khaznadar\\\/212417\\\/#primaryimage\"},\"image\":{\"@id\":\"https:\\\/\\\/www.webdo.tn\\\/fr\\\/actualite\\\/divers\\\/trois-enseignants-asphyxies-suite-a-une-explosion-dans-le-labo-du-lycee-de-khaznadar\\\/212417\\\/#primaryimage\"},\"thumbnailUrl\":\"https:\\\/\\\/www.webdo.tn\\\/fr\\\/wp-content\\\/uploads\\\/2024\\\/02\\\/b61d671f86096e101942a9b2f70c4409.jpeg\",\"datePublished\":\"2024-02-20T07:54:00+00:00\",\"dateModified\":\"2025-05-20T22:37:43+00:00\",\"description\":\"Selon le secr\u00e9taire g\u00e9n\u00e9ral du syndicat principal de l'enseignement secondaire au Bardo, ils ont \u00e9t\u00e9 transport\u00e9s \u00e0 l'h\u00f4pital pour recevoir les soins n\u00e9cessaires...\",\"breadcrumb\":{\"@id\":\"https:\\\/\\\/www.webdo.tn\\\/fr\\\/actualite\\\/divers\\\/trois-enseignants-asphyxies-suite-a-une-explosion-dans-le-labo-du-lycee-de-khaznadar\\\/212417\\\/#breadcrumb\"},\"inLanguage\":\"fr-FR\",\"potentialAction\":[{\"@type\":\"ReadAction\",\"target\":[\"https:\\\/\\\/www.webdo.tn\\\/fr\\\/actualite\\\/divers\\\/trois-enseignants-asphyxies-suite-a-une-explosion-dans-le-labo-du-lycee-de-khaznadar\\\/212417\\\/\"]}]},{\"@type\":\"ImageObject\",\"inLanguage\":\"fr-FR\",\"@id\":\"https:\\\/\\\/www.webdo.tn\\\/fr\\\/actualite\\\/divers\\\/trois-enseignants-asphyxies-suite-a-une-explosion-dans-le-labo-du-lycee-de-khaznadar\\\/212417\\\/#primaryimage\",\"url\":\"https:\\\/\\\/www.webdo.tn\\\/fr\\\/wp-content\\\/uploads\\\/2024\\\/02\\\/b61d671f86096e101942a9b2f70c4409.jpeg\",\"contentUrl\":\"https:\\\/\\\/www.webdo.tn\\\/fr\\\/wp-content\\\/uploads\\\/2024\\\/02\\\/b61d671f86096e101942a9b2f70c4409.jpeg\",\"width\":750,\"height\":400,\"caption\":\"Trois enseignants asphyxi\u00e9s suite \u00e0 une explosion dans le labo du lyc\u00e9e de Khaznadar\"},{\"@type\":\"BreadcrumbList\",\"@id\":\"https:\\\/\\\/www.webdo.tn\\\/fr\\\/actualite\\\/divers\\\/trois-enseignants-asphyxies-suite-a-une-explosion-dans-le-labo-du-lycee-de-khaznadar\\\/212417\\\/#breadcrumb\",\"itemListElement\":[{\"@type\":\"ListItem\",\"position\":1,\"name\":\"Accueil\",\"item\":\"https:\\\/\\\/www.webdo.tn\\\/fr\\\/\"},{\"@type\":\"ListItem\",\"position\":2,\"name\":\"Trois enseignants asphyxi\u00e9s suite \u00e0 une explosion dans le labo du lyc\u00e9e de Khaznadar\"}]},{\"@type\":\"WebSite\",\"@id\":\"https:\\\/\\\/www.webdo.tn\\\/fr\\\/#website\",\"url\":\"https:\\\/\\\/www.webdo.tn\\\/fr\\\/\",\"name\":\"webdo\",\"description\":\"Tunisie - News en Tunisie et \u00e0 l&#039;international sur Webdo.tn\",\"publisher\":{\"@id\":\"https:\\\/\\\/www.webdo.tn\\\/fr\\\/#organization\"},\"potentialAction\":[{\"@type\":\"SearchAction\",\"target\":{\"@type\":\"EntryPoint\",\"urlTemplate\":\"https:\\\/\\\/www.webdo.tn\\\/fr\\\/?s={search_term_string}\"},\"query-input\":{\"@type\":\"PropertyValueSpecification\",\"valueRequired\":true,\"valueName\":\"search_term_string\"}}],\"inLanguage\":\"fr-FR\"},{\"@type\":\"Organization\",\"@id\":\"https:\\\/\\\/www.webdo.tn\\\/fr\\\/#organization\",\"name\":\"Webdo\",\"alternateName\":\"Webdo.tn\",\"url\":\"https:\\\/\\\/www.webdo.tn\\\/fr\\\/\",\"logo\":{\"@type\":\"ImageObject\",\"inLanguage\":\"fr-FR\",\"@id\":\"https:\\\/\\\/www.webdo.tn\\\/fr\\\/#\\\/schema\\\/logo\\\/image\\\/\",\"url\":\"https:\\\/\\\/www.webdo.tn\\\/fr\\\/wp-content\\\/uploads\\\/2025\\\/06\\\/Webdo-Tunisie_168377.jpg\",\"contentUrl\":\"https:\\\/\\\/www.webdo.tn\\\/fr\\\/wp-content\\\/uploads\\\/2025\\\/06\\\/Webdo-Tunisie_168377.jpg\",\"width\":301,\"height\":301,\"caption\":\"Webdo\"},\"image\":{\"@id\":\"https:\\\/\\\/www.webdo.tn\\\/fr\\\/#\\\/schema\\\/logo\\\/image\\\/\"},\"sameAs\":[\"https:\\\/\\\/www.facebook.com\\\/webdotn\",\"https:\\\/\\\/x.com\\\/webdo_tn\"],\"description\":\"Webdo est un m\u00e9dia num\u00e9rique tunisien fond\u00e9 en 2010, sp\u00e9cialis\u00e9 dans l\u2019actualit\u00e9 nationale et internationale, l\u2019\u00e9conomie, la soci\u00e9t\u00e9 et les analyses politiques. Le site s\u2019adresse \u00e0 un large public francophone et couvre l\u2019information tunisienne en temps r\u00e9el.\",\"email\":\"redac@webdo.tn\",\"legalName\":\"YNJ SARL\",\"foundingDate\":\"2010-09-06\",\"numberOfEmployees\":{\"@type\":\"QuantitativeValue\",\"minValue\":\"11\",\"maxValue\":\"50\"}},{\"@type\":\"Person\",\"@id\":\"https:\\\/\\\/www.webdo.tn\\\/fr\\\/#\\\/schema\\\/person\\\/f35b42a42c5e2511bbd282959d6385cc\",\"name\":\"CL\",\"image\":{\"@type\":\"ImageObject\",\"inLanguage\":\"fr-FR\",\"@id\":\"https:\\\/\\\/secure.gravatar.com\\\/avatar\\\/1447a49909b67aa657c488aec6512e1dd6143a480c1ecfee9b5b5cd74eb3b59e?s=96&d=mm&r=g\",\"url\":\"https:\\\/\\\/secure.gravatar.com\\\/avatar\\\/1447a49909b67aa657c488aec6512e1dd6143a480c1ecfee9b5b5cd74eb3b59e?s=96&d=mm&r=g\",\"contentUrl\":\"https:\\\/\\\/secure.gravatar.com\\\/avatar\\\/1447a49909b67aa657c488aec6512e1dd6143a480c1ecfee9b5b5cd74eb3b59e?s=96&d=mm&r=g\",\"caption\":\"CL\"},\"url\":\"https:\\\/\\\/www.webdo.tn\\\/fr\\\/actualite\\\/author\\\/cl\\\/\"}]}<\/script>\n<!-- \/ Yoast SEO Premium plugin. -->","yoast_head_json":{"title":"Trois enseignants asphyxi\u00e9s suite \u00e0 une explosion dans le labo du lyc\u00e9e de Khaznadar","description":"Selon le secr\u00e9taire g\u00e9n\u00e9ral du syndicat principal de l'enseignement secondaire au Bardo, ils ont \u00e9t\u00e9 transport\u00e9s \u00e0 l'h\u00f4pital pour recevoir les soins n\u00e9cessaires...","canonical":"https:\/\/www.webdo.tn\/fr\/actualite\/divers\/trois-enseignants-asphyxies-suite-a-une-explosion-dans-le-labo-du-lycee-de-khaznadar\/212417\/","og_locale":"fr_FR","og_type":"article","og_title":"Trois enseignants asphyxi\u00e9s suite \u00e0 une explosion dans le labo du lyc\u00e9e de Khaznadar","og_description":"Selon le secr\u00e9taire g\u00e9n\u00e9ral du syndicat principal de l'enseignement secondaire au Bardo, ils ont \u00e9t\u00e9 transport\u00e9s \u00e0 l'h\u00f4pital pour recevoir les soins n\u00e9cessaires...","og_url":"https:\/\/www.webdo.tn\/fr\/actualite\/divers\/trois-enseignants-asphyxies-suite-a-une-explosion-dans-le-labo-du-lycee-de-khaznadar\/212417\/","og_site_name":"webdo","article_publisher":"https:\/\/www.facebook.com\/webdotn","article_published_time":"2024-02-20T07:54:00+00:00","article_modified_time":"2025-05-20T22:37:43+00:00","og_image":[{"width":750,"height":400,"url":"https:\/\/www.webdo.tn\/fr\/wp-content\/uploads\/2024\/02\/b61d671f86096e101942a9b2f70c4409.jpeg","type":"image\/jpeg"}],"author":"CL","twitter_card":"summary_large_image","twitter_creator":"@webdo_tn","twitter_site":"@webdo_tn","twitter_misc":{"\u00c9crit par":"CL","Dur\u00e9e de lecture estim\u00e9e":"1 minute"},"schema":{"@context":"https:\/\/schema.org","@graph":[{"@type":"NewsArticle","@id":"https:\/\/www.webdo.tn\/fr\/actualite\/divers\/trois-enseignants-asphyxies-suite-a-une-explosion-dans-le-labo-du-lycee-de-khaznadar\/212417\/#article","isPartOf":{"@id":"https:\/\/www.webdo.tn\/fr\/actualite\/divers\/trois-enseignants-asphyxies-suite-a-une-explosion-dans-le-labo-du-lycee-de-khaznadar\/212417\/"},"author":{"name":"CL","@id":"https:\/\/www.webdo.tn\/fr\/#\/schema\/person\/f35b42a42c5e2511bbd282959d6385cc"},"headline":"Trois enseignants asphyxi\u00e9s suite \u00e0 une explosion dans le labo du lyc\u00e9e de Khaznadar","datePublished":"2024-02-20T07:54:00+00:00","dateModified":"2025-05-20T22:37:43+00:00","mainEntityOfPage":{"@id":"https:\/\/www.webdo.tn\/fr\/actualite\/divers\/trois-enseignants-asphyxies-suite-a-une-explosion-dans-le-labo-du-lycee-de-khaznadar\/212417\/"},"wordCount":185,"commentCount":0,"publisher":{"@id":"https:\/\/www.webdo.tn\/fr\/#organization"},"image":{"@id":"https:\/\/www.webdo.tn\/fr\/actualite\/divers\/trois-enseignants-asphyxies-suite-a-une-explosion-dans-le-labo-du-lycee-de-khaznadar\/212417\/#primaryimage"},"thumbnailUrl":"https:\/\/www.webdo.tn\/fr\/wp-content\/uploads\/2024\/02\/b61d671f86096e101942a9b2f70c4409.jpeg","keywords":["Explosion","Labo","lyc\u00e9e","Tunisie"],"articleSection":["Divers"],"inLanguage":"fr-FR"},{"@type":"WebPage","@id":"https:\/\/www.webdo.tn\/fr\/actualite\/divers\/trois-enseignants-asphyxies-suite-a-une-explosion-dans-le-labo-du-lycee-de-khaznadar\/212417\/","url":"https:\/\/www.webdo.tn\/fr\/actualite\/divers\/trois-enseignants-asphyxies-suite-a-une-explosion-dans-le-labo-du-lycee-de-khaznadar\/212417\/","name":"Trois enseignants asphyxi\u00e9s suite \u00e0 une explosion dans le labo du lyc\u00e9e de Khaznadar","isPartOf":{"@id":"https:\/\/www.webdo.tn\/fr\/#website"},"primaryImageOfPage":{"@id":"https:\/\/www.webdo.tn\/fr\/actualite\/divers\/trois-enseignants-asphyxies-suite-a-une-explosion-dans-le-labo-du-lycee-de-khaznadar\/212417\/#primaryimage"},"image":{"@id":"https:\/\/www.webdo.tn\/fr\/actualite\/divers\/trois-enseignants-asphyxies-suite-a-une-explosion-dans-le-labo-du-lycee-de-khaznadar\/212417\/#primaryimage"},"thumbnailUrl":"https:\/\/www.webdo.tn\/fr\/wp-content\/uploads\/2024\/02\/b61d671f86096e101942a9b2f70c4409.jpeg","datePublished":"2024-02-20T07:54:00+00:00","dateModified":"2025-05-20T22:37:43+00:00","description":"Selon le secr\u00e9taire g\u00e9n\u00e9ral du syndicat principal de l'enseignement secondaire au Bardo, ils ont \u00e9t\u00e9 transport\u00e9s \u00e0 l'h\u00f4pital pour recevoir les soins n\u00e9cessaires...","breadcrumb":{"@id":"https:\/\/www.webdo.tn\/fr\/actualite\/divers\/trois-enseignants-asphyxies-suite-a-une-explosion-dans-le-labo-du-lycee-de-khaznadar\/212417\/#breadcrumb"},"inLanguage":"fr-FR","potentialAction":[{"@type":"ReadAction","target":["https:\/\/www.webdo.tn\/fr\/actualite\/divers\/trois-enseignants-asphyxies-suite-a-une-explosion-dans-le-labo-du-lycee-de-khaznadar\/212417\/"]}]},{"@type":"ImageObject","inLanguage":"fr-FR","@id":"https:\/\/www.webdo.tn\/fr\/actualite\/divers\/trois-enseignants-asphyxies-suite-a-une-explosion-dans-le-labo-du-lycee-de-khaznadar\/212417\/#primaryimage","url":"https:\/\/www.webdo.tn\/fr\/wp-content\/uploads\/2024\/02\/b61d671f86096e101942a9b2f70c4409.jpeg","contentUrl":"https:\/\/www.webdo.tn\/fr\/wp-content\/uploads\/2024\/02\/b61d671f86096e101942a9b2f70c4409.jpeg","width":750,"height":400,"caption":"Trois enseignants asphyxi\u00e9s suite \u00e0 une explosion dans le labo du lyc\u00e9e de Khaznadar"},{"@type":"BreadcrumbList","@id":"https:\/\/www.webdo.tn\/fr\/actualite\/divers\/trois-enseignants-asphyxies-suite-a-une-explosion-dans-le-labo-du-lycee-de-khaznadar\/212417\/#breadcrumb","itemListElement":[{"@type":"ListItem","position":1,"name":"Accueil","item":"https:\/\/www.webdo.tn\/fr\/"},{"@type":"ListItem","position":2,"name":"Trois enseignants asphyxi\u00e9s suite \u00e0 une explosion dans le labo du lyc\u00e9e de Khaznadar"}]},{"@type":"WebSite","@id":"https:\/\/www.webdo.tn\/fr\/#website","url":"https:\/\/www.webdo.tn\/fr\/","name":"webdo","description":"Tunisie - News en Tunisie et \u00e0 l&#039;international sur Webdo.tn","publisher":{"@id":"https:\/\/www.webdo.tn\/fr\/#organization"},"potentialAction":[{"@type":"SearchAction","target":{"@type":"EntryPoint","urlTemplate":"https:\/\/www.webdo.tn\/fr\/?s={search_term_string}"},"query-input":{"@type":"PropertyValueSpecification","valueRequired":true,"valueName":"search_term_string"}}],"inLanguage":"fr-FR"},{"@type":"Organization","@id":"https:\/\/www.webdo.tn\/fr\/#organization","name":"Webdo","alternateName":"Webdo.tn","url":"https:\/\/www.webdo.tn\/fr\/","logo":{"@type":"ImageObject","inLanguage":"fr-FR","@id":"https:\/\/www.webdo.tn\/fr\/#\/schema\/logo\/image\/","url":"https:\/\/www.webdo.tn\/fr\/wp-content\/uploads\/2025\/06\/Webdo-Tunisie_168377.jpg","contentUrl":"https:\/\/www.webdo.tn\/fr\/wp-content\/uploads\/2025\/06\/Webdo-Tunisie_168377.jpg","width":301,"height":301,"caption":"Webdo"},"image":{"@id":"https:\/\/www.webdo.tn\/fr\/#\/schema\/logo\/image\/"},"sameAs":["https:\/\/www.facebook.com\/webdotn","https:\/\/x.com\/webdo_tn"],"description":"Webdo est un m\u00e9dia num\u00e9rique tunisien fond\u00e9 en 2010, sp\u00e9cialis\u00e9 dans l\u2019actualit\u00e9 nationale et internationale, l\u2019\u00e9conomie, la soci\u00e9t\u00e9 et les analyses politiques. Le site s\u2019adresse \u00e0 un large public francophone et couvre l\u2019information tunisienne en temps r\u00e9el.","email":"redac@webdo.tn","legalName":"YNJ SARL","foundingDate":"2010-09-06","numberOfEmployees":{"@type":"QuantitativeValue","minValue":"11","maxValue":"50"}},{"@type":"Person","@id":"https:\/\/www.webdo.tn\/fr\/#\/schema\/person\/f35b42a42c5e2511bbd282959d6385cc","name":"CL","image":{"@type":"ImageObject","inLanguage":"fr-FR","@id":"https:\/\/secure.gravatar.com\/avatar\/1447a49909b67aa657c488aec6512e1dd6143a480c1ecfee9b5b5cd74eb3b59e?s=96&d=mm&r=g","url":"https:\/\/secure.gravatar.com\/avatar\/1447a49909b67aa657c488aec6512e1dd6143a480c1ecfee9b5b5cd74eb3b59e?s=96&d=mm&r=g","contentUrl":"https:\/\/secure.gravatar.com\/avatar\/1447a49909b67aa657c488aec6512e1dd6143a480c1ecfee9b5b5cd74eb3b59e?s=96&d=mm&r=g","caption":"CL"},"url":"https:\/\/www.webdo.tn\/fr\/actualite\/author\/cl\/"}]}},"_links":{"self":[{"href":"https:\/\/www.webdo.tn\/fr\/wp-json\/wp\/v2\/posts\/212417","targetHints":{"allow":["GET"]}}],"collection":[{"href":"https:\/\/www.webdo.tn\/fr\/wp-json\/wp\/v2\/posts"}],"about":[{"href":"https:\/\/www.webdo.tn\/fr\/wp-json\/wp\/v2\/types\/post"}],"author":[{"embeddable":true,"href":"https:\/\/www.webdo.tn\/fr\/wp-json\/wp\/v2\/users\/3175"}],"replies":[{"embeddable":true,"href":"https:\/\/www.webdo.tn\/fr\/wp-json\/wp\/v2\/comments?post=212417"}],"version-history":[{"count":0,"href":"https:\/\/www.webdo.tn\/fr\/wp-json\/wp\/v2\/posts\/212417\/revisions"}],"wp:featuredmedia":[{"embeddable":true,"href":"https:\/\/www.webdo.tn\/fr\/wp-json\/wp\/v2\/media\/247973"}],"wp:attachment":[{"href":"https:\/\/www.webdo.tn\/fr\/wp-json\/wp\/v2\/media?parent=212417"}],"wp:term":[{"taxonomy":"category","embeddable":true,"href":"https:\/\/www.webdo.tn\/fr\/wp-json\/wp\/v2\/categories?post=212417"},{"taxonomy":"post_tag","embeddable":true,"href":"https:\/\/www.webdo.tn\/fr\/wp-json\/wp\/v2\/tags?post=212417"}],"curies":[{"name":"wp","href":"https:\/\/api.w.org\/{rel}","templated":true}]}}