{"id":212413,"date":"2024-02-19T19:56:00","date_gmt":"2024-02-19T19:56:00","guid":{"rendered":"https:\/\/www.webdo.tn\/fr\/blog\/tunisie-la-cheffe-de-la-berd-chez-kais-saied\/212413\/"},"modified":"2025-05-20T22:37:42","modified_gmt":"2025-05-20T22:37:42","slug":"tunisie-la-cheffe-de-la-berd-chez-kais-saied","status":"publish","type":"post","link":"https:\/\/www.webdo.tn\/fr\/actualite\/national\/tunisie-la-cheffe-de-la-berd-chez-kais-saied\/212413\/","title":{"rendered":"Tunisie : La cheffe de la BERD chez Kais Saied"},"content":{"rendered":"<p>Le pr\u00e9sident de la R\u00e9publique, Ka\u00efs Sa\u00efed, a re\u00e7u ce lundi 19 f\u00e9vrier 2024 au palais de Carthage, Odile RENAUD-BASSO, la pr\u00e9sidente de la Banque europ\u00e9enne pour la reconstruction et le d\u00e9veloppement.<\/p>\n<p>Cette rencontre a \u00e9t\u00e9 l&rsquo;occasion de passer en revue l&rsquo;\u00e9volution des relations de coop\u00e9ration et de partenariat entre la Tunisie et la Banque europ\u00e9enne pour la reconstruction et le d\u00e9veloppement.\u00a0<\/p>\n<p>Le pr\u00e9sident de la R\u00e9publique a soulign\u00e9 l&rsquo;importance de renforcer davantage les m\u00e9canismes de consultation et de dialogue entre la Tunisie et la Banque en vue de financer des projets prometteurs dans notre pays, dans le cadre d&rsquo;une vision globale r\u00e9pondant aux choix souverains du peuple tunisien. Cela concerne notamment les secteurs des \u00e9nergies renouvelables, de l&rsquo;eau dessal\u00e9e, de la sant\u00e9, des infrastructures et des technologies modernes.<\/p>\n<p>Le pr\u00e9sident de la R\u00e9publique a insist\u00e9 \u00e9galement sur le soutien de l&rsquo;\u00c9tat \u00e0 l&rsquo;initiative priv\u00e9e et au secteur des entreprises, tout en soulignant son engagement \u00e0 soutenir les institutions et les installations publiques en tant qu&rsquo;\u00e9l\u00e9ments cl\u00e9s de l&rsquo;\u00e9conomie nationale et dans la protection des droits fondamentaux tels que la sant\u00e9, le transport, et autres.<\/p>\n<p>Le pr\u00e9sident de la R\u00e9publique a \u00e9galement \u00e9voqu\u00e9 l&rsquo;engagement de l&rsquo;\u00c9tat \u00e0 fournir les garanties l\u00e9gislatives et judiciaires n\u00e9cessaires, ainsi qu&rsquo;un environnement favorable, pour attirer les investissements \u00e9trangers et encourager les partenaires de la Tunisie \u00e0 financer davantage de projets diversifi\u00e9s contribuant \u00e0 am\u00e9liorer les taux de croissance et \u00e0 stimuler le d\u00e9veloppement.<\/p>\n<p>Pour sa part, la pr\u00e9sidente de la Banque europ\u00e9enne pour la reconstruction et le d\u00e9veloppement a pr\u00e9cis\u00e9 que la Banque est intervenue pour financer plusieurs projets en Tunisie pour un montant de 10 milliards d&rsquo;euros sur une p\u00e9riode de plus de dix ans, selon ses dires.<\/p>\n","protected":false},"excerpt":{"rendered":"<p>Cette rencontre a \u00e9t\u00e9 l&rsquo;occasion de passer en revue l&rsquo;\u00e9volution des relations de coop\u00e9ration et de partenariat entre la Tunisie et la Banque europ\u00e9enne pour la&#8230;<\/p>\n","protected":false},"author":3175,"featured_media":247972,"comment_status":"open","ping_status":"closed","sticky":false,"template":"","format":"standard","meta":{"footnotes":""},"categories":[44],"tags":[3856,2614,2608],"class_list":["post-212413","post","type-post","status-publish","format-standard","has-post-thumbnail","hentry","category-national","tag-berd","tag-kais-saied","tag-tunisie"],"yoast_head":"<!-- This site is optimized with the Yoast SEO Premium plugin v27.4 (Yoast SEO v27.5) - https:\/\/yoast.com\/product\/yoast-seo-premium-wordpress\/ -->\n<title>Tunisie : La cheffe de la BERD chez Kais Saied<\/title>\n<meta name=\"description\" content=\"Cette rencontre a \u00e9t\u00e9 l&#039;occasion de passer en revue l&#039;\u00e9volution des relations de coop\u00e9ration et de partenariat entre la Tunisie et la Banque europ\u00e9enne pour la...\" \/>\n<link rel=\"canonical\" href=\"https:\/\/www.webdo.tn\/fr\/actualite\/national\/tunisie-la-cheffe-de-la-berd-chez-kais-saied\/212413\/\" \/>\n<meta property=\"og:locale\" content=\"fr_FR\" \/>\n<meta property=\"og:type\" content=\"article\" \/>\n<meta property=\"og:title\" content=\"Tunisie : La cheffe de la BERD chez Kais Saied\" \/>\n<meta property=\"og:description\" content=\"Cette rencontre a \u00e9t\u00e9 l&#039;occasion de passer en revue l&#039;\u00e9volution des relations de coop\u00e9ration et de partenariat entre la Tunisie et la Banque europ\u00e9enne pour la...\" \/>\n<meta property=\"og:url\" content=\"https:\/\/www.webdo.tn\/fr\/actualite\/national\/tunisie-la-cheffe-de-la-berd-chez-kais-saied\/212413\/\" \/>\n<meta property=\"og:site_name\" content=\"webdo\" \/>\n<meta property=\"article:publisher\" content=\"https:\/\/www.facebook.com\/webdotn\" \/>\n<meta property=\"article:published_time\" content=\"2024-02-19T19:56:00+00:00\" \/>\n<meta property=\"article:modified_time\" content=\"2025-05-20T22:37:42+00:00\" \/>\n<meta property=\"og:image\" content=\"https:\/\/www.webdo.tn\/fr\/wp-content\/uploads\/2024\/02\/59956667a10736ddd2401d6b92303a5e.jpg\" \/>\n\t<meta property=\"og:image:width\" content=\"750\" \/>\n\t<meta property=\"og:image:height\" content=\"400\" \/>\n\t<meta property=\"og:image:type\" content=\"image\/jpeg\" \/>\n<meta name=\"author\" content=\"CL\" \/>\n<meta name=\"twitter:card\" content=\"summary_large_image\" \/>\n<meta name=\"twitter:creator\" content=\"@webdo_tn\" \/>\n<meta name=\"twitter:site\" content=\"@webdo_tn\" \/>\n<meta name=\"twitter:label1\" content=\"\u00c9crit par\" \/>\n\t<meta name=\"twitter:data1\" content=\"CL\" \/>\n\t<meta name=\"twitter:label2\" content=\"Dur\u00e9e de lecture estim\u00e9e\" \/>\n\t<meta name=\"twitter:data2\" content=\"2 minutes\" \/>\n<script type=\"application\/ld+json\" class=\"yoast-schema-graph\">{\"@context\":\"https:\\\/\\\/schema.org\",\"@graph\":[{\"@type\":\"NewsArticle\",\"@id\":\"https:\\\/\\\/www.webdo.tn\\\/fr\\\/actualite\\\/national\\\/tunisie-la-cheffe-de-la-berd-chez-kais-saied\\\/212413\\\/#article\",\"isPartOf\":{\"@id\":\"https:\\\/\\\/www.webdo.tn\\\/fr\\\/actualite\\\/national\\\/tunisie-la-cheffe-de-la-berd-chez-kais-saied\\\/212413\\\/\"},\"author\":{\"name\":\"CL\",\"@id\":\"https:\\\/\\\/www.webdo.tn\\\/fr\\\/#\\\/schema\\\/person\\\/f35b42a42c5e2511bbd282959d6385cc\"},\"headline\":\"Tunisie : La cheffe de la BERD chez Kais Saied\",\"datePublished\":\"2024-02-19T19:56:00+00:00\",\"dateModified\":\"2025-05-20T22:37:42+00:00\",\"mainEntityOfPage\":{\"@id\":\"https:\\\/\\\/www.webdo.tn\\\/fr\\\/actualite\\\/national\\\/tunisie-la-cheffe-de-la-berd-chez-kais-saied\\\/212413\\\/\"},\"wordCount\":331,\"commentCount\":0,\"publisher\":{\"@id\":\"https:\\\/\\\/www.webdo.tn\\\/fr\\\/#organization\"},\"image\":{\"@id\":\"https:\\\/\\\/www.webdo.tn\\\/fr\\\/actualite\\\/national\\\/tunisie-la-cheffe-de-la-berd-chez-kais-saied\\\/212413\\\/#primaryimage\"},\"thumbnailUrl\":\"https:\\\/\\\/www.webdo.tn\\\/fr\\\/wp-content\\\/uploads\\\/2024\\\/02\\\/59956667a10736ddd2401d6b92303a5e.jpg\",\"keywords\":[\"BERD\",\"Kais Saied\",\"Tunisie\"],\"articleSection\":[\"National\"],\"inLanguage\":\"fr-FR\"},{\"@type\":\"WebPage\",\"@id\":\"https:\\\/\\\/www.webdo.tn\\\/fr\\\/actualite\\\/national\\\/tunisie-la-cheffe-de-la-berd-chez-kais-saied\\\/212413\\\/\",\"url\":\"https:\\\/\\\/www.webdo.tn\\\/fr\\\/actualite\\\/national\\\/tunisie-la-cheffe-de-la-berd-chez-kais-saied\\\/212413\\\/\",\"name\":\"Tunisie : La cheffe de la BERD chez Kais Saied\",\"isPartOf\":{\"@id\":\"https:\\\/\\\/www.webdo.tn\\\/fr\\\/#website\"},\"primaryImageOfPage\":{\"@id\":\"https:\\\/\\\/www.webdo.tn\\\/fr\\\/actualite\\\/national\\\/tunisie-la-cheffe-de-la-berd-chez-kais-saied\\\/212413\\\/#primaryimage\"},\"image\":{\"@id\":\"https:\\\/\\\/www.webdo.tn\\\/fr\\\/actualite\\\/national\\\/tunisie-la-cheffe-de-la-berd-chez-kais-saied\\\/212413\\\/#primaryimage\"},\"thumbnailUrl\":\"https:\\\/\\\/www.webdo.tn\\\/fr\\\/wp-content\\\/uploads\\\/2024\\\/02\\\/59956667a10736ddd2401d6b92303a5e.jpg\",\"datePublished\":\"2024-02-19T19:56:00+00:00\",\"dateModified\":\"2025-05-20T22:37:42+00:00\",\"description\":\"Cette rencontre a \u00e9t\u00e9 l'occasion de passer en revue l'\u00e9volution des relations de coop\u00e9ration et de partenariat entre la Tunisie et la Banque europ\u00e9enne pour la...\",\"breadcrumb\":{\"@id\":\"https:\\\/\\\/www.webdo.tn\\\/fr\\\/actualite\\\/national\\\/tunisie-la-cheffe-de-la-berd-chez-kais-saied\\\/212413\\\/#breadcrumb\"},\"inLanguage\":\"fr-FR\",\"potentialAction\":[{\"@type\":\"ReadAction\",\"target\":[\"https:\\\/\\\/www.webdo.tn\\\/fr\\\/actualite\\\/national\\\/tunisie-la-cheffe-de-la-berd-chez-kais-saied\\\/212413\\\/\"]}]},{\"@type\":\"ImageObject\",\"inLanguage\":\"fr-FR\",\"@id\":\"https:\\\/\\\/www.webdo.tn\\\/fr\\\/actualite\\\/national\\\/tunisie-la-cheffe-de-la-berd-chez-kais-saied\\\/212413\\\/#primaryimage\",\"url\":\"https:\\\/\\\/www.webdo.tn\\\/fr\\\/wp-content\\\/uploads\\\/2024\\\/02\\\/59956667a10736ddd2401d6b92303a5e.jpg\",\"contentUrl\":\"https:\\\/\\\/www.webdo.tn\\\/fr\\\/wp-content\\\/uploads\\\/2024\\\/02\\\/59956667a10736ddd2401d6b92303a5e.jpg\",\"width\":750,\"height\":400,\"caption\":\"Tunisie : La cheffe de la BERD chez Kais Saied\"},{\"@type\":\"BreadcrumbList\",\"@id\":\"https:\\\/\\\/www.webdo.tn\\\/fr\\\/actualite\\\/national\\\/tunisie-la-cheffe-de-la-berd-chez-kais-saied\\\/212413\\\/#breadcrumb\",\"itemListElement\":[{\"@type\":\"ListItem\",\"position\":1,\"name\":\"Accueil\",\"item\":\"https:\\\/\\\/www.webdo.tn\\\/fr\\\/\"},{\"@type\":\"ListItem\",\"position\":2,\"name\":\"Tunisie : La cheffe de la BERD chez Kais Saied\"}]},{\"@type\":\"WebSite\",\"@id\":\"https:\\\/\\\/www.webdo.tn\\\/fr\\\/#website\",\"url\":\"https:\\\/\\\/www.webdo.tn\\\/fr\\\/\",\"name\":\"webdo\",\"description\":\"Tunisie - News en Tunisie et \u00e0 l&#039;international sur Webdo.tn\",\"publisher\":{\"@id\":\"https:\\\/\\\/www.webdo.tn\\\/fr\\\/#organization\"},\"potentialAction\":[{\"@type\":\"SearchAction\",\"target\":{\"@type\":\"EntryPoint\",\"urlTemplate\":\"https:\\\/\\\/www.webdo.tn\\\/fr\\\/?s={search_term_string}\"},\"query-input\":{\"@type\":\"PropertyValueSpecification\",\"valueRequired\":true,\"valueName\":\"search_term_string\"}}],\"inLanguage\":\"fr-FR\"},{\"@type\":\"Organization\",\"@id\":\"https:\\\/\\\/www.webdo.tn\\\/fr\\\/#organization\",\"name\":\"Webdo\",\"alternateName\":\"Webdo.tn\",\"url\":\"https:\\\/\\\/www.webdo.tn\\\/fr\\\/\",\"logo\":{\"@type\":\"ImageObject\",\"inLanguage\":\"fr-FR\",\"@id\":\"https:\\\/\\\/www.webdo.tn\\\/fr\\\/#\\\/schema\\\/logo\\\/image\\\/\",\"url\":\"https:\\\/\\\/www.webdo.tn\\\/fr\\\/wp-content\\\/uploads\\\/2025\\\/06\\\/Webdo-Tunisie_168377.jpg\",\"contentUrl\":\"https:\\\/\\\/www.webdo.tn\\\/fr\\\/wp-content\\\/uploads\\\/2025\\\/06\\\/Webdo-Tunisie_168377.jpg\",\"width\":301,\"height\":301,\"caption\":\"Webdo\"},\"image\":{\"@id\":\"https:\\\/\\\/www.webdo.tn\\\/fr\\\/#\\\/schema\\\/logo\\\/image\\\/\"},\"sameAs\":[\"https:\\\/\\\/www.facebook.com\\\/webdotn\",\"https:\\\/\\\/x.com\\\/webdo_tn\"],\"description\":\"Webdo est un m\u00e9dia num\u00e9rique tunisien fond\u00e9 en 2010, sp\u00e9cialis\u00e9 dans l\u2019actualit\u00e9 nationale et internationale, l\u2019\u00e9conomie, la soci\u00e9t\u00e9 et les analyses politiques. Le site s\u2019adresse \u00e0 un large public francophone et couvre l\u2019information tunisienne en temps r\u00e9el.\",\"email\":\"redac@webdo.tn\",\"legalName\":\"YNJ SARL\",\"foundingDate\":\"2010-09-06\",\"numberOfEmployees\":{\"@type\":\"QuantitativeValue\",\"minValue\":\"11\",\"maxValue\":\"50\"}},{\"@type\":\"Person\",\"@id\":\"https:\\\/\\\/www.webdo.tn\\\/fr\\\/#\\\/schema\\\/person\\\/f35b42a42c5e2511bbd282959d6385cc\",\"name\":\"CL\",\"image\":{\"@type\":\"ImageObject\",\"inLanguage\":\"fr-FR\",\"@id\":\"https:\\\/\\\/secure.gravatar.com\\\/avatar\\\/1447a49909b67aa657c488aec6512e1dd6143a480c1ecfee9b5b5cd74eb3b59e?s=96&d=mm&r=g\",\"url\":\"https:\\\/\\\/secure.gravatar.com\\\/avatar\\\/1447a49909b67aa657c488aec6512e1dd6143a480c1ecfee9b5b5cd74eb3b59e?s=96&d=mm&r=g\",\"contentUrl\":\"https:\\\/\\\/secure.gravatar.com\\\/avatar\\\/1447a49909b67aa657c488aec6512e1dd6143a480c1ecfee9b5b5cd74eb3b59e?s=96&d=mm&r=g\",\"caption\":\"CL\"},\"url\":\"https:\\\/\\\/www.webdo.tn\\\/fr\\\/actualite\\\/author\\\/cl\\\/\"}]}<\/script>\n<!-- \/ Yoast SEO Premium plugin. -->","yoast_head_json":{"title":"Tunisie : La cheffe de la BERD chez Kais Saied","description":"Cette rencontre a \u00e9t\u00e9 l'occasion de passer en revue l'\u00e9volution des relations de coop\u00e9ration et de partenariat entre la Tunisie et la Banque europ\u00e9enne pour la...","canonical":"https:\/\/www.webdo.tn\/fr\/actualite\/national\/tunisie-la-cheffe-de-la-berd-chez-kais-saied\/212413\/","og_locale":"fr_FR","og_type":"article","og_title":"Tunisie : La cheffe de la BERD chez Kais Saied","og_description":"Cette rencontre a \u00e9t\u00e9 l'occasion de passer en revue l'\u00e9volution des relations de coop\u00e9ration et de partenariat entre la Tunisie et la Banque europ\u00e9enne pour la...","og_url":"https:\/\/www.webdo.tn\/fr\/actualite\/national\/tunisie-la-cheffe-de-la-berd-chez-kais-saied\/212413\/","og_site_name":"webdo","article_publisher":"https:\/\/www.facebook.com\/webdotn","article_published_time":"2024-02-19T19:56:00+00:00","article_modified_time":"2025-05-20T22:37:42+00:00","og_image":[{"width":750,"height":400,"url":"https:\/\/www.webdo.tn\/fr\/wp-content\/uploads\/2024\/02\/59956667a10736ddd2401d6b92303a5e.jpg","type":"image\/jpeg"}],"author":"CL","twitter_card":"summary_large_image","twitter_creator":"@webdo_tn","twitter_site":"@webdo_tn","twitter_misc":{"\u00c9crit par":"CL","Dur\u00e9e de lecture estim\u00e9e":"2 minutes"},"schema":{"@context":"https:\/\/schema.org","@graph":[{"@type":"NewsArticle","@id":"https:\/\/www.webdo.tn\/fr\/actualite\/national\/tunisie-la-cheffe-de-la-berd-chez-kais-saied\/212413\/#article","isPartOf":{"@id":"https:\/\/www.webdo.tn\/fr\/actualite\/national\/tunisie-la-cheffe-de-la-berd-chez-kais-saied\/212413\/"},"author":{"name":"CL","@id":"https:\/\/www.webdo.tn\/fr\/#\/schema\/person\/f35b42a42c5e2511bbd282959d6385cc"},"headline":"Tunisie : La cheffe de la BERD chez Kais Saied","datePublished":"2024-02-19T19:56:00+00:00","dateModified":"2025-05-20T22:37:42+00:00","mainEntityOfPage":{"@id":"https:\/\/www.webdo.tn\/fr\/actualite\/national\/tunisie-la-cheffe-de-la-berd-chez-kais-saied\/212413\/"},"wordCount":331,"commentCount":0,"publisher":{"@id":"https:\/\/www.webdo.tn\/fr\/#organization"},"image":{"@id":"https:\/\/www.webdo.tn\/fr\/actualite\/national\/tunisie-la-cheffe-de-la-berd-chez-kais-saied\/212413\/#primaryimage"},"thumbnailUrl":"https:\/\/www.webdo.tn\/fr\/wp-content\/uploads\/2024\/02\/59956667a10736ddd2401d6b92303a5e.jpg","keywords":["BERD","Kais Saied","Tunisie"],"articleSection":["National"],"inLanguage":"fr-FR"},{"@type":"WebPage","@id":"https:\/\/www.webdo.tn\/fr\/actualite\/national\/tunisie-la-cheffe-de-la-berd-chez-kais-saied\/212413\/","url":"https:\/\/www.webdo.tn\/fr\/actualite\/national\/tunisie-la-cheffe-de-la-berd-chez-kais-saied\/212413\/","name":"Tunisie : La cheffe de la BERD chez Kais Saied","isPartOf":{"@id":"https:\/\/www.webdo.tn\/fr\/#website"},"primaryImageOfPage":{"@id":"https:\/\/www.webdo.tn\/fr\/actualite\/national\/tunisie-la-cheffe-de-la-berd-chez-kais-saied\/212413\/#primaryimage"},"image":{"@id":"https:\/\/www.webdo.tn\/fr\/actualite\/national\/tunisie-la-cheffe-de-la-berd-chez-kais-saied\/212413\/#primaryimage"},"thumbnailUrl":"https:\/\/www.webdo.tn\/fr\/wp-content\/uploads\/2024\/02\/59956667a10736ddd2401d6b92303a5e.jpg","datePublished":"2024-02-19T19:56:00+00:00","dateModified":"2025-05-20T22:37:42+00:00","description":"Cette rencontre a \u00e9t\u00e9 l'occasion de passer en revue l'\u00e9volution des relations de coop\u00e9ration et de partenariat entre la Tunisie et la Banque europ\u00e9enne pour la...","breadcrumb":{"@id":"https:\/\/www.webdo.tn\/fr\/actualite\/national\/tunisie-la-cheffe-de-la-berd-chez-kais-saied\/212413\/#breadcrumb"},"inLanguage":"fr-FR","potentialAction":[{"@type":"ReadAction","target":["https:\/\/www.webdo.tn\/fr\/actualite\/national\/tunisie-la-cheffe-de-la-berd-chez-kais-saied\/212413\/"]}]},{"@type":"ImageObject","inLanguage":"fr-FR","@id":"https:\/\/www.webdo.tn\/fr\/actualite\/national\/tunisie-la-cheffe-de-la-berd-chez-kais-saied\/212413\/#primaryimage","url":"https:\/\/www.webdo.tn\/fr\/wp-content\/uploads\/2024\/02\/59956667a10736ddd2401d6b92303a5e.jpg","contentUrl":"https:\/\/www.webdo.tn\/fr\/wp-content\/uploads\/2024\/02\/59956667a10736ddd2401d6b92303a5e.jpg","width":750,"height":400,"caption":"Tunisie : La cheffe de la BERD chez Kais Saied"},{"@type":"BreadcrumbList","@id":"https:\/\/www.webdo.tn\/fr\/actualite\/national\/tunisie-la-cheffe-de-la-berd-chez-kais-saied\/212413\/#breadcrumb","itemListElement":[{"@type":"ListItem","position":1,"name":"Accueil","item":"https:\/\/www.webdo.tn\/fr\/"},{"@type":"ListItem","position":2,"name":"Tunisie : La cheffe de la BERD chez Kais Saied"}]},{"@type":"WebSite","@id":"https:\/\/www.webdo.tn\/fr\/#website","url":"https:\/\/www.webdo.tn\/fr\/","name":"webdo","description":"Tunisie - News en Tunisie et \u00e0 l&#039;international sur Webdo.tn","publisher":{"@id":"https:\/\/www.webdo.tn\/fr\/#organization"},"potentialAction":[{"@type":"SearchAction","target":{"@type":"EntryPoint","urlTemplate":"https:\/\/www.webdo.tn\/fr\/?s={search_term_string}"},"query-input":{"@type":"PropertyValueSpecification","valueRequired":true,"valueName":"search_term_string"}}],"inLanguage":"fr-FR"},{"@type":"Organization","@id":"https:\/\/www.webdo.tn\/fr\/#organization","name":"Webdo","alternateName":"Webdo.tn","url":"https:\/\/www.webdo.tn\/fr\/","logo":{"@type":"ImageObject","inLanguage":"fr-FR","@id":"https:\/\/www.webdo.tn\/fr\/#\/schema\/logo\/image\/","url":"https:\/\/www.webdo.tn\/fr\/wp-content\/uploads\/2025\/06\/Webdo-Tunisie_168377.jpg","contentUrl":"https:\/\/www.webdo.tn\/fr\/wp-content\/uploads\/2025\/06\/Webdo-Tunisie_168377.jpg","width":301,"height":301,"caption":"Webdo"},"image":{"@id":"https:\/\/www.webdo.tn\/fr\/#\/schema\/logo\/image\/"},"sameAs":["https:\/\/www.facebook.com\/webdotn","https:\/\/x.com\/webdo_tn"],"description":"Webdo est un m\u00e9dia num\u00e9rique tunisien fond\u00e9 en 2010, sp\u00e9cialis\u00e9 dans l\u2019actualit\u00e9 nationale et internationale, l\u2019\u00e9conomie, la soci\u00e9t\u00e9 et les analyses politiques. Le site s\u2019adresse \u00e0 un large public francophone et couvre l\u2019information tunisienne en temps r\u00e9el.","email":"redac@webdo.tn","legalName":"YNJ SARL","foundingDate":"2010-09-06","numberOfEmployees":{"@type":"QuantitativeValue","minValue":"11","maxValue":"50"}},{"@type":"Person","@id":"https:\/\/www.webdo.tn\/fr\/#\/schema\/person\/f35b42a42c5e2511bbd282959d6385cc","name":"CL","image":{"@type":"ImageObject","inLanguage":"fr-FR","@id":"https:\/\/secure.gravatar.com\/avatar\/1447a49909b67aa657c488aec6512e1dd6143a480c1ecfee9b5b5cd74eb3b59e?s=96&d=mm&r=g","url":"https:\/\/secure.gravatar.com\/avatar\/1447a49909b67aa657c488aec6512e1dd6143a480c1ecfee9b5b5cd74eb3b59e?s=96&d=mm&r=g","contentUrl":"https:\/\/secure.gravatar.com\/avatar\/1447a49909b67aa657c488aec6512e1dd6143a480c1ecfee9b5b5cd74eb3b59e?s=96&d=mm&r=g","caption":"CL"},"url":"https:\/\/www.webdo.tn\/fr\/actualite\/author\/cl\/"}]}},"_links":{"self":[{"href":"https:\/\/www.webdo.tn\/fr\/wp-json\/wp\/v2\/posts\/212413","targetHints":{"allow":["GET"]}}],"collection":[{"href":"https:\/\/www.webdo.tn\/fr\/wp-json\/wp\/v2\/posts"}],"about":[{"href":"https:\/\/www.webdo.tn\/fr\/wp-json\/wp\/v2\/types\/post"}],"author":[{"embeddable":true,"href":"https:\/\/www.webdo.tn\/fr\/wp-json\/wp\/v2\/users\/3175"}],"replies":[{"embeddable":true,"href":"https:\/\/www.webdo.tn\/fr\/wp-json\/wp\/v2\/comments?post=212413"}],"version-history":[{"count":0,"href":"https:\/\/www.webdo.tn\/fr\/wp-json\/wp\/v2\/posts\/212413\/revisions"}],"wp:featuredmedia":[{"embeddable":true,"href":"https:\/\/www.webdo.tn\/fr\/wp-json\/wp\/v2\/media\/247972"}],"wp:attachment":[{"href":"https:\/\/www.webdo.tn\/fr\/wp-json\/wp\/v2\/media?parent=212413"}],"wp:term":[{"taxonomy":"category","embeddable":true,"href":"https:\/\/www.webdo.tn\/fr\/wp-json\/wp\/v2\/categories?post=212413"},{"taxonomy":"post_tag","embeddable":true,"href":"https:\/\/www.webdo.tn\/fr\/wp-json\/wp\/v2\/tags?post=212413"}],"curies":[{"name":"wp","href":"https:\/\/api.w.org\/{rel}","templated":true}]}}