{"id":212406,"date":"2024-02-19T15:18:00","date_gmt":"2024-02-19T15:18:00","guid":{"rendered":"https:\/\/www.webdo.tn\/fr\/blog\/tunisie-elections-ftf-la-candidature-de-maher-ben-aissa-acceptee-les-deux-autres-en-attente\/212406\/"},"modified":"2025-05-20T21:52:58","modified_gmt":"2025-05-20T21:52:58","slug":"tunisie-elections-ftf-la-candidature-de-maher-ben-aissa-acceptee-les-deux-autres-en-attente","status":"publish","type":"post","link":"https:\/\/www.webdo.tn\/fr\/actualite\/sport\/tunisie-elections-ftf-la-candidature-de-maher-ben-aissa-acceptee-les-deux-autres-en-attente\/212406\/","title":{"rendered":"Tunisie &#8211; \u00c9lections FTF : La candidature de Maher Ben Aissa accept\u00e9e, les deux autres en attente"},"content":{"rendered":"<p>L&rsquo;Instance ind\u00e9pendante pour les \u00e9lections de la F\u00e9d\u00e9ration tunisienne de football a annonc\u00e9 avoir accept\u00e9 la candidature de Maher Ben Aissa tandis que celles de Jalel Tekaya et Wissem Letaief restent en suspens.<\/p>\n<p>\t\t\t\t\t\t\t\t\tL&rsquo;Instance ind\u00e9pendante pour les \u00e9lections de la F\u00e9d\u00e9ration tunisienne de football a accept\u00e9 la candidature de Maher Ben Aissa \u00e0 la pr\u00e9sidence du prochain Bureau f\u00e9d\u00e9ral, indique la FTF dans un communiqu\u00e9 publi\u00e9 ce lundi 19 f\u00e9vrier 2024.<\/p>\n<p>La liste de l&rsquo;ancien pr\u00e9sident de l&rsquo;Avenir sportif de la Marsa, Maher Ben Aissa comprend notamment Ali Lourimi, Fateh Alouini, Hedi Lahouar et Nejib Ghomidh.<\/p>\n<p>L&rsquo;examen des deux autres candidatures, celle de Jalel Tekaya et de Wissem Letaief, a \u00e9t\u00e9 report\u00e9e de 24 heures. Ce d\u00e9lai leur a \u00e9t\u00e9 accord\u00e9 afin de compl\u00e9ter leurs dossiers sachant que les deux listes ont remis des dossiers dans lesquels manquent notamment les bulletins n\u00b03 de plusieurs candidats.<\/p>\n<p>La liste de l&rsquo;ancien membre f\u00e9d\u00e9ral Jalel Tekaya est compos\u00e9e de Mohamed Jlil, Moez Mestiri, Bilel El Jemi, Dhafer Lassoued, Khaled Bouzguarou, Zouba\u00efer Yahyaoui, Mourad Okbi, Tamim El Hzami et Wassim Ben Fadhloun.<\/p>\n<p>Celle de Wissem Letaief est compos\u00e9e de Dr Chafik Jarraya, Ammar Ksiksi, Mannoubi Troudi, Selim Khedhr, Rabii Khouja, Ennouri Kantaoui, Tarek Brahmi, Zied Massoudi, Khamis Hamzaoui, Rim Bejaoui et Abdelhamid Amira.<\/p>\n<p>Les trois candidats ont d\u00e9pos\u00e9 leur dossier au si\u00e8ge de la F\u00e9d\u00e9ration tunisienne de Football samedi 17 f\u00e9vrier 2024 afin de concourir aux\u00a0 \u00e9lections du\u00a0 nouveau bureau\u00a0 f\u00e9d\u00e9ral, pr\u00e9vues le samedi 9 mars prochain.<\/p>\n","protected":false},"excerpt":{"rendered":"<p>L&rsquo;Instance ind\u00e9pendante pour les \u00e9lections de la F\u00e9d\u00e9ration tunisienne de football a accept\u00e9 la candidature de Maher Ben Aissa \u00e0 la pr\u00e9sidence du prochain Burea&#8230;<\/p>\n","protected":false},"author":3162,"featured_media":247970,"comment_status":"open","ping_status":"closed","sticky":false,"template":"","format":"standard","meta":{"footnotes":""},"categories":[2593],"tags":[3268,4346,2622,3728,6963,6748,2608],"class_list":["post-212406","post","type-post","status-publish","format-standard","has-post-thumbnail","hentry","category-sport","tag-bureau-federal","tag-election","tag-football","tag-ftf","tag-maher-ben-aissa","tag-presidence","tag-tunisie"],"yoast_head":"<!-- This site is optimized with the Yoast SEO Premium plugin v27.4 (Yoast SEO v27.4) - https:\/\/yoast.com\/product\/yoast-seo-premium-wordpress\/ -->\n<title>Tunisie - \u00c9lections FTF : La candidature de Maher Ben Aissa accept\u00e9e, les deux autres en attente<\/title>\n<meta name=\"description\" content=\"L&#039;Instance ind\u00e9pendante pour les \u00e9lections de la F\u00e9d\u00e9ration tunisienne de football a accept\u00e9 la candidature de Maher Ben Aissa \u00e0 la pr\u00e9sidence du prochain Burea...\" \/>\n<link rel=\"canonical\" href=\"https:\/\/www.webdo.tn\/fr\/actualite\/sport\/tunisie-elections-ftf-la-candidature-de-maher-ben-aissa-acceptee-les-deux-autres-en-attente\/212406\/\" \/>\n<meta property=\"og:locale\" content=\"fr_FR\" \/>\n<meta property=\"og:type\" content=\"article\" \/>\n<meta property=\"og:title\" content=\"Tunisie - \u00c9lections FTF : La candidature de Maher Ben Aissa accept\u00e9e, les deux autres en attente\" \/>\n<meta property=\"og:description\" content=\"L&#039;Instance ind\u00e9pendante pour les \u00e9lections de la F\u00e9d\u00e9ration tunisienne de football a accept\u00e9 la candidature de Maher Ben Aissa \u00e0 la pr\u00e9sidence du prochain Burea...\" \/>\n<meta property=\"og:url\" content=\"https:\/\/www.webdo.tn\/fr\/actualite\/sport\/tunisie-elections-ftf-la-candidature-de-maher-ben-aissa-acceptee-les-deux-autres-en-attente\/212406\/\" \/>\n<meta property=\"og:site_name\" content=\"webdo\" \/>\n<meta property=\"article:publisher\" content=\"https:\/\/www.facebook.com\/webdotn\" \/>\n<meta property=\"article:published_time\" content=\"2024-02-19T15:18:00+00:00\" \/>\n<meta property=\"article:modified_time\" content=\"2025-05-20T21:52:58+00:00\" \/>\n<meta property=\"og:image\" content=\"https:\/\/www.webdo.tn\/fr\/wp-content\/uploads\/2024\/02\/799d585f644164c0eded17b0f2e84b49.jpg\" \/>\n\t<meta property=\"og:image:width\" content=\"750\" \/>\n\t<meta property=\"og:image:height\" content=\"400\" \/>\n\t<meta property=\"og:image:type\" content=\"image\/jpeg\" \/>\n<meta name=\"author\" content=\"MC\" \/>\n<meta name=\"twitter:card\" content=\"summary_large_image\" \/>\n<meta name=\"twitter:creator\" content=\"@webdo_tn\" \/>\n<meta name=\"twitter:site\" content=\"@webdo_tn\" \/>\n<meta name=\"twitter:label1\" content=\"\u00c9crit par\" \/>\n\t<meta name=\"twitter:data1\" content=\"MC\" \/>\n\t<meta name=\"twitter:label2\" content=\"Dur\u00e9e de lecture estim\u00e9e\" \/>\n\t<meta name=\"twitter:data2\" content=\"1 minute\" \/>\n<script type=\"application\/ld+json\" class=\"yoast-schema-graph\">{\"@context\":\"https:\\\/\\\/schema.org\",\"@graph\":[{\"@type\":\"NewsArticle\",\"@id\":\"https:\\\/\\\/www.webdo.tn\\\/fr\\\/actualite\\\/sport\\\/tunisie-elections-ftf-la-candidature-de-maher-ben-aissa-acceptee-les-deux-autres-en-attente\\\/212406\\\/#article\",\"isPartOf\":{\"@id\":\"https:\\\/\\\/www.webdo.tn\\\/fr\\\/actualite\\\/sport\\\/tunisie-elections-ftf-la-candidature-de-maher-ben-aissa-acceptee-les-deux-autres-en-attente\\\/212406\\\/\"},\"author\":{\"name\":\"MC\",\"@id\":\"https:\\\/\\\/www.webdo.tn\\\/fr\\\/#\\\/schema\\\/person\\\/2c4929cbf5a809e3bd38617c6ce150f6\"},\"headline\":\"Tunisie &#8211; \u00c9lections FTF : La candidature de Maher Ben Aissa accept\u00e9e, les deux autres en attente\",\"datePublished\":\"2024-02-19T15:18:00+00:00\",\"dateModified\":\"2025-05-20T21:52:58+00:00\",\"mainEntityOfPage\":{\"@id\":\"https:\\\/\\\/www.webdo.tn\\\/fr\\\/actualite\\\/sport\\\/tunisie-elections-ftf-la-candidature-de-maher-ben-aissa-acceptee-les-deux-autres-en-attente\\\/212406\\\/\"},\"wordCount\":286,\"commentCount\":0,\"publisher\":{\"@id\":\"https:\\\/\\\/www.webdo.tn\\\/fr\\\/#organization\"},\"image\":{\"@id\":\"https:\\\/\\\/www.webdo.tn\\\/fr\\\/actualite\\\/sport\\\/tunisie-elections-ftf-la-candidature-de-maher-ben-aissa-acceptee-les-deux-autres-en-attente\\\/212406\\\/#primaryimage\"},\"thumbnailUrl\":\"https:\\\/\\\/www.webdo.tn\\\/fr\\\/wp-content\\\/uploads\\\/2024\\\/02\\\/799d585f644164c0eded17b0f2e84b49.jpg\",\"keywords\":[\"bureau f\u00e9d\u00e9ral\",\"Election\",\"football\",\"FTF\",\"maher ben aissa\",\"pr\u00e9sidence\",\"Tunisie\"],\"articleSection\":[\"Sport\"],\"inLanguage\":\"fr-FR\"},{\"@type\":\"WebPage\",\"@id\":\"https:\\\/\\\/www.webdo.tn\\\/fr\\\/actualite\\\/sport\\\/tunisie-elections-ftf-la-candidature-de-maher-ben-aissa-acceptee-les-deux-autres-en-attente\\\/212406\\\/\",\"url\":\"https:\\\/\\\/www.webdo.tn\\\/fr\\\/actualite\\\/sport\\\/tunisie-elections-ftf-la-candidature-de-maher-ben-aissa-acceptee-les-deux-autres-en-attente\\\/212406\\\/\",\"name\":\"Tunisie - \u00c9lections FTF : La candidature de Maher Ben Aissa accept\u00e9e, les deux autres en attente\",\"isPartOf\":{\"@id\":\"https:\\\/\\\/www.webdo.tn\\\/fr\\\/#website\"},\"primaryImageOfPage\":{\"@id\":\"https:\\\/\\\/www.webdo.tn\\\/fr\\\/actualite\\\/sport\\\/tunisie-elections-ftf-la-candidature-de-maher-ben-aissa-acceptee-les-deux-autres-en-attente\\\/212406\\\/#primaryimage\"},\"image\":{\"@id\":\"https:\\\/\\\/www.webdo.tn\\\/fr\\\/actualite\\\/sport\\\/tunisie-elections-ftf-la-candidature-de-maher-ben-aissa-acceptee-les-deux-autres-en-attente\\\/212406\\\/#primaryimage\"},\"thumbnailUrl\":\"https:\\\/\\\/www.webdo.tn\\\/fr\\\/wp-content\\\/uploads\\\/2024\\\/02\\\/799d585f644164c0eded17b0f2e84b49.jpg\",\"datePublished\":\"2024-02-19T15:18:00+00:00\",\"dateModified\":\"2025-05-20T21:52:58+00:00\",\"description\":\"L'Instance ind\u00e9pendante pour les \u00e9lections de la F\u00e9d\u00e9ration tunisienne de football a accept\u00e9 la candidature de Maher Ben Aissa \u00e0 la pr\u00e9sidence du prochain Burea...\",\"breadcrumb\":{\"@id\":\"https:\\\/\\\/www.webdo.tn\\\/fr\\\/actualite\\\/sport\\\/tunisie-elections-ftf-la-candidature-de-maher-ben-aissa-acceptee-les-deux-autres-en-attente\\\/212406\\\/#breadcrumb\"},\"inLanguage\":\"fr-FR\",\"potentialAction\":[{\"@type\":\"ReadAction\",\"target\":[\"https:\\\/\\\/www.webdo.tn\\\/fr\\\/actualite\\\/sport\\\/tunisie-elections-ftf-la-candidature-de-maher-ben-aissa-acceptee-les-deux-autres-en-attente\\\/212406\\\/\"]}]},{\"@type\":\"ImageObject\",\"inLanguage\":\"fr-FR\",\"@id\":\"https:\\\/\\\/www.webdo.tn\\\/fr\\\/actualite\\\/sport\\\/tunisie-elections-ftf-la-candidature-de-maher-ben-aissa-acceptee-les-deux-autres-en-attente\\\/212406\\\/#primaryimage\",\"url\":\"https:\\\/\\\/www.webdo.tn\\\/fr\\\/wp-content\\\/uploads\\\/2024\\\/02\\\/799d585f644164c0eded17b0f2e84b49.jpg\",\"contentUrl\":\"https:\\\/\\\/www.webdo.tn\\\/fr\\\/wp-content\\\/uploads\\\/2024\\\/02\\\/799d585f644164c0eded17b0f2e84b49.jpg\",\"width\":750,\"height\":400,\"caption\":\"Tunisie - \u00c9lections FTF : La candidature de Maher Ben Aissa accept\u00e9e, les deux autres en attente\"},{\"@type\":\"BreadcrumbList\",\"@id\":\"https:\\\/\\\/www.webdo.tn\\\/fr\\\/actualite\\\/sport\\\/tunisie-elections-ftf-la-candidature-de-maher-ben-aissa-acceptee-les-deux-autres-en-attente\\\/212406\\\/#breadcrumb\",\"itemListElement\":[{\"@type\":\"ListItem\",\"position\":1,\"name\":\"Accueil\",\"item\":\"https:\\\/\\\/www.webdo.tn\\\/fr\\\/\"},{\"@type\":\"ListItem\",\"position\":2,\"name\":\"Tunisie &#8211; \u00c9lections FTF : La candidature de Maher Ben Aissa accept\u00e9e, les deux autres en attente\"}]},{\"@type\":\"WebSite\",\"@id\":\"https:\\\/\\\/www.webdo.tn\\\/fr\\\/#website\",\"url\":\"https:\\\/\\\/www.webdo.tn\\\/fr\\\/\",\"name\":\"webdo\",\"description\":\"Tunisie - News en Tunisie et \u00e0 l&#039;international sur Webdo.tn\",\"publisher\":{\"@id\":\"https:\\\/\\\/www.webdo.tn\\\/fr\\\/#organization\"},\"potentialAction\":[{\"@type\":\"SearchAction\",\"target\":{\"@type\":\"EntryPoint\",\"urlTemplate\":\"https:\\\/\\\/www.webdo.tn\\\/fr\\\/?s={search_term_string}\"},\"query-input\":{\"@type\":\"PropertyValueSpecification\",\"valueRequired\":true,\"valueName\":\"search_term_string\"}}],\"inLanguage\":\"fr-FR\"},{\"@type\":\"Organization\",\"@id\":\"https:\\\/\\\/www.webdo.tn\\\/fr\\\/#organization\",\"name\":\"Webdo\",\"alternateName\":\"Webdo.tn\",\"url\":\"https:\\\/\\\/www.webdo.tn\\\/fr\\\/\",\"logo\":{\"@type\":\"ImageObject\",\"inLanguage\":\"fr-FR\",\"@id\":\"https:\\\/\\\/www.webdo.tn\\\/fr\\\/#\\\/schema\\\/logo\\\/image\\\/\",\"url\":\"https:\\\/\\\/www.webdo.tn\\\/fr\\\/wp-content\\\/uploads\\\/2025\\\/06\\\/Webdo-Tunisie_168377.jpg\",\"contentUrl\":\"https:\\\/\\\/www.webdo.tn\\\/fr\\\/wp-content\\\/uploads\\\/2025\\\/06\\\/Webdo-Tunisie_168377.jpg\",\"width\":301,\"height\":301,\"caption\":\"Webdo\"},\"image\":{\"@id\":\"https:\\\/\\\/www.webdo.tn\\\/fr\\\/#\\\/schema\\\/logo\\\/image\\\/\"},\"sameAs\":[\"https:\\\/\\\/www.facebook.com\\\/webdotn\",\"https:\\\/\\\/x.com\\\/webdo_tn\"],\"description\":\"Webdo est un m\u00e9dia num\u00e9rique tunisien fond\u00e9 en 2010, sp\u00e9cialis\u00e9 dans l\u2019actualit\u00e9 nationale et internationale, l\u2019\u00e9conomie, la soci\u00e9t\u00e9 et les analyses politiques. Le site s\u2019adresse \u00e0 un large public francophone et couvre l\u2019information tunisienne en temps r\u00e9el.\",\"email\":\"redac@webdo.tn\",\"legalName\":\"YNJ SARL\",\"foundingDate\":\"2010-09-06\",\"numberOfEmployees\":{\"@type\":\"QuantitativeValue\",\"minValue\":\"11\",\"maxValue\":\"50\"}},{\"@type\":\"Person\",\"@id\":\"https:\\\/\\\/www.webdo.tn\\\/fr\\\/#\\\/schema\\\/person\\\/2c4929cbf5a809e3bd38617c6ce150f6\",\"name\":\"MC\",\"image\":{\"@type\":\"ImageObject\",\"inLanguage\":\"fr-FR\",\"@id\":\"https:\\\/\\\/secure.gravatar.com\\\/avatar\\\/a545bbb6f84efdd5553dbbc2895e3ca8f1d12c5215e00a041c9670b54aa9b18a?s=96&d=mm&r=g\",\"url\":\"https:\\\/\\\/secure.gravatar.com\\\/avatar\\\/a545bbb6f84efdd5553dbbc2895e3ca8f1d12c5215e00a041c9670b54aa9b18a?s=96&d=mm&r=g\",\"contentUrl\":\"https:\\\/\\\/secure.gravatar.com\\\/avatar\\\/a545bbb6f84efdd5553dbbc2895e3ca8f1d12c5215e00a041c9670b54aa9b18a?s=96&d=mm&r=g\",\"caption\":\"MC\"},\"url\":\"https:\\\/\\\/www.webdo.tn\\\/fr\\\/actualite\\\/author\\\/mc\\\/\"}]}<\/script>\n<!-- \/ Yoast SEO Premium plugin. -->","yoast_head_json":{"title":"Tunisie - \u00c9lections FTF : La candidature de Maher Ben Aissa accept\u00e9e, les deux autres en attente","description":"L'Instance ind\u00e9pendante pour les \u00e9lections de la F\u00e9d\u00e9ration tunisienne de football a accept\u00e9 la candidature de Maher Ben Aissa \u00e0 la pr\u00e9sidence du prochain Burea...","canonical":"https:\/\/www.webdo.tn\/fr\/actualite\/sport\/tunisie-elections-ftf-la-candidature-de-maher-ben-aissa-acceptee-les-deux-autres-en-attente\/212406\/","og_locale":"fr_FR","og_type":"article","og_title":"Tunisie - \u00c9lections FTF : La candidature de Maher Ben Aissa accept\u00e9e, les deux autres en attente","og_description":"L'Instance ind\u00e9pendante pour les \u00e9lections de la F\u00e9d\u00e9ration tunisienne de football a accept\u00e9 la candidature de Maher Ben Aissa \u00e0 la pr\u00e9sidence du prochain Burea...","og_url":"https:\/\/www.webdo.tn\/fr\/actualite\/sport\/tunisie-elections-ftf-la-candidature-de-maher-ben-aissa-acceptee-les-deux-autres-en-attente\/212406\/","og_site_name":"webdo","article_publisher":"https:\/\/www.facebook.com\/webdotn","article_published_time":"2024-02-19T15:18:00+00:00","article_modified_time":"2025-05-20T21:52:58+00:00","og_image":[{"width":750,"height":400,"url":"https:\/\/www.webdo.tn\/fr\/wp-content\/uploads\/2024\/02\/799d585f644164c0eded17b0f2e84b49.jpg","type":"image\/jpeg"}],"author":"MC","twitter_card":"summary_large_image","twitter_creator":"@webdo_tn","twitter_site":"@webdo_tn","twitter_misc":{"\u00c9crit par":"MC","Dur\u00e9e de lecture estim\u00e9e":"1 minute"},"schema":{"@context":"https:\/\/schema.org","@graph":[{"@type":"NewsArticle","@id":"https:\/\/www.webdo.tn\/fr\/actualite\/sport\/tunisie-elections-ftf-la-candidature-de-maher-ben-aissa-acceptee-les-deux-autres-en-attente\/212406\/#article","isPartOf":{"@id":"https:\/\/www.webdo.tn\/fr\/actualite\/sport\/tunisie-elections-ftf-la-candidature-de-maher-ben-aissa-acceptee-les-deux-autres-en-attente\/212406\/"},"author":{"name":"MC","@id":"https:\/\/www.webdo.tn\/fr\/#\/schema\/person\/2c4929cbf5a809e3bd38617c6ce150f6"},"headline":"Tunisie &#8211; \u00c9lections FTF : La candidature de Maher Ben Aissa accept\u00e9e, les deux autres en attente","datePublished":"2024-02-19T15:18:00+00:00","dateModified":"2025-05-20T21:52:58+00:00","mainEntityOfPage":{"@id":"https:\/\/www.webdo.tn\/fr\/actualite\/sport\/tunisie-elections-ftf-la-candidature-de-maher-ben-aissa-acceptee-les-deux-autres-en-attente\/212406\/"},"wordCount":286,"commentCount":0,"publisher":{"@id":"https:\/\/www.webdo.tn\/fr\/#organization"},"image":{"@id":"https:\/\/www.webdo.tn\/fr\/actualite\/sport\/tunisie-elections-ftf-la-candidature-de-maher-ben-aissa-acceptee-les-deux-autres-en-attente\/212406\/#primaryimage"},"thumbnailUrl":"https:\/\/www.webdo.tn\/fr\/wp-content\/uploads\/2024\/02\/799d585f644164c0eded17b0f2e84b49.jpg","keywords":["bureau f\u00e9d\u00e9ral","Election","football","FTF","maher ben aissa","pr\u00e9sidence","Tunisie"],"articleSection":["Sport"],"inLanguage":"fr-FR"},{"@type":"WebPage","@id":"https:\/\/www.webdo.tn\/fr\/actualite\/sport\/tunisie-elections-ftf-la-candidature-de-maher-ben-aissa-acceptee-les-deux-autres-en-attente\/212406\/","url":"https:\/\/www.webdo.tn\/fr\/actualite\/sport\/tunisie-elections-ftf-la-candidature-de-maher-ben-aissa-acceptee-les-deux-autres-en-attente\/212406\/","name":"Tunisie - \u00c9lections FTF : La candidature de Maher Ben Aissa accept\u00e9e, les deux autres en attente","isPartOf":{"@id":"https:\/\/www.webdo.tn\/fr\/#website"},"primaryImageOfPage":{"@id":"https:\/\/www.webdo.tn\/fr\/actualite\/sport\/tunisie-elections-ftf-la-candidature-de-maher-ben-aissa-acceptee-les-deux-autres-en-attente\/212406\/#primaryimage"},"image":{"@id":"https:\/\/www.webdo.tn\/fr\/actualite\/sport\/tunisie-elections-ftf-la-candidature-de-maher-ben-aissa-acceptee-les-deux-autres-en-attente\/212406\/#primaryimage"},"thumbnailUrl":"https:\/\/www.webdo.tn\/fr\/wp-content\/uploads\/2024\/02\/799d585f644164c0eded17b0f2e84b49.jpg","datePublished":"2024-02-19T15:18:00+00:00","dateModified":"2025-05-20T21:52:58+00:00","description":"L'Instance ind\u00e9pendante pour les \u00e9lections de la F\u00e9d\u00e9ration tunisienne de football a accept\u00e9 la candidature de Maher Ben Aissa \u00e0 la pr\u00e9sidence du prochain Burea...","breadcrumb":{"@id":"https:\/\/www.webdo.tn\/fr\/actualite\/sport\/tunisie-elections-ftf-la-candidature-de-maher-ben-aissa-acceptee-les-deux-autres-en-attente\/212406\/#breadcrumb"},"inLanguage":"fr-FR","potentialAction":[{"@type":"ReadAction","target":["https:\/\/www.webdo.tn\/fr\/actualite\/sport\/tunisie-elections-ftf-la-candidature-de-maher-ben-aissa-acceptee-les-deux-autres-en-attente\/212406\/"]}]},{"@type":"ImageObject","inLanguage":"fr-FR","@id":"https:\/\/www.webdo.tn\/fr\/actualite\/sport\/tunisie-elections-ftf-la-candidature-de-maher-ben-aissa-acceptee-les-deux-autres-en-attente\/212406\/#primaryimage","url":"https:\/\/www.webdo.tn\/fr\/wp-content\/uploads\/2024\/02\/799d585f644164c0eded17b0f2e84b49.jpg","contentUrl":"https:\/\/www.webdo.tn\/fr\/wp-content\/uploads\/2024\/02\/799d585f644164c0eded17b0f2e84b49.jpg","width":750,"height":400,"caption":"Tunisie - \u00c9lections FTF : La candidature de Maher Ben Aissa accept\u00e9e, les deux autres en attente"},{"@type":"BreadcrumbList","@id":"https:\/\/www.webdo.tn\/fr\/actualite\/sport\/tunisie-elections-ftf-la-candidature-de-maher-ben-aissa-acceptee-les-deux-autres-en-attente\/212406\/#breadcrumb","itemListElement":[{"@type":"ListItem","position":1,"name":"Accueil","item":"https:\/\/www.webdo.tn\/fr\/"},{"@type":"ListItem","position":2,"name":"Tunisie &#8211; \u00c9lections FTF : La candidature de Maher Ben Aissa accept\u00e9e, les deux autres en attente"}]},{"@type":"WebSite","@id":"https:\/\/www.webdo.tn\/fr\/#website","url":"https:\/\/www.webdo.tn\/fr\/","name":"webdo","description":"Tunisie - News en Tunisie et \u00e0 l&#039;international sur Webdo.tn","publisher":{"@id":"https:\/\/www.webdo.tn\/fr\/#organization"},"potentialAction":[{"@type":"SearchAction","target":{"@type":"EntryPoint","urlTemplate":"https:\/\/www.webdo.tn\/fr\/?s={search_term_string}"},"query-input":{"@type":"PropertyValueSpecification","valueRequired":true,"valueName":"search_term_string"}}],"inLanguage":"fr-FR"},{"@type":"Organization","@id":"https:\/\/www.webdo.tn\/fr\/#organization","name":"Webdo","alternateName":"Webdo.tn","url":"https:\/\/www.webdo.tn\/fr\/","logo":{"@type":"ImageObject","inLanguage":"fr-FR","@id":"https:\/\/www.webdo.tn\/fr\/#\/schema\/logo\/image\/","url":"https:\/\/www.webdo.tn\/fr\/wp-content\/uploads\/2025\/06\/Webdo-Tunisie_168377.jpg","contentUrl":"https:\/\/www.webdo.tn\/fr\/wp-content\/uploads\/2025\/06\/Webdo-Tunisie_168377.jpg","width":301,"height":301,"caption":"Webdo"},"image":{"@id":"https:\/\/www.webdo.tn\/fr\/#\/schema\/logo\/image\/"},"sameAs":["https:\/\/www.facebook.com\/webdotn","https:\/\/x.com\/webdo_tn"],"description":"Webdo est un m\u00e9dia num\u00e9rique tunisien fond\u00e9 en 2010, sp\u00e9cialis\u00e9 dans l\u2019actualit\u00e9 nationale et internationale, l\u2019\u00e9conomie, la soci\u00e9t\u00e9 et les analyses politiques. Le site s\u2019adresse \u00e0 un large public francophone et couvre l\u2019information tunisienne en temps r\u00e9el.","email":"redac@webdo.tn","legalName":"YNJ SARL","foundingDate":"2010-09-06","numberOfEmployees":{"@type":"QuantitativeValue","minValue":"11","maxValue":"50"}},{"@type":"Person","@id":"https:\/\/www.webdo.tn\/fr\/#\/schema\/person\/2c4929cbf5a809e3bd38617c6ce150f6","name":"MC","image":{"@type":"ImageObject","inLanguage":"fr-FR","@id":"https:\/\/secure.gravatar.com\/avatar\/a545bbb6f84efdd5553dbbc2895e3ca8f1d12c5215e00a041c9670b54aa9b18a?s=96&d=mm&r=g","url":"https:\/\/secure.gravatar.com\/avatar\/a545bbb6f84efdd5553dbbc2895e3ca8f1d12c5215e00a041c9670b54aa9b18a?s=96&d=mm&r=g","contentUrl":"https:\/\/secure.gravatar.com\/avatar\/a545bbb6f84efdd5553dbbc2895e3ca8f1d12c5215e00a041c9670b54aa9b18a?s=96&d=mm&r=g","caption":"MC"},"url":"https:\/\/www.webdo.tn\/fr\/actualite\/author\/mc\/"}]}},"_links":{"self":[{"href":"https:\/\/www.webdo.tn\/fr\/wp-json\/wp\/v2\/posts\/212406","targetHints":{"allow":["GET"]}}],"collection":[{"href":"https:\/\/www.webdo.tn\/fr\/wp-json\/wp\/v2\/posts"}],"about":[{"href":"https:\/\/www.webdo.tn\/fr\/wp-json\/wp\/v2\/types\/post"}],"author":[{"embeddable":true,"href":"https:\/\/www.webdo.tn\/fr\/wp-json\/wp\/v2\/users\/3162"}],"replies":[{"embeddable":true,"href":"https:\/\/www.webdo.tn\/fr\/wp-json\/wp\/v2\/comments?post=212406"}],"version-history":[{"count":0,"href":"https:\/\/www.webdo.tn\/fr\/wp-json\/wp\/v2\/posts\/212406\/revisions"}],"wp:featuredmedia":[{"embeddable":true,"href":"https:\/\/www.webdo.tn\/fr\/wp-json\/wp\/v2\/media\/247970"}],"wp:attachment":[{"href":"https:\/\/www.webdo.tn\/fr\/wp-json\/wp\/v2\/media?parent=212406"}],"wp:term":[{"taxonomy":"category","embeddable":true,"href":"https:\/\/www.webdo.tn\/fr\/wp-json\/wp\/v2\/categories?post=212406"},{"taxonomy":"post_tag","embeddable":true,"href":"https:\/\/www.webdo.tn\/fr\/wp-json\/wp\/v2\/tags?post=212406"}],"curies":[{"name":"wp","href":"https:\/\/api.w.org\/{rel}","templated":true}]}}