{"id":212389,"date":"2024-02-19T08:37:00","date_gmt":"2024-02-19T08:37:00","guid":{"rendered":"https:\/\/www.webdo.tn\/fr\/blog\/les-trois-braises-du-printemps-et-le-calendrier-traditionnel-tunisien\/212389\/"},"modified":"2024-02-19T08:37:00","modified_gmt":"2024-02-19T08:37:00","slug":"les-trois-braises-du-printemps-et-le-calendrier-traditionnel-tunisien","status":"publish","type":"post","link":"https:\/\/www.webdo.tn\/fr\/actualite\/chroniques\/les-trois-braises-du-printemps-et-le-calendrier-traditionnel-tunisien\/212389\/","title":{"rendered":"Les trois Braises du printemps et le calendrier traditionnel tunisien"},"content":{"rendered":"<p>La descente de la Braise de l&rsquo;air intervient cette semaine, le 21 f\u00e9vrier, et annonce l&rsquo;imminence du printemps selon le calendrier traditionnel tunisien.<\/p>\n<p>\t\t\t\t\t\t\t\t\tSelon le calendrier traditionnel tunisien, le printemps fait son entr\u00e9e le 28 f\u00e9vrier et atteint sa pl\u00e9nitude avec l&rsquo;\u00e9quinoxe de mars. Quelles sont les coutumes li\u00e9es au printemps et \u00e0 la fin de l&rsquo;hiver ? Comment se d\u00e9ploie notre calendrier traditionnel agricole ?<\/p>\n<p>Cette chronique tentera de r\u00e9pondre \u00e0 ces questions en mettant en valeur ces aspects du patrimoine immat\u00e9riel tunisien.<\/p>\n<p>En Tunisie, la belle saison montre le bout de son nez chaque 28 f\u00e9vrier, c&rsquo;est \u00e0 dire dans dix jours.<\/p>\n<p>Entretemps, les diff\u00e9rentes \u00ab\u00a0Guerra\u00a0\u00bb vont se succ\u00e9der. En effet, apr\u00e8s \u00ab\u00a0Guerret el Anz\u00a0\u00bb ( du 14 au 20 f\u00e9vrier), ce sera le tour de \u00ab\u00a0Guerret Fourar\u00a0\u00bb \u00e0 la mi-mars puis de \u00ab\u00a0Guerret Hayan\u00a0\u00bb \u00e0 la fin mars.<\/p>\n<p>N&rsquo;oublions pas les jours de \u00ab\u00a0Slaf\u00a0\u00bb ! Ce sont les jours que l&rsquo;hiver pr\u00eate au printemps et qui sont restitu\u00e9s al\u00e9atoirement au d\u00e9but mars lorsque le temps devient changeant et qu&rsquo;une m\u00eame journ\u00e9e peut alterner temps froid et printanier.<\/p>\n<p>Toutefois, ce qui nous int\u00e9ressera ici, ce sont les trois Braises du printemps. Elles marquent, selon notre calendrier traditionnel, trois s\u00e9quences du printemps annonc\u00e9:<\/p>\n<p>&#8211; La descente de la braise de l&rsquo;air (nzoul jamret el hawa) intervient le 21 f\u00e9vrier et annonce le r\u00e9chauffement de l&rsquo;air.<\/p>\n<p>&#8211; La descente de la braise de l&rsquo;eau (nzoul jamret el ma) intervient le 28 f\u00e9vrier, le jour m\u00eame de l&rsquo;av\u00e9nement du printemps. Elle marque le r\u00e9chauffement de l&rsquo;eau.<\/p>\n<p>&#8211; La descente de la braise de la terre (nzoul jamret el ardh) est pour le 6 mars et annonce le r\u00e9chauffement de la terre.<br \/>\nLe printemps est alors pleinement engag\u00e9 et atteindra sa pl\u00e9nitude apr\u00e9s les jours intercalaires du Hsoum (du 10 au 17 mars).<\/p>\n<p>Les signes annonciateurs du printemps se confirment cette semaine avec la descente de la Braise de l&rsquo;air. Ce qui souligne par ailleurs la richesse m\u00e9taphorique du calendrier agricole tunisien.<\/p>\n","protected":false},"excerpt":{"rendered":"<p>En Tunisie, la belle saison montre le bout de son nez chaque 28 f\u00e9vrier, c&rsquo;est \u00e0 dire dans dix jours.<\/p>\n","protected":false},"author":3229,"featured_media":290258,"comment_status":"open","ping_status":"closed","sticky":false,"template":"","format":"standard","meta":{"footnotes":""},"categories":[2596],"tags":[3684,2608],"class_list":["post-212389","post","type-post","status-publish","format-standard","has-post-thumbnail","hentry","category-chroniques","tag-printemps","tag-tunisie"],"yoast_head":"<!-- This site is optimized with the Yoast SEO Premium plugin v27.5 (Yoast SEO v27.5) - https:\/\/yoast.com\/product\/yoast-seo-premium-wordpress\/ -->\n<title>Les trois Braises du printemps et le calendrier traditionnel tunisien<\/title>\n<meta name=\"description\" content=\"En Tunisie, la belle saison montre le bout de son nez chaque 28 f\u00e9vrier, c&#039;est \u00e0 dire dans dix jours.\" \/>\n<link rel=\"canonical\" href=\"https:\/\/www.webdo.tn\/fr\/actualite\/chroniques\/les-trois-braises-du-printemps-et-le-calendrier-traditionnel-tunisien\/212389\/\" \/>\n<meta property=\"og:locale\" content=\"fr_FR\" \/>\n<meta property=\"og:type\" content=\"article\" \/>\n<meta property=\"og:title\" content=\"Les trois Braises du printemps et le calendrier traditionnel tunisien\" \/>\n<meta property=\"og:description\" content=\"En Tunisie, la belle saison montre le bout de son nez chaque 28 f\u00e9vrier, c&#039;est \u00e0 dire dans dix jours.\" \/>\n<meta property=\"og:url\" content=\"https:\/\/www.webdo.tn\/fr\/actualite\/chroniques\/les-trois-braises-du-printemps-et-le-calendrier-traditionnel-tunisien\/212389\/\" \/>\n<meta property=\"og:site_name\" content=\"webdo\" \/>\n<meta property=\"article:publisher\" content=\"https:\/\/www.facebook.com\/webdotn\" \/>\n<meta property=\"article:author\" content=\"https:\/\/www.facebook.com\/hatem.bourial.2025\" \/>\n<meta property=\"article:published_time\" content=\"2024-02-19T08:37:00+00:00\" \/>\n<meta property=\"og:image\" content=\"https:\/\/www.webdo.tn\/fr\/wp-content\/uploads\/2024\/02\/993d2a54ce7fd7f38ac0f7928bc51aa9.jpg\" \/>\n\t<meta property=\"og:image:width\" content=\"750\" \/>\n\t<meta property=\"og:image:height\" content=\"400\" \/>\n\t<meta property=\"og:image:type\" content=\"image\/jpeg\" \/>\n<meta name=\"author\" content=\"Hatem Bourial\" \/>\n<meta name=\"twitter:card\" content=\"summary_large_image\" \/>\n<meta name=\"twitter:creator\" content=\"@webdo_tn\" \/>\n<meta name=\"twitter:site\" content=\"@webdo_tn\" \/>\n<meta name=\"twitter:label1\" content=\"\u00c9crit par\" \/>\n\t<meta name=\"twitter:data1\" content=\"Hatem Bourial\" \/>\n\t<meta name=\"twitter:label2\" content=\"Dur\u00e9e de lecture estim\u00e9e\" \/>\n\t<meta name=\"twitter:data2\" content=\"2 minutes\" \/>\n<script type=\"application\/ld+json\" class=\"yoast-schema-graph\">{\"@context\":\"https:\\\/\\\/schema.org\",\"@graph\":[{\"@type\":\"NewsArticle\",\"@id\":\"https:\\\/\\\/www.webdo.tn\\\/fr\\\/actualite\\\/chroniques\\\/les-trois-braises-du-printemps-et-le-calendrier-traditionnel-tunisien\\\/212389\\\/#article\",\"isPartOf\":{\"@id\":\"https:\\\/\\\/www.webdo.tn\\\/fr\\\/actualite\\\/chroniques\\\/les-trois-braises-du-printemps-et-le-calendrier-traditionnel-tunisien\\\/212389\\\/\"},\"author\":{\"name\":\"Hatem Bourial\",\"@id\":\"https:\\\/\\\/www.webdo.tn\\\/fr\\\/#\\\/schema\\\/person\\\/6bc0beba2cd23aec27cb5df85ca2554f\"},\"headline\":\"Les trois Braises du printemps et le calendrier traditionnel tunisien\",\"datePublished\":\"2024-02-19T08:37:00+00:00\",\"mainEntityOfPage\":{\"@id\":\"https:\\\/\\\/www.webdo.tn\\\/fr\\\/actualite\\\/chroniques\\\/les-trois-braises-du-printemps-et-le-calendrier-traditionnel-tunisien\\\/212389\\\/\"},\"wordCount\":366,\"commentCount\":0,\"publisher\":{\"@id\":\"https:\\\/\\\/www.webdo.tn\\\/fr\\\/#organization\"},\"image\":{\"@id\":\"https:\\\/\\\/www.webdo.tn\\\/fr\\\/actualite\\\/chroniques\\\/les-trois-braises-du-printemps-et-le-calendrier-traditionnel-tunisien\\\/212389\\\/#primaryimage\"},\"thumbnailUrl\":\"https:\\\/\\\/www.webdo.tn\\\/fr\\\/wp-content\\\/uploads\\\/2024\\\/02\\\/993d2a54ce7fd7f38ac0f7928bc51aa9.jpg\",\"keywords\":[\"printemps\",\"Tunisie\"],\"articleSection\":[\"Chroniques\"],\"inLanguage\":\"fr-FR\"},{\"@type\":\"WebPage\",\"@id\":\"https:\\\/\\\/www.webdo.tn\\\/fr\\\/actualite\\\/chroniques\\\/les-trois-braises-du-printemps-et-le-calendrier-traditionnel-tunisien\\\/212389\\\/\",\"url\":\"https:\\\/\\\/www.webdo.tn\\\/fr\\\/actualite\\\/chroniques\\\/les-trois-braises-du-printemps-et-le-calendrier-traditionnel-tunisien\\\/212389\\\/\",\"name\":\"Les trois Braises du printemps et le calendrier traditionnel tunisien\",\"isPartOf\":{\"@id\":\"https:\\\/\\\/www.webdo.tn\\\/fr\\\/#website\"},\"primaryImageOfPage\":{\"@id\":\"https:\\\/\\\/www.webdo.tn\\\/fr\\\/actualite\\\/chroniques\\\/les-trois-braises-du-printemps-et-le-calendrier-traditionnel-tunisien\\\/212389\\\/#primaryimage\"},\"image\":{\"@id\":\"https:\\\/\\\/www.webdo.tn\\\/fr\\\/actualite\\\/chroniques\\\/les-trois-braises-du-printemps-et-le-calendrier-traditionnel-tunisien\\\/212389\\\/#primaryimage\"},\"thumbnailUrl\":\"https:\\\/\\\/www.webdo.tn\\\/fr\\\/wp-content\\\/uploads\\\/2024\\\/02\\\/993d2a54ce7fd7f38ac0f7928bc51aa9.jpg\",\"datePublished\":\"2024-02-19T08:37:00+00:00\",\"description\":\"En Tunisie, la belle saison montre le bout de son nez chaque 28 f\u00e9vrier, c'est \u00e0 dire dans dix jours.\",\"breadcrumb\":{\"@id\":\"https:\\\/\\\/www.webdo.tn\\\/fr\\\/actualite\\\/chroniques\\\/les-trois-braises-du-printemps-et-le-calendrier-traditionnel-tunisien\\\/212389\\\/#breadcrumb\"},\"inLanguage\":\"fr-FR\",\"potentialAction\":[{\"@type\":\"ReadAction\",\"target\":[\"https:\\\/\\\/www.webdo.tn\\\/fr\\\/actualite\\\/chroniques\\\/les-trois-braises-du-printemps-et-le-calendrier-traditionnel-tunisien\\\/212389\\\/\"]}]},{\"@type\":\"ImageObject\",\"inLanguage\":\"fr-FR\",\"@id\":\"https:\\\/\\\/www.webdo.tn\\\/fr\\\/actualite\\\/chroniques\\\/les-trois-braises-du-printemps-et-le-calendrier-traditionnel-tunisien\\\/212389\\\/#primaryimage\",\"url\":\"https:\\\/\\\/www.webdo.tn\\\/fr\\\/wp-content\\\/uploads\\\/2024\\\/02\\\/993d2a54ce7fd7f38ac0f7928bc51aa9.jpg\",\"contentUrl\":\"https:\\\/\\\/www.webdo.tn\\\/fr\\\/wp-content\\\/uploads\\\/2024\\\/02\\\/993d2a54ce7fd7f38ac0f7928bc51aa9.jpg\",\"width\":750,\"height\":400,\"caption\":\"Les trois Braises du printemps et le calendrier traditionnel tunisien\"},{\"@type\":\"BreadcrumbList\",\"@id\":\"https:\\\/\\\/www.webdo.tn\\\/fr\\\/actualite\\\/chroniques\\\/les-trois-braises-du-printemps-et-le-calendrier-traditionnel-tunisien\\\/212389\\\/#breadcrumb\",\"itemListElement\":[{\"@type\":\"ListItem\",\"position\":1,\"name\":\"Accueil\",\"item\":\"https:\\\/\\\/www.webdo.tn\\\/fr\\\/\"},{\"@type\":\"ListItem\",\"position\":2,\"name\":\"Les trois Braises du printemps et le calendrier traditionnel tunisien\"}]},{\"@type\":\"WebSite\",\"@id\":\"https:\\\/\\\/www.webdo.tn\\\/fr\\\/#website\",\"url\":\"https:\\\/\\\/www.webdo.tn\\\/fr\\\/\",\"name\":\"webdo\",\"description\":\"Tunisie - News en Tunisie et \u00e0 l&#039;international sur Webdo.tn\",\"publisher\":{\"@id\":\"https:\\\/\\\/www.webdo.tn\\\/fr\\\/#organization\"},\"potentialAction\":[{\"@type\":\"SearchAction\",\"target\":{\"@type\":\"EntryPoint\",\"urlTemplate\":\"https:\\\/\\\/www.webdo.tn\\\/fr\\\/?s={search_term_string}\"},\"query-input\":{\"@type\":\"PropertyValueSpecification\",\"valueRequired\":true,\"valueName\":\"search_term_string\"}}],\"inLanguage\":\"fr-FR\"},{\"@type\":\"Organization\",\"@id\":\"https:\\\/\\\/www.webdo.tn\\\/fr\\\/#organization\",\"name\":\"Webdo\",\"alternateName\":\"Webdo.tn\",\"url\":\"https:\\\/\\\/www.webdo.tn\\\/fr\\\/\",\"logo\":{\"@type\":\"ImageObject\",\"inLanguage\":\"fr-FR\",\"@id\":\"https:\\\/\\\/www.webdo.tn\\\/fr\\\/#\\\/schema\\\/logo\\\/image\\\/\",\"url\":\"https:\\\/\\\/www.webdo.tn\\\/fr\\\/wp-content\\\/uploads\\\/2025\\\/06\\\/Webdo-Tunisie_168377.jpg\",\"contentUrl\":\"https:\\\/\\\/www.webdo.tn\\\/fr\\\/wp-content\\\/uploads\\\/2025\\\/06\\\/Webdo-Tunisie_168377.jpg\",\"width\":301,\"height\":301,\"caption\":\"Webdo\"},\"image\":{\"@id\":\"https:\\\/\\\/www.webdo.tn\\\/fr\\\/#\\\/schema\\\/logo\\\/image\\\/\"},\"sameAs\":[\"https:\\\/\\\/www.facebook.com\\\/webdotn\",\"https:\\\/\\\/x.com\\\/webdo_tn\"],\"description\":\"Webdo est un m\u00e9dia num\u00e9rique tunisien fond\u00e9 en 2010, sp\u00e9cialis\u00e9 dans l\u2019actualit\u00e9 nationale et internationale, l\u2019\u00e9conomie, la soci\u00e9t\u00e9 et les analyses politiques. Le site s\u2019adresse \u00e0 un large public francophone et couvre l\u2019information tunisienne en temps r\u00e9el.\",\"email\":\"redac@webdo.tn\",\"legalName\":\"YNJ SARL\",\"foundingDate\":\"2010-09-06\",\"numberOfEmployees\":{\"@type\":\"QuantitativeValue\",\"minValue\":\"11\",\"maxValue\":\"50\"}},{\"@type\":\"Person\",\"@id\":\"https:\\\/\\\/www.webdo.tn\\\/fr\\\/#\\\/schema\\\/person\\\/6bc0beba2cd23aec27cb5df85ca2554f\",\"name\":\"Hatem Bourial\",\"image\":{\"@type\":\"ImageObject\",\"inLanguage\":\"fr-FR\",\"@id\":\"https:\\\/\\\/www.webdo.tn\\\/fr\\\/wp-content\\\/uploads\\\/2026\\\/04\\\/hatem-bourial_avatar-96x96.jpg\",\"url\":\"https:\\\/\\\/www.webdo.tn\\\/fr\\\/wp-content\\\/uploads\\\/2026\\\/04\\\/hatem-bourial_avatar-96x96.jpg\",\"contentUrl\":\"https:\\\/\\\/www.webdo.tn\\\/fr\\\/wp-content\\\/uploads\\\/2026\\\/04\\\/hatem-bourial_avatar-96x96.jpg\",\"caption\":\"Hatem Bourial\"},\"description\":\"Hatem Bourial est journaliste, \u00e9crivain et chroniqueur tunisien. Actif depuis plusieurs d\u00e9cennies, il s\u2019est impos\u00e9 comme un observateur attentif de la soci\u00e9t\u00e9 tunisienne, m\u00ealant dans ses \u00e9crits m\u00e9moire, culture et analyse du quotidien. Auteur de nombreux ouvrages, il d\u00e9veloppe une \u0153uvre \u00e0 la crois\u00e9e du r\u00e9cit, de la po\u00e9sie et de l\u2019observation sociologique. Parall\u00e8lement \u00e0 ses contributions dans la presse, il intervient r\u00e9guli\u00e8rement \u00e0 la radio et dans des espaces culturels, o\u00f9 il explore les enjeux li\u00e9s au patrimoine, \u00e0 l\u2019identit\u00e9 et aux transformations du monde contemporain. \u00c0 travers ses chroniques, Hatem Bourial propose une lecture sensible et approfondie de l\u2019actualit\u00e9, nourrie par une exp\u00e9rience journalistique et litt\u00e9raire reconnue. \ud83d\udd17 Facebook : https:\\\/\\\/www.facebook.com\\\/hatem.bourial.2025\",\"sameAs\":[\"https:\\\/\\\/www.facebook.com\\\/hatem.bourial.2025\",\"https:\\\/\\\/fr.wikipedia.org\\\/wiki\\\/Fichier:Hatem_Bourial.jpg\"],\"knowsAbout\":[\"Culture & patrimoine tunisien\",\"Chronique soci\u00e9tale\",\"Litt\u00e9rature & m\u00e9moire\",\"Cin\u00e9ma & critique culturelle\",\"Identit\u00e9 & mutations sociales\"],\"knowsLanguage\":[\"Arabe\",\"Fran\u00e7ais\",\"Anglais\",\"Italien\",\"Polonais\"],\"jobTitle\":\"Journaliste, \u00e9crivain et chroniqueur culturel\",\"worksFor\":\"Webdo\",\"url\":\"https:\\\/\\\/www.webdo.tn\\\/fr\\\/actualite\\\/author\\\/hatem-bourial-2\\\/\"}]}<\/script>\n<!-- \/ Yoast SEO Premium plugin. -->","yoast_head_json":{"title":"Les trois Braises du printemps et le calendrier traditionnel tunisien","description":"En Tunisie, la belle saison montre le bout de son nez chaque 28 f\u00e9vrier, c'est \u00e0 dire dans dix jours.","canonical":"https:\/\/www.webdo.tn\/fr\/actualite\/chroniques\/les-trois-braises-du-printemps-et-le-calendrier-traditionnel-tunisien\/212389\/","og_locale":"fr_FR","og_type":"article","og_title":"Les trois Braises du printemps et le calendrier traditionnel tunisien","og_description":"En Tunisie, la belle saison montre le bout de son nez chaque 28 f\u00e9vrier, c'est \u00e0 dire dans dix jours.","og_url":"https:\/\/www.webdo.tn\/fr\/actualite\/chroniques\/les-trois-braises-du-printemps-et-le-calendrier-traditionnel-tunisien\/212389\/","og_site_name":"webdo","article_publisher":"https:\/\/www.facebook.com\/webdotn","article_author":"https:\/\/www.facebook.com\/hatem.bourial.2025","article_published_time":"2024-02-19T08:37:00+00:00","og_image":[{"width":750,"height":400,"url":"https:\/\/www.webdo.tn\/fr\/wp-content\/uploads\/2024\/02\/993d2a54ce7fd7f38ac0f7928bc51aa9.jpg","type":"image\/jpeg"}],"author":"Hatem Bourial","twitter_card":"summary_large_image","twitter_creator":"@webdo_tn","twitter_site":"@webdo_tn","twitter_misc":{"\u00c9crit par":"Hatem Bourial","Dur\u00e9e de lecture estim\u00e9e":"2 minutes"},"schema":{"@context":"https:\/\/schema.org","@graph":[{"@type":"NewsArticle","@id":"https:\/\/www.webdo.tn\/fr\/actualite\/chroniques\/les-trois-braises-du-printemps-et-le-calendrier-traditionnel-tunisien\/212389\/#article","isPartOf":{"@id":"https:\/\/www.webdo.tn\/fr\/actualite\/chroniques\/les-trois-braises-du-printemps-et-le-calendrier-traditionnel-tunisien\/212389\/"},"author":{"name":"Hatem Bourial","@id":"https:\/\/www.webdo.tn\/fr\/#\/schema\/person\/6bc0beba2cd23aec27cb5df85ca2554f"},"headline":"Les trois Braises du printemps et le calendrier traditionnel tunisien","datePublished":"2024-02-19T08:37:00+00:00","mainEntityOfPage":{"@id":"https:\/\/www.webdo.tn\/fr\/actualite\/chroniques\/les-trois-braises-du-printemps-et-le-calendrier-traditionnel-tunisien\/212389\/"},"wordCount":366,"commentCount":0,"publisher":{"@id":"https:\/\/www.webdo.tn\/fr\/#organization"},"image":{"@id":"https:\/\/www.webdo.tn\/fr\/actualite\/chroniques\/les-trois-braises-du-printemps-et-le-calendrier-traditionnel-tunisien\/212389\/#primaryimage"},"thumbnailUrl":"https:\/\/www.webdo.tn\/fr\/wp-content\/uploads\/2024\/02\/993d2a54ce7fd7f38ac0f7928bc51aa9.jpg","keywords":["printemps","Tunisie"],"articleSection":["Chroniques"],"inLanguage":"fr-FR"},{"@type":"WebPage","@id":"https:\/\/www.webdo.tn\/fr\/actualite\/chroniques\/les-trois-braises-du-printemps-et-le-calendrier-traditionnel-tunisien\/212389\/","url":"https:\/\/www.webdo.tn\/fr\/actualite\/chroniques\/les-trois-braises-du-printemps-et-le-calendrier-traditionnel-tunisien\/212389\/","name":"Les trois Braises du printemps et le calendrier traditionnel tunisien","isPartOf":{"@id":"https:\/\/www.webdo.tn\/fr\/#website"},"primaryImageOfPage":{"@id":"https:\/\/www.webdo.tn\/fr\/actualite\/chroniques\/les-trois-braises-du-printemps-et-le-calendrier-traditionnel-tunisien\/212389\/#primaryimage"},"image":{"@id":"https:\/\/www.webdo.tn\/fr\/actualite\/chroniques\/les-trois-braises-du-printemps-et-le-calendrier-traditionnel-tunisien\/212389\/#primaryimage"},"thumbnailUrl":"https:\/\/www.webdo.tn\/fr\/wp-content\/uploads\/2024\/02\/993d2a54ce7fd7f38ac0f7928bc51aa9.jpg","datePublished":"2024-02-19T08:37:00+00:00","description":"En Tunisie, la belle saison montre le bout de son nez chaque 28 f\u00e9vrier, c'est \u00e0 dire dans dix jours.","breadcrumb":{"@id":"https:\/\/www.webdo.tn\/fr\/actualite\/chroniques\/les-trois-braises-du-printemps-et-le-calendrier-traditionnel-tunisien\/212389\/#breadcrumb"},"inLanguage":"fr-FR","potentialAction":[{"@type":"ReadAction","target":["https:\/\/www.webdo.tn\/fr\/actualite\/chroniques\/les-trois-braises-du-printemps-et-le-calendrier-traditionnel-tunisien\/212389\/"]}]},{"@type":"ImageObject","inLanguage":"fr-FR","@id":"https:\/\/www.webdo.tn\/fr\/actualite\/chroniques\/les-trois-braises-du-printemps-et-le-calendrier-traditionnel-tunisien\/212389\/#primaryimage","url":"https:\/\/www.webdo.tn\/fr\/wp-content\/uploads\/2024\/02\/993d2a54ce7fd7f38ac0f7928bc51aa9.jpg","contentUrl":"https:\/\/www.webdo.tn\/fr\/wp-content\/uploads\/2024\/02\/993d2a54ce7fd7f38ac0f7928bc51aa9.jpg","width":750,"height":400,"caption":"Les trois Braises du printemps et le calendrier traditionnel tunisien"},{"@type":"BreadcrumbList","@id":"https:\/\/www.webdo.tn\/fr\/actualite\/chroniques\/les-trois-braises-du-printemps-et-le-calendrier-traditionnel-tunisien\/212389\/#breadcrumb","itemListElement":[{"@type":"ListItem","position":1,"name":"Accueil","item":"https:\/\/www.webdo.tn\/fr\/"},{"@type":"ListItem","position":2,"name":"Les trois Braises du printemps et le calendrier traditionnel tunisien"}]},{"@type":"WebSite","@id":"https:\/\/www.webdo.tn\/fr\/#website","url":"https:\/\/www.webdo.tn\/fr\/","name":"webdo","description":"Tunisie - News en Tunisie et \u00e0 l&#039;international sur Webdo.tn","publisher":{"@id":"https:\/\/www.webdo.tn\/fr\/#organization"},"potentialAction":[{"@type":"SearchAction","target":{"@type":"EntryPoint","urlTemplate":"https:\/\/www.webdo.tn\/fr\/?s={search_term_string}"},"query-input":{"@type":"PropertyValueSpecification","valueRequired":true,"valueName":"search_term_string"}}],"inLanguage":"fr-FR"},{"@type":"Organization","@id":"https:\/\/www.webdo.tn\/fr\/#organization","name":"Webdo","alternateName":"Webdo.tn","url":"https:\/\/www.webdo.tn\/fr\/","logo":{"@type":"ImageObject","inLanguage":"fr-FR","@id":"https:\/\/www.webdo.tn\/fr\/#\/schema\/logo\/image\/","url":"https:\/\/www.webdo.tn\/fr\/wp-content\/uploads\/2025\/06\/Webdo-Tunisie_168377.jpg","contentUrl":"https:\/\/www.webdo.tn\/fr\/wp-content\/uploads\/2025\/06\/Webdo-Tunisie_168377.jpg","width":301,"height":301,"caption":"Webdo"},"image":{"@id":"https:\/\/www.webdo.tn\/fr\/#\/schema\/logo\/image\/"},"sameAs":["https:\/\/www.facebook.com\/webdotn","https:\/\/x.com\/webdo_tn"],"description":"Webdo est un m\u00e9dia num\u00e9rique tunisien fond\u00e9 en 2010, sp\u00e9cialis\u00e9 dans l\u2019actualit\u00e9 nationale et internationale, l\u2019\u00e9conomie, la soci\u00e9t\u00e9 et les analyses politiques. Le site s\u2019adresse \u00e0 un large public francophone et couvre l\u2019information tunisienne en temps r\u00e9el.","email":"redac@webdo.tn","legalName":"YNJ SARL","foundingDate":"2010-09-06","numberOfEmployees":{"@type":"QuantitativeValue","minValue":"11","maxValue":"50"}},{"@type":"Person","@id":"https:\/\/www.webdo.tn\/fr\/#\/schema\/person\/6bc0beba2cd23aec27cb5df85ca2554f","name":"Hatem Bourial","image":{"@type":"ImageObject","inLanguage":"fr-FR","@id":"https:\/\/www.webdo.tn\/fr\/wp-content\/uploads\/2026\/04\/hatem-bourial_avatar-96x96.jpg","url":"https:\/\/www.webdo.tn\/fr\/wp-content\/uploads\/2026\/04\/hatem-bourial_avatar-96x96.jpg","contentUrl":"https:\/\/www.webdo.tn\/fr\/wp-content\/uploads\/2026\/04\/hatem-bourial_avatar-96x96.jpg","caption":"Hatem Bourial"},"description":"Hatem Bourial est journaliste, \u00e9crivain et chroniqueur tunisien. Actif depuis plusieurs d\u00e9cennies, il s\u2019est impos\u00e9 comme un observateur attentif de la soci\u00e9t\u00e9 tunisienne, m\u00ealant dans ses \u00e9crits m\u00e9moire, culture et analyse du quotidien. Auteur de nombreux ouvrages, il d\u00e9veloppe une \u0153uvre \u00e0 la crois\u00e9e du r\u00e9cit, de la po\u00e9sie et de l\u2019observation sociologique. Parall\u00e8lement \u00e0 ses contributions dans la presse, il intervient r\u00e9guli\u00e8rement \u00e0 la radio et dans des espaces culturels, o\u00f9 il explore les enjeux li\u00e9s au patrimoine, \u00e0 l\u2019identit\u00e9 et aux transformations du monde contemporain. \u00c0 travers ses chroniques, Hatem Bourial propose une lecture sensible et approfondie de l\u2019actualit\u00e9, nourrie par une exp\u00e9rience journalistique et litt\u00e9raire reconnue. \ud83d\udd17 Facebook : https:\/\/www.facebook.com\/hatem.bourial.2025","sameAs":["https:\/\/www.facebook.com\/hatem.bourial.2025","https:\/\/fr.wikipedia.org\/wiki\/Fichier:Hatem_Bourial.jpg"],"knowsAbout":["Culture & patrimoine tunisien","Chronique soci\u00e9tale","Litt\u00e9rature & m\u00e9moire","Cin\u00e9ma & critique culturelle","Identit\u00e9 & mutations sociales"],"knowsLanguage":["Arabe","Fran\u00e7ais","Anglais","Italien","Polonais"],"jobTitle":"Journaliste, \u00e9crivain et chroniqueur culturel","worksFor":"Webdo","url":"https:\/\/www.webdo.tn\/fr\/actualite\/author\/hatem-bourial-2\/"}]}},"_links":{"self":[{"href":"https:\/\/www.webdo.tn\/fr\/wp-json\/wp\/v2\/posts\/212389","targetHints":{"allow":["GET"]}}],"collection":[{"href":"https:\/\/www.webdo.tn\/fr\/wp-json\/wp\/v2\/posts"}],"about":[{"href":"https:\/\/www.webdo.tn\/fr\/wp-json\/wp\/v2\/types\/post"}],"author":[{"embeddable":true,"href":"https:\/\/www.webdo.tn\/fr\/wp-json\/wp\/v2\/users\/3229"}],"replies":[{"embeddable":true,"href":"https:\/\/www.webdo.tn\/fr\/wp-json\/wp\/v2\/comments?post=212389"}],"version-history":[{"count":0,"href":"https:\/\/www.webdo.tn\/fr\/wp-json\/wp\/v2\/posts\/212389\/revisions"}],"wp:featuredmedia":[{"embeddable":true,"href":"https:\/\/www.webdo.tn\/fr\/wp-json\/wp\/v2\/media\/290258"}],"wp:attachment":[{"href":"https:\/\/www.webdo.tn\/fr\/wp-json\/wp\/v2\/media?parent=212389"}],"wp:term":[{"taxonomy":"category","embeddable":true,"href":"https:\/\/www.webdo.tn\/fr\/wp-json\/wp\/v2\/categories?post=212389"},{"taxonomy":"post_tag","embeddable":true,"href":"https:\/\/www.webdo.tn\/fr\/wp-json\/wp\/v2\/tags?post=212389"}],"curies":[{"name":"wp","href":"https:\/\/api.w.org\/{rel}","templated":true}]}}