{"id":212386,"date":"2024-02-18T15:38:00","date_gmt":"2024-02-18T15:38:00","guid":{"rendered":"https:\/\/www.webdo.tn\/fr\/blog\/lula-compare-l-entite-sioniste-au-regime-hitlerien-et-l-accuse-de-genocide-a-gaza\/212386\/"},"modified":"2025-05-20T22:11:55","modified_gmt":"2025-05-20T22:11:55","slug":"lula-compare-l-entite-sioniste-au-regime-hitlerien-et-l-accuse-de-genocide-a-gaza","status":"publish","type":"post","link":"https:\/\/www.webdo.tn\/fr\/actualite\/international\/lula-compare-l-entite-sioniste-au-regime-hitlerien-et-l-accuse-de-genocide-a-gaza\/212386\/","title":{"rendered":"Lula compare l\u2019entit\u00e9 sioniste au r\u00e9gime hitl\u00e9rien et l\u2019accuse de \u00ab\u00a0g\u00e9nocide\u00a0\u00bb \u00e0 Gaza"},"content":{"rendered":"<p>Pr\u00e9sent \u00e0 Addis-Abeba en Ethiopie, o\u00f9 il participe au 37e sommet de l&rsquo;Union africaine, le pr\u00e9sident br\u00e9silien, Luiz Inacio Lula da Silva, a accus\u00e9, aujourd\u2019hui, l\u2019entit\u00e9 sioniste de g\u00e9nocide.<\/p>\n<p>\t\t\t\t\t\t\t\t\tLe pr\u00e9sident br\u00e9silien a d\u00e9clar\u00e9, ce dimanche 18 f\u00e9vrier 2024, aux journalistes \u00e0 Addis-Abeba, que \u00ab\u00a0ce qui se passe dans la bande de Gaza n&rsquo;est pas une guerre, c&rsquo;est un g\u00e9nocide\u00a0\u00bb, accusant l\u2019entit\u00e9 sioniste d\u2019avoir commis un g\u00e9nocide contre les civils palestiniens dans la bande de Gaza et comparant ce que fait l\u2019\u00c9tat h\u00e9breu \u00e0 l&rsquo;extermination des juifs mise en \u0153uvre par le r\u00e9gime hitl\u00e9rien pendant la Seconde Guerre mondiale.<\/p>\n<p>\u00ab\u00a0Ce qui se passe dans la bande de Gaza avec le peuple palestinien ne s&rsquo;est produit \u00e0 aucun autre moment de l&rsquo;histoire. En fait, cela s&rsquo;\u00e9tait d\u00e9j\u00e0 produit lorsque Hitler a d\u00e9cid\u00e9 d\u2019exterminer les Juifs\u00a0\u00bb, a-t-il dit.<\/p>\n<p>Dans un discours prononc\u00e9, jeudi 15 f\u00e9vrier devant la Ligue arabe, Lula da Silva a d\u00e9nonc\u00e9 \u00ab\u00a0une punition collective\u00a0\u00bb inflig\u00e9e aux Palestiniens, indiquant qu&rsquo;il n&rsquo;y aurait pas de paix sans la cr\u00e9ation d&rsquo;un \u00c9tat palestinien et a appel\u00e9 \u00e0 un cessez-le-feu imm\u00e9diat pour permettre l&rsquo;aide humanitaire \u00e0 Gaza.<\/p>\n<p>Il a d\u00e9clar\u00e9 que la Palestine doit \u00eatre reconnue comme un \u00c9tat souverain et accept\u00e9e au sein des Nations Unies en tant qu&rsquo;\u00c9tat membre \u00e0 part enti\u00e8re, et a appel\u00e9 \u00e0 des r\u00e9formes du Conseil de s\u00e9curit\u00e9 des Nations Unies.<\/p>\n","protected":false},"excerpt":{"rendered":"<p>Gaza : le pr\u00e9sident br\u00e9silien Lula accuse l&rsquo;entit\u00e9 sioniste de \u00ab g\u00e9nocide \u00bb<\/p>\n","protected":false},"author":3162,"featured_media":290254,"comment_status":"open","ping_status":"closed","sticky":false,"template":"","format":"standard","meta":{"footnotes":""},"categories":[2598],"tags":[10012,9781,2689,2636,9064,2688],"class_list":["post-212386","post","type-post","status-publish","format-standard","has-post-thumbnail","hentry","category-international","tag-hitler","tag-entite-sioniste","tag-gaza","tag-israel","tag-lula","tag-palestine"],"yoast_head":"<!-- This site is optimized with the Yoast SEO Premium plugin v27.5 (Yoast SEO v27.5) - https:\/\/yoast.com\/product\/yoast-seo-premium-wordpress\/ -->\n<title>Lula compare l\u2019entit\u00e9 sioniste au r\u00e9gime hitl\u00e9rien et l\u2019accuse de g\u00e9nocide \u00e0 Gaza<\/title>\n<meta name=\"description\" content=\"Gaza : le pr\u00e9sident br\u00e9silien Lula accuse l&#039;entit\u00e9 sioniste de \u00ab g\u00e9nocide \u00bb\" \/>\n<link rel=\"canonical\" href=\"https:\/\/www.webdo.tn\/fr\/actualite\/international\/lula-compare-l-entite-sioniste-au-regime-hitlerien-et-l-accuse-de-genocide-a-gaza\/212386\/\" \/>\n<meta property=\"og:locale\" content=\"fr_FR\" \/>\n<meta property=\"og:type\" content=\"article\" \/>\n<meta property=\"og:title\" content=\"Lula compare l\u2019entit\u00e9 sioniste au r\u00e9gime hitl\u00e9rien et l\u2019accuse de &quot;g\u00e9nocide&quot; \u00e0 Gaza\" \/>\n<meta property=\"og:description\" content=\"Gaza : le pr\u00e9sident br\u00e9silien Lula accuse l&#039;entit\u00e9 sioniste de \u00ab g\u00e9nocide \u00bb\" \/>\n<meta property=\"og:url\" content=\"https:\/\/www.webdo.tn\/fr\/actualite\/international\/lula-compare-l-entite-sioniste-au-regime-hitlerien-et-l-accuse-de-genocide-a-gaza\/212386\/\" \/>\n<meta property=\"og:site_name\" content=\"webdo\" \/>\n<meta property=\"article:publisher\" content=\"https:\/\/www.facebook.com\/webdotn\" \/>\n<meta property=\"article:published_time\" content=\"2024-02-18T15:38:00+00:00\" \/>\n<meta property=\"article:modified_time\" content=\"2025-05-20T22:11:55+00:00\" \/>\n<meta property=\"og:image\" content=\"https:\/\/www.webdo.tn\/fr\/wp-content\/uploads\/2024\/02\/477b0a064deb9648d7a20ca1727ee0a1.jpg\" \/>\n\t<meta property=\"og:image:width\" content=\"750\" \/>\n\t<meta property=\"og:image:height\" content=\"400\" \/>\n\t<meta property=\"og:image:type\" content=\"image\/jpeg\" \/>\n<meta name=\"author\" content=\"MC\" \/>\n<meta name=\"twitter:card\" content=\"summary_large_image\" \/>\n<meta name=\"twitter:creator\" content=\"@webdo_tn\" \/>\n<meta name=\"twitter:site\" content=\"@webdo_tn\" \/>\n<meta name=\"twitter:label1\" content=\"\u00c9crit par\" \/>\n\t<meta name=\"twitter:data1\" content=\"MC\" \/>\n\t<meta name=\"twitter:label2\" content=\"Dur\u00e9e de lecture estim\u00e9e\" \/>\n\t<meta name=\"twitter:data2\" content=\"1 minute\" \/>\n<script type=\"application\/ld+json\" class=\"yoast-schema-graph\">{\"@context\":\"https:\\\/\\\/schema.org\",\"@graph\":[{\"@type\":\"NewsArticle\",\"@id\":\"https:\\\/\\\/www.webdo.tn\\\/fr\\\/actualite\\\/international\\\/lula-compare-l-entite-sioniste-au-regime-hitlerien-et-l-accuse-de-genocide-a-gaza\\\/212386\\\/#article\",\"isPartOf\":{\"@id\":\"https:\\\/\\\/www.webdo.tn\\\/fr\\\/actualite\\\/international\\\/lula-compare-l-entite-sioniste-au-regime-hitlerien-et-l-accuse-de-genocide-a-gaza\\\/212386\\\/\"},\"author\":{\"name\":\"MC\",\"@id\":\"https:\\\/\\\/www.webdo.tn\\\/fr\\\/#\\\/schema\\\/person\\\/2c4929cbf5a809e3bd38617c6ce150f6\"},\"headline\":\"Lula compare l\u2019entit\u00e9 sioniste au r\u00e9gime hitl\u00e9rien et l\u2019accuse de \u00ab\u00a0g\u00e9nocide\u00a0\u00bb \u00e0 Gaza\",\"datePublished\":\"2024-02-18T15:38:00+00:00\",\"dateModified\":\"2025-05-20T22:11:55+00:00\",\"mainEntityOfPage\":{\"@id\":\"https:\\\/\\\/www.webdo.tn\\\/fr\\\/actualite\\\/international\\\/lula-compare-l-entite-sioniste-au-regime-hitlerien-et-l-accuse-de-genocide-a-gaza\\\/212386\\\/\"},\"wordCount\":273,\"commentCount\":0,\"publisher\":{\"@id\":\"https:\\\/\\\/www.webdo.tn\\\/fr\\\/#organization\"},\"image\":{\"@id\":\"https:\\\/\\\/www.webdo.tn\\\/fr\\\/actualite\\\/international\\\/lula-compare-l-entite-sioniste-au-regime-hitlerien-et-l-accuse-de-genocide-a-gaza\\\/212386\\\/#primaryimage\"},\"thumbnailUrl\":\"https:\\\/\\\/www.webdo.tn\\\/fr\\\/wp-content\\\/uploads\\\/2024\\\/02\\\/477b0a064deb9648d7a20ca1727ee0a1.jpg\",\"keywords\":[\"'hitler']\",\"entit\u00e9 sioniste\",\"Gaza\",\"isra\u00ebl\",\"Lula\",\"Palestine\"],\"articleSection\":[\"International\"],\"inLanguage\":\"fr-FR\"},{\"@type\":\"WebPage\",\"@id\":\"https:\\\/\\\/www.webdo.tn\\\/fr\\\/actualite\\\/international\\\/lula-compare-l-entite-sioniste-au-regime-hitlerien-et-l-accuse-de-genocide-a-gaza\\\/212386\\\/\",\"url\":\"https:\\\/\\\/www.webdo.tn\\\/fr\\\/actualite\\\/international\\\/lula-compare-l-entite-sioniste-au-regime-hitlerien-et-l-accuse-de-genocide-a-gaza\\\/212386\\\/\",\"name\":\"Lula compare l\u2019entit\u00e9 sioniste au r\u00e9gime hitl\u00e9rien et l\u2019accuse de g\u00e9nocide \u00e0 Gaza\",\"isPartOf\":{\"@id\":\"https:\\\/\\\/www.webdo.tn\\\/fr\\\/#website\"},\"primaryImageOfPage\":{\"@id\":\"https:\\\/\\\/www.webdo.tn\\\/fr\\\/actualite\\\/international\\\/lula-compare-l-entite-sioniste-au-regime-hitlerien-et-l-accuse-de-genocide-a-gaza\\\/212386\\\/#primaryimage\"},\"image\":{\"@id\":\"https:\\\/\\\/www.webdo.tn\\\/fr\\\/actualite\\\/international\\\/lula-compare-l-entite-sioniste-au-regime-hitlerien-et-l-accuse-de-genocide-a-gaza\\\/212386\\\/#primaryimage\"},\"thumbnailUrl\":\"https:\\\/\\\/www.webdo.tn\\\/fr\\\/wp-content\\\/uploads\\\/2024\\\/02\\\/477b0a064deb9648d7a20ca1727ee0a1.jpg\",\"datePublished\":\"2024-02-18T15:38:00+00:00\",\"dateModified\":\"2025-05-20T22:11:55+00:00\",\"description\":\"Gaza : le pr\u00e9sident br\u00e9silien Lula accuse l'entit\u00e9 sioniste de \u00ab g\u00e9nocide \u00bb\",\"breadcrumb\":{\"@id\":\"https:\\\/\\\/www.webdo.tn\\\/fr\\\/actualite\\\/international\\\/lula-compare-l-entite-sioniste-au-regime-hitlerien-et-l-accuse-de-genocide-a-gaza\\\/212386\\\/#breadcrumb\"},\"inLanguage\":\"fr-FR\",\"potentialAction\":[{\"@type\":\"ReadAction\",\"target\":[\"https:\\\/\\\/www.webdo.tn\\\/fr\\\/actualite\\\/international\\\/lula-compare-l-entite-sioniste-au-regime-hitlerien-et-l-accuse-de-genocide-a-gaza\\\/212386\\\/\"]}]},{\"@type\":\"ImageObject\",\"inLanguage\":\"fr-FR\",\"@id\":\"https:\\\/\\\/www.webdo.tn\\\/fr\\\/actualite\\\/international\\\/lula-compare-l-entite-sioniste-au-regime-hitlerien-et-l-accuse-de-genocide-a-gaza\\\/212386\\\/#primaryimage\",\"url\":\"https:\\\/\\\/www.webdo.tn\\\/fr\\\/wp-content\\\/uploads\\\/2024\\\/02\\\/477b0a064deb9648d7a20ca1727ee0a1.jpg\",\"contentUrl\":\"https:\\\/\\\/www.webdo.tn\\\/fr\\\/wp-content\\\/uploads\\\/2024\\\/02\\\/477b0a064deb9648d7a20ca1727ee0a1.jpg\",\"width\":750,\"height\":400,\"caption\":\"Lula compare l\u2019entit\u00e9 sioniste au r\u00e9gime hitl\u00e9rien et l\u2019accuse de \\\"g\u00e9nocide\\\" \u00e0 Gaza\"},{\"@type\":\"BreadcrumbList\",\"@id\":\"https:\\\/\\\/www.webdo.tn\\\/fr\\\/actualite\\\/international\\\/lula-compare-l-entite-sioniste-au-regime-hitlerien-et-l-accuse-de-genocide-a-gaza\\\/212386\\\/#breadcrumb\",\"itemListElement\":[{\"@type\":\"ListItem\",\"position\":1,\"name\":\"Accueil\",\"item\":\"https:\\\/\\\/www.webdo.tn\\\/fr\\\/\"},{\"@type\":\"ListItem\",\"position\":2,\"name\":\"Lula compare l\u2019entit\u00e9 sioniste au r\u00e9gime hitl\u00e9rien et l\u2019accuse de \u00ab\u00a0g\u00e9nocide\u00a0\u00bb \u00e0 Gaza\"}]},{\"@type\":\"WebSite\",\"@id\":\"https:\\\/\\\/www.webdo.tn\\\/fr\\\/#website\",\"url\":\"https:\\\/\\\/www.webdo.tn\\\/fr\\\/\",\"name\":\"webdo\",\"description\":\"Tunisie - News en Tunisie et \u00e0 l&#039;international sur Webdo.tn\",\"publisher\":{\"@id\":\"https:\\\/\\\/www.webdo.tn\\\/fr\\\/#organization\"},\"potentialAction\":[{\"@type\":\"SearchAction\",\"target\":{\"@type\":\"EntryPoint\",\"urlTemplate\":\"https:\\\/\\\/www.webdo.tn\\\/fr\\\/?s={search_term_string}\"},\"query-input\":{\"@type\":\"PropertyValueSpecification\",\"valueRequired\":true,\"valueName\":\"search_term_string\"}}],\"inLanguage\":\"fr-FR\"},{\"@type\":\"Organization\",\"@id\":\"https:\\\/\\\/www.webdo.tn\\\/fr\\\/#organization\",\"name\":\"Webdo\",\"alternateName\":\"Webdo.tn\",\"url\":\"https:\\\/\\\/www.webdo.tn\\\/fr\\\/\",\"logo\":{\"@type\":\"ImageObject\",\"inLanguage\":\"fr-FR\",\"@id\":\"https:\\\/\\\/www.webdo.tn\\\/fr\\\/#\\\/schema\\\/logo\\\/image\\\/\",\"url\":\"https:\\\/\\\/www.webdo.tn\\\/fr\\\/wp-content\\\/uploads\\\/2025\\\/06\\\/Webdo-Tunisie_168377.jpg\",\"contentUrl\":\"https:\\\/\\\/www.webdo.tn\\\/fr\\\/wp-content\\\/uploads\\\/2025\\\/06\\\/Webdo-Tunisie_168377.jpg\",\"width\":301,\"height\":301,\"caption\":\"Webdo\"},\"image\":{\"@id\":\"https:\\\/\\\/www.webdo.tn\\\/fr\\\/#\\\/schema\\\/logo\\\/image\\\/\"},\"sameAs\":[\"https:\\\/\\\/www.facebook.com\\\/webdotn\",\"https:\\\/\\\/x.com\\\/webdo_tn\"],\"description\":\"Webdo est un m\u00e9dia num\u00e9rique tunisien fond\u00e9 en 2010, sp\u00e9cialis\u00e9 dans l\u2019actualit\u00e9 nationale et internationale, l\u2019\u00e9conomie, la soci\u00e9t\u00e9 et les analyses politiques. Le site s\u2019adresse \u00e0 un large public francophone et couvre l\u2019information tunisienne en temps r\u00e9el.\",\"email\":\"redac@webdo.tn\",\"legalName\":\"YNJ SARL\",\"foundingDate\":\"2010-09-06\",\"numberOfEmployees\":{\"@type\":\"QuantitativeValue\",\"minValue\":\"11\",\"maxValue\":\"50\"}},{\"@type\":\"Person\",\"@id\":\"https:\\\/\\\/www.webdo.tn\\\/fr\\\/#\\\/schema\\\/person\\\/2c4929cbf5a809e3bd38617c6ce150f6\",\"name\":\"MC\",\"image\":{\"@type\":\"ImageObject\",\"inLanguage\":\"fr-FR\",\"@id\":\"https:\\\/\\\/secure.gravatar.com\\\/avatar\\\/a545bbb6f84efdd5553dbbc2895e3ca8f1d12c5215e00a041c9670b54aa9b18a?s=96&d=mm&r=g\",\"url\":\"https:\\\/\\\/secure.gravatar.com\\\/avatar\\\/a545bbb6f84efdd5553dbbc2895e3ca8f1d12c5215e00a041c9670b54aa9b18a?s=96&d=mm&r=g\",\"contentUrl\":\"https:\\\/\\\/secure.gravatar.com\\\/avatar\\\/a545bbb6f84efdd5553dbbc2895e3ca8f1d12c5215e00a041c9670b54aa9b18a?s=96&d=mm&r=g\",\"caption\":\"MC\"},\"url\":\"https:\\\/\\\/www.webdo.tn\\\/fr\\\/actualite\\\/author\\\/mc\\\/\"}]}<\/script>\n<!-- \/ Yoast SEO Premium plugin. -->","yoast_head_json":{"title":"Lula compare l\u2019entit\u00e9 sioniste au r\u00e9gime hitl\u00e9rien et l\u2019accuse de g\u00e9nocide \u00e0 Gaza","description":"Gaza : le pr\u00e9sident br\u00e9silien Lula accuse l'entit\u00e9 sioniste de \u00ab g\u00e9nocide \u00bb","canonical":"https:\/\/www.webdo.tn\/fr\/actualite\/international\/lula-compare-l-entite-sioniste-au-regime-hitlerien-et-l-accuse-de-genocide-a-gaza\/212386\/","og_locale":"fr_FR","og_type":"article","og_title":"Lula compare l\u2019entit\u00e9 sioniste au r\u00e9gime hitl\u00e9rien et l\u2019accuse de \"g\u00e9nocide\" \u00e0 Gaza","og_description":"Gaza : le pr\u00e9sident br\u00e9silien Lula accuse l'entit\u00e9 sioniste de \u00ab g\u00e9nocide \u00bb","og_url":"https:\/\/www.webdo.tn\/fr\/actualite\/international\/lula-compare-l-entite-sioniste-au-regime-hitlerien-et-l-accuse-de-genocide-a-gaza\/212386\/","og_site_name":"webdo","article_publisher":"https:\/\/www.facebook.com\/webdotn","article_published_time":"2024-02-18T15:38:00+00:00","article_modified_time":"2025-05-20T22:11:55+00:00","og_image":[{"width":750,"height":400,"url":"https:\/\/www.webdo.tn\/fr\/wp-content\/uploads\/2024\/02\/477b0a064deb9648d7a20ca1727ee0a1.jpg","type":"image\/jpeg"}],"author":"MC","twitter_card":"summary_large_image","twitter_creator":"@webdo_tn","twitter_site":"@webdo_tn","twitter_misc":{"\u00c9crit par":"MC","Dur\u00e9e de lecture estim\u00e9e":"1 minute"},"schema":{"@context":"https:\/\/schema.org","@graph":[{"@type":"NewsArticle","@id":"https:\/\/www.webdo.tn\/fr\/actualite\/international\/lula-compare-l-entite-sioniste-au-regime-hitlerien-et-l-accuse-de-genocide-a-gaza\/212386\/#article","isPartOf":{"@id":"https:\/\/www.webdo.tn\/fr\/actualite\/international\/lula-compare-l-entite-sioniste-au-regime-hitlerien-et-l-accuse-de-genocide-a-gaza\/212386\/"},"author":{"name":"MC","@id":"https:\/\/www.webdo.tn\/fr\/#\/schema\/person\/2c4929cbf5a809e3bd38617c6ce150f6"},"headline":"Lula compare l\u2019entit\u00e9 sioniste au r\u00e9gime hitl\u00e9rien et l\u2019accuse de \u00ab\u00a0g\u00e9nocide\u00a0\u00bb \u00e0 Gaza","datePublished":"2024-02-18T15:38:00+00:00","dateModified":"2025-05-20T22:11:55+00:00","mainEntityOfPage":{"@id":"https:\/\/www.webdo.tn\/fr\/actualite\/international\/lula-compare-l-entite-sioniste-au-regime-hitlerien-et-l-accuse-de-genocide-a-gaza\/212386\/"},"wordCount":273,"commentCount":0,"publisher":{"@id":"https:\/\/www.webdo.tn\/fr\/#organization"},"image":{"@id":"https:\/\/www.webdo.tn\/fr\/actualite\/international\/lula-compare-l-entite-sioniste-au-regime-hitlerien-et-l-accuse-de-genocide-a-gaza\/212386\/#primaryimage"},"thumbnailUrl":"https:\/\/www.webdo.tn\/fr\/wp-content\/uploads\/2024\/02\/477b0a064deb9648d7a20ca1727ee0a1.jpg","keywords":["'hitler']","entit\u00e9 sioniste","Gaza","isra\u00ebl","Lula","Palestine"],"articleSection":["International"],"inLanguage":"fr-FR"},{"@type":"WebPage","@id":"https:\/\/www.webdo.tn\/fr\/actualite\/international\/lula-compare-l-entite-sioniste-au-regime-hitlerien-et-l-accuse-de-genocide-a-gaza\/212386\/","url":"https:\/\/www.webdo.tn\/fr\/actualite\/international\/lula-compare-l-entite-sioniste-au-regime-hitlerien-et-l-accuse-de-genocide-a-gaza\/212386\/","name":"Lula compare l\u2019entit\u00e9 sioniste au r\u00e9gime hitl\u00e9rien et l\u2019accuse de g\u00e9nocide \u00e0 Gaza","isPartOf":{"@id":"https:\/\/www.webdo.tn\/fr\/#website"},"primaryImageOfPage":{"@id":"https:\/\/www.webdo.tn\/fr\/actualite\/international\/lula-compare-l-entite-sioniste-au-regime-hitlerien-et-l-accuse-de-genocide-a-gaza\/212386\/#primaryimage"},"image":{"@id":"https:\/\/www.webdo.tn\/fr\/actualite\/international\/lula-compare-l-entite-sioniste-au-regime-hitlerien-et-l-accuse-de-genocide-a-gaza\/212386\/#primaryimage"},"thumbnailUrl":"https:\/\/www.webdo.tn\/fr\/wp-content\/uploads\/2024\/02\/477b0a064deb9648d7a20ca1727ee0a1.jpg","datePublished":"2024-02-18T15:38:00+00:00","dateModified":"2025-05-20T22:11:55+00:00","description":"Gaza : le pr\u00e9sident br\u00e9silien Lula accuse l'entit\u00e9 sioniste de \u00ab g\u00e9nocide \u00bb","breadcrumb":{"@id":"https:\/\/www.webdo.tn\/fr\/actualite\/international\/lula-compare-l-entite-sioniste-au-regime-hitlerien-et-l-accuse-de-genocide-a-gaza\/212386\/#breadcrumb"},"inLanguage":"fr-FR","potentialAction":[{"@type":"ReadAction","target":["https:\/\/www.webdo.tn\/fr\/actualite\/international\/lula-compare-l-entite-sioniste-au-regime-hitlerien-et-l-accuse-de-genocide-a-gaza\/212386\/"]}]},{"@type":"ImageObject","inLanguage":"fr-FR","@id":"https:\/\/www.webdo.tn\/fr\/actualite\/international\/lula-compare-l-entite-sioniste-au-regime-hitlerien-et-l-accuse-de-genocide-a-gaza\/212386\/#primaryimage","url":"https:\/\/www.webdo.tn\/fr\/wp-content\/uploads\/2024\/02\/477b0a064deb9648d7a20ca1727ee0a1.jpg","contentUrl":"https:\/\/www.webdo.tn\/fr\/wp-content\/uploads\/2024\/02\/477b0a064deb9648d7a20ca1727ee0a1.jpg","width":750,"height":400,"caption":"Lula compare l\u2019entit\u00e9 sioniste au r\u00e9gime hitl\u00e9rien et l\u2019accuse de \"g\u00e9nocide\" \u00e0 Gaza"},{"@type":"BreadcrumbList","@id":"https:\/\/www.webdo.tn\/fr\/actualite\/international\/lula-compare-l-entite-sioniste-au-regime-hitlerien-et-l-accuse-de-genocide-a-gaza\/212386\/#breadcrumb","itemListElement":[{"@type":"ListItem","position":1,"name":"Accueil","item":"https:\/\/www.webdo.tn\/fr\/"},{"@type":"ListItem","position":2,"name":"Lula compare l\u2019entit\u00e9 sioniste au r\u00e9gime hitl\u00e9rien et l\u2019accuse de \u00ab\u00a0g\u00e9nocide\u00a0\u00bb \u00e0 Gaza"}]},{"@type":"WebSite","@id":"https:\/\/www.webdo.tn\/fr\/#website","url":"https:\/\/www.webdo.tn\/fr\/","name":"webdo","description":"Tunisie - News en Tunisie et \u00e0 l&#039;international sur Webdo.tn","publisher":{"@id":"https:\/\/www.webdo.tn\/fr\/#organization"},"potentialAction":[{"@type":"SearchAction","target":{"@type":"EntryPoint","urlTemplate":"https:\/\/www.webdo.tn\/fr\/?s={search_term_string}"},"query-input":{"@type":"PropertyValueSpecification","valueRequired":true,"valueName":"search_term_string"}}],"inLanguage":"fr-FR"},{"@type":"Organization","@id":"https:\/\/www.webdo.tn\/fr\/#organization","name":"Webdo","alternateName":"Webdo.tn","url":"https:\/\/www.webdo.tn\/fr\/","logo":{"@type":"ImageObject","inLanguage":"fr-FR","@id":"https:\/\/www.webdo.tn\/fr\/#\/schema\/logo\/image\/","url":"https:\/\/www.webdo.tn\/fr\/wp-content\/uploads\/2025\/06\/Webdo-Tunisie_168377.jpg","contentUrl":"https:\/\/www.webdo.tn\/fr\/wp-content\/uploads\/2025\/06\/Webdo-Tunisie_168377.jpg","width":301,"height":301,"caption":"Webdo"},"image":{"@id":"https:\/\/www.webdo.tn\/fr\/#\/schema\/logo\/image\/"},"sameAs":["https:\/\/www.facebook.com\/webdotn","https:\/\/x.com\/webdo_tn"],"description":"Webdo est un m\u00e9dia num\u00e9rique tunisien fond\u00e9 en 2010, sp\u00e9cialis\u00e9 dans l\u2019actualit\u00e9 nationale et internationale, l\u2019\u00e9conomie, la soci\u00e9t\u00e9 et les analyses politiques. Le site s\u2019adresse \u00e0 un large public francophone et couvre l\u2019information tunisienne en temps r\u00e9el.","email":"redac@webdo.tn","legalName":"YNJ SARL","foundingDate":"2010-09-06","numberOfEmployees":{"@type":"QuantitativeValue","minValue":"11","maxValue":"50"}},{"@type":"Person","@id":"https:\/\/www.webdo.tn\/fr\/#\/schema\/person\/2c4929cbf5a809e3bd38617c6ce150f6","name":"MC","image":{"@type":"ImageObject","inLanguage":"fr-FR","@id":"https:\/\/secure.gravatar.com\/avatar\/a545bbb6f84efdd5553dbbc2895e3ca8f1d12c5215e00a041c9670b54aa9b18a?s=96&d=mm&r=g","url":"https:\/\/secure.gravatar.com\/avatar\/a545bbb6f84efdd5553dbbc2895e3ca8f1d12c5215e00a041c9670b54aa9b18a?s=96&d=mm&r=g","contentUrl":"https:\/\/secure.gravatar.com\/avatar\/a545bbb6f84efdd5553dbbc2895e3ca8f1d12c5215e00a041c9670b54aa9b18a?s=96&d=mm&r=g","caption":"MC"},"url":"https:\/\/www.webdo.tn\/fr\/actualite\/author\/mc\/"}]}},"_links":{"self":[{"href":"https:\/\/www.webdo.tn\/fr\/wp-json\/wp\/v2\/posts\/212386","targetHints":{"allow":["GET"]}}],"collection":[{"href":"https:\/\/www.webdo.tn\/fr\/wp-json\/wp\/v2\/posts"}],"about":[{"href":"https:\/\/www.webdo.tn\/fr\/wp-json\/wp\/v2\/types\/post"}],"author":[{"embeddable":true,"href":"https:\/\/www.webdo.tn\/fr\/wp-json\/wp\/v2\/users\/3162"}],"replies":[{"embeddable":true,"href":"https:\/\/www.webdo.tn\/fr\/wp-json\/wp\/v2\/comments?post=212386"}],"version-history":[{"count":0,"href":"https:\/\/www.webdo.tn\/fr\/wp-json\/wp\/v2\/posts\/212386\/revisions"}],"wp:featuredmedia":[{"embeddable":true,"href":"https:\/\/www.webdo.tn\/fr\/wp-json\/wp\/v2\/media\/290254"}],"wp:attachment":[{"href":"https:\/\/www.webdo.tn\/fr\/wp-json\/wp\/v2\/media?parent=212386"}],"wp:term":[{"taxonomy":"category","embeddable":true,"href":"https:\/\/www.webdo.tn\/fr\/wp-json\/wp\/v2\/categories?post=212386"},{"taxonomy":"post_tag","embeddable":true,"href":"https:\/\/www.webdo.tn\/fr\/wp-json\/wp\/v2\/tags?post=212386"}],"curies":[{"name":"wp","href":"https:\/\/api.w.org\/{rel}","templated":true}]}}