{"id":212383,"date":"2024-02-18T12:22:00","date_gmt":"2024-02-18T12:22:00","guid":{"rendered":"https:\/\/www.webdo.tn\/fr\/blog\/le-batonnier-des-avocats-tunisiens-devant-la-cpi-pour-poursuivre-l-entite-sioniste\/212383\/"},"modified":"2025-05-20T22:11:53","modified_gmt":"2025-05-20T22:11:53","slug":"le-batonnier-des-avocats-tunisiens-devant-la-cpi-pour-poursuivre-l-entite-sioniste","status":"publish","type":"post","link":"https:\/\/www.webdo.tn\/fr\/actualite\/national\/le-batonnier-des-avocats-tunisiens-devant-la-cpi-pour-poursuivre-l-entite-sioniste\/212383\/","title":{"rendered":"Le b\u00e2tonnier des avocats tunisiens devant la CPI pour poursuivre l&rsquo;entit\u00e9 sioniste"},"content":{"rendered":"<p>Le b\u00e2tonnier des avocats, Me Hatem Mziou, se rend au si\u00e8ge de la Cour p\u00e9nale internationale (CPI) \u00e0 La Haye o\u00f9 il d\u00e9poser une plainte pour crimes de guerre et g\u00e9nocide commis par l&rsquo;entit\u00e9 sioniste \u00e0 l&rsquo;encontre du peuple palestinien.<\/p>\n<p>\t\t\t\t\t\t\t\t\tMe Hatem Mziou a indiqu\u00e9, avant son d\u00e9part, ce dimanche 18 f\u00e9vrier 2024, dans une d\u00e9claration \u00e0 Mosa\u00efque fm, qu\u2019il sera accompagn\u00e9 des membres d&rsquo;une commission juridique et que la d\u00e9l\u00e9gation repr\u00e9sentant l&rsquo;Association des avocats pr\u00e9sentera demain \u00e0 la CPI un dossier contenant des preuves et des t\u00e9moignages document\u00e9s recueillis pour les crimes de guerre de l\u2019entit\u00e9 sioniste contre le peuple palestinien dans la bande de Gaza.<\/p>\n<p>Il est \u00e0 noter qu\u2019en vertu du Statut de Rome, adopt\u00e9 en 1998, la CPI est la seule cour mandat\u00e9e pour enqu\u00eater et poursuivre les crimes internationaux dans les cas o\u00f9 les \u00c9tats ne peuvent ou ne veulent pas le faire.<\/p>\n<p>Le \u00ab Statut de Rome \u00bb a \u00e9t\u00e9 adopt\u00e9 le 17 juillet 1998 aux Nations Unies sur la cr\u00e9ation d&rsquo;une Cour p\u00e9nale internationale. En vertu de ce statut, quatre crimes internationaux fondamentaux ont \u00e9t\u00e9 \u00e9tablis : le g\u00e9nocide, les crimes contre l&rsquo;humanit\u00e9, les crimes de guerre et les crimes d&rsquo;agression. Ils ne sont soumis \u00e0 aucun d\u00e9lai de prescription.<\/p>\n","protected":false},"excerpt":{"rendered":"<p>Hatem Mziou devant de la Cour p\u00e9nale internationale pour porter plainte contre l&rsquo;entit\u00e9 sioniste pour crimes de guerre et g\u00e9nocide.<\/p>\n","protected":false},"author":3162,"featured_media":290249,"comment_status":"open","ping_status":"closed","sticky":false,"template":"","format":"standard","meta":{"footnotes":""},"categories":[44],"tags":[4962,7489,9781,2689,7196,6508,2688,2608],"class_list":["post-212383","post","type-post","status-publish","format-standard","has-post-thumbnail","hentry","category-national","tag-avocats","tag-crimes-de-guerre","tag-entite-sioniste","tag-gaza","tag-genocide","tag-hatem-mziou","tag-palestine","tag-tunisie"],"yoast_head":"<!-- This site is optimized with the Yoast SEO Premium plugin v27.4 (Yoast SEO v27.5) - https:\/\/yoast.com\/product\/yoast-seo-premium-wordpress\/ -->\n<title>Le b\u00e2tonnier des avocats tunisiens devant la CPI pour poursuivre l&#039;entit\u00e9 sioniste<\/title>\n<meta name=\"description\" content=\"Hatem Mziou devant de la Cour p\u00e9nale internationale pour porter plainte contre l&#039;entit\u00e9 sioniste pour crimes de guerre et g\u00e9nocide.\" \/>\n<link rel=\"canonical\" href=\"https:\/\/www.webdo.tn\/fr\/actualite\/national\/le-batonnier-des-avocats-tunisiens-devant-la-cpi-pour-poursuivre-l-entite-sioniste\/212383\/\" \/>\n<meta property=\"og:locale\" content=\"fr_FR\" \/>\n<meta property=\"og:type\" content=\"article\" \/>\n<meta property=\"og:title\" content=\"Le b\u00e2tonnier des avocats tunisiens devant la CPI pour poursuivre l&#039;entit\u00e9 sioniste\" \/>\n<meta property=\"og:description\" content=\"Hatem Mziou devant de la Cour p\u00e9nale internationale pour porter plainte contre l&#039;entit\u00e9 sioniste pour crimes de guerre et g\u00e9nocide.\" \/>\n<meta property=\"og:url\" content=\"https:\/\/www.webdo.tn\/fr\/actualite\/national\/le-batonnier-des-avocats-tunisiens-devant-la-cpi-pour-poursuivre-l-entite-sioniste\/212383\/\" \/>\n<meta property=\"og:site_name\" content=\"webdo\" \/>\n<meta property=\"article:publisher\" content=\"https:\/\/www.facebook.com\/webdotn\" \/>\n<meta property=\"article:published_time\" content=\"2024-02-18T12:22:00+00:00\" \/>\n<meta property=\"article:modified_time\" content=\"2025-05-20T22:11:53+00:00\" \/>\n<meta property=\"og:image\" content=\"https:\/\/www.webdo.tn\/fr\/wp-content\/uploads\/2024\/02\/54548c6bd2b4c0a2774f4337c4b62b76.jpg\" \/>\n\t<meta property=\"og:image:width\" content=\"700\" \/>\n\t<meta property=\"og:image:height\" content=\"373\" \/>\n\t<meta property=\"og:image:type\" content=\"image\/jpeg\" \/>\n<meta name=\"author\" content=\"MC\" \/>\n<meta name=\"twitter:card\" content=\"summary_large_image\" \/>\n<meta name=\"twitter:creator\" content=\"@webdo_tn\" \/>\n<meta name=\"twitter:site\" content=\"@webdo_tn\" \/>\n<meta name=\"twitter:label1\" content=\"\u00c9crit par\" \/>\n\t<meta name=\"twitter:data1\" content=\"MC\" \/>\n\t<meta name=\"twitter:label2\" content=\"Dur\u00e9e de lecture estim\u00e9e\" \/>\n\t<meta name=\"twitter:data2\" content=\"1 minute\" \/>\n<script type=\"application\/ld+json\" class=\"yoast-schema-graph\">{\"@context\":\"https:\\\/\\\/schema.org\",\"@graph\":[{\"@type\":\"NewsArticle\",\"@id\":\"https:\\\/\\\/www.webdo.tn\\\/fr\\\/actualite\\\/national\\\/le-batonnier-des-avocats-tunisiens-devant-la-cpi-pour-poursuivre-l-entite-sioniste\\\/212383\\\/#article\",\"isPartOf\":{\"@id\":\"https:\\\/\\\/www.webdo.tn\\\/fr\\\/actualite\\\/national\\\/le-batonnier-des-avocats-tunisiens-devant-la-cpi-pour-poursuivre-l-entite-sioniste\\\/212383\\\/\"},\"author\":{\"name\":\"MC\",\"@id\":\"https:\\\/\\\/www.webdo.tn\\\/fr\\\/#\\\/schema\\\/person\\\/2c4929cbf5a809e3bd38617c6ce150f6\"},\"headline\":\"Le b\u00e2tonnier des avocats tunisiens devant la CPI pour poursuivre l&rsquo;entit\u00e9 sioniste\",\"datePublished\":\"2024-02-18T12:22:00+00:00\",\"dateModified\":\"2025-05-20T22:11:53+00:00\",\"mainEntityOfPage\":{\"@id\":\"https:\\\/\\\/www.webdo.tn\\\/fr\\\/actualite\\\/national\\\/le-batonnier-des-avocats-tunisiens-devant-la-cpi-pour-poursuivre-l-entite-sioniste\\\/212383\\\/\"},\"wordCount\":238,\"commentCount\":0,\"publisher\":{\"@id\":\"https:\\\/\\\/www.webdo.tn\\\/fr\\\/#organization\"},\"image\":{\"@id\":\"https:\\\/\\\/www.webdo.tn\\\/fr\\\/actualite\\\/national\\\/le-batonnier-des-avocats-tunisiens-devant-la-cpi-pour-poursuivre-l-entite-sioniste\\\/212383\\\/#primaryimage\"},\"thumbnailUrl\":\"https:\\\/\\\/www.webdo.tn\\\/fr\\\/wp-content\\\/uploads\\\/2024\\\/02\\\/54548c6bd2b4c0a2774f4337c4b62b76.jpg\",\"keywords\":[\"avocats\",\"crimes de guerre\",\"entit\u00e9 sioniste\",\"Gaza\",\"G\u00e9nocide\",\"hatem mziou\",\"Palestine\",\"Tunisie\"],\"articleSection\":[\"National\"],\"inLanguage\":\"fr-FR\"},{\"@type\":\"WebPage\",\"@id\":\"https:\\\/\\\/www.webdo.tn\\\/fr\\\/actualite\\\/national\\\/le-batonnier-des-avocats-tunisiens-devant-la-cpi-pour-poursuivre-l-entite-sioniste\\\/212383\\\/\",\"url\":\"https:\\\/\\\/www.webdo.tn\\\/fr\\\/actualite\\\/national\\\/le-batonnier-des-avocats-tunisiens-devant-la-cpi-pour-poursuivre-l-entite-sioniste\\\/212383\\\/\",\"name\":\"Le b\u00e2tonnier des avocats tunisiens devant la CPI pour poursuivre l'entit\u00e9 sioniste\",\"isPartOf\":{\"@id\":\"https:\\\/\\\/www.webdo.tn\\\/fr\\\/#website\"},\"primaryImageOfPage\":{\"@id\":\"https:\\\/\\\/www.webdo.tn\\\/fr\\\/actualite\\\/national\\\/le-batonnier-des-avocats-tunisiens-devant-la-cpi-pour-poursuivre-l-entite-sioniste\\\/212383\\\/#primaryimage\"},\"image\":{\"@id\":\"https:\\\/\\\/www.webdo.tn\\\/fr\\\/actualite\\\/national\\\/le-batonnier-des-avocats-tunisiens-devant-la-cpi-pour-poursuivre-l-entite-sioniste\\\/212383\\\/#primaryimage\"},\"thumbnailUrl\":\"https:\\\/\\\/www.webdo.tn\\\/fr\\\/wp-content\\\/uploads\\\/2024\\\/02\\\/54548c6bd2b4c0a2774f4337c4b62b76.jpg\",\"datePublished\":\"2024-02-18T12:22:00+00:00\",\"dateModified\":\"2025-05-20T22:11:53+00:00\",\"description\":\"Hatem Mziou devant de la Cour p\u00e9nale internationale pour porter plainte contre l'entit\u00e9 sioniste pour crimes de guerre et g\u00e9nocide.\",\"breadcrumb\":{\"@id\":\"https:\\\/\\\/www.webdo.tn\\\/fr\\\/actualite\\\/national\\\/le-batonnier-des-avocats-tunisiens-devant-la-cpi-pour-poursuivre-l-entite-sioniste\\\/212383\\\/#breadcrumb\"},\"inLanguage\":\"fr-FR\",\"potentialAction\":[{\"@type\":\"ReadAction\",\"target\":[\"https:\\\/\\\/www.webdo.tn\\\/fr\\\/actualite\\\/national\\\/le-batonnier-des-avocats-tunisiens-devant-la-cpi-pour-poursuivre-l-entite-sioniste\\\/212383\\\/\"]}]},{\"@type\":\"ImageObject\",\"inLanguage\":\"fr-FR\",\"@id\":\"https:\\\/\\\/www.webdo.tn\\\/fr\\\/actualite\\\/national\\\/le-batonnier-des-avocats-tunisiens-devant-la-cpi-pour-poursuivre-l-entite-sioniste\\\/212383\\\/#primaryimage\",\"url\":\"https:\\\/\\\/www.webdo.tn\\\/fr\\\/wp-content\\\/uploads\\\/2024\\\/02\\\/54548c6bd2b4c0a2774f4337c4b62b76.jpg\",\"contentUrl\":\"https:\\\/\\\/www.webdo.tn\\\/fr\\\/wp-content\\\/uploads\\\/2024\\\/02\\\/54548c6bd2b4c0a2774f4337c4b62b76.jpg\",\"width\":700,\"height\":373,\"caption\":\"Le b\u00e2tonnier des avocats tunisiens devant la CPI pour poursuivre l'entit\u00e9 sioniste\"},{\"@type\":\"BreadcrumbList\",\"@id\":\"https:\\\/\\\/www.webdo.tn\\\/fr\\\/actualite\\\/national\\\/le-batonnier-des-avocats-tunisiens-devant-la-cpi-pour-poursuivre-l-entite-sioniste\\\/212383\\\/#breadcrumb\",\"itemListElement\":[{\"@type\":\"ListItem\",\"position\":1,\"name\":\"Accueil\",\"item\":\"https:\\\/\\\/www.webdo.tn\\\/fr\\\/\"},{\"@type\":\"ListItem\",\"position\":2,\"name\":\"Le b\u00e2tonnier des avocats tunisiens devant la CPI pour poursuivre l&rsquo;entit\u00e9 sioniste\"}]},{\"@type\":\"WebSite\",\"@id\":\"https:\\\/\\\/www.webdo.tn\\\/fr\\\/#website\",\"url\":\"https:\\\/\\\/www.webdo.tn\\\/fr\\\/\",\"name\":\"webdo\",\"description\":\"Tunisie - News en Tunisie et \u00e0 l&#039;international sur Webdo.tn\",\"publisher\":{\"@id\":\"https:\\\/\\\/www.webdo.tn\\\/fr\\\/#organization\"},\"potentialAction\":[{\"@type\":\"SearchAction\",\"target\":{\"@type\":\"EntryPoint\",\"urlTemplate\":\"https:\\\/\\\/www.webdo.tn\\\/fr\\\/?s={search_term_string}\"},\"query-input\":{\"@type\":\"PropertyValueSpecification\",\"valueRequired\":true,\"valueName\":\"search_term_string\"}}],\"inLanguage\":\"fr-FR\"},{\"@type\":\"Organization\",\"@id\":\"https:\\\/\\\/www.webdo.tn\\\/fr\\\/#organization\",\"name\":\"Webdo\",\"alternateName\":\"Webdo.tn\",\"url\":\"https:\\\/\\\/www.webdo.tn\\\/fr\\\/\",\"logo\":{\"@type\":\"ImageObject\",\"inLanguage\":\"fr-FR\",\"@id\":\"https:\\\/\\\/www.webdo.tn\\\/fr\\\/#\\\/schema\\\/logo\\\/image\\\/\",\"url\":\"https:\\\/\\\/www.webdo.tn\\\/fr\\\/wp-content\\\/uploads\\\/2025\\\/06\\\/Webdo-Tunisie_168377.jpg\",\"contentUrl\":\"https:\\\/\\\/www.webdo.tn\\\/fr\\\/wp-content\\\/uploads\\\/2025\\\/06\\\/Webdo-Tunisie_168377.jpg\",\"width\":301,\"height\":301,\"caption\":\"Webdo\"},\"image\":{\"@id\":\"https:\\\/\\\/www.webdo.tn\\\/fr\\\/#\\\/schema\\\/logo\\\/image\\\/\"},\"sameAs\":[\"https:\\\/\\\/www.facebook.com\\\/webdotn\",\"https:\\\/\\\/x.com\\\/webdo_tn\"],\"description\":\"Webdo est un m\u00e9dia num\u00e9rique tunisien fond\u00e9 en 2010, sp\u00e9cialis\u00e9 dans l\u2019actualit\u00e9 nationale et internationale, l\u2019\u00e9conomie, la soci\u00e9t\u00e9 et les analyses politiques. Le site s\u2019adresse \u00e0 un large public francophone et couvre l\u2019information tunisienne en temps r\u00e9el.\",\"email\":\"redac@webdo.tn\",\"legalName\":\"YNJ SARL\",\"foundingDate\":\"2010-09-06\",\"numberOfEmployees\":{\"@type\":\"QuantitativeValue\",\"minValue\":\"11\",\"maxValue\":\"50\"}},{\"@type\":\"Person\",\"@id\":\"https:\\\/\\\/www.webdo.tn\\\/fr\\\/#\\\/schema\\\/person\\\/2c4929cbf5a809e3bd38617c6ce150f6\",\"name\":\"MC\",\"image\":{\"@type\":\"ImageObject\",\"inLanguage\":\"fr-FR\",\"@id\":\"https:\\\/\\\/secure.gravatar.com\\\/avatar\\\/a545bbb6f84efdd5553dbbc2895e3ca8f1d12c5215e00a041c9670b54aa9b18a?s=96&d=mm&r=g\",\"url\":\"https:\\\/\\\/secure.gravatar.com\\\/avatar\\\/a545bbb6f84efdd5553dbbc2895e3ca8f1d12c5215e00a041c9670b54aa9b18a?s=96&d=mm&r=g\",\"contentUrl\":\"https:\\\/\\\/secure.gravatar.com\\\/avatar\\\/a545bbb6f84efdd5553dbbc2895e3ca8f1d12c5215e00a041c9670b54aa9b18a?s=96&d=mm&r=g\",\"caption\":\"MC\"},\"url\":\"https:\\\/\\\/www.webdo.tn\\\/fr\\\/actualite\\\/author\\\/mc\\\/\"}]}<\/script>\n<!-- \/ Yoast SEO Premium plugin. -->","yoast_head_json":{"title":"Le b\u00e2tonnier des avocats tunisiens devant la CPI pour poursuivre l'entit\u00e9 sioniste","description":"Hatem Mziou devant de la Cour p\u00e9nale internationale pour porter plainte contre l'entit\u00e9 sioniste pour crimes de guerre et g\u00e9nocide.","canonical":"https:\/\/www.webdo.tn\/fr\/actualite\/national\/le-batonnier-des-avocats-tunisiens-devant-la-cpi-pour-poursuivre-l-entite-sioniste\/212383\/","og_locale":"fr_FR","og_type":"article","og_title":"Le b\u00e2tonnier des avocats tunisiens devant la CPI pour poursuivre l'entit\u00e9 sioniste","og_description":"Hatem Mziou devant de la Cour p\u00e9nale internationale pour porter plainte contre l'entit\u00e9 sioniste pour crimes de guerre et g\u00e9nocide.","og_url":"https:\/\/www.webdo.tn\/fr\/actualite\/national\/le-batonnier-des-avocats-tunisiens-devant-la-cpi-pour-poursuivre-l-entite-sioniste\/212383\/","og_site_name":"webdo","article_publisher":"https:\/\/www.facebook.com\/webdotn","article_published_time":"2024-02-18T12:22:00+00:00","article_modified_time":"2025-05-20T22:11:53+00:00","og_image":[{"width":700,"height":373,"url":"https:\/\/www.webdo.tn\/fr\/wp-content\/uploads\/2024\/02\/54548c6bd2b4c0a2774f4337c4b62b76.jpg","type":"image\/jpeg"}],"author":"MC","twitter_card":"summary_large_image","twitter_creator":"@webdo_tn","twitter_site":"@webdo_tn","twitter_misc":{"\u00c9crit par":"MC","Dur\u00e9e de lecture estim\u00e9e":"1 minute"},"schema":{"@context":"https:\/\/schema.org","@graph":[{"@type":"NewsArticle","@id":"https:\/\/www.webdo.tn\/fr\/actualite\/national\/le-batonnier-des-avocats-tunisiens-devant-la-cpi-pour-poursuivre-l-entite-sioniste\/212383\/#article","isPartOf":{"@id":"https:\/\/www.webdo.tn\/fr\/actualite\/national\/le-batonnier-des-avocats-tunisiens-devant-la-cpi-pour-poursuivre-l-entite-sioniste\/212383\/"},"author":{"name":"MC","@id":"https:\/\/www.webdo.tn\/fr\/#\/schema\/person\/2c4929cbf5a809e3bd38617c6ce150f6"},"headline":"Le b\u00e2tonnier des avocats tunisiens devant la CPI pour poursuivre l&rsquo;entit\u00e9 sioniste","datePublished":"2024-02-18T12:22:00+00:00","dateModified":"2025-05-20T22:11:53+00:00","mainEntityOfPage":{"@id":"https:\/\/www.webdo.tn\/fr\/actualite\/national\/le-batonnier-des-avocats-tunisiens-devant-la-cpi-pour-poursuivre-l-entite-sioniste\/212383\/"},"wordCount":238,"commentCount":0,"publisher":{"@id":"https:\/\/www.webdo.tn\/fr\/#organization"},"image":{"@id":"https:\/\/www.webdo.tn\/fr\/actualite\/national\/le-batonnier-des-avocats-tunisiens-devant-la-cpi-pour-poursuivre-l-entite-sioniste\/212383\/#primaryimage"},"thumbnailUrl":"https:\/\/www.webdo.tn\/fr\/wp-content\/uploads\/2024\/02\/54548c6bd2b4c0a2774f4337c4b62b76.jpg","keywords":["avocats","crimes de guerre","entit\u00e9 sioniste","Gaza","G\u00e9nocide","hatem mziou","Palestine","Tunisie"],"articleSection":["National"],"inLanguage":"fr-FR"},{"@type":"WebPage","@id":"https:\/\/www.webdo.tn\/fr\/actualite\/national\/le-batonnier-des-avocats-tunisiens-devant-la-cpi-pour-poursuivre-l-entite-sioniste\/212383\/","url":"https:\/\/www.webdo.tn\/fr\/actualite\/national\/le-batonnier-des-avocats-tunisiens-devant-la-cpi-pour-poursuivre-l-entite-sioniste\/212383\/","name":"Le b\u00e2tonnier des avocats tunisiens devant la CPI pour poursuivre l'entit\u00e9 sioniste","isPartOf":{"@id":"https:\/\/www.webdo.tn\/fr\/#website"},"primaryImageOfPage":{"@id":"https:\/\/www.webdo.tn\/fr\/actualite\/national\/le-batonnier-des-avocats-tunisiens-devant-la-cpi-pour-poursuivre-l-entite-sioniste\/212383\/#primaryimage"},"image":{"@id":"https:\/\/www.webdo.tn\/fr\/actualite\/national\/le-batonnier-des-avocats-tunisiens-devant-la-cpi-pour-poursuivre-l-entite-sioniste\/212383\/#primaryimage"},"thumbnailUrl":"https:\/\/www.webdo.tn\/fr\/wp-content\/uploads\/2024\/02\/54548c6bd2b4c0a2774f4337c4b62b76.jpg","datePublished":"2024-02-18T12:22:00+00:00","dateModified":"2025-05-20T22:11:53+00:00","description":"Hatem Mziou devant de la Cour p\u00e9nale internationale pour porter plainte contre l'entit\u00e9 sioniste pour crimes de guerre et g\u00e9nocide.","breadcrumb":{"@id":"https:\/\/www.webdo.tn\/fr\/actualite\/national\/le-batonnier-des-avocats-tunisiens-devant-la-cpi-pour-poursuivre-l-entite-sioniste\/212383\/#breadcrumb"},"inLanguage":"fr-FR","potentialAction":[{"@type":"ReadAction","target":["https:\/\/www.webdo.tn\/fr\/actualite\/national\/le-batonnier-des-avocats-tunisiens-devant-la-cpi-pour-poursuivre-l-entite-sioniste\/212383\/"]}]},{"@type":"ImageObject","inLanguage":"fr-FR","@id":"https:\/\/www.webdo.tn\/fr\/actualite\/national\/le-batonnier-des-avocats-tunisiens-devant-la-cpi-pour-poursuivre-l-entite-sioniste\/212383\/#primaryimage","url":"https:\/\/www.webdo.tn\/fr\/wp-content\/uploads\/2024\/02\/54548c6bd2b4c0a2774f4337c4b62b76.jpg","contentUrl":"https:\/\/www.webdo.tn\/fr\/wp-content\/uploads\/2024\/02\/54548c6bd2b4c0a2774f4337c4b62b76.jpg","width":700,"height":373,"caption":"Le b\u00e2tonnier des avocats tunisiens devant la CPI pour poursuivre l'entit\u00e9 sioniste"},{"@type":"BreadcrumbList","@id":"https:\/\/www.webdo.tn\/fr\/actualite\/national\/le-batonnier-des-avocats-tunisiens-devant-la-cpi-pour-poursuivre-l-entite-sioniste\/212383\/#breadcrumb","itemListElement":[{"@type":"ListItem","position":1,"name":"Accueil","item":"https:\/\/www.webdo.tn\/fr\/"},{"@type":"ListItem","position":2,"name":"Le b\u00e2tonnier des avocats tunisiens devant la CPI pour poursuivre l&rsquo;entit\u00e9 sioniste"}]},{"@type":"WebSite","@id":"https:\/\/www.webdo.tn\/fr\/#website","url":"https:\/\/www.webdo.tn\/fr\/","name":"webdo","description":"Tunisie - News en Tunisie et \u00e0 l&#039;international sur Webdo.tn","publisher":{"@id":"https:\/\/www.webdo.tn\/fr\/#organization"},"potentialAction":[{"@type":"SearchAction","target":{"@type":"EntryPoint","urlTemplate":"https:\/\/www.webdo.tn\/fr\/?s={search_term_string}"},"query-input":{"@type":"PropertyValueSpecification","valueRequired":true,"valueName":"search_term_string"}}],"inLanguage":"fr-FR"},{"@type":"Organization","@id":"https:\/\/www.webdo.tn\/fr\/#organization","name":"Webdo","alternateName":"Webdo.tn","url":"https:\/\/www.webdo.tn\/fr\/","logo":{"@type":"ImageObject","inLanguage":"fr-FR","@id":"https:\/\/www.webdo.tn\/fr\/#\/schema\/logo\/image\/","url":"https:\/\/www.webdo.tn\/fr\/wp-content\/uploads\/2025\/06\/Webdo-Tunisie_168377.jpg","contentUrl":"https:\/\/www.webdo.tn\/fr\/wp-content\/uploads\/2025\/06\/Webdo-Tunisie_168377.jpg","width":301,"height":301,"caption":"Webdo"},"image":{"@id":"https:\/\/www.webdo.tn\/fr\/#\/schema\/logo\/image\/"},"sameAs":["https:\/\/www.facebook.com\/webdotn","https:\/\/x.com\/webdo_tn"],"description":"Webdo est un m\u00e9dia num\u00e9rique tunisien fond\u00e9 en 2010, sp\u00e9cialis\u00e9 dans l\u2019actualit\u00e9 nationale et internationale, l\u2019\u00e9conomie, la soci\u00e9t\u00e9 et les analyses politiques. Le site s\u2019adresse \u00e0 un large public francophone et couvre l\u2019information tunisienne en temps r\u00e9el.","email":"redac@webdo.tn","legalName":"YNJ SARL","foundingDate":"2010-09-06","numberOfEmployees":{"@type":"QuantitativeValue","minValue":"11","maxValue":"50"}},{"@type":"Person","@id":"https:\/\/www.webdo.tn\/fr\/#\/schema\/person\/2c4929cbf5a809e3bd38617c6ce150f6","name":"MC","image":{"@type":"ImageObject","inLanguage":"fr-FR","@id":"https:\/\/secure.gravatar.com\/avatar\/a545bbb6f84efdd5553dbbc2895e3ca8f1d12c5215e00a041c9670b54aa9b18a?s=96&d=mm&r=g","url":"https:\/\/secure.gravatar.com\/avatar\/a545bbb6f84efdd5553dbbc2895e3ca8f1d12c5215e00a041c9670b54aa9b18a?s=96&d=mm&r=g","contentUrl":"https:\/\/secure.gravatar.com\/avatar\/a545bbb6f84efdd5553dbbc2895e3ca8f1d12c5215e00a041c9670b54aa9b18a?s=96&d=mm&r=g","caption":"MC"},"url":"https:\/\/www.webdo.tn\/fr\/actualite\/author\/mc\/"}]}},"_links":{"self":[{"href":"https:\/\/www.webdo.tn\/fr\/wp-json\/wp\/v2\/posts\/212383","targetHints":{"allow":["GET"]}}],"collection":[{"href":"https:\/\/www.webdo.tn\/fr\/wp-json\/wp\/v2\/posts"}],"about":[{"href":"https:\/\/www.webdo.tn\/fr\/wp-json\/wp\/v2\/types\/post"}],"author":[{"embeddable":true,"href":"https:\/\/www.webdo.tn\/fr\/wp-json\/wp\/v2\/users\/3162"}],"replies":[{"embeddable":true,"href":"https:\/\/www.webdo.tn\/fr\/wp-json\/wp\/v2\/comments?post=212383"}],"version-history":[{"count":0,"href":"https:\/\/www.webdo.tn\/fr\/wp-json\/wp\/v2\/posts\/212383\/revisions"}],"wp:featuredmedia":[{"embeddable":true,"href":"https:\/\/www.webdo.tn\/fr\/wp-json\/wp\/v2\/media\/290249"}],"wp:attachment":[{"href":"https:\/\/www.webdo.tn\/fr\/wp-json\/wp\/v2\/media?parent=212383"}],"wp:term":[{"taxonomy":"category","embeddable":true,"href":"https:\/\/www.webdo.tn\/fr\/wp-json\/wp\/v2\/categories?post=212383"},{"taxonomy":"post_tag","embeddable":true,"href":"https:\/\/www.webdo.tn\/fr\/wp-json\/wp\/v2\/tags?post=212383"}],"curies":[{"name":"wp","href":"https:\/\/api.w.org\/{rel}","templated":true}]}}