{"id":212365,"date":"2024-02-16T20:12:00","date_gmt":"2024-02-16T20:12:00","guid":{"rendered":"https:\/\/www.webdo.tn\/fr\/blog\/affaire-chokri-belaid-report-de-l-audience-a-mardi-prochain\/212365\/"},"modified":"2024-02-16T20:12:00","modified_gmt":"2024-02-16T20:12:00","slug":"affaire-chokri-belaid-report-de-l-audience-a-mardi-prochain","status":"publish","type":"post","link":"https:\/\/www.webdo.tn\/fr\/actualite\/national\/affaire-chokri-belaid-report-de-l-audience-a-mardi-prochain\/212365\/","title":{"rendered":"Affaire Chokri Belaid : Report de l&rsquo;audience \u00e0 mardi prochain"},"content":{"rendered":"<p>Pr\u00e9vue ce vendredi 16 f\u00e9vrier 2024, l&rsquo;audience de l&rsquo;affaire du martyr Chokri Belaid a \u00e9t\u00e9 report\u00e9 au mardi prochain, selon le substitut du procureur de la R\u00e9publique au P\u00f4le judiciaire de lutte anti-terroriste, Aymen Chtiba.<\/p>\n<p>\t\t\t\t\t\t\t\t\tAymen Chtiba a expliqu\u00e9 les raisons de ce report, sur les ondes de Mosaique FM. En effet, l&rsquo;un des accus\u00e9s,en l&rsquo;occurence Mohamed Amine Guesmi, a\u00a0sollicit\u00e9 l&rsquo;abandon du dossier par son avocate et a demand\u00e9 au juge de l&rsquo;interroger sans la pr\u00e9sence d&rsquo;un avocat.<\/p>\n<p>Or, et afin de garantir un proc\u00e8s \u00e9quitable et une d\u00e9fense \u00e0 l&rsquo;accus\u00e9, la proc\u00e9dure exige le remplacement de l&rsquo;avocat\u00a0de l&rsquo;accus\u00e9. D&rsquo;o\u00f9 donc ce report au mardi prochain.<\/p>\n","protected":false},"excerpt":{"rendered":"<p>Pr\u00e9vue ce vendredi 16 f\u00e9vrier 2024, l&rsquo;audience de l&rsquo;affaire du martyr Chokri Belaid a \u00e9t\u00e9 report\u00e9 au mardi prochain, selon le substitut du procureur de la R\u00e9pub&#8230;<\/p>\n","protected":false},"author":3169,"featured_media":247977,"comment_status":"open","ping_status":"closed","sticky":false,"template":"","format":"standard","meta":{"footnotes":""},"categories":[44],"tags":[5223,3262,2619,2608],"class_list":["post-212365","post","type-post","status-publish","format-standard","has-post-thumbnail","hentry","category-national","tag-audience","tag-chokri-belaid","tag-justice","tag-tunisie"],"yoast_head":"<!-- This site is optimized with the Yoast SEO Premium plugin v27.5 (Yoast SEO v27.5) - https:\/\/yoast.com\/product\/yoast-seo-premium-wordpress\/ -->\n<title>Affaire Chokri Belaid : Report de l&#039;audience \u00e0 mardi prochain<\/title>\n<meta name=\"description\" content=\"Pr\u00e9vue ce vendredi 16 f\u00e9vrier 2024, l&#039;audience de l&#039;affaire du martyr Chokri Belaid a \u00e9t\u00e9 report\u00e9 au mardi prochain, selon le substitut du procureur de la R\u00e9pub...\" \/>\n<link rel=\"canonical\" href=\"https:\/\/www.webdo.tn\/fr\/actualite\/national\/affaire-chokri-belaid-report-de-l-audience-a-mardi-prochain\/212365\/\" \/>\n<meta property=\"og:locale\" content=\"fr_FR\" \/>\n<meta property=\"og:type\" content=\"article\" \/>\n<meta property=\"og:title\" content=\"Affaire Chokri Belaid : Report de l&#039;audience \u00e0 mardi prochain\" \/>\n<meta property=\"og:description\" content=\"Pr\u00e9vue ce vendredi 16 f\u00e9vrier 2024, l&#039;audience de l&#039;affaire du martyr Chokri Belaid a \u00e9t\u00e9 report\u00e9 au mardi prochain, selon le substitut du procureur de la R\u00e9pub...\" \/>\n<meta property=\"og:url\" content=\"https:\/\/www.webdo.tn\/fr\/actualite\/national\/affaire-chokri-belaid-report-de-l-audience-a-mardi-prochain\/212365\/\" \/>\n<meta property=\"og:site_name\" content=\"webdo\" \/>\n<meta property=\"article:publisher\" content=\"https:\/\/www.facebook.com\/webdotn\" \/>\n<meta property=\"article:published_time\" content=\"2024-02-16T20:12:00+00:00\" \/>\n<meta property=\"og:image\" content=\"https:\/\/www.webdo.tn\/fr\/wp-content\/uploads\/2024\/02\/494a4b4e03b7383f91a10460c1dd11d9.jpg\" \/>\n\t<meta property=\"og:image:width\" content=\"520\" \/>\n\t<meta property=\"og:image:height\" content=\"277\" \/>\n\t<meta property=\"og:image:type\" content=\"image\/jpeg\" \/>\n<meta name=\"author\" content=\"Webdo\" \/>\n<meta name=\"twitter:card\" content=\"summary_large_image\" \/>\n<meta name=\"twitter:creator\" content=\"@webdo_tn\" \/>\n<meta name=\"twitter:site\" content=\"@webdo_tn\" \/>\n<meta name=\"twitter:label1\" content=\"\u00c9crit par\" \/>\n\t<meta name=\"twitter:data1\" content=\"Webdo\" \/>\n\t<meta name=\"twitter:label2\" content=\"Dur\u00e9e de lecture estim\u00e9e\" \/>\n\t<meta name=\"twitter:data2\" content=\"1 minute\" \/>\n<script type=\"application\/ld+json\" class=\"yoast-schema-graph\">{\"@context\":\"https:\\\/\\\/schema.org\",\"@graph\":[{\"@type\":\"NewsArticle\",\"@id\":\"https:\\\/\\\/www.webdo.tn\\\/fr\\\/actualite\\\/national\\\/affaire-chokri-belaid-report-de-l-audience-a-mardi-prochain\\\/212365\\\/#article\",\"isPartOf\":{\"@id\":\"https:\\\/\\\/www.webdo.tn\\\/fr\\\/actualite\\\/national\\\/affaire-chokri-belaid-report-de-l-audience-a-mardi-prochain\\\/212365\\\/\"},\"author\":{\"name\":\"Webdo\",\"@id\":\"https:\\\/\\\/www.webdo.tn\\\/fr\\\/#\\\/schema\\\/person\\\/1f4e491e0907b413d61089e8eb573acc\"},\"headline\":\"Affaire Chokri Belaid : Report de l&rsquo;audience \u00e0 mardi prochain\",\"datePublished\":\"2024-02-16T20:12:00+00:00\",\"mainEntityOfPage\":{\"@id\":\"https:\\\/\\\/www.webdo.tn\\\/fr\\\/actualite\\\/national\\\/affaire-chokri-belaid-report-de-l-audience-a-mardi-prochain\\\/212365\\\/\"},\"wordCount\":135,\"commentCount\":0,\"publisher\":{\"@id\":\"https:\\\/\\\/www.webdo.tn\\\/fr\\\/#organization\"},\"image\":{\"@id\":\"https:\\\/\\\/www.webdo.tn\\\/fr\\\/actualite\\\/national\\\/affaire-chokri-belaid-report-de-l-audience-a-mardi-prochain\\\/212365\\\/#primaryimage\"},\"thumbnailUrl\":\"https:\\\/\\\/www.webdo.tn\\\/fr\\\/wp-content\\\/uploads\\\/2024\\\/02\\\/494a4b4e03b7383f91a10460c1dd11d9.jpg\",\"keywords\":[\"audience\",\"chokri belaid\",\"justice\",\"Tunisie\"],\"articleSection\":[\"National\"],\"inLanguage\":\"fr-FR\"},{\"@type\":\"WebPage\",\"@id\":\"https:\\\/\\\/www.webdo.tn\\\/fr\\\/actualite\\\/national\\\/affaire-chokri-belaid-report-de-l-audience-a-mardi-prochain\\\/212365\\\/\",\"url\":\"https:\\\/\\\/www.webdo.tn\\\/fr\\\/actualite\\\/national\\\/affaire-chokri-belaid-report-de-l-audience-a-mardi-prochain\\\/212365\\\/\",\"name\":\"Affaire Chokri Belaid : Report de l'audience \u00e0 mardi prochain\",\"isPartOf\":{\"@id\":\"https:\\\/\\\/www.webdo.tn\\\/fr\\\/#website\"},\"primaryImageOfPage\":{\"@id\":\"https:\\\/\\\/www.webdo.tn\\\/fr\\\/actualite\\\/national\\\/affaire-chokri-belaid-report-de-l-audience-a-mardi-prochain\\\/212365\\\/#primaryimage\"},\"image\":{\"@id\":\"https:\\\/\\\/www.webdo.tn\\\/fr\\\/actualite\\\/national\\\/affaire-chokri-belaid-report-de-l-audience-a-mardi-prochain\\\/212365\\\/#primaryimage\"},\"thumbnailUrl\":\"https:\\\/\\\/www.webdo.tn\\\/fr\\\/wp-content\\\/uploads\\\/2024\\\/02\\\/494a4b4e03b7383f91a10460c1dd11d9.jpg\",\"datePublished\":\"2024-02-16T20:12:00+00:00\",\"description\":\"Pr\u00e9vue ce vendredi 16 f\u00e9vrier 2024, l'audience de l'affaire du martyr Chokri Belaid a \u00e9t\u00e9 report\u00e9 au mardi prochain, selon le substitut du procureur de la R\u00e9pub...\",\"breadcrumb\":{\"@id\":\"https:\\\/\\\/www.webdo.tn\\\/fr\\\/actualite\\\/national\\\/affaire-chokri-belaid-report-de-l-audience-a-mardi-prochain\\\/212365\\\/#breadcrumb\"},\"inLanguage\":\"fr-FR\",\"potentialAction\":[{\"@type\":\"ReadAction\",\"target\":[\"https:\\\/\\\/www.webdo.tn\\\/fr\\\/actualite\\\/national\\\/affaire-chokri-belaid-report-de-l-audience-a-mardi-prochain\\\/212365\\\/\"]}]},{\"@type\":\"ImageObject\",\"inLanguage\":\"fr-FR\",\"@id\":\"https:\\\/\\\/www.webdo.tn\\\/fr\\\/actualite\\\/national\\\/affaire-chokri-belaid-report-de-l-audience-a-mardi-prochain\\\/212365\\\/#primaryimage\",\"url\":\"https:\\\/\\\/www.webdo.tn\\\/fr\\\/wp-content\\\/uploads\\\/2024\\\/02\\\/494a4b4e03b7383f91a10460c1dd11d9.jpg\",\"contentUrl\":\"https:\\\/\\\/www.webdo.tn\\\/fr\\\/wp-content\\\/uploads\\\/2024\\\/02\\\/494a4b4e03b7383f91a10460c1dd11d9.jpg\",\"width\":520,\"height\":277,\"caption\":\"Affaire Chokri Belaid : Report de l'audience \u00e0 mardi prochain\"},{\"@type\":\"BreadcrumbList\",\"@id\":\"https:\\\/\\\/www.webdo.tn\\\/fr\\\/actualite\\\/national\\\/affaire-chokri-belaid-report-de-l-audience-a-mardi-prochain\\\/212365\\\/#breadcrumb\",\"itemListElement\":[{\"@type\":\"ListItem\",\"position\":1,\"name\":\"Accueil\",\"item\":\"https:\\\/\\\/www.webdo.tn\\\/fr\\\/\"},{\"@type\":\"ListItem\",\"position\":2,\"name\":\"Affaire Chokri Belaid : Report de l&#8217;audience \u00e0 mardi prochain\"}]},{\"@type\":\"WebSite\",\"@id\":\"https:\\\/\\\/www.webdo.tn\\\/fr\\\/#website\",\"url\":\"https:\\\/\\\/www.webdo.tn\\\/fr\\\/\",\"name\":\"webdo\",\"description\":\"Tunisie - News en Tunisie et \u00e0 l&#039;international sur Webdo.tn\",\"publisher\":{\"@id\":\"https:\\\/\\\/www.webdo.tn\\\/fr\\\/#organization\"},\"potentialAction\":[{\"@type\":\"SearchAction\",\"target\":{\"@type\":\"EntryPoint\",\"urlTemplate\":\"https:\\\/\\\/www.webdo.tn\\\/fr\\\/?s={search_term_string}\"},\"query-input\":{\"@type\":\"PropertyValueSpecification\",\"valueRequired\":true,\"valueName\":\"search_term_string\"}}],\"inLanguage\":\"fr-FR\"},{\"@type\":\"Organization\",\"@id\":\"https:\\\/\\\/www.webdo.tn\\\/fr\\\/#organization\",\"name\":\"Webdo\",\"alternateName\":\"Webdo.tn\",\"url\":\"https:\\\/\\\/www.webdo.tn\\\/fr\\\/\",\"logo\":{\"@type\":\"ImageObject\",\"inLanguage\":\"fr-FR\",\"@id\":\"https:\\\/\\\/www.webdo.tn\\\/fr\\\/#\\\/schema\\\/logo\\\/image\\\/\",\"url\":\"https:\\\/\\\/www.webdo.tn\\\/fr\\\/wp-content\\\/uploads\\\/2025\\\/06\\\/Webdo-Tunisie_168377.jpg\",\"contentUrl\":\"https:\\\/\\\/www.webdo.tn\\\/fr\\\/wp-content\\\/uploads\\\/2025\\\/06\\\/Webdo-Tunisie_168377.jpg\",\"width\":301,\"height\":301,\"caption\":\"Webdo\"},\"image\":{\"@id\":\"https:\\\/\\\/www.webdo.tn\\\/fr\\\/#\\\/schema\\\/logo\\\/image\\\/\"},\"sameAs\":[\"https:\\\/\\\/www.facebook.com\\\/webdotn\",\"https:\\\/\\\/x.com\\\/webdo_tn\"],\"description\":\"Webdo est un m\u00e9dia num\u00e9rique tunisien fond\u00e9 en 2010, sp\u00e9cialis\u00e9 dans l\u2019actualit\u00e9 nationale et internationale, l\u2019\u00e9conomie, la soci\u00e9t\u00e9 et les analyses politiques. Le site s\u2019adresse \u00e0 un large public francophone et couvre l\u2019information tunisienne en temps r\u00e9el.\",\"email\":\"redac@webdo.tn\",\"legalName\":\"YNJ SARL\",\"foundingDate\":\"2010-09-06\",\"numberOfEmployees\":{\"@type\":\"QuantitativeValue\",\"minValue\":\"11\",\"maxValue\":\"50\"}},{\"@type\":\"Person\",\"@id\":\"https:\\\/\\\/www.webdo.tn\\\/fr\\\/#\\\/schema\\\/person\\\/1f4e491e0907b413d61089e8eb573acc\",\"name\":\"Webdo\",\"image\":{\"@type\":\"ImageObject\",\"inLanguage\":\"fr-FR\",\"@id\":\"https:\\\/\\\/secure.gravatar.com\\\/avatar\\\/de97aeec1bb80978a9dbb127e47dfc88aaacb2f3c29aac907d8d3222e3495d49?s=96&d=mm&r=g\",\"url\":\"https:\\\/\\\/secure.gravatar.com\\\/avatar\\\/de97aeec1bb80978a9dbb127e47dfc88aaacb2f3c29aac907d8d3222e3495d49?s=96&d=mm&r=g\",\"contentUrl\":\"https:\\\/\\\/secure.gravatar.com\\\/avatar\\\/de97aeec1bb80978a9dbb127e47dfc88aaacb2f3c29aac907d8d3222e3495d49?s=96&d=mm&r=g\",\"caption\":\"Webdo\"},\"url\":\"https:\\\/\\\/www.webdo.tn\\\/fr\\\/actualite\\\/author\\\/webdo\\\/\"}]}<\/script>\n<!-- \/ Yoast SEO Premium plugin. -->","yoast_head_json":{"title":"Affaire Chokri Belaid : Report de l'audience \u00e0 mardi prochain","description":"Pr\u00e9vue ce vendredi 16 f\u00e9vrier 2024, l'audience de l'affaire du martyr Chokri Belaid a \u00e9t\u00e9 report\u00e9 au mardi prochain, selon le substitut du procureur de la R\u00e9pub...","canonical":"https:\/\/www.webdo.tn\/fr\/actualite\/national\/affaire-chokri-belaid-report-de-l-audience-a-mardi-prochain\/212365\/","og_locale":"fr_FR","og_type":"article","og_title":"Affaire Chokri Belaid : Report de l'audience \u00e0 mardi prochain","og_description":"Pr\u00e9vue ce vendredi 16 f\u00e9vrier 2024, l'audience de l'affaire du martyr Chokri Belaid a \u00e9t\u00e9 report\u00e9 au mardi prochain, selon le substitut du procureur de la R\u00e9pub...","og_url":"https:\/\/www.webdo.tn\/fr\/actualite\/national\/affaire-chokri-belaid-report-de-l-audience-a-mardi-prochain\/212365\/","og_site_name":"webdo","article_publisher":"https:\/\/www.facebook.com\/webdotn","article_published_time":"2024-02-16T20:12:00+00:00","og_image":[{"width":520,"height":277,"url":"https:\/\/www.webdo.tn\/fr\/wp-content\/uploads\/2024\/02\/494a4b4e03b7383f91a10460c1dd11d9.jpg","type":"image\/jpeg"}],"author":"Webdo","twitter_card":"summary_large_image","twitter_creator":"@webdo_tn","twitter_site":"@webdo_tn","twitter_misc":{"\u00c9crit par":"Webdo","Dur\u00e9e de lecture estim\u00e9e":"1 minute"},"schema":{"@context":"https:\/\/schema.org","@graph":[{"@type":"NewsArticle","@id":"https:\/\/www.webdo.tn\/fr\/actualite\/national\/affaire-chokri-belaid-report-de-l-audience-a-mardi-prochain\/212365\/#article","isPartOf":{"@id":"https:\/\/www.webdo.tn\/fr\/actualite\/national\/affaire-chokri-belaid-report-de-l-audience-a-mardi-prochain\/212365\/"},"author":{"name":"Webdo","@id":"https:\/\/www.webdo.tn\/fr\/#\/schema\/person\/1f4e491e0907b413d61089e8eb573acc"},"headline":"Affaire Chokri Belaid : Report de l&rsquo;audience \u00e0 mardi prochain","datePublished":"2024-02-16T20:12:00+00:00","mainEntityOfPage":{"@id":"https:\/\/www.webdo.tn\/fr\/actualite\/national\/affaire-chokri-belaid-report-de-l-audience-a-mardi-prochain\/212365\/"},"wordCount":135,"commentCount":0,"publisher":{"@id":"https:\/\/www.webdo.tn\/fr\/#organization"},"image":{"@id":"https:\/\/www.webdo.tn\/fr\/actualite\/national\/affaire-chokri-belaid-report-de-l-audience-a-mardi-prochain\/212365\/#primaryimage"},"thumbnailUrl":"https:\/\/www.webdo.tn\/fr\/wp-content\/uploads\/2024\/02\/494a4b4e03b7383f91a10460c1dd11d9.jpg","keywords":["audience","chokri belaid","justice","Tunisie"],"articleSection":["National"],"inLanguage":"fr-FR"},{"@type":"WebPage","@id":"https:\/\/www.webdo.tn\/fr\/actualite\/national\/affaire-chokri-belaid-report-de-l-audience-a-mardi-prochain\/212365\/","url":"https:\/\/www.webdo.tn\/fr\/actualite\/national\/affaire-chokri-belaid-report-de-l-audience-a-mardi-prochain\/212365\/","name":"Affaire Chokri Belaid : Report de l'audience \u00e0 mardi prochain","isPartOf":{"@id":"https:\/\/www.webdo.tn\/fr\/#website"},"primaryImageOfPage":{"@id":"https:\/\/www.webdo.tn\/fr\/actualite\/national\/affaire-chokri-belaid-report-de-l-audience-a-mardi-prochain\/212365\/#primaryimage"},"image":{"@id":"https:\/\/www.webdo.tn\/fr\/actualite\/national\/affaire-chokri-belaid-report-de-l-audience-a-mardi-prochain\/212365\/#primaryimage"},"thumbnailUrl":"https:\/\/www.webdo.tn\/fr\/wp-content\/uploads\/2024\/02\/494a4b4e03b7383f91a10460c1dd11d9.jpg","datePublished":"2024-02-16T20:12:00+00:00","description":"Pr\u00e9vue ce vendredi 16 f\u00e9vrier 2024, l'audience de l'affaire du martyr Chokri Belaid a \u00e9t\u00e9 report\u00e9 au mardi prochain, selon le substitut du procureur de la R\u00e9pub...","breadcrumb":{"@id":"https:\/\/www.webdo.tn\/fr\/actualite\/national\/affaire-chokri-belaid-report-de-l-audience-a-mardi-prochain\/212365\/#breadcrumb"},"inLanguage":"fr-FR","potentialAction":[{"@type":"ReadAction","target":["https:\/\/www.webdo.tn\/fr\/actualite\/national\/affaire-chokri-belaid-report-de-l-audience-a-mardi-prochain\/212365\/"]}]},{"@type":"ImageObject","inLanguage":"fr-FR","@id":"https:\/\/www.webdo.tn\/fr\/actualite\/national\/affaire-chokri-belaid-report-de-l-audience-a-mardi-prochain\/212365\/#primaryimage","url":"https:\/\/www.webdo.tn\/fr\/wp-content\/uploads\/2024\/02\/494a4b4e03b7383f91a10460c1dd11d9.jpg","contentUrl":"https:\/\/www.webdo.tn\/fr\/wp-content\/uploads\/2024\/02\/494a4b4e03b7383f91a10460c1dd11d9.jpg","width":520,"height":277,"caption":"Affaire Chokri Belaid : Report de l'audience \u00e0 mardi prochain"},{"@type":"BreadcrumbList","@id":"https:\/\/www.webdo.tn\/fr\/actualite\/national\/affaire-chokri-belaid-report-de-l-audience-a-mardi-prochain\/212365\/#breadcrumb","itemListElement":[{"@type":"ListItem","position":1,"name":"Accueil","item":"https:\/\/www.webdo.tn\/fr\/"},{"@type":"ListItem","position":2,"name":"Affaire Chokri Belaid : Report de l&#8217;audience \u00e0 mardi prochain"}]},{"@type":"WebSite","@id":"https:\/\/www.webdo.tn\/fr\/#website","url":"https:\/\/www.webdo.tn\/fr\/","name":"webdo","description":"Tunisie - News en Tunisie et \u00e0 l&#039;international sur Webdo.tn","publisher":{"@id":"https:\/\/www.webdo.tn\/fr\/#organization"},"potentialAction":[{"@type":"SearchAction","target":{"@type":"EntryPoint","urlTemplate":"https:\/\/www.webdo.tn\/fr\/?s={search_term_string}"},"query-input":{"@type":"PropertyValueSpecification","valueRequired":true,"valueName":"search_term_string"}}],"inLanguage":"fr-FR"},{"@type":"Organization","@id":"https:\/\/www.webdo.tn\/fr\/#organization","name":"Webdo","alternateName":"Webdo.tn","url":"https:\/\/www.webdo.tn\/fr\/","logo":{"@type":"ImageObject","inLanguage":"fr-FR","@id":"https:\/\/www.webdo.tn\/fr\/#\/schema\/logo\/image\/","url":"https:\/\/www.webdo.tn\/fr\/wp-content\/uploads\/2025\/06\/Webdo-Tunisie_168377.jpg","contentUrl":"https:\/\/www.webdo.tn\/fr\/wp-content\/uploads\/2025\/06\/Webdo-Tunisie_168377.jpg","width":301,"height":301,"caption":"Webdo"},"image":{"@id":"https:\/\/www.webdo.tn\/fr\/#\/schema\/logo\/image\/"},"sameAs":["https:\/\/www.facebook.com\/webdotn","https:\/\/x.com\/webdo_tn"],"description":"Webdo est un m\u00e9dia num\u00e9rique tunisien fond\u00e9 en 2010, sp\u00e9cialis\u00e9 dans l\u2019actualit\u00e9 nationale et internationale, l\u2019\u00e9conomie, la soci\u00e9t\u00e9 et les analyses politiques. Le site s\u2019adresse \u00e0 un large public francophone et couvre l\u2019information tunisienne en temps r\u00e9el.","email":"redac@webdo.tn","legalName":"YNJ SARL","foundingDate":"2010-09-06","numberOfEmployees":{"@type":"QuantitativeValue","minValue":"11","maxValue":"50"}},{"@type":"Person","@id":"https:\/\/www.webdo.tn\/fr\/#\/schema\/person\/1f4e491e0907b413d61089e8eb573acc","name":"Webdo","image":{"@type":"ImageObject","inLanguage":"fr-FR","@id":"https:\/\/secure.gravatar.com\/avatar\/de97aeec1bb80978a9dbb127e47dfc88aaacb2f3c29aac907d8d3222e3495d49?s=96&d=mm&r=g","url":"https:\/\/secure.gravatar.com\/avatar\/de97aeec1bb80978a9dbb127e47dfc88aaacb2f3c29aac907d8d3222e3495d49?s=96&d=mm&r=g","contentUrl":"https:\/\/secure.gravatar.com\/avatar\/de97aeec1bb80978a9dbb127e47dfc88aaacb2f3c29aac907d8d3222e3495d49?s=96&d=mm&r=g","caption":"Webdo"},"url":"https:\/\/www.webdo.tn\/fr\/actualite\/author\/webdo\/"}]}},"_links":{"self":[{"href":"https:\/\/www.webdo.tn\/fr\/wp-json\/wp\/v2\/posts\/212365","targetHints":{"allow":["GET"]}}],"collection":[{"href":"https:\/\/www.webdo.tn\/fr\/wp-json\/wp\/v2\/posts"}],"about":[{"href":"https:\/\/www.webdo.tn\/fr\/wp-json\/wp\/v2\/types\/post"}],"author":[{"embeddable":true,"href":"https:\/\/www.webdo.tn\/fr\/wp-json\/wp\/v2\/users\/3169"}],"replies":[{"embeddable":true,"href":"https:\/\/www.webdo.tn\/fr\/wp-json\/wp\/v2\/comments?post=212365"}],"version-history":[{"count":0,"href":"https:\/\/www.webdo.tn\/fr\/wp-json\/wp\/v2\/posts\/212365\/revisions"}],"wp:featuredmedia":[{"embeddable":true,"href":"https:\/\/www.webdo.tn\/fr\/wp-json\/wp\/v2\/media\/247977"}],"wp:attachment":[{"href":"https:\/\/www.webdo.tn\/fr\/wp-json\/wp\/v2\/media?parent=212365"}],"wp:term":[{"taxonomy":"category","embeddable":true,"href":"https:\/\/www.webdo.tn\/fr\/wp-json\/wp\/v2\/categories?post=212365"},{"taxonomy":"post_tag","embeddable":true,"href":"https:\/\/www.webdo.tn\/fr\/wp-json\/wp\/v2\/tags?post=212365"}],"curies":[{"name":"wp","href":"https:\/\/api.w.org\/{rel}","templated":true}]}}