{"id":212361,"date":"2024-02-16T19:06:00","date_gmt":"2024-02-16T19:06:00","guid":{"rendered":"https:\/\/www.webdo.tn\/fr\/blog\/ouverture-d-une-enquete-sur-l-agression-du-directeur-de-mfm-nizar-ben-hassen\/212361\/"},"modified":"2024-02-16T19:06:00","modified_gmt":"2024-02-16T19:06:00","slug":"ouverture-d-une-enquete-sur-l-agression-du-directeur-de-mfm-nizar-ben-hassen","status":"publish","type":"post","link":"https:\/\/www.webdo.tn\/fr\/actualite\/national\/ouverture-d-une-enquete-sur-l-agression-du-directeur-de-mfm-nizar-ben-hassen\/212361\/","title":{"rendered":"Ouverture d&rsquo;une enqu\u00eate sur l&rsquo;agression du directeur de MFM Nizar Ben Hassen"},"content":{"rendered":"<p>Une enqu\u00eate a \u00e9t\u00e9 ouverte par le parquet de Mahdia suite \u00e0 l&rsquo;agression dont a \u00e9t\u00e9 victime le directeur de Radio MFM et journaliste, Nizar Ben Hassen, selon les d\u00e9clarations du porte-parole des tribunaux de Mahdia et de Monastir, Nizar Ben Hassen, \u00e0 la radio Mosaique FM.<\/p>\n<p>\t\t\t\t\t\t\t\t\tC&rsquo;est la Police judiciaire de Mahdia qui a \u00e9t\u00e9 charg\u00e9 de mener les investigations.<\/p>\n<p>Il est \u00e0 rappeler que\u00a0Nizar Ben Hassen\u00a0a \u00e9t\u00e9 violemment agress\u00e9 par des individus, devant son domicile \u00e0 Chebba, dans le gouvernorat de Mahdia, ce vendredi 16 f\u00e9vrier 2024. Victime d&rsquo;une h\u00e9morragie c\u00e9r\u00e9brale, il a \u00e9t\u00e9 plac\u00e9 en soins intensifs \u00e0 l&rsquo;h\u00f4pital Tahar Sfar de Mahdia.<\/p>\n","protected":false},"excerpt":{"rendered":"<p>Une enqu\u00eate a \u00e9t\u00e9 ouverte par le parquet de Mahdia suite \u00e0 l&rsquo;agression dont a \u00e9t\u00e9 victime le directeur de Radio MFM et journaliste, Nizar Ben Hassen, selon les&#8230;<\/p>\n","protected":false},"author":3169,"featured_media":247978,"comment_status":"open","ping_status":"closed","sticky":false,"template":"","format":"standard","meta":{"footnotes":""},"categories":[44],"tags":[3202,2619,2980,6982,6981,6980,2608],"class_list":["post-212361","post","type-post","status-publish","format-standard","has-post-thumbnail","hentry","category-national","tag-enquete","tag-justice","tag-mahdia","tag-mfm","tag-nizar-ben-hassen","tag-radio","tag-tunisie"],"yoast_head":"<!-- This site is optimized with the Yoast SEO Premium plugin v27.5 (Yoast SEO v27.5) - https:\/\/yoast.com\/product\/yoast-seo-premium-wordpress\/ -->\n<title>Ouverture d&#039;une enqu\u00eate sur l&#039;agression du directeur de MFM Nizar Ben Hassen<\/title>\n<meta name=\"description\" content=\"Une enqu\u00eate a \u00e9t\u00e9 ouverte par le parquet de Mahdia suite \u00e0 l&#039;agression dont a \u00e9t\u00e9 victime le directeur de Radio MFM et journaliste, Nizar Ben Hassen, selon les...\" \/>\n<link rel=\"canonical\" href=\"https:\/\/www.webdo.tn\/fr\/actualite\/national\/ouverture-d-une-enquete-sur-l-agression-du-directeur-de-mfm-nizar-ben-hassen\/212361\/\" \/>\n<meta property=\"og:locale\" content=\"fr_FR\" \/>\n<meta property=\"og:type\" content=\"article\" \/>\n<meta property=\"og:title\" content=\"Ouverture d&#039;une enqu\u00eate sur l&#039;agression du directeur de MFM Nizar Ben Hassen\" \/>\n<meta property=\"og:description\" content=\"Une enqu\u00eate a \u00e9t\u00e9 ouverte par le parquet de Mahdia suite \u00e0 l&#039;agression dont a \u00e9t\u00e9 victime le directeur de Radio MFM et journaliste, Nizar Ben Hassen, selon les...\" \/>\n<meta property=\"og:url\" content=\"https:\/\/www.webdo.tn\/fr\/actualite\/national\/ouverture-d-une-enquete-sur-l-agression-du-directeur-de-mfm-nizar-ben-hassen\/212361\/\" \/>\n<meta property=\"og:site_name\" content=\"webdo\" \/>\n<meta property=\"article:publisher\" content=\"https:\/\/www.facebook.com\/webdotn\" \/>\n<meta property=\"article:published_time\" content=\"2024-02-16T19:06:00+00:00\" \/>\n<meta property=\"og:image\" content=\"https:\/\/www.webdo.tn\/fr\/wp-content\/uploads\/2024\/02\/f156ce0360b009650b7b1ff047c4f0fc.jpg\" \/>\n\t<meta property=\"og:image:width\" content=\"360\" \/>\n\t<meta property=\"og:image:height\" content=\"192\" \/>\n\t<meta property=\"og:image:type\" content=\"image\/jpeg\" \/>\n<meta name=\"author\" content=\"Webdo\" \/>\n<meta name=\"twitter:card\" content=\"summary_large_image\" \/>\n<meta name=\"twitter:creator\" content=\"@webdo_tn\" \/>\n<meta name=\"twitter:site\" content=\"@webdo_tn\" \/>\n<meta name=\"twitter:label1\" content=\"\u00c9crit par\" \/>\n\t<meta name=\"twitter:data1\" content=\"Webdo\" \/>\n\t<meta name=\"twitter:label2\" content=\"Dur\u00e9e de lecture estim\u00e9e\" \/>\n\t<meta name=\"twitter:data2\" content=\"1 minute\" \/>\n<script type=\"application\/ld+json\" class=\"yoast-schema-graph\">{\"@context\":\"https:\\\/\\\/schema.org\",\"@graph\":[{\"@type\":\"NewsArticle\",\"@id\":\"https:\\\/\\\/www.webdo.tn\\\/fr\\\/actualite\\\/national\\\/ouverture-d-une-enquete-sur-l-agression-du-directeur-de-mfm-nizar-ben-hassen\\\/212361\\\/#article\",\"isPartOf\":{\"@id\":\"https:\\\/\\\/www.webdo.tn\\\/fr\\\/actualite\\\/national\\\/ouverture-d-une-enquete-sur-l-agression-du-directeur-de-mfm-nizar-ben-hassen\\\/212361\\\/\"},\"author\":{\"name\":\"Webdo\",\"@id\":\"https:\\\/\\\/www.webdo.tn\\\/fr\\\/#\\\/schema\\\/person\\\/1f4e491e0907b413d61089e8eb573acc\"},\"headline\":\"Ouverture d&rsquo;une enqu\u00eate sur l&rsquo;agression du directeur de MFM Nizar Ben Hassen\",\"datePublished\":\"2024-02-16T19:06:00+00:00\",\"mainEntityOfPage\":{\"@id\":\"https:\\\/\\\/www.webdo.tn\\\/fr\\\/actualite\\\/national\\\/ouverture-d-une-enquete-sur-l-agression-du-directeur-de-mfm-nizar-ben-hassen\\\/212361\\\/\"},\"wordCount\":127,\"commentCount\":0,\"publisher\":{\"@id\":\"https:\\\/\\\/www.webdo.tn\\\/fr\\\/#organization\"},\"image\":{\"@id\":\"https:\\\/\\\/www.webdo.tn\\\/fr\\\/actualite\\\/national\\\/ouverture-d-une-enquete-sur-l-agression-du-directeur-de-mfm-nizar-ben-hassen\\\/212361\\\/#primaryimage\"},\"thumbnailUrl\":\"https:\\\/\\\/www.webdo.tn\\\/fr\\\/wp-content\\\/uploads\\\/2024\\\/02\\\/f156ce0360b009650b7b1ff047c4f0fc.jpg\",\"keywords\":[\"Enqu\u00eate\",\"justice\",\"mahdia\",\"MFM\",\"nizar ben hassen\",\"radio\",\"Tunisie\"],\"articleSection\":[\"National\"],\"inLanguage\":\"fr-FR\"},{\"@type\":\"WebPage\",\"@id\":\"https:\\\/\\\/www.webdo.tn\\\/fr\\\/actualite\\\/national\\\/ouverture-d-une-enquete-sur-l-agression-du-directeur-de-mfm-nizar-ben-hassen\\\/212361\\\/\",\"url\":\"https:\\\/\\\/www.webdo.tn\\\/fr\\\/actualite\\\/national\\\/ouverture-d-une-enquete-sur-l-agression-du-directeur-de-mfm-nizar-ben-hassen\\\/212361\\\/\",\"name\":\"Ouverture d'une enqu\u00eate sur l'agression du directeur de MFM Nizar Ben Hassen\",\"isPartOf\":{\"@id\":\"https:\\\/\\\/www.webdo.tn\\\/fr\\\/#website\"},\"primaryImageOfPage\":{\"@id\":\"https:\\\/\\\/www.webdo.tn\\\/fr\\\/actualite\\\/national\\\/ouverture-d-une-enquete-sur-l-agression-du-directeur-de-mfm-nizar-ben-hassen\\\/212361\\\/#primaryimage\"},\"image\":{\"@id\":\"https:\\\/\\\/www.webdo.tn\\\/fr\\\/actualite\\\/national\\\/ouverture-d-une-enquete-sur-l-agression-du-directeur-de-mfm-nizar-ben-hassen\\\/212361\\\/#primaryimage\"},\"thumbnailUrl\":\"https:\\\/\\\/www.webdo.tn\\\/fr\\\/wp-content\\\/uploads\\\/2024\\\/02\\\/f156ce0360b009650b7b1ff047c4f0fc.jpg\",\"datePublished\":\"2024-02-16T19:06:00+00:00\",\"description\":\"Une enqu\u00eate a \u00e9t\u00e9 ouverte par le parquet de Mahdia suite \u00e0 l'agression dont a \u00e9t\u00e9 victime le directeur de Radio MFM et journaliste, Nizar Ben Hassen, selon les...\",\"breadcrumb\":{\"@id\":\"https:\\\/\\\/www.webdo.tn\\\/fr\\\/actualite\\\/national\\\/ouverture-d-une-enquete-sur-l-agression-du-directeur-de-mfm-nizar-ben-hassen\\\/212361\\\/#breadcrumb\"},\"inLanguage\":\"fr-FR\",\"potentialAction\":[{\"@type\":\"ReadAction\",\"target\":[\"https:\\\/\\\/www.webdo.tn\\\/fr\\\/actualite\\\/national\\\/ouverture-d-une-enquete-sur-l-agression-du-directeur-de-mfm-nizar-ben-hassen\\\/212361\\\/\"]}]},{\"@type\":\"ImageObject\",\"inLanguage\":\"fr-FR\",\"@id\":\"https:\\\/\\\/www.webdo.tn\\\/fr\\\/actualite\\\/national\\\/ouverture-d-une-enquete-sur-l-agression-du-directeur-de-mfm-nizar-ben-hassen\\\/212361\\\/#primaryimage\",\"url\":\"https:\\\/\\\/www.webdo.tn\\\/fr\\\/wp-content\\\/uploads\\\/2024\\\/02\\\/f156ce0360b009650b7b1ff047c4f0fc.jpg\",\"contentUrl\":\"https:\\\/\\\/www.webdo.tn\\\/fr\\\/wp-content\\\/uploads\\\/2024\\\/02\\\/f156ce0360b009650b7b1ff047c4f0fc.jpg\",\"width\":360,\"height\":192,\"caption\":\"Ouverture d'une enqu\u00eate sur l'agression du directeur de MFM Nizar Ben Hassen\"},{\"@type\":\"BreadcrumbList\",\"@id\":\"https:\\\/\\\/www.webdo.tn\\\/fr\\\/actualite\\\/national\\\/ouverture-d-une-enquete-sur-l-agression-du-directeur-de-mfm-nizar-ben-hassen\\\/212361\\\/#breadcrumb\",\"itemListElement\":[{\"@type\":\"ListItem\",\"position\":1,\"name\":\"Accueil\",\"item\":\"https:\\\/\\\/www.webdo.tn\\\/fr\\\/\"},{\"@type\":\"ListItem\",\"position\":2,\"name\":\"Ouverture d&#8217;une enqu\u00eate sur l&#8217;agression du directeur de MFM Nizar Ben Hassen\"}]},{\"@type\":\"WebSite\",\"@id\":\"https:\\\/\\\/www.webdo.tn\\\/fr\\\/#website\",\"url\":\"https:\\\/\\\/www.webdo.tn\\\/fr\\\/\",\"name\":\"webdo\",\"description\":\"Tunisie - News en Tunisie et \u00e0 l&#039;international sur Webdo.tn\",\"publisher\":{\"@id\":\"https:\\\/\\\/www.webdo.tn\\\/fr\\\/#organization\"},\"potentialAction\":[{\"@type\":\"SearchAction\",\"target\":{\"@type\":\"EntryPoint\",\"urlTemplate\":\"https:\\\/\\\/www.webdo.tn\\\/fr\\\/?s={search_term_string}\"},\"query-input\":{\"@type\":\"PropertyValueSpecification\",\"valueRequired\":true,\"valueName\":\"search_term_string\"}}],\"inLanguage\":\"fr-FR\"},{\"@type\":\"Organization\",\"@id\":\"https:\\\/\\\/www.webdo.tn\\\/fr\\\/#organization\",\"name\":\"Webdo\",\"alternateName\":\"Webdo.tn\",\"url\":\"https:\\\/\\\/www.webdo.tn\\\/fr\\\/\",\"logo\":{\"@type\":\"ImageObject\",\"inLanguage\":\"fr-FR\",\"@id\":\"https:\\\/\\\/www.webdo.tn\\\/fr\\\/#\\\/schema\\\/logo\\\/image\\\/\",\"url\":\"https:\\\/\\\/www.webdo.tn\\\/fr\\\/wp-content\\\/uploads\\\/2025\\\/06\\\/Webdo-Tunisie_168377.jpg\",\"contentUrl\":\"https:\\\/\\\/www.webdo.tn\\\/fr\\\/wp-content\\\/uploads\\\/2025\\\/06\\\/Webdo-Tunisie_168377.jpg\",\"width\":301,\"height\":301,\"caption\":\"Webdo\"},\"image\":{\"@id\":\"https:\\\/\\\/www.webdo.tn\\\/fr\\\/#\\\/schema\\\/logo\\\/image\\\/\"},\"sameAs\":[\"https:\\\/\\\/www.facebook.com\\\/webdotn\",\"https:\\\/\\\/x.com\\\/webdo_tn\"],\"description\":\"Webdo est un m\u00e9dia num\u00e9rique tunisien fond\u00e9 en 2010, sp\u00e9cialis\u00e9 dans l\u2019actualit\u00e9 nationale et internationale, l\u2019\u00e9conomie, la soci\u00e9t\u00e9 et les analyses politiques. Le site s\u2019adresse \u00e0 un large public francophone et couvre l\u2019information tunisienne en temps r\u00e9el.\",\"email\":\"redac@webdo.tn\",\"legalName\":\"YNJ SARL\",\"foundingDate\":\"2010-09-06\",\"numberOfEmployees\":{\"@type\":\"QuantitativeValue\",\"minValue\":\"11\",\"maxValue\":\"50\"}},{\"@type\":\"Person\",\"@id\":\"https:\\\/\\\/www.webdo.tn\\\/fr\\\/#\\\/schema\\\/person\\\/1f4e491e0907b413d61089e8eb573acc\",\"name\":\"Webdo\",\"image\":{\"@type\":\"ImageObject\",\"inLanguage\":\"fr-FR\",\"@id\":\"https:\\\/\\\/secure.gravatar.com\\\/avatar\\\/de97aeec1bb80978a9dbb127e47dfc88aaacb2f3c29aac907d8d3222e3495d49?s=96&d=mm&r=g\",\"url\":\"https:\\\/\\\/secure.gravatar.com\\\/avatar\\\/de97aeec1bb80978a9dbb127e47dfc88aaacb2f3c29aac907d8d3222e3495d49?s=96&d=mm&r=g\",\"contentUrl\":\"https:\\\/\\\/secure.gravatar.com\\\/avatar\\\/de97aeec1bb80978a9dbb127e47dfc88aaacb2f3c29aac907d8d3222e3495d49?s=96&d=mm&r=g\",\"caption\":\"Webdo\"},\"url\":\"https:\\\/\\\/www.webdo.tn\\\/fr\\\/actualite\\\/author\\\/webdo\\\/\"}]}<\/script>\n<!-- \/ Yoast SEO Premium plugin. -->","yoast_head_json":{"title":"Ouverture d'une enqu\u00eate sur l'agression du directeur de MFM Nizar Ben Hassen","description":"Une enqu\u00eate a \u00e9t\u00e9 ouverte par le parquet de Mahdia suite \u00e0 l'agression dont a \u00e9t\u00e9 victime le directeur de Radio MFM et journaliste, Nizar Ben Hassen, selon les...","canonical":"https:\/\/www.webdo.tn\/fr\/actualite\/national\/ouverture-d-une-enquete-sur-l-agression-du-directeur-de-mfm-nizar-ben-hassen\/212361\/","og_locale":"fr_FR","og_type":"article","og_title":"Ouverture d'une enqu\u00eate sur l'agression du directeur de MFM Nizar Ben Hassen","og_description":"Une enqu\u00eate a \u00e9t\u00e9 ouverte par le parquet de Mahdia suite \u00e0 l'agression dont a \u00e9t\u00e9 victime le directeur de Radio MFM et journaliste, Nizar Ben Hassen, selon les...","og_url":"https:\/\/www.webdo.tn\/fr\/actualite\/national\/ouverture-d-une-enquete-sur-l-agression-du-directeur-de-mfm-nizar-ben-hassen\/212361\/","og_site_name":"webdo","article_publisher":"https:\/\/www.facebook.com\/webdotn","article_published_time":"2024-02-16T19:06:00+00:00","og_image":[{"width":360,"height":192,"url":"https:\/\/www.webdo.tn\/fr\/wp-content\/uploads\/2024\/02\/f156ce0360b009650b7b1ff047c4f0fc.jpg","type":"image\/jpeg"}],"author":"Webdo","twitter_card":"summary_large_image","twitter_creator":"@webdo_tn","twitter_site":"@webdo_tn","twitter_misc":{"\u00c9crit par":"Webdo","Dur\u00e9e de lecture estim\u00e9e":"1 minute"},"schema":{"@context":"https:\/\/schema.org","@graph":[{"@type":"NewsArticle","@id":"https:\/\/www.webdo.tn\/fr\/actualite\/national\/ouverture-d-une-enquete-sur-l-agression-du-directeur-de-mfm-nizar-ben-hassen\/212361\/#article","isPartOf":{"@id":"https:\/\/www.webdo.tn\/fr\/actualite\/national\/ouverture-d-une-enquete-sur-l-agression-du-directeur-de-mfm-nizar-ben-hassen\/212361\/"},"author":{"name":"Webdo","@id":"https:\/\/www.webdo.tn\/fr\/#\/schema\/person\/1f4e491e0907b413d61089e8eb573acc"},"headline":"Ouverture d&rsquo;une enqu\u00eate sur l&rsquo;agression du directeur de MFM Nizar Ben Hassen","datePublished":"2024-02-16T19:06:00+00:00","mainEntityOfPage":{"@id":"https:\/\/www.webdo.tn\/fr\/actualite\/national\/ouverture-d-une-enquete-sur-l-agression-du-directeur-de-mfm-nizar-ben-hassen\/212361\/"},"wordCount":127,"commentCount":0,"publisher":{"@id":"https:\/\/www.webdo.tn\/fr\/#organization"},"image":{"@id":"https:\/\/www.webdo.tn\/fr\/actualite\/national\/ouverture-d-une-enquete-sur-l-agression-du-directeur-de-mfm-nizar-ben-hassen\/212361\/#primaryimage"},"thumbnailUrl":"https:\/\/www.webdo.tn\/fr\/wp-content\/uploads\/2024\/02\/f156ce0360b009650b7b1ff047c4f0fc.jpg","keywords":["Enqu\u00eate","justice","mahdia","MFM","nizar ben hassen","radio","Tunisie"],"articleSection":["National"],"inLanguage":"fr-FR"},{"@type":"WebPage","@id":"https:\/\/www.webdo.tn\/fr\/actualite\/national\/ouverture-d-une-enquete-sur-l-agression-du-directeur-de-mfm-nizar-ben-hassen\/212361\/","url":"https:\/\/www.webdo.tn\/fr\/actualite\/national\/ouverture-d-une-enquete-sur-l-agression-du-directeur-de-mfm-nizar-ben-hassen\/212361\/","name":"Ouverture d'une enqu\u00eate sur l'agression du directeur de MFM Nizar Ben Hassen","isPartOf":{"@id":"https:\/\/www.webdo.tn\/fr\/#website"},"primaryImageOfPage":{"@id":"https:\/\/www.webdo.tn\/fr\/actualite\/national\/ouverture-d-une-enquete-sur-l-agression-du-directeur-de-mfm-nizar-ben-hassen\/212361\/#primaryimage"},"image":{"@id":"https:\/\/www.webdo.tn\/fr\/actualite\/national\/ouverture-d-une-enquete-sur-l-agression-du-directeur-de-mfm-nizar-ben-hassen\/212361\/#primaryimage"},"thumbnailUrl":"https:\/\/www.webdo.tn\/fr\/wp-content\/uploads\/2024\/02\/f156ce0360b009650b7b1ff047c4f0fc.jpg","datePublished":"2024-02-16T19:06:00+00:00","description":"Une enqu\u00eate a \u00e9t\u00e9 ouverte par le parquet de Mahdia suite \u00e0 l'agression dont a \u00e9t\u00e9 victime le directeur de Radio MFM et journaliste, Nizar Ben Hassen, selon les...","breadcrumb":{"@id":"https:\/\/www.webdo.tn\/fr\/actualite\/national\/ouverture-d-une-enquete-sur-l-agression-du-directeur-de-mfm-nizar-ben-hassen\/212361\/#breadcrumb"},"inLanguage":"fr-FR","potentialAction":[{"@type":"ReadAction","target":["https:\/\/www.webdo.tn\/fr\/actualite\/national\/ouverture-d-une-enquete-sur-l-agression-du-directeur-de-mfm-nizar-ben-hassen\/212361\/"]}]},{"@type":"ImageObject","inLanguage":"fr-FR","@id":"https:\/\/www.webdo.tn\/fr\/actualite\/national\/ouverture-d-une-enquete-sur-l-agression-du-directeur-de-mfm-nizar-ben-hassen\/212361\/#primaryimage","url":"https:\/\/www.webdo.tn\/fr\/wp-content\/uploads\/2024\/02\/f156ce0360b009650b7b1ff047c4f0fc.jpg","contentUrl":"https:\/\/www.webdo.tn\/fr\/wp-content\/uploads\/2024\/02\/f156ce0360b009650b7b1ff047c4f0fc.jpg","width":360,"height":192,"caption":"Ouverture d'une enqu\u00eate sur l'agression du directeur de MFM Nizar Ben Hassen"},{"@type":"BreadcrumbList","@id":"https:\/\/www.webdo.tn\/fr\/actualite\/national\/ouverture-d-une-enquete-sur-l-agression-du-directeur-de-mfm-nizar-ben-hassen\/212361\/#breadcrumb","itemListElement":[{"@type":"ListItem","position":1,"name":"Accueil","item":"https:\/\/www.webdo.tn\/fr\/"},{"@type":"ListItem","position":2,"name":"Ouverture d&#8217;une enqu\u00eate sur l&#8217;agression du directeur de MFM Nizar Ben Hassen"}]},{"@type":"WebSite","@id":"https:\/\/www.webdo.tn\/fr\/#website","url":"https:\/\/www.webdo.tn\/fr\/","name":"webdo","description":"Tunisie - News en Tunisie et \u00e0 l&#039;international sur Webdo.tn","publisher":{"@id":"https:\/\/www.webdo.tn\/fr\/#organization"},"potentialAction":[{"@type":"SearchAction","target":{"@type":"EntryPoint","urlTemplate":"https:\/\/www.webdo.tn\/fr\/?s={search_term_string}"},"query-input":{"@type":"PropertyValueSpecification","valueRequired":true,"valueName":"search_term_string"}}],"inLanguage":"fr-FR"},{"@type":"Organization","@id":"https:\/\/www.webdo.tn\/fr\/#organization","name":"Webdo","alternateName":"Webdo.tn","url":"https:\/\/www.webdo.tn\/fr\/","logo":{"@type":"ImageObject","inLanguage":"fr-FR","@id":"https:\/\/www.webdo.tn\/fr\/#\/schema\/logo\/image\/","url":"https:\/\/www.webdo.tn\/fr\/wp-content\/uploads\/2025\/06\/Webdo-Tunisie_168377.jpg","contentUrl":"https:\/\/www.webdo.tn\/fr\/wp-content\/uploads\/2025\/06\/Webdo-Tunisie_168377.jpg","width":301,"height":301,"caption":"Webdo"},"image":{"@id":"https:\/\/www.webdo.tn\/fr\/#\/schema\/logo\/image\/"},"sameAs":["https:\/\/www.facebook.com\/webdotn","https:\/\/x.com\/webdo_tn"],"description":"Webdo est un m\u00e9dia num\u00e9rique tunisien fond\u00e9 en 2010, sp\u00e9cialis\u00e9 dans l\u2019actualit\u00e9 nationale et internationale, l\u2019\u00e9conomie, la soci\u00e9t\u00e9 et les analyses politiques. Le site s\u2019adresse \u00e0 un large public francophone et couvre l\u2019information tunisienne en temps r\u00e9el.","email":"redac@webdo.tn","legalName":"YNJ SARL","foundingDate":"2010-09-06","numberOfEmployees":{"@type":"QuantitativeValue","minValue":"11","maxValue":"50"}},{"@type":"Person","@id":"https:\/\/www.webdo.tn\/fr\/#\/schema\/person\/1f4e491e0907b413d61089e8eb573acc","name":"Webdo","image":{"@type":"ImageObject","inLanguage":"fr-FR","@id":"https:\/\/secure.gravatar.com\/avatar\/de97aeec1bb80978a9dbb127e47dfc88aaacb2f3c29aac907d8d3222e3495d49?s=96&d=mm&r=g","url":"https:\/\/secure.gravatar.com\/avatar\/de97aeec1bb80978a9dbb127e47dfc88aaacb2f3c29aac907d8d3222e3495d49?s=96&d=mm&r=g","contentUrl":"https:\/\/secure.gravatar.com\/avatar\/de97aeec1bb80978a9dbb127e47dfc88aaacb2f3c29aac907d8d3222e3495d49?s=96&d=mm&r=g","caption":"Webdo"},"url":"https:\/\/www.webdo.tn\/fr\/actualite\/author\/webdo\/"}]}},"_links":{"self":[{"href":"https:\/\/www.webdo.tn\/fr\/wp-json\/wp\/v2\/posts\/212361","targetHints":{"allow":["GET"]}}],"collection":[{"href":"https:\/\/www.webdo.tn\/fr\/wp-json\/wp\/v2\/posts"}],"about":[{"href":"https:\/\/www.webdo.tn\/fr\/wp-json\/wp\/v2\/types\/post"}],"author":[{"embeddable":true,"href":"https:\/\/www.webdo.tn\/fr\/wp-json\/wp\/v2\/users\/3169"}],"replies":[{"embeddable":true,"href":"https:\/\/www.webdo.tn\/fr\/wp-json\/wp\/v2\/comments?post=212361"}],"version-history":[{"count":0,"href":"https:\/\/www.webdo.tn\/fr\/wp-json\/wp\/v2\/posts\/212361\/revisions"}],"wp:featuredmedia":[{"embeddable":true,"href":"https:\/\/www.webdo.tn\/fr\/wp-json\/wp\/v2\/media\/247978"}],"wp:attachment":[{"href":"https:\/\/www.webdo.tn\/fr\/wp-json\/wp\/v2\/media?parent=212361"}],"wp:term":[{"taxonomy":"category","embeddable":true,"href":"https:\/\/www.webdo.tn\/fr\/wp-json\/wp\/v2\/categories?post=212361"},{"taxonomy":"post_tag","embeddable":true,"href":"https:\/\/www.webdo.tn\/fr\/wp-json\/wp\/v2\/tags?post=212361"}],"curies":[{"name":"wp","href":"https:\/\/api.w.org\/{rel}","templated":true}]}}