{"id":212360,"date":"2024-02-16T18:28:00","date_gmt":"2024-02-16T18:28:00","guid":{"rendered":"https:\/\/www.webdo.tn\/fr\/blog\/la-commission-des-droits-de-l-homme-de-l-union-interparlementaire-appelle-a-la-liberation-de-abir-muossi\/212360\/"},"modified":"2024-02-16T18:28:00","modified_gmt":"2024-02-16T18:28:00","slug":"la-commission-des-droits-de-l-homme-de-l-union-interparlementaire-appelle-a-la-liberation-de-abir-muossi","status":"publish","type":"post","link":"https:\/\/www.webdo.tn\/fr\/actualite\/national\/la-commission-des-droits-de-l-homme-de-l-union-interparlementaire-appelle-a-la-liberation-de-abir-muossi\/212360\/","title":{"rendered":"La commission des droits de l&rsquo;Homme de l&rsquo;Union interparlementaire appelle \u00e0 la lib\u00e9ration de Abir Moussi"},"content":{"rendered":"<p>La Commission des droits de l&rsquo;Homme de l&rsquo;Union interparlementaire appelle \u00e0 la lib\u00e9ration de Abir Moussi, selon le communiqu\u00e9 publi\u00e9 par le Parti Destourien Libre, ce vendredi 16 f\u00e9vrier 2024.<\/p>\n<p>\t\t\t\t\t\t\t\t\tLadite commission consid\u00e9re la pr\u00e9sidente du PDL comme une prisonni\u00e8re politique, arr\u00eat\u00e9e\u00a0pour avoir critiqu\u00e9 les d\u00e9crets pr\u00e9sidentiels li\u00e9s aux \u00e9lections locales, explique le communiqu\u00e9 du parti. Elle\u00a0appel\u00e9 ainsi les autorit\u00e9s \u00e0 respecter le droit des femmes tunisiennes \u00e0 participer aux \u00e9lections pr\u00e9sidentielles et \u00e0 cesser de les intimider en mati\u00e8re d&rsquo;action politique.<br \/>\n\u00a0<br \/>\nDe plus, le communiqu\u00e9 du PDL\u00a0a indiqu\u00e9 que la commission de l&rsquo;Union\u00a0interparlementaire estime que\u00a0la d\u00e9tention de Abir Moussi\u00a0vise \u00e0 l&#8217;emp\u00eacher d&rsquo;exercer ses droits \u00e0 la libert\u00e9 d&rsquo;expression et de r\u00e9union et d&rsquo;autres droits garantis par le Pacte international relatif aux droits civils et politiques auquel la Tunisie a adh\u00e9r\u00e9 r\u00e9cemment.<br \/>\n\u00a0<br \/>\nIl est \u00e0 rappeler que le comit\u00e9 de\u00a0d\u00e9fense de Abir Moussi avait expliqu\u00e9 que la pr\u00e9sidente du PDL\u00a0\u00e9tait poursuivie dans 8 affaires.<\/p>\n","protected":false},"excerpt":{"rendered":"<p>La Commission des droits de l&rsquo;Homme de l&rsquo;Union interparlementaire appelle \u00e0 la lib\u00e9ration de Abir Moussi, selon le communiqu\u00e9 publi\u00e9 par le Parti Destourien Lib&#8230;<\/p>\n","protected":false},"author":3169,"featured_media":290243,"comment_status":"open","ping_status":"closed","sticky":false,"template":"","format":"standard","meta":{"footnotes":""},"categories":[44],"tags":[10009,2926,3286,3938,2608],"class_list":["post-212360","post","type-post","status-publish","format-standard","has-post-thumbnail","hentry","category-national","tag-union-interparlementaire","tag-abir-moussi","tag-detention","tag-liberation","tag-tunisie"],"yoast_head":"<!-- This site is optimized with the Yoast SEO Premium plugin v27.4 (Yoast SEO v27.5) - https:\/\/yoast.com\/product\/yoast-seo-premium-wordpress\/ -->\n<title>La commission des droits de l&#039;Homme de l&#039;Union interparlementaire appelle \u00e0 la lib\u00e9ration de Abir Moussi<\/title>\n<meta name=\"description\" content=\"La Commission des droits de l&#039;Homme de l&#039;Union interparlementaire appelle \u00e0 la lib\u00e9ration de Abir Moussi, selon le communiqu\u00e9 publi\u00e9 par le Parti Destourien Lib...\" \/>\n<link rel=\"canonical\" href=\"https:\/\/www.webdo.tn\/fr\/actualite\/national\/la-commission-des-droits-de-l-homme-de-l-union-interparlementaire-appelle-a-la-liberation-de-abir-muossi\/212360\/\" \/>\n<meta property=\"og:locale\" content=\"fr_FR\" \/>\n<meta property=\"og:type\" content=\"article\" \/>\n<meta property=\"og:title\" content=\"La commission des droits de l&#039;Homme de l&#039;Union interparlementaire appelle \u00e0 la lib\u00e9ration de Abir Moussi\" \/>\n<meta property=\"og:description\" content=\"La Commission des droits de l&#039;Homme de l&#039;Union interparlementaire appelle \u00e0 la lib\u00e9ration de Abir Moussi, selon le communiqu\u00e9 publi\u00e9 par le Parti Destourien Lib...\" \/>\n<meta property=\"og:url\" content=\"https:\/\/www.webdo.tn\/fr\/actualite\/national\/la-commission-des-droits-de-l-homme-de-l-union-interparlementaire-appelle-a-la-liberation-de-abir-muossi\/212360\/\" \/>\n<meta property=\"og:site_name\" content=\"webdo\" \/>\n<meta property=\"article:publisher\" content=\"https:\/\/www.facebook.com\/webdotn\" \/>\n<meta property=\"article:published_time\" content=\"2024-02-16T18:28:00+00:00\" \/>\n<meta property=\"og:image\" content=\"https:\/\/www.webdo.tn\/fr\/wp-content\/uploads\/2024\/02\/9b7774fc5d61dc5b32387ec333a70a2e.jpg\" \/>\n\t<meta property=\"og:image:width\" content=\"750\" \/>\n\t<meta property=\"og:image:height\" content=\"400\" \/>\n\t<meta property=\"og:image:type\" content=\"image\/jpeg\" \/>\n<meta name=\"author\" content=\"Webdo\" \/>\n<meta name=\"twitter:card\" content=\"summary_large_image\" \/>\n<meta name=\"twitter:creator\" content=\"@webdo_tn\" \/>\n<meta name=\"twitter:site\" content=\"@webdo_tn\" \/>\n<meta name=\"twitter:label1\" content=\"\u00c9crit par\" \/>\n\t<meta name=\"twitter:data1\" content=\"Webdo\" \/>\n\t<meta name=\"twitter:label2\" content=\"Dur\u00e9e de lecture estim\u00e9e\" \/>\n\t<meta name=\"twitter:data2\" content=\"1 minute\" \/>\n<script type=\"application\/ld+json\" class=\"yoast-schema-graph\">{\"@context\":\"https:\\\/\\\/schema.org\",\"@graph\":[{\"@type\":\"NewsArticle\",\"@id\":\"https:\\\/\\\/www.webdo.tn\\\/fr\\\/actualite\\\/national\\\/la-commission-des-droits-de-l-homme-de-l-union-interparlementaire-appelle-a-la-liberation-de-abir-muossi\\\/212360\\\/#article\",\"isPartOf\":{\"@id\":\"https:\\\/\\\/www.webdo.tn\\\/fr\\\/actualite\\\/national\\\/la-commission-des-droits-de-l-homme-de-l-union-interparlementaire-appelle-a-la-liberation-de-abir-muossi\\\/212360\\\/\"},\"author\":{\"name\":\"Webdo\",\"@id\":\"https:\\\/\\\/www.webdo.tn\\\/fr\\\/#\\\/schema\\\/person\\\/1f4e491e0907b413d61089e8eb573acc\"},\"headline\":\"La commission des droits de l&rsquo;Homme de l&rsquo;Union interparlementaire appelle \u00e0 la lib\u00e9ration de Abir Moussi\",\"datePublished\":\"2024-02-16T18:28:00+00:00\",\"mainEntityOfPage\":{\"@id\":\"https:\\\/\\\/www.webdo.tn\\\/fr\\\/actualite\\\/national\\\/la-commission-des-droits-de-l-homme-de-l-union-interparlementaire-appelle-a-la-liberation-de-abir-muossi\\\/212360\\\/\"},\"wordCount\":198,\"commentCount\":0,\"publisher\":{\"@id\":\"https:\\\/\\\/www.webdo.tn\\\/fr\\\/#organization\"},\"image\":{\"@id\":\"https:\\\/\\\/www.webdo.tn\\\/fr\\\/actualite\\\/national\\\/la-commission-des-droits-de-l-homme-de-l-union-interparlementaire-appelle-a-la-liberation-de-abir-muossi\\\/212360\\\/#primaryimage\"},\"thumbnailUrl\":\"https:\\\/\\\/www.webdo.tn\\\/fr\\\/wp-content\\\/uploads\\\/2024\\\/02\\\/9b7774fc5d61dc5b32387ec333a70a2e.jpg\",\"keywords\":[\"'union interparlementaire']\",\"Abir Moussi\",\"d\u00e9tention\",\"lib\u00e9ration\",\"Tunisie\"],\"articleSection\":[\"National\"],\"inLanguage\":\"fr-FR\"},{\"@type\":\"WebPage\",\"@id\":\"https:\\\/\\\/www.webdo.tn\\\/fr\\\/actualite\\\/national\\\/la-commission-des-droits-de-l-homme-de-l-union-interparlementaire-appelle-a-la-liberation-de-abir-muossi\\\/212360\\\/\",\"url\":\"https:\\\/\\\/www.webdo.tn\\\/fr\\\/actualite\\\/national\\\/la-commission-des-droits-de-l-homme-de-l-union-interparlementaire-appelle-a-la-liberation-de-abir-muossi\\\/212360\\\/\",\"name\":\"La commission des droits de l'Homme de l'Union interparlementaire appelle \u00e0 la lib\u00e9ration de Abir Moussi\",\"isPartOf\":{\"@id\":\"https:\\\/\\\/www.webdo.tn\\\/fr\\\/#website\"},\"primaryImageOfPage\":{\"@id\":\"https:\\\/\\\/www.webdo.tn\\\/fr\\\/actualite\\\/national\\\/la-commission-des-droits-de-l-homme-de-l-union-interparlementaire-appelle-a-la-liberation-de-abir-muossi\\\/212360\\\/#primaryimage\"},\"image\":{\"@id\":\"https:\\\/\\\/www.webdo.tn\\\/fr\\\/actualite\\\/national\\\/la-commission-des-droits-de-l-homme-de-l-union-interparlementaire-appelle-a-la-liberation-de-abir-muossi\\\/212360\\\/#primaryimage\"},\"thumbnailUrl\":\"https:\\\/\\\/www.webdo.tn\\\/fr\\\/wp-content\\\/uploads\\\/2024\\\/02\\\/9b7774fc5d61dc5b32387ec333a70a2e.jpg\",\"datePublished\":\"2024-02-16T18:28:00+00:00\",\"description\":\"La Commission des droits de l'Homme de l'Union interparlementaire appelle \u00e0 la lib\u00e9ration de Abir Moussi, selon le communiqu\u00e9 publi\u00e9 par le Parti Destourien Lib...\",\"breadcrumb\":{\"@id\":\"https:\\\/\\\/www.webdo.tn\\\/fr\\\/actualite\\\/national\\\/la-commission-des-droits-de-l-homme-de-l-union-interparlementaire-appelle-a-la-liberation-de-abir-muossi\\\/212360\\\/#breadcrumb\"},\"inLanguage\":\"fr-FR\",\"potentialAction\":[{\"@type\":\"ReadAction\",\"target\":[\"https:\\\/\\\/www.webdo.tn\\\/fr\\\/actualite\\\/national\\\/la-commission-des-droits-de-l-homme-de-l-union-interparlementaire-appelle-a-la-liberation-de-abir-muossi\\\/212360\\\/\"]}]},{\"@type\":\"ImageObject\",\"inLanguage\":\"fr-FR\",\"@id\":\"https:\\\/\\\/www.webdo.tn\\\/fr\\\/actualite\\\/national\\\/la-commission-des-droits-de-l-homme-de-l-union-interparlementaire-appelle-a-la-liberation-de-abir-muossi\\\/212360\\\/#primaryimage\",\"url\":\"https:\\\/\\\/www.webdo.tn\\\/fr\\\/wp-content\\\/uploads\\\/2024\\\/02\\\/9b7774fc5d61dc5b32387ec333a70a2e.jpg\",\"contentUrl\":\"https:\\\/\\\/www.webdo.tn\\\/fr\\\/wp-content\\\/uploads\\\/2024\\\/02\\\/9b7774fc5d61dc5b32387ec333a70a2e.jpg\",\"width\":750,\"height\":400,\"caption\":\"La commission des droits de l'Homme de l'Union interparlementaire appelle \u00e0 la lib\u00e9ration de Abir Moussi\"},{\"@type\":\"BreadcrumbList\",\"@id\":\"https:\\\/\\\/www.webdo.tn\\\/fr\\\/actualite\\\/national\\\/la-commission-des-droits-de-l-homme-de-l-union-interparlementaire-appelle-a-la-liberation-de-abir-muossi\\\/212360\\\/#breadcrumb\",\"itemListElement\":[{\"@type\":\"ListItem\",\"position\":1,\"name\":\"Accueil\",\"item\":\"https:\\\/\\\/www.webdo.tn\\\/fr\\\/\"},{\"@type\":\"ListItem\",\"position\":2,\"name\":\"La commission des droits de l&rsquo;Homme de l&rsquo;Union interparlementaire appelle \u00e0 la lib\u00e9ration de Abir Moussi\"}]},{\"@type\":\"WebSite\",\"@id\":\"https:\\\/\\\/www.webdo.tn\\\/fr\\\/#website\",\"url\":\"https:\\\/\\\/www.webdo.tn\\\/fr\\\/\",\"name\":\"webdo\",\"description\":\"Tunisie - News en Tunisie et \u00e0 l&#039;international sur Webdo.tn\",\"publisher\":{\"@id\":\"https:\\\/\\\/www.webdo.tn\\\/fr\\\/#organization\"},\"potentialAction\":[{\"@type\":\"SearchAction\",\"target\":{\"@type\":\"EntryPoint\",\"urlTemplate\":\"https:\\\/\\\/www.webdo.tn\\\/fr\\\/?s={search_term_string}\"},\"query-input\":{\"@type\":\"PropertyValueSpecification\",\"valueRequired\":true,\"valueName\":\"search_term_string\"}}],\"inLanguage\":\"fr-FR\"},{\"@type\":\"Organization\",\"@id\":\"https:\\\/\\\/www.webdo.tn\\\/fr\\\/#organization\",\"name\":\"Webdo\",\"alternateName\":\"Webdo.tn\",\"url\":\"https:\\\/\\\/www.webdo.tn\\\/fr\\\/\",\"logo\":{\"@type\":\"ImageObject\",\"inLanguage\":\"fr-FR\",\"@id\":\"https:\\\/\\\/www.webdo.tn\\\/fr\\\/#\\\/schema\\\/logo\\\/image\\\/\",\"url\":\"https:\\\/\\\/www.webdo.tn\\\/fr\\\/wp-content\\\/uploads\\\/2025\\\/06\\\/Webdo-Tunisie_168377.jpg\",\"contentUrl\":\"https:\\\/\\\/www.webdo.tn\\\/fr\\\/wp-content\\\/uploads\\\/2025\\\/06\\\/Webdo-Tunisie_168377.jpg\",\"width\":301,\"height\":301,\"caption\":\"Webdo\"},\"image\":{\"@id\":\"https:\\\/\\\/www.webdo.tn\\\/fr\\\/#\\\/schema\\\/logo\\\/image\\\/\"},\"sameAs\":[\"https:\\\/\\\/www.facebook.com\\\/webdotn\",\"https:\\\/\\\/x.com\\\/webdo_tn\"],\"description\":\"Webdo est un m\u00e9dia num\u00e9rique tunisien fond\u00e9 en 2010, sp\u00e9cialis\u00e9 dans l\u2019actualit\u00e9 nationale et internationale, l\u2019\u00e9conomie, la soci\u00e9t\u00e9 et les analyses politiques. Le site s\u2019adresse \u00e0 un large public francophone et couvre l\u2019information tunisienne en temps r\u00e9el.\",\"email\":\"redac@webdo.tn\",\"legalName\":\"YNJ SARL\",\"foundingDate\":\"2010-09-06\",\"numberOfEmployees\":{\"@type\":\"QuantitativeValue\",\"minValue\":\"11\",\"maxValue\":\"50\"}},{\"@type\":\"Person\",\"@id\":\"https:\\\/\\\/www.webdo.tn\\\/fr\\\/#\\\/schema\\\/person\\\/1f4e491e0907b413d61089e8eb573acc\",\"name\":\"Webdo\",\"image\":{\"@type\":\"ImageObject\",\"inLanguage\":\"fr-FR\",\"@id\":\"https:\\\/\\\/secure.gravatar.com\\\/avatar\\\/de97aeec1bb80978a9dbb127e47dfc88aaacb2f3c29aac907d8d3222e3495d49?s=96&d=mm&r=g\",\"url\":\"https:\\\/\\\/secure.gravatar.com\\\/avatar\\\/de97aeec1bb80978a9dbb127e47dfc88aaacb2f3c29aac907d8d3222e3495d49?s=96&d=mm&r=g\",\"contentUrl\":\"https:\\\/\\\/secure.gravatar.com\\\/avatar\\\/de97aeec1bb80978a9dbb127e47dfc88aaacb2f3c29aac907d8d3222e3495d49?s=96&d=mm&r=g\",\"caption\":\"Webdo\"},\"url\":\"https:\\\/\\\/www.webdo.tn\\\/fr\\\/actualite\\\/author\\\/webdo\\\/\"}]}<\/script>\n<!-- \/ Yoast SEO Premium plugin. -->","yoast_head_json":{"title":"La commission des droits de l'Homme de l'Union interparlementaire appelle \u00e0 la lib\u00e9ration de Abir Moussi","description":"La Commission des droits de l'Homme de l'Union interparlementaire appelle \u00e0 la lib\u00e9ration de Abir Moussi, selon le communiqu\u00e9 publi\u00e9 par le Parti Destourien Lib...","canonical":"https:\/\/www.webdo.tn\/fr\/actualite\/national\/la-commission-des-droits-de-l-homme-de-l-union-interparlementaire-appelle-a-la-liberation-de-abir-muossi\/212360\/","og_locale":"fr_FR","og_type":"article","og_title":"La commission des droits de l'Homme de l'Union interparlementaire appelle \u00e0 la lib\u00e9ration de Abir Moussi","og_description":"La Commission des droits de l'Homme de l'Union interparlementaire appelle \u00e0 la lib\u00e9ration de Abir Moussi, selon le communiqu\u00e9 publi\u00e9 par le Parti Destourien Lib...","og_url":"https:\/\/www.webdo.tn\/fr\/actualite\/national\/la-commission-des-droits-de-l-homme-de-l-union-interparlementaire-appelle-a-la-liberation-de-abir-muossi\/212360\/","og_site_name":"webdo","article_publisher":"https:\/\/www.facebook.com\/webdotn","article_published_time":"2024-02-16T18:28:00+00:00","og_image":[{"width":750,"height":400,"url":"https:\/\/www.webdo.tn\/fr\/wp-content\/uploads\/2024\/02\/9b7774fc5d61dc5b32387ec333a70a2e.jpg","type":"image\/jpeg"}],"author":"Webdo","twitter_card":"summary_large_image","twitter_creator":"@webdo_tn","twitter_site":"@webdo_tn","twitter_misc":{"\u00c9crit par":"Webdo","Dur\u00e9e de lecture estim\u00e9e":"1 minute"},"schema":{"@context":"https:\/\/schema.org","@graph":[{"@type":"NewsArticle","@id":"https:\/\/www.webdo.tn\/fr\/actualite\/national\/la-commission-des-droits-de-l-homme-de-l-union-interparlementaire-appelle-a-la-liberation-de-abir-muossi\/212360\/#article","isPartOf":{"@id":"https:\/\/www.webdo.tn\/fr\/actualite\/national\/la-commission-des-droits-de-l-homme-de-l-union-interparlementaire-appelle-a-la-liberation-de-abir-muossi\/212360\/"},"author":{"name":"Webdo","@id":"https:\/\/www.webdo.tn\/fr\/#\/schema\/person\/1f4e491e0907b413d61089e8eb573acc"},"headline":"La commission des droits de l&rsquo;Homme de l&rsquo;Union interparlementaire appelle \u00e0 la lib\u00e9ration de Abir Moussi","datePublished":"2024-02-16T18:28:00+00:00","mainEntityOfPage":{"@id":"https:\/\/www.webdo.tn\/fr\/actualite\/national\/la-commission-des-droits-de-l-homme-de-l-union-interparlementaire-appelle-a-la-liberation-de-abir-muossi\/212360\/"},"wordCount":198,"commentCount":0,"publisher":{"@id":"https:\/\/www.webdo.tn\/fr\/#organization"},"image":{"@id":"https:\/\/www.webdo.tn\/fr\/actualite\/national\/la-commission-des-droits-de-l-homme-de-l-union-interparlementaire-appelle-a-la-liberation-de-abir-muossi\/212360\/#primaryimage"},"thumbnailUrl":"https:\/\/www.webdo.tn\/fr\/wp-content\/uploads\/2024\/02\/9b7774fc5d61dc5b32387ec333a70a2e.jpg","keywords":["'union interparlementaire']","Abir Moussi","d\u00e9tention","lib\u00e9ration","Tunisie"],"articleSection":["National"],"inLanguage":"fr-FR"},{"@type":"WebPage","@id":"https:\/\/www.webdo.tn\/fr\/actualite\/national\/la-commission-des-droits-de-l-homme-de-l-union-interparlementaire-appelle-a-la-liberation-de-abir-muossi\/212360\/","url":"https:\/\/www.webdo.tn\/fr\/actualite\/national\/la-commission-des-droits-de-l-homme-de-l-union-interparlementaire-appelle-a-la-liberation-de-abir-muossi\/212360\/","name":"La commission des droits de l'Homme de l'Union interparlementaire appelle \u00e0 la lib\u00e9ration de Abir Moussi","isPartOf":{"@id":"https:\/\/www.webdo.tn\/fr\/#website"},"primaryImageOfPage":{"@id":"https:\/\/www.webdo.tn\/fr\/actualite\/national\/la-commission-des-droits-de-l-homme-de-l-union-interparlementaire-appelle-a-la-liberation-de-abir-muossi\/212360\/#primaryimage"},"image":{"@id":"https:\/\/www.webdo.tn\/fr\/actualite\/national\/la-commission-des-droits-de-l-homme-de-l-union-interparlementaire-appelle-a-la-liberation-de-abir-muossi\/212360\/#primaryimage"},"thumbnailUrl":"https:\/\/www.webdo.tn\/fr\/wp-content\/uploads\/2024\/02\/9b7774fc5d61dc5b32387ec333a70a2e.jpg","datePublished":"2024-02-16T18:28:00+00:00","description":"La Commission des droits de l'Homme de l'Union interparlementaire appelle \u00e0 la lib\u00e9ration de Abir Moussi, selon le communiqu\u00e9 publi\u00e9 par le Parti Destourien Lib...","breadcrumb":{"@id":"https:\/\/www.webdo.tn\/fr\/actualite\/national\/la-commission-des-droits-de-l-homme-de-l-union-interparlementaire-appelle-a-la-liberation-de-abir-muossi\/212360\/#breadcrumb"},"inLanguage":"fr-FR","potentialAction":[{"@type":"ReadAction","target":["https:\/\/www.webdo.tn\/fr\/actualite\/national\/la-commission-des-droits-de-l-homme-de-l-union-interparlementaire-appelle-a-la-liberation-de-abir-muossi\/212360\/"]}]},{"@type":"ImageObject","inLanguage":"fr-FR","@id":"https:\/\/www.webdo.tn\/fr\/actualite\/national\/la-commission-des-droits-de-l-homme-de-l-union-interparlementaire-appelle-a-la-liberation-de-abir-muossi\/212360\/#primaryimage","url":"https:\/\/www.webdo.tn\/fr\/wp-content\/uploads\/2024\/02\/9b7774fc5d61dc5b32387ec333a70a2e.jpg","contentUrl":"https:\/\/www.webdo.tn\/fr\/wp-content\/uploads\/2024\/02\/9b7774fc5d61dc5b32387ec333a70a2e.jpg","width":750,"height":400,"caption":"La commission des droits de l'Homme de l'Union interparlementaire appelle \u00e0 la lib\u00e9ration de Abir Moussi"},{"@type":"BreadcrumbList","@id":"https:\/\/www.webdo.tn\/fr\/actualite\/national\/la-commission-des-droits-de-l-homme-de-l-union-interparlementaire-appelle-a-la-liberation-de-abir-muossi\/212360\/#breadcrumb","itemListElement":[{"@type":"ListItem","position":1,"name":"Accueil","item":"https:\/\/www.webdo.tn\/fr\/"},{"@type":"ListItem","position":2,"name":"La commission des droits de l&rsquo;Homme de l&rsquo;Union interparlementaire appelle \u00e0 la lib\u00e9ration de Abir Moussi"}]},{"@type":"WebSite","@id":"https:\/\/www.webdo.tn\/fr\/#website","url":"https:\/\/www.webdo.tn\/fr\/","name":"webdo","description":"Tunisie - News en Tunisie et \u00e0 l&#039;international sur Webdo.tn","publisher":{"@id":"https:\/\/www.webdo.tn\/fr\/#organization"},"potentialAction":[{"@type":"SearchAction","target":{"@type":"EntryPoint","urlTemplate":"https:\/\/www.webdo.tn\/fr\/?s={search_term_string}"},"query-input":{"@type":"PropertyValueSpecification","valueRequired":true,"valueName":"search_term_string"}}],"inLanguage":"fr-FR"},{"@type":"Organization","@id":"https:\/\/www.webdo.tn\/fr\/#organization","name":"Webdo","alternateName":"Webdo.tn","url":"https:\/\/www.webdo.tn\/fr\/","logo":{"@type":"ImageObject","inLanguage":"fr-FR","@id":"https:\/\/www.webdo.tn\/fr\/#\/schema\/logo\/image\/","url":"https:\/\/www.webdo.tn\/fr\/wp-content\/uploads\/2025\/06\/Webdo-Tunisie_168377.jpg","contentUrl":"https:\/\/www.webdo.tn\/fr\/wp-content\/uploads\/2025\/06\/Webdo-Tunisie_168377.jpg","width":301,"height":301,"caption":"Webdo"},"image":{"@id":"https:\/\/www.webdo.tn\/fr\/#\/schema\/logo\/image\/"},"sameAs":["https:\/\/www.facebook.com\/webdotn","https:\/\/x.com\/webdo_tn"],"description":"Webdo est un m\u00e9dia num\u00e9rique tunisien fond\u00e9 en 2010, sp\u00e9cialis\u00e9 dans l\u2019actualit\u00e9 nationale et internationale, l\u2019\u00e9conomie, la soci\u00e9t\u00e9 et les analyses politiques. Le site s\u2019adresse \u00e0 un large public francophone et couvre l\u2019information tunisienne en temps r\u00e9el.","email":"redac@webdo.tn","legalName":"YNJ SARL","foundingDate":"2010-09-06","numberOfEmployees":{"@type":"QuantitativeValue","minValue":"11","maxValue":"50"}},{"@type":"Person","@id":"https:\/\/www.webdo.tn\/fr\/#\/schema\/person\/1f4e491e0907b413d61089e8eb573acc","name":"Webdo","image":{"@type":"ImageObject","inLanguage":"fr-FR","@id":"https:\/\/secure.gravatar.com\/avatar\/de97aeec1bb80978a9dbb127e47dfc88aaacb2f3c29aac907d8d3222e3495d49?s=96&d=mm&r=g","url":"https:\/\/secure.gravatar.com\/avatar\/de97aeec1bb80978a9dbb127e47dfc88aaacb2f3c29aac907d8d3222e3495d49?s=96&d=mm&r=g","contentUrl":"https:\/\/secure.gravatar.com\/avatar\/de97aeec1bb80978a9dbb127e47dfc88aaacb2f3c29aac907d8d3222e3495d49?s=96&d=mm&r=g","caption":"Webdo"},"url":"https:\/\/www.webdo.tn\/fr\/actualite\/author\/webdo\/"}]}},"_links":{"self":[{"href":"https:\/\/www.webdo.tn\/fr\/wp-json\/wp\/v2\/posts\/212360","targetHints":{"allow":["GET"]}}],"collection":[{"href":"https:\/\/www.webdo.tn\/fr\/wp-json\/wp\/v2\/posts"}],"about":[{"href":"https:\/\/www.webdo.tn\/fr\/wp-json\/wp\/v2\/types\/post"}],"author":[{"embeddable":true,"href":"https:\/\/www.webdo.tn\/fr\/wp-json\/wp\/v2\/users\/3169"}],"replies":[{"embeddable":true,"href":"https:\/\/www.webdo.tn\/fr\/wp-json\/wp\/v2\/comments?post=212360"}],"version-history":[{"count":0,"href":"https:\/\/www.webdo.tn\/fr\/wp-json\/wp\/v2\/posts\/212360\/revisions"}],"wp:featuredmedia":[{"embeddable":true,"href":"https:\/\/www.webdo.tn\/fr\/wp-json\/wp\/v2\/media\/290243"}],"wp:attachment":[{"href":"https:\/\/www.webdo.tn\/fr\/wp-json\/wp\/v2\/media?parent=212360"}],"wp:term":[{"taxonomy":"category","embeddable":true,"href":"https:\/\/www.webdo.tn\/fr\/wp-json\/wp\/v2\/categories?post=212360"},{"taxonomy":"post_tag","embeddable":true,"href":"https:\/\/www.webdo.tn\/fr\/wp-json\/wp\/v2\/tags?post=212360"}],"curies":[{"name":"wp","href":"https:\/\/api.w.org\/{rel}","templated":true}]}}