{"id":212357,"date":"2024-02-16T14:52:00","date_gmt":"2024-02-16T14:52:00","guid":{"rendered":"https:\/\/www.webdo.tn\/fr\/blog\/tunisie-nouvelle-journee-de-colere-des-retraites-le-2-mars\/212357\/"},"modified":"2025-05-20T22:11:52","modified_gmt":"2025-05-20T22:11:52","slug":"tunisie-nouvelle-journee-de-colere-des-retraites-le-2-mars","status":"publish","type":"post","link":"https:\/\/www.webdo.tn\/fr\/actualite\/national\/tunisie-nouvelle-journee-de-colere-des-retraites-le-2-mars\/212357\/","title":{"rendered":"Tunisie : Nouvelle journ\u00e9e de col\u00e8re des retrait\u00e9s, le 2 mars"},"content":{"rendered":"<p>Apr\u00e8s plusieurs appels rest\u00e9s lettre morte, les retrait\u00e9s qui souhaitent un r\u00e9ajustement de leurs pensions ont opt\u00e9 pour l\u2019escalade. Pour eux, la situation est tellement grave que de nombreux retrait\u00e9s touchent aujourd\u2019hui des pensions de retraite de 180 dinars.<\/p>\n<p>\t\t\t\t\t\t\t\t\tC\u2019est dans ce contexte que le secr\u00e9taire g\u00e9n\u00e9ral de la F\u00e9d\u00e9ration g\u00e9n\u00e9rale des retrait\u00e9s, Abdelkader Nasri a indiqu\u00e9, ce vendredi 16 f\u00e9vrier 2024 sur les ondes d\u2019Express Fm qu\u2019une nouvelle journ\u00e9e de col\u00e8re sera organis\u00e9e le 2 mars prochain.<\/p>\n<p>N\u2019ayant re\u00e7u aucune r\u00e9ponse \u00e0 leurs revendications, la F\u00e9d\u00e9ration a opt\u00e9 pour l\u2019escalade. Il faut savoir que la F\u00e9d\u00e9ration g\u00e9n\u00e9rale des retrait\u00e9s a observ\u00e9 un mouvement de protestation, le 14 f\u00e9vrier dernier \u00e0 Tunis pour revendiquer le r\u00e9ajustement des pensions de retraite et l\u2019am\u00e9lioration des conditions de vie des retrait\u00e9s. \u00a0<\/p>\n<p>Il faut savoir \u00e9galement que plus d\u2019un million de retrait\u00e9s sont concern\u00e9s par le r\u00e9ajustement des pensions de retraite dont 800 mille sont affili\u00e9s \u00e0 la CNSS et 380 mille sont affili\u00e9s \u00e0 la CNRPS.<\/p>\n<p>Par ailleurs, 500.000 retrait\u00e9s sur un total de 1,2 million per\u00e7oivent une pension inf\u00e9rieure au salaire minimum garanti. De m\u00eame, environ 800 mille retrait\u00e9s du secteur priv\u00e9 attendent toujours le versement de leurs droits alors que ceux de la fonction publique et le secteur public ont b\u00e9n\u00e9fici\u00e9 d&rsquo;une augmentation d&rsquo;environ 6%.<br \/>\n\u00a0<br \/>\nTout en d\u00e9plorant l&rsquo;inaction et la politique de la sourde-oreille du gouvernement par rapport \u00e0 leurs demandes d&rsquo;ajuster les pensions, la F\u00e9d\u00e9ration revendique \u00e9galement l&rsquo;abrogation de la loi n\u00b043 de 2007 relative aux retrait\u00e9s, conform\u00e9ment \u00e0 la d\u00e9cision temporaire du Pr\u00e9sident de la R\u00e9publique dans la circulaire n\u00b043 de 2007 relative aux retrait\u00e9s, qui pr\u00e9voit l\u2019arr\u00eat de la d\u00e9duction.<\/p>\n","protected":false},"excerpt":{"rendered":"<p>Une nouvelle journ\u00e9e de col\u00e8re sera organis\u00e9e le 2 mars prochain \u00e0 Tunis.<\/p>\n","protected":false},"author":3162,"featured_media":290246,"comment_status":"open","ping_status":"closed","sticky":false,"template":"","format":"standard","meta":{"footnotes":""},"categories":[44],"tags":[9973,7104,3378,3836,2608],"class_list":["post-212357","post","type-post","status-publish","format-standard","has-post-thumbnail","hentry","category-national","tag-pensions","tag-cnrps","tag-cnss","tag-retraites","tag-tunisie"],"yoast_head":"<!-- This site is optimized with the Yoast SEO Premium plugin v27.5 (Yoast SEO v27.5) - https:\/\/yoast.com\/product\/yoast-seo-premium-wordpress\/ -->\n<title>Tunisie : Nouvelle journ\u00e9e de col\u00e8re des retrait\u00e9s, le 2 mars<\/title>\n<meta name=\"description\" content=\"Une nouvelle journ\u00e9e de col\u00e8re sera organis\u00e9e le 2 mars prochain \u00e0 Tunis.\" \/>\n<link rel=\"canonical\" href=\"https:\/\/www.webdo.tn\/fr\/actualite\/national\/tunisie-nouvelle-journee-de-colere-des-retraites-le-2-mars\/212357\/\" \/>\n<meta property=\"og:locale\" content=\"fr_FR\" \/>\n<meta property=\"og:type\" content=\"article\" \/>\n<meta property=\"og:title\" content=\"Tunisie : Nouvelle journ\u00e9e de col\u00e8re des retrait\u00e9s, le 2 mars\" \/>\n<meta property=\"og:description\" content=\"Une nouvelle journ\u00e9e de col\u00e8re sera organis\u00e9e le 2 mars prochain \u00e0 Tunis.\" \/>\n<meta property=\"og:url\" content=\"https:\/\/www.webdo.tn\/fr\/actualite\/national\/tunisie-nouvelle-journee-de-colere-des-retraites-le-2-mars\/212357\/\" \/>\n<meta property=\"og:site_name\" content=\"webdo\" \/>\n<meta property=\"article:publisher\" content=\"https:\/\/www.facebook.com\/webdotn\" \/>\n<meta property=\"article:published_time\" content=\"2024-02-16T14:52:00+00:00\" \/>\n<meta property=\"article:modified_time\" content=\"2025-05-20T22:11:52+00:00\" \/>\n<meta property=\"og:image\" content=\"https:\/\/www.webdo.tn\/fr\/wp-content\/uploads\/2024\/02\/383e5eda572cb5b003add6f9d08a3874.jpg\" \/>\n\t<meta property=\"og:image:width\" content=\"750\" \/>\n\t<meta property=\"og:image:height\" content=\"400\" \/>\n\t<meta property=\"og:image:type\" content=\"image\/jpeg\" \/>\n<meta name=\"author\" content=\"MC\" \/>\n<meta name=\"twitter:card\" content=\"summary_large_image\" \/>\n<meta name=\"twitter:creator\" content=\"@webdo_tn\" \/>\n<meta name=\"twitter:site\" content=\"@webdo_tn\" \/>\n<meta name=\"twitter:label1\" content=\"\u00c9crit par\" \/>\n\t<meta name=\"twitter:data1\" content=\"MC\" \/>\n\t<meta name=\"twitter:label2\" content=\"Dur\u00e9e de lecture estim\u00e9e\" \/>\n\t<meta name=\"twitter:data2\" content=\"2 minutes\" \/>\n<script type=\"application\/ld+json\" class=\"yoast-schema-graph\">{\"@context\":\"https:\\\/\\\/schema.org\",\"@graph\":[{\"@type\":\"NewsArticle\",\"@id\":\"https:\\\/\\\/www.webdo.tn\\\/fr\\\/actualite\\\/national\\\/tunisie-nouvelle-journee-de-colere-des-retraites-le-2-mars\\\/212357\\\/#article\",\"isPartOf\":{\"@id\":\"https:\\\/\\\/www.webdo.tn\\\/fr\\\/actualite\\\/national\\\/tunisie-nouvelle-journee-de-colere-des-retraites-le-2-mars\\\/212357\\\/\"},\"author\":{\"name\":\"MC\",\"@id\":\"https:\\\/\\\/www.webdo.tn\\\/fr\\\/#\\\/schema\\\/person\\\/2c4929cbf5a809e3bd38617c6ce150f6\"},\"headline\":\"Tunisie : Nouvelle journ\u00e9e de col\u00e8re des retrait\u00e9s, le 2 mars\",\"datePublished\":\"2024-02-16T14:52:00+00:00\",\"dateModified\":\"2025-05-20T22:11:52+00:00\",\"mainEntityOfPage\":{\"@id\":\"https:\\\/\\\/www.webdo.tn\\\/fr\\\/actualite\\\/national\\\/tunisie-nouvelle-journee-de-colere-des-retraites-le-2-mars\\\/212357\\\/\"},\"wordCount\":335,\"commentCount\":0,\"publisher\":{\"@id\":\"https:\\\/\\\/www.webdo.tn\\\/fr\\\/#organization\"},\"image\":{\"@id\":\"https:\\\/\\\/www.webdo.tn\\\/fr\\\/actualite\\\/national\\\/tunisie-nouvelle-journee-de-colere-des-retraites-le-2-mars\\\/212357\\\/#primaryimage\"},\"thumbnailUrl\":\"https:\\\/\\\/www.webdo.tn\\\/fr\\\/wp-content\\\/uploads\\\/2024\\\/02\\\/383e5eda572cb5b003add6f9d08a3874.jpg\",\"keywords\":[\"'pensions']\",\"CNRPS\",\"CNSS\",\"retrait\u00e9s\",\"Tunisie\"],\"articleSection\":[\"National\"],\"inLanguage\":\"fr-FR\"},{\"@type\":\"WebPage\",\"@id\":\"https:\\\/\\\/www.webdo.tn\\\/fr\\\/actualite\\\/national\\\/tunisie-nouvelle-journee-de-colere-des-retraites-le-2-mars\\\/212357\\\/\",\"url\":\"https:\\\/\\\/www.webdo.tn\\\/fr\\\/actualite\\\/national\\\/tunisie-nouvelle-journee-de-colere-des-retraites-le-2-mars\\\/212357\\\/\",\"name\":\"Tunisie : Nouvelle journ\u00e9e de col\u00e8re des retrait\u00e9s, le 2 mars\",\"isPartOf\":{\"@id\":\"https:\\\/\\\/www.webdo.tn\\\/fr\\\/#website\"},\"primaryImageOfPage\":{\"@id\":\"https:\\\/\\\/www.webdo.tn\\\/fr\\\/actualite\\\/national\\\/tunisie-nouvelle-journee-de-colere-des-retraites-le-2-mars\\\/212357\\\/#primaryimage\"},\"image\":{\"@id\":\"https:\\\/\\\/www.webdo.tn\\\/fr\\\/actualite\\\/national\\\/tunisie-nouvelle-journee-de-colere-des-retraites-le-2-mars\\\/212357\\\/#primaryimage\"},\"thumbnailUrl\":\"https:\\\/\\\/www.webdo.tn\\\/fr\\\/wp-content\\\/uploads\\\/2024\\\/02\\\/383e5eda572cb5b003add6f9d08a3874.jpg\",\"datePublished\":\"2024-02-16T14:52:00+00:00\",\"dateModified\":\"2025-05-20T22:11:52+00:00\",\"description\":\"Une nouvelle journ\u00e9e de col\u00e8re sera organis\u00e9e le 2 mars prochain \u00e0 Tunis.\",\"breadcrumb\":{\"@id\":\"https:\\\/\\\/www.webdo.tn\\\/fr\\\/actualite\\\/national\\\/tunisie-nouvelle-journee-de-colere-des-retraites-le-2-mars\\\/212357\\\/#breadcrumb\"},\"inLanguage\":\"fr-FR\",\"potentialAction\":[{\"@type\":\"ReadAction\",\"target\":[\"https:\\\/\\\/www.webdo.tn\\\/fr\\\/actualite\\\/national\\\/tunisie-nouvelle-journee-de-colere-des-retraites-le-2-mars\\\/212357\\\/\"]}]},{\"@type\":\"ImageObject\",\"inLanguage\":\"fr-FR\",\"@id\":\"https:\\\/\\\/www.webdo.tn\\\/fr\\\/actualite\\\/national\\\/tunisie-nouvelle-journee-de-colere-des-retraites-le-2-mars\\\/212357\\\/#primaryimage\",\"url\":\"https:\\\/\\\/www.webdo.tn\\\/fr\\\/wp-content\\\/uploads\\\/2024\\\/02\\\/383e5eda572cb5b003add6f9d08a3874.jpg\",\"contentUrl\":\"https:\\\/\\\/www.webdo.tn\\\/fr\\\/wp-content\\\/uploads\\\/2024\\\/02\\\/383e5eda572cb5b003add6f9d08a3874.jpg\",\"width\":750,\"height\":400,\"caption\":\"Tunisie : Nouvelle journ\u00e9e de col\u00e8re des retrait\u00e9s, le 2 mars\"},{\"@type\":\"BreadcrumbList\",\"@id\":\"https:\\\/\\\/www.webdo.tn\\\/fr\\\/actualite\\\/national\\\/tunisie-nouvelle-journee-de-colere-des-retraites-le-2-mars\\\/212357\\\/#breadcrumb\",\"itemListElement\":[{\"@type\":\"ListItem\",\"position\":1,\"name\":\"Accueil\",\"item\":\"https:\\\/\\\/www.webdo.tn\\\/fr\\\/\"},{\"@type\":\"ListItem\",\"position\":2,\"name\":\"Tunisie : Nouvelle journ\u00e9e de col\u00e8re des retrait\u00e9s, le 2 mars\"}]},{\"@type\":\"WebSite\",\"@id\":\"https:\\\/\\\/www.webdo.tn\\\/fr\\\/#website\",\"url\":\"https:\\\/\\\/www.webdo.tn\\\/fr\\\/\",\"name\":\"webdo\",\"description\":\"Tunisie - News en Tunisie et \u00e0 l&#039;international sur Webdo.tn\",\"publisher\":{\"@id\":\"https:\\\/\\\/www.webdo.tn\\\/fr\\\/#organization\"},\"potentialAction\":[{\"@type\":\"SearchAction\",\"target\":{\"@type\":\"EntryPoint\",\"urlTemplate\":\"https:\\\/\\\/www.webdo.tn\\\/fr\\\/?s={search_term_string}\"},\"query-input\":{\"@type\":\"PropertyValueSpecification\",\"valueRequired\":true,\"valueName\":\"search_term_string\"}}],\"inLanguage\":\"fr-FR\"},{\"@type\":\"Organization\",\"@id\":\"https:\\\/\\\/www.webdo.tn\\\/fr\\\/#organization\",\"name\":\"Webdo\",\"alternateName\":\"Webdo.tn\",\"url\":\"https:\\\/\\\/www.webdo.tn\\\/fr\\\/\",\"logo\":{\"@type\":\"ImageObject\",\"inLanguage\":\"fr-FR\",\"@id\":\"https:\\\/\\\/www.webdo.tn\\\/fr\\\/#\\\/schema\\\/logo\\\/image\\\/\",\"url\":\"https:\\\/\\\/www.webdo.tn\\\/fr\\\/wp-content\\\/uploads\\\/2025\\\/06\\\/Webdo-Tunisie_168377.jpg\",\"contentUrl\":\"https:\\\/\\\/www.webdo.tn\\\/fr\\\/wp-content\\\/uploads\\\/2025\\\/06\\\/Webdo-Tunisie_168377.jpg\",\"width\":301,\"height\":301,\"caption\":\"Webdo\"},\"image\":{\"@id\":\"https:\\\/\\\/www.webdo.tn\\\/fr\\\/#\\\/schema\\\/logo\\\/image\\\/\"},\"sameAs\":[\"https:\\\/\\\/www.facebook.com\\\/webdotn\",\"https:\\\/\\\/x.com\\\/webdo_tn\"],\"description\":\"Webdo est un m\u00e9dia num\u00e9rique tunisien fond\u00e9 en 2010, sp\u00e9cialis\u00e9 dans l\u2019actualit\u00e9 nationale et internationale, l\u2019\u00e9conomie, la soci\u00e9t\u00e9 et les analyses politiques. Le site s\u2019adresse \u00e0 un large public francophone et couvre l\u2019information tunisienne en temps r\u00e9el.\",\"email\":\"redac@webdo.tn\",\"legalName\":\"YNJ SARL\",\"foundingDate\":\"2010-09-06\",\"numberOfEmployees\":{\"@type\":\"QuantitativeValue\",\"minValue\":\"11\",\"maxValue\":\"50\"}},{\"@type\":\"Person\",\"@id\":\"https:\\\/\\\/www.webdo.tn\\\/fr\\\/#\\\/schema\\\/person\\\/2c4929cbf5a809e3bd38617c6ce150f6\",\"name\":\"MC\",\"image\":{\"@type\":\"ImageObject\",\"inLanguage\":\"fr-FR\",\"@id\":\"https:\\\/\\\/secure.gravatar.com\\\/avatar\\\/a545bbb6f84efdd5553dbbc2895e3ca8f1d12c5215e00a041c9670b54aa9b18a?s=96&d=mm&r=g\",\"url\":\"https:\\\/\\\/secure.gravatar.com\\\/avatar\\\/a545bbb6f84efdd5553dbbc2895e3ca8f1d12c5215e00a041c9670b54aa9b18a?s=96&d=mm&r=g\",\"contentUrl\":\"https:\\\/\\\/secure.gravatar.com\\\/avatar\\\/a545bbb6f84efdd5553dbbc2895e3ca8f1d12c5215e00a041c9670b54aa9b18a?s=96&d=mm&r=g\",\"caption\":\"MC\"},\"url\":\"https:\\\/\\\/www.webdo.tn\\\/fr\\\/actualite\\\/author\\\/mc\\\/\"}]}<\/script>\n<!-- \/ Yoast SEO Premium plugin. -->","yoast_head_json":{"title":"Tunisie : Nouvelle journ\u00e9e de col\u00e8re des retrait\u00e9s, le 2 mars","description":"Une nouvelle journ\u00e9e de col\u00e8re sera organis\u00e9e le 2 mars prochain \u00e0 Tunis.","canonical":"https:\/\/www.webdo.tn\/fr\/actualite\/national\/tunisie-nouvelle-journee-de-colere-des-retraites-le-2-mars\/212357\/","og_locale":"fr_FR","og_type":"article","og_title":"Tunisie : Nouvelle journ\u00e9e de col\u00e8re des retrait\u00e9s, le 2 mars","og_description":"Une nouvelle journ\u00e9e de col\u00e8re sera organis\u00e9e le 2 mars prochain \u00e0 Tunis.","og_url":"https:\/\/www.webdo.tn\/fr\/actualite\/national\/tunisie-nouvelle-journee-de-colere-des-retraites-le-2-mars\/212357\/","og_site_name":"webdo","article_publisher":"https:\/\/www.facebook.com\/webdotn","article_published_time":"2024-02-16T14:52:00+00:00","article_modified_time":"2025-05-20T22:11:52+00:00","og_image":[{"width":750,"height":400,"url":"https:\/\/www.webdo.tn\/fr\/wp-content\/uploads\/2024\/02\/383e5eda572cb5b003add6f9d08a3874.jpg","type":"image\/jpeg"}],"author":"MC","twitter_card":"summary_large_image","twitter_creator":"@webdo_tn","twitter_site":"@webdo_tn","twitter_misc":{"\u00c9crit par":"MC","Dur\u00e9e de lecture estim\u00e9e":"2 minutes"},"schema":{"@context":"https:\/\/schema.org","@graph":[{"@type":"NewsArticle","@id":"https:\/\/www.webdo.tn\/fr\/actualite\/national\/tunisie-nouvelle-journee-de-colere-des-retraites-le-2-mars\/212357\/#article","isPartOf":{"@id":"https:\/\/www.webdo.tn\/fr\/actualite\/national\/tunisie-nouvelle-journee-de-colere-des-retraites-le-2-mars\/212357\/"},"author":{"name":"MC","@id":"https:\/\/www.webdo.tn\/fr\/#\/schema\/person\/2c4929cbf5a809e3bd38617c6ce150f6"},"headline":"Tunisie : Nouvelle journ\u00e9e de col\u00e8re des retrait\u00e9s, le 2 mars","datePublished":"2024-02-16T14:52:00+00:00","dateModified":"2025-05-20T22:11:52+00:00","mainEntityOfPage":{"@id":"https:\/\/www.webdo.tn\/fr\/actualite\/national\/tunisie-nouvelle-journee-de-colere-des-retraites-le-2-mars\/212357\/"},"wordCount":335,"commentCount":0,"publisher":{"@id":"https:\/\/www.webdo.tn\/fr\/#organization"},"image":{"@id":"https:\/\/www.webdo.tn\/fr\/actualite\/national\/tunisie-nouvelle-journee-de-colere-des-retraites-le-2-mars\/212357\/#primaryimage"},"thumbnailUrl":"https:\/\/www.webdo.tn\/fr\/wp-content\/uploads\/2024\/02\/383e5eda572cb5b003add6f9d08a3874.jpg","keywords":["'pensions']","CNRPS","CNSS","retrait\u00e9s","Tunisie"],"articleSection":["National"],"inLanguage":"fr-FR"},{"@type":"WebPage","@id":"https:\/\/www.webdo.tn\/fr\/actualite\/national\/tunisie-nouvelle-journee-de-colere-des-retraites-le-2-mars\/212357\/","url":"https:\/\/www.webdo.tn\/fr\/actualite\/national\/tunisie-nouvelle-journee-de-colere-des-retraites-le-2-mars\/212357\/","name":"Tunisie : Nouvelle journ\u00e9e de col\u00e8re des retrait\u00e9s, le 2 mars","isPartOf":{"@id":"https:\/\/www.webdo.tn\/fr\/#website"},"primaryImageOfPage":{"@id":"https:\/\/www.webdo.tn\/fr\/actualite\/national\/tunisie-nouvelle-journee-de-colere-des-retraites-le-2-mars\/212357\/#primaryimage"},"image":{"@id":"https:\/\/www.webdo.tn\/fr\/actualite\/national\/tunisie-nouvelle-journee-de-colere-des-retraites-le-2-mars\/212357\/#primaryimage"},"thumbnailUrl":"https:\/\/www.webdo.tn\/fr\/wp-content\/uploads\/2024\/02\/383e5eda572cb5b003add6f9d08a3874.jpg","datePublished":"2024-02-16T14:52:00+00:00","dateModified":"2025-05-20T22:11:52+00:00","description":"Une nouvelle journ\u00e9e de col\u00e8re sera organis\u00e9e le 2 mars prochain \u00e0 Tunis.","breadcrumb":{"@id":"https:\/\/www.webdo.tn\/fr\/actualite\/national\/tunisie-nouvelle-journee-de-colere-des-retraites-le-2-mars\/212357\/#breadcrumb"},"inLanguage":"fr-FR","potentialAction":[{"@type":"ReadAction","target":["https:\/\/www.webdo.tn\/fr\/actualite\/national\/tunisie-nouvelle-journee-de-colere-des-retraites-le-2-mars\/212357\/"]}]},{"@type":"ImageObject","inLanguage":"fr-FR","@id":"https:\/\/www.webdo.tn\/fr\/actualite\/national\/tunisie-nouvelle-journee-de-colere-des-retraites-le-2-mars\/212357\/#primaryimage","url":"https:\/\/www.webdo.tn\/fr\/wp-content\/uploads\/2024\/02\/383e5eda572cb5b003add6f9d08a3874.jpg","contentUrl":"https:\/\/www.webdo.tn\/fr\/wp-content\/uploads\/2024\/02\/383e5eda572cb5b003add6f9d08a3874.jpg","width":750,"height":400,"caption":"Tunisie : Nouvelle journ\u00e9e de col\u00e8re des retrait\u00e9s, le 2 mars"},{"@type":"BreadcrumbList","@id":"https:\/\/www.webdo.tn\/fr\/actualite\/national\/tunisie-nouvelle-journee-de-colere-des-retraites-le-2-mars\/212357\/#breadcrumb","itemListElement":[{"@type":"ListItem","position":1,"name":"Accueil","item":"https:\/\/www.webdo.tn\/fr\/"},{"@type":"ListItem","position":2,"name":"Tunisie : Nouvelle journ\u00e9e de col\u00e8re des retrait\u00e9s, le 2 mars"}]},{"@type":"WebSite","@id":"https:\/\/www.webdo.tn\/fr\/#website","url":"https:\/\/www.webdo.tn\/fr\/","name":"webdo","description":"Tunisie - News en Tunisie et \u00e0 l&#039;international sur Webdo.tn","publisher":{"@id":"https:\/\/www.webdo.tn\/fr\/#organization"},"potentialAction":[{"@type":"SearchAction","target":{"@type":"EntryPoint","urlTemplate":"https:\/\/www.webdo.tn\/fr\/?s={search_term_string}"},"query-input":{"@type":"PropertyValueSpecification","valueRequired":true,"valueName":"search_term_string"}}],"inLanguage":"fr-FR"},{"@type":"Organization","@id":"https:\/\/www.webdo.tn\/fr\/#organization","name":"Webdo","alternateName":"Webdo.tn","url":"https:\/\/www.webdo.tn\/fr\/","logo":{"@type":"ImageObject","inLanguage":"fr-FR","@id":"https:\/\/www.webdo.tn\/fr\/#\/schema\/logo\/image\/","url":"https:\/\/www.webdo.tn\/fr\/wp-content\/uploads\/2025\/06\/Webdo-Tunisie_168377.jpg","contentUrl":"https:\/\/www.webdo.tn\/fr\/wp-content\/uploads\/2025\/06\/Webdo-Tunisie_168377.jpg","width":301,"height":301,"caption":"Webdo"},"image":{"@id":"https:\/\/www.webdo.tn\/fr\/#\/schema\/logo\/image\/"},"sameAs":["https:\/\/www.facebook.com\/webdotn","https:\/\/x.com\/webdo_tn"],"description":"Webdo est un m\u00e9dia num\u00e9rique tunisien fond\u00e9 en 2010, sp\u00e9cialis\u00e9 dans l\u2019actualit\u00e9 nationale et internationale, l\u2019\u00e9conomie, la soci\u00e9t\u00e9 et les analyses politiques. Le site s\u2019adresse \u00e0 un large public francophone et couvre l\u2019information tunisienne en temps r\u00e9el.","email":"redac@webdo.tn","legalName":"YNJ SARL","foundingDate":"2010-09-06","numberOfEmployees":{"@type":"QuantitativeValue","minValue":"11","maxValue":"50"}},{"@type":"Person","@id":"https:\/\/www.webdo.tn\/fr\/#\/schema\/person\/2c4929cbf5a809e3bd38617c6ce150f6","name":"MC","image":{"@type":"ImageObject","inLanguage":"fr-FR","@id":"https:\/\/secure.gravatar.com\/avatar\/a545bbb6f84efdd5553dbbc2895e3ca8f1d12c5215e00a041c9670b54aa9b18a?s=96&d=mm&r=g","url":"https:\/\/secure.gravatar.com\/avatar\/a545bbb6f84efdd5553dbbc2895e3ca8f1d12c5215e00a041c9670b54aa9b18a?s=96&d=mm&r=g","contentUrl":"https:\/\/secure.gravatar.com\/avatar\/a545bbb6f84efdd5553dbbc2895e3ca8f1d12c5215e00a041c9670b54aa9b18a?s=96&d=mm&r=g","caption":"MC"},"url":"https:\/\/www.webdo.tn\/fr\/actualite\/author\/mc\/"}]}},"_links":{"self":[{"href":"https:\/\/www.webdo.tn\/fr\/wp-json\/wp\/v2\/posts\/212357","targetHints":{"allow":["GET"]}}],"collection":[{"href":"https:\/\/www.webdo.tn\/fr\/wp-json\/wp\/v2\/posts"}],"about":[{"href":"https:\/\/www.webdo.tn\/fr\/wp-json\/wp\/v2\/types\/post"}],"author":[{"embeddable":true,"href":"https:\/\/www.webdo.tn\/fr\/wp-json\/wp\/v2\/users\/3162"}],"replies":[{"embeddable":true,"href":"https:\/\/www.webdo.tn\/fr\/wp-json\/wp\/v2\/comments?post=212357"}],"version-history":[{"count":0,"href":"https:\/\/www.webdo.tn\/fr\/wp-json\/wp\/v2\/posts\/212357\/revisions"}],"wp:featuredmedia":[{"embeddable":true,"href":"https:\/\/www.webdo.tn\/fr\/wp-json\/wp\/v2\/media\/290246"}],"wp:attachment":[{"href":"https:\/\/www.webdo.tn\/fr\/wp-json\/wp\/v2\/media?parent=212357"}],"wp:term":[{"taxonomy":"category","embeddable":true,"href":"https:\/\/www.webdo.tn\/fr\/wp-json\/wp\/v2\/categories?post=212357"},{"taxonomy":"post_tag","embeddable":true,"href":"https:\/\/www.webdo.tn\/fr\/wp-json\/wp\/v2\/tags?post=212357"}],"curies":[{"name":"wp","href":"https:\/\/api.w.org\/{rel}","templated":true}]}}