{"id":212356,"date":"2024-02-16T14:31:00","date_gmt":"2024-02-16T14:31:00","guid":{"rendered":"https:\/\/www.webdo.tn\/fr\/blog\/taux-de-croissance-la-bad-reajuste-ses-previsions-pour-la-tunisie\/212356\/"},"modified":"2025-05-20T22:53:14","modified_gmt":"2025-05-20T22:53:14","slug":"taux-de-croissance-la-bad-reajuste-ses-previsions-pour-la-tunisie","status":"publish","type":"post","link":"https:\/\/www.webdo.tn\/fr\/actualite\/national\/taux-de-croissance-la-bad-reajuste-ses-previsions-pour-la-tunisie\/212356\/","title":{"rendered":"Taux de croissance : La BAD r\u00e9ajuste ses pr\u00e9visions pour la Tunisie"},"content":{"rendered":"<p>Selon les projections du rapport intitul\u00e9 \u00ab Performance et perspectives macro\u00e9conomiques de l\u2019Afrique\u00bb publi\u00e9, vendredi, par la Banque africaine de d\u00e9veloppement (BAD), le taux de croissance du PIB de la Tunisie devrait atteindre 2,1% en 2024 et 3,2% en 2025, contre un taux estim\u00e9 \u00e0 0,9% en 2023.\u00a0<\/p>\n<p>Le rapport a fait ressortir \u00e9galement que le taux d\u2018inflation de la Tunisie devrait se situer en moyenne \u00e0 7,5% pour la p\u00e9riode 2024\/2025, la balance du compte courant devrait atteindre -5,3% du PIB et le solde budg\u00e9taire \u00e0 -5,7% du PIB, au cours de la m\u00eame p\u00e9riode.<\/p>\n<p>Publi\u00e9 chaque ann\u00e9e aux premier et quatri\u00e8me trimestres, ce rapport vient compl\u00e9ter le rapport phare de la Banque sur les Perspectives \u00e9conomiques en Afrique.\u00a0<\/p>\n<p>En juillet dernier, la Banque africaine de d\u00e9veloppement (BAD) avait pr\u00e9vu une croissance de 1,9% de l\u2019\u00e9conomie tunisienne en 2023 et de 2,8% en 2024, selon un rapport de la Banque.\u00a0<\/p>\n<p>Les pays d\u2019Afrique du Nord devraient conna\u00eetre une l\u00e9g\u00e8re hausse de croissance \u00e9conomique \u00e0 4,6 % en 2023 et 4,4 % en 2024 et devraient \u00e9riger la croissance verte au rang d\u2019urgence, indique l\u2019institution panafricaine dans son rapport, publi\u00e9 \u00e0 Tunis, sur les perspectives \u00e9conomiques en Afrique du Nord en 2023, intitul\u00e9 \u00ab\u00a0Mobiliser les financements du secteur priv\u00e9 en faveur du climat et de la croissance verte en Afrique\u00a0\u00bb.<\/p>\n","protected":false},"excerpt":{"rendered":"<p>Le rapport a fait ressortir \u00e9galement que le taux d\u2018inflation de la Tunisie devrait se situer en moyenne \u00e0 7,5% pour la p\u00e9riode 2024\/2025, la balance du compte&#8230;<\/p>\n","protected":false},"author":3175,"featured_media":290242,"comment_status":"open","ping_status":"closed","sticky":false,"template":"","format":"standard","meta":{"footnotes":""},"categories":[44],"tags":[2686,3854,7208,2608],"class_list":["post-212356","post","type-post","status-publish","format-standard","has-post-thumbnail","hentry","category-national","tag-bad","tag-croissance","tag-previsions","tag-tunisie"],"yoast_head":"<!-- This site is optimized with the Yoast SEO Premium plugin v27.4 (Yoast SEO v27.5) - https:\/\/yoast.com\/product\/yoast-seo-premium-wordpress\/ -->\n<title>Taux de croissance : La BAD r\u00e9ajuste ses pr\u00e9visions pour la Tunisie<\/title>\n<meta name=\"description\" content=\"Le rapport a fait ressortir \u00e9galement que le taux d\u2018inflation de la Tunisie devrait se situer en moyenne \u00e0 7,5% pour la p\u00e9riode 2024\/2025, la balance du compte...\" \/>\n<link rel=\"canonical\" href=\"https:\/\/www.webdo.tn\/fr\/actualite\/national\/taux-de-croissance-la-bad-reajuste-ses-previsions-pour-la-tunisie\/212356\/\" \/>\n<meta property=\"og:locale\" content=\"fr_FR\" \/>\n<meta property=\"og:type\" content=\"article\" \/>\n<meta property=\"og:title\" content=\"Taux de croissance : La BAD r\u00e9ajuste ses pr\u00e9visions pour la Tunisie\" \/>\n<meta property=\"og:description\" content=\"Le rapport a fait ressortir \u00e9galement que le taux d\u2018inflation de la Tunisie devrait se situer en moyenne \u00e0 7,5% pour la p\u00e9riode 2024\/2025, la balance du compte...\" \/>\n<meta property=\"og:url\" content=\"https:\/\/www.webdo.tn\/fr\/actualite\/national\/taux-de-croissance-la-bad-reajuste-ses-previsions-pour-la-tunisie\/212356\/\" \/>\n<meta property=\"og:site_name\" content=\"webdo\" \/>\n<meta property=\"article:publisher\" content=\"https:\/\/www.facebook.com\/webdotn\" \/>\n<meta property=\"article:published_time\" content=\"2024-02-16T14:31:00+00:00\" \/>\n<meta property=\"article:modified_time\" content=\"2025-05-20T22:53:14+00:00\" \/>\n<meta property=\"og:image\" content=\"https:\/\/www.webdo.tn\/fr\/wp-content\/uploads\/2024\/02\/cc072550af9623376150f36e8568c80d.jpg\" \/>\n\t<meta property=\"og:image:width\" content=\"750\" \/>\n\t<meta property=\"og:image:height\" content=\"400\" \/>\n\t<meta property=\"og:image:type\" content=\"image\/jpeg\" \/>\n<meta name=\"author\" content=\"CL\" \/>\n<meta name=\"twitter:card\" content=\"summary_large_image\" \/>\n<meta name=\"twitter:creator\" content=\"@webdo_tn\" \/>\n<meta name=\"twitter:site\" content=\"@webdo_tn\" \/>\n<meta name=\"twitter:label1\" content=\"\u00c9crit par\" \/>\n\t<meta name=\"twitter:data1\" content=\"CL\" \/>\n\t<meta name=\"twitter:label2\" content=\"Dur\u00e9e de lecture estim\u00e9e\" \/>\n\t<meta name=\"twitter:data2\" content=\"1 minute\" \/>\n<script type=\"application\/ld+json\" class=\"yoast-schema-graph\">{\"@context\":\"https:\\\/\\\/schema.org\",\"@graph\":[{\"@type\":\"NewsArticle\",\"@id\":\"https:\\\/\\\/www.webdo.tn\\\/fr\\\/actualite\\\/national\\\/taux-de-croissance-la-bad-reajuste-ses-previsions-pour-la-tunisie\\\/212356\\\/#article\",\"isPartOf\":{\"@id\":\"https:\\\/\\\/www.webdo.tn\\\/fr\\\/actualite\\\/national\\\/taux-de-croissance-la-bad-reajuste-ses-previsions-pour-la-tunisie\\\/212356\\\/\"},\"author\":{\"name\":\"CL\",\"@id\":\"https:\\\/\\\/www.webdo.tn\\\/fr\\\/#\\\/schema\\\/person\\\/f35b42a42c5e2511bbd282959d6385cc\"},\"headline\":\"Taux de croissance : La BAD r\u00e9ajuste ses pr\u00e9visions pour la Tunisie\",\"datePublished\":\"2024-02-16T14:31:00+00:00\",\"dateModified\":\"2025-05-20T22:53:14+00:00\",\"mainEntityOfPage\":{\"@id\":\"https:\\\/\\\/www.webdo.tn\\\/fr\\\/actualite\\\/national\\\/taux-de-croissance-la-bad-reajuste-ses-previsions-pour-la-tunisie\\\/212356\\\/\"},\"wordCount\":228,\"commentCount\":0,\"publisher\":{\"@id\":\"https:\\\/\\\/www.webdo.tn\\\/fr\\\/#organization\"},\"image\":{\"@id\":\"https:\\\/\\\/www.webdo.tn\\\/fr\\\/actualite\\\/national\\\/taux-de-croissance-la-bad-reajuste-ses-previsions-pour-la-tunisie\\\/212356\\\/#primaryimage\"},\"thumbnailUrl\":\"https:\\\/\\\/www.webdo.tn\\\/fr\\\/wp-content\\\/uploads\\\/2024\\\/02\\\/cc072550af9623376150f36e8568c80d.jpg\",\"keywords\":[\"BAD\",\"Croissance\",\"Pr\u00e9visions\",\"Tunisie\"],\"articleSection\":[\"National\"],\"inLanguage\":\"fr-FR\"},{\"@type\":\"WebPage\",\"@id\":\"https:\\\/\\\/www.webdo.tn\\\/fr\\\/actualite\\\/national\\\/taux-de-croissance-la-bad-reajuste-ses-previsions-pour-la-tunisie\\\/212356\\\/\",\"url\":\"https:\\\/\\\/www.webdo.tn\\\/fr\\\/actualite\\\/national\\\/taux-de-croissance-la-bad-reajuste-ses-previsions-pour-la-tunisie\\\/212356\\\/\",\"name\":\"Taux de croissance : La BAD r\u00e9ajuste ses pr\u00e9visions pour la Tunisie\",\"isPartOf\":{\"@id\":\"https:\\\/\\\/www.webdo.tn\\\/fr\\\/#website\"},\"primaryImageOfPage\":{\"@id\":\"https:\\\/\\\/www.webdo.tn\\\/fr\\\/actualite\\\/national\\\/taux-de-croissance-la-bad-reajuste-ses-previsions-pour-la-tunisie\\\/212356\\\/#primaryimage\"},\"image\":{\"@id\":\"https:\\\/\\\/www.webdo.tn\\\/fr\\\/actualite\\\/national\\\/taux-de-croissance-la-bad-reajuste-ses-previsions-pour-la-tunisie\\\/212356\\\/#primaryimage\"},\"thumbnailUrl\":\"https:\\\/\\\/www.webdo.tn\\\/fr\\\/wp-content\\\/uploads\\\/2024\\\/02\\\/cc072550af9623376150f36e8568c80d.jpg\",\"datePublished\":\"2024-02-16T14:31:00+00:00\",\"dateModified\":\"2025-05-20T22:53:14+00:00\",\"description\":\"Le rapport a fait ressortir \u00e9galement que le taux d\u2018inflation de la Tunisie devrait se situer en moyenne \u00e0 7,5% pour la p\u00e9riode 2024\\\/2025, la balance du compte...\",\"breadcrumb\":{\"@id\":\"https:\\\/\\\/www.webdo.tn\\\/fr\\\/actualite\\\/national\\\/taux-de-croissance-la-bad-reajuste-ses-previsions-pour-la-tunisie\\\/212356\\\/#breadcrumb\"},\"inLanguage\":\"fr-FR\",\"potentialAction\":[{\"@type\":\"ReadAction\",\"target\":[\"https:\\\/\\\/www.webdo.tn\\\/fr\\\/actualite\\\/national\\\/taux-de-croissance-la-bad-reajuste-ses-previsions-pour-la-tunisie\\\/212356\\\/\"]}]},{\"@type\":\"ImageObject\",\"inLanguage\":\"fr-FR\",\"@id\":\"https:\\\/\\\/www.webdo.tn\\\/fr\\\/actualite\\\/national\\\/taux-de-croissance-la-bad-reajuste-ses-previsions-pour-la-tunisie\\\/212356\\\/#primaryimage\",\"url\":\"https:\\\/\\\/www.webdo.tn\\\/fr\\\/wp-content\\\/uploads\\\/2024\\\/02\\\/cc072550af9623376150f36e8568c80d.jpg\",\"contentUrl\":\"https:\\\/\\\/www.webdo.tn\\\/fr\\\/wp-content\\\/uploads\\\/2024\\\/02\\\/cc072550af9623376150f36e8568c80d.jpg\",\"width\":750,\"height\":400,\"caption\":\"Taux de croissance : La BAD r\u00e9ajuste ses pr\u00e9visions pour la Tunisie\"},{\"@type\":\"BreadcrumbList\",\"@id\":\"https:\\\/\\\/www.webdo.tn\\\/fr\\\/actualite\\\/national\\\/taux-de-croissance-la-bad-reajuste-ses-previsions-pour-la-tunisie\\\/212356\\\/#breadcrumb\",\"itemListElement\":[{\"@type\":\"ListItem\",\"position\":1,\"name\":\"Accueil\",\"item\":\"https:\\\/\\\/www.webdo.tn\\\/fr\\\/\"},{\"@type\":\"ListItem\",\"position\":2,\"name\":\"Taux de croissance : La BAD r\u00e9ajuste ses pr\u00e9visions pour la Tunisie\"}]},{\"@type\":\"WebSite\",\"@id\":\"https:\\\/\\\/www.webdo.tn\\\/fr\\\/#website\",\"url\":\"https:\\\/\\\/www.webdo.tn\\\/fr\\\/\",\"name\":\"webdo\",\"description\":\"Tunisie - News en Tunisie et \u00e0 l&#039;international sur Webdo.tn\",\"publisher\":{\"@id\":\"https:\\\/\\\/www.webdo.tn\\\/fr\\\/#organization\"},\"potentialAction\":[{\"@type\":\"SearchAction\",\"target\":{\"@type\":\"EntryPoint\",\"urlTemplate\":\"https:\\\/\\\/www.webdo.tn\\\/fr\\\/?s={search_term_string}\"},\"query-input\":{\"@type\":\"PropertyValueSpecification\",\"valueRequired\":true,\"valueName\":\"search_term_string\"}}],\"inLanguage\":\"fr-FR\"},{\"@type\":\"Organization\",\"@id\":\"https:\\\/\\\/www.webdo.tn\\\/fr\\\/#organization\",\"name\":\"Webdo\",\"alternateName\":\"Webdo.tn\",\"url\":\"https:\\\/\\\/www.webdo.tn\\\/fr\\\/\",\"logo\":{\"@type\":\"ImageObject\",\"inLanguage\":\"fr-FR\",\"@id\":\"https:\\\/\\\/www.webdo.tn\\\/fr\\\/#\\\/schema\\\/logo\\\/image\\\/\",\"url\":\"https:\\\/\\\/www.webdo.tn\\\/fr\\\/wp-content\\\/uploads\\\/2025\\\/06\\\/Webdo-Tunisie_168377.jpg\",\"contentUrl\":\"https:\\\/\\\/www.webdo.tn\\\/fr\\\/wp-content\\\/uploads\\\/2025\\\/06\\\/Webdo-Tunisie_168377.jpg\",\"width\":301,\"height\":301,\"caption\":\"Webdo\"},\"image\":{\"@id\":\"https:\\\/\\\/www.webdo.tn\\\/fr\\\/#\\\/schema\\\/logo\\\/image\\\/\"},\"sameAs\":[\"https:\\\/\\\/www.facebook.com\\\/webdotn\",\"https:\\\/\\\/x.com\\\/webdo_tn\"],\"description\":\"Webdo est un m\u00e9dia num\u00e9rique tunisien fond\u00e9 en 2010, sp\u00e9cialis\u00e9 dans l\u2019actualit\u00e9 nationale et internationale, l\u2019\u00e9conomie, la soci\u00e9t\u00e9 et les analyses politiques. Le site s\u2019adresse \u00e0 un large public francophone et couvre l\u2019information tunisienne en temps r\u00e9el.\",\"email\":\"redac@webdo.tn\",\"legalName\":\"YNJ SARL\",\"foundingDate\":\"2010-09-06\",\"numberOfEmployees\":{\"@type\":\"QuantitativeValue\",\"minValue\":\"11\",\"maxValue\":\"50\"}},{\"@type\":\"Person\",\"@id\":\"https:\\\/\\\/www.webdo.tn\\\/fr\\\/#\\\/schema\\\/person\\\/f35b42a42c5e2511bbd282959d6385cc\",\"name\":\"CL\",\"image\":{\"@type\":\"ImageObject\",\"inLanguage\":\"fr-FR\",\"@id\":\"https:\\\/\\\/secure.gravatar.com\\\/avatar\\\/1447a49909b67aa657c488aec6512e1dd6143a480c1ecfee9b5b5cd74eb3b59e?s=96&d=mm&r=g\",\"url\":\"https:\\\/\\\/secure.gravatar.com\\\/avatar\\\/1447a49909b67aa657c488aec6512e1dd6143a480c1ecfee9b5b5cd74eb3b59e?s=96&d=mm&r=g\",\"contentUrl\":\"https:\\\/\\\/secure.gravatar.com\\\/avatar\\\/1447a49909b67aa657c488aec6512e1dd6143a480c1ecfee9b5b5cd74eb3b59e?s=96&d=mm&r=g\",\"caption\":\"CL\"},\"url\":\"https:\\\/\\\/www.webdo.tn\\\/fr\\\/actualite\\\/author\\\/cl\\\/\"}]}<\/script>\n<!-- \/ Yoast SEO Premium plugin. -->","yoast_head_json":{"title":"Taux de croissance : La BAD r\u00e9ajuste ses pr\u00e9visions pour la Tunisie","description":"Le rapport a fait ressortir \u00e9galement que le taux d\u2018inflation de la Tunisie devrait se situer en moyenne \u00e0 7,5% pour la p\u00e9riode 2024\/2025, la balance du compte...","canonical":"https:\/\/www.webdo.tn\/fr\/actualite\/national\/taux-de-croissance-la-bad-reajuste-ses-previsions-pour-la-tunisie\/212356\/","og_locale":"fr_FR","og_type":"article","og_title":"Taux de croissance : La BAD r\u00e9ajuste ses pr\u00e9visions pour la Tunisie","og_description":"Le rapport a fait ressortir \u00e9galement que le taux d\u2018inflation de la Tunisie devrait se situer en moyenne \u00e0 7,5% pour la p\u00e9riode 2024\/2025, la balance du compte...","og_url":"https:\/\/www.webdo.tn\/fr\/actualite\/national\/taux-de-croissance-la-bad-reajuste-ses-previsions-pour-la-tunisie\/212356\/","og_site_name":"webdo","article_publisher":"https:\/\/www.facebook.com\/webdotn","article_published_time":"2024-02-16T14:31:00+00:00","article_modified_time":"2025-05-20T22:53:14+00:00","og_image":[{"width":750,"height":400,"url":"https:\/\/www.webdo.tn\/fr\/wp-content\/uploads\/2024\/02\/cc072550af9623376150f36e8568c80d.jpg","type":"image\/jpeg"}],"author":"CL","twitter_card":"summary_large_image","twitter_creator":"@webdo_tn","twitter_site":"@webdo_tn","twitter_misc":{"\u00c9crit par":"CL","Dur\u00e9e de lecture estim\u00e9e":"1 minute"},"schema":{"@context":"https:\/\/schema.org","@graph":[{"@type":"NewsArticle","@id":"https:\/\/www.webdo.tn\/fr\/actualite\/national\/taux-de-croissance-la-bad-reajuste-ses-previsions-pour-la-tunisie\/212356\/#article","isPartOf":{"@id":"https:\/\/www.webdo.tn\/fr\/actualite\/national\/taux-de-croissance-la-bad-reajuste-ses-previsions-pour-la-tunisie\/212356\/"},"author":{"name":"CL","@id":"https:\/\/www.webdo.tn\/fr\/#\/schema\/person\/f35b42a42c5e2511bbd282959d6385cc"},"headline":"Taux de croissance : La BAD r\u00e9ajuste ses pr\u00e9visions pour la Tunisie","datePublished":"2024-02-16T14:31:00+00:00","dateModified":"2025-05-20T22:53:14+00:00","mainEntityOfPage":{"@id":"https:\/\/www.webdo.tn\/fr\/actualite\/national\/taux-de-croissance-la-bad-reajuste-ses-previsions-pour-la-tunisie\/212356\/"},"wordCount":228,"commentCount":0,"publisher":{"@id":"https:\/\/www.webdo.tn\/fr\/#organization"},"image":{"@id":"https:\/\/www.webdo.tn\/fr\/actualite\/national\/taux-de-croissance-la-bad-reajuste-ses-previsions-pour-la-tunisie\/212356\/#primaryimage"},"thumbnailUrl":"https:\/\/www.webdo.tn\/fr\/wp-content\/uploads\/2024\/02\/cc072550af9623376150f36e8568c80d.jpg","keywords":["BAD","Croissance","Pr\u00e9visions","Tunisie"],"articleSection":["National"],"inLanguage":"fr-FR"},{"@type":"WebPage","@id":"https:\/\/www.webdo.tn\/fr\/actualite\/national\/taux-de-croissance-la-bad-reajuste-ses-previsions-pour-la-tunisie\/212356\/","url":"https:\/\/www.webdo.tn\/fr\/actualite\/national\/taux-de-croissance-la-bad-reajuste-ses-previsions-pour-la-tunisie\/212356\/","name":"Taux de croissance : La BAD r\u00e9ajuste ses pr\u00e9visions pour la Tunisie","isPartOf":{"@id":"https:\/\/www.webdo.tn\/fr\/#website"},"primaryImageOfPage":{"@id":"https:\/\/www.webdo.tn\/fr\/actualite\/national\/taux-de-croissance-la-bad-reajuste-ses-previsions-pour-la-tunisie\/212356\/#primaryimage"},"image":{"@id":"https:\/\/www.webdo.tn\/fr\/actualite\/national\/taux-de-croissance-la-bad-reajuste-ses-previsions-pour-la-tunisie\/212356\/#primaryimage"},"thumbnailUrl":"https:\/\/www.webdo.tn\/fr\/wp-content\/uploads\/2024\/02\/cc072550af9623376150f36e8568c80d.jpg","datePublished":"2024-02-16T14:31:00+00:00","dateModified":"2025-05-20T22:53:14+00:00","description":"Le rapport a fait ressortir \u00e9galement que le taux d\u2018inflation de la Tunisie devrait se situer en moyenne \u00e0 7,5% pour la p\u00e9riode 2024\/2025, la balance du compte...","breadcrumb":{"@id":"https:\/\/www.webdo.tn\/fr\/actualite\/national\/taux-de-croissance-la-bad-reajuste-ses-previsions-pour-la-tunisie\/212356\/#breadcrumb"},"inLanguage":"fr-FR","potentialAction":[{"@type":"ReadAction","target":["https:\/\/www.webdo.tn\/fr\/actualite\/national\/taux-de-croissance-la-bad-reajuste-ses-previsions-pour-la-tunisie\/212356\/"]}]},{"@type":"ImageObject","inLanguage":"fr-FR","@id":"https:\/\/www.webdo.tn\/fr\/actualite\/national\/taux-de-croissance-la-bad-reajuste-ses-previsions-pour-la-tunisie\/212356\/#primaryimage","url":"https:\/\/www.webdo.tn\/fr\/wp-content\/uploads\/2024\/02\/cc072550af9623376150f36e8568c80d.jpg","contentUrl":"https:\/\/www.webdo.tn\/fr\/wp-content\/uploads\/2024\/02\/cc072550af9623376150f36e8568c80d.jpg","width":750,"height":400,"caption":"Taux de croissance : La BAD r\u00e9ajuste ses pr\u00e9visions pour la Tunisie"},{"@type":"BreadcrumbList","@id":"https:\/\/www.webdo.tn\/fr\/actualite\/national\/taux-de-croissance-la-bad-reajuste-ses-previsions-pour-la-tunisie\/212356\/#breadcrumb","itemListElement":[{"@type":"ListItem","position":1,"name":"Accueil","item":"https:\/\/www.webdo.tn\/fr\/"},{"@type":"ListItem","position":2,"name":"Taux de croissance : La BAD r\u00e9ajuste ses pr\u00e9visions pour la Tunisie"}]},{"@type":"WebSite","@id":"https:\/\/www.webdo.tn\/fr\/#website","url":"https:\/\/www.webdo.tn\/fr\/","name":"webdo","description":"Tunisie - News en Tunisie et \u00e0 l&#039;international sur Webdo.tn","publisher":{"@id":"https:\/\/www.webdo.tn\/fr\/#organization"},"potentialAction":[{"@type":"SearchAction","target":{"@type":"EntryPoint","urlTemplate":"https:\/\/www.webdo.tn\/fr\/?s={search_term_string}"},"query-input":{"@type":"PropertyValueSpecification","valueRequired":true,"valueName":"search_term_string"}}],"inLanguage":"fr-FR"},{"@type":"Organization","@id":"https:\/\/www.webdo.tn\/fr\/#organization","name":"Webdo","alternateName":"Webdo.tn","url":"https:\/\/www.webdo.tn\/fr\/","logo":{"@type":"ImageObject","inLanguage":"fr-FR","@id":"https:\/\/www.webdo.tn\/fr\/#\/schema\/logo\/image\/","url":"https:\/\/www.webdo.tn\/fr\/wp-content\/uploads\/2025\/06\/Webdo-Tunisie_168377.jpg","contentUrl":"https:\/\/www.webdo.tn\/fr\/wp-content\/uploads\/2025\/06\/Webdo-Tunisie_168377.jpg","width":301,"height":301,"caption":"Webdo"},"image":{"@id":"https:\/\/www.webdo.tn\/fr\/#\/schema\/logo\/image\/"},"sameAs":["https:\/\/www.facebook.com\/webdotn","https:\/\/x.com\/webdo_tn"],"description":"Webdo est un m\u00e9dia num\u00e9rique tunisien fond\u00e9 en 2010, sp\u00e9cialis\u00e9 dans l\u2019actualit\u00e9 nationale et internationale, l\u2019\u00e9conomie, la soci\u00e9t\u00e9 et les analyses politiques. Le site s\u2019adresse \u00e0 un large public francophone et couvre l\u2019information tunisienne en temps r\u00e9el.","email":"redac@webdo.tn","legalName":"YNJ SARL","foundingDate":"2010-09-06","numberOfEmployees":{"@type":"QuantitativeValue","minValue":"11","maxValue":"50"}},{"@type":"Person","@id":"https:\/\/www.webdo.tn\/fr\/#\/schema\/person\/f35b42a42c5e2511bbd282959d6385cc","name":"CL","image":{"@type":"ImageObject","inLanguage":"fr-FR","@id":"https:\/\/secure.gravatar.com\/avatar\/1447a49909b67aa657c488aec6512e1dd6143a480c1ecfee9b5b5cd74eb3b59e?s=96&d=mm&r=g","url":"https:\/\/secure.gravatar.com\/avatar\/1447a49909b67aa657c488aec6512e1dd6143a480c1ecfee9b5b5cd74eb3b59e?s=96&d=mm&r=g","contentUrl":"https:\/\/secure.gravatar.com\/avatar\/1447a49909b67aa657c488aec6512e1dd6143a480c1ecfee9b5b5cd74eb3b59e?s=96&d=mm&r=g","caption":"CL"},"url":"https:\/\/www.webdo.tn\/fr\/actualite\/author\/cl\/"}]}},"_links":{"self":[{"href":"https:\/\/www.webdo.tn\/fr\/wp-json\/wp\/v2\/posts\/212356","targetHints":{"allow":["GET"]}}],"collection":[{"href":"https:\/\/www.webdo.tn\/fr\/wp-json\/wp\/v2\/posts"}],"about":[{"href":"https:\/\/www.webdo.tn\/fr\/wp-json\/wp\/v2\/types\/post"}],"author":[{"embeddable":true,"href":"https:\/\/www.webdo.tn\/fr\/wp-json\/wp\/v2\/users\/3175"}],"replies":[{"embeddable":true,"href":"https:\/\/www.webdo.tn\/fr\/wp-json\/wp\/v2\/comments?post=212356"}],"version-history":[{"count":0,"href":"https:\/\/www.webdo.tn\/fr\/wp-json\/wp\/v2\/posts\/212356\/revisions"}],"wp:featuredmedia":[{"embeddable":true,"href":"https:\/\/www.webdo.tn\/fr\/wp-json\/wp\/v2\/media\/290242"}],"wp:attachment":[{"href":"https:\/\/www.webdo.tn\/fr\/wp-json\/wp\/v2\/media?parent=212356"}],"wp:term":[{"taxonomy":"category","embeddable":true,"href":"https:\/\/www.webdo.tn\/fr\/wp-json\/wp\/v2\/categories?post=212356"},{"taxonomy":"post_tag","embeddable":true,"href":"https:\/\/www.webdo.tn\/fr\/wp-json\/wp\/v2\/tags?post=212356"}],"curies":[{"name":"wp","href":"https:\/\/api.w.org\/{rel}","templated":true}]}}