{"id":212350,"date":"2024-02-16T11:17:00","date_gmt":"2024-02-16T11:17:00","guid":{"rendered":"https:\/\/www.webdo.tn\/fr\/blog\/sauvegarde-du-parc-du-belvedere-appel-urgent-a-kais-saied\/212350\/"},"modified":"2025-05-20T22:56:20","modified_gmt":"2025-05-20T22:56:20","slug":"sauvegarde-du-parc-du-belvedere-appel-urgent-a-kais-saied","status":"publish","type":"post","link":"https:\/\/www.webdo.tn\/fr\/actualite\/national\/sauvegarde-du-parc-du-belvedere-appel-urgent-a-kais-saied\/212350\/","title":{"rendered":"Sauvegarde du Parc du Belv\u00e9d\u00e8re : Appel urgent \u00e0 Kais Saied"},"content":{"rendered":"<p>La pr\u00e9servation du parc du Belv\u00e9d\u00e8re se trouve au c\u0153ur des pr\u00e9occupations apr\u00e8s la visite du pr\u00e9sident de la R\u00e9publique, Kais Saied, hier jeudi 15 f\u00e9vrier 2024. Son passage a mis en lumi\u00e8re l&rsquo;importance capitale de ce site embl\u00e9matique pour la Tunisie.<\/p>\n<p>\t\t\t\t\t\t\t\t\tSofiane Issa, pr\u00e9sident des Amis du Belv\u00e9d\u00e8re, a pris la parole aujourd&rsquo;hui sur les ondes d&rsquo;Express Fm pour souligner l&rsquo;importance historique et symbolique de ce lieu. Pour lui, le Belv\u00e9d\u00e8re ne se r\u00e9sume pas \u00e0 un simple parc, mais repr\u00e9sente un v\u00e9ritable pilier de l&rsquo;identit\u00e9 nationale, avec ses 110 hectares qui portent l&#8217;empreinte de plus d&rsquo;un si\u00e8cle d&rsquo;histoire.<\/p>\n<p>Cependant, derri\u00e8re la majest\u00e9 des arbres et la qui\u00e9tude des sentiers, se cachent des d\u00e9fis pressants. La surpopulation, la pollution et le manque d&rsquo;entretien menacent la sant\u00e9 et la p\u00e9rennit\u00e9 de ce joyau vert. Face \u00e0 cette situation, l&rsquo;association des Amis du Belv\u00e9d\u00e8re, forte de ses 35 ann\u00e9es d&rsquo;exp\u00e9rience, appelle \u00e0 une action concert\u00e9e et urgente.<\/p>\n<p>La mission est claire : prot\u00e9ger, restaurer et promouvoir le Belv\u00e9d\u00e8re comme un espace vert accessible \u00e0 tous. Mais cela ne pourra se faire sans une mobilisation sans pr\u00e9c\u00e9dent, faisant intervenir aussi bien les autorit\u00e9s locales que les citoyens engag\u00e9s.<\/p>\n<p>Faut-il rappeler que la sauvegarde est \u00e9galement nourrie par la crainte de la voracit\u00e9 des hommes d&rsquo;affaires pr\u00eats \u00e0 d\u00e9visager le parc pour un millime de plus dans leurs poches, et ce, depuis l&rsquo;\u00e8re des Trabelsi et apr\u00e8s !<\/p>\n<p>Sofiane Issa a \u00e9galement pr\u00e9sent\u00e9 une solution concr\u00e8te lors de son intervention, en appelant le pr\u00e9sident Kais Saied \u00e0 finaliser le projet de classement du parc Belv\u00e9d\u00e8re. En effet, cette d\u00e9marche, initi\u00e9e en 2017 mais bloqu\u00e9e pour des questions techniques, permettrait au parc de b\u00e9n\u00e9ficier d&rsquo;un statut de patrimoine national, lui assurant ainsi un soutien financier et institutionnel accru, y compris de la part de l&rsquo;UNESCO.<\/p>\n<p>En d\u00e9finitive, Sofiane Issa insiste sur l&rsquo;importance cruciale de cette bataille pour la pr\u00e9servation de notre patrimoine naturel. Le Belv\u00e9d\u00e8re, v\u00e9ritable poumon vert de la capitale, m\u00e9rite une attention soutenue et une action d\u00e9termin\u00e9e. Aux c\u00f4t\u00e9s du Chef de l\u2019Etat et de tous les acteurs impliqu\u00e9s, il appelle \u00e0 \u0153uvrer ensemble pour garantir un avenir radieux \u00e0 ce tr\u00e9sor v\u00e9g\u00e9tal au c\u0153ur de Tunis.<\/p>\n","protected":false},"excerpt":{"rendered":"<p>Un appel lanc\u00e9 au pr\u00e9sident Kais Saied pour la pr\u00e9servation du parc du Belv\u00e9d\u00e8re.<\/p>\n","protected":false},"author":3183,"featured_media":290239,"comment_status":"open","ping_status":"closed","sticky":false,"template":"","format":"standard","meta":{"footnotes":""},"categories":[44],"tags":[10007,6799,2614,6797,2640,2608,4946],"class_list":["post-212350","post","type-post","status-publish","format-standard","has-post-thumbnail","hentry","category-national","tag-jardin","tag-belvedere","tag-kais-saied","tag-parc","tag-tunis","tag-tunisie","tag-unesco"],"yoast_head":"<!-- This site is optimized with the Yoast SEO Premium plugin v27.5 (Yoast SEO v27.5) - https:\/\/yoast.com\/product\/yoast-seo-premium-wordpress\/ -->\n<title>Sauvegarde du Parc du Belv\u00e9d\u00e8re : Appel urgent \u00e0 Kais Saied<\/title>\n<meta name=\"description\" content=\"Un appel lanc\u00e9 au pr\u00e9sident Kais Saied pour la pr\u00e9servation du parc du Belv\u00e9d\u00e8re.\" \/>\n<link rel=\"canonical\" href=\"https:\/\/www.webdo.tn\/fr\/actualite\/national\/sauvegarde-du-parc-du-belvedere-appel-urgent-a-kais-saied\/212350\/\" \/>\n<meta property=\"og:locale\" content=\"fr_FR\" \/>\n<meta property=\"og:type\" content=\"article\" \/>\n<meta property=\"og:title\" content=\"Sauvegarde du Parc du Belv\u00e9d\u00e8re : Appel urgent \u00e0 Kais Saied\" \/>\n<meta property=\"og:description\" content=\"Un appel lanc\u00e9 au pr\u00e9sident Kais Saied pour la pr\u00e9servation du parc du Belv\u00e9d\u00e8re.\" \/>\n<meta property=\"og:url\" content=\"https:\/\/www.webdo.tn\/fr\/actualite\/national\/sauvegarde-du-parc-du-belvedere-appel-urgent-a-kais-saied\/212350\/\" \/>\n<meta property=\"og:site_name\" content=\"webdo\" \/>\n<meta property=\"article:publisher\" content=\"https:\/\/www.facebook.com\/webdotn\" \/>\n<meta property=\"article:author\" content=\"https:\/\/www.facebook.com\/wby.webdo\" \/>\n<meta property=\"article:published_time\" content=\"2024-02-16T11:17:00+00:00\" \/>\n<meta property=\"article:modified_time\" content=\"2025-05-20T22:56:20+00:00\" \/>\n<meta property=\"og:image\" content=\"https:\/\/www.webdo.tn\/fr\/wp-content\/uploads\/2024\/02\/c3c63f9fcfc6fa6e02af028906d84604.jpg\" \/>\n\t<meta property=\"og:image:width\" content=\"750\" \/>\n\t<meta property=\"og:image:height\" content=\"400\" \/>\n\t<meta property=\"og:image:type\" content=\"image\/jpeg\" \/>\n<meta name=\"author\" content=\"Walid Ben Youssef\" \/>\n<meta name=\"twitter:card\" content=\"summary_large_image\" \/>\n<meta name=\"twitter:creator\" content=\"@webdo_tn\" \/>\n<meta name=\"twitter:site\" content=\"@webdo_tn\" \/>\n<meta name=\"twitter:label1\" content=\"\u00c9crit par\" \/>\n\t<meta name=\"twitter:data1\" content=\"Walid Ben Youssef\" \/>\n\t<meta name=\"twitter:label2\" content=\"Dur\u00e9e de lecture estim\u00e9e\" \/>\n\t<meta name=\"twitter:data2\" content=\"2 minutes\" \/>\n<script type=\"application\/ld+json\" class=\"yoast-schema-graph\">{\"@context\":\"https:\\\/\\\/schema.org\",\"@graph\":[{\"@type\":\"NewsArticle\",\"@id\":\"https:\\\/\\\/www.webdo.tn\\\/fr\\\/actualite\\\/national\\\/sauvegarde-du-parc-du-belvedere-appel-urgent-a-kais-saied\\\/212350\\\/#article\",\"isPartOf\":{\"@id\":\"https:\\\/\\\/www.webdo.tn\\\/fr\\\/actualite\\\/national\\\/sauvegarde-du-parc-du-belvedere-appel-urgent-a-kais-saied\\\/212350\\\/\"},\"author\":{\"name\":\"Walid Ben Youssef\",\"@id\":\"https:\\\/\\\/www.webdo.tn\\\/fr\\\/#\\\/schema\\\/person\\\/2c509d3aeb706736cdf7dc93d76b6fe1\"},\"headline\":\"Sauvegarde du Parc du Belv\u00e9d\u00e8re : Appel urgent \u00e0 Kais Saied\",\"datePublished\":\"2024-02-16T11:17:00+00:00\",\"dateModified\":\"2025-05-20T22:56:20+00:00\",\"mainEntityOfPage\":{\"@id\":\"https:\\\/\\\/www.webdo.tn\\\/fr\\\/actualite\\\/national\\\/sauvegarde-du-parc-du-belvedere-appel-urgent-a-kais-saied\\\/212350\\\/\"},\"wordCount\":442,\"commentCount\":0,\"publisher\":{\"@id\":\"https:\\\/\\\/www.webdo.tn\\\/fr\\\/#organization\"},\"image\":{\"@id\":\"https:\\\/\\\/www.webdo.tn\\\/fr\\\/actualite\\\/national\\\/sauvegarde-du-parc-du-belvedere-appel-urgent-a-kais-saied\\\/212350\\\/#primaryimage\"},\"thumbnailUrl\":\"https:\\\/\\\/www.webdo.tn\\\/fr\\\/wp-content\\\/uploads\\\/2024\\\/02\\\/c3c63f9fcfc6fa6e02af028906d84604.jpg\",\"keywords\":[\"'jardin']\",\"belv\u00e9d\u00e8re\",\"Kais Saied\",\"parc\",\"Tunis\",\"Tunisie\",\"unesco\"],\"articleSection\":[\"National\"],\"inLanguage\":\"fr-FR\"},{\"@type\":\"WebPage\",\"@id\":\"https:\\\/\\\/www.webdo.tn\\\/fr\\\/actualite\\\/national\\\/sauvegarde-du-parc-du-belvedere-appel-urgent-a-kais-saied\\\/212350\\\/\",\"url\":\"https:\\\/\\\/www.webdo.tn\\\/fr\\\/actualite\\\/national\\\/sauvegarde-du-parc-du-belvedere-appel-urgent-a-kais-saied\\\/212350\\\/\",\"name\":\"Sauvegarde du Parc du Belv\u00e9d\u00e8re : Appel urgent \u00e0 Kais Saied\",\"isPartOf\":{\"@id\":\"https:\\\/\\\/www.webdo.tn\\\/fr\\\/#website\"},\"primaryImageOfPage\":{\"@id\":\"https:\\\/\\\/www.webdo.tn\\\/fr\\\/actualite\\\/national\\\/sauvegarde-du-parc-du-belvedere-appel-urgent-a-kais-saied\\\/212350\\\/#primaryimage\"},\"image\":{\"@id\":\"https:\\\/\\\/www.webdo.tn\\\/fr\\\/actualite\\\/national\\\/sauvegarde-du-parc-du-belvedere-appel-urgent-a-kais-saied\\\/212350\\\/#primaryimage\"},\"thumbnailUrl\":\"https:\\\/\\\/www.webdo.tn\\\/fr\\\/wp-content\\\/uploads\\\/2024\\\/02\\\/c3c63f9fcfc6fa6e02af028906d84604.jpg\",\"datePublished\":\"2024-02-16T11:17:00+00:00\",\"dateModified\":\"2025-05-20T22:56:20+00:00\",\"description\":\"Un appel lanc\u00e9 au pr\u00e9sident Kais Saied pour la pr\u00e9servation du parc du Belv\u00e9d\u00e8re.\",\"breadcrumb\":{\"@id\":\"https:\\\/\\\/www.webdo.tn\\\/fr\\\/actualite\\\/national\\\/sauvegarde-du-parc-du-belvedere-appel-urgent-a-kais-saied\\\/212350\\\/#breadcrumb\"},\"inLanguage\":\"fr-FR\",\"potentialAction\":[{\"@type\":\"ReadAction\",\"target\":[\"https:\\\/\\\/www.webdo.tn\\\/fr\\\/actualite\\\/national\\\/sauvegarde-du-parc-du-belvedere-appel-urgent-a-kais-saied\\\/212350\\\/\"]}]},{\"@type\":\"ImageObject\",\"inLanguage\":\"fr-FR\",\"@id\":\"https:\\\/\\\/www.webdo.tn\\\/fr\\\/actualite\\\/national\\\/sauvegarde-du-parc-du-belvedere-appel-urgent-a-kais-saied\\\/212350\\\/#primaryimage\",\"url\":\"https:\\\/\\\/www.webdo.tn\\\/fr\\\/wp-content\\\/uploads\\\/2024\\\/02\\\/c3c63f9fcfc6fa6e02af028906d84604.jpg\",\"contentUrl\":\"https:\\\/\\\/www.webdo.tn\\\/fr\\\/wp-content\\\/uploads\\\/2024\\\/02\\\/c3c63f9fcfc6fa6e02af028906d84604.jpg\",\"width\":750,\"height\":400,\"caption\":\"Sauvegarde du Parc du Belv\u00e9d\u00e8re : Appel urgent \u00e0 Kais Saied\"},{\"@type\":\"BreadcrumbList\",\"@id\":\"https:\\\/\\\/www.webdo.tn\\\/fr\\\/actualite\\\/national\\\/sauvegarde-du-parc-du-belvedere-appel-urgent-a-kais-saied\\\/212350\\\/#breadcrumb\",\"itemListElement\":[{\"@type\":\"ListItem\",\"position\":1,\"name\":\"Accueil\",\"item\":\"https:\\\/\\\/www.webdo.tn\\\/fr\\\/\"},{\"@type\":\"ListItem\",\"position\":2,\"name\":\"Sauvegarde du Parc du Belv\u00e9d\u00e8re : Appel urgent \u00e0 Kais Saied\"}]},{\"@type\":\"WebSite\",\"@id\":\"https:\\\/\\\/www.webdo.tn\\\/fr\\\/#website\",\"url\":\"https:\\\/\\\/www.webdo.tn\\\/fr\\\/\",\"name\":\"webdo\",\"description\":\"Tunisie - News en Tunisie et \u00e0 l&#039;international sur Webdo.tn\",\"publisher\":{\"@id\":\"https:\\\/\\\/www.webdo.tn\\\/fr\\\/#organization\"},\"potentialAction\":[{\"@type\":\"SearchAction\",\"target\":{\"@type\":\"EntryPoint\",\"urlTemplate\":\"https:\\\/\\\/www.webdo.tn\\\/fr\\\/?s={search_term_string}\"},\"query-input\":{\"@type\":\"PropertyValueSpecification\",\"valueRequired\":true,\"valueName\":\"search_term_string\"}}],\"inLanguage\":\"fr-FR\"},{\"@type\":\"Organization\",\"@id\":\"https:\\\/\\\/www.webdo.tn\\\/fr\\\/#organization\",\"name\":\"Webdo\",\"alternateName\":\"Webdo.tn\",\"url\":\"https:\\\/\\\/www.webdo.tn\\\/fr\\\/\",\"logo\":{\"@type\":\"ImageObject\",\"inLanguage\":\"fr-FR\",\"@id\":\"https:\\\/\\\/www.webdo.tn\\\/fr\\\/#\\\/schema\\\/logo\\\/image\\\/\",\"url\":\"https:\\\/\\\/www.webdo.tn\\\/fr\\\/wp-content\\\/uploads\\\/2025\\\/06\\\/Webdo-Tunisie_168377.jpg\",\"contentUrl\":\"https:\\\/\\\/www.webdo.tn\\\/fr\\\/wp-content\\\/uploads\\\/2025\\\/06\\\/Webdo-Tunisie_168377.jpg\",\"width\":301,\"height\":301,\"caption\":\"Webdo\"},\"image\":{\"@id\":\"https:\\\/\\\/www.webdo.tn\\\/fr\\\/#\\\/schema\\\/logo\\\/image\\\/\"},\"sameAs\":[\"https:\\\/\\\/www.facebook.com\\\/webdotn\",\"https:\\\/\\\/x.com\\\/webdo_tn\"],\"description\":\"Webdo est un m\u00e9dia num\u00e9rique tunisien fond\u00e9 en 2010, sp\u00e9cialis\u00e9 dans l\u2019actualit\u00e9 nationale et internationale, l\u2019\u00e9conomie, la soci\u00e9t\u00e9 et les analyses politiques. Le site s\u2019adresse \u00e0 un large public francophone et couvre l\u2019information tunisienne en temps r\u00e9el.\",\"email\":\"redac@webdo.tn\",\"legalName\":\"YNJ SARL\",\"foundingDate\":\"2010-09-06\",\"numberOfEmployees\":{\"@type\":\"QuantitativeValue\",\"minValue\":\"11\",\"maxValue\":\"50\"}},{\"@type\":\"Person\",\"@id\":\"https:\\\/\\\/www.webdo.tn\\\/fr\\\/#\\\/schema\\\/person\\\/2c509d3aeb706736cdf7dc93d76b6fe1\",\"name\":\"Walid Ben Youssef\",\"image\":{\"@type\":\"ImageObject\",\"inLanguage\":\"fr-FR\",\"@id\":\"https:\\\/\\\/www.webdo.tn\\\/fr\\\/wp-content\\\/uploads\\\/2026\\\/04\\\/walid-ben-youssef_avatar-96x96.jpg\",\"url\":\"https:\\\/\\\/www.webdo.tn\\\/fr\\\/wp-content\\\/uploads\\\/2026\\\/04\\\/walid-ben-youssef_avatar-96x96.jpg\",\"contentUrl\":\"https:\\\/\\\/www.webdo.tn\\\/fr\\\/wp-content\\\/uploads\\\/2026\\\/04\\\/walid-ben-youssef_avatar-96x96.jpg\",\"caption\":\"Walid Ben Youssef\"},\"description\":\"Walid Ben Youssef est fondateur et directeur de publication de Webdo.tn, m\u00e9dia num\u00e9rique tunisien lanc\u00e9 en 2011. Journaliste depuis plus de 20 ans, il a d\u00e9but\u00e9 sa carri\u00e8re au sein du groupe Dar Tunis-Hebdo, o\u00f9 il a contribu\u00e9 d\u00e8s le d\u00e9but des ann\u00e9es 2000 au d\u00e9veloppement des premi\u00e8res initiatives web du titre. Avant de fonder Webdo, il a occup\u00e9 les fonctions de directeur adjoint du groupe Dar Tunis-Hebdo, participant au d\u00e9veloppement \u00e9ditorial, publicitaire et num\u00e9rique du groupe. Sp\u00e9cialis\u00e9 dans les m\u00e9dias num\u00e9riques, la transformation digitale de l\u2019information et l\u2019actualit\u00e9 nationale et internationale, il supervise la ligne \u00e9ditoriale de Webdo et pilote son d\u00e9veloppement strat\u00e9gique. Dipl\u00f4m\u00e9 en math\u00e9matiques de l\u2019Universit\u00e9 d\u2019Oregon (\u00c9tats-Unis), il associe une approche analytique \u00e0 une expertise de terrain du journalisme. \ud83d\udd17 Facebook : https:\\\/\\\/www.facebook.com\\\/wby.webdo\",\"sameAs\":[\"https:\\\/\\\/www.facebook.com\\\/wby.webdo\"],\"knowsAbout\":[\"journalisme\",\"m\u00e9dias num\u00e9riques\",\"transformation digitale\",\"actualit\u00e9 tunisienne\",\"g\u00e9opolitique\"],\"knowsLanguage\":[\"Fran\u00e7ais\",\"Arabe\",\"Anglais\"],\"jobTitle\":\"Fondateur et directeur de publication\",\"worksFor\":\"Webdo.tn\",\"url\":\"https:\\\/\\\/www.webdo.tn\\\/fr\\\/actualite\\\/author\\\/walid-ben-youssef\\\/\"}]}<\/script>\n<!-- \/ Yoast SEO Premium plugin. -->","yoast_head_json":{"title":"Sauvegarde du Parc du Belv\u00e9d\u00e8re : Appel urgent \u00e0 Kais Saied","description":"Un appel lanc\u00e9 au pr\u00e9sident Kais Saied pour la pr\u00e9servation du parc du Belv\u00e9d\u00e8re.","canonical":"https:\/\/www.webdo.tn\/fr\/actualite\/national\/sauvegarde-du-parc-du-belvedere-appel-urgent-a-kais-saied\/212350\/","og_locale":"fr_FR","og_type":"article","og_title":"Sauvegarde du Parc du Belv\u00e9d\u00e8re : Appel urgent \u00e0 Kais Saied","og_description":"Un appel lanc\u00e9 au pr\u00e9sident Kais Saied pour la pr\u00e9servation du parc du Belv\u00e9d\u00e8re.","og_url":"https:\/\/www.webdo.tn\/fr\/actualite\/national\/sauvegarde-du-parc-du-belvedere-appel-urgent-a-kais-saied\/212350\/","og_site_name":"webdo","article_publisher":"https:\/\/www.facebook.com\/webdotn","article_author":"https:\/\/www.facebook.com\/wby.webdo","article_published_time":"2024-02-16T11:17:00+00:00","article_modified_time":"2025-05-20T22:56:20+00:00","og_image":[{"width":750,"height":400,"url":"https:\/\/www.webdo.tn\/fr\/wp-content\/uploads\/2024\/02\/c3c63f9fcfc6fa6e02af028906d84604.jpg","type":"image\/jpeg"}],"author":"Walid Ben Youssef","twitter_card":"summary_large_image","twitter_creator":"@webdo_tn","twitter_site":"@webdo_tn","twitter_misc":{"\u00c9crit par":"Walid Ben Youssef","Dur\u00e9e de lecture estim\u00e9e":"2 minutes"},"schema":{"@context":"https:\/\/schema.org","@graph":[{"@type":"NewsArticle","@id":"https:\/\/www.webdo.tn\/fr\/actualite\/national\/sauvegarde-du-parc-du-belvedere-appel-urgent-a-kais-saied\/212350\/#article","isPartOf":{"@id":"https:\/\/www.webdo.tn\/fr\/actualite\/national\/sauvegarde-du-parc-du-belvedere-appel-urgent-a-kais-saied\/212350\/"},"author":{"name":"Walid Ben Youssef","@id":"https:\/\/www.webdo.tn\/fr\/#\/schema\/person\/2c509d3aeb706736cdf7dc93d76b6fe1"},"headline":"Sauvegarde du Parc du Belv\u00e9d\u00e8re : Appel urgent \u00e0 Kais Saied","datePublished":"2024-02-16T11:17:00+00:00","dateModified":"2025-05-20T22:56:20+00:00","mainEntityOfPage":{"@id":"https:\/\/www.webdo.tn\/fr\/actualite\/national\/sauvegarde-du-parc-du-belvedere-appel-urgent-a-kais-saied\/212350\/"},"wordCount":442,"commentCount":0,"publisher":{"@id":"https:\/\/www.webdo.tn\/fr\/#organization"},"image":{"@id":"https:\/\/www.webdo.tn\/fr\/actualite\/national\/sauvegarde-du-parc-du-belvedere-appel-urgent-a-kais-saied\/212350\/#primaryimage"},"thumbnailUrl":"https:\/\/www.webdo.tn\/fr\/wp-content\/uploads\/2024\/02\/c3c63f9fcfc6fa6e02af028906d84604.jpg","keywords":["'jardin']","belv\u00e9d\u00e8re","Kais Saied","parc","Tunis","Tunisie","unesco"],"articleSection":["National"],"inLanguage":"fr-FR"},{"@type":"WebPage","@id":"https:\/\/www.webdo.tn\/fr\/actualite\/national\/sauvegarde-du-parc-du-belvedere-appel-urgent-a-kais-saied\/212350\/","url":"https:\/\/www.webdo.tn\/fr\/actualite\/national\/sauvegarde-du-parc-du-belvedere-appel-urgent-a-kais-saied\/212350\/","name":"Sauvegarde du Parc du Belv\u00e9d\u00e8re : Appel urgent \u00e0 Kais Saied","isPartOf":{"@id":"https:\/\/www.webdo.tn\/fr\/#website"},"primaryImageOfPage":{"@id":"https:\/\/www.webdo.tn\/fr\/actualite\/national\/sauvegarde-du-parc-du-belvedere-appel-urgent-a-kais-saied\/212350\/#primaryimage"},"image":{"@id":"https:\/\/www.webdo.tn\/fr\/actualite\/national\/sauvegarde-du-parc-du-belvedere-appel-urgent-a-kais-saied\/212350\/#primaryimage"},"thumbnailUrl":"https:\/\/www.webdo.tn\/fr\/wp-content\/uploads\/2024\/02\/c3c63f9fcfc6fa6e02af028906d84604.jpg","datePublished":"2024-02-16T11:17:00+00:00","dateModified":"2025-05-20T22:56:20+00:00","description":"Un appel lanc\u00e9 au pr\u00e9sident Kais Saied pour la pr\u00e9servation du parc du Belv\u00e9d\u00e8re.","breadcrumb":{"@id":"https:\/\/www.webdo.tn\/fr\/actualite\/national\/sauvegarde-du-parc-du-belvedere-appel-urgent-a-kais-saied\/212350\/#breadcrumb"},"inLanguage":"fr-FR","potentialAction":[{"@type":"ReadAction","target":["https:\/\/www.webdo.tn\/fr\/actualite\/national\/sauvegarde-du-parc-du-belvedere-appel-urgent-a-kais-saied\/212350\/"]}]},{"@type":"ImageObject","inLanguage":"fr-FR","@id":"https:\/\/www.webdo.tn\/fr\/actualite\/national\/sauvegarde-du-parc-du-belvedere-appel-urgent-a-kais-saied\/212350\/#primaryimage","url":"https:\/\/www.webdo.tn\/fr\/wp-content\/uploads\/2024\/02\/c3c63f9fcfc6fa6e02af028906d84604.jpg","contentUrl":"https:\/\/www.webdo.tn\/fr\/wp-content\/uploads\/2024\/02\/c3c63f9fcfc6fa6e02af028906d84604.jpg","width":750,"height":400,"caption":"Sauvegarde du Parc du Belv\u00e9d\u00e8re : Appel urgent \u00e0 Kais Saied"},{"@type":"BreadcrumbList","@id":"https:\/\/www.webdo.tn\/fr\/actualite\/national\/sauvegarde-du-parc-du-belvedere-appel-urgent-a-kais-saied\/212350\/#breadcrumb","itemListElement":[{"@type":"ListItem","position":1,"name":"Accueil","item":"https:\/\/www.webdo.tn\/fr\/"},{"@type":"ListItem","position":2,"name":"Sauvegarde du Parc du Belv\u00e9d\u00e8re : Appel urgent \u00e0 Kais Saied"}]},{"@type":"WebSite","@id":"https:\/\/www.webdo.tn\/fr\/#website","url":"https:\/\/www.webdo.tn\/fr\/","name":"webdo","description":"Tunisie - News en Tunisie et \u00e0 l&#039;international sur Webdo.tn","publisher":{"@id":"https:\/\/www.webdo.tn\/fr\/#organization"},"potentialAction":[{"@type":"SearchAction","target":{"@type":"EntryPoint","urlTemplate":"https:\/\/www.webdo.tn\/fr\/?s={search_term_string}"},"query-input":{"@type":"PropertyValueSpecification","valueRequired":true,"valueName":"search_term_string"}}],"inLanguage":"fr-FR"},{"@type":"Organization","@id":"https:\/\/www.webdo.tn\/fr\/#organization","name":"Webdo","alternateName":"Webdo.tn","url":"https:\/\/www.webdo.tn\/fr\/","logo":{"@type":"ImageObject","inLanguage":"fr-FR","@id":"https:\/\/www.webdo.tn\/fr\/#\/schema\/logo\/image\/","url":"https:\/\/www.webdo.tn\/fr\/wp-content\/uploads\/2025\/06\/Webdo-Tunisie_168377.jpg","contentUrl":"https:\/\/www.webdo.tn\/fr\/wp-content\/uploads\/2025\/06\/Webdo-Tunisie_168377.jpg","width":301,"height":301,"caption":"Webdo"},"image":{"@id":"https:\/\/www.webdo.tn\/fr\/#\/schema\/logo\/image\/"},"sameAs":["https:\/\/www.facebook.com\/webdotn","https:\/\/x.com\/webdo_tn"],"description":"Webdo est un m\u00e9dia num\u00e9rique tunisien fond\u00e9 en 2010, sp\u00e9cialis\u00e9 dans l\u2019actualit\u00e9 nationale et internationale, l\u2019\u00e9conomie, la soci\u00e9t\u00e9 et les analyses politiques. Le site s\u2019adresse \u00e0 un large public francophone et couvre l\u2019information tunisienne en temps r\u00e9el.","email":"redac@webdo.tn","legalName":"YNJ SARL","foundingDate":"2010-09-06","numberOfEmployees":{"@type":"QuantitativeValue","minValue":"11","maxValue":"50"}},{"@type":"Person","@id":"https:\/\/www.webdo.tn\/fr\/#\/schema\/person\/2c509d3aeb706736cdf7dc93d76b6fe1","name":"Walid Ben Youssef","image":{"@type":"ImageObject","inLanguage":"fr-FR","@id":"https:\/\/www.webdo.tn\/fr\/wp-content\/uploads\/2026\/04\/walid-ben-youssef_avatar-96x96.jpg","url":"https:\/\/www.webdo.tn\/fr\/wp-content\/uploads\/2026\/04\/walid-ben-youssef_avatar-96x96.jpg","contentUrl":"https:\/\/www.webdo.tn\/fr\/wp-content\/uploads\/2026\/04\/walid-ben-youssef_avatar-96x96.jpg","caption":"Walid Ben Youssef"},"description":"Walid Ben Youssef est fondateur et directeur de publication de Webdo.tn, m\u00e9dia num\u00e9rique tunisien lanc\u00e9 en 2011. Journaliste depuis plus de 20 ans, il a d\u00e9but\u00e9 sa carri\u00e8re au sein du groupe Dar Tunis-Hebdo, o\u00f9 il a contribu\u00e9 d\u00e8s le d\u00e9but des ann\u00e9es 2000 au d\u00e9veloppement des premi\u00e8res initiatives web du titre. Avant de fonder Webdo, il a occup\u00e9 les fonctions de directeur adjoint du groupe Dar Tunis-Hebdo, participant au d\u00e9veloppement \u00e9ditorial, publicitaire et num\u00e9rique du groupe. Sp\u00e9cialis\u00e9 dans les m\u00e9dias num\u00e9riques, la transformation digitale de l\u2019information et l\u2019actualit\u00e9 nationale et internationale, il supervise la ligne \u00e9ditoriale de Webdo et pilote son d\u00e9veloppement strat\u00e9gique. Dipl\u00f4m\u00e9 en math\u00e9matiques de l\u2019Universit\u00e9 d\u2019Oregon (\u00c9tats-Unis), il associe une approche analytique \u00e0 une expertise de terrain du journalisme. \ud83d\udd17 Facebook : https:\/\/www.facebook.com\/wby.webdo","sameAs":["https:\/\/www.facebook.com\/wby.webdo"],"knowsAbout":["journalisme","m\u00e9dias num\u00e9riques","transformation digitale","actualit\u00e9 tunisienne","g\u00e9opolitique"],"knowsLanguage":["Fran\u00e7ais","Arabe","Anglais"],"jobTitle":"Fondateur et directeur de publication","worksFor":"Webdo.tn","url":"https:\/\/www.webdo.tn\/fr\/actualite\/author\/walid-ben-youssef\/"}]}},"_links":{"self":[{"href":"https:\/\/www.webdo.tn\/fr\/wp-json\/wp\/v2\/posts\/212350","targetHints":{"allow":["GET"]}}],"collection":[{"href":"https:\/\/www.webdo.tn\/fr\/wp-json\/wp\/v2\/posts"}],"about":[{"href":"https:\/\/www.webdo.tn\/fr\/wp-json\/wp\/v2\/types\/post"}],"author":[{"embeddable":true,"href":"https:\/\/www.webdo.tn\/fr\/wp-json\/wp\/v2\/users\/3183"}],"replies":[{"embeddable":true,"href":"https:\/\/www.webdo.tn\/fr\/wp-json\/wp\/v2\/comments?post=212350"}],"version-history":[{"count":0,"href":"https:\/\/www.webdo.tn\/fr\/wp-json\/wp\/v2\/posts\/212350\/revisions"}],"wp:featuredmedia":[{"embeddable":true,"href":"https:\/\/www.webdo.tn\/fr\/wp-json\/wp\/v2\/media\/290239"}],"wp:attachment":[{"href":"https:\/\/www.webdo.tn\/fr\/wp-json\/wp\/v2\/media?parent=212350"}],"wp:term":[{"taxonomy":"category","embeddable":true,"href":"https:\/\/www.webdo.tn\/fr\/wp-json\/wp\/v2\/categories?post=212350"},{"taxonomy":"post_tag","embeddable":true,"href":"https:\/\/www.webdo.tn\/fr\/wp-json\/wp\/v2\/tags?post=212350"}],"curies":[{"name":"wp","href":"https:\/\/api.w.org\/{rel}","templated":true}]}}