{"id":212344,"date":"2024-02-16T09:39:00","date_gmt":"2024-02-16T09:39:00","guid":{"rendered":"https:\/\/www.webdo.tn\/fr\/blog\/piscine-du-belvedere-les-travaux-lances-a-la-vitesse-de-l-eclair-suite-a-la-visite-de-saied\/212344\/"},"modified":"2025-05-20T22:37:45","modified_gmt":"2025-05-20T22:37:45","slug":"piscine-du-belvedere-les-travaux-lances-a-la-vitesse-de-l-eclair-suite-a-la-visite-de-saied","status":"publish","type":"post","link":"https:\/\/www.webdo.tn\/fr\/actualite\/national\/piscine-du-belvedere-les-travaux-lances-a-la-vitesse-de-l-eclair-suite-a-la-visite-de-saied\/212344\/","title":{"rendered":"Piscine du Belv\u00e9d\u00e8re : Les travaux lanc\u00e9s \u00e0 la vitesse de l\u2019\u00e9clair suite \u00e0 la visite de Kais Saied"},"content":{"rendered":"<p>Le pr\u00e9sident de la R\u00e9publique, Kais Saied, a effectu\u00e9 hier jeudi 15 f\u00e9vrier dans l\u2019apr\u00e8s-midi une visite inopin\u00e9e \u00e0 la piscine municipale du Belv\u00e9d\u00e8re en compagnie du ministre de la D\u00e9fense, Imed Memmiche, se pronon\u00e7ant sur la n\u00e9cessit\u00e9 de sa r\u00e9novation sous supervision militaire.\u00a0<\/p>\n<p>\t\t\t\t\t\t\t\t\tAu matin de ce vendredi 16 f\u00e9vrier 2024, soit quelques heures apr\u00e8s cette visite, les travaux ont \u00e9t\u00e9 lanc\u00e9s \u00e0 la vitesse de l\u2019\u00e9clair par des unit\u00e9s de l\u2019arm\u00e9e nationale.<\/p>\n<p>En effet, selon Mosa\u00efque FM, des unit\u00e9s militaires, munies de plusieurs engins et \u00e9quipements, ont \u00e9t\u00e9 d\u00e9ploy\u00e9es sur place pour lancer les travaux de r\u00e9novation. On explique \u00e9galement que la municipalit\u00e9 de Tunis a \u00e9galement lanc\u00e9 les travaux de r\u00e9novation de la place du Belv\u00e9d\u00e8re.\u00a0<\/p>\n<p>Rappelons que dans un communiqu\u00e9 rendu public, la BIAT a annonc\u00e9 avoir r\u00e9agi \u00e0 l\u2019appel du pr\u00e9sident de la R\u00e9publique qui a invit\u00e9 les banques tunisiennes \u00e0 contribuer au soutien de l\u2019\u00e9conomie nationale.<\/p>\n<p>Ainsi la BIAT s\u2019est engag\u00e9e \u00e0 financer la restauration compl\u00e8te de la piscine municipale du Belv\u00e9d\u00e8re ainsi que ses annexes ; la restauration compl\u00e8te et la r\u00e9novation du Centre Culturel Ibn Khaldoun \u00e0 Tunis ; le soutien aux \u00e9l\u00e8ves et lyc\u00e9ens issus de zones d\u00e9sign\u00e9es par les autorit\u00e9s comp\u00e9tentes afin d\u2019am\u00e9liorer leurs conditions de scolarit\u00e9.<\/p>\n","protected":false},"excerpt":{"rendered":"<p>Au matin de ce vendredi 16 f\u00e9vrier 2024, soit quelques heures apr\u00e8s cette visite, les travaux ont \u00e9t\u00e9 lanc\u00e9s \u00e0 la vitesse de l\u2019\u00e9clair par des unit\u00e9s de l\u2019arm\u00e9e&#8230;<\/p>\n","protected":false},"author":3175,"featured_media":247996,"comment_status":"open","ping_status":"closed","sticky":false,"template":"","format":"standard","meta":{"footnotes":""},"categories":[44],"tags":[6799,2614,3829,3926,2608],"class_list":["post-212344","post","type-post","status-publish","format-standard","has-post-thumbnail","hentry","category-national","tag-belvedere","tag-kais-saied","tag-piscine","tag-travaux","tag-tunisie"],"yoast_head":"<!-- This site is optimized with the Yoast SEO Premium plugin v27.5 (Yoast SEO v27.5) - https:\/\/yoast.com\/product\/yoast-seo-premium-wordpress\/ -->\n<title>Piscine du Belv\u00e9d\u00e8re : Les travaux lanc\u00e9s \u00e0 la vitesse de l\u2019\u00e9clair suite \u00e0 la visite de Kais Saied<\/title>\n<meta name=\"description\" content=\"Au matin de ce vendredi 16 f\u00e9vrier 2024, soit quelques heures apr\u00e8s cette visite, les travaux ont \u00e9t\u00e9 lanc\u00e9s \u00e0 la vitesse de l\u2019\u00e9clair par des unit\u00e9s de l\u2019arm\u00e9e...\" \/>\n<link rel=\"canonical\" href=\"https:\/\/www.webdo.tn\/fr\/actualite\/national\/piscine-du-belvedere-les-travaux-lances-a-la-vitesse-de-l-eclair-suite-a-la-visite-de-saied\/212344\/\" \/>\n<meta property=\"og:locale\" content=\"fr_FR\" \/>\n<meta property=\"og:type\" content=\"article\" \/>\n<meta property=\"og:title\" content=\"Piscine du Belv\u00e9d\u00e8re : Les travaux lanc\u00e9s \u00e0 la vitesse de l\u2019\u00e9clair suite \u00e0 la visite de Kais Saied\" \/>\n<meta property=\"og:description\" content=\"Au matin de ce vendredi 16 f\u00e9vrier 2024, soit quelques heures apr\u00e8s cette visite, les travaux ont \u00e9t\u00e9 lanc\u00e9s \u00e0 la vitesse de l\u2019\u00e9clair par des unit\u00e9s de l\u2019arm\u00e9e...\" \/>\n<meta property=\"og:url\" content=\"https:\/\/www.webdo.tn\/fr\/actualite\/national\/piscine-du-belvedere-les-travaux-lances-a-la-vitesse-de-l-eclair-suite-a-la-visite-de-saied\/212344\/\" \/>\n<meta property=\"og:site_name\" content=\"webdo\" \/>\n<meta property=\"article:publisher\" content=\"https:\/\/www.facebook.com\/webdotn\" \/>\n<meta property=\"article:published_time\" content=\"2024-02-16T09:39:00+00:00\" \/>\n<meta property=\"article:modified_time\" content=\"2025-05-20T22:37:45+00:00\" \/>\n<meta property=\"og:image\" content=\"https:\/\/www.webdo.tn\/fr\/wp-content\/uploads\/2024\/02\/a1b03d3ef414163c02270240cdb57b15.png\" \/>\n\t<meta property=\"og:image:width\" content=\"750\" \/>\n\t<meta property=\"og:image:height\" content=\"400\" \/>\n\t<meta property=\"og:image:type\" content=\"image\/png\" \/>\n<meta name=\"author\" content=\"CL\" \/>\n<meta name=\"twitter:card\" content=\"summary_large_image\" \/>\n<meta name=\"twitter:creator\" content=\"@webdo_tn\" \/>\n<meta name=\"twitter:site\" content=\"@webdo_tn\" \/>\n<meta name=\"twitter:label1\" content=\"\u00c9crit par\" \/>\n\t<meta name=\"twitter:data1\" content=\"CL\" \/>\n\t<meta name=\"twitter:label2\" content=\"Dur\u00e9e de lecture estim\u00e9e\" \/>\n\t<meta name=\"twitter:data2\" content=\"1 minute\" \/>\n<script type=\"application\/ld+json\" class=\"yoast-schema-graph\">{\"@context\":\"https:\\\/\\\/schema.org\",\"@graph\":[{\"@type\":\"NewsArticle\",\"@id\":\"https:\\\/\\\/www.webdo.tn\\\/fr\\\/actualite\\\/national\\\/piscine-du-belvedere-les-travaux-lances-a-la-vitesse-de-l-eclair-suite-a-la-visite-de-saied\\\/212344\\\/#article\",\"isPartOf\":{\"@id\":\"https:\\\/\\\/www.webdo.tn\\\/fr\\\/actualite\\\/national\\\/piscine-du-belvedere-les-travaux-lances-a-la-vitesse-de-l-eclair-suite-a-la-visite-de-saied\\\/212344\\\/\"},\"author\":{\"name\":\"CL\",\"@id\":\"https:\\\/\\\/www.webdo.tn\\\/fr\\\/#\\\/schema\\\/person\\\/f35b42a42c5e2511bbd282959d6385cc\"},\"headline\":\"Piscine du Belv\u00e9d\u00e8re : Les travaux lanc\u00e9s \u00e0 la vitesse de l\u2019\u00e9clair suite \u00e0 la visite de Kais Saied\",\"datePublished\":\"2024-02-16T09:39:00+00:00\",\"dateModified\":\"2025-05-20T22:37:45+00:00\",\"mainEntityOfPage\":{\"@id\":\"https:\\\/\\\/www.webdo.tn\\\/fr\\\/actualite\\\/national\\\/piscine-du-belvedere-les-travaux-lances-a-la-vitesse-de-l-eclair-suite-a-la-visite-de-saied\\\/212344\\\/\"},\"wordCount\":263,\"commentCount\":0,\"publisher\":{\"@id\":\"https:\\\/\\\/www.webdo.tn\\\/fr\\\/#organization\"},\"image\":{\"@id\":\"https:\\\/\\\/www.webdo.tn\\\/fr\\\/actualite\\\/national\\\/piscine-du-belvedere-les-travaux-lances-a-la-vitesse-de-l-eclair-suite-a-la-visite-de-saied\\\/212344\\\/#primaryimage\"},\"thumbnailUrl\":\"https:\\\/\\\/www.webdo.tn\\\/fr\\\/wp-content\\\/uploads\\\/2024\\\/02\\\/a1b03d3ef414163c02270240cdb57b15.png\",\"keywords\":[\"belv\u00e9d\u00e8re\",\"Kais Saied\",\"piscine\",\"travaux\",\"Tunisie\"],\"articleSection\":[\"National\"],\"inLanguage\":\"fr-FR\"},{\"@type\":\"WebPage\",\"@id\":\"https:\\\/\\\/www.webdo.tn\\\/fr\\\/actualite\\\/national\\\/piscine-du-belvedere-les-travaux-lances-a-la-vitesse-de-l-eclair-suite-a-la-visite-de-saied\\\/212344\\\/\",\"url\":\"https:\\\/\\\/www.webdo.tn\\\/fr\\\/actualite\\\/national\\\/piscine-du-belvedere-les-travaux-lances-a-la-vitesse-de-l-eclair-suite-a-la-visite-de-saied\\\/212344\\\/\",\"name\":\"Piscine du Belv\u00e9d\u00e8re : Les travaux lanc\u00e9s \u00e0 la vitesse de l\u2019\u00e9clair suite \u00e0 la visite de Kais Saied\",\"isPartOf\":{\"@id\":\"https:\\\/\\\/www.webdo.tn\\\/fr\\\/#website\"},\"primaryImageOfPage\":{\"@id\":\"https:\\\/\\\/www.webdo.tn\\\/fr\\\/actualite\\\/national\\\/piscine-du-belvedere-les-travaux-lances-a-la-vitesse-de-l-eclair-suite-a-la-visite-de-saied\\\/212344\\\/#primaryimage\"},\"image\":{\"@id\":\"https:\\\/\\\/www.webdo.tn\\\/fr\\\/actualite\\\/national\\\/piscine-du-belvedere-les-travaux-lances-a-la-vitesse-de-l-eclair-suite-a-la-visite-de-saied\\\/212344\\\/#primaryimage\"},\"thumbnailUrl\":\"https:\\\/\\\/www.webdo.tn\\\/fr\\\/wp-content\\\/uploads\\\/2024\\\/02\\\/a1b03d3ef414163c02270240cdb57b15.png\",\"datePublished\":\"2024-02-16T09:39:00+00:00\",\"dateModified\":\"2025-05-20T22:37:45+00:00\",\"description\":\"Au matin de ce vendredi 16 f\u00e9vrier 2024, soit quelques heures apr\u00e8s cette visite, les travaux ont \u00e9t\u00e9 lanc\u00e9s \u00e0 la vitesse de l\u2019\u00e9clair par des unit\u00e9s de l\u2019arm\u00e9e...\",\"breadcrumb\":{\"@id\":\"https:\\\/\\\/www.webdo.tn\\\/fr\\\/actualite\\\/national\\\/piscine-du-belvedere-les-travaux-lances-a-la-vitesse-de-l-eclair-suite-a-la-visite-de-saied\\\/212344\\\/#breadcrumb\"},\"inLanguage\":\"fr-FR\",\"potentialAction\":[{\"@type\":\"ReadAction\",\"target\":[\"https:\\\/\\\/www.webdo.tn\\\/fr\\\/actualite\\\/national\\\/piscine-du-belvedere-les-travaux-lances-a-la-vitesse-de-l-eclair-suite-a-la-visite-de-saied\\\/212344\\\/\"]}]},{\"@type\":\"ImageObject\",\"inLanguage\":\"fr-FR\",\"@id\":\"https:\\\/\\\/www.webdo.tn\\\/fr\\\/actualite\\\/national\\\/piscine-du-belvedere-les-travaux-lances-a-la-vitesse-de-l-eclair-suite-a-la-visite-de-saied\\\/212344\\\/#primaryimage\",\"url\":\"https:\\\/\\\/www.webdo.tn\\\/fr\\\/wp-content\\\/uploads\\\/2024\\\/02\\\/a1b03d3ef414163c02270240cdb57b15.png\",\"contentUrl\":\"https:\\\/\\\/www.webdo.tn\\\/fr\\\/wp-content\\\/uploads\\\/2024\\\/02\\\/a1b03d3ef414163c02270240cdb57b15.png\",\"width\":750,\"height\":400,\"caption\":\"Piscine du Belv\u00e9d\u00e8re : Les travaux lanc\u00e9s \u00e0 la vitesse de l\u2019\u00e9clair suite \u00e0 la visite de Kais Saied\"},{\"@type\":\"BreadcrumbList\",\"@id\":\"https:\\\/\\\/www.webdo.tn\\\/fr\\\/actualite\\\/national\\\/piscine-du-belvedere-les-travaux-lances-a-la-vitesse-de-l-eclair-suite-a-la-visite-de-saied\\\/212344\\\/#breadcrumb\",\"itemListElement\":[{\"@type\":\"ListItem\",\"position\":1,\"name\":\"Accueil\",\"item\":\"https:\\\/\\\/www.webdo.tn\\\/fr\\\/\"},{\"@type\":\"ListItem\",\"position\":2,\"name\":\"Piscine du Belv\u00e9d\u00e8re : Les travaux lanc\u00e9s \u00e0 la vitesse de l\u2019\u00e9clair suite \u00e0 la visite de Kais Saied\"}]},{\"@type\":\"WebSite\",\"@id\":\"https:\\\/\\\/www.webdo.tn\\\/fr\\\/#website\",\"url\":\"https:\\\/\\\/www.webdo.tn\\\/fr\\\/\",\"name\":\"webdo\",\"description\":\"Tunisie - News en Tunisie et \u00e0 l&#039;international sur Webdo.tn\",\"publisher\":{\"@id\":\"https:\\\/\\\/www.webdo.tn\\\/fr\\\/#organization\"},\"potentialAction\":[{\"@type\":\"SearchAction\",\"target\":{\"@type\":\"EntryPoint\",\"urlTemplate\":\"https:\\\/\\\/www.webdo.tn\\\/fr\\\/?s={search_term_string}\"},\"query-input\":{\"@type\":\"PropertyValueSpecification\",\"valueRequired\":true,\"valueName\":\"search_term_string\"}}],\"inLanguage\":\"fr-FR\"},{\"@type\":\"Organization\",\"@id\":\"https:\\\/\\\/www.webdo.tn\\\/fr\\\/#organization\",\"name\":\"Webdo\",\"alternateName\":\"Webdo.tn\",\"url\":\"https:\\\/\\\/www.webdo.tn\\\/fr\\\/\",\"logo\":{\"@type\":\"ImageObject\",\"inLanguage\":\"fr-FR\",\"@id\":\"https:\\\/\\\/www.webdo.tn\\\/fr\\\/#\\\/schema\\\/logo\\\/image\\\/\",\"url\":\"https:\\\/\\\/www.webdo.tn\\\/fr\\\/wp-content\\\/uploads\\\/2025\\\/06\\\/Webdo-Tunisie_168377.jpg\",\"contentUrl\":\"https:\\\/\\\/www.webdo.tn\\\/fr\\\/wp-content\\\/uploads\\\/2025\\\/06\\\/Webdo-Tunisie_168377.jpg\",\"width\":301,\"height\":301,\"caption\":\"Webdo\"},\"image\":{\"@id\":\"https:\\\/\\\/www.webdo.tn\\\/fr\\\/#\\\/schema\\\/logo\\\/image\\\/\"},\"sameAs\":[\"https:\\\/\\\/www.facebook.com\\\/webdotn\",\"https:\\\/\\\/x.com\\\/webdo_tn\"],\"description\":\"Webdo est un m\u00e9dia num\u00e9rique tunisien fond\u00e9 en 2010, sp\u00e9cialis\u00e9 dans l\u2019actualit\u00e9 nationale et internationale, l\u2019\u00e9conomie, la soci\u00e9t\u00e9 et les analyses politiques. Le site s\u2019adresse \u00e0 un large public francophone et couvre l\u2019information tunisienne en temps r\u00e9el.\",\"email\":\"redac@webdo.tn\",\"legalName\":\"YNJ SARL\",\"foundingDate\":\"2010-09-06\",\"numberOfEmployees\":{\"@type\":\"QuantitativeValue\",\"minValue\":\"11\",\"maxValue\":\"50\"}},{\"@type\":\"Person\",\"@id\":\"https:\\\/\\\/www.webdo.tn\\\/fr\\\/#\\\/schema\\\/person\\\/f35b42a42c5e2511bbd282959d6385cc\",\"name\":\"CL\",\"image\":{\"@type\":\"ImageObject\",\"inLanguage\":\"fr-FR\",\"@id\":\"https:\\\/\\\/secure.gravatar.com\\\/avatar\\\/1447a49909b67aa657c488aec6512e1dd6143a480c1ecfee9b5b5cd74eb3b59e?s=96&d=mm&r=g\",\"url\":\"https:\\\/\\\/secure.gravatar.com\\\/avatar\\\/1447a49909b67aa657c488aec6512e1dd6143a480c1ecfee9b5b5cd74eb3b59e?s=96&d=mm&r=g\",\"contentUrl\":\"https:\\\/\\\/secure.gravatar.com\\\/avatar\\\/1447a49909b67aa657c488aec6512e1dd6143a480c1ecfee9b5b5cd74eb3b59e?s=96&d=mm&r=g\",\"caption\":\"CL\"},\"url\":\"https:\\\/\\\/www.webdo.tn\\\/fr\\\/actualite\\\/author\\\/cl\\\/\"}]}<\/script>\n<!-- \/ Yoast SEO Premium plugin. -->","yoast_head_json":{"title":"Piscine du Belv\u00e9d\u00e8re : Les travaux lanc\u00e9s \u00e0 la vitesse de l\u2019\u00e9clair suite \u00e0 la visite de Kais Saied","description":"Au matin de ce vendredi 16 f\u00e9vrier 2024, soit quelques heures apr\u00e8s cette visite, les travaux ont \u00e9t\u00e9 lanc\u00e9s \u00e0 la vitesse de l\u2019\u00e9clair par des unit\u00e9s de l\u2019arm\u00e9e...","canonical":"https:\/\/www.webdo.tn\/fr\/actualite\/national\/piscine-du-belvedere-les-travaux-lances-a-la-vitesse-de-l-eclair-suite-a-la-visite-de-saied\/212344\/","og_locale":"fr_FR","og_type":"article","og_title":"Piscine du Belv\u00e9d\u00e8re : Les travaux lanc\u00e9s \u00e0 la vitesse de l\u2019\u00e9clair suite \u00e0 la visite de Kais Saied","og_description":"Au matin de ce vendredi 16 f\u00e9vrier 2024, soit quelques heures apr\u00e8s cette visite, les travaux ont \u00e9t\u00e9 lanc\u00e9s \u00e0 la vitesse de l\u2019\u00e9clair par des unit\u00e9s de l\u2019arm\u00e9e...","og_url":"https:\/\/www.webdo.tn\/fr\/actualite\/national\/piscine-du-belvedere-les-travaux-lances-a-la-vitesse-de-l-eclair-suite-a-la-visite-de-saied\/212344\/","og_site_name":"webdo","article_publisher":"https:\/\/www.facebook.com\/webdotn","article_published_time":"2024-02-16T09:39:00+00:00","article_modified_time":"2025-05-20T22:37:45+00:00","og_image":[{"width":750,"height":400,"url":"https:\/\/www.webdo.tn\/fr\/wp-content\/uploads\/2024\/02\/a1b03d3ef414163c02270240cdb57b15.png","type":"image\/png"}],"author":"CL","twitter_card":"summary_large_image","twitter_creator":"@webdo_tn","twitter_site":"@webdo_tn","twitter_misc":{"\u00c9crit par":"CL","Dur\u00e9e de lecture estim\u00e9e":"1 minute"},"schema":{"@context":"https:\/\/schema.org","@graph":[{"@type":"NewsArticle","@id":"https:\/\/www.webdo.tn\/fr\/actualite\/national\/piscine-du-belvedere-les-travaux-lances-a-la-vitesse-de-l-eclair-suite-a-la-visite-de-saied\/212344\/#article","isPartOf":{"@id":"https:\/\/www.webdo.tn\/fr\/actualite\/national\/piscine-du-belvedere-les-travaux-lances-a-la-vitesse-de-l-eclair-suite-a-la-visite-de-saied\/212344\/"},"author":{"name":"CL","@id":"https:\/\/www.webdo.tn\/fr\/#\/schema\/person\/f35b42a42c5e2511bbd282959d6385cc"},"headline":"Piscine du Belv\u00e9d\u00e8re : Les travaux lanc\u00e9s \u00e0 la vitesse de l\u2019\u00e9clair suite \u00e0 la visite de Kais Saied","datePublished":"2024-02-16T09:39:00+00:00","dateModified":"2025-05-20T22:37:45+00:00","mainEntityOfPage":{"@id":"https:\/\/www.webdo.tn\/fr\/actualite\/national\/piscine-du-belvedere-les-travaux-lances-a-la-vitesse-de-l-eclair-suite-a-la-visite-de-saied\/212344\/"},"wordCount":263,"commentCount":0,"publisher":{"@id":"https:\/\/www.webdo.tn\/fr\/#organization"},"image":{"@id":"https:\/\/www.webdo.tn\/fr\/actualite\/national\/piscine-du-belvedere-les-travaux-lances-a-la-vitesse-de-l-eclair-suite-a-la-visite-de-saied\/212344\/#primaryimage"},"thumbnailUrl":"https:\/\/www.webdo.tn\/fr\/wp-content\/uploads\/2024\/02\/a1b03d3ef414163c02270240cdb57b15.png","keywords":["belv\u00e9d\u00e8re","Kais Saied","piscine","travaux","Tunisie"],"articleSection":["National"],"inLanguage":"fr-FR"},{"@type":"WebPage","@id":"https:\/\/www.webdo.tn\/fr\/actualite\/national\/piscine-du-belvedere-les-travaux-lances-a-la-vitesse-de-l-eclair-suite-a-la-visite-de-saied\/212344\/","url":"https:\/\/www.webdo.tn\/fr\/actualite\/national\/piscine-du-belvedere-les-travaux-lances-a-la-vitesse-de-l-eclair-suite-a-la-visite-de-saied\/212344\/","name":"Piscine du Belv\u00e9d\u00e8re : Les travaux lanc\u00e9s \u00e0 la vitesse de l\u2019\u00e9clair suite \u00e0 la visite de Kais Saied","isPartOf":{"@id":"https:\/\/www.webdo.tn\/fr\/#website"},"primaryImageOfPage":{"@id":"https:\/\/www.webdo.tn\/fr\/actualite\/national\/piscine-du-belvedere-les-travaux-lances-a-la-vitesse-de-l-eclair-suite-a-la-visite-de-saied\/212344\/#primaryimage"},"image":{"@id":"https:\/\/www.webdo.tn\/fr\/actualite\/national\/piscine-du-belvedere-les-travaux-lances-a-la-vitesse-de-l-eclair-suite-a-la-visite-de-saied\/212344\/#primaryimage"},"thumbnailUrl":"https:\/\/www.webdo.tn\/fr\/wp-content\/uploads\/2024\/02\/a1b03d3ef414163c02270240cdb57b15.png","datePublished":"2024-02-16T09:39:00+00:00","dateModified":"2025-05-20T22:37:45+00:00","description":"Au matin de ce vendredi 16 f\u00e9vrier 2024, soit quelques heures apr\u00e8s cette visite, les travaux ont \u00e9t\u00e9 lanc\u00e9s \u00e0 la vitesse de l\u2019\u00e9clair par des unit\u00e9s de l\u2019arm\u00e9e...","breadcrumb":{"@id":"https:\/\/www.webdo.tn\/fr\/actualite\/national\/piscine-du-belvedere-les-travaux-lances-a-la-vitesse-de-l-eclair-suite-a-la-visite-de-saied\/212344\/#breadcrumb"},"inLanguage":"fr-FR","potentialAction":[{"@type":"ReadAction","target":["https:\/\/www.webdo.tn\/fr\/actualite\/national\/piscine-du-belvedere-les-travaux-lances-a-la-vitesse-de-l-eclair-suite-a-la-visite-de-saied\/212344\/"]}]},{"@type":"ImageObject","inLanguage":"fr-FR","@id":"https:\/\/www.webdo.tn\/fr\/actualite\/national\/piscine-du-belvedere-les-travaux-lances-a-la-vitesse-de-l-eclair-suite-a-la-visite-de-saied\/212344\/#primaryimage","url":"https:\/\/www.webdo.tn\/fr\/wp-content\/uploads\/2024\/02\/a1b03d3ef414163c02270240cdb57b15.png","contentUrl":"https:\/\/www.webdo.tn\/fr\/wp-content\/uploads\/2024\/02\/a1b03d3ef414163c02270240cdb57b15.png","width":750,"height":400,"caption":"Piscine du Belv\u00e9d\u00e8re : Les travaux lanc\u00e9s \u00e0 la vitesse de l\u2019\u00e9clair suite \u00e0 la visite de Kais Saied"},{"@type":"BreadcrumbList","@id":"https:\/\/www.webdo.tn\/fr\/actualite\/national\/piscine-du-belvedere-les-travaux-lances-a-la-vitesse-de-l-eclair-suite-a-la-visite-de-saied\/212344\/#breadcrumb","itemListElement":[{"@type":"ListItem","position":1,"name":"Accueil","item":"https:\/\/www.webdo.tn\/fr\/"},{"@type":"ListItem","position":2,"name":"Piscine du Belv\u00e9d\u00e8re : Les travaux lanc\u00e9s \u00e0 la vitesse de l\u2019\u00e9clair suite \u00e0 la visite de Kais Saied"}]},{"@type":"WebSite","@id":"https:\/\/www.webdo.tn\/fr\/#website","url":"https:\/\/www.webdo.tn\/fr\/","name":"webdo","description":"Tunisie - News en Tunisie et \u00e0 l&#039;international sur Webdo.tn","publisher":{"@id":"https:\/\/www.webdo.tn\/fr\/#organization"},"potentialAction":[{"@type":"SearchAction","target":{"@type":"EntryPoint","urlTemplate":"https:\/\/www.webdo.tn\/fr\/?s={search_term_string}"},"query-input":{"@type":"PropertyValueSpecification","valueRequired":true,"valueName":"search_term_string"}}],"inLanguage":"fr-FR"},{"@type":"Organization","@id":"https:\/\/www.webdo.tn\/fr\/#organization","name":"Webdo","alternateName":"Webdo.tn","url":"https:\/\/www.webdo.tn\/fr\/","logo":{"@type":"ImageObject","inLanguage":"fr-FR","@id":"https:\/\/www.webdo.tn\/fr\/#\/schema\/logo\/image\/","url":"https:\/\/www.webdo.tn\/fr\/wp-content\/uploads\/2025\/06\/Webdo-Tunisie_168377.jpg","contentUrl":"https:\/\/www.webdo.tn\/fr\/wp-content\/uploads\/2025\/06\/Webdo-Tunisie_168377.jpg","width":301,"height":301,"caption":"Webdo"},"image":{"@id":"https:\/\/www.webdo.tn\/fr\/#\/schema\/logo\/image\/"},"sameAs":["https:\/\/www.facebook.com\/webdotn","https:\/\/x.com\/webdo_tn"],"description":"Webdo est un m\u00e9dia num\u00e9rique tunisien fond\u00e9 en 2010, sp\u00e9cialis\u00e9 dans l\u2019actualit\u00e9 nationale et internationale, l\u2019\u00e9conomie, la soci\u00e9t\u00e9 et les analyses politiques. Le site s\u2019adresse \u00e0 un large public francophone et couvre l\u2019information tunisienne en temps r\u00e9el.","email":"redac@webdo.tn","legalName":"YNJ SARL","foundingDate":"2010-09-06","numberOfEmployees":{"@type":"QuantitativeValue","minValue":"11","maxValue":"50"}},{"@type":"Person","@id":"https:\/\/www.webdo.tn\/fr\/#\/schema\/person\/f35b42a42c5e2511bbd282959d6385cc","name":"CL","image":{"@type":"ImageObject","inLanguage":"fr-FR","@id":"https:\/\/secure.gravatar.com\/avatar\/1447a49909b67aa657c488aec6512e1dd6143a480c1ecfee9b5b5cd74eb3b59e?s=96&d=mm&r=g","url":"https:\/\/secure.gravatar.com\/avatar\/1447a49909b67aa657c488aec6512e1dd6143a480c1ecfee9b5b5cd74eb3b59e?s=96&d=mm&r=g","contentUrl":"https:\/\/secure.gravatar.com\/avatar\/1447a49909b67aa657c488aec6512e1dd6143a480c1ecfee9b5b5cd74eb3b59e?s=96&d=mm&r=g","caption":"CL"},"url":"https:\/\/www.webdo.tn\/fr\/actualite\/author\/cl\/"}]}},"_links":{"self":[{"href":"https:\/\/www.webdo.tn\/fr\/wp-json\/wp\/v2\/posts\/212344","targetHints":{"allow":["GET"]}}],"collection":[{"href":"https:\/\/www.webdo.tn\/fr\/wp-json\/wp\/v2\/posts"}],"about":[{"href":"https:\/\/www.webdo.tn\/fr\/wp-json\/wp\/v2\/types\/post"}],"author":[{"embeddable":true,"href":"https:\/\/www.webdo.tn\/fr\/wp-json\/wp\/v2\/users\/3175"}],"replies":[{"embeddable":true,"href":"https:\/\/www.webdo.tn\/fr\/wp-json\/wp\/v2\/comments?post=212344"}],"version-history":[{"count":0,"href":"https:\/\/www.webdo.tn\/fr\/wp-json\/wp\/v2\/posts\/212344\/revisions"}],"wp:featuredmedia":[{"embeddable":true,"href":"https:\/\/www.webdo.tn\/fr\/wp-json\/wp\/v2\/media\/247996"}],"wp:attachment":[{"href":"https:\/\/www.webdo.tn\/fr\/wp-json\/wp\/v2\/media?parent=212344"}],"wp:term":[{"taxonomy":"category","embeddable":true,"href":"https:\/\/www.webdo.tn\/fr\/wp-json\/wp\/v2\/categories?post=212344"},{"taxonomy":"post_tag","embeddable":true,"href":"https:\/\/www.webdo.tn\/fr\/wp-json\/wp\/v2\/tags?post=212344"}],"curies":[{"name":"wp","href":"https:\/\/api.w.org\/{rel}","templated":true}]}}