{"id":212342,"date":"2024-02-16T08:56:00","date_gmt":"2024-02-16T08:56:00","guid":{"rendered":"https:\/\/www.webdo.tn\/fr\/blog\/face-a-la-cherte-de-la-vie-les-tunisiens-re-rabattent-sur-la-viande-d-ane-et-de-cheval\/212342\/"},"modified":"2025-05-20T22:37:44","modified_gmt":"2025-05-20T22:37:44","slug":"face-a-la-cherte-de-la-vie-les-tunisiens-re-rabattent-sur-la-viande-d-ane-et-de-cheval","status":"publish","type":"post","link":"https:\/\/www.webdo.tn\/fr\/actualite\/national\/face-a-la-cherte-de-la-vie-les-tunisiens-re-rabattent-sur-la-viande-d-ane-et-de-cheval\/212342\/","title":{"rendered":"Face \u00e0 la chert\u00e9 de la vie, les Tunisiens se rabattent sur la viande d\u2019\u00e2ne et de cheval"},"content":{"rendered":"<p>En Tunisie, la chert\u00e9 de la vie p\u00e8se lourdement sur les \u00e9paules des citoyens, avec des r\u00e9percussions particuli\u00e8rement marqu\u00e9es dans l&rsquo;achat de produits de premi\u00e8re n\u00e9cessit\u00e9 tels que la viande rouge.\u00a0<\/p>\n<p>\t\t\t\t\t\t\t\t\tLes co\u00fbts croissants des denr\u00e9es alimentaires ont cr\u00e9\u00e9 un climat \u00e9conomique difficile pour de nombreuses familles tunisiennes. L&rsquo;achat de viande rouge, un produit essentiel dans la cuisine tunisienne, est devenu un d\u00e9fi financier majeur.\u00a0<\/p>\n<p>Alors qu\u2019un kilo de viande rouge co\u00fbte d\u00e9sormais plus de 40 dinars, les m\u00e9nages font face \u00e0 des choix difficiles entre maintenir un r\u00e9gime alimentaire \u00e9quilibr\u00e9 et respecter un budget serr\u00e9.\u00a0<\/p>\n<p>Pour d\u2019autres, on se rabat sur d\u2019autres viande, comme celle d\u2019\u00e2ne ou de cheval. En effet c\u2019est ce qu\u2019a confirm\u00e9 le pr\u00e9sident de la Chambre syndicale nationale des bouchers Ahmed Amiri qui explique que de nombreux Tunisiens consomment d\u00e9sormais ces viandes moins ch\u00e8res. En effet, les prix de ces viandes sont nettement moins chers si on rappelle qu&rsquo;un kilo de viande de cheval ne d\u00e9passe par les 15 dinars.\u00a0<\/p>\n<p>S\u2019exprimant sur les ondes de Diwan FM, il a ajout\u00e9 qu\u2019un kilogramme de viande rouge co\u00fbte plus de 40 dinars, soit pr\u00e8s de 10% du smig, une option inaccessible pour de nombreuses familles, selon ses dires.\u00a0<\/p>\n<p>A cet effet, le responsable syndical a appel\u00e9 le pr\u00e9sident de la R\u00e9publique \u00e0 intervenir en important des viandes surgel\u00e9es en vue de r\u00e9guler le march\u00e9.<\/p>\n","protected":false},"excerpt":{"rendered":"<p>Les co\u00fbts croissants des denr\u00e9es alimentaires ont cr\u00e9\u00e9 un climat \u00e9conomique difficile pour de nombreuses familles tunisiennes. L&rsquo;achat de viande rouge, pourtant&#8230;<\/p>\n","protected":false},"author":3175,"featured_media":247995,"comment_status":"open","ping_status":"closed","sticky":false,"template":"","format":"standard","meta":{"footnotes":""},"categories":[44],"tags":[6997,2608,2834,4646],"class_list":["post-212342","post","type-post","status-publish","format-standard","has-post-thumbnail","hentry","category-national","tag-cheval","tag-tunisie","tag-viande","tag-viande-rouge"],"yoast_head":"<!-- This site is optimized with the Yoast SEO Premium plugin v27.5 (Yoast SEO v27.5) - https:\/\/yoast.com\/product\/yoast-seo-premium-wordpress\/ -->\n<title>Face \u00e0 la chert\u00e9 de la vie, les Tunisiens se rabattent sur la viande d\u2019\u00e2ne et de cheval<\/title>\n<meta name=\"description\" content=\"Les co\u00fbts croissants des denr\u00e9es alimentaires ont cr\u00e9\u00e9 un climat \u00e9conomique difficile pour de nombreuses familles tunisiennes. L&#039;achat de viande rouge, pourtant...\" \/>\n<link rel=\"canonical\" href=\"https:\/\/www.webdo.tn\/fr\/actualite\/national\/face-a-la-cherte-de-la-vie-les-tunisiens-re-rabattent-sur-la-viande-d-ane-et-de-cheval\/212342\/\" \/>\n<meta property=\"og:locale\" content=\"fr_FR\" \/>\n<meta property=\"og:type\" content=\"article\" \/>\n<meta property=\"og:title\" content=\"Face \u00e0 la chert\u00e9 de la vie, les Tunisiens se rabattent sur la viande d\u2019\u00e2ne et de cheval\" \/>\n<meta property=\"og:description\" content=\"Les co\u00fbts croissants des denr\u00e9es alimentaires ont cr\u00e9\u00e9 un climat \u00e9conomique difficile pour de nombreuses familles tunisiennes. L&#039;achat de viande rouge, pourtant...\" \/>\n<meta property=\"og:url\" content=\"https:\/\/www.webdo.tn\/fr\/actualite\/national\/face-a-la-cherte-de-la-vie-les-tunisiens-re-rabattent-sur-la-viande-d-ane-et-de-cheval\/212342\/\" \/>\n<meta property=\"og:site_name\" content=\"webdo\" \/>\n<meta property=\"article:publisher\" content=\"https:\/\/www.facebook.com\/webdotn\" \/>\n<meta property=\"article:published_time\" content=\"2024-02-16T08:56:00+00:00\" \/>\n<meta property=\"article:modified_time\" content=\"2025-05-20T22:37:44+00:00\" \/>\n<meta property=\"og:image\" content=\"https:\/\/www.webdo.tn\/fr\/wp-content\/uploads\/2024\/02\/02a40254da8f90d3d241abe66a47f51a.jpg\" \/>\n\t<meta property=\"og:image:width\" content=\"574\" \/>\n\t<meta property=\"og:image:height\" content=\"306\" \/>\n\t<meta property=\"og:image:type\" content=\"image\/jpeg\" \/>\n<meta name=\"author\" content=\"CL\" \/>\n<meta name=\"twitter:card\" content=\"summary_large_image\" \/>\n<meta name=\"twitter:creator\" content=\"@webdo_tn\" \/>\n<meta name=\"twitter:site\" content=\"@webdo_tn\" \/>\n<meta name=\"twitter:label1\" content=\"\u00c9crit par\" \/>\n\t<meta name=\"twitter:data1\" content=\"CL\" \/>\n\t<meta name=\"twitter:label2\" content=\"Dur\u00e9e de lecture estim\u00e9e\" \/>\n\t<meta name=\"twitter:data2\" content=\"1 minute\" \/>\n<script type=\"application\/ld+json\" class=\"yoast-schema-graph\">{\"@context\":\"https:\\\/\\\/schema.org\",\"@graph\":[{\"@type\":\"NewsArticle\",\"@id\":\"https:\\\/\\\/www.webdo.tn\\\/fr\\\/actualite\\\/national\\\/face-a-la-cherte-de-la-vie-les-tunisiens-re-rabattent-sur-la-viande-d-ane-et-de-cheval\\\/212342\\\/#article\",\"isPartOf\":{\"@id\":\"https:\\\/\\\/www.webdo.tn\\\/fr\\\/actualite\\\/national\\\/face-a-la-cherte-de-la-vie-les-tunisiens-re-rabattent-sur-la-viande-d-ane-et-de-cheval\\\/212342\\\/\"},\"author\":{\"name\":\"CL\",\"@id\":\"https:\\\/\\\/www.webdo.tn\\\/fr\\\/#\\\/schema\\\/person\\\/f35b42a42c5e2511bbd282959d6385cc\"},\"headline\":\"Face \u00e0 la chert\u00e9 de la vie, les Tunisiens se rabattent sur la viande d\u2019\u00e2ne et de cheval\",\"datePublished\":\"2024-02-16T08:56:00+00:00\",\"dateModified\":\"2025-05-20T22:37:44+00:00\",\"mainEntityOfPage\":{\"@id\":\"https:\\\/\\\/www.webdo.tn\\\/fr\\\/actualite\\\/national\\\/face-a-la-cherte-de-la-vie-les-tunisiens-re-rabattent-sur-la-viande-d-ane-et-de-cheval\\\/212342\\\/\"},\"wordCount\":273,\"commentCount\":0,\"publisher\":{\"@id\":\"https:\\\/\\\/www.webdo.tn\\\/fr\\\/#organization\"},\"image\":{\"@id\":\"https:\\\/\\\/www.webdo.tn\\\/fr\\\/actualite\\\/national\\\/face-a-la-cherte-de-la-vie-les-tunisiens-re-rabattent-sur-la-viande-d-ane-et-de-cheval\\\/212342\\\/#primaryimage\"},\"thumbnailUrl\":\"https:\\\/\\\/www.webdo.tn\\\/fr\\\/wp-content\\\/uploads\\\/2024\\\/02\\\/02a40254da8f90d3d241abe66a47f51a.jpg\",\"keywords\":[\"cheval\",\"Tunisie\",\"viande\",\"viande rouge\"],\"articleSection\":[\"National\"],\"inLanguage\":\"fr-FR\"},{\"@type\":\"WebPage\",\"@id\":\"https:\\\/\\\/www.webdo.tn\\\/fr\\\/actualite\\\/national\\\/face-a-la-cherte-de-la-vie-les-tunisiens-re-rabattent-sur-la-viande-d-ane-et-de-cheval\\\/212342\\\/\",\"url\":\"https:\\\/\\\/www.webdo.tn\\\/fr\\\/actualite\\\/national\\\/face-a-la-cherte-de-la-vie-les-tunisiens-re-rabattent-sur-la-viande-d-ane-et-de-cheval\\\/212342\\\/\",\"name\":\"Face \u00e0 la chert\u00e9 de la vie, les Tunisiens se rabattent sur la viande d\u2019\u00e2ne et de cheval\",\"isPartOf\":{\"@id\":\"https:\\\/\\\/www.webdo.tn\\\/fr\\\/#website\"},\"primaryImageOfPage\":{\"@id\":\"https:\\\/\\\/www.webdo.tn\\\/fr\\\/actualite\\\/national\\\/face-a-la-cherte-de-la-vie-les-tunisiens-re-rabattent-sur-la-viande-d-ane-et-de-cheval\\\/212342\\\/#primaryimage\"},\"image\":{\"@id\":\"https:\\\/\\\/www.webdo.tn\\\/fr\\\/actualite\\\/national\\\/face-a-la-cherte-de-la-vie-les-tunisiens-re-rabattent-sur-la-viande-d-ane-et-de-cheval\\\/212342\\\/#primaryimage\"},\"thumbnailUrl\":\"https:\\\/\\\/www.webdo.tn\\\/fr\\\/wp-content\\\/uploads\\\/2024\\\/02\\\/02a40254da8f90d3d241abe66a47f51a.jpg\",\"datePublished\":\"2024-02-16T08:56:00+00:00\",\"dateModified\":\"2025-05-20T22:37:44+00:00\",\"description\":\"Les co\u00fbts croissants des denr\u00e9es alimentaires ont cr\u00e9\u00e9 un climat \u00e9conomique difficile pour de nombreuses familles tunisiennes. L'achat de viande rouge, pourtant...\",\"breadcrumb\":{\"@id\":\"https:\\\/\\\/www.webdo.tn\\\/fr\\\/actualite\\\/national\\\/face-a-la-cherte-de-la-vie-les-tunisiens-re-rabattent-sur-la-viande-d-ane-et-de-cheval\\\/212342\\\/#breadcrumb\"},\"inLanguage\":\"fr-FR\",\"potentialAction\":[{\"@type\":\"ReadAction\",\"target\":[\"https:\\\/\\\/www.webdo.tn\\\/fr\\\/actualite\\\/national\\\/face-a-la-cherte-de-la-vie-les-tunisiens-re-rabattent-sur-la-viande-d-ane-et-de-cheval\\\/212342\\\/\"]}]},{\"@type\":\"ImageObject\",\"inLanguage\":\"fr-FR\",\"@id\":\"https:\\\/\\\/www.webdo.tn\\\/fr\\\/actualite\\\/national\\\/face-a-la-cherte-de-la-vie-les-tunisiens-re-rabattent-sur-la-viande-d-ane-et-de-cheval\\\/212342\\\/#primaryimage\",\"url\":\"https:\\\/\\\/www.webdo.tn\\\/fr\\\/wp-content\\\/uploads\\\/2024\\\/02\\\/02a40254da8f90d3d241abe66a47f51a.jpg\",\"contentUrl\":\"https:\\\/\\\/www.webdo.tn\\\/fr\\\/wp-content\\\/uploads\\\/2024\\\/02\\\/02a40254da8f90d3d241abe66a47f51a.jpg\",\"width\":574,\"height\":306,\"caption\":\"Face \u00e0 la chert\u00e9 de la vie, les Tunisiens se rabattent sur la viande d\u2019\u00e2ne et de cheval\"},{\"@type\":\"BreadcrumbList\",\"@id\":\"https:\\\/\\\/www.webdo.tn\\\/fr\\\/actualite\\\/national\\\/face-a-la-cherte-de-la-vie-les-tunisiens-re-rabattent-sur-la-viande-d-ane-et-de-cheval\\\/212342\\\/#breadcrumb\",\"itemListElement\":[{\"@type\":\"ListItem\",\"position\":1,\"name\":\"Accueil\",\"item\":\"https:\\\/\\\/www.webdo.tn\\\/fr\\\/\"},{\"@type\":\"ListItem\",\"position\":2,\"name\":\"Face \u00e0 la chert\u00e9 de la vie, les Tunisiens se rabattent sur la viande d\u2019\u00e2ne et de cheval\"}]},{\"@type\":\"WebSite\",\"@id\":\"https:\\\/\\\/www.webdo.tn\\\/fr\\\/#website\",\"url\":\"https:\\\/\\\/www.webdo.tn\\\/fr\\\/\",\"name\":\"webdo\",\"description\":\"Tunisie - News en Tunisie et \u00e0 l&#039;international sur Webdo.tn\",\"publisher\":{\"@id\":\"https:\\\/\\\/www.webdo.tn\\\/fr\\\/#organization\"},\"potentialAction\":[{\"@type\":\"SearchAction\",\"target\":{\"@type\":\"EntryPoint\",\"urlTemplate\":\"https:\\\/\\\/www.webdo.tn\\\/fr\\\/?s={search_term_string}\"},\"query-input\":{\"@type\":\"PropertyValueSpecification\",\"valueRequired\":true,\"valueName\":\"search_term_string\"}}],\"inLanguage\":\"fr-FR\"},{\"@type\":\"Organization\",\"@id\":\"https:\\\/\\\/www.webdo.tn\\\/fr\\\/#organization\",\"name\":\"Webdo\",\"alternateName\":\"Webdo.tn\",\"url\":\"https:\\\/\\\/www.webdo.tn\\\/fr\\\/\",\"logo\":{\"@type\":\"ImageObject\",\"inLanguage\":\"fr-FR\",\"@id\":\"https:\\\/\\\/www.webdo.tn\\\/fr\\\/#\\\/schema\\\/logo\\\/image\\\/\",\"url\":\"https:\\\/\\\/www.webdo.tn\\\/fr\\\/wp-content\\\/uploads\\\/2025\\\/06\\\/Webdo-Tunisie_168377.jpg\",\"contentUrl\":\"https:\\\/\\\/www.webdo.tn\\\/fr\\\/wp-content\\\/uploads\\\/2025\\\/06\\\/Webdo-Tunisie_168377.jpg\",\"width\":301,\"height\":301,\"caption\":\"Webdo\"},\"image\":{\"@id\":\"https:\\\/\\\/www.webdo.tn\\\/fr\\\/#\\\/schema\\\/logo\\\/image\\\/\"},\"sameAs\":[\"https:\\\/\\\/www.facebook.com\\\/webdotn\",\"https:\\\/\\\/x.com\\\/webdo_tn\"],\"description\":\"Webdo est un m\u00e9dia num\u00e9rique tunisien fond\u00e9 en 2010, sp\u00e9cialis\u00e9 dans l\u2019actualit\u00e9 nationale et internationale, l\u2019\u00e9conomie, la soci\u00e9t\u00e9 et les analyses politiques. Le site s\u2019adresse \u00e0 un large public francophone et couvre l\u2019information tunisienne en temps r\u00e9el.\",\"email\":\"redac@webdo.tn\",\"legalName\":\"YNJ SARL\",\"foundingDate\":\"2010-09-06\",\"numberOfEmployees\":{\"@type\":\"QuantitativeValue\",\"minValue\":\"11\",\"maxValue\":\"50\"}},{\"@type\":\"Person\",\"@id\":\"https:\\\/\\\/www.webdo.tn\\\/fr\\\/#\\\/schema\\\/person\\\/f35b42a42c5e2511bbd282959d6385cc\",\"name\":\"CL\",\"image\":{\"@type\":\"ImageObject\",\"inLanguage\":\"fr-FR\",\"@id\":\"https:\\\/\\\/secure.gravatar.com\\\/avatar\\\/1447a49909b67aa657c488aec6512e1dd6143a480c1ecfee9b5b5cd74eb3b59e?s=96&d=mm&r=g\",\"url\":\"https:\\\/\\\/secure.gravatar.com\\\/avatar\\\/1447a49909b67aa657c488aec6512e1dd6143a480c1ecfee9b5b5cd74eb3b59e?s=96&d=mm&r=g\",\"contentUrl\":\"https:\\\/\\\/secure.gravatar.com\\\/avatar\\\/1447a49909b67aa657c488aec6512e1dd6143a480c1ecfee9b5b5cd74eb3b59e?s=96&d=mm&r=g\",\"caption\":\"CL\"},\"url\":\"https:\\\/\\\/www.webdo.tn\\\/fr\\\/actualite\\\/author\\\/cl\\\/\"}]}<\/script>\n<!-- \/ Yoast SEO Premium plugin. -->","yoast_head_json":{"title":"Face \u00e0 la chert\u00e9 de la vie, les Tunisiens se rabattent sur la viande d\u2019\u00e2ne et de cheval","description":"Les co\u00fbts croissants des denr\u00e9es alimentaires ont cr\u00e9\u00e9 un climat \u00e9conomique difficile pour de nombreuses familles tunisiennes. L'achat de viande rouge, pourtant...","canonical":"https:\/\/www.webdo.tn\/fr\/actualite\/national\/face-a-la-cherte-de-la-vie-les-tunisiens-re-rabattent-sur-la-viande-d-ane-et-de-cheval\/212342\/","og_locale":"fr_FR","og_type":"article","og_title":"Face \u00e0 la chert\u00e9 de la vie, les Tunisiens se rabattent sur la viande d\u2019\u00e2ne et de cheval","og_description":"Les co\u00fbts croissants des denr\u00e9es alimentaires ont cr\u00e9\u00e9 un climat \u00e9conomique difficile pour de nombreuses familles tunisiennes. L'achat de viande rouge, pourtant...","og_url":"https:\/\/www.webdo.tn\/fr\/actualite\/national\/face-a-la-cherte-de-la-vie-les-tunisiens-re-rabattent-sur-la-viande-d-ane-et-de-cheval\/212342\/","og_site_name":"webdo","article_publisher":"https:\/\/www.facebook.com\/webdotn","article_published_time":"2024-02-16T08:56:00+00:00","article_modified_time":"2025-05-20T22:37:44+00:00","og_image":[{"width":574,"height":306,"url":"https:\/\/www.webdo.tn\/fr\/wp-content\/uploads\/2024\/02\/02a40254da8f90d3d241abe66a47f51a.jpg","type":"image\/jpeg"}],"author":"CL","twitter_card":"summary_large_image","twitter_creator":"@webdo_tn","twitter_site":"@webdo_tn","twitter_misc":{"\u00c9crit par":"CL","Dur\u00e9e de lecture estim\u00e9e":"1 minute"},"schema":{"@context":"https:\/\/schema.org","@graph":[{"@type":"NewsArticle","@id":"https:\/\/www.webdo.tn\/fr\/actualite\/national\/face-a-la-cherte-de-la-vie-les-tunisiens-re-rabattent-sur-la-viande-d-ane-et-de-cheval\/212342\/#article","isPartOf":{"@id":"https:\/\/www.webdo.tn\/fr\/actualite\/national\/face-a-la-cherte-de-la-vie-les-tunisiens-re-rabattent-sur-la-viande-d-ane-et-de-cheval\/212342\/"},"author":{"name":"CL","@id":"https:\/\/www.webdo.tn\/fr\/#\/schema\/person\/f35b42a42c5e2511bbd282959d6385cc"},"headline":"Face \u00e0 la chert\u00e9 de la vie, les Tunisiens se rabattent sur la viande d\u2019\u00e2ne et de cheval","datePublished":"2024-02-16T08:56:00+00:00","dateModified":"2025-05-20T22:37:44+00:00","mainEntityOfPage":{"@id":"https:\/\/www.webdo.tn\/fr\/actualite\/national\/face-a-la-cherte-de-la-vie-les-tunisiens-re-rabattent-sur-la-viande-d-ane-et-de-cheval\/212342\/"},"wordCount":273,"commentCount":0,"publisher":{"@id":"https:\/\/www.webdo.tn\/fr\/#organization"},"image":{"@id":"https:\/\/www.webdo.tn\/fr\/actualite\/national\/face-a-la-cherte-de-la-vie-les-tunisiens-re-rabattent-sur-la-viande-d-ane-et-de-cheval\/212342\/#primaryimage"},"thumbnailUrl":"https:\/\/www.webdo.tn\/fr\/wp-content\/uploads\/2024\/02\/02a40254da8f90d3d241abe66a47f51a.jpg","keywords":["cheval","Tunisie","viande","viande rouge"],"articleSection":["National"],"inLanguage":"fr-FR"},{"@type":"WebPage","@id":"https:\/\/www.webdo.tn\/fr\/actualite\/national\/face-a-la-cherte-de-la-vie-les-tunisiens-re-rabattent-sur-la-viande-d-ane-et-de-cheval\/212342\/","url":"https:\/\/www.webdo.tn\/fr\/actualite\/national\/face-a-la-cherte-de-la-vie-les-tunisiens-re-rabattent-sur-la-viande-d-ane-et-de-cheval\/212342\/","name":"Face \u00e0 la chert\u00e9 de la vie, les Tunisiens se rabattent sur la viande d\u2019\u00e2ne et de cheval","isPartOf":{"@id":"https:\/\/www.webdo.tn\/fr\/#website"},"primaryImageOfPage":{"@id":"https:\/\/www.webdo.tn\/fr\/actualite\/national\/face-a-la-cherte-de-la-vie-les-tunisiens-re-rabattent-sur-la-viande-d-ane-et-de-cheval\/212342\/#primaryimage"},"image":{"@id":"https:\/\/www.webdo.tn\/fr\/actualite\/national\/face-a-la-cherte-de-la-vie-les-tunisiens-re-rabattent-sur-la-viande-d-ane-et-de-cheval\/212342\/#primaryimage"},"thumbnailUrl":"https:\/\/www.webdo.tn\/fr\/wp-content\/uploads\/2024\/02\/02a40254da8f90d3d241abe66a47f51a.jpg","datePublished":"2024-02-16T08:56:00+00:00","dateModified":"2025-05-20T22:37:44+00:00","description":"Les co\u00fbts croissants des denr\u00e9es alimentaires ont cr\u00e9\u00e9 un climat \u00e9conomique difficile pour de nombreuses familles tunisiennes. L'achat de viande rouge, pourtant...","breadcrumb":{"@id":"https:\/\/www.webdo.tn\/fr\/actualite\/national\/face-a-la-cherte-de-la-vie-les-tunisiens-re-rabattent-sur-la-viande-d-ane-et-de-cheval\/212342\/#breadcrumb"},"inLanguage":"fr-FR","potentialAction":[{"@type":"ReadAction","target":["https:\/\/www.webdo.tn\/fr\/actualite\/national\/face-a-la-cherte-de-la-vie-les-tunisiens-re-rabattent-sur-la-viande-d-ane-et-de-cheval\/212342\/"]}]},{"@type":"ImageObject","inLanguage":"fr-FR","@id":"https:\/\/www.webdo.tn\/fr\/actualite\/national\/face-a-la-cherte-de-la-vie-les-tunisiens-re-rabattent-sur-la-viande-d-ane-et-de-cheval\/212342\/#primaryimage","url":"https:\/\/www.webdo.tn\/fr\/wp-content\/uploads\/2024\/02\/02a40254da8f90d3d241abe66a47f51a.jpg","contentUrl":"https:\/\/www.webdo.tn\/fr\/wp-content\/uploads\/2024\/02\/02a40254da8f90d3d241abe66a47f51a.jpg","width":574,"height":306,"caption":"Face \u00e0 la chert\u00e9 de la vie, les Tunisiens se rabattent sur la viande d\u2019\u00e2ne et de cheval"},{"@type":"BreadcrumbList","@id":"https:\/\/www.webdo.tn\/fr\/actualite\/national\/face-a-la-cherte-de-la-vie-les-tunisiens-re-rabattent-sur-la-viande-d-ane-et-de-cheval\/212342\/#breadcrumb","itemListElement":[{"@type":"ListItem","position":1,"name":"Accueil","item":"https:\/\/www.webdo.tn\/fr\/"},{"@type":"ListItem","position":2,"name":"Face \u00e0 la chert\u00e9 de la vie, les Tunisiens se rabattent sur la viande d\u2019\u00e2ne et de cheval"}]},{"@type":"WebSite","@id":"https:\/\/www.webdo.tn\/fr\/#website","url":"https:\/\/www.webdo.tn\/fr\/","name":"webdo","description":"Tunisie - News en Tunisie et \u00e0 l&#039;international sur Webdo.tn","publisher":{"@id":"https:\/\/www.webdo.tn\/fr\/#organization"},"potentialAction":[{"@type":"SearchAction","target":{"@type":"EntryPoint","urlTemplate":"https:\/\/www.webdo.tn\/fr\/?s={search_term_string}"},"query-input":{"@type":"PropertyValueSpecification","valueRequired":true,"valueName":"search_term_string"}}],"inLanguage":"fr-FR"},{"@type":"Organization","@id":"https:\/\/www.webdo.tn\/fr\/#organization","name":"Webdo","alternateName":"Webdo.tn","url":"https:\/\/www.webdo.tn\/fr\/","logo":{"@type":"ImageObject","inLanguage":"fr-FR","@id":"https:\/\/www.webdo.tn\/fr\/#\/schema\/logo\/image\/","url":"https:\/\/www.webdo.tn\/fr\/wp-content\/uploads\/2025\/06\/Webdo-Tunisie_168377.jpg","contentUrl":"https:\/\/www.webdo.tn\/fr\/wp-content\/uploads\/2025\/06\/Webdo-Tunisie_168377.jpg","width":301,"height":301,"caption":"Webdo"},"image":{"@id":"https:\/\/www.webdo.tn\/fr\/#\/schema\/logo\/image\/"},"sameAs":["https:\/\/www.facebook.com\/webdotn","https:\/\/x.com\/webdo_tn"],"description":"Webdo est un m\u00e9dia num\u00e9rique tunisien fond\u00e9 en 2010, sp\u00e9cialis\u00e9 dans l\u2019actualit\u00e9 nationale et internationale, l\u2019\u00e9conomie, la soci\u00e9t\u00e9 et les analyses politiques. Le site s\u2019adresse \u00e0 un large public francophone et couvre l\u2019information tunisienne en temps r\u00e9el.","email":"redac@webdo.tn","legalName":"YNJ SARL","foundingDate":"2010-09-06","numberOfEmployees":{"@type":"QuantitativeValue","minValue":"11","maxValue":"50"}},{"@type":"Person","@id":"https:\/\/www.webdo.tn\/fr\/#\/schema\/person\/f35b42a42c5e2511bbd282959d6385cc","name":"CL","image":{"@type":"ImageObject","inLanguage":"fr-FR","@id":"https:\/\/secure.gravatar.com\/avatar\/1447a49909b67aa657c488aec6512e1dd6143a480c1ecfee9b5b5cd74eb3b59e?s=96&d=mm&r=g","url":"https:\/\/secure.gravatar.com\/avatar\/1447a49909b67aa657c488aec6512e1dd6143a480c1ecfee9b5b5cd74eb3b59e?s=96&d=mm&r=g","contentUrl":"https:\/\/secure.gravatar.com\/avatar\/1447a49909b67aa657c488aec6512e1dd6143a480c1ecfee9b5b5cd74eb3b59e?s=96&d=mm&r=g","caption":"CL"},"url":"https:\/\/www.webdo.tn\/fr\/actualite\/author\/cl\/"}]}},"_links":{"self":[{"href":"https:\/\/www.webdo.tn\/fr\/wp-json\/wp\/v2\/posts\/212342","targetHints":{"allow":["GET"]}}],"collection":[{"href":"https:\/\/www.webdo.tn\/fr\/wp-json\/wp\/v2\/posts"}],"about":[{"href":"https:\/\/www.webdo.tn\/fr\/wp-json\/wp\/v2\/types\/post"}],"author":[{"embeddable":true,"href":"https:\/\/www.webdo.tn\/fr\/wp-json\/wp\/v2\/users\/3175"}],"replies":[{"embeddable":true,"href":"https:\/\/www.webdo.tn\/fr\/wp-json\/wp\/v2\/comments?post=212342"}],"version-history":[{"count":0,"href":"https:\/\/www.webdo.tn\/fr\/wp-json\/wp\/v2\/posts\/212342\/revisions"}],"wp:featuredmedia":[{"embeddable":true,"href":"https:\/\/www.webdo.tn\/fr\/wp-json\/wp\/v2\/media\/247995"}],"wp:attachment":[{"href":"https:\/\/www.webdo.tn\/fr\/wp-json\/wp\/v2\/media?parent=212342"}],"wp:term":[{"taxonomy":"category","embeddable":true,"href":"https:\/\/www.webdo.tn\/fr\/wp-json\/wp\/v2\/categories?post=212342"},{"taxonomy":"post_tag","embeddable":true,"href":"https:\/\/www.webdo.tn\/fr\/wp-json\/wp\/v2\/tags?post=212342"}],"curies":[{"name":"wp","href":"https:\/\/api.w.org\/{rel}","templated":true}]}}