{"id":212339,"date":"2024-02-16T08:49:00","date_gmt":"2024-02-16T08:49:00","guid":{"rendered":"https:\/\/www.webdo.tn\/fr\/blog\/treize-ans-apres-le-pere-marek-vit-dans-nos-memoires\/212339\/"},"modified":"2024-02-16T08:49:00","modified_gmt":"2024-02-16T08:49:00","slug":"treize-ans-apres-le-pere-marek-vit-dans-nos-memoires","status":"publish","type":"post","link":"https:\/\/www.webdo.tn\/fr\/actualite\/chroniques\/treize-ans-apres-le-pere-marek-vit-dans-nos-memoires\/212339\/","title":{"rendered":"Treize ans apr\u00e8s : Le p\u00e8re Marek vit dans nos m\u00e9moires"},"content":{"rendered":"<p>Chaque 17 f\u00e9vrier, nous nous souvenons du fr\u00e8re Marek, Sal\u00e9sien d&rsquo;origine polonaise, assassin\u00e9 pour des motifs crapuleux par un \u00e9gar\u00e9 qui purge aujourd&rsquo;hui une peine \u00e0 perp\u00e9tuit\u00e9.<\/p>\n<p>\t\t\t\t\t\t\t\t\tDans ce drame, le pardon est de mise et il n&rsquo;a jamais \u00e9t\u00e9 question de talion. La famille de Marek et ses fr\u00e8res sal\u00e9siens ont pardonn\u00e9, l&rsquo;Eglise a pardonn\u00e9 et le minist\u00e8re public a puni l&rsquo;auteur de ce meurtre ignoble.<\/p>\n<p>Treize ans apr\u00e8s son meurtre abominable, Marek est toujours pr\u00e9sent. Quant aux Sal\u00e9siens, congr\u00e9gation \u00e0 laquelle il appartenait, ils poursuivent leur mission en Tunisie avec des oeuvres qu&rsquo;ils m\u00e9nent \u00e0 la Manouba, Tunis et Menzel Bourguiba.<\/p>\n<p>Dans l&rsquo;adoration de Dieu et au service de son prochain, la communaut\u00e9 sal\u00e9sienne de Tunisie, comme nous tous, se souvient de Marek en ce jour anniversaire.<\/p>\n<p>Brutalement assassin\u00e9 le 17 f\u00e9vrier 2011, le p\u00e8re Marek \u00e9tait un religieux sal\u00e9sien de nationalit\u00e9 polonaise. D\u00e9vou\u00e9 \u00e0 la Tunisie o\u00f9 il vivait, le p\u00e8re Marek avait \u00e9t\u00e9 assassin\u00e9 \u00e0 l&rsquo;\u00e9cole o\u00f9 il enseignait et ce meurtre avait \u00e9t\u00e9 maquill\u00e9 en ex\u00e9cution selon le modus operandi islamiste.<\/p>\n<p>Cette terrible affaire avait \u00e9mu la Tunisie et fait le tour de la plan\u00e8te alors que la R\u00e9volution tunisienne prenait un tournant marqu\u00e9 par les m\u00e9faits du radicalisme islamiste.<\/p>\n<p>L&rsquo;enqu\u00eate diligent\u00e9e par les autorit\u00e9s d\u00e9montrera rapidement que le meurtrier \u00e9tait un ouvrier de l&rsquo;\u00e9cole o\u00f9 travaillait le p\u00e8re Marek. Le criminel avouera les faits et ce crime s&rsquo;av\u00e9rera crapuleux et motiv\u00e9 par l&rsquo;argent.<\/p>\n<p>Treize ans apr\u00e8s, la m\u00e9moire du p\u00e8re Marek continue \u00e0 \u00eatre honor\u00e9e par les Sal\u00e9siens, la communaut\u00e9 catholique et tous les Tunisiens. Ceux qui l&rsquo;ont connu gardent du p\u00e8re Marek l&rsquo;image d&rsquo;une personne qui se consacrait enti\u00e8rement \u00e0 sa mission, donnant toujours le meilleur de lui m\u00eame.<\/p>\n<p>Auteur de livres sur la Tunisie qu&rsquo;il aimait beaucoup, le p\u00e8re Marek \u00e9tait aussi un photographe tr\u00e8s subtil. Chaque ann\u00e9e, en f\u00e9vrier, sa m\u00e9moire est honor\u00e9e par ses nombreux amis et toutes les personnes de bonne volont\u00e9.<\/p>\n<p>Arrach\u00e9 \u00e0 la vie, il reste pr\u00e9sent dans nos m\u00e9moires et laisse le souvenir d&rsquo;un homme engag\u00e9, d\u00e9vou\u00e9 et fonci\u00e8rement ami de la Tunisie.<\/p>\n","protected":false},"excerpt":{"rendered":"<p>Cette terrible affaire avait \u00e9mu la Tunisie et fait le tour de la plan\u00e8te alors que la R\u00e9volution tunisienne prenait un tournant marqu\u00e9 par les m\u00e9faits du radic&#8230;<\/p>\n","protected":false},"author":3229,"featured_media":247993,"comment_status":"open","ping_status":"closed","sticky":false,"template":"","format":"standard","meta":{"footnotes":""},"categories":[2596],"tags":[3260,3984,2608],"class_list":["post-212339","post","type-post","status-publish","format-standard","has-post-thumbnail","hentry","category-chroniques","tag-assassinat","tag-pere-marek","tag-tunisie"],"yoast_head":"<!-- This site is optimized with the Yoast SEO Premium plugin v27.5 (Yoast SEO v27.5) - https:\/\/yoast.com\/product\/yoast-seo-premium-wordpress\/ -->\n<title>Treize ans apr\u00e8s : Le p\u00e8re Marek vit dans nos m\u00e9moires<\/title>\n<meta name=\"description\" content=\"Cette terrible affaire avait \u00e9mu la Tunisie et fait le tour de la plan\u00e8te alors que la R\u00e9volution tunisienne prenait un tournant marqu\u00e9 par les m\u00e9faits du radic...\" \/>\n<link rel=\"canonical\" href=\"https:\/\/www.webdo.tn\/fr\/actualite\/chroniques\/treize-ans-apres-le-pere-marek-vit-dans-nos-memoires\/212339\/\" \/>\n<meta property=\"og:locale\" content=\"fr_FR\" \/>\n<meta property=\"og:type\" content=\"article\" \/>\n<meta property=\"og:title\" content=\"Treize ans apr\u00e8s : Le p\u00e8re Marek vit dans nos m\u00e9moires\" \/>\n<meta property=\"og:description\" content=\"Cette terrible affaire avait \u00e9mu la Tunisie et fait le tour de la plan\u00e8te alors que la R\u00e9volution tunisienne prenait un tournant marqu\u00e9 par les m\u00e9faits du radic...\" \/>\n<meta property=\"og:url\" content=\"https:\/\/www.webdo.tn\/fr\/actualite\/chroniques\/treize-ans-apres-le-pere-marek-vit-dans-nos-memoires\/212339\/\" \/>\n<meta property=\"og:site_name\" content=\"webdo\" \/>\n<meta property=\"article:publisher\" content=\"https:\/\/www.facebook.com\/webdotn\" \/>\n<meta property=\"article:author\" content=\"https:\/\/www.facebook.com\/hatem.bourial.2025\" \/>\n<meta property=\"article:published_time\" content=\"2024-02-16T08:49:00+00:00\" \/>\n<meta property=\"og:image\" content=\"https:\/\/www.webdo.tn\/fr\/wp-content\/uploads\/2024\/02\/f8679ec81da224b5205d9c3ae14082d3.jpg\" \/>\n\t<meta property=\"og:image:width\" content=\"600\" \/>\n\t<meta property=\"og:image:height\" content=\"320\" \/>\n\t<meta property=\"og:image:type\" content=\"image\/jpeg\" \/>\n<meta name=\"author\" content=\"Hatem Bourial\" \/>\n<meta name=\"twitter:card\" content=\"summary_large_image\" \/>\n<meta name=\"twitter:creator\" content=\"@webdo_tn\" \/>\n<meta name=\"twitter:site\" content=\"@webdo_tn\" \/>\n<meta name=\"twitter:label1\" content=\"\u00c9crit par\" \/>\n\t<meta name=\"twitter:data1\" content=\"Hatem Bourial\" \/>\n\t<meta name=\"twitter:label2\" content=\"Dur\u00e9e de lecture estim\u00e9e\" \/>\n\t<meta name=\"twitter:data2\" content=\"2 minutes\" \/>\n<script type=\"application\/ld+json\" class=\"yoast-schema-graph\">{\"@context\":\"https:\\\/\\\/schema.org\",\"@graph\":[{\"@type\":\"NewsArticle\",\"@id\":\"https:\\\/\\\/www.webdo.tn\\\/fr\\\/actualite\\\/chroniques\\\/treize-ans-apres-le-pere-marek-vit-dans-nos-memoires\\\/212339\\\/#article\",\"isPartOf\":{\"@id\":\"https:\\\/\\\/www.webdo.tn\\\/fr\\\/actualite\\\/chroniques\\\/treize-ans-apres-le-pere-marek-vit-dans-nos-memoires\\\/212339\\\/\"},\"author\":{\"name\":\"Hatem Bourial\",\"@id\":\"https:\\\/\\\/www.webdo.tn\\\/fr\\\/#\\\/schema\\\/person\\\/6bc0beba2cd23aec27cb5df85ca2554f\"},\"headline\":\"Treize ans apr\u00e8s : Le p\u00e8re Marek vit dans nos m\u00e9moires\",\"datePublished\":\"2024-02-16T08:49:00+00:00\",\"mainEntityOfPage\":{\"@id\":\"https:\\\/\\\/www.webdo.tn\\\/fr\\\/actualite\\\/chroniques\\\/treize-ans-apres-le-pere-marek-vit-dans-nos-memoires\\\/212339\\\/\"},\"wordCount\":412,\"commentCount\":0,\"publisher\":{\"@id\":\"https:\\\/\\\/www.webdo.tn\\\/fr\\\/#organization\"},\"image\":{\"@id\":\"https:\\\/\\\/www.webdo.tn\\\/fr\\\/actualite\\\/chroniques\\\/treize-ans-apres-le-pere-marek-vit-dans-nos-memoires\\\/212339\\\/#primaryimage\"},\"thumbnailUrl\":\"https:\\\/\\\/www.webdo.tn\\\/fr\\\/wp-content\\\/uploads\\\/2024\\\/02\\\/f8679ec81da224b5205d9c3ae14082d3.jpg\",\"keywords\":[\"assassinat\",\"p\u00e8re Marek\",\"Tunisie\"],\"articleSection\":[\"Chroniques\"],\"inLanguage\":\"fr-FR\"},{\"@type\":\"WebPage\",\"@id\":\"https:\\\/\\\/www.webdo.tn\\\/fr\\\/actualite\\\/chroniques\\\/treize-ans-apres-le-pere-marek-vit-dans-nos-memoires\\\/212339\\\/\",\"url\":\"https:\\\/\\\/www.webdo.tn\\\/fr\\\/actualite\\\/chroniques\\\/treize-ans-apres-le-pere-marek-vit-dans-nos-memoires\\\/212339\\\/\",\"name\":\"Treize ans apr\u00e8s : Le p\u00e8re Marek vit dans nos m\u00e9moires\",\"isPartOf\":{\"@id\":\"https:\\\/\\\/www.webdo.tn\\\/fr\\\/#website\"},\"primaryImageOfPage\":{\"@id\":\"https:\\\/\\\/www.webdo.tn\\\/fr\\\/actualite\\\/chroniques\\\/treize-ans-apres-le-pere-marek-vit-dans-nos-memoires\\\/212339\\\/#primaryimage\"},\"image\":{\"@id\":\"https:\\\/\\\/www.webdo.tn\\\/fr\\\/actualite\\\/chroniques\\\/treize-ans-apres-le-pere-marek-vit-dans-nos-memoires\\\/212339\\\/#primaryimage\"},\"thumbnailUrl\":\"https:\\\/\\\/www.webdo.tn\\\/fr\\\/wp-content\\\/uploads\\\/2024\\\/02\\\/f8679ec81da224b5205d9c3ae14082d3.jpg\",\"datePublished\":\"2024-02-16T08:49:00+00:00\",\"description\":\"Cette terrible affaire avait \u00e9mu la Tunisie et fait le tour de la plan\u00e8te alors que la R\u00e9volution tunisienne prenait un tournant marqu\u00e9 par les m\u00e9faits du radic...\",\"breadcrumb\":{\"@id\":\"https:\\\/\\\/www.webdo.tn\\\/fr\\\/actualite\\\/chroniques\\\/treize-ans-apres-le-pere-marek-vit-dans-nos-memoires\\\/212339\\\/#breadcrumb\"},\"inLanguage\":\"fr-FR\",\"potentialAction\":[{\"@type\":\"ReadAction\",\"target\":[\"https:\\\/\\\/www.webdo.tn\\\/fr\\\/actualite\\\/chroniques\\\/treize-ans-apres-le-pere-marek-vit-dans-nos-memoires\\\/212339\\\/\"]}]},{\"@type\":\"ImageObject\",\"inLanguage\":\"fr-FR\",\"@id\":\"https:\\\/\\\/www.webdo.tn\\\/fr\\\/actualite\\\/chroniques\\\/treize-ans-apres-le-pere-marek-vit-dans-nos-memoires\\\/212339\\\/#primaryimage\",\"url\":\"https:\\\/\\\/www.webdo.tn\\\/fr\\\/wp-content\\\/uploads\\\/2024\\\/02\\\/f8679ec81da224b5205d9c3ae14082d3.jpg\",\"contentUrl\":\"https:\\\/\\\/www.webdo.tn\\\/fr\\\/wp-content\\\/uploads\\\/2024\\\/02\\\/f8679ec81da224b5205d9c3ae14082d3.jpg\",\"width\":600,\"height\":320,\"caption\":\"Treize ans apr\u00e8s : Le p\u00e8re Marek vit dans nos m\u00e9moires\"},{\"@type\":\"BreadcrumbList\",\"@id\":\"https:\\\/\\\/www.webdo.tn\\\/fr\\\/actualite\\\/chroniques\\\/treize-ans-apres-le-pere-marek-vit-dans-nos-memoires\\\/212339\\\/#breadcrumb\",\"itemListElement\":[{\"@type\":\"ListItem\",\"position\":1,\"name\":\"Accueil\",\"item\":\"https:\\\/\\\/www.webdo.tn\\\/fr\\\/\"},{\"@type\":\"ListItem\",\"position\":2,\"name\":\"Treize ans apr\u00e8s : Le p\u00e8re Marek vit dans nos m\u00e9moires\"}]},{\"@type\":\"WebSite\",\"@id\":\"https:\\\/\\\/www.webdo.tn\\\/fr\\\/#website\",\"url\":\"https:\\\/\\\/www.webdo.tn\\\/fr\\\/\",\"name\":\"webdo\",\"description\":\"Tunisie - News en Tunisie et \u00e0 l&#039;international sur Webdo.tn\",\"publisher\":{\"@id\":\"https:\\\/\\\/www.webdo.tn\\\/fr\\\/#organization\"},\"potentialAction\":[{\"@type\":\"SearchAction\",\"target\":{\"@type\":\"EntryPoint\",\"urlTemplate\":\"https:\\\/\\\/www.webdo.tn\\\/fr\\\/?s={search_term_string}\"},\"query-input\":{\"@type\":\"PropertyValueSpecification\",\"valueRequired\":true,\"valueName\":\"search_term_string\"}}],\"inLanguage\":\"fr-FR\"},{\"@type\":\"Organization\",\"@id\":\"https:\\\/\\\/www.webdo.tn\\\/fr\\\/#organization\",\"name\":\"Webdo\",\"alternateName\":\"Webdo.tn\",\"url\":\"https:\\\/\\\/www.webdo.tn\\\/fr\\\/\",\"logo\":{\"@type\":\"ImageObject\",\"inLanguage\":\"fr-FR\",\"@id\":\"https:\\\/\\\/www.webdo.tn\\\/fr\\\/#\\\/schema\\\/logo\\\/image\\\/\",\"url\":\"https:\\\/\\\/www.webdo.tn\\\/fr\\\/wp-content\\\/uploads\\\/2025\\\/06\\\/Webdo-Tunisie_168377.jpg\",\"contentUrl\":\"https:\\\/\\\/www.webdo.tn\\\/fr\\\/wp-content\\\/uploads\\\/2025\\\/06\\\/Webdo-Tunisie_168377.jpg\",\"width\":301,\"height\":301,\"caption\":\"Webdo\"},\"image\":{\"@id\":\"https:\\\/\\\/www.webdo.tn\\\/fr\\\/#\\\/schema\\\/logo\\\/image\\\/\"},\"sameAs\":[\"https:\\\/\\\/www.facebook.com\\\/webdotn\",\"https:\\\/\\\/x.com\\\/webdo_tn\"],\"description\":\"Webdo est un m\u00e9dia num\u00e9rique tunisien fond\u00e9 en 2010, sp\u00e9cialis\u00e9 dans l\u2019actualit\u00e9 nationale et internationale, l\u2019\u00e9conomie, la soci\u00e9t\u00e9 et les analyses politiques. Le site s\u2019adresse \u00e0 un large public francophone et couvre l\u2019information tunisienne en temps r\u00e9el.\",\"email\":\"redac@webdo.tn\",\"legalName\":\"YNJ SARL\",\"foundingDate\":\"2010-09-06\",\"numberOfEmployees\":{\"@type\":\"QuantitativeValue\",\"minValue\":\"11\",\"maxValue\":\"50\"}},{\"@type\":\"Person\",\"@id\":\"https:\\\/\\\/www.webdo.tn\\\/fr\\\/#\\\/schema\\\/person\\\/6bc0beba2cd23aec27cb5df85ca2554f\",\"name\":\"Hatem Bourial\",\"image\":{\"@type\":\"ImageObject\",\"inLanguage\":\"fr-FR\",\"@id\":\"https:\\\/\\\/www.webdo.tn\\\/fr\\\/wp-content\\\/uploads\\\/2026\\\/04\\\/hatem-bourial_avatar-96x96.jpg\",\"url\":\"https:\\\/\\\/www.webdo.tn\\\/fr\\\/wp-content\\\/uploads\\\/2026\\\/04\\\/hatem-bourial_avatar-96x96.jpg\",\"contentUrl\":\"https:\\\/\\\/www.webdo.tn\\\/fr\\\/wp-content\\\/uploads\\\/2026\\\/04\\\/hatem-bourial_avatar-96x96.jpg\",\"caption\":\"Hatem Bourial\"},\"description\":\"Hatem Bourial est journaliste, \u00e9crivain et chroniqueur tunisien. Actif depuis plusieurs d\u00e9cennies, il s\u2019est impos\u00e9 comme un observateur attentif de la soci\u00e9t\u00e9 tunisienne, m\u00ealant dans ses \u00e9crits m\u00e9moire, culture et analyse du quotidien. Auteur de nombreux ouvrages, il d\u00e9veloppe une \u0153uvre \u00e0 la crois\u00e9e du r\u00e9cit, de la po\u00e9sie et de l\u2019observation sociologique. Parall\u00e8lement \u00e0 ses contributions dans la presse, il intervient r\u00e9guli\u00e8rement \u00e0 la radio et dans des espaces culturels, o\u00f9 il explore les enjeux li\u00e9s au patrimoine, \u00e0 l\u2019identit\u00e9 et aux transformations du monde contemporain. \u00c0 travers ses chroniques, Hatem Bourial propose une lecture sensible et approfondie de l\u2019actualit\u00e9, nourrie par une exp\u00e9rience journalistique et litt\u00e9raire reconnue. \ud83d\udd17 Facebook : https:\\\/\\\/www.facebook.com\\\/hatem.bourial.2025\",\"sameAs\":[\"https:\\\/\\\/www.facebook.com\\\/hatem.bourial.2025\",\"https:\\\/\\\/fr.wikipedia.org\\\/wiki\\\/Fichier:Hatem_Bourial.jpg\"],\"knowsAbout\":[\"Culture & patrimoine tunisien\",\"Chronique soci\u00e9tale\",\"Litt\u00e9rature & m\u00e9moire\",\"Cin\u00e9ma & critique culturelle\",\"Identit\u00e9 & mutations sociales\"],\"knowsLanguage\":[\"Arabe\",\"Fran\u00e7ais\",\"Anglais\",\"Italien\",\"Polonais\"],\"jobTitle\":\"Journaliste, \u00e9crivain et chroniqueur culturel\",\"worksFor\":\"Webdo\",\"url\":\"https:\\\/\\\/www.webdo.tn\\\/fr\\\/actualite\\\/author\\\/hatem-bourial-2\\\/\"}]}<\/script>\n<!-- \/ Yoast SEO Premium plugin. -->","yoast_head_json":{"title":"Treize ans apr\u00e8s : Le p\u00e8re Marek vit dans nos m\u00e9moires","description":"Cette terrible affaire avait \u00e9mu la Tunisie et fait le tour de la plan\u00e8te alors que la R\u00e9volution tunisienne prenait un tournant marqu\u00e9 par les m\u00e9faits du radic...","canonical":"https:\/\/www.webdo.tn\/fr\/actualite\/chroniques\/treize-ans-apres-le-pere-marek-vit-dans-nos-memoires\/212339\/","og_locale":"fr_FR","og_type":"article","og_title":"Treize ans apr\u00e8s : Le p\u00e8re Marek vit dans nos m\u00e9moires","og_description":"Cette terrible affaire avait \u00e9mu la Tunisie et fait le tour de la plan\u00e8te alors que la R\u00e9volution tunisienne prenait un tournant marqu\u00e9 par les m\u00e9faits du radic...","og_url":"https:\/\/www.webdo.tn\/fr\/actualite\/chroniques\/treize-ans-apres-le-pere-marek-vit-dans-nos-memoires\/212339\/","og_site_name":"webdo","article_publisher":"https:\/\/www.facebook.com\/webdotn","article_author":"https:\/\/www.facebook.com\/hatem.bourial.2025","article_published_time":"2024-02-16T08:49:00+00:00","og_image":[{"width":600,"height":320,"url":"https:\/\/www.webdo.tn\/fr\/wp-content\/uploads\/2024\/02\/f8679ec81da224b5205d9c3ae14082d3.jpg","type":"image\/jpeg"}],"author":"Hatem Bourial","twitter_card":"summary_large_image","twitter_creator":"@webdo_tn","twitter_site":"@webdo_tn","twitter_misc":{"\u00c9crit par":"Hatem Bourial","Dur\u00e9e de lecture estim\u00e9e":"2 minutes"},"schema":{"@context":"https:\/\/schema.org","@graph":[{"@type":"NewsArticle","@id":"https:\/\/www.webdo.tn\/fr\/actualite\/chroniques\/treize-ans-apres-le-pere-marek-vit-dans-nos-memoires\/212339\/#article","isPartOf":{"@id":"https:\/\/www.webdo.tn\/fr\/actualite\/chroniques\/treize-ans-apres-le-pere-marek-vit-dans-nos-memoires\/212339\/"},"author":{"name":"Hatem Bourial","@id":"https:\/\/www.webdo.tn\/fr\/#\/schema\/person\/6bc0beba2cd23aec27cb5df85ca2554f"},"headline":"Treize ans apr\u00e8s : Le p\u00e8re Marek vit dans nos m\u00e9moires","datePublished":"2024-02-16T08:49:00+00:00","mainEntityOfPage":{"@id":"https:\/\/www.webdo.tn\/fr\/actualite\/chroniques\/treize-ans-apres-le-pere-marek-vit-dans-nos-memoires\/212339\/"},"wordCount":412,"commentCount":0,"publisher":{"@id":"https:\/\/www.webdo.tn\/fr\/#organization"},"image":{"@id":"https:\/\/www.webdo.tn\/fr\/actualite\/chroniques\/treize-ans-apres-le-pere-marek-vit-dans-nos-memoires\/212339\/#primaryimage"},"thumbnailUrl":"https:\/\/www.webdo.tn\/fr\/wp-content\/uploads\/2024\/02\/f8679ec81da224b5205d9c3ae14082d3.jpg","keywords":["assassinat","p\u00e8re Marek","Tunisie"],"articleSection":["Chroniques"],"inLanguage":"fr-FR"},{"@type":"WebPage","@id":"https:\/\/www.webdo.tn\/fr\/actualite\/chroniques\/treize-ans-apres-le-pere-marek-vit-dans-nos-memoires\/212339\/","url":"https:\/\/www.webdo.tn\/fr\/actualite\/chroniques\/treize-ans-apres-le-pere-marek-vit-dans-nos-memoires\/212339\/","name":"Treize ans apr\u00e8s : Le p\u00e8re Marek vit dans nos m\u00e9moires","isPartOf":{"@id":"https:\/\/www.webdo.tn\/fr\/#website"},"primaryImageOfPage":{"@id":"https:\/\/www.webdo.tn\/fr\/actualite\/chroniques\/treize-ans-apres-le-pere-marek-vit-dans-nos-memoires\/212339\/#primaryimage"},"image":{"@id":"https:\/\/www.webdo.tn\/fr\/actualite\/chroniques\/treize-ans-apres-le-pere-marek-vit-dans-nos-memoires\/212339\/#primaryimage"},"thumbnailUrl":"https:\/\/www.webdo.tn\/fr\/wp-content\/uploads\/2024\/02\/f8679ec81da224b5205d9c3ae14082d3.jpg","datePublished":"2024-02-16T08:49:00+00:00","description":"Cette terrible affaire avait \u00e9mu la Tunisie et fait le tour de la plan\u00e8te alors que la R\u00e9volution tunisienne prenait un tournant marqu\u00e9 par les m\u00e9faits du radic...","breadcrumb":{"@id":"https:\/\/www.webdo.tn\/fr\/actualite\/chroniques\/treize-ans-apres-le-pere-marek-vit-dans-nos-memoires\/212339\/#breadcrumb"},"inLanguage":"fr-FR","potentialAction":[{"@type":"ReadAction","target":["https:\/\/www.webdo.tn\/fr\/actualite\/chroniques\/treize-ans-apres-le-pere-marek-vit-dans-nos-memoires\/212339\/"]}]},{"@type":"ImageObject","inLanguage":"fr-FR","@id":"https:\/\/www.webdo.tn\/fr\/actualite\/chroniques\/treize-ans-apres-le-pere-marek-vit-dans-nos-memoires\/212339\/#primaryimage","url":"https:\/\/www.webdo.tn\/fr\/wp-content\/uploads\/2024\/02\/f8679ec81da224b5205d9c3ae14082d3.jpg","contentUrl":"https:\/\/www.webdo.tn\/fr\/wp-content\/uploads\/2024\/02\/f8679ec81da224b5205d9c3ae14082d3.jpg","width":600,"height":320,"caption":"Treize ans apr\u00e8s : Le p\u00e8re Marek vit dans nos m\u00e9moires"},{"@type":"BreadcrumbList","@id":"https:\/\/www.webdo.tn\/fr\/actualite\/chroniques\/treize-ans-apres-le-pere-marek-vit-dans-nos-memoires\/212339\/#breadcrumb","itemListElement":[{"@type":"ListItem","position":1,"name":"Accueil","item":"https:\/\/www.webdo.tn\/fr\/"},{"@type":"ListItem","position":2,"name":"Treize ans apr\u00e8s : Le p\u00e8re Marek vit dans nos m\u00e9moires"}]},{"@type":"WebSite","@id":"https:\/\/www.webdo.tn\/fr\/#website","url":"https:\/\/www.webdo.tn\/fr\/","name":"webdo","description":"Tunisie - News en Tunisie et \u00e0 l&#039;international sur Webdo.tn","publisher":{"@id":"https:\/\/www.webdo.tn\/fr\/#organization"},"potentialAction":[{"@type":"SearchAction","target":{"@type":"EntryPoint","urlTemplate":"https:\/\/www.webdo.tn\/fr\/?s={search_term_string}"},"query-input":{"@type":"PropertyValueSpecification","valueRequired":true,"valueName":"search_term_string"}}],"inLanguage":"fr-FR"},{"@type":"Organization","@id":"https:\/\/www.webdo.tn\/fr\/#organization","name":"Webdo","alternateName":"Webdo.tn","url":"https:\/\/www.webdo.tn\/fr\/","logo":{"@type":"ImageObject","inLanguage":"fr-FR","@id":"https:\/\/www.webdo.tn\/fr\/#\/schema\/logo\/image\/","url":"https:\/\/www.webdo.tn\/fr\/wp-content\/uploads\/2025\/06\/Webdo-Tunisie_168377.jpg","contentUrl":"https:\/\/www.webdo.tn\/fr\/wp-content\/uploads\/2025\/06\/Webdo-Tunisie_168377.jpg","width":301,"height":301,"caption":"Webdo"},"image":{"@id":"https:\/\/www.webdo.tn\/fr\/#\/schema\/logo\/image\/"},"sameAs":["https:\/\/www.facebook.com\/webdotn","https:\/\/x.com\/webdo_tn"],"description":"Webdo est un m\u00e9dia num\u00e9rique tunisien fond\u00e9 en 2010, sp\u00e9cialis\u00e9 dans l\u2019actualit\u00e9 nationale et internationale, l\u2019\u00e9conomie, la soci\u00e9t\u00e9 et les analyses politiques. Le site s\u2019adresse \u00e0 un large public francophone et couvre l\u2019information tunisienne en temps r\u00e9el.","email":"redac@webdo.tn","legalName":"YNJ SARL","foundingDate":"2010-09-06","numberOfEmployees":{"@type":"QuantitativeValue","minValue":"11","maxValue":"50"}},{"@type":"Person","@id":"https:\/\/www.webdo.tn\/fr\/#\/schema\/person\/6bc0beba2cd23aec27cb5df85ca2554f","name":"Hatem Bourial","image":{"@type":"ImageObject","inLanguage":"fr-FR","@id":"https:\/\/www.webdo.tn\/fr\/wp-content\/uploads\/2026\/04\/hatem-bourial_avatar-96x96.jpg","url":"https:\/\/www.webdo.tn\/fr\/wp-content\/uploads\/2026\/04\/hatem-bourial_avatar-96x96.jpg","contentUrl":"https:\/\/www.webdo.tn\/fr\/wp-content\/uploads\/2026\/04\/hatem-bourial_avatar-96x96.jpg","caption":"Hatem Bourial"},"description":"Hatem Bourial est journaliste, \u00e9crivain et chroniqueur tunisien. Actif depuis plusieurs d\u00e9cennies, il s\u2019est impos\u00e9 comme un observateur attentif de la soci\u00e9t\u00e9 tunisienne, m\u00ealant dans ses \u00e9crits m\u00e9moire, culture et analyse du quotidien. Auteur de nombreux ouvrages, il d\u00e9veloppe une \u0153uvre \u00e0 la crois\u00e9e du r\u00e9cit, de la po\u00e9sie et de l\u2019observation sociologique. Parall\u00e8lement \u00e0 ses contributions dans la presse, il intervient r\u00e9guli\u00e8rement \u00e0 la radio et dans des espaces culturels, o\u00f9 il explore les enjeux li\u00e9s au patrimoine, \u00e0 l\u2019identit\u00e9 et aux transformations du monde contemporain. \u00c0 travers ses chroniques, Hatem Bourial propose une lecture sensible et approfondie de l\u2019actualit\u00e9, nourrie par une exp\u00e9rience journalistique et litt\u00e9raire reconnue. \ud83d\udd17 Facebook : https:\/\/www.facebook.com\/hatem.bourial.2025","sameAs":["https:\/\/www.facebook.com\/hatem.bourial.2025","https:\/\/fr.wikipedia.org\/wiki\/Fichier:Hatem_Bourial.jpg"],"knowsAbout":["Culture & patrimoine tunisien","Chronique soci\u00e9tale","Litt\u00e9rature & m\u00e9moire","Cin\u00e9ma & critique culturelle","Identit\u00e9 & mutations sociales"],"knowsLanguage":["Arabe","Fran\u00e7ais","Anglais","Italien","Polonais"],"jobTitle":"Journaliste, \u00e9crivain et chroniqueur culturel","worksFor":"Webdo","url":"https:\/\/www.webdo.tn\/fr\/actualite\/author\/hatem-bourial-2\/"}]}},"_links":{"self":[{"href":"https:\/\/www.webdo.tn\/fr\/wp-json\/wp\/v2\/posts\/212339","targetHints":{"allow":["GET"]}}],"collection":[{"href":"https:\/\/www.webdo.tn\/fr\/wp-json\/wp\/v2\/posts"}],"about":[{"href":"https:\/\/www.webdo.tn\/fr\/wp-json\/wp\/v2\/types\/post"}],"author":[{"embeddable":true,"href":"https:\/\/www.webdo.tn\/fr\/wp-json\/wp\/v2\/users\/3229"}],"replies":[{"embeddable":true,"href":"https:\/\/www.webdo.tn\/fr\/wp-json\/wp\/v2\/comments?post=212339"}],"version-history":[{"count":0,"href":"https:\/\/www.webdo.tn\/fr\/wp-json\/wp\/v2\/posts\/212339\/revisions"}],"wp:featuredmedia":[{"embeddable":true,"href":"https:\/\/www.webdo.tn\/fr\/wp-json\/wp\/v2\/media\/247993"}],"wp:attachment":[{"href":"https:\/\/www.webdo.tn\/fr\/wp-json\/wp\/v2\/media?parent=212339"}],"wp:term":[{"taxonomy":"category","embeddable":true,"href":"https:\/\/www.webdo.tn\/fr\/wp-json\/wp\/v2\/categories?post=212339"},{"taxonomy":"post_tag","embeddable":true,"href":"https:\/\/www.webdo.tn\/fr\/wp-json\/wp\/v2\/tags?post=212339"}],"curies":[{"name":"wp","href":"https:\/\/api.w.org\/{rel}","templated":true}]}}