{"id":212334,"date":"2024-02-16T00:00:00","date_gmt":"2024-02-16T00:00:00","guid":{"rendered":"https:\/\/www.webdo.tn\/fr\/blog\/detention-prolongee-pour-sanki-assoudi\/212334\/"},"modified":"2025-05-20T22:55:24","modified_gmt":"2025-05-20T22:55:24","slug":"detention-prolongee-pour-sanki-assoudi","status":"publish","type":"post","link":"https:\/\/www.webdo.tn\/fr\/actualite\/national\/detention-prolongee-pour-sanki-assoudi\/212334\/","title":{"rendered":"Tunisie : D\u00e9tention prolong\u00e9e pour Sanki Assoudi"},"content":{"rendered":"<p>Le juge d\u2019instruction pr\u00e8s le Tribunal de premi\u00e8re instance de Tunis a d\u00e9cid\u00e9 de proroger la d\u00e9tention provisoire du secr\u00e9taire g\u00e9n\u00e9ral de l\u2019Union r\u00e9gionale de Kasserine (URTT), Sanki Assoudi.<\/p>\n<p>\t\t\t\t\t\t\t\t\tC\u2019est ce qu\u2019a annonc\u00e9, ce jeudi, Ridha Smaali, membre du bureau ex\u00e9cutif de l\u2019URTT \u00e0 Kasserine, indiquant que le comit\u00e9 de d\u00e9fense de Sanki Assoudi a d\u00e9pos\u00e9 une demande de lib\u00e9ration aupr\u00e8s du procureur.<\/p>\n<p>Arr\u00eat\u00e9 le 6 f\u00e9vrier dernier, Assoudi fait l&rsquo;objet d&rsquo;un mandat de d\u00e9p\u00f4t pour avoir falsifi\u00e9 ses dipl\u00f4mes pour \u00eatre promu chef de service au sein la Soci\u00e9t\u00e9 nationale de cellulose et de papier Alfa (SNCPA).<\/p>\n","protected":false},"excerpt":{"rendered":"<p>Le comit\u00e9 de d\u00e9fense de Sanki Assoudi a d\u00e9pos\u00e9 une demande de lib\u00e9ration aupr\u00e8s du procureur.<\/p>\n","protected":false},"author":3182,"featured_media":247990,"comment_status":"open","ping_status":"closed","sticky":false,"template":"","format":"standard","meta":{"footnotes":""},"categories":[44],"tags":[3286,4002,2619,2608,6994],"class_list":["post-212334","post","type-post","status-publish","format-standard","has-post-thumbnail","hentry","category-national","tag-detention","tag-falsification","tag-justice","tag-tunisie","tag-urtt"],"yoast_head":"<!-- This site is optimized with the Yoast SEO Premium plugin v27.4 (Yoast SEO v27.5) - https:\/\/yoast.com\/product\/yoast-seo-premium-wordpress\/ -->\n<title>Tunisie : D\u00e9tention prolong\u00e9e pour Sanki Assoudi<\/title>\n<meta name=\"description\" content=\"Le comit\u00e9 de d\u00e9fense de Sanki Assoudi a d\u00e9pos\u00e9 une demande de lib\u00e9ration aupr\u00e8s du procureur.\" \/>\n<link rel=\"canonical\" href=\"https:\/\/www.webdo.tn\/fr\/actualite\/national\/detention-prolongee-pour-sanki-assoudi\/212334\/\" \/>\n<meta property=\"og:locale\" content=\"fr_FR\" \/>\n<meta property=\"og:type\" content=\"article\" \/>\n<meta property=\"og:title\" content=\"Tunisie : D\u00e9tention prolong\u00e9e pour Sanki Assoudi\" \/>\n<meta property=\"og:description\" content=\"Le comit\u00e9 de d\u00e9fense de Sanki Assoudi a d\u00e9pos\u00e9 une demande de lib\u00e9ration aupr\u00e8s du procureur.\" \/>\n<meta property=\"og:url\" content=\"https:\/\/www.webdo.tn\/fr\/actualite\/national\/detention-prolongee-pour-sanki-assoudi\/212334\/\" \/>\n<meta property=\"og:site_name\" content=\"webdo\" \/>\n<meta property=\"article:publisher\" content=\"https:\/\/www.facebook.com\/webdotn\" \/>\n<meta property=\"article:published_time\" content=\"2024-02-16T00:00:00+00:00\" \/>\n<meta property=\"article:modified_time\" content=\"2025-05-20T22:55:24+00:00\" \/>\n<meta property=\"og:image\" content=\"https:\/\/www.webdo.tn\/fr\/wp-content\/uploads\/2024\/02\/e4bf39d0477f79c6b2f843e0c7e58afa.jpg\" \/>\n\t<meta property=\"og:image:width\" content=\"750\" \/>\n\t<meta property=\"og:image:height\" content=\"400\" \/>\n\t<meta property=\"og:image:type\" content=\"image\/jpeg\" \/>\n<meta name=\"author\" content=\"WB\" \/>\n<meta name=\"twitter:card\" content=\"summary_large_image\" \/>\n<meta name=\"twitter:creator\" content=\"@webdo_tn\" \/>\n<meta name=\"twitter:site\" content=\"@webdo_tn\" \/>\n<meta name=\"twitter:label1\" content=\"\u00c9crit par\" \/>\n\t<meta name=\"twitter:data1\" content=\"WB\" \/>\n\t<meta name=\"twitter:label2\" content=\"Dur\u00e9e de lecture estim\u00e9e\" \/>\n\t<meta name=\"twitter:data2\" content=\"1 minute\" \/>\n<script type=\"application\/ld+json\" class=\"yoast-schema-graph\">{\"@context\":\"https:\\\/\\\/schema.org\",\"@graph\":[{\"@type\":\"NewsArticle\",\"@id\":\"https:\\\/\\\/www.webdo.tn\\\/fr\\\/actualite\\\/national\\\/detention-prolongee-pour-sanki-assoudi\\\/212334\\\/#article\",\"isPartOf\":{\"@id\":\"https:\\\/\\\/www.webdo.tn\\\/fr\\\/actualite\\\/national\\\/detention-prolongee-pour-sanki-assoudi\\\/212334\\\/\"},\"author\":{\"name\":\"WB\",\"@id\":\"https:\\\/\\\/www.webdo.tn\\\/fr\\\/#\\\/schema\\\/person\\\/f16bf91e3b3c6347371884777659f9d8\"},\"headline\":\"Tunisie : D\u00e9tention prolong\u00e9e pour Sanki Assoudi\",\"datePublished\":\"2024-02-16T00:00:00+00:00\",\"dateModified\":\"2025-05-20T22:55:24+00:00\",\"mainEntityOfPage\":{\"@id\":\"https:\\\/\\\/www.webdo.tn\\\/fr\\\/actualite\\\/national\\\/detention-prolongee-pour-sanki-assoudi\\\/212334\\\/\"},\"wordCount\":130,\"commentCount\":0,\"publisher\":{\"@id\":\"https:\\\/\\\/www.webdo.tn\\\/fr\\\/#organization\"},\"image\":{\"@id\":\"https:\\\/\\\/www.webdo.tn\\\/fr\\\/actualite\\\/national\\\/detention-prolongee-pour-sanki-assoudi\\\/212334\\\/#primaryimage\"},\"thumbnailUrl\":\"https:\\\/\\\/www.webdo.tn\\\/fr\\\/wp-content\\\/uploads\\\/2024\\\/02\\\/e4bf39d0477f79c6b2f843e0c7e58afa.jpg\",\"keywords\":[\"d\u00e9tention\",\"falsification\",\"justice\",\"Tunisie\",\"URTT\"],\"articleSection\":[\"National\"],\"inLanguage\":\"fr-FR\"},{\"@type\":\"WebPage\",\"@id\":\"https:\\\/\\\/www.webdo.tn\\\/fr\\\/actualite\\\/national\\\/detention-prolongee-pour-sanki-assoudi\\\/212334\\\/\",\"url\":\"https:\\\/\\\/www.webdo.tn\\\/fr\\\/actualite\\\/national\\\/detention-prolongee-pour-sanki-assoudi\\\/212334\\\/\",\"name\":\"Tunisie : D\u00e9tention prolong\u00e9e pour Sanki Assoudi\",\"isPartOf\":{\"@id\":\"https:\\\/\\\/www.webdo.tn\\\/fr\\\/#website\"},\"primaryImageOfPage\":{\"@id\":\"https:\\\/\\\/www.webdo.tn\\\/fr\\\/actualite\\\/national\\\/detention-prolongee-pour-sanki-assoudi\\\/212334\\\/#primaryimage\"},\"image\":{\"@id\":\"https:\\\/\\\/www.webdo.tn\\\/fr\\\/actualite\\\/national\\\/detention-prolongee-pour-sanki-assoudi\\\/212334\\\/#primaryimage\"},\"thumbnailUrl\":\"https:\\\/\\\/www.webdo.tn\\\/fr\\\/wp-content\\\/uploads\\\/2024\\\/02\\\/e4bf39d0477f79c6b2f843e0c7e58afa.jpg\",\"datePublished\":\"2024-02-16T00:00:00+00:00\",\"dateModified\":\"2025-05-20T22:55:24+00:00\",\"description\":\"Le comit\u00e9 de d\u00e9fense de Sanki Assoudi a d\u00e9pos\u00e9 une demande de lib\u00e9ration aupr\u00e8s du procureur.\",\"breadcrumb\":{\"@id\":\"https:\\\/\\\/www.webdo.tn\\\/fr\\\/actualite\\\/national\\\/detention-prolongee-pour-sanki-assoudi\\\/212334\\\/#breadcrumb\"},\"inLanguage\":\"fr-FR\",\"potentialAction\":[{\"@type\":\"ReadAction\",\"target\":[\"https:\\\/\\\/www.webdo.tn\\\/fr\\\/actualite\\\/national\\\/detention-prolongee-pour-sanki-assoudi\\\/212334\\\/\"]}]},{\"@type\":\"ImageObject\",\"inLanguage\":\"fr-FR\",\"@id\":\"https:\\\/\\\/www.webdo.tn\\\/fr\\\/actualite\\\/national\\\/detention-prolongee-pour-sanki-assoudi\\\/212334\\\/#primaryimage\",\"url\":\"https:\\\/\\\/www.webdo.tn\\\/fr\\\/wp-content\\\/uploads\\\/2024\\\/02\\\/e4bf39d0477f79c6b2f843e0c7e58afa.jpg\",\"contentUrl\":\"https:\\\/\\\/www.webdo.tn\\\/fr\\\/wp-content\\\/uploads\\\/2024\\\/02\\\/e4bf39d0477f79c6b2f843e0c7e58afa.jpg\",\"width\":750,\"height\":400,\"caption\":\"urtt\"},{\"@type\":\"BreadcrumbList\",\"@id\":\"https:\\\/\\\/www.webdo.tn\\\/fr\\\/actualite\\\/national\\\/detention-prolongee-pour-sanki-assoudi\\\/212334\\\/#breadcrumb\",\"itemListElement\":[{\"@type\":\"ListItem\",\"position\":1,\"name\":\"Accueil\",\"item\":\"https:\\\/\\\/www.webdo.tn\\\/fr\\\/\"},{\"@type\":\"ListItem\",\"position\":2,\"name\":\"Tunisie : D\u00e9tention prolong\u00e9e pour Sanki Assoudi\"}]},{\"@type\":\"WebSite\",\"@id\":\"https:\\\/\\\/www.webdo.tn\\\/fr\\\/#website\",\"url\":\"https:\\\/\\\/www.webdo.tn\\\/fr\\\/\",\"name\":\"webdo\",\"description\":\"Tunisie - News en Tunisie et \u00e0 l&#039;international sur Webdo.tn\",\"publisher\":{\"@id\":\"https:\\\/\\\/www.webdo.tn\\\/fr\\\/#organization\"},\"potentialAction\":[{\"@type\":\"SearchAction\",\"target\":{\"@type\":\"EntryPoint\",\"urlTemplate\":\"https:\\\/\\\/www.webdo.tn\\\/fr\\\/?s={search_term_string}\"},\"query-input\":{\"@type\":\"PropertyValueSpecification\",\"valueRequired\":true,\"valueName\":\"search_term_string\"}}],\"inLanguage\":\"fr-FR\"},{\"@type\":\"Organization\",\"@id\":\"https:\\\/\\\/www.webdo.tn\\\/fr\\\/#organization\",\"name\":\"Webdo\",\"alternateName\":\"Webdo.tn\",\"url\":\"https:\\\/\\\/www.webdo.tn\\\/fr\\\/\",\"logo\":{\"@type\":\"ImageObject\",\"inLanguage\":\"fr-FR\",\"@id\":\"https:\\\/\\\/www.webdo.tn\\\/fr\\\/#\\\/schema\\\/logo\\\/image\\\/\",\"url\":\"https:\\\/\\\/www.webdo.tn\\\/fr\\\/wp-content\\\/uploads\\\/2025\\\/06\\\/Webdo-Tunisie_168377.jpg\",\"contentUrl\":\"https:\\\/\\\/www.webdo.tn\\\/fr\\\/wp-content\\\/uploads\\\/2025\\\/06\\\/Webdo-Tunisie_168377.jpg\",\"width\":301,\"height\":301,\"caption\":\"Webdo\"},\"image\":{\"@id\":\"https:\\\/\\\/www.webdo.tn\\\/fr\\\/#\\\/schema\\\/logo\\\/image\\\/\"},\"sameAs\":[\"https:\\\/\\\/www.facebook.com\\\/webdotn\",\"https:\\\/\\\/x.com\\\/webdo_tn\"],\"description\":\"Webdo est un m\u00e9dia num\u00e9rique tunisien fond\u00e9 en 2010, sp\u00e9cialis\u00e9 dans l\u2019actualit\u00e9 nationale et internationale, l\u2019\u00e9conomie, la soci\u00e9t\u00e9 et les analyses politiques. Le site s\u2019adresse \u00e0 un large public francophone et couvre l\u2019information tunisienne en temps r\u00e9el.\",\"email\":\"redac@webdo.tn\",\"legalName\":\"YNJ SARL\",\"foundingDate\":\"2010-09-06\",\"numberOfEmployees\":{\"@type\":\"QuantitativeValue\",\"minValue\":\"11\",\"maxValue\":\"50\"}},{\"@type\":\"Person\",\"@id\":\"https:\\\/\\\/www.webdo.tn\\\/fr\\\/#\\\/schema\\\/person\\\/f16bf91e3b3c6347371884777659f9d8\",\"name\":\"WB\",\"image\":{\"@type\":\"ImageObject\",\"inLanguage\":\"fr-FR\",\"@id\":\"https:\\\/\\\/secure.gravatar.com\\\/avatar\\\/fd3caf00dbfd4b6d6ce43e8ea4748ed2e4d0fae2c3a87c1e2f6ba0a54c3ab5cb?s=96&d=mm&r=g\",\"url\":\"https:\\\/\\\/secure.gravatar.com\\\/avatar\\\/fd3caf00dbfd4b6d6ce43e8ea4748ed2e4d0fae2c3a87c1e2f6ba0a54c3ab5cb?s=96&d=mm&r=g\",\"contentUrl\":\"https:\\\/\\\/secure.gravatar.com\\\/avatar\\\/fd3caf00dbfd4b6d6ce43e8ea4748ed2e4d0fae2c3a87c1e2f6ba0a54c3ab5cb?s=96&d=mm&r=g\",\"caption\":\"WB\"},\"url\":\"https:\\\/\\\/www.webdo.tn\\\/fr\\\/actualite\\\/author\\\/wb\\\/\"}]}<\/script>\n<!-- \/ Yoast SEO Premium plugin. -->","yoast_head_json":{"title":"Tunisie : D\u00e9tention prolong\u00e9e pour Sanki Assoudi","description":"Le comit\u00e9 de d\u00e9fense de Sanki Assoudi a d\u00e9pos\u00e9 une demande de lib\u00e9ration aupr\u00e8s du procureur.","canonical":"https:\/\/www.webdo.tn\/fr\/actualite\/national\/detention-prolongee-pour-sanki-assoudi\/212334\/","og_locale":"fr_FR","og_type":"article","og_title":"Tunisie : D\u00e9tention prolong\u00e9e pour Sanki Assoudi","og_description":"Le comit\u00e9 de d\u00e9fense de Sanki Assoudi a d\u00e9pos\u00e9 une demande de lib\u00e9ration aupr\u00e8s du procureur.","og_url":"https:\/\/www.webdo.tn\/fr\/actualite\/national\/detention-prolongee-pour-sanki-assoudi\/212334\/","og_site_name":"webdo","article_publisher":"https:\/\/www.facebook.com\/webdotn","article_published_time":"2024-02-16T00:00:00+00:00","article_modified_time":"2025-05-20T22:55:24+00:00","og_image":[{"width":750,"height":400,"url":"https:\/\/www.webdo.tn\/fr\/wp-content\/uploads\/2024\/02\/e4bf39d0477f79c6b2f843e0c7e58afa.jpg","type":"image\/jpeg"}],"author":"WB","twitter_card":"summary_large_image","twitter_creator":"@webdo_tn","twitter_site":"@webdo_tn","twitter_misc":{"\u00c9crit par":"WB","Dur\u00e9e de lecture estim\u00e9e":"1 minute"},"schema":{"@context":"https:\/\/schema.org","@graph":[{"@type":"NewsArticle","@id":"https:\/\/www.webdo.tn\/fr\/actualite\/national\/detention-prolongee-pour-sanki-assoudi\/212334\/#article","isPartOf":{"@id":"https:\/\/www.webdo.tn\/fr\/actualite\/national\/detention-prolongee-pour-sanki-assoudi\/212334\/"},"author":{"name":"WB","@id":"https:\/\/www.webdo.tn\/fr\/#\/schema\/person\/f16bf91e3b3c6347371884777659f9d8"},"headline":"Tunisie : D\u00e9tention prolong\u00e9e pour Sanki Assoudi","datePublished":"2024-02-16T00:00:00+00:00","dateModified":"2025-05-20T22:55:24+00:00","mainEntityOfPage":{"@id":"https:\/\/www.webdo.tn\/fr\/actualite\/national\/detention-prolongee-pour-sanki-assoudi\/212334\/"},"wordCount":130,"commentCount":0,"publisher":{"@id":"https:\/\/www.webdo.tn\/fr\/#organization"},"image":{"@id":"https:\/\/www.webdo.tn\/fr\/actualite\/national\/detention-prolongee-pour-sanki-assoudi\/212334\/#primaryimage"},"thumbnailUrl":"https:\/\/www.webdo.tn\/fr\/wp-content\/uploads\/2024\/02\/e4bf39d0477f79c6b2f843e0c7e58afa.jpg","keywords":["d\u00e9tention","falsification","justice","Tunisie","URTT"],"articleSection":["National"],"inLanguage":"fr-FR"},{"@type":"WebPage","@id":"https:\/\/www.webdo.tn\/fr\/actualite\/national\/detention-prolongee-pour-sanki-assoudi\/212334\/","url":"https:\/\/www.webdo.tn\/fr\/actualite\/national\/detention-prolongee-pour-sanki-assoudi\/212334\/","name":"Tunisie : D\u00e9tention prolong\u00e9e pour Sanki Assoudi","isPartOf":{"@id":"https:\/\/www.webdo.tn\/fr\/#website"},"primaryImageOfPage":{"@id":"https:\/\/www.webdo.tn\/fr\/actualite\/national\/detention-prolongee-pour-sanki-assoudi\/212334\/#primaryimage"},"image":{"@id":"https:\/\/www.webdo.tn\/fr\/actualite\/national\/detention-prolongee-pour-sanki-assoudi\/212334\/#primaryimage"},"thumbnailUrl":"https:\/\/www.webdo.tn\/fr\/wp-content\/uploads\/2024\/02\/e4bf39d0477f79c6b2f843e0c7e58afa.jpg","datePublished":"2024-02-16T00:00:00+00:00","dateModified":"2025-05-20T22:55:24+00:00","description":"Le comit\u00e9 de d\u00e9fense de Sanki Assoudi a d\u00e9pos\u00e9 une demande de lib\u00e9ration aupr\u00e8s du procureur.","breadcrumb":{"@id":"https:\/\/www.webdo.tn\/fr\/actualite\/national\/detention-prolongee-pour-sanki-assoudi\/212334\/#breadcrumb"},"inLanguage":"fr-FR","potentialAction":[{"@type":"ReadAction","target":["https:\/\/www.webdo.tn\/fr\/actualite\/national\/detention-prolongee-pour-sanki-assoudi\/212334\/"]}]},{"@type":"ImageObject","inLanguage":"fr-FR","@id":"https:\/\/www.webdo.tn\/fr\/actualite\/national\/detention-prolongee-pour-sanki-assoudi\/212334\/#primaryimage","url":"https:\/\/www.webdo.tn\/fr\/wp-content\/uploads\/2024\/02\/e4bf39d0477f79c6b2f843e0c7e58afa.jpg","contentUrl":"https:\/\/www.webdo.tn\/fr\/wp-content\/uploads\/2024\/02\/e4bf39d0477f79c6b2f843e0c7e58afa.jpg","width":750,"height":400,"caption":"urtt"},{"@type":"BreadcrumbList","@id":"https:\/\/www.webdo.tn\/fr\/actualite\/national\/detention-prolongee-pour-sanki-assoudi\/212334\/#breadcrumb","itemListElement":[{"@type":"ListItem","position":1,"name":"Accueil","item":"https:\/\/www.webdo.tn\/fr\/"},{"@type":"ListItem","position":2,"name":"Tunisie : D\u00e9tention prolong\u00e9e pour Sanki Assoudi"}]},{"@type":"WebSite","@id":"https:\/\/www.webdo.tn\/fr\/#website","url":"https:\/\/www.webdo.tn\/fr\/","name":"webdo","description":"Tunisie - News en Tunisie et \u00e0 l&#039;international sur Webdo.tn","publisher":{"@id":"https:\/\/www.webdo.tn\/fr\/#organization"},"potentialAction":[{"@type":"SearchAction","target":{"@type":"EntryPoint","urlTemplate":"https:\/\/www.webdo.tn\/fr\/?s={search_term_string}"},"query-input":{"@type":"PropertyValueSpecification","valueRequired":true,"valueName":"search_term_string"}}],"inLanguage":"fr-FR"},{"@type":"Organization","@id":"https:\/\/www.webdo.tn\/fr\/#organization","name":"Webdo","alternateName":"Webdo.tn","url":"https:\/\/www.webdo.tn\/fr\/","logo":{"@type":"ImageObject","inLanguage":"fr-FR","@id":"https:\/\/www.webdo.tn\/fr\/#\/schema\/logo\/image\/","url":"https:\/\/www.webdo.tn\/fr\/wp-content\/uploads\/2025\/06\/Webdo-Tunisie_168377.jpg","contentUrl":"https:\/\/www.webdo.tn\/fr\/wp-content\/uploads\/2025\/06\/Webdo-Tunisie_168377.jpg","width":301,"height":301,"caption":"Webdo"},"image":{"@id":"https:\/\/www.webdo.tn\/fr\/#\/schema\/logo\/image\/"},"sameAs":["https:\/\/www.facebook.com\/webdotn","https:\/\/x.com\/webdo_tn"],"description":"Webdo est un m\u00e9dia num\u00e9rique tunisien fond\u00e9 en 2010, sp\u00e9cialis\u00e9 dans l\u2019actualit\u00e9 nationale et internationale, l\u2019\u00e9conomie, la soci\u00e9t\u00e9 et les analyses politiques. Le site s\u2019adresse \u00e0 un large public francophone et couvre l\u2019information tunisienne en temps r\u00e9el.","email":"redac@webdo.tn","legalName":"YNJ SARL","foundingDate":"2010-09-06","numberOfEmployees":{"@type":"QuantitativeValue","minValue":"11","maxValue":"50"}},{"@type":"Person","@id":"https:\/\/www.webdo.tn\/fr\/#\/schema\/person\/f16bf91e3b3c6347371884777659f9d8","name":"WB","image":{"@type":"ImageObject","inLanguage":"fr-FR","@id":"https:\/\/secure.gravatar.com\/avatar\/fd3caf00dbfd4b6d6ce43e8ea4748ed2e4d0fae2c3a87c1e2f6ba0a54c3ab5cb?s=96&d=mm&r=g","url":"https:\/\/secure.gravatar.com\/avatar\/fd3caf00dbfd4b6d6ce43e8ea4748ed2e4d0fae2c3a87c1e2f6ba0a54c3ab5cb?s=96&d=mm&r=g","contentUrl":"https:\/\/secure.gravatar.com\/avatar\/fd3caf00dbfd4b6d6ce43e8ea4748ed2e4d0fae2c3a87c1e2f6ba0a54c3ab5cb?s=96&d=mm&r=g","caption":"WB"},"url":"https:\/\/www.webdo.tn\/fr\/actualite\/author\/wb\/"}]}},"_links":{"self":[{"href":"https:\/\/www.webdo.tn\/fr\/wp-json\/wp\/v2\/posts\/212334","targetHints":{"allow":["GET"]}}],"collection":[{"href":"https:\/\/www.webdo.tn\/fr\/wp-json\/wp\/v2\/posts"}],"about":[{"href":"https:\/\/www.webdo.tn\/fr\/wp-json\/wp\/v2\/types\/post"}],"author":[{"embeddable":true,"href":"https:\/\/www.webdo.tn\/fr\/wp-json\/wp\/v2\/users\/3182"}],"replies":[{"embeddable":true,"href":"https:\/\/www.webdo.tn\/fr\/wp-json\/wp\/v2\/comments?post=212334"}],"version-history":[{"count":0,"href":"https:\/\/www.webdo.tn\/fr\/wp-json\/wp\/v2\/posts\/212334\/revisions"}],"wp:featuredmedia":[{"embeddable":true,"href":"https:\/\/www.webdo.tn\/fr\/wp-json\/wp\/v2\/media\/247990"}],"wp:attachment":[{"href":"https:\/\/www.webdo.tn\/fr\/wp-json\/wp\/v2\/media?parent=212334"}],"wp:term":[{"taxonomy":"category","embeddable":true,"href":"https:\/\/www.webdo.tn\/fr\/wp-json\/wp\/v2\/categories?post=212334"},{"taxonomy":"post_tag","embeddable":true,"href":"https:\/\/www.webdo.tn\/fr\/wp-json\/wp\/v2\/tags?post=212334"}],"curies":[{"name":"wp","href":"https:\/\/api.w.org\/{rel}","templated":true}]}}