{"id":212330,"date":"2024-02-15T22:38:00","date_gmt":"2024-02-15T22:38:00","guid":{"rendered":"https:\/\/www.webdo.tn\/fr\/blog\/delit-electoral-report-de-l-examen-de-l-affaire-de-abir-moussi\/212330\/"},"modified":"2025-05-20T22:55:23","modified_gmt":"2025-05-20T22:55:23","slug":"delit-electoral-report-de-l-examen-de-l-affaire-de-abir-moussi","status":"publish","type":"post","link":"https:\/\/www.webdo.tn\/fr\/actualite\/national\/delit-electoral-report-de-l-examen-de-l-affaire-de-abir-moussi\/212330\/","title":{"rendered":"D\u00e9lit \u00e9lectoral: Report de l&rsquo;examen de l&rsquo;affaire de Abir Moussi"},"content":{"rendered":"<p>La Chambre p\u00e9nale du Tribunal de premi\u00e8re instance de Tunis a d\u00e9cid\u00e9 de reporter, au 29 f\u00e9vrier courant, l&rsquo;examen de l&rsquo;affaire de la pr\u00e9sidente du Parti destourien libre, Abir Moussi, relative \u00e0 la violation et l&rsquo;interdiction de la publicit\u00e9 politique.<\/p>\n<p>\t\t\t\t\t\t\t\t\tAbir Moussi a comparu, ce jeudi 15 f\u00e9vrier 2024, devant la justice pour violation de la loi de la publicit\u00e9 politique aux \u00e9lections l\u00e9gislatives et pr\u00e9sidentielle de 2019. Accusation que Moussi a rejet\u00e9, niant tout lien avec les pages Facebook ayant diffus\u00e9 des contenus politiques la concernant lors du silence \u00e9lectoral.<\/p>\n<p>Ses avocats ont de nouveau alert\u00e9 sur l&rsquo;\u00e9tat de sant\u00e9 de Abir Moussi qui s\u2019est d\u00e9grad\u00e9, d\u00e9non\u00e7ant les conditions de son transport pour l\u2019audience.<\/p>\n<p>Moussi fait l&rsquo;objet de deux mandats de d\u00e9p\u00f4t. Le premier a \u00e9t\u00e9 \u00e9mis le 5 octobre 2023, l&rsquo;accusant de \u00ab\u00a0provocation intentionnelle de troubles sur le territoire tunisien\u00a0\u00bb, d'\u00a0\u00bbentrave \u00e0 la libert\u00e9 du travail\u00a0\u00bb et de \u00ab\u00a0traitement de donn\u00e9es personnelles sans le consentement de la personne concern\u00e9e\u00a0\u00bb. Le second mandat de d\u00e9p\u00f4t \u00e9mis \u00e0 son encontre fait suite \u00e0 une plainte d\u00e9pos\u00e9e par l&rsquo;ISIE, en vertu du d\u00e9cret num\u00e9ro 54.<\/p>\n","protected":false},"excerpt":{"rendered":"<p>Abir Moussi est accus\u00e9e de violation de la loi de la publicit\u00e9 politique aux \u00e9lections<\/p>\n","protected":false},"author":3182,"featured_media":247989,"comment_status":"open","ping_status":"closed","sticky":false,"template":"","format":"standard","meta":{"footnotes":""},"categories":[44],"tags":[2926,2619,4028,6993,2608],"class_list":["post-212330","post","type-post","status-publish","format-standard","has-post-thumbnail","hentry","category-national","tag-abir-moussi","tag-justice","tag-pdl","tag-publicite-politique","tag-tunisie"],"yoast_head":"<!-- This site is optimized with the Yoast SEO Premium plugin v27.5 (Yoast SEO v27.5) - https:\/\/yoast.com\/product\/yoast-seo-premium-wordpress\/ -->\n<title>D\u00e9lit \u00e9lectoral: Report de l&#039;examen de l&#039;affaire de Abir Moussi<\/title>\n<meta name=\"description\" content=\"Abir Moussi est accus\u00e9e de violation de la loi de la publicit\u00e9 politique aux \u00e9lections\" \/>\n<link rel=\"canonical\" href=\"https:\/\/www.webdo.tn\/fr\/actualite\/national\/delit-electoral-report-de-l-examen-de-l-affaire-de-abir-moussi\/212330\/\" \/>\n<meta property=\"og:locale\" content=\"fr_FR\" \/>\n<meta property=\"og:type\" content=\"article\" \/>\n<meta property=\"og:title\" content=\"D\u00e9lit \u00e9lectoral: Report de l&#039;examen de l&#039;affaire de Abir Moussi\" \/>\n<meta property=\"og:description\" content=\"Abir Moussi est accus\u00e9e de violation de la loi de la publicit\u00e9 politique aux \u00e9lections\" \/>\n<meta property=\"og:url\" content=\"https:\/\/www.webdo.tn\/fr\/actualite\/national\/delit-electoral-report-de-l-examen-de-l-affaire-de-abir-moussi\/212330\/\" \/>\n<meta property=\"og:site_name\" content=\"webdo\" \/>\n<meta property=\"article:publisher\" content=\"https:\/\/www.facebook.com\/webdotn\" \/>\n<meta property=\"article:published_time\" content=\"2024-02-15T22:38:00+00:00\" \/>\n<meta property=\"article:modified_time\" content=\"2025-05-20T22:55:23+00:00\" \/>\n<meta property=\"og:image\" content=\"https:\/\/www.webdo.tn\/fr\/wp-content\/uploads\/2024\/02\/6e22d0198212899688adcca8e3e136b4.jpg\" \/>\n\t<meta property=\"og:image:width\" content=\"750\" \/>\n\t<meta property=\"og:image:height\" content=\"400\" \/>\n\t<meta property=\"og:image:type\" content=\"image\/jpeg\" \/>\n<meta name=\"author\" content=\"WB\" \/>\n<meta name=\"twitter:card\" content=\"summary_large_image\" \/>\n<meta name=\"twitter:creator\" content=\"@webdo_tn\" \/>\n<meta name=\"twitter:site\" content=\"@webdo_tn\" \/>\n<meta name=\"twitter:label1\" content=\"\u00c9crit par\" \/>\n\t<meta name=\"twitter:data1\" content=\"WB\" \/>\n\t<meta name=\"twitter:label2\" content=\"Dur\u00e9e de lecture estim\u00e9e\" \/>\n\t<meta name=\"twitter:data2\" content=\"1 minute\" \/>\n<script type=\"application\/ld+json\" class=\"yoast-schema-graph\">{\"@context\":\"https:\\\/\\\/schema.org\",\"@graph\":[{\"@type\":\"NewsArticle\",\"@id\":\"https:\\\/\\\/www.webdo.tn\\\/fr\\\/actualite\\\/national\\\/delit-electoral-report-de-l-examen-de-l-affaire-de-abir-moussi\\\/212330\\\/#article\",\"isPartOf\":{\"@id\":\"https:\\\/\\\/www.webdo.tn\\\/fr\\\/actualite\\\/national\\\/delit-electoral-report-de-l-examen-de-l-affaire-de-abir-moussi\\\/212330\\\/\"},\"author\":{\"name\":\"WB\",\"@id\":\"https:\\\/\\\/www.webdo.tn\\\/fr\\\/#\\\/schema\\\/person\\\/f16bf91e3b3c6347371884777659f9d8\"},\"headline\":\"D\u00e9lit \u00e9lectoral: Report de l&rsquo;examen de l&rsquo;affaire de Abir Moussi\",\"datePublished\":\"2024-02-15T22:38:00+00:00\",\"dateModified\":\"2025-05-20T22:55:23+00:00\",\"mainEntityOfPage\":{\"@id\":\"https:\\\/\\\/www.webdo.tn\\\/fr\\\/actualite\\\/national\\\/delit-electoral-report-de-l-examen-de-l-affaire-de-abir-moussi\\\/212330\\\/\"},\"wordCount\":217,\"commentCount\":0,\"publisher\":{\"@id\":\"https:\\\/\\\/www.webdo.tn\\\/fr\\\/#organization\"},\"image\":{\"@id\":\"https:\\\/\\\/www.webdo.tn\\\/fr\\\/actualite\\\/national\\\/delit-electoral-report-de-l-examen-de-l-affaire-de-abir-moussi\\\/212330\\\/#primaryimage\"},\"thumbnailUrl\":\"https:\\\/\\\/www.webdo.tn\\\/fr\\\/wp-content\\\/uploads\\\/2024\\\/02\\\/6e22d0198212899688adcca8e3e136b4.jpg\",\"keywords\":[\"Abir Moussi\",\"justice\",\"PDL\",\"publicit\u00e9 politique\",\"Tunisie\"],\"articleSection\":[\"National\"],\"inLanguage\":\"fr-FR\"},{\"@type\":\"WebPage\",\"@id\":\"https:\\\/\\\/www.webdo.tn\\\/fr\\\/actualite\\\/national\\\/delit-electoral-report-de-l-examen-de-l-affaire-de-abir-moussi\\\/212330\\\/\",\"url\":\"https:\\\/\\\/www.webdo.tn\\\/fr\\\/actualite\\\/national\\\/delit-electoral-report-de-l-examen-de-l-affaire-de-abir-moussi\\\/212330\\\/\",\"name\":\"D\u00e9lit \u00e9lectoral: Report de l'examen de l'affaire de Abir Moussi\",\"isPartOf\":{\"@id\":\"https:\\\/\\\/www.webdo.tn\\\/fr\\\/#website\"},\"primaryImageOfPage\":{\"@id\":\"https:\\\/\\\/www.webdo.tn\\\/fr\\\/actualite\\\/national\\\/delit-electoral-report-de-l-examen-de-l-affaire-de-abir-moussi\\\/212330\\\/#primaryimage\"},\"image\":{\"@id\":\"https:\\\/\\\/www.webdo.tn\\\/fr\\\/actualite\\\/national\\\/delit-electoral-report-de-l-examen-de-l-affaire-de-abir-moussi\\\/212330\\\/#primaryimage\"},\"thumbnailUrl\":\"https:\\\/\\\/www.webdo.tn\\\/fr\\\/wp-content\\\/uploads\\\/2024\\\/02\\\/6e22d0198212899688adcca8e3e136b4.jpg\",\"datePublished\":\"2024-02-15T22:38:00+00:00\",\"dateModified\":\"2025-05-20T22:55:23+00:00\",\"description\":\"Abir Moussi est accus\u00e9e de violation de la loi de la publicit\u00e9 politique aux \u00e9lections\",\"breadcrumb\":{\"@id\":\"https:\\\/\\\/www.webdo.tn\\\/fr\\\/actualite\\\/national\\\/delit-electoral-report-de-l-examen-de-l-affaire-de-abir-moussi\\\/212330\\\/#breadcrumb\"},\"inLanguage\":\"fr-FR\",\"potentialAction\":[{\"@type\":\"ReadAction\",\"target\":[\"https:\\\/\\\/www.webdo.tn\\\/fr\\\/actualite\\\/national\\\/delit-electoral-report-de-l-examen-de-l-affaire-de-abir-moussi\\\/212330\\\/\"]}]},{\"@type\":\"ImageObject\",\"inLanguage\":\"fr-FR\",\"@id\":\"https:\\\/\\\/www.webdo.tn\\\/fr\\\/actualite\\\/national\\\/delit-electoral-report-de-l-examen-de-l-affaire-de-abir-moussi\\\/212330\\\/#primaryimage\",\"url\":\"https:\\\/\\\/www.webdo.tn\\\/fr\\\/wp-content\\\/uploads\\\/2024\\\/02\\\/6e22d0198212899688adcca8e3e136b4.jpg\",\"contentUrl\":\"https:\\\/\\\/www.webdo.tn\\\/fr\\\/wp-content\\\/uploads\\\/2024\\\/02\\\/6e22d0198212899688adcca8e3e136b4.jpg\",\"width\":750,\"height\":400,\"caption\":\"Moussi\"},{\"@type\":\"BreadcrumbList\",\"@id\":\"https:\\\/\\\/www.webdo.tn\\\/fr\\\/actualite\\\/national\\\/delit-electoral-report-de-l-examen-de-l-affaire-de-abir-moussi\\\/212330\\\/#breadcrumb\",\"itemListElement\":[{\"@type\":\"ListItem\",\"position\":1,\"name\":\"Accueil\",\"item\":\"https:\\\/\\\/www.webdo.tn\\\/fr\\\/\"},{\"@type\":\"ListItem\",\"position\":2,\"name\":\"D\u00e9lit \u00e9lectoral: Report de l&#8217;examen de l&#8217;affaire de Abir Moussi\"}]},{\"@type\":\"WebSite\",\"@id\":\"https:\\\/\\\/www.webdo.tn\\\/fr\\\/#website\",\"url\":\"https:\\\/\\\/www.webdo.tn\\\/fr\\\/\",\"name\":\"webdo\",\"description\":\"Tunisie - News en Tunisie et \u00e0 l&#039;international sur Webdo.tn\",\"publisher\":{\"@id\":\"https:\\\/\\\/www.webdo.tn\\\/fr\\\/#organization\"},\"potentialAction\":[{\"@type\":\"SearchAction\",\"target\":{\"@type\":\"EntryPoint\",\"urlTemplate\":\"https:\\\/\\\/www.webdo.tn\\\/fr\\\/?s={search_term_string}\"},\"query-input\":{\"@type\":\"PropertyValueSpecification\",\"valueRequired\":true,\"valueName\":\"search_term_string\"}}],\"inLanguage\":\"fr-FR\"},{\"@type\":\"Organization\",\"@id\":\"https:\\\/\\\/www.webdo.tn\\\/fr\\\/#organization\",\"name\":\"Webdo\",\"alternateName\":\"Webdo.tn\",\"url\":\"https:\\\/\\\/www.webdo.tn\\\/fr\\\/\",\"logo\":{\"@type\":\"ImageObject\",\"inLanguage\":\"fr-FR\",\"@id\":\"https:\\\/\\\/www.webdo.tn\\\/fr\\\/#\\\/schema\\\/logo\\\/image\\\/\",\"url\":\"https:\\\/\\\/www.webdo.tn\\\/fr\\\/wp-content\\\/uploads\\\/2025\\\/06\\\/Webdo-Tunisie_168377.jpg\",\"contentUrl\":\"https:\\\/\\\/www.webdo.tn\\\/fr\\\/wp-content\\\/uploads\\\/2025\\\/06\\\/Webdo-Tunisie_168377.jpg\",\"width\":301,\"height\":301,\"caption\":\"Webdo\"},\"image\":{\"@id\":\"https:\\\/\\\/www.webdo.tn\\\/fr\\\/#\\\/schema\\\/logo\\\/image\\\/\"},\"sameAs\":[\"https:\\\/\\\/www.facebook.com\\\/webdotn\",\"https:\\\/\\\/x.com\\\/webdo_tn\"],\"description\":\"Webdo est un m\u00e9dia num\u00e9rique tunisien fond\u00e9 en 2010, sp\u00e9cialis\u00e9 dans l\u2019actualit\u00e9 nationale et internationale, l\u2019\u00e9conomie, la soci\u00e9t\u00e9 et les analyses politiques. Le site s\u2019adresse \u00e0 un large public francophone et couvre l\u2019information tunisienne en temps r\u00e9el.\",\"email\":\"redac@webdo.tn\",\"legalName\":\"YNJ SARL\",\"foundingDate\":\"2010-09-06\",\"numberOfEmployees\":{\"@type\":\"QuantitativeValue\",\"minValue\":\"11\",\"maxValue\":\"50\"}},{\"@type\":\"Person\",\"@id\":\"https:\\\/\\\/www.webdo.tn\\\/fr\\\/#\\\/schema\\\/person\\\/f16bf91e3b3c6347371884777659f9d8\",\"name\":\"WB\",\"image\":{\"@type\":\"ImageObject\",\"inLanguage\":\"fr-FR\",\"@id\":\"https:\\\/\\\/secure.gravatar.com\\\/avatar\\\/fd3caf00dbfd4b6d6ce43e8ea4748ed2e4d0fae2c3a87c1e2f6ba0a54c3ab5cb?s=96&d=mm&r=g\",\"url\":\"https:\\\/\\\/secure.gravatar.com\\\/avatar\\\/fd3caf00dbfd4b6d6ce43e8ea4748ed2e4d0fae2c3a87c1e2f6ba0a54c3ab5cb?s=96&d=mm&r=g\",\"contentUrl\":\"https:\\\/\\\/secure.gravatar.com\\\/avatar\\\/fd3caf00dbfd4b6d6ce43e8ea4748ed2e4d0fae2c3a87c1e2f6ba0a54c3ab5cb?s=96&d=mm&r=g\",\"caption\":\"WB\"},\"url\":\"https:\\\/\\\/www.webdo.tn\\\/fr\\\/actualite\\\/author\\\/wb\\\/\"}]}<\/script>\n<!-- \/ Yoast SEO Premium plugin. -->","yoast_head_json":{"title":"D\u00e9lit \u00e9lectoral: Report de l'examen de l'affaire de Abir Moussi","description":"Abir Moussi est accus\u00e9e de violation de la loi de la publicit\u00e9 politique aux \u00e9lections","canonical":"https:\/\/www.webdo.tn\/fr\/actualite\/national\/delit-electoral-report-de-l-examen-de-l-affaire-de-abir-moussi\/212330\/","og_locale":"fr_FR","og_type":"article","og_title":"D\u00e9lit \u00e9lectoral: Report de l'examen de l'affaire de Abir Moussi","og_description":"Abir Moussi est accus\u00e9e de violation de la loi de la publicit\u00e9 politique aux \u00e9lections","og_url":"https:\/\/www.webdo.tn\/fr\/actualite\/national\/delit-electoral-report-de-l-examen-de-l-affaire-de-abir-moussi\/212330\/","og_site_name":"webdo","article_publisher":"https:\/\/www.facebook.com\/webdotn","article_published_time":"2024-02-15T22:38:00+00:00","article_modified_time":"2025-05-20T22:55:23+00:00","og_image":[{"width":750,"height":400,"url":"https:\/\/www.webdo.tn\/fr\/wp-content\/uploads\/2024\/02\/6e22d0198212899688adcca8e3e136b4.jpg","type":"image\/jpeg"}],"author":"WB","twitter_card":"summary_large_image","twitter_creator":"@webdo_tn","twitter_site":"@webdo_tn","twitter_misc":{"\u00c9crit par":"WB","Dur\u00e9e de lecture estim\u00e9e":"1 minute"},"schema":{"@context":"https:\/\/schema.org","@graph":[{"@type":"NewsArticle","@id":"https:\/\/www.webdo.tn\/fr\/actualite\/national\/delit-electoral-report-de-l-examen-de-l-affaire-de-abir-moussi\/212330\/#article","isPartOf":{"@id":"https:\/\/www.webdo.tn\/fr\/actualite\/national\/delit-electoral-report-de-l-examen-de-l-affaire-de-abir-moussi\/212330\/"},"author":{"name":"WB","@id":"https:\/\/www.webdo.tn\/fr\/#\/schema\/person\/f16bf91e3b3c6347371884777659f9d8"},"headline":"D\u00e9lit \u00e9lectoral: Report de l&rsquo;examen de l&rsquo;affaire de Abir Moussi","datePublished":"2024-02-15T22:38:00+00:00","dateModified":"2025-05-20T22:55:23+00:00","mainEntityOfPage":{"@id":"https:\/\/www.webdo.tn\/fr\/actualite\/national\/delit-electoral-report-de-l-examen-de-l-affaire-de-abir-moussi\/212330\/"},"wordCount":217,"commentCount":0,"publisher":{"@id":"https:\/\/www.webdo.tn\/fr\/#organization"},"image":{"@id":"https:\/\/www.webdo.tn\/fr\/actualite\/national\/delit-electoral-report-de-l-examen-de-l-affaire-de-abir-moussi\/212330\/#primaryimage"},"thumbnailUrl":"https:\/\/www.webdo.tn\/fr\/wp-content\/uploads\/2024\/02\/6e22d0198212899688adcca8e3e136b4.jpg","keywords":["Abir Moussi","justice","PDL","publicit\u00e9 politique","Tunisie"],"articleSection":["National"],"inLanguage":"fr-FR"},{"@type":"WebPage","@id":"https:\/\/www.webdo.tn\/fr\/actualite\/national\/delit-electoral-report-de-l-examen-de-l-affaire-de-abir-moussi\/212330\/","url":"https:\/\/www.webdo.tn\/fr\/actualite\/national\/delit-electoral-report-de-l-examen-de-l-affaire-de-abir-moussi\/212330\/","name":"D\u00e9lit \u00e9lectoral: Report de l'examen de l'affaire de Abir Moussi","isPartOf":{"@id":"https:\/\/www.webdo.tn\/fr\/#website"},"primaryImageOfPage":{"@id":"https:\/\/www.webdo.tn\/fr\/actualite\/national\/delit-electoral-report-de-l-examen-de-l-affaire-de-abir-moussi\/212330\/#primaryimage"},"image":{"@id":"https:\/\/www.webdo.tn\/fr\/actualite\/national\/delit-electoral-report-de-l-examen-de-l-affaire-de-abir-moussi\/212330\/#primaryimage"},"thumbnailUrl":"https:\/\/www.webdo.tn\/fr\/wp-content\/uploads\/2024\/02\/6e22d0198212899688adcca8e3e136b4.jpg","datePublished":"2024-02-15T22:38:00+00:00","dateModified":"2025-05-20T22:55:23+00:00","description":"Abir Moussi est accus\u00e9e de violation de la loi de la publicit\u00e9 politique aux \u00e9lections","breadcrumb":{"@id":"https:\/\/www.webdo.tn\/fr\/actualite\/national\/delit-electoral-report-de-l-examen-de-l-affaire-de-abir-moussi\/212330\/#breadcrumb"},"inLanguage":"fr-FR","potentialAction":[{"@type":"ReadAction","target":["https:\/\/www.webdo.tn\/fr\/actualite\/national\/delit-electoral-report-de-l-examen-de-l-affaire-de-abir-moussi\/212330\/"]}]},{"@type":"ImageObject","inLanguage":"fr-FR","@id":"https:\/\/www.webdo.tn\/fr\/actualite\/national\/delit-electoral-report-de-l-examen-de-l-affaire-de-abir-moussi\/212330\/#primaryimage","url":"https:\/\/www.webdo.tn\/fr\/wp-content\/uploads\/2024\/02\/6e22d0198212899688adcca8e3e136b4.jpg","contentUrl":"https:\/\/www.webdo.tn\/fr\/wp-content\/uploads\/2024\/02\/6e22d0198212899688adcca8e3e136b4.jpg","width":750,"height":400,"caption":"Moussi"},{"@type":"BreadcrumbList","@id":"https:\/\/www.webdo.tn\/fr\/actualite\/national\/delit-electoral-report-de-l-examen-de-l-affaire-de-abir-moussi\/212330\/#breadcrumb","itemListElement":[{"@type":"ListItem","position":1,"name":"Accueil","item":"https:\/\/www.webdo.tn\/fr\/"},{"@type":"ListItem","position":2,"name":"D\u00e9lit \u00e9lectoral: Report de l&#8217;examen de l&#8217;affaire de Abir Moussi"}]},{"@type":"WebSite","@id":"https:\/\/www.webdo.tn\/fr\/#website","url":"https:\/\/www.webdo.tn\/fr\/","name":"webdo","description":"Tunisie - News en Tunisie et \u00e0 l&#039;international sur Webdo.tn","publisher":{"@id":"https:\/\/www.webdo.tn\/fr\/#organization"},"potentialAction":[{"@type":"SearchAction","target":{"@type":"EntryPoint","urlTemplate":"https:\/\/www.webdo.tn\/fr\/?s={search_term_string}"},"query-input":{"@type":"PropertyValueSpecification","valueRequired":true,"valueName":"search_term_string"}}],"inLanguage":"fr-FR"},{"@type":"Organization","@id":"https:\/\/www.webdo.tn\/fr\/#organization","name":"Webdo","alternateName":"Webdo.tn","url":"https:\/\/www.webdo.tn\/fr\/","logo":{"@type":"ImageObject","inLanguage":"fr-FR","@id":"https:\/\/www.webdo.tn\/fr\/#\/schema\/logo\/image\/","url":"https:\/\/www.webdo.tn\/fr\/wp-content\/uploads\/2025\/06\/Webdo-Tunisie_168377.jpg","contentUrl":"https:\/\/www.webdo.tn\/fr\/wp-content\/uploads\/2025\/06\/Webdo-Tunisie_168377.jpg","width":301,"height":301,"caption":"Webdo"},"image":{"@id":"https:\/\/www.webdo.tn\/fr\/#\/schema\/logo\/image\/"},"sameAs":["https:\/\/www.facebook.com\/webdotn","https:\/\/x.com\/webdo_tn"],"description":"Webdo est un m\u00e9dia num\u00e9rique tunisien fond\u00e9 en 2010, sp\u00e9cialis\u00e9 dans l\u2019actualit\u00e9 nationale et internationale, l\u2019\u00e9conomie, la soci\u00e9t\u00e9 et les analyses politiques. Le site s\u2019adresse \u00e0 un large public francophone et couvre l\u2019information tunisienne en temps r\u00e9el.","email":"redac@webdo.tn","legalName":"YNJ SARL","foundingDate":"2010-09-06","numberOfEmployees":{"@type":"QuantitativeValue","minValue":"11","maxValue":"50"}},{"@type":"Person","@id":"https:\/\/www.webdo.tn\/fr\/#\/schema\/person\/f16bf91e3b3c6347371884777659f9d8","name":"WB","image":{"@type":"ImageObject","inLanguage":"fr-FR","@id":"https:\/\/secure.gravatar.com\/avatar\/fd3caf00dbfd4b6d6ce43e8ea4748ed2e4d0fae2c3a87c1e2f6ba0a54c3ab5cb?s=96&d=mm&r=g","url":"https:\/\/secure.gravatar.com\/avatar\/fd3caf00dbfd4b6d6ce43e8ea4748ed2e4d0fae2c3a87c1e2f6ba0a54c3ab5cb?s=96&d=mm&r=g","contentUrl":"https:\/\/secure.gravatar.com\/avatar\/fd3caf00dbfd4b6d6ce43e8ea4748ed2e4d0fae2c3a87c1e2f6ba0a54c3ab5cb?s=96&d=mm&r=g","caption":"WB"},"url":"https:\/\/www.webdo.tn\/fr\/actualite\/author\/wb\/"}]}},"_links":{"self":[{"href":"https:\/\/www.webdo.tn\/fr\/wp-json\/wp\/v2\/posts\/212330","targetHints":{"allow":["GET"]}}],"collection":[{"href":"https:\/\/www.webdo.tn\/fr\/wp-json\/wp\/v2\/posts"}],"about":[{"href":"https:\/\/www.webdo.tn\/fr\/wp-json\/wp\/v2\/types\/post"}],"author":[{"embeddable":true,"href":"https:\/\/www.webdo.tn\/fr\/wp-json\/wp\/v2\/users\/3182"}],"replies":[{"embeddable":true,"href":"https:\/\/www.webdo.tn\/fr\/wp-json\/wp\/v2\/comments?post=212330"}],"version-history":[{"count":0,"href":"https:\/\/www.webdo.tn\/fr\/wp-json\/wp\/v2\/posts\/212330\/revisions"}],"wp:featuredmedia":[{"embeddable":true,"href":"https:\/\/www.webdo.tn\/fr\/wp-json\/wp\/v2\/media\/247989"}],"wp:attachment":[{"href":"https:\/\/www.webdo.tn\/fr\/wp-json\/wp\/v2\/media?parent=212330"}],"wp:term":[{"taxonomy":"category","embeddable":true,"href":"https:\/\/www.webdo.tn\/fr\/wp-json\/wp\/v2\/categories?post=212330"},{"taxonomy":"post_tag","embeddable":true,"href":"https:\/\/www.webdo.tn\/fr\/wp-json\/wp\/v2\/tags?post=212330"}],"curies":[{"name":"wp","href":"https:\/\/api.w.org\/{rel}","templated":true}]}}