{"id":212328,"date":"2024-02-15T21:59:00","date_gmt":"2024-02-15T21:59:00","guid":{"rendered":"https:\/\/www.webdo.tn\/fr\/blog\/le-consul-general-et-l-ambassadeur-de-tunisie-aux-emirats-arabes-unis-limoges\/212328\/"},"modified":"2025-05-20T22:55:22","modified_gmt":"2025-05-20T22:55:22","slug":"le-consul-general-et-l-ambassadeur-de-tunisie-aux-emirats-arabes-unis-limoges","status":"publish","type":"post","link":"https:\/\/www.webdo.tn\/fr\/actualite\/national\/le-consul-general-et-l-ambassadeur-de-tunisie-aux-emirats-arabes-unis-limoges\/212328\/","title":{"rendered":"Le Consul g\u00e9n\u00e9ral et l&rsquo;ambassadeur de Tunisie aux Emirats Arabes Unis limog\u00e9s"},"content":{"rendered":"<p>Deux d\u00e9crets pr\u00e9sidentiels mettant fin \u00e0 la mission de deux diplomates ont \u00e9t\u00e9 publi\u00e9s, ce jeudi, au Journal officiel de la R\u00e9publique tunisienne (JORT) . Les raisons du limogeage n\u2019ont pas encore \u00e9t\u00e9 communiqu\u00e9es.<\/p>\n<p>\t\t\t\t\t\t\t\t\tIl s\u2019agit de :<\/p>\n<p>&#8211; Moez Ben Mime, ambassadeur de Tunisie aux Emirats Arabes Unis\u00a0qui a \u00e9t\u00e9 d\u00e9mis de ses fonctions, conform\u00e9ment au d\u00e9cret num\u00e9ro 124, paru dans le JORT, ce jeudi 15 f\u00e9vrier 2024. Il avait occup\u00e9 ce poste depuis novembre 2020.<\/p>\n<p>&#8211; Chahir Djebbi consul g\u00e9n\u00e9ral de Tunisie \u00e0 Duba\u00ef.<\/p>\n","protected":false},"excerpt":{"rendered":"<p>Deux diplomates tunisiens ont \u00e9t\u00e9 limog\u00e9s ce jeudi par d\u00e9cret pr\u00e9sidentiel.<\/p>\n","protected":false},"author":3182,"featured_media":247987,"comment_status":"open","ping_status":"closed","sticky":false,"template":"","format":"standard","meta":{"footnotes":""},"categories":[44],"tags":[2990,3897,5024,2608],"class_list":["post-212328","post","type-post","status-publish","format-standard","has-post-thumbnail","hentry","category-national","tag-diplomatie","tag-jort","tag-limogeage","tag-tunisie"],"yoast_head":"<!-- This site is optimized with the Yoast SEO Premium plugin v27.4 (Yoast SEO v27.5) - https:\/\/yoast.com\/product\/yoast-seo-premium-wordpress\/ -->\n<title>Le Consul g\u00e9n\u00e9ral et l&#039;ambassadeur de Tunisie aux Emirats Arabes Unis limog\u00e9s<\/title>\n<meta name=\"description\" content=\"Deux diplomates tunisiens ont \u00e9t\u00e9 limog\u00e9s ce jeudi par d\u00e9cret pr\u00e9sidentiel.\" \/>\n<link rel=\"canonical\" href=\"https:\/\/www.webdo.tn\/fr\/actualite\/national\/le-consul-general-et-l-ambassadeur-de-tunisie-aux-emirats-arabes-unis-limoges\/212328\/\" \/>\n<meta property=\"og:locale\" content=\"fr_FR\" \/>\n<meta property=\"og:type\" content=\"article\" \/>\n<meta property=\"og:title\" content=\"Le Consul g\u00e9n\u00e9ral et l&#039;ambassadeur de Tunisie aux Emirats Arabes Unis limog\u00e9s\" \/>\n<meta property=\"og:description\" content=\"Deux diplomates tunisiens ont \u00e9t\u00e9 limog\u00e9s ce jeudi par d\u00e9cret pr\u00e9sidentiel.\" \/>\n<meta property=\"og:url\" content=\"https:\/\/www.webdo.tn\/fr\/actualite\/national\/le-consul-general-et-l-ambassadeur-de-tunisie-aux-emirats-arabes-unis-limoges\/212328\/\" \/>\n<meta property=\"og:site_name\" content=\"webdo\" \/>\n<meta property=\"article:publisher\" content=\"https:\/\/www.facebook.com\/webdotn\" \/>\n<meta property=\"article:published_time\" content=\"2024-02-15T21:59:00+00:00\" \/>\n<meta property=\"article:modified_time\" content=\"2025-05-20T22:55:22+00:00\" \/>\n<meta property=\"og:image\" content=\"https:\/\/www.webdo.tn\/fr\/wp-content\/uploads\/2024\/02\/4666a21c6400ee9d026884989d6bc539.jpg\" \/>\n\t<meta property=\"og:image:width\" content=\"750\" \/>\n\t<meta property=\"og:image:height\" content=\"400\" \/>\n\t<meta property=\"og:image:type\" content=\"image\/jpeg\" \/>\n<meta name=\"author\" content=\"WB\" \/>\n<meta name=\"twitter:card\" content=\"summary_large_image\" \/>\n<meta name=\"twitter:creator\" content=\"@webdo_tn\" \/>\n<meta name=\"twitter:site\" content=\"@webdo_tn\" \/>\n<meta name=\"twitter:label1\" content=\"\u00c9crit par\" \/>\n\t<meta name=\"twitter:data1\" content=\"WB\" \/>\n<script type=\"application\/ld+json\" class=\"yoast-schema-graph\">{\"@context\":\"https:\\\/\\\/schema.org\",\"@graph\":[{\"@type\":\"NewsArticle\",\"@id\":\"https:\\\/\\\/www.webdo.tn\\\/fr\\\/actualite\\\/national\\\/le-consul-general-et-l-ambassadeur-de-tunisie-aux-emirats-arabes-unis-limoges\\\/212328\\\/#article\",\"isPartOf\":{\"@id\":\"https:\\\/\\\/www.webdo.tn\\\/fr\\\/actualite\\\/national\\\/le-consul-general-et-l-ambassadeur-de-tunisie-aux-emirats-arabes-unis-limoges\\\/212328\\\/\"},\"author\":{\"name\":\"WB\",\"@id\":\"https:\\\/\\\/www.webdo.tn\\\/fr\\\/#\\\/schema\\\/person\\\/f16bf91e3b3c6347371884777659f9d8\"},\"headline\":\"Le Consul g\u00e9n\u00e9ral et l&rsquo;ambassadeur de Tunisie aux Emirats Arabes Unis limog\u00e9s\",\"datePublished\":\"2024-02-15T21:59:00+00:00\",\"dateModified\":\"2025-05-20T22:55:22+00:00\",\"mainEntityOfPage\":{\"@id\":\"https:\\\/\\\/www.webdo.tn\\\/fr\\\/actualite\\\/national\\\/le-consul-general-et-l-ambassadeur-de-tunisie-aux-emirats-arabes-unis-limoges\\\/212328\\\/\"},\"wordCount\":109,\"commentCount\":0,\"publisher\":{\"@id\":\"https:\\\/\\\/www.webdo.tn\\\/fr\\\/#organization\"},\"image\":{\"@id\":\"https:\\\/\\\/www.webdo.tn\\\/fr\\\/actualite\\\/national\\\/le-consul-general-et-l-ambassadeur-de-tunisie-aux-emirats-arabes-unis-limoges\\\/212328\\\/#primaryimage\"},\"thumbnailUrl\":\"https:\\\/\\\/www.webdo.tn\\\/fr\\\/wp-content\\\/uploads\\\/2024\\\/02\\\/4666a21c6400ee9d026884989d6bc539.jpg\",\"keywords\":[\"Diplomatie\",\"JORT\",\"Limogeage\",\"Tunisie\"],\"articleSection\":[\"National\"],\"inLanguage\":\"fr-FR\"},{\"@type\":\"WebPage\",\"@id\":\"https:\\\/\\\/www.webdo.tn\\\/fr\\\/actualite\\\/national\\\/le-consul-general-et-l-ambassadeur-de-tunisie-aux-emirats-arabes-unis-limoges\\\/212328\\\/\",\"url\":\"https:\\\/\\\/www.webdo.tn\\\/fr\\\/actualite\\\/national\\\/le-consul-general-et-l-ambassadeur-de-tunisie-aux-emirats-arabes-unis-limoges\\\/212328\\\/\",\"name\":\"Le Consul g\u00e9n\u00e9ral et l'ambassadeur de Tunisie aux Emirats Arabes Unis limog\u00e9s\",\"isPartOf\":{\"@id\":\"https:\\\/\\\/www.webdo.tn\\\/fr\\\/#website\"},\"primaryImageOfPage\":{\"@id\":\"https:\\\/\\\/www.webdo.tn\\\/fr\\\/actualite\\\/national\\\/le-consul-general-et-l-ambassadeur-de-tunisie-aux-emirats-arabes-unis-limoges\\\/212328\\\/#primaryimage\"},\"image\":{\"@id\":\"https:\\\/\\\/www.webdo.tn\\\/fr\\\/actualite\\\/national\\\/le-consul-general-et-l-ambassadeur-de-tunisie-aux-emirats-arabes-unis-limoges\\\/212328\\\/#primaryimage\"},\"thumbnailUrl\":\"https:\\\/\\\/www.webdo.tn\\\/fr\\\/wp-content\\\/uploads\\\/2024\\\/02\\\/4666a21c6400ee9d026884989d6bc539.jpg\",\"datePublished\":\"2024-02-15T21:59:00+00:00\",\"dateModified\":\"2025-05-20T22:55:22+00:00\",\"description\":\"Deux diplomates tunisiens ont \u00e9t\u00e9 limog\u00e9s ce jeudi par d\u00e9cret pr\u00e9sidentiel.\",\"breadcrumb\":{\"@id\":\"https:\\\/\\\/www.webdo.tn\\\/fr\\\/actualite\\\/national\\\/le-consul-general-et-l-ambassadeur-de-tunisie-aux-emirats-arabes-unis-limoges\\\/212328\\\/#breadcrumb\"},\"inLanguage\":\"fr-FR\",\"potentialAction\":[{\"@type\":\"ReadAction\",\"target\":[\"https:\\\/\\\/www.webdo.tn\\\/fr\\\/actualite\\\/national\\\/le-consul-general-et-l-ambassadeur-de-tunisie-aux-emirats-arabes-unis-limoges\\\/212328\\\/\"]}]},{\"@type\":\"ImageObject\",\"inLanguage\":\"fr-FR\",\"@id\":\"https:\\\/\\\/www.webdo.tn\\\/fr\\\/actualite\\\/national\\\/le-consul-general-et-l-ambassadeur-de-tunisie-aux-emirats-arabes-unis-limoges\\\/212328\\\/#primaryimage\",\"url\":\"https:\\\/\\\/www.webdo.tn\\\/fr\\\/wp-content\\\/uploads\\\/2024\\\/02\\\/4666a21c6400ee9d026884989d6bc539.jpg\",\"contentUrl\":\"https:\\\/\\\/www.webdo.tn\\\/fr\\\/wp-content\\\/uploads\\\/2024\\\/02\\\/4666a21c6400ee9d026884989d6bc539.jpg\",\"width\":750,\"height\":400,\"caption\":\"MAE\"},{\"@type\":\"BreadcrumbList\",\"@id\":\"https:\\\/\\\/www.webdo.tn\\\/fr\\\/actualite\\\/national\\\/le-consul-general-et-l-ambassadeur-de-tunisie-aux-emirats-arabes-unis-limoges\\\/212328\\\/#breadcrumb\",\"itemListElement\":[{\"@type\":\"ListItem\",\"position\":1,\"name\":\"Accueil\",\"item\":\"https:\\\/\\\/www.webdo.tn\\\/fr\\\/\"},{\"@type\":\"ListItem\",\"position\":2,\"name\":\"Le Consul g\u00e9n\u00e9ral et l&#8217;ambassadeur de Tunisie aux Emirats Arabes Unis limog\u00e9s\"}]},{\"@type\":\"WebSite\",\"@id\":\"https:\\\/\\\/www.webdo.tn\\\/fr\\\/#website\",\"url\":\"https:\\\/\\\/www.webdo.tn\\\/fr\\\/\",\"name\":\"webdo\",\"description\":\"Tunisie - News en Tunisie et \u00e0 l&#039;international sur Webdo.tn\",\"publisher\":{\"@id\":\"https:\\\/\\\/www.webdo.tn\\\/fr\\\/#organization\"},\"potentialAction\":[{\"@type\":\"SearchAction\",\"target\":{\"@type\":\"EntryPoint\",\"urlTemplate\":\"https:\\\/\\\/www.webdo.tn\\\/fr\\\/?s={search_term_string}\"},\"query-input\":{\"@type\":\"PropertyValueSpecification\",\"valueRequired\":true,\"valueName\":\"search_term_string\"}}],\"inLanguage\":\"fr-FR\"},{\"@type\":\"Organization\",\"@id\":\"https:\\\/\\\/www.webdo.tn\\\/fr\\\/#organization\",\"name\":\"Webdo\",\"alternateName\":\"Webdo.tn\",\"url\":\"https:\\\/\\\/www.webdo.tn\\\/fr\\\/\",\"logo\":{\"@type\":\"ImageObject\",\"inLanguage\":\"fr-FR\",\"@id\":\"https:\\\/\\\/www.webdo.tn\\\/fr\\\/#\\\/schema\\\/logo\\\/image\\\/\",\"url\":\"https:\\\/\\\/www.webdo.tn\\\/fr\\\/wp-content\\\/uploads\\\/2025\\\/06\\\/Webdo-Tunisie_168377.jpg\",\"contentUrl\":\"https:\\\/\\\/www.webdo.tn\\\/fr\\\/wp-content\\\/uploads\\\/2025\\\/06\\\/Webdo-Tunisie_168377.jpg\",\"width\":301,\"height\":301,\"caption\":\"Webdo\"},\"image\":{\"@id\":\"https:\\\/\\\/www.webdo.tn\\\/fr\\\/#\\\/schema\\\/logo\\\/image\\\/\"},\"sameAs\":[\"https:\\\/\\\/www.facebook.com\\\/webdotn\",\"https:\\\/\\\/x.com\\\/webdo_tn\"],\"description\":\"Webdo est un m\u00e9dia num\u00e9rique tunisien fond\u00e9 en 2010, sp\u00e9cialis\u00e9 dans l\u2019actualit\u00e9 nationale et internationale, l\u2019\u00e9conomie, la soci\u00e9t\u00e9 et les analyses politiques. Le site s\u2019adresse \u00e0 un large public francophone et couvre l\u2019information tunisienne en temps r\u00e9el.\",\"email\":\"redac@webdo.tn\",\"legalName\":\"YNJ SARL\",\"foundingDate\":\"2010-09-06\",\"numberOfEmployees\":{\"@type\":\"QuantitativeValue\",\"minValue\":\"11\",\"maxValue\":\"50\"}},{\"@type\":\"Person\",\"@id\":\"https:\\\/\\\/www.webdo.tn\\\/fr\\\/#\\\/schema\\\/person\\\/f16bf91e3b3c6347371884777659f9d8\",\"name\":\"WB\",\"image\":{\"@type\":\"ImageObject\",\"inLanguage\":\"fr-FR\",\"@id\":\"https:\\\/\\\/secure.gravatar.com\\\/avatar\\\/fd3caf00dbfd4b6d6ce43e8ea4748ed2e4d0fae2c3a87c1e2f6ba0a54c3ab5cb?s=96&d=mm&r=g\",\"url\":\"https:\\\/\\\/secure.gravatar.com\\\/avatar\\\/fd3caf00dbfd4b6d6ce43e8ea4748ed2e4d0fae2c3a87c1e2f6ba0a54c3ab5cb?s=96&d=mm&r=g\",\"contentUrl\":\"https:\\\/\\\/secure.gravatar.com\\\/avatar\\\/fd3caf00dbfd4b6d6ce43e8ea4748ed2e4d0fae2c3a87c1e2f6ba0a54c3ab5cb?s=96&d=mm&r=g\",\"caption\":\"WB\"},\"url\":\"https:\\\/\\\/www.webdo.tn\\\/fr\\\/actualite\\\/author\\\/wb\\\/\"}]}<\/script>\n<!-- \/ Yoast SEO Premium plugin. -->","yoast_head_json":{"title":"Le Consul g\u00e9n\u00e9ral et l'ambassadeur de Tunisie aux Emirats Arabes Unis limog\u00e9s","description":"Deux diplomates tunisiens ont \u00e9t\u00e9 limog\u00e9s ce jeudi par d\u00e9cret pr\u00e9sidentiel.","canonical":"https:\/\/www.webdo.tn\/fr\/actualite\/national\/le-consul-general-et-l-ambassadeur-de-tunisie-aux-emirats-arabes-unis-limoges\/212328\/","og_locale":"fr_FR","og_type":"article","og_title":"Le Consul g\u00e9n\u00e9ral et l'ambassadeur de Tunisie aux Emirats Arabes Unis limog\u00e9s","og_description":"Deux diplomates tunisiens ont \u00e9t\u00e9 limog\u00e9s ce jeudi par d\u00e9cret pr\u00e9sidentiel.","og_url":"https:\/\/www.webdo.tn\/fr\/actualite\/national\/le-consul-general-et-l-ambassadeur-de-tunisie-aux-emirats-arabes-unis-limoges\/212328\/","og_site_name":"webdo","article_publisher":"https:\/\/www.facebook.com\/webdotn","article_published_time":"2024-02-15T21:59:00+00:00","article_modified_time":"2025-05-20T22:55:22+00:00","og_image":[{"width":750,"height":400,"url":"https:\/\/www.webdo.tn\/fr\/wp-content\/uploads\/2024\/02\/4666a21c6400ee9d026884989d6bc539.jpg","type":"image\/jpeg"}],"author":"WB","twitter_card":"summary_large_image","twitter_creator":"@webdo_tn","twitter_site":"@webdo_tn","twitter_misc":{"\u00c9crit par":"WB"},"schema":{"@context":"https:\/\/schema.org","@graph":[{"@type":"NewsArticle","@id":"https:\/\/www.webdo.tn\/fr\/actualite\/national\/le-consul-general-et-l-ambassadeur-de-tunisie-aux-emirats-arabes-unis-limoges\/212328\/#article","isPartOf":{"@id":"https:\/\/www.webdo.tn\/fr\/actualite\/national\/le-consul-general-et-l-ambassadeur-de-tunisie-aux-emirats-arabes-unis-limoges\/212328\/"},"author":{"name":"WB","@id":"https:\/\/www.webdo.tn\/fr\/#\/schema\/person\/f16bf91e3b3c6347371884777659f9d8"},"headline":"Le Consul g\u00e9n\u00e9ral et l&rsquo;ambassadeur de Tunisie aux Emirats Arabes Unis limog\u00e9s","datePublished":"2024-02-15T21:59:00+00:00","dateModified":"2025-05-20T22:55:22+00:00","mainEntityOfPage":{"@id":"https:\/\/www.webdo.tn\/fr\/actualite\/national\/le-consul-general-et-l-ambassadeur-de-tunisie-aux-emirats-arabes-unis-limoges\/212328\/"},"wordCount":109,"commentCount":0,"publisher":{"@id":"https:\/\/www.webdo.tn\/fr\/#organization"},"image":{"@id":"https:\/\/www.webdo.tn\/fr\/actualite\/national\/le-consul-general-et-l-ambassadeur-de-tunisie-aux-emirats-arabes-unis-limoges\/212328\/#primaryimage"},"thumbnailUrl":"https:\/\/www.webdo.tn\/fr\/wp-content\/uploads\/2024\/02\/4666a21c6400ee9d026884989d6bc539.jpg","keywords":["Diplomatie","JORT","Limogeage","Tunisie"],"articleSection":["National"],"inLanguage":"fr-FR"},{"@type":"WebPage","@id":"https:\/\/www.webdo.tn\/fr\/actualite\/national\/le-consul-general-et-l-ambassadeur-de-tunisie-aux-emirats-arabes-unis-limoges\/212328\/","url":"https:\/\/www.webdo.tn\/fr\/actualite\/national\/le-consul-general-et-l-ambassadeur-de-tunisie-aux-emirats-arabes-unis-limoges\/212328\/","name":"Le Consul g\u00e9n\u00e9ral et l'ambassadeur de Tunisie aux Emirats Arabes Unis limog\u00e9s","isPartOf":{"@id":"https:\/\/www.webdo.tn\/fr\/#website"},"primaryImageOfPage":{"@id":"https:\/\/www.webdo.tn\/fr\/actualite\/national\/le-consul-general-et-l-ambassadeur-de-tunisie-aux-emirats-arabes-unis-limoges\/212328\/#primaryimage"},"image":{"@id":"https:\/\/www.webdo.tn\/fr\/actualite\/national\/le-consul-general-et-l-ambassadeur-de-tunisie-aux-emirats-arabes-unis-limoges\/212328\/#primaryimage"},"thumbnailUrl":"https:\/\/www.webdo.tn\/fr\/wp-content\/uploads\/2024\/02\/4666a21c6400ee9d026884989d6bc539.jpg","datePublished":"2024-02-15T21:59:00+00:00","dateModified":"2025-05-20T22:55:22+00:00","description":"Deux diplomates tunisiens ont \u00e9t\u00e9 limog\u00e9s ce jeudi par d\u00e9cret pr\u00e9sidentiel.","breadcrumb":{"@id":"https:\/\/www.webdo.tn\/fr\/actualite\/national\/le-consul-general-et-l-ambassadeur-de-tunisie-aux-emirats-arabes-unis-limoges\/212328\/#breadcrumb"},"inLanguage":"fr-FR","potentialAction":[{"@type":"ReadAction","target":["https:\/\/www.webdo.tn\/fr\/actualite\/national\/le-consul-general-et-l-ambassadeur-de-tunisie-aux-emirats-arabes-unis-limoges\/212328\/"]}]},{"@type":"ImageObject","inLanguage":"fr-FR","@id":"https:\/\/www.webdo.tn\/fr\/actualite\/national\/le-consul-general-et-l-ambassadeur-de-tunisie-aux-emirats-arabes-unis-limoges\/212328\/#primaryimage","url":"https:\/\/www.webdo.tn\/fr\/wp-content\/uploads\/2024\/02\/4666a21c6400ee9d026884989d6bc539.jpg","contentUrl":"https:\/\/www.webdo.tn\/fr\/wp-content\/uploads\/2024\/02\/4666a21c6400ee9d026884989d6bc539.jpg","width":750,"height":400,"caption":"MAE"},{"@type":"BreadcrumbList","@id":"https:\/\/www.webdo.tn\/fr\/actualite\/national\/le-consul-general-et-l-ambassadeur-de-tunisie-aux-emirats-arabes-unis-limoges\/212328\/#breadcrumb","itemListElement":[{"@type":"ListItem","position":1,"name":"Accueil","item":"https:\/\/www.webdo.tn\/fr\/"},{"@type":"ListItem","position":2,"name":"Le Consul g\u00e9n\u00e9ral et l&#8217;ambassadeur de Tunisie aux Emirats Arabes Unis limog\u00e9s"}]},{"@type":"WebSite","@id":"https:\/\/www.webdo.tn\/fr\/#website","url":"https:\/\/www.webdo.tn\/fr\/","name":"webdo","description":"Tunisie - News en Tunisie et \u00e0 l&#039;international sur Webdo.tn","publisher":{"@id":"https:\/\/www.webdo.tn\/fr\/#organization"},"potentialAction":[{"@type":"SearchAction","target":{"@type":"EntryPoint","urlTemplate":"https:\/\/www.webdo.tn\/fr\/?s={search_term_string}"},"query-input":{"@type":"PropertyValueSpecification","valueRequired":true,"valueName":"search_term_string"}}],"inLanguage":"fr-FR"},{"@type":"Organization","@id":"https:\/\/www.webdo.tn\/fr\/#organization","name":"Webdo","alternateName":"Webdo.tn","url":"https:\/\/www.webdo.tn\/fr\/","logo":{"@type":"ImageObject","inLanguage":"fr-FR","@id":"https:\/\/www.webdo.tn\/fr\/#\/schema\/logo\/image\/","url":"https:\/\/www.webdo.tn\/fr\/wp-content\/uploads\/2025\/06\/Webdo-Tunisie_168377.jpg","contentUrl":"https:\/\/www.webdo.tn\/fr\/wp-content\/uploads\/2025\/06\/Webdo-Tunisie_168377.jpg","width":301,"height":301,"caption":"Webdo"},"image":{"@id":"https:\/\/www.webdo.tn\/fr\/#\/schema\/logo\/image\/"},"sameAs":["https:\/\/www.facebook.com\/webdotn","https:\/\/x.com\/webdo_tn"],"description":"Webdo est un m\u00e9dia num\u00e9rique tunisien fond\u00e9 en 2010, sp\u00e9cialis\u00e9 dans l\u2019actualit\u00e9 nationale et internationale, l\u2019\u00e9conomie, la soci\u00e9t\u00e9 et les analyses politiques. Le site s\u2019adresse \u00e0 un large public francophone et couvre l\u2019information tunisienne en temps r\u00e9el.","email":"redac@webdo.tn","legalName":"YNJ SARL","foundingDate":"2010-09-06","numberOfEmployees":{"@type":"QuantitativeValue","minValue":"11","maxValue":"50"}},{"@type":"Person","@id":"https:\/\/www.webdo.tn\/fr\/#\/schema\/person\/f16bf91e3b3c6347371884777659f9d8","name":"WB","image":{"@type":"ImageObject","inLanguage":"fr-FR","@id":"https:\/\/secure.gravatar.com\/avatar\/fd3caf00dbfd4b6d6ce43e8ea4748ed2e4d0fae2c3a87c1e2f6ba0a54c3ab5cb?s=96&d=mm&r=g","url":"https:\/\/secure.gravatar.com\/avatar\/fd3caf00dbfd4b6d6ce43e8ea4748ed2e4d0fae2c3a87c1e2f6ba0a54c3ab5cb?s=96&d=mm&r=g","contentUrl":"https:\/\/secure.gravatar.com\/avatar\/fd3caf00dbfd4b6d6ce43e8ea4748ed2e4d0fae2c3a87c1e2f6ba0a54c3ab5cb?s=96&d=mm&r=g","caption":"WB"},"url":"https:\/\/www.webdo.tn\/fr\/actualite\/author\/wb\/"}]}},"_links":{"self":[{"href":"https:\/\/www.webdo.tn\/fr\/wp-json\/wp\/v2\/posts\/212328","targetHints":{"allow":["GET"]}}],"collection":[{"href":"https:\/\/www.webdo.tn\/fr\/wp-json\/wp\/v2\/posts"}],"about":[{"href":"https:\/\/www.webdo.tn\/fr\/wp-json\/wp\/v2\/types\/post"}],"author":[{"embeddable":true,"href":"https:\/\/www.webdo.tn\/fr\/wp-json\/wp\/v2\/users\/3182"}],"replies":[{"embeddable":true,"href":"https:\/\/www.webdo.tn\/fr\/wp-json\/wp\/v2\/comments?post=212328"}],"version-history":[{"count":0,"href":"https:\/\/www.webdo.tn\/fr\/wp-json\/wp\/v2\/posts\/212328\/revisions"}],"wp:featuredmedia":[{"embeddable":true,"href":"https:\/\/www.webdo.tn\/fr\/wp-json\/wp\/v2\/media\/247987"}],"wp:attachment":[{"href":"https:\/\/www.webdo.tn\/fr\/wp-json\/wp\/v2\/media?parent=212328"}],"wp:term":[{"taxonomy":"category","embeddable":true,"href":"https:\/\/www.webdo.tn\/fr\/wp-json\/wp\/v2\/categories?post=212328"},{"taxonomy":"post_tag","embeddable":true,"href":"https:\/\/www.webdo.tn\/fr\/wp-json\/wp\/v2\/tags?post=212328"}],"curies":[{"name":"wp","href":"https:\/\/api.w.org\/{rel}","templated":true}]}}