{"id":212320,"date":"2024-02-15T16:01:00","date_gmt":"2024-02-15T16:01:00","guid":{"rendered":"https:\/\/www.webdo.tn\/fr\/blog\/tunisie-une-embarcation-avec-152-migrants-a-son-bord-prend-feu-9-morts\/212320\/"},"modified":"2025-05-20T22:11:50","modified_gmt":"2025-05-20T22:11:50","slug":"tunisie-une-embarcation-avec-152-migrants-a-son-bord-prend-feu-9-morts","status":"publish","type":"post","link":"https:\/\/www.webdo.tn\/fr\/actualite\/national\/tunisie-une-embarcation-avec-152-migrants-a-son-bord-prend-feu-9-morts\/212320\/","title":{"rendered":"Tunisie : Une embarcation avec 152 migrants \u00e0 son bord prend feu, 9 morts"},"content":{"rendered":"<p>Une embarcation, avec \u00e0 son bord 152 migrants irr\u00e9guliers, a pris feu, aujourd\u2019hui au large des c\u00f4tes de Zarzis.<\/p>\n<p>\t\t\t\t\t\t\t\t\tL\u2019incendie, qui s&rsquo;est d\u00e9clar\u00e9 sur cette embarcation transportant 152 migrants originaires du Bangladesh, d&rsquo;Egypte et du Soudan, a fait 9 morts selon un bilan encore provisoire annonc\u00e9 par Mustapha Abdelkebir, directeur de l&rsquo;Observatoire tunisien des droits de l&rsquo;homme.<\/p>\n<p>Ce dernier a confirm\u00e9 que m\u2019embarcation a fait naufrage au large de Zarzis avec \u00e0 son bord 152 migrants.<\/p>\n<p>Le bateau \u00e9tait parti des c\u00f4tes libyennes, et les op\u00e9rations de sauvetage sont en cours, indique-t-il.<\/p>\n","protected":false},"excerpt":{"rendered":"<p>Un incendie s&rsquo;est d\u00e9clar\u00e9 sur une embarcation de migrants, faisant 9 morts au large des c\u00f4tes de Zarzis.<\/p>\n","protected":false},"author":3162,"featured_media":290237,"comment_status":"open","ping_status":"closed","sticky":false,"template":"","format":"standard","meta":{"footnotes":""},"categories":[44],"tags":[4879,3089,2894,2608,6490],"class_list":["post-212320","post","type-post","status-publish","format-standard","has-post-thumbnail","hentry","category-national","tag-embarcation","tag-incendie","tag-migrants","tag-tunisie","tag-zarzis"],"yoast_head":"<!-- This site is optimized with the Yoast SEO Premium plugin v27.4 (Yoast SEO v27.5) - https:\/\/yoast.com\/product\/yoast-seo-premium-wordpress\/ -->\n<title>Tunisie : Une embarcation avec 152 migrants \u00e0 son bord prend feu, 9 morts<\/title>\n<meta name=\"description\" content=\"Un incendie s&#039;est d\u00e9clar\u00e9 sur une embarcation de migrants, faisant 9 morts au large des c\u00f4tes de Zarzis.\" \/>\n<link rel=\"canonical\" href=\"https:\/\/www.webdo.tn\/fr\/actualite\/national\/tunisie-une-embarcation-avec-152-migrants-a-son-bord-prend-feu-9-morts\/212320\/\" \/>\n<meta property=\"og:locale\" content=\"fr_FR\" \/>\n<meta property=\"og:type\" content=\"article\" \/>\n<meta property=\"og:title\" content=\"Tunisie : Une embarcation avec 152 migrants \u00e0 son bord prend feu, 9 morts\" \/>\n<meta property=\"og:description\" content=\"Un incendie s&#039;est d\u00e9clar\u00e9 sur une embarcation de migrants, faisant 9 morts au large des c\u00f4tes de Zarzis.\" \/>\n<meta property=\"og:url\" content=\"https:\/\/www.webdo.tn\/fr\/actualite\/national\/tunisie-une-embarcation-avec-152-migrants-a-son-bord-prend-feu-9-morts\/212320\/\" \/>\n<meta property=\"og:site_name\" content=\"webdo\" \/>\n<meta property=\"article:publisher\" content=\"https:\/\/www.facebook.com\/webdotn\" \/>\n<meta property=\"article:published_time\" content=\"2024-02-15T16:01:00+00:00\" \/>\n<meta property=\"article:modified_time\" content=\"2025-05-20T22:11:50+00:00\" \/>\n<meta property=\"og:image\" content=\"https:\/\/www.webdo.tn\/fr\/wp-content\/uploads\/2024\/02\/9744d5ec691044fc29bb34fbc08f9195.jpg\" \/>\n\t<meta property=\"og:image:width\" content=\"750\" \/>\n\t<meta property=\"og:image:height\" content=\"400\" \/>\n\t<meta property=\"og:image:type\" content=\"image\/jpeg\" \/>\n<meta name=\"author\" content=\"MC\" \/>\n<meta name=\"twitter:card\" content=\"summary_large_image\" \/>\n<meta name=\"twitter:creator\" content=\"@webdo_tn\" \/>\n<meta name=\"twitter:site\" content=\"@webdo_tn\" \/>\n<meta name=\"twitter:label1\" content=\"\u00c9crit par\" \/>\n\t<meta name=\"twitter:data1\" content=\"MC\" \/>\n<script type=\"application\/ld+json\" class=\"yoast-schema-graph\">{\"@context\":\"https:\\\/\\\/schema.org\",\"@graph\":[{\"@type\":\"NewsArticle\",\"@id\":\"https:\\\/\\\/www.webdo.tn\\\/fr\\\/actualite\\\/national\\\/tunisie-une-embarcation-avec-152-migrants-a-son-bord-prend-feu-9-morts\\\/212320\\\/#article\",\"isPartOf\":{\"@id\":\"https:\\\/\\\/www.webdo.tn\\\/fr\\\/actualite\\\/national\\\/tunisie-une-embarcation-avec-152-migrants-a-son-bord-prend-feu-9-morts\\\/212320\\\/\"},\"author\":{\"name\":\"MC\",\"@id\":\"https:\\\/\\\/www.webdo.tn\\\/fr\\\/#\\\/schema\\\/person\\\/2c4929cbf5a809e3bd38617c6ce150f6\"},\"headline\":\"Tunisie : Une embarcation avec 152 migrants \u00e0 son bord prend feu, 9 morts\",\"datePublished\":\"2024-02-15T16:01:00+00:00\",\"dateModified\":\"2025-05-20T22:11:50+00:00\",\"mainEntityOfPage\":{\"@id\":\"https:\\\/\\\/www.webdo.tn\\\/fr\\\/actualite\\\/national\\\/tunisie-une-embarcation-avec-152-migrants-a-son-bord-prend-feu-9-morts\\\/212320\\\/\"},\"wordCount\":108,\"commentCount\":0,\"publisher\":{\"@id\":\"https:\\\/\\\/www.webdo.tn\\\/fr\\\/#organization\"},\"image\":{\"@id\":\"https:\\\/\\\/www.webdo.tn\\\/fr\\\/actualite\\\/national\\\/tunisie-une-embarcation-avec-152-migrants-a-son-bord-prend-feu-9-morts\\\/212320\\\/#primaryimage\"},\"thumbnailUrl\":\"https:\\\/\\\/www.webdo.tn\\\/fr\\\/wp-content\\\/uploads\\\/2024\\\/02\\\/9744d5ec691044fc29bb34fbc08f9195.jpg\",\"keywords\":[\"embarcation\",\"incendie\",\"migrants\",\"Tunisie\",\"Zarzis\"],\"articleSection\":[\"National\"],\"inLanguage\":\"fr-FR\"},{\"@type\":\"WebPage\",\"@id\":\"https:\\\/\\\/www.webdo.tn\\\/fr\\\/actualite\\\/national\\\/tunisie-une-embarcation-avec-152-migrants-a-son-bord-prend-feu-9-morts\\\/212320\\\/\",\"url\":\"https:\\\/\\\/www.webdo.tn\\\/fr\\\/actualite\\\/national\\\/tunisie-une-embarcation-avec-152-migrants-a-son-bord-prend-feu-9-morts\\\/212320\\\/\",\"name\":\"Tunisie : Une embarcation avec 152 migrants \u00e0 son bord prend feu, 9 morts\",\"isPartOf\":{\"@id\":\"https:\\\/\\\/www.webdo.tn\\\/fr\\\/#website\"},\"primaryImageOfPage\":{\"@id\":\"https:\\\/\\\/www.webdo.tn\\\/fr\\\/actualite\\\/national\\\/tunisie-une-embarcation-avec-152-migrants-a-son-bord-prend-feu-9-morts\\\/212320\\\/#primaryimage\"},\"image\":{\"@id\":\"https:\\\/\\\/www.webdo.tn\\\/fr\\\/actualite\\\/national\\\/tunisie-une-embarcation-avec-152-migrants-a-son-bord-prend-feu-9-morts\\\/212320\\\/#primaryimage\"},\"thumbnailUrl\":\"https:\\\/\\\/www.webdo.tn\\\/fr\\\/wp-content\\\/uploads\\\/2024\\\/02\\\/9744d5ec691044fc29bb34fbc08f9195.jpg\",\"datePublished\":\"2024-02-15T16:01:00+00:00\",\"dateModified\":\"2025-05-20T22:11:50+00:00\",\"description\":\"Un incendie s'est d\u00e9clar\u00e9 sur une embarcation de migrants, faisant 9 morts au large des c\u00f4tes de Zarzis.\",\"breadcrumb\":{\"@id\":\"https:\\\/\\\/www.webdo.tn\\\/fr\\\/actualite\\\/national\\\/tunisie-une-embarcation-avec-152-migrants-a-son-bord-prend-feu-9-morts\\\/212320\\\/#breadcrumb\"},\"inLanguage\":\"fr-FR\",\"potentialAction\":[{\"@type\":\"ReadAction\",\"target\":[\"https:\\\/\\\/www.webdo.tn\\\/fr\\\/actualite\\\/national\\\/tunisie-une-embarcation-avec-152-migrants-a-son-bord-prend-feu-9-morts\\\/212320\\\/\"]}]},{\"@type\":\"ImageObject\",\"inLanguage\":\"fr-FR\",\"@id\":\"https:\\\/\\\/www.webdo.tn\\\/fr\\\/actualite\\\/national\\\/tunisie-une-embarcation-avec-152-migrants-a-son-bord-prend-feu-9-morts\\\/212320\\\/#primaryimage\",\"url\":\"https:\\\/\\\/www.webdo.tn\\\/fr\\\/wp-content\\\/uploads\\\/2024\\\/02\\\/9744d5ec691044fc29bb34fbc08f9195.jpg\",\"contentUrl\":\"https:\\\/\\\/www.webdo.tn\\\/fr\\\/wp-content\\\/uploads\\\/2024\\\/02\\\/9744d5ec691044fc29bb34fbc08f9195.jpg\",\"width\":750,\"height\":400,\"caption\":\"Tunisie : Une embarcation avec 152 migrants \u00e0 son bord prend feu, 9 morts\"},{\"@type\":\"BreadcrumbList\",\"@id\":\"https:\\\/\\\/www.webdo.tn\\\/fr\\\/actualite\\\/national\\\/tunisie-une-embarcation-avec-152-migrants-a-son-bord-prend-feu-9-morts\\\/212320\\\/#breadcrumb\",\"itemListElement\":[{\"@type\":\"ListItem\",\"position\":1,\"name\":\"Accueil\",\"item\":\"https:\\\/\\\/www.webdo.tn\\\/fr\\\/\"},{\"@type\":\"ListItem\",\"position\":2,\"name\":\"Tunisie : Une embarcation avec 152 migrants \u00e0 son bord prend feu, 9 morts\"}]},{\"@type\":\"WebSite\",\"@id\":\"https:\\\/\\\/www.webdo.tn\\\/fr\\\/#website\",\"url\":\"https:\\\/\\\/www.webdo.tn\\\/fr\\\/\",\"name\":\"webdo\",\"description\":\"Tunisie - News en Tunisie et \u00e0 l&#039;international sur Webdo.tn\",\"publisher\":{\"@id\":\"https:\\\/\\\/www.webdo.tn\\\/fr\\\/#organization\"},\"potentialAction\":[{\"@type\":\"SearchAction\",\"target\":{\"@type\":\"EntryPoint\",\"urlTemplate\":\"https:\\\/\\\/www.webdo.tn\\\/fr\\\/?s={search_term_string}\"},\"query-input\":{\"@type\":\"PropertyValueSpecification\",\"valueRequired\":true,\"valueName\":\"search_term_string\"}}],\"inLanguage\":\"fr-FR\"},{\"@type\":\"Organization\",\"@id\":\"https:\\\/\\\/www.webdo.tn\\\/fr\\\/#organization\",\"name\":\"Webdo\",\"alternateName\":\"Webdo.tn\",\"url\":\"https:\\\/\\\/www.webdo.tn\\\/fr\\\/\",\"logo\":{\"@type\":\"ImageObject\",\"inLanguage\":\"fr-FR\",\"@id\":\"https:\\\/\\\/www.webdo.tn\\\/fr\\\/#\\\/schema\\\/logo\\\/image\\\/\",\"url\":\"https:\\\/\\\/www.webdo.tn\\\/fr\\\/wp-content\\\/uploads\\\/2025\\\/06\\\/Webdo-Tunisie_168377.jpg\",\"contentUrl\":\"https:\\\/\\\/www.webdo.tn\\\/fr\\\/wp-content\\\/uploads\\\/2025\\\/06\\\/Webdo-Tunisie_168377.jpg\",\"width\":301,\"height\":301,\"caption\":\"Webdo\"},\"image\":{\"@id\":\"https:\\\/\\\/www.webdo.tn\\\/fr\\\/#\\\/schema\\\/logo\\\/image\\\/\"},\"sameAs\":[\"https:\\\/\\\/www.facebook.com\\\/webdotn\",\"https:\\\/\\\/x.com\\\/webdo_tn\"],\"description\":\"Webdo est un m\u00e9dia num\u00e9rique tunisien fond\u00e9 en 2010, sp\u00e9cialis\u00e9 dans l\u2019actualit\u00e9 nationale et internationale, l\u2019\u00e9conomie, la soci\u00e9t\u00e9 et les analyses politiques. Le site s\u2019adresse \u00e0 un large public francophone et couvre l\u2019information tunisienne en temps r\u00e9el.\",\"email\":\"redac@webdo.tn\",\"legalName\":\"YNJ SARL\",\"foundingDate\":\"2010-09-06\",\"numberOfEmployees\":{\"@type\":\"QuantitativeValue\",\"minValue\":\"11\",\"maxValue\":\"50\"}},{\"@type\":\"Person\",\"@id\":\"https:\\\/\\\/www.webdo.tn\\\/fr\\\/#\\\/schema\\\/person\\\/2c4929cbf5a809e3bd38617c6ce150f6\",\"name\":\"MC\",\"image\":{\"@type\":\"ImageObject\",\"inLanguage\":\"fr-FR\",\"@id\":\"https:\\\/\\\/secure.gravatar.com\\\/avatar\\\/a545bbb6f84efdd5553dbbc2895e3ca8f1d12c5215e00a041c9670b54aa9b18a?s=96&d=mm&r=g\",\"url\":\"https:\\\/\\\/secure.gravatar.com\\\/avatar\\\/a545bbb6f84efdd5553dbbc2895e3ca8f1d12c5215e00a041c9670b54aa9b18a?s=96&d=mm&r=g\",\"contentUrl\":\"https:\\\/\\\/secure.gravatar.com\\\/avatar\\\/a545bbb6f84efdd5553dbbc2895e3ca8f1d12c5215e00a041c9670b54aa9b18a?s=96&d=mm&r=g\",\"caption\":\"MC\"},\"url\":\"https:\\\/\\\/www.webdo.tn\\\/fr\\\/actualite\\\/author\\\/mc\\\/\"}]}<\/script>\n<!-- \/ Yoast SEO Premium plugin. -->","yoast_head_json":{"title":"Tunisie : Une embarcation avec 152 migrants \u00e0 son bord prend feu, 9 morts","description":"Un incendie s'est d\u00e9clar\u00e9 sur une embarcation de migrants, faisant 9 morts au large des c\u00f4tes de Zarzis.","canonical":"https:\/\/www.webdo.tn\/fr\/actualite\/national\/tunisie-une-embarcation-avec-152-migrants-a-son-bord-prend-feu-9-morts\/212320\/","og_locale":"fr_FR","og_type":"article","og_title":"Tunisie : Une embarcation avec 152 migrants \u00e0 son bord prend feu, 9 morts","og_description":"Un incendie s'est d\u00e9clar\u00e9 sur une embarcation de migrants, faisant 9 morts au large des c\u00f4tes de Zarzis.","og_url":"https:\/\/www.webdo.tn\/fr\/actualite\/national\/tunisie-une-embarcation-avec-152-migrants-a-son-bord-prend-feu-9-morts\/212320\/","og_site_name":"webdo","article_publisher":"https:\/\/www.facebook.com\/webdotn","article_published_time":"2024-02-15T16:01:00+00:00","article_modified_time":"2025-05-20T22:11:50+00:00","og_image":[{"width":750,"height":400,"url":"https:\/\/www.webdo.tn\/fr\/wp-content\/uploads\/2024\/02\/9744d5ec691044fc29bb34fbc08f9195.jpg","type":"image\/jpeg"}],"author":"MC","twitter_card":"summary_large_image","twitter_creator":"@webdo_tn","twitter_site":"@webdo_tn","twitter_misc":{"\u00c9crit par":"MC"},"schema":{"@context":"https:\/\/schema.org","@graph":[{"@type":"NewsArticle","@id":"https:\/\/www.webdo.tn\/fr\/actualite\/national\/tunisie-une-embarcation-avec-152-migrants-a-son-bord-prend-feu-9-morts\/212320\/#article","isPartOf":{"@id":"https:\/\/www.webdo.tn\/fr\/actualite\/national\/tunisie-une-embarcation-avec-152-migrants-a-son-bord-prend-feu-9-morts\/212320\/"},"author":{"name":"MC","@id":"https:\/\/www.webdo.tn\/fr\/#\/schema\/person\/2c4929cbf5a809e3bd38617c6ce150f6"},"headline":"Tunisie : Une embarcation avec 152 migrants \u00e0 son bord prend feu, 9 morts","datePublished":"2024-02-15T16:01:00+00:00","dateModified":"2025-05-20T22:11:50+00:00","mainEntityOfPage":{"@id":"https:\/\/www.webdo.tn\/fr\/actualite\/national\/tunisie-une-embarcation-avec-152-migrants-a-son-bord-prend-feu-9-morts\/212320\/"},"wordCount":108,"commentCount":0,"publisher":{"@id":"https:\/\/www.webdo.tn\/fr\/#organization"},"image":{"@id":"https:\/\/www.webdo.tn\/fr\/actualite\/national\/tunisie-une-embarcation-avec-152-migrants-a-son-bord-prend-feu-9-morts\/212320\/#primaryimage"},"thumbnailUrl":"https:\/\/www.webdo.tn\/fr\/wp-content\/uploads\/2024\/02\/9744d5ec691044fc29bb34fbc08f9195.jpg","keywords":["embarcation","incendie","migrants","Tunisie","Zarzis"],"articleSection":["National"],"inLanguage":"fr-FR"},{"@type":"WebPage","@id":"https:\/\/www.webdo.tn\/fr\/actualite\/national\/tunisie-une-embarcation-avec-152-migrants-a-son-bord-prend-feu-9-morts\/212320\/","url":"https:\/\/www.webdo.tn\/fr\/actualite\/national\/tunisie-une-embarcation-avec-152-migrants-a-son-bord-prend-feu-9-morts\/212320\/","name":"Tunisie : Une embarcation avec 152 migrants \u00e0 son bord prend feu, 9 morts","isPartOf":{"@id":"https:\/\/www.webdo.tn\/fr\/#website"},"primaryImageOfPage":{"@id":"https:\/\/www.webdo.tn\/fr\/actualite\/national\/tunisie-une-embarcation-avec-152-migrants-a-son-bord-prend-feu-9-morts\/212320\/#primaryimage"},"image":{"@id":"https:\/\/www.webdo.tn\/fr\/actualite\/national\/tunisie-une-embarcation-avec-152-migrants-a-son-bord-prend-feu-9-morts\/212320\/#primaryimage"},"thumbnailUrl":"https:\/\/www.webdo.tn\/fr\/wp-content\/uploads\/2024\/02\/9744d5ec691044fc29bb34fbc08f9195.jpg","datePublished":"2024-02-15T16:01:00+00:00","dateModified":"2025-05-20T22:11:50+00:00","description":"Un incendie s'est d\u00e9clar\u00e9 sur une embarcation de migrants, faisant 9 morts au large des c\u00f4tes de Zarzis.","breadcrumb":{"@id":"https:\/\/www.webdo.tn\/fr\/actualite\/national\/tunisie-une-embarcation-avec-152-migrants-a-son-bord-prend-feu-9-morts\/212320\/#breadcrumb"},"inLanguage":"fr-FR","potentialAction":[{"@type":"ReadAction","target":["https:\/\/www.webdo.tn\/fr\/actualite\/national\/tunisie-une-embarcation-avec-152-migrants-a-son-bord-prend-feu-9-morts\/212320\/"]}]},{"@type":"ImageObject","inLanguage":"fr-FR","@id":"https:\/\/www.webdo.tn\/fr\/actualite\/national\/tunisie-une-embarcation-avec-152-migrants-a-son-bord-prend-feu-9-morts\/212320\/#primaryimage","url":"https:\/\/www.webdo.tn\/fr\/wp-content\/uploads\/2024\/02\/9744d5ec691044fc29bb34fbc08f9195.jpg","contentUrl":"https:\/\/www.webdo.tn\/fr\/wp-content\/uploads\/2024\/02\/9744d5ec691044fc29bb34fbc08f9195.jpg","width":750,"height":400,"caption":"Tunisie : Une embarcation avec 152 migrants \u00e0 son bord prend feu, 9 morts"},{"@type":"BreadcrumbList","@id":"https:\/\/www.webdo.tn\/fr\/actualite\/national\/tunisie-une-embarcation-avec-152-migrants-a-son-bord-prend-feu-9-morts\/212320\/#breadcrumb","itemListElement":[{"@type":"ListItem","position":1,"name":"Accueil","item":"https:\/\/www.webdo.tn\/fr\/"},{"@type":"ListItem","position":2,"name":"Tunisie : Une embarcation avec 152 migrants \u00e0 son bord prend feu, 9 morts"}]},{"@type":"WebSite","@id":"https:\/\/www.webdo.tn\/fr\/#website","url":"https:\/\/www.webdo.tn\/fr\/","name":"webdo","description":"Tunisie - News en Tunisie et \u00e0 l&#039;international sur Webdo.tn","publisher":{"@id":"https:\/\/www.webdo.tn\/fr\/#organization"},"potentialAction":[{"@type":"SearchAction","target":{"@type":"EntryPoint","urlTemplate":"https:\/\/www.webdo.tn\/fr\/?s={search_term_string}"},"query-input":{"@type":"PropertyValueSpecification","valueRequired":true,"valueName":"search_term_string"}}],"inLanguage":"fr-FR"},{"@type":"Organization","@id":"https:\/\/www.webdo.tn\/fr\/#organization","name":"Webdo","alternateName":"Webdo.tn","url":"https:\/\/www.webdo.tn\/fr\/","logo":{"@type":"ImageObject","inLanguage":"fr-FR","@id":"https:\/\/www.webdo.tn\/fr\/#\/schema\/logo\/image\/","url":"https:\/\/www.webdo.tn\/fr\/wp-content\/uploads\/2025\/06\/Webdo-Tunisie_168377.jpg","contentUrl":"https:\/\/www.webdo.tn\/fr\/wp-content\/uploads\/2025\/06\/Webdo-Tunisie_168377.jpg","width":301,"height":301,"caption":"Webdo"},"image":{"@id":"https:\/\/www.webdo.tn\/fr\/#\/schema\/logo\/image\/"},"sameAs":["https:\/\/www.facebook.com\/webdotn","https:\/\/x.com\/webdo_tn"],"description":"Webdo est un m\u00e9dia num\u00e9rique tunisien fond\u00e9 en 2010, sp\u00e9cialis\u00e9 dans l\u2019actualit\u00e9 nationale et internationale, l\u2019\u00e9conomie, la soci\u00e9t\u00e9 et les analyses politiques. Le site s\u2019adresse \u00e0 un large public francophone et couvre l\u2019information tunisienne en temps r\u00e9el.","email":"redac@webdo.tn","legalName":"YNJ SARL","foundingDate":"2010-09-06","numberOfEmployees":{"@type":"QuantitativeValue","minValue":"11","maxValue":"50"}},{"@type":"Person","@id":"https:\/\/www.webdo.tn\/fr\/#\/schema\/person\/2c4929cbf5a809e3bd38617c6ce150f6","name":"MC","image":{"@type":"ImageObject","inLanguage":"fr-FR","@id":"https:\/\/secure.gravatar.com\/avatar\/a545bbb6f84efdd5553dbbc2895e3ca8f1d12c5215e00a041c9670b54aa9b18a?s=96&d=mm&r=g","url":"https:\/\/secure.gravatar.com\/avatar\/a545bbb6f84efdd5553dbbc2895e3ca8f1d12c5215e00a041c9670b54aa9b18a?s=96&d=mm&r=g","contentUrl":"https:\/\/secure.gravatar.com\/avatar\/a545bbb6f84efdd5553dbbc2895e3ca8f1d12c5215e00a041c9670b54aa9b18a?s=96&d=mm&r=g","caption":"MC"},"url":"https:\/\/www.webdo.tn\/fr\/actualite\/author\/mc\/"}]}},"_links":{"self":[{"href":"https:\/\/www.webdo.tn\/fr\/wp-json\/wp\/v2\/posts\/212320","targetHints":{"allow":["GET"]}}],"collection":[{"href":"https:\/\/www.webdo.tn\/fr\/wp-json\/wp\/v2\/posts"}],"about":[{"href":"https:\/\/www.webdo.tn\/fr\/wp-json\/wp\/v2\/types\/post"}],"author":[{"embeddable":true,"href":"https:\/\/www.webdo.tn\/fr\/wp-json\/wp\/v2\/users\/3162"}],"replies":[{"embeddable":true,"href":"https:\/\/www.webdo.tn\/fr\/wp-json\/wp\/v2\/comments?post=212320"}],"version-history":[{"count":0,"href":"https:\/\/www.webdo.tn\/fr\/wp-json\/wp\/v2\/posts\/212320\/revisions"}],"wp:featuredmedia":[{"embeddable":true,"href":"https:\/\/www.webdo.tn\/fr\/wp-json\/wp\/v2\/media\/290237"}],"wp:attachment":[{"href":"https:\/\/www.webdo.tn\/fr\/wp-json\/wp\/v2\/media?parent=212320"}],"wp:term":[{"taxonomy":"category","embeddable":true,"href":"https:\/\/www.webdo.tn\/fr\/wp-json\/wp\/v2\/categories?post=212320"},{"taxonomy":"post_tag","embeddable":true,"href":"https:\/\/www.webdo.tn\/fr\/wp-json\/wp\/v2\/tags?post=212320"}],"curies":[{"name":"wp","href":"https:\/\/api.w.org\/{rel}","templated":true}]}}