{"id":212317,"date":"2024-02-15T15:29:00","date_gmt":"2024-02-15T15:29:00","guid":{"rendered":"https:\/\/www.webdo.tn\/fr\/blog\/tunisie-la-bei-prete-a-financer-l-agrandissement-de-l-aeroport-tunis-carthage\/212317\/"},"modified":"2025-05-20T22:33:30","modified_gmt":"2025-05-20T22:33:30","slug":"tunisie-la-bei-prete-a-financer-l-agrandissement-de-l-aeroport-tunis-carthage","status":"publish","type":"post","link":"https:\/\/www.webdo.tn\/fr\/actualite\/national\/tunisie-la-bei-prete-a-financer-l-agrandissement-de-l-aeroport-tunis-carthage\/212317\/","title":{"rendered":"Tunisie : La BEI pr\u00eate \u00e0 financer l\u2019agrandissement de l\u2019a\u00e9roport Tunis-Carthage"},"content":{"rendered":"<p>Lors d\u2019un d\u00e9jeuner de presse organis\u00e9, ce jeudi 15 f\u00e9vrier, aux Berges du Lac, le Chef de la Repr\u00e9sentation r\u00e9gionale de la BEI, Jean-Luc Rev\u00e9reault, a indiqu\u00e9 que l\u2019activit\u00e9 de financement globale de la Banque en 2023 a \u00e9t\u00e9 de l\u2019ordre de 87,85 milliards d\u2019euros dont 8,6 milliards en dehors de l\u2019espace europ\u00e9en.<\/p>\n<p>\t\t\t\t\t\t\t\t\tLe Chef de la Repr\u00e9sentation r\u00e9gionale a soulign\u00e9 que la Tunisie a b\u00e9n\u00e9fici\u00e9, en 10 ans, d\u2019un financement de la BEI de l\u2019ordre de 2,1 milliards d\u2019euros dont 97 millions d\u2019euros au cours de l\u2019ann\u00e9e 2023.<\/p>\n<p>Le responsable de la Banque a pr\u00e9cis\u00e9 que l\u2019Education, l\u2019Energie et l\u2019Inclusion financi\u00e8re sont les principaux domaines qui ont b\u00e9n\u00e9fici\u00e9 de ce financement.<\/p>\n<p>Il a cit\u00e9 \u00e0, cet effet, le projet du RFR qui a b\u00e9n\u00e9fici\u00e9 d\u2019un financement de 23,8 millions d\u2019euros, l\u2019assainissement du Lac de Bizerte (1,52 million d\u2019euros), l\u2019\u00e9dification d\u2019\u00e9tablissements scolaires (36,5 millions d\u2019euros) et le transport d\u2019\u00e9lectricit\u00e9 (4 millions d\u2019euros).<\/p>\n<p>Pour les perspectives de 2024, Jean-Luc Rev\u00e9reault a r\u00e9it\u00e9r\u00e9 l\u2019int\u00e9r\u00eat de la Banque pour les projets environnementaux comme l\u2019approvisionnement en eau, la production et le transport de l\u2019\u00e9lectricit\u00e9, ainsi que les projets d\u2019infrastructures de transport.<\/p>\n<p>Le responsable s\u2019est dit, \u00e0 cet effet, que la Banque est pr\u00eate \u00e0 contribuer au financement du projet d\u2019agrandissement de l\u2019a\u00e9roport Tunis-Carthage si les autorit\u00e9s tunisiennes en expriment le souhait.<\/p>\n<p>Rappelons, dans ce contexte, que\u00a0 le Chef du gouvernement, Ahmed Hachani, a pr\u00e9sid\u00e9, le 6 f\u00e9vrier dernier, un conseil minist\u00e9riel consacr\u00e9 au projet d&rsquo;extension de l&rsquo;a\u00e9roport international de Tunis-Carthage.<\/p>\n<p>Le Conseil a examin\u00e9 les propositions donn\u00e9es par le minist\u00e8re du Transport pour l&rsquo;extension de l&rsquo;a\u00e9rogare de l&rsquo;A\u00e9roport International Tunis Carthage.<\/p>\n<p>En effet, le Conseil a approuv\u00e9 la proposition de mise en \u0153uvre d&rsquo;un ensemble de projets comprenant la construction d&rsquo;un nouveau terminal a\u00e9rien d&rsquo;une superficie couverte d&rsquo;environ 80 000 m\u00e8tres carr\u00e9s et d&rsquo;une capacit\u00e9 estim\u00e9e \u00e0 8 millions de passagers par an, ce qui portera la capacit\u00e9 de l&rsquo;a\u00e9roport \u00e0 13 millions de passagers par an.<\/p>\n<p>Le projet comprend \u00e9galement :<\/p>\n<p>\tle remplacement et l&rsquo;agrandissement du viaduc de l&rsquo;a\u00e9roport<br \/>\n\tla construction d&rsquo;une nouvelle tour de contr\u00f4le<br \/>\n\tla construction de la ligne de m\u00e9tro Lac de Tunis- Bhar Lazreg<br \/>\n\tla construction d&rsquo;une ligne ferroviaire \u00e0 grande vitesse reliant les a\u00e9roports de Tunis Carthage Enfidha-Hammamet<br \/>\n\tdes composantes visant \u00e0 relier l&rsquo;a\u00e9roport au centre de la capitale par une ligne ferroviaire.<\/p>\n","protected":false},"excerpt":{"rendered":"<p>Le Chef de la Repr\u00e9sentation r\u00e9gionale a soulign\u00e9 que la Tunisie a b\u00e9n\u00e9fici\u00e9, en 10 ans, d\u2019un financement de la BEI de l\u2019ordre de 2,1 milliards d\u2019euros dont 97&#8230;<\/p>\n","protected":false},"author":3169,"featured_media":290235,"comment_status":"open","ping_status":"closed","sticky":false,"template":"","format":"standard","meta":{"footnotes":""},"categories":[44],"tags":[4092,2883,2884,2608],"class_list":["post-212317","post","type-post","status-publish","format-standard","has-post-thumbnail","hentry","category-national","tag-aeroport-tunis-carthage","tag-bei","tag-financement","tag-tunisie"],"yoast_head":"<!-- This site is optimized with the Yoast SEO Premium plugin v27.4 (Yoast SEO v27.5) - https:\/\/yoast.com\/product\/yoast-seo-premium-wordpress\/ -->\n<title>Tunisie : La BEI pr\u00eate \u00e0 financer l\u2019agrandissement de l\u2019a\u00e9roport Tunis-Carthage<\/title>\n<meta name=\"description\" content=\"Le Chef de la Repr\u00e9sentation r\u00e9gionale a soulign\u00e9 que la Tunisie a b\u00e9n\u00e9fici\u00e9, en 10 ans, d\u2019un financement de la BEI de l\u2019ordre de 2,1 milliards d\u2019euros dont 97...\" \/>\n<link rel=\"canonical\" href=\"https:\/\/www.webdo.tn\/fr\/actualite\/national\/tunisie-la-bei-prete-a-financer-l-agrandissement-de-l-aeroport-tunis-carthage\/212317\/\" \/>\n<meta property=\"og:locale\" content=\"fr_FR\" \/>\n<meta property=\"og:type\" content=\"article\" \/>\n<meta property=\"og:title\" content=\"Tunisie : La BEI pr\u00eate \u00e0 financer l\u2019agrandissement de l\u2019a\u00e9roport Tunis-Carthage\" \/>\n<meta property=\"og:description\" content=\"Le Chef de la Repr\u00e9sentation r\u00e9gionale a soulign\u00e9 que la Tunisie a b\u00e9n\u00e9fici\u00e9, en 10 ans, d\u2019un financement de la BEI de l\u2019ordre de 2,1 milliards d\u2019euros dont 97...\" \/>\n<meta property=\"og:url\" content=\"https:\/\/www.webdo.tn\/fr\/actualite\/national\/tunisie-la-bei-prete-a-financer-l-agrandissement-de-l-aeroport-tunis-carthage\/212317\/\" \/>\n<meta property=\"og:site_name\" content=\"webdo\" \/>\n<meta property=\"article:publisher\" content=\"https:\/\/www.facebook.com\/webdotn\" \/>\n<meta property=\"article:published_time\" content=\"2024-02-15T15:29:00+00:00\" \/>\n<meta property=\"article:modified_time\" content=\"2025-05-20T22:33:30+00:00\" \/>\n<meta property=\"og:image\" content=\"https:\/\/www.webdo.tn\/fr\/wp-content\/uploads\/2024\/02\/7e5dc11e14ee586127b3abe23bfd2ec3.jpg\" \/>\n\t<meta property=\"og:image:width\" content=\"750\" \/>\n\t<meta property=\"og:image:height\" content=\"400\" \/>\n\t<meta property=\"og:image:type\" content=\"image\/jpeg\" \/>\n<meta name=\"author\" content=\"Webdo\" \/>\n<meta name=\"twitter:card\" content=\"summary_large_image\" \/>\n<meta name=\"twitter:creator\" content=\"@webdo_tn\" \/>\n<meta name=\"twitter:site\" content=\"@webdo_tn\" \/>\n<meta name=\"twitter:label1\" content=\"\u00c9crit par\" \/>\n\t<meta name=\"twitter:data1\" content=\"Webdo\" \/>\n\t<meta name=\"twitter:label2\" content=\"Dur\u00e9e de lecture estim\u00e9e\" \/>\n\t<meta name=\"twitter:data2\" content=\"2 minutes\" \/>\n<script type=\"application\/ld+json\" class=\"yoast-schema-graph\">{\"@context\":\"https:\\\/\\\/schema.org\",\"@graph\":[{\"@type\":\"NewsArticle\",\"@id\":\"https:\\\/\\\/www.webdo.tn\\\/fr\\\/actualite\\\/national\\\/tunisie-la-bei-prete-a-financer-l-agrandissement-de-l-aeroport-tunis-carthage\\\/212317\\\/#article\",\"isPartOf\":{\"@id\":\"https:\\\/\\\/www.webdo.tn\\\/fr\\\/actualite\\\/national\\\/tunisie-la-bei-prete-a-financer-l-agrandissement-de-l-aeroport-tunis-carthage\\\/212317\\\/\"},\"author\":{\"name\":\"Webdo\",\"@id\":\"https:\\\/\\\/www.webdo.tn\\\/fr\\\/#\\\/schema\\\/person\\\/1f4e491e0907b413d61089e8eb573acc\"},\"headline\":\"Tunisie : La BEI pr\u00eate \u00e0 financer l\u2019agrandissement de l\u2019a\u00e9roport Tunis-Carthage\",\"datePublished\":\"2024-02-15T15:29:00+00:00\",\"dateModified\":\"2025-05-20T22:33:30+00:00\",\"mainEntityOfPage\":{\"@id\":\"https:\\\/\\\/www.webdo.tn\\\/fr\\\/actualite\\\/national\\\/tunisie-la-bei-prete-a-financer-l-agrandissement-de-l-aeroport-tunis-carthage\\\/212317\\\/\"},\"wordCount\":460,\"commentCount\":0,\"publisher\":{\"@id\":\"https:\\\/\\\/www.webdo.tn\\\/fr\\\/#organization\"},\"image\":{\"@id\":\"https:\\\/\\\/www.webdo.tn\\\/fr\\\/actualite\\\/national\\\/tunisie-la-bei-prete-a-financer-l-agrandissement-de-l-aeroport-tunis-carthage\\\/212317\\\/#primaryimage\"},\"thumbnailUrl\":\"https:\\\/\\\/www.webdo.tn\\\/fr\\\/wp-content\\\/uploads\\\/2024\\\/02\\\/7e5dc11e14ee586127b3abe23bfd2ec3.jpg\",\"keywords\":[\"A\u00e9roport Tunis-Carthage\",\"BEI\",\"financement\",\"Tunisie\"],\"articleSection\":[\"National\"],\"inLanguage\":\"fr-FR\"},{\"@type\":\"WebPage\",\"@id\":\"https:\\\/\\\/www.webdo.tn\\\/fr\\\/actualite\\\/national\\\/tunisie-la-bei-prete-a-financer-l-agrandissement-de-l-aeroport-tunis-carthage\\\/212317\\\/\",\"url\":\"https:\\\/\\\/www.webdo.tn\\\/fr\\\/actualite\\\/national\\\/tunisie-la-bei-prete-a-financer-l-agrandissement-de-l-aeroport-tunis-carthage\\\/212317\\\/\",\"name\":\"Tunisie : La BEI pr\u00eate \u00e0 financer l\u2019agrandissement de l\u2019a\u00e9roport Tunis-Carthage\",\"isPartOf\":{\"@id\":\"https:\\\/\\\/www.webdo.tn\\\/fr\\\/#website\"},\"primaryImageOfPage\":{\"@id\":\"https:\\\/\\\/www.webdo.tn\\\/fr\\\/actualite\\\/national\\\/tunisie-la-bei-prete-a-financer-l-agrandissement-de-l-aeroport-tunis-carthage\\\/212317\\\/#primaryimage\"},\"image\":{\"@id\":\"https:\\\/\\\/www.webdo.tn\\\/fr\\\/actualite\\\/national\\\/tunisie-la-bei-prete-a-financer-l-agrandissement-de-l-aeroport-tunis-carthage\\\/212317\\\/#primaryimage\"},\"thumbnailUrl\":\"https:\\\/\\\/www.webdo.tn\\\/fr\\\/wp-content\\\/uploads\\\/2024\\\/02\\\/7e5dc11e14ee586127b3abe23bfd2ec3.jpg\",\"datePublished\":\"2024-02-15T15:29:00+00:00\",\"dateModified\":\"2025-05-20T22:33:30+00:00\",\"description\":\"Le Chef de la Repr\u00e9sentation r\u00e9gionale a soulign\u00e9 que la Tunisie a b\u00e9n\u00e9fici\u00e9, en 10 ans, d\u2019un financement de la BEI de l\u2019ordre de 2,1 milliards d\u2019euros dont 97...\",\"breadcrumb\":{\"@id\":\"https:\\\/\\\/www.webdo.tn\\\/fr\\\/actualite\\\/national\\\/tunisie-la-bei-prete-a-financer-l-agrandissement-de-l-aeroport-tunis-carthage\\\/212317\\\/#breadcrumb\"},\"inLanguage\":\"fr-FR\",\"potentialAction\":[{\"@type\":\"ReadAction\",\"target\":[\"https:\\\/\\\/www.webdo.tn\\\/fr\\\/actualite\\\/national\\\/tunisie-la-bei-prete-a-financer-l-agrandissement-de-l-aeroport-tunis-carthage\\\/212317\\\/\"]}]},{\"@type\":\"ImageObject\",\"inLanguage\":\"fr-FR\",\"@id\":\"https:\\\/\\\/www.webdo.tn\\\/fr\\\/actualite\\\/national\\\/tunisie-la-bei-prete-a-financer-l-agrandissement-de-l-aeroport-tunis-carthage\\\/212317\\\/#primaryimage\",\"url\":\"https:\\\/\\\/www.webdo.tn\\\/fr\\\/wp-content\\\/uploads\\\/2024\\\/02\\\/7e5dc11e14ee586127b3abe23bfd2ec3.jpg\",\"contentUrl\":\"https:\\\/\\\/www.webdo.tn\\\/fr\\\/wp-content\\\/uploads\\\/2024\\\/02\\\/7e5dc11e14ee586127b3abe23bfd2ec3.jpg\",\"width\":750,\"height\":400,\"caption\":\"Tunisie : La BEI pr\u00eate \u00e0 financer l\u2019agrandissement de l\u2019a\u00e9roport Tunis-Carthage\"},{\"@type\":\"BreadcrumbList\",\"@id\":\"https:\\\/\\\/www.webdo.tn\\\/fr\\\/actualite\\\/national\\\/tunisie-la-bei-prete-a-financer-l-agrandissement-de-l-aeroport-tunis-carthage\\\/212317\\\/#breadcrumb\",\"itemListElement\":[{\"@type\":\"ListItem\",\"position\":1,\"name\":\"Accueil\",\"item\":\"https:\\\/\\\/www.webdo.tn\\\/fr\\\/\"},{\"@type\":\"ListItem\",\"position\":2,\"name\":\"Tunisie : La BEI pr\u00eate \u00e0 financer l\u2019agrandissement de l\u2019a\u00e9roport Tunis-Carthage\"}]},{\"@type\":\"WebSite\",\"@id\":\"https:\\\/\\\/www.webdo.tn\\\/fr\\\/#website\",\"url\":\"https:\\\/\\\/www.webdo.tn\\\/fr\\\/\",\"name\":\"webdo\",\"description\":\"Tunisie - News en Tunisie et \u00e0 l&#039;international sur Webdo.tn\",\"publisher\":{\"@id\":\"https:\\\/\\\/www.webdo.tn\\\/fr\\\/#organization\"},\"potentialAction\":[{\"@type\":\"SearchAction\",\"target\":{\"@type\":\"EntryPoint\",\"urlTemplate\":\"https:\\\/\\\/www.webdo.tn\\\/fr\\\/?s={search_term_string}\"},\"query-input\":{\"@type\":\"PropertyValueSpecification\",\"valueRequired\":true,\"valueName\":\"search_term_string\"}}],\"inLanguage\":\"fr-FR\"},{\"@type\":\"Organization\",\"@id\":\"https:\\\/\\\/www.webdo.tn\\\/fr\\\/#organization\",\"name\":\"Webdo\",\"alternateName\":\"Webdo.tn\",\"url\":\"https:\\\/\\\/www.webdo.tn\\\/fr\\\/\",\"logo\":{\"@type\":\"ImageObject\",\"inLanguage\":\"fr-FR\",\"@id\":\"https:\\\/\\\/www.webdo.tn\\\/fr\\\/#\\\/schema\\\/logo\\\/image\\\/\",\"url\":\"https:\\\/\\\/www.webdo.tn\\\/fr\\\/wp-content\\\/uploads\\\/2025\\\/06\\\/Webdo-Tunisie_168377.jpg\",\"contentUrl\":\"https:\\\/\\\/www.webdo.tn\\\/fr\\\/wp-content\\\/uploads\\\/2025\\\/06\\\/Webdo-Tunisie_168377.jpg\",\"width\":301,\"height\":301,\"caption\":\"Webdo\"},\"image\":{\"@id\":\"https:\\\/\\\/www.webdo.tn\\\/fr\\\/#\\\/schema\\\/logo\\\/image\\\/\"},\"sameAs\":[\"https:\\\/\\\/www.facebook.com\\\/webdotn\",\"https:\\\/\\\/x.com\\\/webdo_tn\"],\"description\":\"Webdo est un m\u00e9dia num\u00e9rique tunisien fond\u00e9 en 2010, sp\u00e9cialis\u00e9 dans l\u2019actualit\u00e9 nationale et internationale, l\u2019\u00e9conomie, la soci\u00e9t\u00e9 et les analyses politiques. Le site s\u2019adresse \u00e0 un large public francophone et couvre l\u2019information tunisienne en temps r\u00e9el.\",\"email\":\"redac@webdo.tn\",\"legalName\":\"YNJ SARL\",\"foundingDate\":\"2010-09-06\",\"numberOfEmployees\":{\"@type\":\"QuantitativeValue\",\"minValue\":\"11\",\"maxValue\":\"50\"}},{\"@type\":\"Person\",\"@id\":\"https:\\\/\\\/www.webdo.tn\\\/fr\\\/#\\\/schema\\\/person\\\/1f4e491e0907b413d61089e8eb573acc\",\"name\":\"Webdo\",\"image\":{\"@type\":\"ImageObject\",\"inLanguage\":\"fr-FR\",\"@id\":\"https:\\\/\\\/secure.gravatar.com\\\/avatar\\\/de97aeec1bb80978a9dbb127e47dfc88aaacb2f3c29aac907d8d3222e3495d49?s=96&d=mm&r=g\",\"url\":\"https:\\\/\\\/secure.gravatar.com\\\/avatar\\\/de97aeec1bb80978a9dbb127e47dfc88aaacb2f3c29aac907d8d3222e3495d49?s=96&d=mm&r=g\",\"contentUrl\":\"https:\\\/\\\/secure.gravatar.com\\\/avatar\\\/de97aeec1bb80978a9dbb127e47dfc88aaacb2f3c29aac907d8d3222e3495d49?s=96&d=mm&r=g\",\"caption\":\"Webdo\"},\"url\":\"https:\\\/\\\/www.webdo.tn\\\/fr\\\/actualite\\\/author\\\/webdo\\\/\"}]}<\/script>\n<!-- \/ Yoast SEO Premium plugin. -->","yoast_head_json":{"title":"Tunisie : La BEI pr\u00eate \u00e0 financer l\u2019agrandissement de l\u2019a\u00e9roport Tunis-Carthage","description":"Le Chef de la Repr\u00e9sentation r\u00e9gionale a soulign\u00e9 que la Tunisie a b\u00e9n\u00e9fici\u00e9, en 10 ans, d\u2019un financement de la BEI de l\u2019ordre de 2,1 milliards d\u2019euros dont 97...","canonical":"https:\/\/www.webdo.tn\/fr\/actualite\/national\/tunisie-la-bei-prete-a-financer-l-agrandissement-de-l-aeroport-tunis-carthage\/212317\/","og_locale":"fr_FR","og_type":"article","og_title":"Tunisie : La BEI pr\u00eate \u00e0 financer l\u2019agrandissement de l\u2019a\u00e9roport Tunis-Carthage","og_description":"Le Chef de la Repr\u00e9sentation r\u00e9gionale a soulign\u00e9 que la Tunisie a b\u00e9n\u00e9fici\u00e9, en 10 ans, d\u2019un financement de la BEI de l\u2019ordre de 2,1 milliards d\u2019euros dont 97...","og_url":"https:\/\/www.webdo.tn\/fr\/actualite\/national\/tunisie-la-bei-prete-a-financer-l-agrandissement-de-l-aeroport-tunis-carthage\/212317\/","og_site_name":"webdo","article_publisher":"https:\/\/www.facebook.com\/webdotn","article_published_time":"2024-02-15T15:29:00+00:00","article_modified_time":"2025-05-20T22:33:30+00:00","og_image":[{"width":750,"height":400,"url":"https:\/\/www.webdo.tn\/fr\/wp-content\/uploads\/2024\/02\/7e5dc11e14ee586127b3abe23bfd2ec3.jpg","type":"image\/jpeg"}],"author":"Webdo","twitter_card":"summary_large_image","twitter_creator":"@webdo_tn","twitter_site":"@webdo_tn","twitter_misc":{"\u00c9crit par":"Webdo","Dur\u00e9e de lecture estim\u00e9e":"2 minutes"},"schema":{"@context":"https:\/\/schema.org","@graph":[{"@type":"NewsArticle","@id":"https:\/\/www.webdo.tn\/fr\/actualite\/national\/tunisie-la-bei-prete-a-financer-l-agrandissement-de-l-aeroport-tunis-carthage\/212317\/#article","isPartOf":{"@id":"https:\/\/www.webdo.tn\/fr\/actualite\/national\/tunisie-la-bei-prete-a-financer-l-agrandissement-de-l-aeroport-tunis-carthage\/212317\/"},"author":{"name":"Webdo","@id":"https:\/\/www.webdo.tn\/fr\/#\/schema\/person\/1f4e491e0907b413d61089e8eb573acc"},"headline":"Tunisie : La BEI pr\u00eate \u00e0 financer l\u2019agrandissement de l\u2019a\u00e9roport Tunis-Carthage","datePublished":"2024-02-15T15:29:00+00:00","dateModified":"2025-05-20T22:33:30+00:00","mainEntityOfPage":{"@id":"https:\/\/www.webdo.tn\/fr\/actualite\/national\/tunisie-la-bei-prete-a-financer-l-agrandissement-de-l-aeroport-tunis-carthage\/212317\/"},"wordCount":460,"commentCount":0,"publisher":{"@id":"https:\/\/www.webdo.tn\/fr\/#organization"},"image":{"@id":"https:\/\/www.webdo.tn\/fr\/actualite\/national\/tunisie-la-bei-prete-a-financer-l-agrandissement-de-l-aeroport-tunis-carthage\/212317\/#primaryimage"},"thumbnailUrl":"https:\/\/www.webdo.tn\/fr\/wp-content\/uploads\/2024\/02\/7e5dc11e14ee586127b3abe23bfd2ec3.jpg","keywords":["A\u00e9roport Tunis-Carthage","BEI","financement","Tunisie"],"articleSection":["National"],"inLanguage":"fr-FR"},{"@type":"WebPage","@id":"https:\/\/www.webdo.tn\/fr\/actualite\/national\/tunisie-la-bei-prete-a-financer-l-agrandissement-de-l-aeroport-tunis-carthage\/212317\/","url":"https:\/\/www.webdo.tn\/fr\/actualite\/national\/tunisie-la-bei-prete-a-financer-l-agrandissement-de-l-aeroport-tunis-carthage\/212317\/","name":"Tunisie : La BEI pr\u00eate \u00e0 financer l\u2019agrandissement de l\u2019a\u00e9roport Tunis-Carthage","isPartOf":{"@id":"https:\/\/www.webdo.tn\/fr\/#website"},"primaryImageOfPage":{"@id":"https:\/\/www.webdo.tn\/fr\/actualite\/national\/tunisie-la-bei-prete-a-financer-l-agrandissement-de-l-aeroport-tunis-carthage\/212317\/#primaryimage"},"image":{"@id":"https:\/\/www.webdo.tn\/fr\/actualite\/national\/tunisie-la-bei-prete-a-financer-l-agrandissement-de-l-aeroport-tunis-carthage\/212317\/#primaryimage"},"thumbnailUrl":"https:\/\/www.webdo.tn\/fr\/wp-content\/uploads\/2024\/02\/7e5dc11e14ee586127b3abe23bfd2ec3.jpg","datePublished":"2024-02-15T15:29:00+00:00","dateModified":"2025-05-20T22:33:30+00:00","description":"Le Chef de la Repr\u00e9sentation r\u00e9gionale a soulign\u00e9 que la Tunisie a b\u00e9n\u00e9fici\u00e9, en 10 ans, d\u2019un financement de la BEI de l\u2019ordre de 2,1 milliards d\u2019euros dont 97...","breadcrumb":{"@id":"https:\/\/www.webdo.tn\/fr\/actualite\/national\/tunisie-la-bei-prete-a-financer-l-agrandissement-de-l-aeroport-tunis-carthage\/212317\/#breadcrumb"},"inLanguage":"fr-FR","potentialAction":[{"@type":"ReadAction","target":["https:\/\/www.webdo.tn\/fr\/actualite\/national\/tunisie-la-bei-prete-a-financer-l-agrandissement-de-l-aeroport-tunis-carthage\/212317\/"]}]},{"@type":"ImageObject","inLanguage":"fr-FR","@id":"https:\/\/www.webdo.tn\/fr\/actualite\/national\/tunisie-la-bei-prete-a-financer-l-agrandissement-de-l-aeroport-tunis-carthage\/212317\/#primaryimage","url":"https:\/\/www.webdo.tn\/fr\/wp-content\/uploads\/2024\/02\/7e5dc11e14ee586127b3abe23bfd2ec3.jpg","contentUrl":"https:\/\/www.webdo.tn\/fr\/wp-content\/uploads\/2024\/02\/7e5dc11e14ee586127b3abe23bfd2ec3.jpg","width":750,"height":400,"caption":"Tunisie : La BEI pr\u00eate \u00e0 financer l\u2019agrandissement de l\u2019a\u00e9roport Tunis-Carthage"},{"@type":"BreadcrumbList","@id":"https:\/\/www.webdo.tn\/fr\/actualite\/national\/tunisie-la-bei-prete-a-financer-l-agrandissement-de-l-aeroport-tunis-carthage\/212317\/#breadcrumb","itemListElement":[{"@type":"ListItem","position":1,"name":"Accueil","item":"https:\/\/www.webdo.tn\/fr\/"},{"@type":"ListItem","position":2,"name":"Tunisie : La BEI pr\u00eate \u00e0 financer l\u2019agrandissement de l\u2019a\u00e9roport Tunis-Carthage"}]},{"@type":"WebSite","@id":"https:\/\/www.webdo.tn\/fr\/#website","url":"https:\/\/www.webdo.tn\/fr\/","name":"webdo","description":"Tunisie - News en Tunisie et \u00e0 l&#039;international sur Webdo.tn","publisher":{"@id":"https:\/\/www.webdo.tn\/fr\/#organization"},"potentialAction":[{"@type":"SearchAction","target":{"@type":"EntryPoint","urlTemplate":"https:\/\/www.webdo.tn\/fr\/?s={search_term_string}"},"query-input":{"@type":"PropertyValueSpecification","valueRequired":true,"valueName":"search_term_string"}}],"inLanguage":"fr-FR"},{"@type":"Organization","@id":"https:\/\/www.webdo.tn\/fr\/#organization","name":"Webdo","alternateName":"Webdo.tn","url":"https:\/\/www.webdo.tn\/fr\/","logo":{"@type":"ImageObject","inLanguage":"fr-FR","@id":"https:\/\/www.webdo.tn\/fr\/#\/schema\/logo\/image\/","url":"https:\/\/www.webdo.tn\/fr\/wp-content\/uploads\/2025\/06\/Webdo-Tunisie_168377.jpg","contentUrl":"https:\/\/www.webdo.tn\/fr\/wp-content\/uploads\/2025\/06\/Webdo-Tunisie_168377.jpg","width":301,"height":301,"caption":"Webdo"},"image":{"@id":"https:\/\/www.webdo.tn\/fr\/#\/schema\/logo\/image\/"},"sameAs":["https:\/\/www.facebook.com\/webdotn","https:\/\/x.com\/webdo_tn"],"description":"Webdo est un m\u00e9dia num\u00e9rique tunisien fond\u00e9 en 2010, sp\u00e9cialis\u00e9 dans l\u2019actualit\u00e9 nationale et internationale, l\u2019\u00e9conomie, la soci\u00e9t\u00e9 et les analyses politiques. Le site s\u2019adresse \u00e0 un large public francophone et couvre l\u2019information tunisienne en temps r\u00e9el.","email":"redac@webdo.tn","legalName":"YNJ SARL","foundingDate":"2010-09-06","numberOfEmployees":{"@type":"QuantitativeValue","minValue":"11","maxValue":"50"}},{"@type":"Person","@id":"https:\/\/www.webdo.tn\/fr\/#\/schema\/person\/1f4e491e0907b413d61089e8eb573acc","name":"Webdo","image":{"@type":"ImageObject","inLanguage":"fr-FR","@id":"https:\/\/secure.gravatar.com\/avatar\/de97aeec1bb80978a9dbb127e47dfc88aaacb2f3c29aac907d8d3222e3495d49?s=96&d=mm&r=g","url":"https:\/\/secure.gravatar.com\/avatar\/de97aeec1bb80978a9dbb127e47dfc88aaacb2f3c29aac907d8d3222e3495d49?s=96&d=mm&r=g","contentUrl":"https:\/\/secure.gravatar.com\/avatar\/de97aeec1bb80978a9dbb127e47dfc88aaacb2f3c29aac907d8d3222e3495d49?s=96&d=mm&r=g","caption":"Webdo"},"url":"https:\/\/www.webdo.tn\/fr\/actualite\/author\/webdo\/"}]}},"_links":{"self":[{"href":"https:\/\/www.webdo.tn\/fr\/wp-json\/wp\/v2\/posts\/212317","targetHints":{"allow":["GET"]}}],"collection":[{"href":"https:\/\/www.webdo.tn\/fr\/wp-json\/wp\/v2\/posts"}],"about":[{"href":"https:\/\/www.webdo.tn\/fr\/wp-json\/wp\/v2\/types\/post"}],"author":[{"embeddable":true,"href":"https:\/\/www.webdo.tn\/fr\/wp-json\/wp\/v2\/users\/3169"}],"replies":[{"embeddable":true,"href":"https:\/\/www.webdo.tn\/fr\/wp-json\/wp\/v2\/comments?post=212317"}],"version-history":[{"count":0,"href":"https:\/\/www.webdo.tn\/fr\/wp-json\/wp\/v2\/posts\/212317\/revisions"}],"wp:featuredmedia":[{"embeddable":true,"href":"https:\/\/www.webdo.tn\/fr\/wp-json\/wp\/v2\/media\/290235"}],"wp:attachment":[{"href":"https:\/\/www.webdo.tn\/fr\/wp-json\/wp\/v2\/media?parent=212317"}],"wp:term":[{"taxonomy":"category","embeddable":true,"href":"https:\/\/www.webdo.tn\/fr\/wp-json\/wp\/v2\/categories?post=212317"},{"taxonomy":"post_tag","embeddable":true,"href":"https:\/\/www.webdo.tn\/fr\/wp-json\/wp\/v2\/tags?post=212317"}],"curies":[{"name":"wp","href":"https:\/\/api.w.org\/{rel}","templated":true}]}}