{"id":212311,"date":"2024-02-15T12:28:00","date_gmt":"2024-02-15T12:28:00","guid":{"rendered":"https:\/\/www.webdo.tn\/fr\/blog\/tunisie-abir-moussi-de-nouveau-devant-la-justice\/212311\/"},"modified":"2025-05-20T22:11:48","modified_gmt":"2025-05-20T22:11:48","slug":"tunisie-abir-moussi-de-nouveau-devant-la-justice","status":"publish","type":"post","link":"https:\/\/www.webdo.tn\/fr\/actualite\/national\/tunisie-abir-moussi-de-nouveau-devant-la-justice\/212311\/","title":{"rendered":"Tunisie : Abir Moussi de nouveau devant la justice"},"content":{"rendered":"<p>La pr\u00e9sidente du PDL doit compara\u00eetre, ce jeudi 15 f\u00e9vrier 2024, devant la justice pour une affaire de publicit\u00e9 politique.<\/p>\n<p>\t\t\t\t\t\t\t\t\tAbir Moussi, d\u00e9j\u00e0 d\u00e9tenue pour deux autres affaires, doit compara\u00eetre, aujourd\u2019hui, devant la sixi\u00e8me Chambre correctionnelle du Tribunal de premi\u00e8re instance de Tunis pour une affaire relative \u00e0 la violation de l&rsquo;interdiction de la publicit\u00e9 politique lors de l\u2019\u00e9lection pr\u00e9sidentielle de 2019.<\/p>\n<p>Cette comparution s\u2019inscrit dans le cadre du rapport \u00e9mis par la Cour des comptes concernant les d\u00e9lits et infractions \u00e9lectorales.<\/p>\n<p>Abir Moussi fait l&rsquo;objet de deux mandats de d\u00e9p\u00f4t. Le premier a \u00e9t\u00e9 \u00e9mis le 5 octobre 2023 pour \u00ab\u00a0provocation intentionnelle de troubles sur le territoire tunisien\u00a0\u00bb, \u00ab\u00a0entrave \u00e0 la libert\u00e9 du travail\u00a0\u00bb et \u00ab\u00a0traitement de donn\u00e9es personnelles sans le consentement de la personne concern\u00e9e\u00a0\u00bb.<\/p>\n<p>Le deuxi\u00e8me mandat de d\u00e9p\u00f4t \u00e9mis \u00e0 son encontre fait suite \u00e0 une plainte d\u00e9pos\u00e9e contre elle par l&rsquo;Instance Sup\u00e9rieure Ind\u00e9pendante pour les \u00c9lections en vertu du d\u00e9cret num\u00e9ro 54.<\/p>\n","protected":false},"excerpt":{"rendered":"<p>Abir Moussi, d\u00e9j\u00e0 d\u00e9tenue pour deux autres affaires, doit compara\u00eetre, aujourd\u2019hui, devant la sixi\u00e8me Chambre correctionnelle du Tribunal de premi\u00e8re instance d&#8230;<\/p>\n","protected":false},"author":3162,"featured_media":290231,"comment_status":"open","ping_status":"closed","sticky":false,"template":"","format":"standard","meta":{"footnotes":""},"categories":[44],"tags":[2926,2619,6993,2608],"class_list":["post-212311","post","type-post","status-publish","format-standard","has-post-thumbnail","hentry","category-national","tag-abir-moussi","tag-justice","tag-publicite-politique","tag-tunisie"],"yoast_head":"<!-- This site is optimized with the Yoast SEO Premium plugin v27.5 (Yoast SEO v27.5) - https:\/\/yoast.com\/product\/yoast-seo-premium-wordpress\/ -->\n<title>Tunisie : Abir Moussi de nouveau devant la justice<\/title>\n<meta name=\"description\" content=\"Abir Moussi, d\u00e9j\u00e0 d\u00e9tenue pour deux autres affaires, doit compara\u00eetre, aujourd\u2019hui, devant la sixi\u00e8me Chambre correctionnelle du Tribunal de premi\u00e8re instance d...\" \/>\n<link rel=\"canonical\" href=\"https:\/\/www.webdo.tn\/fr\/actualite\/national\/tunisie-abir-moussi-de-nouveau-devant-la-justice\/212311\/\" \/>\n<meta property=\"og:locale\" content=\"fr_FR\" \/>\n<meta property=\"og:type\" content=\"article\" \/>\n<meta property=\"og:title\" content=\"Tunisie : Abir Moussi de nouveau devant la justice\" \/>\n<meta property=\"og:description\" content=\"Abir Moussi, d\u00e9j\u00e0 d\u00e9tenue pour deux autres affaires, doit compara\u00eetre, aujourd\u2019hui, devant la sixi\u00e8me Chambre correctionnelle du Tribunal de premi\u00e8re instance d...\" \/>\n<meta property=\"og:url\" content=\"https:\/\/www.webdo.tn\/fr\/actualite\/national\/tunisie-abir-moussi-de-nouveau-devant-la-justice\/212311\/\" \/>\n<meta property=\"og:site_name\" content=\"webdo\" \/>\n<meta property=\"article:publisher\" content=\"https:\/\/www.facebook.com\/webdotn\" \/>\n<meta property=\"article:published_time\" content=\"2024-02-15T12:28:00+00:00\" \/>\n<meta property=\"article:modified_time\" content=\"2025-05-20T22:11:48+00:00\" \/>\n<meta property=\"og:image\" content=\"https:\/\/www.webdo.tn\/fr\/wp-content\/uploads\/2024\/02\/8e206e2274890eb29afb17777144819f.jpg\" \/>\n\t<meta property=\"og:image:width\" content=\"750\" \/>\n\t<meta property=\"og:image:height\" content=\"400\" \/>\n\t<meta property=\"og:image:type\" content=\"image\/jpeg\" \/>\n<meta name=\"author\" content=\"MC\" \/>\n<meta name=\"twitter:card\" content=\"summary_large_image\" \/>\n<meta name=\"twitter:creator\" content=\"@webdo_tn\" \/>\n<meta name=\"twitter:site\" content=\"@webdo_tn\" \/>\n<meta name=\"twitter:label1\" content=\"\u00c9crit par\" \/>\n\t<meta name=\"twitter:data1\" content=\"MC\" \/>\n\t<meta name=\"twitter:label2\" content=\"Dur\u00e9e de lecture estim\u00e9e\" \/>\n\t<meta name=\"twitter:data2\" content=\"1 minute\" \/>\n<script type=\"application\/ld+json\" class=\"yoast-schema-graph\">{\"@context\":\"https:\\\/\\\/schema.org\",\"@graph\":[{\"@type\":\"NewsArticle\",\"@id\":\"https:\\\/\\\/www.webdo.tn\\\/fr\\\/actualite\\\/national\\\/tunisie-abir-moussi-de-nouveau-devant-la-justice\\\/212311\\\/#article\",\"isPartOf\":{\"@id\":\"https:\\\/\\\/www.webdo.tn\\\/fr\\\/actualite\\\/national\\\/tunisie-abir-moussi-de-nouveau-devant-la-justice\\\/212311\\\/\"},\"author\":{\"name\":\"MC\",\"@id\":\"https:\\\/\\\/www.webdo.tn\\\/fr\\\/#\\\/schema\\\/person\\\/2c4929cbf5a809e3bd38617c6ce150f6\"},\"headline\":\"Tunisie : Abir Moussi de nouveau devant la justice\",\"datePublished\":\"2024-02-15T12:28:00+00:00\",\"dateModified\":\"2025-05-20T22:11:48+00:00\",\"mainEntityOfPage\":{\"@id\":\"https:\\\/\\\/www.webdo.tn\\\/fr\\\/actualite\\\/national\\\/tunisie-abir-moussi-de-nouveau-devant-la-justice\\\/212311\\\/\"},\"wordCount\":184,\"commentCount\":0,\"publisher\":{\"@id\":\"https:\\\/\\\/www.webdo.tn\\\/fr\\\/#organization\"},\"image\":{\"@id\":\"https:\\\/\\\/www.webdo.tn\\\/fr\\\/actualite\\\/national\\\/tunisie-abir-moussi-de-nouveau-devant-la-justice\\\/212311\\\/#primaryimage\"},\"thumbnailUrl\":\"https:\\\/\\\/www.webdo.tn\\\/fr\\\/wp-content\\\/uploads\\\/2024\\\/02\\\/8e206e2274890eb29afb17777144819f.jpg\",\"keywords\":[\"Abir Moussi\",\"justice\",\"publicit\u00e9 politique\",\"Tunisie\"],\"articleSection\":[\"National\"],\"inLanguage\":\"fr-FR\"},{\"@type\":\"WebPage\",\"@id\":\"https:\\\/\\\/www.webdo.tn\\\/fr\\\/actualite\\\/national\\\/tunisie-abir-moussi-de-nouveau-devant-la-justice\\\/212311\\\/\",\"url\":\"https:\\\/\\\/www.webdo.tn\\\/fr\\\/actualite\\\/national\\\/tunisie-abir-moussi-de-nouveau-devant-la-justice\\\/212311\\\/\",\"name\":\"Tunisie : Abir Moussi de nouveau devant la justice\",\"isPartOf\":{\"@id\":\"https:\\\/\\\/www.webdo.tn\\\/fr\\\/#website\"},\"primaryImageOfPage\":{\"@id\":\"https:\\\/\\\/www.webdo.tn\\\/fr\\\/actualite\\\/national\\\/tunisie-abir-moussi-de-nouveau-devant-la-justice\\\/212311\\\/#primaryimage\"},\"image\":{\"@id\":\"https:\\\/\\\/www.webdo.tn\\\/fr\\\/actualite\\\/national\\\/tunisie-abir-moussi-de-nouveau-devant-la-justice\\\/212311\\\/#primaryimage\"},\"thumbnailUrl\":\"https:\\\/\\\/www.webdo.tn\\\/fr\\\/wp-content\\\/uploads\\\/2024\\\/02\\\/8e206e2274890eb29afb17777144819f.jpg\",\"datePublished\":\"2024-02-15T12:28:00+00:00\",\"dateModified\":\"2025-05-20T22:11:48+00:00\",\"description\":\"Abir Moussi, d\u00e9j\u00e0 d\u00e9tenue pour deux autres affaires, doit compara\u00eetre, aujourd\u2019hui, devant la sixi\u00e8me Chambre correctionnelle du Tribunal de premi\u00e8re instance d...\",\"breadcrumb\":{\"@id\":\"https:\\\/\\\/www.webdo.tn\\\/fr\\\/actualite\\\/national\\\/tunisie-abir-moussi-de-nouveau-devant-la-justice\\\/212311\\\/#breadcrumb\"},\"inLanguage\":\"fr-FR\",\"potentialAction\":[{\"@type\":\"ReadAction\",\"target\":[\"https:\\\/\\\/www.webdo.tn\\\/fr\\\/actualite\\\/national\\\/tunisie-abir-moussi-de-nouveau-devant-la-justice\\\/212311\\\/\"]}]},{\"@type\":\"ImageObject\",\"inLanguage\":\"fr-FR\",\"@id\":\"https:\\\/\\\/www.webdo.tn\\\/fr\\\/actualite\\\/national\\\/tunisie-abir-moussi-de-nouveau-devant-la-justice\\\/212311\\\/#primaryimage\",\"url\":\"https:\\\/\\\/www.webdo.tn\\\/fr\\\/wp-content\\\/uploads\\\/2024\\\/02\\\/8e206e2274890eb29afb17777144819f.jpg\",\"contentUrl\":\"https:\\\/\\\/www.webdo.tn\\\/fr\\\/wp-content\\\/uploads\\\/2024\\\/02\\\/8e206e2274890eb29afb17777144819f.jpg\",\"width\":750,\"height\":400,\"caption\":\"Tunisie : Abir Moussi de nouveau devant la justice\"},{\"@type\":\"BreadcrumbList\",\"@id\":\"https:\\\/\\\/www.webdo.tn\\\/fr\\\/actualite\\\/national\\\/tunisie-abir-moussi-de-nouveau-devant-la-justice\\\/212311\\\/#breadcrumb\",\"itemListElement\":[{\"@type\":\"ListItem\",\"position\":1,\"name\":\"Accueil\",\"item\":\"https:\\\/\\\/www.webdo.tn\\\/fr\\\/\"},{\"@type\":\"ListItem\",\"position\":2,\"name\":\"Tunisie : Abir Moussi de nouveau devant la justice\"}]},{\"@type\":\"WebSite\",\"@id\":\"https:\\\/\\\/www.webdo.tn\\\/fr\\\/#website\",\"url\":\"https:\\\/\\\/www.webdo.tn\\\/fr\\\/\",\"name\":\"webdo\",\"description\":\"Tunisie - News en Tunisie et \u00e0 l&#039;international sur Webdo.tn\",\"publisher\":{\"@id\":\"https:\\\/\\\/www.webdo.tn\\\/fr\\\/#organization\"},\"potentialAction\":[{\"@type\":\"SearchAction\",\"target\":{\"@type\":\"EntryPoint\",\"urlTemplate\":\"https:\\\/\\\/www.webdo.tn\\\/fr\\\/?s={search_term_string}\"},\"query-input\":{\"@type\":\"PropertyValueSpecification\",\"valueRequired\":true,\"valueName\":\"search_term_string\"}}],\"inLanguage\":\"fr-FR\"},{\"@type\":\"Organization\",\"@id\":\"https:\\\/\\\/www.webdo.tn\\\/fr\\\/#organization\",\"name\":\"Webdo\",\"alternateName\":\"Webdo.tn\",\"url\":\"https:\\\/\\\/www.webdo.tn\\\/fr\\\/\",\"logo\":{\"@type\":\"ImageObject\",\"inLanguage\":\"fr-FR\",\"@id\":\"https:\\\/\\\/www.webdo.tn\\\/fr\\\/#\\\/schema\\\/logo\\\/image\\\/\",\"url\":\"https:\\\/\\\/www.webdo.tn\\\/fr\\\/wp-content\\\/uploads\\\/2025\\\/06\\\/Webdo-Tunisie_168377.jpg\",\"contentUrl\":\"https:\\\/\\\/www.webdo.tn\\\/fr\\\/wp-content\\\/uploads\\\/2025\\\/06\\\/Webdo-Tunisie_168377.jpg\",\"width\":301,\"height\":301,\"caption\":\"Webdo\"},\"image\":{\"@id\":\"https:\\\/\\\/www.webdo.tn\\\/fr\\\/#\\\/schema\\\/logo\\\/image\\\/\"},\"sameAs\":[\"https:\\\/\\\/www.facebook.com\\\/webdotn\",\"https:\\\/\\\/x.com\\\/webdo_tn\"],\"description\":\"Webdo est un m\u00e9dia num\u00e9rique tunisien fond\u00e9 en 2010, sp\u00e9cialis\u00e9 dans l\u2019actualit\u00e9 nationale et internationale, l\u2019\u00e9conomie, la soci\u00e9t\u00e9 et les analyses politiques. Le site s\u2019adresse \u00e0 un large public francophone et couvre l\u2019information tunisienne en temps r\u00e9el.\",\"email\":\"redac@webdo.tn\",\"legalName\":\"YNJ SARL\",\"foundingDate\":\"2010-09-06\",\"numberOfEmployees\":{\"@type\":\"QuantitativeValue\",\"minValue\":\"11\",\"maxValue\":\"50\"}},{\"@type\":\"Person\",\"@id\":\"https:\\\/\\\/www.webdo.tn\\\/fr\\\/#\\\/schema\\\/person\\\/2c4929cbf5a809e3bd38617c6ce150f6\",\"name\":\"MC\",\"image\":{\"@type\":\"ImageObject\",\"inLanguage\":\"fr-FR\",\"@id\":\"https:\\\/\\\/secure.gravatar.com\\\/avatar\\\/a545bbb6f84efdd5553dbbc2895e3ca8f1d12c5215e00a041c9670b54aa9b18a?s=96&d=mm&r=g\",\"url\":\"https:\\\/\\\/secure.gravatar.com\\\/avatar\\\/a545bbb6f84efdd5553dbbc2895e3ca8f1d12c5215e00a041c9670b54aa9b18a?s=96&d=mm&r=g\",\"contentUrl\":\"https:\\\/\\\/secure.gravatar.com\\\/avatar\\\/a545bbb6f84efdd5553dbbc2895e3ca8f1d12c5215e00a041c9670b54aa9b18a?s=96&d=mm&r=g\",\"caption\":\"MC\"},\"url\":\"https:\\\/\\\/www.webdo.tn\\\/fr\\\/actualite\\\/author\\\/mc\\\/\"}]}<\/script>\n<!-- \/ Yoast SEO Premium plugin. -->","yoast_head_json":{"title":"Tunisie : Abir Moussi de nouveau devant la justice","description":"Abir Moussi, d\u00e9j\u00e0 d\u00e9tenue pour deux autres affaires, doit compara\u00eetre, aujourd\u2019hui, devant la sixi\u00e8me Chambre correctionnelle du Tribunal de premi\u00e8re instance d...","canonical":"https:\/\/www.webdo.tn\/fr\/actualite\/national\/tunisie-abir-moussi-de-nouveau-devant-la-justice\/212311\/","og_locale":"fr_FR","og_type":"article","og_title":"Tunisie : Abir Moussi de nouveau devant la justice","og_description":"Abir Moussi, d\u00e9j\u00e0 d\u00e9tenue pour deux autres affaires, doit compara\u00eetre, aujourd\u2019hui, devant la sixi\u00e8me Chambre correctionnelle du Tribunal de premi\u00e8re instance d...","og_url":"https:\/\/www.webdo.tn\/fr\/actualite\/national\/tunisie-abir-moussi-de-nouveau-devant-la-justice\/212311\/","og_site_name":"webdo","article_publisher":"https:\/\/www.facebook.com\/webdotn","article_published_time":"2024-02-15T12:28:00+00:00","article_modified_time":"2025-05-20T22:11:48+00:00","og_image":[{"width":750,"height":400,"url":"https:\/\/www.webdo.tn\/fr\/wp-content\/uploads\/2024\/02\/8e206e2274890eb29afb17777144819f.jpg","type":"image\/jpeg"}],"author":"MC","twitter_card":"summary_large_image","twitter_creator":"@webdo_tn","twitter_site":"@webdo_tn","twitter_misc":{"\u00c9crit par":"MC","Dur\u00e9e de lecture estim\u00e9e":"1 minute"},"schema":{"@context":"https:\/\/schema.org","@graph":[{"@type":"NewsArticle","@id":"https:\/\/www.webdo.tn\/fr\/actualite\/national\/tunisie-abir-moussi-de-nouveau-devant-la-justice\/212311\/#article","isPartOf":{"@id":"https:\/\/www.webdo.tn\/fr\/actualite\/national\/tunisie-abir-moussi-de-nouveau-devant-la-justice\/212311\/"},"author":{"name":"MC","@id":"https:\/\/www.webdo.tn\/fr\/#\/schema\/person\/2c4929cbf5a809e3bd38617c6ce150f6"},"headline":"Tunisie : Abir Moussi de nouveau devant la justice","datePublished":"2024-02-15T12:28:00+00:00","dateModified":"2025-05-20T22:11:48+00:00","mainEntityOfPage":{"@id":"https:\/\/www.webdo.tn\/fr\/actualite\/national\/tunisie-abir-moussi-de-nouveau-devant-la-justice\/212311\/"},"wordCount":184,"commentCount":0,"publisher":{"@id":"https:\/\/www.webdo.tn\/fr\/#organization"},"image":{"@id":"https:\/\/www.webdo.tn\/fr\/actualite\/national\/tunisie-abir-moussi-de-nouveau-devant-la-justice\/212311\/#primaryimage"},"thumbnailUrl":"https:\/\/www.webdo.tn\/fr\/wp-content\/uploads\/2024\/02\/8e206e2274890eb29afb17777144819f.jpg","keywords":["Abir Moussi","justice","publicit\u00e9 politique","Tunisie"],"articleSection":["National"],"inLanguage":"fr-FR"},{"@type":"WebPage","@id":"https:\/\/www.webdo.tn\/fr\/actualite\/national\/tunisie-abir-moussi-de-nouveau-devant-la-justice\/212311\/","url":"https:\/\/www.webdo.tn\/fr\/actualite\/national\/tunisie-abir-moussi-de-nouveau-devant-la-justice\/212311\/","name":"Tunisie : Abir Moussi de nouveau devant la justice","isPartOf":{"@id":"https:\/\/www.webdo.tn\/fr\/#website"},"primaryImageOfPage":{"@id":"https:\/\/www.webdo.tn\/fr\/actualite\/national\/tunisie-abir-moussi-de-nouveau-devant-la-justice\/212311\/#primaryimage"},"image":{"@id":"https:\/\/www.webdo.tn\/fr\/actualite\/national\/tunisie-abir-moussi-de-nouveau-devant-la-justice\/212311\/#primaryimage"},"thumbnailUrl":"https:\/\/www.webdo.tn\/fr\/wp-content\/uploads\/2024\/02\/8e206e2274890eb29afb17777144819f.jpg","datePublished":"2024-02-15T12:28:00+00:00","dateModified":"2025-05-20T22:11:48+00:00","description":"Abir Moussi, d\u00e9j\u00e0 d\u00e9tenue pour deux autres affaires, doit compara\u00eetre, aujourd\u2019hui, devant la sixi\u00e8me Chambre correctionnelle du Tribunal de premi\u00e8re instance d...","breadcrumb":{"@id":"https:\/\/www.webdo.tn\/fr\/actualite\/national\/tunisie-abir-moussi-de-nouveau-devant-la-justice\/212311\/#breadcrumb"},"inLanguage":"fr-FR","potentialAction":[{"@type":"ReadAction","target":["https:\/\/www.webdo.tn\/fr\/actualite\/national\/tunisie-abir-moussi-de-nouveau-devant-la-justice\/212311\/"]}]},{"@type":"ImageObject","inLanguage":"fr-FR","@id":"https:\/\/www.webdo.tn\/fr\/actualite\/national\/tunisie-abir-moussi-de-nouveau-devant-la-justice\/212311\/#primaryimage","url":"https:\/\/www.webdo.tn\/fr\/wp-content\/uploads\/2024\/02\/8e206e2274890eb29afb17777144819f.jpg","contentUrl":"https:\/\/www.webdo.tn\/fr\/wp-content\/uploads\/2024\/02\/8e206e2274890eb29afb17777144819f.jpg","width":750,"height":400,"caption":"Tunisie : Abir Moussi de nouveau devant la justice"},{"@type":"BreadcrumbList","@id":"https:\/\/www.webdo.tn\/fr\/actualite\/national\/tunisie-abir-moussi-de-nouveau-devant-la-justice\/212311\/#breadcrumb","itemListElement":[{"@type":"ListItem","position":1,"name":"Accueil","item":"https:\/\/www.webdo.tn\/fr\/"},{"@type":"ListItem","position":2,"name":"Tunisie : Abir Moussi de nouveau devant la justice"}]},{"@type":"WebSite","@id":"https:\/\/www.webdo.tn\/fr\/#website","url":"https:\/\/www.webdo.tn\/fr\/","name":"webdo","description":"Tunisie - News en Tunisie et \u00e0 l&#039;international sur Webdo.tn","publisher":{"@id":"https:\/\/www.webdo.tn\/fr\/#organization"},"potentialAction":[{"@type":"SearchAction","target":{"@type":"EntryPoint","urlTemplate":"https:\/\/www.webdo.tn\/fr\/?s={search_term_string}"},"query-input":{"@type":"PropertyValueSpecification","valueRequired":true,"valueName":"search_term_string"}}],"inLanguage":"fr-FR"},{"@type":"Organization","@id":"https:\/\/www.webdo.tn\/fr\/#organization","name":"Webdo","alternateName":"Webdo.tn","url":"https:\/\/www.webdo.tn\/fr\/","logo":{"@type":"ImageObject","inLanguage":"fr-FR","@id":"https:\/\/www.webdo.tn\/fr\/#\/schema\/logo\/image\/","url":"https:\/\/www.webdo.tn\/fr\/wp-content\/uploads\/2025\/06\/Webdo-Tunisie_168377.jpg","contentUrl":"https:\/\/www.webdo.tn\/fr\/wp-content\/uploads\/2025\/06\/Webdo-Tunisie_168377.jpg","width":301,"height":301,"caption":"Webdo"},"image":{"@id":"https:\/\/www.webdo.tn\/fr\/#\/schema\/logo\/image\/"},"sameAs":["https:\/\/www.facebook.com\/webdotn","https:\/\/x.com\/webdo_tn"],"description":"Webdo est un m\u00e9dia num\u00e9rique tunisien fond\u00e9 en 2010, sp\u00e9cialis\u00e9 dans l\u2019actualit\u00e9 nationale et internationale, l\u2019\u00e9conomie, la soci\u00e9t\u00e9 et les analyses politiques. Le site s\u2019adresse \u00e0 un large public francophone et couvre l\u2019information tunisienne en temps r\u00e9el.","email":"redac@webdo.tn","legalName":"YNJ SARL","foundingDate":"2010-09-06","numberOfEmployees":{"@type":"QuantitativeValue","minValue":"11","maxValue":"50"}},{"@type":"Person","@id":"https:\/\/www.webdo.tn\/fr\/#\/schema\/person\/2c4929cbf5a809e3bd38617c6ce150f6","name":"MC","image":{"@type":"ImageObject","inLanguage":"fr-FR","@id":"https:\/\/secure.gravatar.com\/avatar\/a545bbb6f84efdd5553dbbc2895e3ca8f1d12c5215e00a041c9670b54aa9b18a?s=96&d=mm&r=g","url":"https:\/\/secure.gravatar.com\/avatar\/a545bbb6f84efdd5553dbbc2895e3ca8f1d12c5215e00a041c9670b54aa9b18a?s=96&d=mm&r=g","contentUrl":"https:\/\/secure.gravatar.com\/avatar\/a545bbb6f84efdd5553dbbc2895e3ca8f1d12c5215e00a041c9670b54aa9b18a?s=96&d=mm&r=g","caption":"MC"},"url":"https:\/\/www.webdo.tn\/fr\/actualite\/author\/mc\/"}]}},"_links":{"self":[{"href":"https:\/\/www.webdo.tn\/fr\/wp-json\/wp\/v2\/posts\/212311","targetHints":{"allow":["GET"]}}],"collection":[{"href":"https:\/\/www.webdo.tn\/fr\/wp-json\/wp\/v2\/posts"}],"about":[{"href":"https:\/\/www.webdo.tn\/fr\/wp-json\/wp\/v2\/types\/post"}],"author":[{"embeddable":true,"href":"https:\/\/www.webdo.tn\/fr\/wp-json\/wp\/v2\/users\/3162"}],"replies":[{"embeddable":true,"href":"https:\/\/www.webdo.tn\/fr\/wp-json\/wp\/v2\/comments?post=212311"}],"version-history":[{"count":0,"href":"https:\/\/www.webdo.tn\/fr\/wp-json\/wp\/v2\/posts\/212311\/revisions"}],"wp:featuredmedia":[{"embeddable":true,"href":"https:\/\/www.webdo.tn\/fr\/wp-json\/wp\/v2\/media\/290231"}],"wp:attachment":[{"href":"https:\/\/www.webdo.tn\/fr\/wp-json\/wp\/v2\/media?parent=212311"}],"wp:term":[{"taxonomy":"category","embeddable":true,"href":"https:\/\/www.webdo.tn\/fr\/wp-json\/wp\/v2\/categories?post=212311"},{"taxonomy":"post_tag","embeddable":true,"href":"https:\/\/www.webdo.tn\/fr\/wp-json\/wp\/v2\/tags?post=212311"}],"curies":[{"name":"wp","href":"https:\/\/api.w.org\/{rel}","templated":true}]}}