{"id":212303,"date":"2024-02-15T10:16:00","date_gmt":"2024-02-15T10:16:00","guid":{"rendered":"https:\/\/www.webdo.tn\/fr\/blog\/tunisie-kayak-slalom-slim-jemai-qualifie-aux-jo-de-paris\/212303\/"},"modified":"2025-05-20T22:11:47","modified_gmt":"2025-05-20T22:11:47","slug":"tunisie-kayak-slalom-slim-jemai-qualifie-aux-jo-de-paris","status":"publish","type":"post","link":"https:\/\/www.webdo.tn\/fr\/actualite\/sport\/tunisie-kayak-slalom-slim-jemai-qualifie-aux-jo-de-paris\/212303\/","title":{"rendered":"Tunisie &#8211; Kayak slalom : Slim Jemai qualifi\u00e9 aux JO de Paris"},"content":{"rendered":"<p>Ahmed Slim Jemai, sp\u00e9cialis\u00e9 dans le kayak slalom, s\u2019est qualifi\u00e9 aux JO de Paris apr\u00e8s sa performance r\u00e9alis\u00e9e \u00e0 l\u2019\u00eele de la R\u00e9union lors du tournoi qualificatif africain.<\/p>\n<p>\t\t\t\t\t\t\t\t\tAhmed Slim Jemai s&rsquo;est qualifi\u00e9 aux Jeux olympiques, qui se d\u00e9rouleront \u00e0 Paris, l\u2019\u00e9t\u00e9 prochain, apr\u00e8s avoir remport\u00e9 la m\u00e9daille d&rsquo;or lors du tournoi de qualification africain, qui s&rsquo;est d\u00e9roul\u00e9 \u00e0 l\u2019\u00eele de la R\u00e9union, le week-end dernier, annonce le Comit\u00e9 national olympique tunisien (CNOT).<\/p>\n<p>La Tunisie sera ainsi repr\u00e9sent\u00e9e par deux athl\u00e8tes pour cette discipline, \u00e0 savoir Ahmed Slim Jemai et Ghilan Khattali.<\/p>\n","protected":false},"excerpt":{"rendered":"<p>Ahmed Slim Jemai est le quinzi\u00e8me sportif tunisien \u00e0 se qualifier aux JO de Paris.<\/p>\n","protected":false},"author":3162,"featured_media":290228,"comment_status":"open","ping_status":"closed","sticky":false,"template":"","format":"standard","meta":{"footnotes":""},"categories":[2593],"tags":[9999,10000,5881,5905,5270],"class_list":["post-212303","post","type-post","status-publish","format-standard","has-post-thumbnail","hentry","category-sport","tag-ahmed-slim-jemai","tag-kayak-slalom","tag-jeux-olympiques","tag-jo-2024","tag-paris"],"yoast_head":"<!-- This site is optimized with the Yoast SEO Premium plugin v27.4 (Yoast SEO v27.5) - https:\/\/yoast.com\/product\/yoast-seo-premium-wordpress\/ -->\n<title>Tunisie - Kayak slalom : Slim Jemai qualifi\u00e9 aux JO de Paris<\/title>\n<meta name=\"description\" content=\"Ahmed Slim Jemai est le quinzi\u00e8me sportif tunisien \u00e0 se qualifier aux JO de Paris.\" \/>\n<link rel=\"canonical\" href=\"https:\/\/www.webdo.tn\/fr\/actualite\/sport\/tunisie-kayak-slalom-slim-jemai-qualifie-aux-jo-de-paris\/212303\/\" \/>\n<meta property=\"og:locale\" content=\"fr_FR\" \/>\n<meta property=\"og:type\" content=\"article\" \/>\n<meta property=\"og:title\" content=\"Tunisie - Kayak slalom : Slim Jemai qualifi\u00e9 aux JO de Paris\" \/>\n<meta property=\"og:description\" content=\"Ahmed Slim Jemai est le quinzi\u00e8me sportif tunisien \u00e0 se qualifier aux JO de Paris.\" \/>\n<meta property=\"og:url\" content=\"https:\/\/www.webdo.tn\/fr\/actualite\/sport\/tunisie-kayak-slalom-slim-jemai-qualifie-aux-jo-de-paris\/212303\/\" \/>\n<meta property=\"og:site_name\" content=\"webdo\" \/>\n<meta property=\"article:publisher\" content=\"https:\/\/www.facebook.com\/webdotn\" \/>\n<meta property=\"article:published_time\" content=\"2024-02-15T10:16:00+00:00\" \/>\n<meta property=\"article:modified_time\" content=\"2025-05-20T22:11:47+00:00\" \/>\n<meta property=\"og:image\" content=\"https:\/\/www.webdo.tn\/fr\/wp-content\/uploads\/2024\/02\/a230669beb089fa7569a819185dd8351.jpg\" \/>\n\t<meta property=\"og:image:width\" content=\"720\" \/>\n\t<meta property=\"og:image:height\" content=\"384\" \/>\n\t<meta property=\"og:image:type\" content=\"image\/jpeg\" \/>\n<meta name=\"author\" content=\"MC\" \/>\n<meta name=\"twitter:card\" content=\"summary_large_image\" \/>\n<meta name=\"twitter:creator\" content=\"@webdo_tn\" \/>\n<meta name=\"twitter:site\" content=\"@webdo_tn\" \/>\n<meta name=\"twitter:label1\" content=\"\u00c9crit par\" \/>\n\t<meta name=\"twitter:data1\" content=\"MC\" \/>\n\t<meta name=\"twitter:label2\" content=\"Dur\u00e9e de lecture estim\u00e9e\" \/>\n\t<meta name=\"twitter:data2\" content=\"1 minute\" \/>\n<script type=\"application\/ld+json\" class=\"yoast-schema-graph\">{\"@context\":\"https:\\\/\\\/schema.org\",\"@graph\":[{\"@type\":\"NewsArticle\",\"@id\":\"https:\\\/\\\/www.webdo.tn\\\/fr\\\/actualite\\\/sport\\\/tunisie-kayak-slalom-slim-jemai-qualifie-aux-jo-de-paris\\\/212303\\\/#article\",\"isPartOf\":{\"@id\":\"https:\\\/\\\/www.webdo.tn\\\/fr\\\/actualite\\\/sport\\\/tunisie-kayak-slalom-slim-jemai-qualifie-aux-jo-de-paris\\\/212303\\\/\"},\"author\":{\"name\":\"MC\",\"@id\":\"https:\\\/\\\/www.webdo.tn\\\/fr\\\/#\\\/schema\\\/person\\\/2c4929cbf5a809e3bd38617c6ce150f6\"},\"headline\":\"Tunisie &#8211; Kayak slalom : Slim Jemai qualifi\u00e9 aux JO de Paris\",\"datePublished\":\"2024-02-15T10:16:00+00:00\",\"dateModified\":\"2025-05-20T22:11:47+00:00\",\"mainEntityOfPage\":{\"@id\":\"https:\\\/\\\/www.webdo.tn\\\/fr\\\/actualite\\\/sport\\\/tunisie-kayak-slalom-slim-jemai-qualifie-aux-jo-de-paris\\\/212303\\\/\"},\"wordCount\":119,\"commentCount\":0,\"publisher\":{\"@id\":\"https:\\\/\\\/www.webdo.tn\\\/fr\\\/#organization\"},\"image\":{\"@id\":\"https:\\\/\\\/www.webdo.tn\\\/fr\\\/actualite\\\/sport\\\/tunisie-kayak-slalom-slim-jemai-qualifie-aux-jo-de-paris\\\/212303\\\/#primaryimage\"},\"thumbnailUrl\":\"https:\\\/\\\/www.webdo.tn\\\/fr\\\/wp-content\\\/uploads\\\/2024\\\/02\\\/a230669beb089fa7569a819185dd8351.jpg\",\"keywords\":[\"'Ahmed Slim Jemai'\",\"'Kayak slalom']\",\"jeux olympiques\",\"JO 2024\",\"Paris\"],\"articleSection\":[\"Sport\"],\"inLanguage\":\"fr-FR\"},{\"@type\":\"WebPage\",\"@id\":\"https:\\\/\\\/www.webdo.tn\\\/fr\\\/actualite\\\/sport\\\/tunisie-kayak-slalom-slim-jemai-qualifie-aux-jo-de-paris\\\/212303\\\/\",\"url\":\"https:\\\/\\\/www.webdo.tn\\\/fr\\\/actualite\\\/sport\\\/tunisie-kayak-slalom-slim-jemai-qualifie-aux-jo-de-paris\\\/212303\\\/\",\"name\":\"Tunisie - Kayak slalom : Slim Jemai qualifi\u00e9 aux JO de Paris\",\"isPartOf\":{\"@id\":\"https:\\\/\\\/www.webdo.tn\\\/fr\\\/#website\"},\"primaryImageOfPage\":{\"@id\":\"https:\\\/\\\/www.webdo.tn\\\/fr\\\/actualite\\\/sport\\\/tunisie-kayak-slalom-slim-jemai-qualifie-aux-jo-de-paris\\\/212303\\\/#primaryimage\"},\"image\":{\"@id\":\"https:\\\/\\\/www.webdo.tn\\\/fr\\\/actualite\\\/sport\\\/tunisie-kayak-slalom-slim-jemai-qualifie-aux-jo-de-paris\\\/212303\\\/#primaryimage\"},\"thumbnailUrl\":\"https:\\\/\\\/www.webdo.tn\\\/fr\\\/wp-content\\\/uploads\\\/2024\\\/02\\\/a230669beb089fa7569a819185dd8351.jpg\",\"datePublished\":\"2024-02-15T10:16:00+00:00\",\"dateModified\":\"2025-05-20T22:11:47+00:00\",\"description\":\"Ahmed Slim Jemai est le quinzi\u00e8me sportif tunisien \u00e0 se qualifier aux JO de Paris.\",\"breadcrumb\":{\"@id\":\"https:\\\/\\\/www.webdo.tn\\\/fr\\\/actualite\\\/sport\\\/tunisie-kayak-slalom-slim-jemai-qualifie-aux-jo-de-paris\\\/212303\\\/#breadcrumb\"},\"inLanguage\":\"fr-FR\",\"potentialAction\":[{\"@type\":\"ReadAction\",\"target\":[\"https:\\\/\\\/www.webdo.tn\\\/fr\\\/actualite\\\/sport\\\/tunisie-kayak-slalom-slim-jemai-qualifie-aux-jo-de-paris\\\/212303\\\/\"]}]},{\"@type\":\"ImageObject\",\"inLanguage\":\"fr-FR\",\"@id\":\"https:\\\/\\\/www.webdo.tn\\\/fr\\\/actualite\\\/sport\\\/tunisie-kayak-slalom-slim-jemai-qualifie-aux-jo-de-paris\\\/212303\\\/#primaryimage\",\"url\":\"https:\\\/\\\/www.webdo.tn\\\/fr\\\/wp-content\\\/uploads\\\/2024\\\/02\\\/a230669beb089fa7569a819185dd8351.jpg\",\"contentUrl\":\"https:\\\/\\\/www.webdo.tn\\\/fr\\\/wp-content\\\/uploads\\\/2024\\\/02\\\/a230669beb089fa7569a819185dd8351.jpg\",\"width\":720,\"height\":384,\"caption\":\"Tunisie - Kayak slalom : Slim Jemai qualifi\u00e9 aux JO de Paris\"},{\"@type\":\"BreadcrumbList\",\"@id\":\"https:\\\/\\\/www.webdo.tn\\\/fr\\\/actualite\\\/sport\\\/tunisie-kayak-slalom-slim-jemai-qualifie-aux-jo-de-paris\\\/212303\\\/#breadcrumb\",\"itemListElement\":[{\"@type\":\"ListItem\",\"position\":1,\"name\":\"Accueil\",\"item\":\"https:\\\/\\\/www.webdo.tn\\\/fr\\\/\"},{\"@type\":\"ListItem\",\"position\":2,\"name\":\"Tunisie &#8211; Kayak slalom : Slim Jemai qualifi\u00e9 aux JO de Paris\"}]},{\"@type\":\"WebSite\",\"@id\":\"https:\\\/\\\/www.webdo.tn\\\/fr\\\/#website\",\"url\":\"https:\\\/\\\/www.webdo.tn\\\/fr\\\/\",\"name\":\"webdo\",\"description\":\"Tunisie - News en Tunisie et \u00e0 l&#039;international sur Webdo.tn\",\"publisher\":{\"@id\":\"https:\\\/\\\/www.webdo.tn\\\/fr\\\/#organization\"},\"potentialAction\":[{\"@type\":\"SearchAction\",\"target\":{\"@type\":\"EntryPoint\",\"urlTemplate\":\"https:\\\/\\\/www.webdo.tn\\\/fr\\\/?s={search_term_string}\"},\"query-input\":{\"@type\":\"PropertyValueSpecification\",\"valueRequired\":true,\"valueName\":\"search_term_string\"}}],\"inLanguage\":\"fr-FR\"},{\"@type\":\"Organization\",\"@id\":\"https:\\\/\\\/www.webdo.tn\\\/fr\\\/#organization\",\"name\":\"Webdo\",\"alternateName\":\"Webdo.tn\",\"url\":\"https:\\\/\\\/www.webdo.tn\\\/fr\\\/\",\"logo\":{\"@type\":\"ImageObject\",\"inLanguage\":\"fr-FR\",\"@id\":\"https:\\\/\\\/www.webdo.tn\\\/fr\\\/#\\\/schema\\\/logo\\\/image\\\/\",\"url\":\"https:\\\/\\\/www.webdo.tn\\\/fr\\\/wp-content\\\/uploads\\\/2025\\\/06\\\/Webdo-Tunisie_168377.jpg\",\"contentUrl\":\"https:\\\/\\\/www.webdo.tn\\\/fr\\\/wp-content\\\/uploads\\\/2025\\\/06\\\/Webdo-Tunisie_168377.jpg\",\"width\":301,\"height\":301,\"caption\":\"Webdo\"},\"image\":{\"@id\":\"https:\\\/\\\/www.webdo.tn\\\/fr\\\/#\\\/schema\\\/logo\\\/image\\\/\"},\"sameAs\":[\"https:\\\/\\\/www.facebook.com\\\/webdotn\",\"https:\\\/\\\/x.com\\\/webdo_tn\"],\"description\":\"Webdo est un m\u00e9dia num\u00e9rique tunisien fond\u00e9 en 2010, sp\u00e9cialis\u00e9 dans l\u2019actualit\u00e9 nationale et internationale, l\u2019\u00e9conomie, la soci\u00e9t\u00e9 et les analyses politiques. Le site s\u2019adresse \u00e0 un large public francophone et couvre l\u2019information tunisienne en temps r\u00e9el.\",\"email\":\"redac@webdo.tn\",\"legalName\":\"YNJ SARL\",\"foundingDate\":\"2010-09-06\",\"numberOfEmployees\":{\"@type\":\"QuantitativeValue\",\"minValue\":\"11\",\"maxValue\":\"50\"}},{\"@type\":\"Person\",\"@id\":\"https:\\\/\\\/www.webdo.tn\\\/fr\\\/#\\\/schema\\\/person\\\/2c4929cbf5a809e3bd38617c6ce150f6\",\"name\":\"MC\",\"image\":{\"@type\":\"ImageObject\",\"inLanguage\":\"fr-FR\",\"@id\":\"https:\\\/\\\/secure.gravatar.com\\\/avatar\\\/a545bbb6f84efdd5553dbbc2895e3ca8f1d12c5215e00a041c9670b54aa9b18a?s=96&d=mm&r=g\",\"url\":\"https:\\\/\\\/secure.gravatar.com\\\/avatar\\\/a545bbb6f84efdd5553dbbc2895e3ca8f1d12c5215e00a041c9670b54aa9b18a?s=96&d=mm&r=g\",\"contentUrl\":\"https:\\\/\\\/secure.gravatar.com\\\/avatar\\\/a545bbb6f84efdd5553dbbc2895e3ca8f1d12c5215e00a041c9670b54aa9b18a?s=96&d=mm&r=g\",\"caption\":\"MC\"},\"url\":\"https:\\\/\\\/www.webdo.tn\\\/fr\\\/actualite\\\/author\\\/mc\\\/\"}]}<\/script>\n<!-- \/ Yoast SEO Premium plugin. -->","yoast_head_json":{"title":"Tunisie - Kayak slalom : Slim Jemai qualifi\u00e9 aux JO de Paris","description":"Ahmed Slim Jemai est le quinzi\u00e8me sportif tunisien \u00e0 se qualifier aux JO de Paris.","canonical":"https:\/\/www.webdo.tn\/fr\/actualite\/sport\/tunisie-kayak-slalom-slim-jemai-qualifie-aux-jo-de-paris\/212303\/","og_locale":"fr_FR","og_type":"article","og_title":"Tunisie - Kayak slalom : Slim Jemai qualifi\u00e9 aux JO de Paris","og_description":"Ahmed Slim Jemai est le quinzi\u00e8me sportif tunisien \u00e0 se qualifier aux JO de Paris.","og_url":"https:\/\/www.webdo.tn\/fr\/actualite\/sport\/tunisie-kayak-slalom-slim-jemai-qualifie-aux-jo-de-paris\/212303\/","og_site_name":"webdo","article_publisher":"https:\/\/www.facebook.com\/webdotn","article_published_time":"2024-02-15T10:16:00+00:00","article_modified_time":"2025-05-20T22:11:47+00:00","og_image":[{"width":720,"height":384,"url":"https:\/\/www.webdo.tn\/fr\/wp-content\/uploads\/2024\/02\/a230669beb089fa7569a819185dd8351.jpg","type":"image\/jpeg"}],"author":"MC","twitter_card":"summary_large_image","twitter_creator":"@webdo_tn","twitter_site":"@webdo_tn","twitter_misc":{"\u00c9crit par":"MC","Dur\u00e9e de lecture estim\u00e9e":"1 minute"},"schema":{"@context":"https:\/\/schema.org","@graph":[{"@type":"NewsArticle","@id":"https:\/\/www.webdo.tn\/fr\/actualite\/sport\/tunisie-kayak-slalom-slim-jemai-qualifie-aux-jo-de-paris\/212303\/#article","isPartOf":{"@id":"https:\/\/www.webdo.tn\/fr\/actualite\/sport\/tunisie-kayak-slalom-slim-jemai-qualifie-aux-jo-de-paris\/212303\/"},"author":{"name":"MC","@id":"https:\/\/www.webdo.tn\/fr\/#\/schema\/person\/2c4929cbf5a809e3bd38617c6ce150f6"},"headline":"Tunisie &#8211; Kayak slalom : Slim Jemai qualifi\u00e9 aux JO de Paris","datePublished":"2024-02-15T10:16:00+00:00","dateModified":"2025-05-20T22:11:47+00:00","mainEntityOfPage":{"@id":"https:\/\/www.webdo.tn\/fr\/actualite\/sport\/tunisie-kayak-slalom-slim-jemai-qualifie-aux-jo-de-paris\/212303\/"},"wordCount":119,"commentCount":0,"publisher":{"@id":"https:\/\/www.webdo.tn\/fr\/#organization"},"image":{"@id":"https:\/\/www.webdo.tn\/fr\/actualite\/sport\/tunisie-kayak-slalom-slim-jemai-qualifie-aux-jo-de-paris\/212303\/#primaryimage"},"thumbnailUrl":"https:\/\/www.webdo.tn\/fr\/wp-content\/uploads\/2024\/02\/a230669beb089fa7569a819185dd8351.jpg","keywords":["'Ahmed Slim Jemai'","'Kayak slalom']","jeux olympiques","JO 2024","Paris"],"articleSection":["Sport"],"inLanguage":"fr-FR"},{"@type":"WebPage","@id":"https:\/\/www.webdo.tn\/fr\/actualite\/sport\/tunisie-kayak-slalom-slim-jemai-qualifie-aux-jo-de-paris\/212303\/","url":"https:\/\/www.webdo.tn\/fr\/actualite\/sport\/tunisie-kayak-slalom-slim-jemai-qualifie-aux-jo-de-paris\/212303\/","name":"Tunisie - Kayak slalom : Slim Jemai qualifi\u00e9 aux JO de Paris","isPartOf":{"@id":"https:\/\/www.webdo.tn\/fr\/#website"},"primaryImageOfPage":{"@id":"https:\/\/www.webdo.tn\/fr\/actualite\/sport\/tunisie-kayak-slalom-slim-jemai-qualifie-aux-jo-de-paris\/212303\/#primaryimage"},"image":{"@id":"https:\/\/www.webdo.tn\/fr\/actualite\/sport\/tunisie-kayak-slalom-slim-jemai-qualifie-aux-jo-de-paris\/212303\/#primaryimage"},"thumbnailUrl":"https:\/\/www.webdo.tn\/fr\/wp-content\/uploads\/2024\/02\/a230669beb089fa7569a819185dd8351.jpg","datePublished":"2024-02-15T10:16:00+00:00","dateModified":"2025-05-20T22:11:47+00:00","description":"Ahmed Slim Jemai est le quinzi\u00e8me sportif tunisien \u00e0 se qualifier aux JO de Paris.","breadcrumb":{"@id":"https:\/\/www.webdo.tn\/fr\/actualite\/sport\/tunisie-kayak-slalom-slim-jemai-qualifie-aux-jo-de-paris\/212303\/#breadcrumb"},"inLanguage":"fr-FR","potentialAction":[{"@type":"ReadAction","target":["https:\/\/www.webdo.tn\/fr\/actualite\/sport\/tunisie-kayak-slalom-slim-jemai-qualifie-aux-jo-de-paris\/212303\/"]}]},{"@type":"ImageObject","inLanguage":"fr-FR","@id":"https:\/\/www.webdo.tn\/fr\/actualite\/sport\/tunisie-kayak-slalom-slim-jemai-qualifie-aux-jo-de-paris\/212303\/#primaryimage","url":"https:\/\/www.webdo.tn\/fr\/wp-content\/uploads\/2024\/02\/a230669beb089fa7569a819185dd8351.jpg","contentUrl":"https:\/\/www.webdo.tn\/fr\/wp-content\/uploads\/2024\/02\/a230669beb089fa7569a819185dd8351.jpg","width":720,"height":384,"caption":"Tunisie - Kayak slalom : Slim Jemai qualifi\u00e9 aux JO de Paris"},{"@type":"BreadcrumbList","@id":"https:\/\/www.webdo.tn\/fr\/actualite\/sport\/tunisie-kayak-slalom-slim-jemai-qualifie-aux-jo-de-paris\/212303\/#breadcrumb","itemListElement":[{"@type":"ListItem","position":1,"name":"Accueil","item":"https:\/\/www.webdo.tn\/fr\/"},{"@type":"ListItem","position":2,"name":"Tunisie &#8211; Kayak slalom : Slim Jemai qualifi\u00e9 aux JO de Paris"}]},{"@type":"WebSite","@id":"https:\/\/www.webdo.tn\/fr\/#website","url":"https:\/\/www.webdo.tn\/fr\/","name":"webdo","description":"Tunisie - News en Tunisie et \u00e0 l&#039;international sur Webdo.tn","publisher":{"@id":"https:\/\/www.webdo.tn\/fr\/#organization"},"potentialAction":[{"@type":"SearchAction","target":{"@type":"EntryPoint","urlTemplate":"https:\/\/www.webdo.tn\/fr\/?s={search_term_string}"},"query-input":{"@type":"PropertyValueSpecification","valueRequired":true,"valueName":"search_term_string"}}],"inLanguage":"fr-FR"},{"@type":"Organization","@id":"https:\/\/www.webdo.tn\/fr\/#organization","name":"Webdo","alternateName":"Webdo.tn","url":"https:\/\/www.webdo.tn\/fr\/","logo":{"@type":"ImageObject","inLanguage":"fr-FR","@id":"https:\/\/www.webdo.tn\/fr\/#\/schema\/logo\/image\/","url":"https:\/\/www.webdo.tn\/fr\/wp-content\/uploads\/2025\/06\/Webdo-Tunisie_168377.jpg","contentUrl":"https:\/\/www.webdo.tn\/fr\/wp-content\/uploads\/2025\/06\/Webdo-Tunisie_168377.jpg","width":301,"height":301,"caption":"Webdo"},"image":{"@id":"https:\/\/www.webdo.tn\/fr\/#\/schema\/logo\/image\/"},"sameAs":["https:\/\/www.facebook.com\/webdotn","https:\/\/x.com\/webdo_tn"],"description":"Webdo est un m\u00e9dia num\u00e9rique tunisien fond\u00e9 en 2010, sp\u00e9cialis\u00e9 dans l\u2019actualit\u00e9 nationale et internationale, l\u2019\u00e9conomie, la soci\u00e9t\u00e9 et les analyses politiques. Le site s\u2019adresse \u00e0 un large public francophone et couvre l\u2019information tunisienne en temps r\u00e9el.","email":"redac@webdo.tn","legalName":"YNJ SARL","foundingDate":"2010-09-06","numberOfEmployees":{"@type":"QuantitativeValue","minValue":"11","maxValue":"50"}},{"@type":"Person","@id":"https:\/\/www.webdo.tn\/fr\/#\/schema\/person\/2c4929cbf5a809e3bd38617c6ce150f6","name":"MC","image":{"@type":"ImageObject","inLanguage":"fr-FR","@id":"https:\/\/secure.gravatar.com\/avatar\/a545bbb6f84efdd5553dbbc2895e3ca8f1d12c5215e00a041c9670b54aa9b18a?s=96&d=mm&r=g","url":"https:\/\/secure.gravatar.com\/avatar\/a545bbb6f84efdd5553dbbc2895e3ca8f1d12c5215e00a041c9670b54aa9b18a?s=96&d=mm&r=g","contentUrl":"https:\/\/secure.gravatar.com\/avatar\/a545bbb6f84efdd5553dbbc2895e3ca8f1d12c5215e00a041c9670b54aa9b18a?s=96&d=mm&r=g","caption":"MC"},"url":"https:\/\/www.webdo.tn\/fr\/actualite\/author\/mc\/"}]}},"_links":{"self":[{"href":"https:\/\/www.webdo.tn\/fr\/wp-json\/wp\/v2\/posts\/212303","targetHints":{"allow":["GET"]}}],"collection":[{"href":"https:\/\/www.webdo.tn\/fr\/wp-json\/wp\/v2\/posts"}],"about":[{"href":"https:\/\/www.webdo.tn\/fr\/wp-json\/wp\/v2\/types\/post"}],"author":[{"embeddable":true,"href":"https:\/\/www.webdo.tn\/fr\/wp-json\/wp\/v2\/users\/3162"}],"replies":[{"embeddable":true,"href":"https:\/\/www.webdo.tn\/fr\/wp-json\/wp\/v2\/comments?post=212303"}],"version-history":[{"count":0,"href":"https:\/\/www.webdo.tn\/fr\/wp-json\/wp\/v2\/posts\/212303\/revisions"}],"wp:featuredmedia":[{"embeddable":true,"href":"https:\/\/www.webdo.tn\/fr\/wp-json\/wp\/v2\/media\/290228"}],"wp:attachment":[{"href":"https:\/\/www.webdo.tn\/fr\/wp-json\/wp\/v2\/media?parent=212303"}],"wp:term":[{"taxonomy":"category","embeddable":true,"href":"https:\/\/www.webdo.tn\/fr\/wp-json\/wp\/v2\/categories?post=212303"},{"taxonomy":"post_tag","embeddable":true,"href":"https:\/\/www.webdo.tn\/fr\/wp-json\/wp\/v2\/tags?post=212303"}],"curies":[{"name":"wp","href":"https:\/\/api.w.org\/{rel}","templated":true}]}}