{"id":212297,"date":"2024-02-15T08:10:00","date_gmt":"2024-02-15T08:10:00","guid":{"rendered":"https:\/\/www.webdo.tn\/fr\/blog\/tunisie-la-presidentielle-tenue-entre-septembre-et-octobre-annonce-l-isie\/212297\/"},"modified":"2025-05-20T22:37:46","modified_gmt":"2025-05-20T22:37:46","slug":"tunisie-la-presidentielle-tenue-entre-septembre-et-octobre-annonce-l-isie","status":"publish","type":"post","link":"https:\/\/www.webdo.tn\/fr\/actualite\/national\/tunisie-la-presidentielle-tenue-entre-septembre-et-octobre-annonce-l-isie\/212297\/","title":{"rendered":"Tunisie : La Pr\u00e9sidentielle tenue entre septembre et octobre, annonce l\u2019ISIE"},"content":{"rendered":"<p>Le pr\u00e9sident de l\u2019instance \u00e9lectorale Farouk Bouaskar a annonc\u00e9, hier mercredi 14 f\u00e9vrier, que les \u00e9lections pr\u00e9sidentielles auront lieu en septembre ou octobre prochains, affirmant qu&rsquo;il n&rsquo;y aura aucun amendement de la loi \u00e9lectorale et des conditions de candidature.<\/p>\n<p>Dans une interview accord\u00e9e \u00e0 Mosa\u00efque FM, il a soulign\u00e9 que cette \u00e9tape \u00e9lectorale se d\u00e9roulera conform\u00e9ment \u00e0 la p\u00e9riode constitutionnelle au cours des trois derniers mois du mandat pr\u00e9sidentiel, qui a d\u00e9but\u00e9 en octobre 2019 et se termine en octobre 2024.\u00a0<\/p>\n<p>Bouasker a d\u00e9clar\u00e9 que l&rsquo;Instance entrera bient\u00f4t dans une proc\u00e9dure organisationnelle principalement li\u00e9e \u00e0 l\u2019\u00e9laboration du calendrier des \u00e9lections pr\u00e9sidentielles, qui fixera les dates avec pr\u00e9cision.\u00a0<\/p>\n<p>Le pr\u00e9sident de la R\u00e9publique Kais Saied avait soulign\u00e9 que les \u00e9ch\u00e9ances \u00e9lectorales se tiendront \u00e0 leurs dates pr\u00e9vues y compris les \u00e9lections pr\u00e9sidentielles, selon un communiqu\u00e9 publi\u00e9 par la pr\u00e9sidence de la R\u00e9publique.\u00a0<\/p>\n<p>Le pr\u00e9sident avait rappel\u00e9 que toutes les \u00e9ch\u00e9ances, du r\u00e9f\u00e9rendum \u00e0 l&rsquo;\u00e9lection des membres de l&rsquo;Assembl\u00e9e des repr\u00e9sentants du peuple, ainsi que les derni\u00e8res \u00e9lections des conseils locaux constituant la premi\u00e8re \u00e9tape de la cr\u00e9ation du Conseil des r\u00e9gions et des provinces, ont \u00e9t\u00e9 respect\u00e9es.<\/p>\n","protected":false},"excerpt":{"rendered":"<p>Dans une interview accord\u00e9e \u00e0 Mosa\u00efque FM, il a soulign\u00e9 que cette \u00e9tape \u00e9lectorale se d\u00e9roulera conform\u00e9ment \u00e0 la p\u00e9riode constitutionnelle au cours des trois&#8230;<\/p>\n","protected":false},"author":3175,"featured_media":248004,"comment_status":"open","ping_status":"closed","sticky":false,"template":"","format":"standard","meta":{"footnotes":""},"categories":[44],"tags":[3923,2967,5503,2608],"class_list":["post-212297","post","type-post","status-publish","format-standard","has-post-thumbnail","hentry","category-national","tag-elections","tag-isie","tag-presidentielle","tag-tunisie"],"yoast_head":"<!-- This site is optimized with the Yoast SEO Premium plugin v27.4 (Yoast SEO v27.4) - https:\/\/yoast.com\/product\/yoast-seo-premium-wordpress\/ -->\n<title>Tunisie : La Pr\u00e9sidentielle tenue entre septembre et octobre, annonce l\u2019ISIE<\/title>\n<meta name=\"description\" content=\"Dans une interview accord\u00e9e \u00e0 Mosa\u00efque FM, il a soulign\u00e9 que cette \u00e9tape \u00e9lectorale se d\u00e9roulera conform\u00e9ment \u00e0 la p\u00e9riode constitutionnelle au cours des trois...\" \/>\n<link rel=\"canonical\" href=\"https:\/\/www.webdo.tn\/fr\/actualite\/national\/tunisie-la-presidentielle-tenue-entre-septembre-et-octobre-annonce-l-isie\/212297\/\" \/>\n<meta property=\"og:locale\" content=\"fr_FR\" \/>\n<meta property=\"og:type\" content=\"article\" \/>\n<meta property=\"og:title\" content=\"Tunisie : La Pr\u00e9sidentielle tenue entre septembre et octobre, annonce l\u2019ISIE\" \/>\n<meta property=\"og:description\" content=\"Dans une interview accord\u00e9e \u00e0 Mosa\u00efque FM, il a soulign\u00e9 que cette \u00e9tape \u00e9lectorale se d\u00e9roulera conform\u00e9ment \u00e0 la p\u00e9riode constitutionnelle au cours des trois...\" \/>\n<meta property=\"og:url\" content=\"https:\/\/www.webdo.tn\/fr\/actualite\/national\/tunisie-la-presidentielle-tenue-entre-septembre-et-octobre-annonce-l-isie\/212297\/\" \/>\n<meta property=\"og:site_name\" content=\"webdo\" \/>\n<meta property=\"article:publisher\" content=\"https:\/\/www.facebook.com\/webdotn\" \/>\n<meta property=\"article:published_time\" content=\"2024-02-15T08:10:00+00:00\" \/>\n<meta property=\"article:modified_time\" content=\"2025-05-20T22:37:46+00:00\" \/>\n<meta property=\"og:image\" content=\"https:\/\/www.webdo.tn\/fr\/wp-content\/uploads\/2024\/02\/13e2b129a289db2469c6c339f2582f58.jpg\" \/>\n\t<meta property=\"og:image:width\" content=\"750\" \/>\n\t<meta property=\"og:image:height\" content=\"400\" \/>\n\t<meta property=\"og:image:type\" content=\"image\/jpeg\" \/>\n<meta name=\"author\" content=\"CL\" \/>\n<meta name=\"twitter:card\" content=\"summary_large_image\" \/>\n<meta name=\"twitter:creator\" content=\"@webdo_tn\" \/>\n<meta name=\"twitter:site\" content=\"@webdo_tn\" \/>\n<meta name=\"twitter:label1\" content=\"\u00c9crit par\" \/>\n\t<meta name=\"twitter:data1\" content=\"CL\" \/>\n\t<meta name=\"twitter:label2\" content=\"Dur\u00e9e de lecture estim\u00e9e\" \/>\n\t<meta name=\"twitter:data2\" content=\"1 minute\" \/>\n<script type=\"application\/ld+json\" class=\"yoast-schema-graph\">{\"@context\":\"https:\\\/\\\/schema.org\",\"@graph\":[{\"@type\":\"NewsArticle\",\"@id\":\"https:\\\/\\\/www.webdo.tn\\\/fr\\\/actualite\\\/national\\\/tunisie-la-presidentielle-tenue-entre-septembre-et-octobre-annonce-l-isie\\\/212297\\\/#article\",\"isPartOf\":{\"@id\":\"https:\\\/\\\/www.webdo.tn\\\/fr\\\/actualite\\\/national\\\/tunisie-la-presidentielle-tenue-entre-septembre-et-octobre-annonce-l-isie\\\/212297\\\/\"},\"author\":{\"name\":\"CL\",\"@id\":\"https:\\\/\\\/www.webdo.tn\\\/fr\\\/#\\\/schema\\\/person\\\/f35b42a42c5e2511bbd282959d6385cc\"},\"headline\":\"Tunisie : La Pr\u00e9sidentielle tenue entre septembre et octobre, annonce l\u2019ISIE\",\"datePublished\":\"2024-02-15T08:10:00+00:00\",\"dateModified\":\"2025-05-20T22:37:46+00:00\",\"mainEntityOfPage\":{\"@id\":\"https:\\\/\\\/www.webdo.tn\\\/fr\\\/actualite\\\/national\\\/tunisie-la-presidentielle-tenue-entre-septembre-et-octobre-annonce-l-isie\\\/212297\\\/\"},\"wordCount\":231,\"commentCount\":0,\"publisher\":{\"@id\":\"https:\\\/\\\/www.webdo.tn\\\/fr\\\/#organization\"},\"image\":{\"@id\":\"https:\\\/\\\/www.webdo.tn\\\/fr\\\/actualite\\\/national\\\/tunisie-la-presidentielle-tenue-entre-septembre-et-octobre-annonce-l-isie\\\/212297\\\/#primaryimage\"},\"thumbnailUrl\":\"https:\\\/\\\/www.webdo.tn\\\/fr\\\/wp-content\\\/uploads\\\/2024\\\/02\\\/13e2b129a289db2469c6c339f2582f58.jpg\",\"keywords\":[\"\u00e9lections\",\"ISIE\",\"pr\u00e9sidentielle\",\"Tunisie\"],\"articleSection\":[\"National\"],\"inLanguage\":\"fr-FR\"},{\"@type\":\"WebPage\",\"@id\":\"https:\\\/\\\/www.webdo.tn\\\/fr\\\/actualite\\\/national\\\/tunisie-la-presidentielle-tenue-entre-septembre-et-octobre-annonce-l-isie\\\/212297\\\/\",\"url\":\"https:\\\/\\\/www.webdo.tn\\\/fr\\\/actualite\\\/national\\\/tunisie-la-presidentielle-tenue-entre-septembre-et-octobre-annonce-l-isie\\\/212297\\\/\",\"name\":\"Tunisie : La Pr\u00e9sidentielle tenue entre septembre et octobre, annonce l\u2019ISIE\",\"isPartOf\":{\"@id\":\"https:\\\/\\\/www.webdo.tn\\\/fr\\\/#website\"},\"primaryImageOfPage\":{\"@id\":\"https:\\\/\\\/www.webdo.tn\\\/fr\\\/actualite\\\/national\\\/tunisie-la-presidentielle-tenue-entre-septembre-et-octobre-annonce-l-isie\\\/212297\\\/#primaryimage\"},\"image\":{\"@id\":\"https:\\\/\\\/www.webdo.tn\\\/fr\\\/actualite\\\/national\\\/tunisie-la-presidentielle-tenue-entre-septembre-et-octobre-annonce-l-isie\\\/212297\\\/#primaryimage\"},\"thumbnailUrl\":\"https:\\\/\\\/www.webdo.tn\\\/fr\\\/wp-content\\\/uploads\\\/2024\\\/02\\\/13e2b129a289db2469c6c339f2582f58.jpg\",\"datePublished\":\"2024-02-15T08:10:00+00:00\",\"dateModified\":\"2025-05-20T22:37:46+00:00\",\"description\":\"Dans une interview accord\u00e9e \u00e0 Mosa\u00efque FM, il a soulign\u00e9 que cette \u00e9tape \u00e9lectorale se d\u00e9roulera conform\u00e9ment \u00e0 la p\u00e9riode constitutionnelle au cours des trois...\",\"breadcrumb\":{\"@id\":\"https:\\\/\\\/www.webdo.tn\\\/fr\\\/actualite\\\/national\\\/tunisie-la-presidentielle-tenue-entre-septembre-et-octobre-annonce-l-isie\\\/212297\\\/#breadcrumb\"},\"inLanguage\":\"fr-FR\",\"potentialAction\":[{\"@type\":\"ReadAction\",\"target\":[\"https:\\\/\\\/www.webdo.tn\\\/fr\\\/actualite\\\/national\\\/tunisie-la-presidentielle-tenue-entre-septembre-et-octobre-annonce-l-isie\\\/212297\\\/\"]}]},{\"@type\":\"ImageObject\",\"inLanguage\":\"fr-FR\",\"@id\":\"https:\\\/\\\/www.webdo.tn\\\/fr\\\/actualite\\\/national\\\/tunisie-la-presidentielle-tenue-entre-septembre-et-octobre-annonce-l-isie\\\/212297\\\/#primaryimage\",\"url\":\"https:\\\/\\\/www.webdo.tn\\\/fr\\\/wp-content\\\/uploads\\\/2024\\\/02\\\/13e2b129a289db2469c6c339f2582f58.jpg\",\"contentUrl\":\"https:\\\/\\\/www.webdo.tn\\\/fr\\\/wp-content\\\/uploads\\\/2024\\\/02\\\/13e2b129a289db2469c6c339f2582f58.jpg\",\"width\":750,\"height\":400,\"caption\":\"Tunisie : La Pr\u00e9sidentielle tenue entre septembre et octobre, annonce l\u2019ISIE\"},{\"@type\":\"BreadcrumbList\",\"@id\":\"https:\\\/\\\/www.webdo.tn\\\/fr\\\/actualite\\\/national\\\/tunisie-la-presidentielle-tenue-entre-septembre-et-octobre-annonce-l-isie\\\/212297\\\/#breadcrumb\",\"itemListElement\":[{\"@type\":\"ListItem\",\"position\":1,\"name\":\"Accueil\",\"item\":\"https:\\\/\\\/www.webdo.tn\\\/fr\\\/\"},{\"@type\":\"ListItem\",\"position\":2,\"name\":\"Tunisie : La Pr\u00e9sidentielle tenue entre septembre et octobre, annonce l\u2019ISIE\"}]},{\"@type\":\"WebSite\",\"@id\":\"https:\\\/\\\/www.webdo.tn\\\/fr\\\/#website\",\"url\":\"https:\\\/\\\/www.webdo.tn\\\/fr\\\/\",\"name\":\"webdo\",\"description\":\"Tunisie - News en Tunisie et \u00e0 l&#039;international sur Webdo.tn\",\"publisher\":{\"@id\":\"https:\\\/\\\/www.webdo.tn\\\/fr\\\/#organization\"},\"potentialAction\":[{\"@type\":\"SearchAction\",\"target\":{\"@type\":\"EntryPoint\",\"urlTemplate\":\"https:\\\/\\\/www.webdo.tn\\\/fr\\\/?s={search_term_string}\"},\"query-input\":{\"@type\":\"PropertyValueSpecification\",\"valueRequired\":true,\"valueName\":\"search_term_string\"}}],\"inLanguage\":\"fr-FR\"},{\"@type\":\"Organization\",\"@id\":\"https:\\\/\\\/www.webdo.tn\\\/fr\\\/#organization\",\"name\":\"Webdo\",\"alternateName\":\"Webdo.tn\",\"url\":\"https:\\\/\\\/www.webdo.tn\\\/fr\\\/\",\"logo\":{\"@type\":\"ImageObject\",\"inLanguage\":\"fr-FR\",\"@id\":\"https:\\\/\\\/www.webdo.tn\\\/fr\\\/#\\\/schema\\\/logo\\\/image\\\/\",\"url\":\"https:\\\/\\\/www.webdo.tn\\\/fr\\\/wp-content\\\/uploads\\\/2025\\\/06\\\/Webdo-Tunisie_168377.jpg\",\"contentUrl\":\"https:\\\/\\\/www.webdo.tn\\\/fr\\\/wp-content\\\/uploads\\\/2025\\\/06\\\/Webdo-Tunisie_168377.jpg\",\"width\":301,\"height\":301,\"caption\":\"Webdo\"},\"image\":{\"@id\":\"https:\\\/\\\/www.webdo.tn\\\/fr\\\/#\\\/schema\\\/logo\\\/image\\\/\"},\"sameAs\":[\"https:\\\/\\\/www.facebook.com\\\/webdotn\",\"https:\\\/\\\/x.com\\\/webdo_tn\"],\"description\":\"Webdo est un m\u00e9dia num\u00e9rique tunisien fond\u00e9 en 2010, sp\u00e9cialis\u00e9 dans l\u2019actualit\u00e9 nationale et internationale, l\u2019\u00e9conomie, la soci\u00e9t\u00e9 et les analyses politiques. Le site s\u2019adresse \u00e0 un large public francophone et couvre l\u2019information tunisienne en temps r\u00e9el.\",\"email\":\"redac@webdo.tn\",\"legalName\":\"YNJ SARL\",\"foundingDate\":\"2010-09-06\",\"numberOfEmployees\":{\"@type\":\"QuantitativeValue\",\"minValue\":\"11\",\"maxValue\":\"50\"}},{\"@type\":\"Person\",\"@id\":\"https:\\\/\\\/www.webdo.tn\\\/fr\\\/#\\\/schema\\\/person\\\/f35b42a42c5e2511bbd282959d6385cc\",\"name\":\"CL\",\"image\":{\"@type\":\"ImageObject\",\"inLanguage\":\"fr-FR\",\"@id\":\"https:\\\/\\\/secure.gravatar.com\\\/avatar\\\/1447a49909b67aa657c488aec6512e1dd6143a480c1ecfee9b5b5cd74eb3b59e?s=96&d=mm&r=g\",\"url\":\"https:\\\/\\\/secure.gravatar.com\\\/avatar\\\/1447a49909b67aa657c488aec6512e1dd6143a480c1ecfee9b5b5cd74eb3b59e?s=96&d=mm&r=g\",\"contentUrl\":\"https:\\\/\\\/secure.gravatar.com\\\/avatar\\\/1447a49909b67aa657c488aec6512e1dd6143a480c1ecfee9b5b5cd74eb3b59e?s=96&d=mm&r=g\",\"caption\":\"CL\"},\"url\":\"https:\\\/\\\/www.webdo.tn\\\/fr\\\/actualite\\\/author\\\/cl\\\/\"}]}<\/script>\n<!-- \/ Yoast SEO Premium plugin. -->","yoast_head_json":{"title":"Tunisie : La Pr\u00e9sidentielle tenue entre septembre et octobre, annonce l\u2019ISIE","description":"Dans une interview accord\u00e9e \u00e0 Mosa\u00efque FM, il a soulign\u00e9 que cette \u00e9tape \u00e9lectorale se d\u00e9roulera conform\u00e9ment \u00e0 la p\u00e9riode constitutionnelle au cours des trois...","canonical":"https:\/\/www.webdo.tn\/fr\/actualite\/national\/tunisie-la-presidentielle-tenue-entre-septembre-et-octobre-annonce-l-isie\/212297\/","og_locale":"fr_FR","og_type":"article","og_title":"Tunisie : La Pr\u00e9sidentielle tenue entre septembre et octobre, annonce l\u2019ISIE","og_description":"Dans une interview accord\u00e9e \u00e0 Mosa\u00efque FM, il a soulign\u00e9 que cette \u00e9tape \u00e9lectorale se d\u00e9roulera conform\u00e9ment \u00e0 la p\u00e9riode constitutionnelle au cours des trois...","og_url":"https:\/\/www.webdo.tn\/fr\/actualite\/national\/tunisie-la-presidentielle-tenue-entre-septembre-et-octobre-annonce-l-isie\/212297\/","og_site_name":"webdo","article_publisher":"https:\/\/www.facebook.com\/webdotn","article_published_time":"2024-02-15T08:10:00+00:00","article_modified_time":"2025-05-20T22:37:46+00:00","og_image":[{"width":750,"height":400,"url":"https:\/\/www.webdo.tn\/fr\/wp-content\/uploads\/2024\/02\/13e2b129a289db2469c6c339f2582f58.jpg","type":"image\/jpeg"}],"author":"CL","twitter_card":"summary_large_image","twitter_creator":"@webdo_tn","twitter_site":"@webdo_tn","twitter_misc":{"\u00c9crit par":"CL","Dur\u00e9e de lecture estim\u00e9e":"1 minute"},"schema":{"@context":"https:\/\/schema.org","@graph":[{"@type":"NewsArticle","@id":"https:\/\/www.webdo.tn\/fr\/actualite\/national\/tunisie-la-presidentielle-tenue-entre-septembre-et-octobre-annonce-l-isie\/212297\/#article","isPartOf":{"@id":"https:\/\/www.webdo.tn\/fr\/actualite\/national\/tunisie-la-presidentielle-tenue-entre-septembre-et-octobre-annonce-l-isie\/212297\/"},"author":{"name":"CL","@id":"https:\/\/www.webdo.tn\/fr\/#\/schema\/person\/f35b42a42c5e2511bbd282959d6385cc"},"headline":"Tunisie : La Pr\u00e9sidentielle tenue entre septembre et octobre, annonce l\u2019ISIE","datePublished":"2024-02-15T08:10:00+00:00","dateModified":"2025-05-20T22:37:46+00:00","mainEntityOfPage":{"@id":"https:\/\/www.webdo.tn\/fr\/actualite\/national\/tunisie-la-presidentielle-tenue-entre-septembre-et-octobre-annonce-l-isie\/212297\/"},"wordCount":231,"commentCount":0,"publisher":{"@id":"https:\/\/www.webdo.tn\/fr\/#organization"},"image":{"@id":"https:\/\/www.webdo.tn\/fr\/actualite\/national\/tunisie-la-presidentielle-tenue-entre-septembre-et-octobre-annonce-l-isie\/212297\/#primaryimage"},"thumbnailUrl":"https:\/\/www.webdo.tn\/fr\/wp-content\/uploads\/2024\/02\/13e2b129a289db2469c6c339f2582f58.jpg","keywords":["\u00e9lections","ISIE","pr\u00e9sidentielle","Tunisie"],"articleSection":["National"],"inLanguage":"fr-FR"},{"@type":"WebPage","@id":"https:\/\/www.webdo.tn\/fr\/actualite\/national\/tunisie-la-presidentielle-tenue-entre-septembre-et-octobre-annonce-l-isie\/212297\/","url":"https:\/\/www.webdo.tn\/fr\/actualite\/national\/tunisie-la-presidentielle-tenue-entre-septembre-et-octobre-annonce-l-isie\/212297\/","name":"Tunisie : La Pr\u00e9sidentielle tenue entre septembre et octobre, annonce l\u2019ISIE","isPartOf":{"@id":"https:\/\/www.webdo.tn\/fr\/#website"},"primaryImageOfPage":{"@id":"https:\/\/www.webdo.tn\/fr\/actualite\/national\/tunisie-la-presidentielle-tenue-entre-septembre-et-octobre-annonce-l-isie\/212297\/#primaryimage"},"image":{"@id":"https:\/\/www.webdo.tn\/fr\/actualite\/national\/tunisie-la-presidentielle-tenue-entre-septembre-et-octobre-annonce-l-isie\/212297\/#primaryimage"},"thumbnailUrl":"https:\/\/www.webdo.tn\/fr\/wp-content\/uploads\/2024\/02\/13e2b129a289db2469c6c339f2582f58.jpg","datePublished":"2024-02-15T08:10:00+00:00","dateModified":"2025-05-20T22:37:46+00:00","description":"Dans une interview accord\u00e9e \u00e0 Mosa\u00efque FM, il a soulign\u00e9 que cette \u00e9tape \u00e9lectorale se d\u00e9roulera conform\u00e9ment \u00e0 la p\u00e9riode constitutionnelle au cours des trois...","breadcrumb":{"@id":"https:\/\/www.webdo.tn\/fr\/actualite\/national\/tunisie-la-presidentielle-tenue-entre-septembre-et-octobre-annonce-l-isie\/212297\/#breadcrumb"},"inLanguage":"fr-FR","potentialAction":[{"@type":"ReadAction","target":["https:\/\/www.webdo.tn\/fr\/actualite\/national\/tunisie-la-presidentielle-tenue-entre-septembre-et-octobre-annonce-l-isie\/212297\/"]}]},{"@type":"ImageObject","inLanguage":"fr-FR","@id":"https:\/\/www.webdo.tn\/fr\/actualite\/national\/tunisie-la-presidentielle-tenue-entre-septembre-et-octobre-annonce-l-isie\/212297\/#primaryimage","url":"https:\/\/www.webdo.tn\/fr\/wp-content\/uploads\/2024\/02\/13e2b129a289db2469c6c339f2582f58.jpg","contentUrl":"https:\/\/www.webdo.tn\/fr\/wp-content\/uploads\/2024\/02\/13e2b129a289db2469c6c339f2582f58.jpg","width":750,"height":400,"caption":"Tunisie : La Pr\u00e9sidentielle tenue entre septembre et octobre, annonce l\u2019ISIE"},{"@type":"BreadcrumbList","@id":"https:\/\/www.webdo.tn\/fr\/actualite\/national\/tunisie-la-presidentielle-tenue-entre-septembre-et-octobre-annonce-l-isie\/212297\/#breadcrumb","itemListElement":[{"@type":"ListItem","position":1,"name":"Accueil","item":"https:\/\/www.webdo.tn\/fr\/"},{"@type":"ListItem","position":2,"name":"Tunisie : La Pr\u00e9sidentielle tenue entre septembre et octobre, annonce l\u2019ISIE"}]},{"@type":"WebSite","@id":"https:\/\/www.webdo.tn\/fr\/#website","url":"https:\/\/www.webdo.tn\/fr\/","name":"webdo","description":"Tunisie - News en Tunisie et \u00e0 l&#039;international sur Webdo.tn","publisher":{"@id":"https:\/\/www.webdo.tn\/fr\/#organization"},"potentialAction":[{"@type":"SearchAction","target":{"@type":"EntryPoint","urlTemplate":"https:\/\/www.webdo.tn\/fr\/?s={search_term_string}"},"query-input":{"@type":"PropertyValueSpecification","valueRequired":true,"valueName":"search_term_string"}}],"inLanguage":"fr-FR"},{"@type":"Organization","@id":"https:\/\/www.webdo.tn\/fr\/#organization","name":"Webdo","alternateName":"Webdo.tn","url":"https:\/\/www.webdo.tn\/fr\/","logo":{"@type":"ImageObject","inLanguage":"fr-FR","@id":"https:\/\/www.webdo.tn\/fr\/#\/schema\/logo\/image\/","url":"https:\/\/www.webdo.tn\/fr\/wp-content\/uploads\/2025\/06\/Webdo-Tunisie_168377.jpg","contentUrl":"https:\/\/www.webdo.tn\/fr\/wp-content\/uploads\/2025\/06\/Webdo-Tunisie_168377.jpg","width":301,"height":301,"caption":"Webdo"},"image":{"@id":"https:\/\/www.webdo.tn\/fr\/#\/schema\/logo\/image\/"},"sameAs":["https:\/\/www.facebook.com\/webdotn","https:\/\/x.com\/webdo_tn"],"description":"Webdo est un m\u00e9dia num\u00e9rique tunisien fond\u00e9 en 2010, sp\u00e9cialis\u00e9 dans l\u2019actualit\u00e9 nationale et internationale, l\u2019\u00e9conomie, la soci\u00e9t\u00e9 et les analyses politiques. Le site s\u2019adresse \u00e0 un large public francophone et couvre l\u2019information tunisienne en temps r\u00e9el.","email":"redac@webdo.tn","legalName":"YNJ SARL","foundingDate":"2010-09-06","numberOfEmployees":{"@type":"QuantitativeValue","minValue":"11","maxValue":"50"}},{"@type":"Person","@id":"https:\/\/www.webdo.tn\/fr\/#\/schema\/person\/f35b42a42c5e2511bbd282959d6385cc","name":"CL","image":{"@type":"ImageObject","inLanguage":"fr-FR","@id":"https:\/\/secure.gravatar.com\/avatar\/1447a49909b67aa657c488aec6512e1dd6143a480c1ecfee9b5b5cd74eb3b59e?s=96&d=mm&r=g","url":"https:\/\/secure.gravatar.com\/avatar\/1447a49909b67aa657c488aec6512e1dd6143a480c1ecfee9b5b5cd74eb3b59e?s=96&d=mm&r=g","contentUrl":"https:\/\/secure.gravatar.com\/avatar\/1447a49909b67aa657c488aec6512e1dd6143a480c1ecfee9b5b5cd74eb3b59e?s=96&d=mm&r=g","caption":"CL"},"url":"https:\/\/www.webdo.tn\/fr\/actualite\/author\/cl\/"}]}},"_links":{"self":[{"href":"https:\/\/www.webdo.tn\/fr\/wp-json\/wp\/v2\/posts\/212297","targetHints":{"allow":["GET"]}}],"collection":[{"href":"https:\/\/www.webdo.tn\/fr\/wp-json\/wp\/v2\/posts"}],"about":[{"href":"https:\/\/www.webdo.tn\/fr\/wp-json\/wp\/v2\/types\/post"}],"author":[{"embeddable":true,"href":"https:\/\/www.webdo.tn\/fr\/wp-json\/wp\/v2\/users\/3175"}],"replies":[{"embeddable":true,"href":"https:\/\/www.webdo.tn\/fr\/wp-json\/wp\/v2\/comments?post=212297"}],"version-history":[{"count":0,"href":"https:\/\/www.webdo.tn\/fr\/wp-json\/wp\/v2\/posts\/212297\/revisions"}],"wp:featuredmedia":[{"embeddable":true,"href":"https:\/\/www.webdo.tn\/fr\/wp-json\/wp\/v2\/media\/248004"}],"wp:attachment":[{"href":"https:\/\/www.webdo.tn\/fr\/wp-json\/wp\/v2\/media?parent=212297"}],"wp:term":[{"taxonomy":"category","embeddable":true,"href":"https:\/\/www.webdo.tn\/fr\/wp-json\/wp\/v2\/categories?post=212297"},{"taxonomy":"post_tag","embeddable":true,"href":"https:\/\/www.webdo.tn\/fr\/wp-json\/wp\/v2\/tags?post=212297"}],"curies":[{"name":"wp","href":"https:\/\/api.w.org\/{rel}","templated":true}]}}