{"id":212288,"date":"2024-02-14T19:49:00","date_gmt":"2024-02-14T19:49:00","guid":{"rendered":"https:\/\/www.webdo.tn\/fr\/blog\/tunisie-arrestation-de-trois-anciens-cadres-d-une-societe-petroliere\/212288\/"},"modified":"2025-05-20T21:53:02","modified_gmt":"2025-05-20T21:53:02","slug":"tunisie-arrestation-de-trois-anciens-cadres-d-une-societe-petroliere","status":"publish","type":"post","link":"https:\/\/www.webdo.tn\/fr\/actualite\/national\/tunisie-arrestation-de-trois-anciens-cadres-d-une-societe-petroliere\/212288\/","title":{"rendered":"Tunisie : Arrestation de trois anciens cadres d\u2019une soci\u00e9t\u00e9 p\u00e9troli\u00e8re"},"content":{"rendered":"<p>Trois anciens cadres \u00e0 la retraite dont un ancien directeur g\u00e9n\u00e9ral d&rsquo;une soci\u00e9t\u00e9 p\u00e9troli\u00e8re publique ont \u00e9t\u00e9 arr\u00eat\u00e9s par la brigade centrale de la garde nationale de l\u2019Aouina.<\/p>\n<p>\t\t\t\t\t\t\t\t\tCes trois cadres dont l\u2019ancien DG sont soup\u00e7onn\u00e9s d&rsquo;avoir d\u00e9tourn\u00e9 des fonds publics au sein d\u2019une entreprise p\u00e9troli\u00e8re publique. Ils ont \u00e9t\u00e9 plac\u00e9s en garde \u00e0 vue sur d\u00e9cision du minist\u00e8re public du Tribunal de premi\u00e8re instance de Tunis, rapporte Mosaique fm.<\/p>\n<p>Ces arrestations font suite \u00e0 l\u2019enqu\u00eate men\u00e9e par la brigade centrale de la garde nationale de l\u2019Aouina concernant les soup\u00e7ons de corruption financi\u00e8re et administrative dans l&rsquo;attribution de l&rsquo;un des contrats d&rsquo;exploration de gaz dans l&rsquo;un des champs p\u00e9trolif\u00e8res au sud du pays.<\/p>\n","protected":false},"excerpt":{"rendered":"<p>Un ancien DG et deux autres cadres d&rsquo;une soci\u00e9t\u00e9 p\u00e9troli\u00e8re publique, tous \u00e0 la retraite, ont \u00e9t\u00e9 arr\u00eat\u00e9s. Ils sont soup\u00e7onn\u00e9s d&rsquo;avoir d\u00e9tourn\u00e9 des fonds public&#8230;<\/p>\n","protected":false},"author":3162,"featured_media":247999,"comment_status":"open","ping_status":"closed","sticky":false,"template":"","format":"standard","meta":{"footnotes":""},"categories":[44],"tags":[2966,2996,6999,4691,2608],"class_list":["post-212288","post","type-post","status-publish","format-standard","has-post-thumbnail","hentry","category-national","tag-arrestation","tag-detournement-de-fonds","tag-exploitation","tag-petrole","tag-tunisie"],"yoast_head":"<!-- This site is optimized with the Yoast SEO Premium plugin v27.5 (Yoast SEO v27.5) - https:\/\/yoast.com\/product\/yoast-seo-premium-wordpress\/ -->\n<title>Tunisie : Arrestation de trois anciens cadres d\u2019une soci\u00e9t\u00e9 p\u00e9troli\u00e8re<\/title>\n<meta name=\"description\" content=\"Un ancien DG et deux autres cadres d&#039;une soci\u00e9t\u00e9 p\u00e9troli\u00e8re publique, tous \u00e0 la retraite, ont \u00e9t\u00e9 arr\u00eat\u00e9s. Ils sont soup\u00e7onn\u00e9s d&#039;avoir d\u00e9tourn\u00e9 des fonds public...\" \/>\n<link rel=\"canonical\" href=\"https:\/\/www.webdo.tn\/fr\/actualite\/national\/tunisie-arrestation-de-trois-anciens-cadres-d-une-societe-petroliere\/212288\/\" \/>\n<meta property=\"og:locale\" content=\"fr_FR\" \/>\n<meta property=\"og:type\" content=\"article\" \/>\n<meta property=\"og:title\" content=\"Tunisie : Arrestation de trois anciens cadres d\u2019une soci\u00e9t\u00e9 p\u00e9troli\u00e8re\" \/>\n<meta property=\"og:description\" content=\"Un ancien DG et deux autres cadres d&#039;une soci\u00e9t\u00e9 p\u00e9troli\u00e8re publique, tous \u00e0 la retraite, ont \u00e9t\u00e9 arr\u00eat\u00e9s. Ils sont soup\u00e7onn\u00e9s d&#039;avoir d\u00e9tourn\u00e9 des fonds public...\" \/>\n<meta property=\"og:url\" content=\"https:\/\/www.webdo.tn\/fr\/actualite\/national\/tunisie-arrestation-de-trois-anciens-cadres-d-une-societe-petroliere\/212288\/\" \/>\n<meta property=\"og:site_name\" content=\"webdo\" \/>\n<meta property=\"article:publisher\" content=\"https:\/\/www.facebook.com\/webdotn\" \/>\n<meta property=\"article:published_time\" content=\"2024-02-14T19:49:00+00:00\" \/>\n<meta property=\"article:modified_time\" content=\"2025-05-20T21:53:02+00:00\" \/>\n<meta property=\"og:image\" content=\"https:\/\/www.webdo.tn\/fr\/wp-content\/uploads\/2024\/02\/79aa34f8fbe59fe0631eed21306f9432.jpg\" \/>\n\t<meta property=\"og:image:width\" content=\"750\" \/>\n\t<meta property=\"og:image:height\" content=\"400\" \/>\n\t<meta property=\"og:image:type\" content=\"image\/jpeg\" \/>\n<meta name=\"author\" content=\"MC\" \/>\n<meta name=\"twitter:card\" content=\"summary_large_image\" \/>\n<meta name=\"twitter:creator\" content=\"@webdo_tn\" \/>\n<meta name=\"twitter:site\" content=\"@webdo_tn\" \/>\n<meta name=\"twitter:label1\" content=\"\u00c9crit par\" \/>\n\t<meta name=\"twitter:data1\" content=\"MC\" \/>\n\t<meta name=\"twitter:label2\" content=\"Dur\u00e9e de lecture estim\u00e9e\" \/>\n\t<meta name=\"twitter:data2\" content=\"1 minute\" \/>\n<script type=\"application\/ld+json\" class=\"yoast-schema-graph\">{\"@context\":\"https:\\\/\\\/schema.org\",\"@graph\":[{\"@type\":\"NewsArticle\",\"@id\":\"https:\\\/\\\/www.webdo.tn\\\/fr\\\/actualite\\\/national\\\/tunisie-arrestation-de-trois-anciens-cadres-d-une-societe-petroliere\\\/212288\\\/#article\",\"isPartOf\":{\"@id\":\"https:\\\/\\\/www.webdo.tn\\\/fr\\\/actualite\\\/national\\\/tunisie-arrestation-de-trois-anciens-cadres-d-une-societe-petroliere\\\/212288\\\/\"},\"author\":{\"name\":\"MC\",\"@id\":\"https:\\\/\\\/www.webdo.tn\\\/fr\\\/#\\\/schema\\\/person\\\/2c4929cbf5a809e3bd38617c6ce150f6\"},\"headline\":\"Tunisie : Arrestation de trois anciens cadres d\u2019une soci\u00e9t\u00e9 p\u00e9troli\u00e8re\",\"datePublished\":\"2024-02-14T19:49:00+00:00\",\"dateModified\":\"2025-05-20T21:53:02+00:00\",\"mainEntityOfPage\":{\"@id\":\"https:\\\/\\\/www.webdo.tn\\\/fr\\\/actualite\\\/national\\\/tunisie-arrestation-de-trois-anciens-cadres-d-une-societe-petroliere\\\/212288\\\/\"},\"wordCount\":156,\"commentCount\":0,\"publisher\":{\"@id\":\"https:\\\/\\\/www.webdo.tn\\\/fr\\\/#organization\"},\"image\":{\"@id\":\"https:\\\/\\\/www.webdo.tn\\\/fr\\\/actualite\\\/national\\\/tunisie-arrestation-de-trois-anciens-cadres-d-une-societe-petroliere\\\/212288\\\/#primaryimage\"},\"thumbnailUrl\":\"https:\\\/\\\/www.webdo.tn\\\/fr\\\/wp-content\\\/uploads\\\/2024\\\/02\\\/79aa34f8fbe59fe0631eed21306f9432.jpg\",\"keywords\":[\"arrestation\",\"d\u00e9tournement de fonds\",\"exploitation\",\"p\u00e9trole\",\"Tunisie\"],\"articleSection\":[\"National\"],\"inLanguage\":\"fr-FR\"},{\"@type\":\"WebPage\",\"@id\":\"https:\\\/\\\/www.webdo.tn\\\/fr\\\/actualite\\\/national\\\/tunisie-arrestation-de-trois-anciens-cadres-d-une-societe-petroliere\\\/212288\\\/\",\"url\":\"https:\\\/\\\/www.webdo.tn\\\/fr\\\/actualite\\\/national\\\/tunisie-arrestation-de-trois-anciens-cadres-d-une-societe-petroliere\\\/212288\\\/\",\"name\":\"Tunisie : Arrestation de trois anciens cadres d\u2019une soci\u00e9t\u00e9 p\u00e9troli\u00e8re\",\"isPartOf\":{\"@id\":\"https:\\\/\\\/www.webdo.tn\\\/fr\\\/#website\"},\"primaryImageOfPage\":{\"@id\":\"https:\\\/\\\/www.webdo.tn\\\/fr\\\/actualite\\\/national\\\/tunisie-arrestation-de-trois-anciens-cadres-d-une-societe-petroliere\\\/212288\\\/#primaryimage\"},\"image\":{\"@id\":\"https:\\\/\\\/www.webdo.tn\\\/fr\\\/actualite\\\/national\\\/tunisie-arrestation-de-trois-anciens-cadres-d-une-societe-petroliere\\\/212288\\\/#primaryimage\"},\"thumbnailUrl\":\"https:\\\/\\\/www.webdo.tn\\\/fr\\\/wp-content\\\/uploads\\\/2024\\\/02\\\/79aa34f8fbe59fe0631eed21306f9432.jpg\",\"datePublished\":\"2024-02-14T19:49:00+00:00\",\"dateModified\":\"2025-05-20T21:53:02+00:00\",\"description\":\"Un ancien DG et deux autres cadres d'une soci\u00e9t\u00e9 p\u00e9troli\u00e8re publique, tous \u00e0 la retraite, ont \u00e9t\u00e9 arr\u00eat\u00e9s. Ils sont soup\u00e7onn\u00e9s d'avoir d\u00e9tourn\u00e9 des fonds public...\",\"breadcrumb\":{\"@id\":\"https:\\\/\\\/www.webdo.tn\\\/fr\\\/actualite\\\/national\\\/tunisie-arrestation-de-trois-anciens-cadres-d-une-societe-petroliere\\\/212288\\\/#breadcrumb\"},\"inLanguage\":\"fr-FR\",\"potentialAction\":[{\"@type\":\"ReadAction\",\"target\":[\"https:\\\/\\\/www.webdo.tn\\\/fr\\\/actualite\\\/national\\\/tunisie-arrestation-de-trois-anciens-cadres-d-une-societe-petroliere\\\/212288\\\/\"]}]},{\"@type\":\"ImageObject\",\"inLanguage\":\"fr-FR\",\"@id\":\"https:\\\/\\\/www.webdo.tn\\\/fr\\\/actualite\\\/national\\\/tunisie-arrestation-de-trois-anciens-cadres-d-une-societe-petroliere\\\/212288\\\/#primaryimage\",\"url\":\"https:\\\/\\\/www.webdo.tn\\\/fr\\\/wp-content\\\/uploads\\\/2024\\\/02\\\/79aa34f8fbe59fe0631eed21306f9432.jpg\",\"contentUrl\":\"https:\\\/\\\/www.webdo.tn\\\/fr\\\/wp-content\\\/uploads\\\/2024\\\/02\\\/79aa34f8fbe59fe0631eed21306f9432.jpg\",\"width\":750,\"height\":400,\"caption\":\"Tunisie : Arrestation de trois anciens cadres d\u2019une soci\u00e9t\u00e9 p\u00e9troli\u00e8re\"},{\"@type\":\"BreadcrumbList\",\"@id\":\"https:\\\/\\\/www.webdo.tn\\\/fr\\\/actualite\\\/national\\\/tunisie-arrestation-de-trois-anciens-cadres-d-une-societe-petroliere\\\/212288\\\/#breadcrumb\",\"itemListElement\":[{\"@type\":\"ListItem\",\"position\":1,\"name\":\"Accueil\",\"item\":\"https:\\\/\\\/www.webdo.tn\\\/fr\\\/\"},{\"@type\":\"ListItem\",\"position\":2,\"name\":\"Tunisie : Arrestation de trois anciens cadres d\u2019une soci\u00e9t\u00e9 p\u00e9troli\u00e8re\"}]},{\"@type\":\"WebSite\",\"@id\":\"https:\\\/\\\/www.webdo.tn\\\/fr\\\/#website\",\"url\":\"https:\\\/\\\/www.webdo.tn\\\/fr\\\/\",\"name\":\"webdo\",\"description\":\"Tunisie - News en Tunisie et \u00e0 l&#039;international sur Webdo.tn\",\"publisher\":{\"@id\":\"https:\\\/\\\/www.webdo.tn\\\/fr\\\/#organization\"},\"potentialAction\":[{\"@type\":\"SearchAction\",\"target\":{\"@type\":\"EntryPoint\",\"urlTemplate\":\"https:\\\/\\\/www.webdo.tn\\\/fr\\\/?s={search_term_string}\"},\"query-input\":{\"@type\":\"PropertyValueSpecification\",\"valueRequired\":true,\"valueName\":\"search_term_string\"}}],\"inLanguage\":\"fr-FR\"},{\"@type\":\"Organization\",\"@id\":\"https:\\\/\\\/www.webdo.tn\\\/fr\\\/#organization\",\"name\":\"Webdo\",\"alternateName\":\"Webdo.tn\",\"url\":\"https:\\\/\\\/www.webdo.tn\\\/fr\\\/\",\"logo\":{\"@type\":\"ImageObject\",\"inLanguage\":\"fr-FR\",\"@id\":\"https:\\\/\\\/www.webdo.tn\\\/fr\\\/#\\\/schema\\\/logo\\\/image\\\/\",\"url\":\"https:\\\/\\\/www.webdo.tn\\\/fr\\\/wp-content\\\/uploads\\\/2025\\\/06\\\/Webdo-Tunisie_168377.jpg\",\"contentUrl\":\"https:\\\/\\\/www.webdo.tn\\\/fr\\\/wp-content\\\/uploads\\\/2025\\\/06\\\/Webdo-Tunisie_168377.jpg\",\"width\":301,\"height\":301,\"caption\":\"Webdo\"},\"image\":{\"@id\":\"https:\\\/\\\/www.webdo.tn\\\/fr\\\/#\\\/schema\\\/logo\\\/image\\\/\"},\"sameAs\":[\"https:\\\/\\\/www.facebook.com\\\/webdotn\",\"https:\\\/\\\/x.com\\\/webdo_tn\"],\"description\":\"Webdo est un m\u00e9dia num\u00e9rique tunisien fond\u00e9 en 2010, sp\u00e9cialis\u00e9 dans l\u2019actualit\u00e9 nationale et internationale, l\u2019\u00e9conomie, la soci\u00e9t\u00e9 et les analyses politiques. Le site s\u2019adresse \u00e0 un large public francophone et couvre l\u2019information tunisienne en temps r\u00e9el.\",\"email\":\"redac@webdo.tn\",\"legalName\":\"YNJ SARL\",\"foundingDate\":\"2010-09-06\",\"numberOfEmployees\":{\"@type\":\"QuantitativeValue\",\"minValue\":\"11\",\"maxValue\":\"50\"}},{\"@type\":\"Person\",\"@id\":\"https:\\\/\\\/www.webdo.tn\\\/fr\\\/#\\\/schema\\\/person\\\/2c4929cbf5a809e3bd38617c6ce150f6\",\"name\":\"MC\",\"image\":{\"@type\":\"ImageObject\",\"inLanguage\":\"fr-FR\",\"@id\":\"https:\\\/\\\/secure.gravatar.com\\\/avatar\\\/a545bbb6f84efdd5553dbbc2895e3ca8f1d12c5215e00a041c9670b54aa9b18a?s=96&d=mm&r=g\",\"url\":\"https:\\\/\\\/secure.gravatar.com\\\/avatar\\\/a545bbb6f84efdd5553dbbc2895e3ca8f1d12c5215e00a041c9670b54aa9b18a?s=96&d=mm&r=g\",\"contentUrl\":\"https:\\\/\\\/secure.gravatar.com\\\/avatar\\\/a545bbb6f84efdd5553dbbc2895e3ca8f1d12c5215e00a041c9670b54aa9b18a?s=96&d=mm&r=g\",\"caption\":\"MC\"},\"url\":\"https:\\\/\\\/www.webdo.tn\\\/fr\\\/actualite\\\/author\\\/mc\\\/\"}]}<\/script>\n<!-- \/ Yoast SEO Premium plugin. -->","yoast_head_json":{"title":"Tunisie : Arrestation de trois anciens cadres d\u2019une soci\u00e9t\u00e9 p\u00e9troli\u00e8re","description":"Un ancien DG et deux autres cadres d'une soci\u00e9t\u00e9 p\u00e9troli\u00e8re publique, tous \u00e0 la retraite, ont \u00e9t\u00e9 arr\u00eat\u00e9s. Ils sont soup\u00e7onn\u00e9s d'avoir d\u00e9tourn\u00e9 des fonds public...","canonical":"https:\/\/www.webdo.tn\/fr\/actualite\/national\/tunisie-arrestation-de-trois-anciens-cadres-d-une-societe-petroliere\/212288\/","og_locale":"fr_FR","og_type":"article","og_title":"Tunisie : Arrestation de trois anciens cadres d\u2019une soci\u00e9t\u00e9 p\u00e9troli\u00e8re","og_description":"Un ancien DG et deux autres cadres d'une soci\u00e9t\u00e9 p\u00e9troli\u00e8re publique, tous \u00e0 la retraite, ont \u00e9t\u00e9 arr\u00eat\u00e9s. Ils sont soup\u00e7onn\u00e9s d'avoir d\u00e9tourn\u00e9 des fonds public...","og_url":"https:\/\/www.webdo.tn\/fr\/actualite\/national\/tunisie-arrestation-de-trois-anciens-cadres-d-une-societe-petroliere\/212288\/","og_site_name":"webdo","article_publisher":"https:\/\/www.facebook.com\/webdotn","article_published_time":"2024-02-14T19:49:00+00:00","article_modified_time":"2025-05-20T21:53:02+00:00","og_image":[{"width":750,"height":400,"url":"https:\/\/www.webdo.tn\/fr\/wp-content\/uploads\/2024\/02\/79aa34f8fbe59fe0631eed21306f9432.jpg","type":"image\/jpeg"}],"author":"MC","twitter_card":"summary_large_image","twitter_creator":"@webdo_tn","twitter_site":"@webdo_tn","twitter_misc":{"\u00c9crit par":"MC","Dur\u00e9e de lecture estim\u00e9e":"1 minute"},"schema":{"@context":"https:\/\/schema.org","@graph":[{"@type":"NewsArticle","@id":"https:\/\/www.webdo.tn\/fr\/actualite\/national\/tunisie-arrestation-de-trois-anciens-cadres-d-une-societe-petroliere\/212288\/#article","isPartOf":{"@id":"https:\/\/www.webdo.tn\/fr\/actualite\/national\/tunisie-arrestation-de-trois-anciens-cadres-d-une-societe-petroliere\/212288\/"},"author":{"name":"MC","@id":"https:\/\/www.webdo.tn\/fr\/#\/schema\/person\/2c4929cbf5a809e3bd38617c6ce150f6"},"headline":"Tunisie : Arrestation de trois anciens cadres d\u2019une soci\u00e9t\u00e9 p\u00e9troli\u00e8re","datePublished":"2024-02-14T19:49:00+00:00","dateModified":"2025-05-20T21:53:02+00:00","mainEntityOfPage":{"@id":"https:\/\/www.webdo.tn\/fr\/actualite\/national\/tunisie-arrestation-de-trois-anciens-cadres-d-une-societe-petroliere\/212288\/"},"wordCount":156,"commentCount":0,"publisher":{"@id":"https:\/\/www.webdo.tn\/fr\/#organization"},"image":{"@id":"https:\/\/www.webdo.tn\/fr\/actualite\/national\/tunisie-arrestation-de-trois-anciens-cadres-d-une-societe-petroliere\/212288\/#primaryimage"},"thumbnailUrl":"https:\/\/www.webdo.tn\/fr\/wp-content\/uploads\/2024\/02\/79aa34f8fbe59fe0631eed21306f9432.jpg","keywords":["arrestation","d\u00e9tournement de fonds","exploitation","p\u00e9trole","Tunisie"],"articleSection":["National"],"inLanguage":"fr-FR"},{"@type":"WebPage","@id":"https:\/\/www.webdo.tn\/fr\/actualite\/national\/tunisie-arrestation-de-trois-anciens-cadres-d-une-societe-petroliere\/212288\/","url":"https:\/\/www.webdo.tn\/fr\/actualite\/national\/tunisie-arrestation-de-trois-anciens-cadres-d-une-societe-petroliere\/212288\/","name":"Tunisie : Arrestation de trois anciens cadres d\u2019une soci\u00e9t\u00e9 p\u00e9troli\u00e8re","isPartOf":{"@id":"https:\/\/www.webdo.tn\/fr\/#website"},"primaryImageOfPage":{"@id":"https:\/\/www.webdo.tn\/fr\/actualite\/national\/tunisie-arrestation-de-trois-anciens-cadres-d-une-societe-petroliere\/212288\/#primaryimage"},"image":{"@id":"https:\/\/www.webdo.tn\/fr\/actualite\/national\/tunisie-arrestation-de-trois-anciens-cadres-d-une-societe-petroliere\/212288\/#primaryimage"},"thumbnailUrl":"https:\/\/www.webdo.tn\/fr\/wp-content\/uploads\/2024\/02\/79aa34f8fbe59fe0631eed21306f9432.jpg","datePublished":"2024-02-14T19:49:00+00:00","dateModified":"2025-05-20T21:53:02+00:00","description":"Un ancien DG et deux autres cadres d'une soci\u00e9t\u00e9 p\u00e9troli\u00e8re publique, tous \u00e0 la retraite, ont \u00e9t\u00e9 arr\u00eat\u00e9s. Ils sont soup\u00e7onn\u00e9s d'avoir d\u00e9tourn\u00e9 des fonds public...","breadcrumb":{"@id":"https:\/\/www.webdo.tn\/fr\/actualite\/national\/tunisie-arrestation-de-trois-anciens-cadres-d-une-societe-petroliere\/212288\/#breadcrumb"},"inLanguage":"fr-FR","potentialAction":[{"@type":"ReadAction","target":["https:\/\/www.webdo.tn\/fr\/actualite\/national\/tunisie-arrestation-de-trois-anciens-cadres-d-une-societe-petroliere\/212288\/"]}]},{"@type":"ImageObject","inLanguage":"fr-FR","@id":"https:\/\/www.webdo.tn\/fr\/actualite\/national\/tunisie-arrestation-de-trois-anciens-cadres-d-une-societe-petroliere\/212288\/#primaryimage","url":"https:\/\/www.webdo.tn\/fr\/wp-content\/uploads\/2024\/02\/79aa34f8fbe59fe0631eed21306f9432.jpg","contentUrl":"https:\/\/www.webdo.tn\/fr\/wp-content\/uploads\/2024\/02\/79aa34f8fbe59fe0631eed21306f9432.jpg","width":750,"height":400,"caption":"Tunisie : Arrestation de trois anciens cadres d\u2019une soci\u00e9t\u00e9 p\u00e9troli\u00e8re"},{"@type":"BreadcrumbList","@id":"https:\/\/www.webdo.tn\/fr\/actualite\/national\/tunisie-arrestation-de-trois-anciens-cadres-d-une-societe-petroliere\/212288\/#breadcrumb","itemListElement":[{"@type":"ListItem","position":1,"name":"Accueil","item":"https:\/\/www.webdo.tn\/fr\/"},{"@type":"ListItem","position":2,"name":"Tunisie : Arrestation de trois anciens cadres d\u2019une soci\u00e9t\u00e9 p\u00e9troli\u00e8re"}]},{"@type":"WebSite","@id":"https:\/\/www.webdo.tn\/fr\/#website","url":"https:\/\/www.webdo.tn\/fr\/","name":"webdo","description":"Tunisie - News en Tunisie et \u00e0 l&#039;international sur Webdo.tn","publisher":{"@id":"https:\/\/www.webdo.tn\/fr\/#organization"},"potentialAction":[{"@type":"SearchAction","target":{"@type":"EntryPoint","urlTemplate":"https:\/\/www.webdo.tn\/fr\/?s={search_term_string}"},"query-input":{"@type":"PropertyValueSpecification","valueRequired":true,"valueName":"search_term_string"}}],"inLanguage":"fr-FR"},{"@type":"Organization","@id":"https:\/\/www.webdo.tn\/fr\/#organization","name":"Webdo","alternateName":"Webdo.tn","url":"https:\/\/www.webdo.tn\/fr\/","logo":{"@type":"ImageObject","inLanguage":"fr-FR","@id":"https:\/\/www.webdo.tn\/fr\/#\/schema\/logo\/image\/","url":"https:\/\/www.webdo.tn\/fr\/wp-content\/uploads\/2025\/06\/Webdo-Tunisie_168377.jpg","contentUrl":"https:\/\/www.webdo.tn\/fr\/wp-content\/uploads\/2025\/06\/Webdo-Tunisie_168377.jpg","width":301,"height":301,"caption":"Webdo"},"image":{"@id":"https:\/\/www.webdo.tn\/fr\/#\/schema\/logo\/image\/"},"sameAs":["https:\/\/www.facebook.com\/webdotn","https:\/\/x.com\/webdo_tn"],"description":"Webdo est un m\u00e9dia num\u00e9rique tunisien fond\u00e9 en 2010, sp\u00e9cialis\u00e9 dans l\u2019actualit\u00e9 nationale et internationale, l\u2019\u00e9conomie, la soci\u00e9t\u00e9 et les analyses politiques. Le site s\u2019adresse \u00e0 un large public francophone et couvre l\u2019information tunisienne en temps r\u00e9el.","email":"redac@webdo.tn","legalName":"YNJ SARL","foundingDate":"2010-09-06","numberOfEmployees":{"@type":"QuantitativeValue","minValue":"11","maxValue":"50"}},{"@type":"Person","@id":"https:\/\/www.webdo.tn\/fr\/#\/schema\/person\/2c4929cbf5a809e3bd38617c6ce150f6","name":"MC","image":{"@type":"ImageObject","inLanguage":"fr-FR","@id":"https:\/\/secure.gravatar.com\/avatar\/a545bbb6f84efdd5553dbbc2895e3ca8f1d12c5215e00a041c9670b54aa9b18a?s=96&d=mm&r=g","url":"https:\/\/secure.gravatar.com\/avatar\/a545bbb6f84efdd5553dbbc2895e3ca8f1d12c5215e00a041c9670b54aa9b18a?s=96&d=mm&r=g","contentUrl":"https:\/\/secure.gravatar.com\/avatar\/a545bbb6f84efdd5553dbbc2895e3ca8f1d12c5215e00a041c9670b54aa9b18a?s=96&d=mm&r=g","caption":"MC"},"url":"https:\/\/www.webdo.tn\/fr\/actualite\/author\/mc\/"}]}},"_links":{"self":[{"href":"https:\/\/www.webdo.tn\/fr\/wp-json\/wp\/v2\/posts\/212288","targetHints":{"allow":["GET"]}}],"collection":[{"href":"https:\/\/www.webdo.tn\/fr\/wp-json\/wp\/v2\/posts"}],"about":[{"href":"https:\/\/www.webdo.tn\/fr\/wp-json\/wp\/v2\/types\/post"}],"author":[{"embeddable":true,"href":"https:\/\/www.webdo.tn\/fr\/wp-json\/wp\/v2\/users\/3162"}],"replies":[{"embeddable":true,"href":"https:\/\/www.webdo.tn\/fr\/wp-json\/wp\/v2\/comments?post=212288"}],"version-history":[{"count":0,"href":"https:\/\/www.webdo.tn\/fr\/wp-json\/wp\/v2\/posts\/212288\/revisions"}],"wp:featuredmedia":[{"embeddable":true,"href":"https:\/\/www.webdo.tn\/fr\/wp-json\/wp\/v2\/media\/247999"}],"wp:attachment":[{"href":"https:\/\/www.webdo.tn\/fr\/wp-json\/wp\/v2\/media?parent=212288"}],"wp:term":[{"taxonomy":"category","embeddable":true,"href":"https:\/\/www.webdo.tn\/fr\/wp-json\/wp\/v2\/categories?post=212288"},{"taxonomy":"post_tag","embeddable":true,"href":"https:\/\/www.webdo.tn\/fr\/wp-json\/wp\/v2\/tags?post=212288"}],"curies":[{"name":"wp","href":"https:\/\/api.w.org\/{rel}","templated":true}]}}