{"id":212277,"date":"2024-02-14T09:56:00","date_gmt":"2024-02-14T09:56:00","guid":{"rendered":"https:\/\/www.webdo.tn\/fr\/blog\/tunisie-les-retraites-menacent-d-escalade\/212277\/"},"modified":"2025-05-20T22:53:12","modified_gmt":"2025-05-20T22:53:12","slug":"tunisie-les-retraites-menacent-d-escalade","status":"publish","type":"post","link":"https:\/\/www.webdo.tn\/fr\/actualite\/national\/tunisie-les-retraites-menacent-d-escalade\/212277\/","title":{"rendered":"Tunisie : Les retrait\u00e9s menacent d\u2019escalade"},"content":{"rendered":"<p>Cela fait plusieurs mois que les retrait\u00e9s appellent \u00e0 r\u00e9ajuster leurs pensions. Pour eux, la situation est tellement grave que de nombreux retrait\u00e9s touchent aujourd\u2019hui des pensions de retraite de 180 dinars.<\/p>\n<p>\t\t\t\t\t\t\t\t\tCe mercredi 14 f\u00e9vrier 2024, la F\u00e9d\u00e9ration g\u00e9n\u00e9rale des retrait\u00e9s observe un mouvement de protestation \u00e0 Tunis pour revendiquer le r\u00e9ajustement de ces pensions et l\u2019am\u00e9lioration de leurs conditions de vie. \u00a0<\/p>\n<p>S\u2019exprimant sur les ondes de Jawhara FM, Le secr\u00e9taire g\u00e9n\u00e9ral de la F\u00e9d\u00e9ration g\u00e9n\u00e9rale des retrait\u00e9s, Abdelkader Nasri a menac\u00e9 d\u2019escalade laissant entendre que les retrait\u00e9s vont exploiter tous les moyens l\u00e9gaux pour se faire entendre et d\u00e9fendre leur cause.\u00a0<\/p>\n<p>Et de pr\u00e9ciser que plus d\u2019un million de retrait\u00e9s sont concern\u00e9s par le r\u00e9ajustement des pensions de retraite dont 800 mille sont affili\u00e9s \u00e0 la CNSS et 380 mille sont affili\u00e9s \u00e0 la CNRPS.<\/p>\n<p>500.000 retrait\u00e9s sur un total de 1,2 million per\u00e7oivent une pension inf\u00e9rieure au salaire minimum garanti.\u00a0De m\u00eame, envrion 700 mille retrait\u00e9s du secteur priv\u00e9 attendent toujours le versement de leurs droits alors que ceux de la fonction publique et le secteur public ont b\u00e9n\u00e9fici\u00e9 d&rsquo;une augmentation d&rsquo;environ 6%.<\/p>\n","protected":false},"excerpt":{"rendered":"<p>Ce mercredi 14 f\u00e9vrier 2024, la F\u00e9d\u00e9ration g\u00e9n\u00e9rale des retrait\u00e9s observe un mouvement de protestation \u00e0 Tunis pour revendiquer le r\u00e9ajustement de ces pensions&#8230;<\/p>\n","protected":false},"author":3175,"featured_media":290230,"comment_status":"open","ping_status":"closed","sticky":false,"template":"","format":"standard","meta":{"footnotes":""},"categories":[44],"tags":[2796,3836,2608],"class_list":["post-212277","post","type-post","status-publish","format-standard","has-post-thumbnail","hentry","category-national","tag-protestation","tag-retraites","tag-tunisie"],"yoast_head":"<!-- This site is optimized with the Yoast SEO Premium plugin v27.4 (Yoast SEO v27.5) - https:\/\/yoast.com\/product\/yoast-seo-premium-wordpress\/ -->\n<title>Tunisie : Les retrait\u00e9s menacent d\u2019escalade<\/title>\n<meta name=\"description\" content=\"Ce mercredi 14 f\u00e9vrier 2024, la F\u00e9d\u00e9ration g\u00e9n\u00e9rale des retrait\u00e9s observe un mouvement de protestation \u00e0 Tunis pour revendiquer le r\u00e9ajustement de ces pensions...\" \/>\n<link rel=\"canonical\" href=\"https:\/\/www.webdo.tn\/fr\/actualite\/national\/tunisie-les-retraites-menacent-d-escalade\/212277\/\" \/>\n<meta property=\"og:locale\" content=\"fr_FR\" \/>\n<meta property=\"og:type\" content=\"article\" \/>\n<meta property=\"og:title\" content=\"Tunisie : Les retrait\u00e9s menacent d\u2019escalade\" \/>\n<meta property=\"og:description\" content=\"Ce mercredi 14 f\u00e9vrier 2024, la F\u00e9d\u00e9ration g\u00e9n\u00e9rale des retrait\u00e9s observe un mouvement de protestation \u00e0 Tunis pour revendiquer le r\u00e9ajustement de ces pensions...\" \/>\n<meta property=\"og:url\" content=\"https:\/\/www.webdo.tn\/fr\/actualite\/national\/tunisie-les-retraites-menacent-d-escalade\/212277\/\" \/>\n<meta property=\"og:site_name\" content=\"webdo\" \/>\n<meta property=\"article:publisher\" content=\"https:\/\/www.facebook.com\/webdotn\" \/>\n<meta property=\"article:published_time\" content=\"2024-02-14T09:56:00+00:00\" \/>\n<meta property=\"article:modified_time\" content=\"2025-05-20T22:53:12+00:00\" \/>\n<meta property=\"og:image\" content=\"https:\/\/www.webdo.tn\/fr\/wp-content\/uploads\/2024\/02\/1fe9117fb9b5ce9f939aba9a8dd9dba1.png\" \/>\n\t<meta property=\"og:image:width\" content=\"750\" \/>\n\t<meta property=\"og:image:height\" content=\"400\" \/>\n\t<meta property=\"og:image:type\" content=\"image\/png\" \/>\n<meta name=\"author\" content=\"CL\" \/>\n<meta name=\"twitter:card\" content=\"summary_large_image\" \/>\n<meta name=\"twitter:creator\" content=\"@webdo_tn\" \/>\n<meta name=\"twitter:site\" content=\"@webdo_tn\" \/>\n<meta name=\"twitter:label1\" content=\"\u00c9crit par\" \/>\n\t<meta name=\"twitter:data1\" content=\"CL\" \/>\n\t<meta name=\"twitter:label2\" content=\"Dur\u00e9e de lecture estim\u00e9e\" \/>\n\t<meta name=\"twitter:data2\" content=\"1 minute\" \/>\n<script type=\"application\/ld+json\" class=\"yoast-schema-graph\">{\"@context\":\"https:\\\/\\\/schema.org\",\"@graph\":[{\"@type\":\"NewsArticle\",\"@id\":\"https:\\\/\\\/www.webdo.tn\\\/fr\\\/actualite\\\/national\\\/tunisie-les-retraites-menacent-d-escalade\\\/212277\\\/#article\",\"isPartOf\":{\"@id\":\"https:\\\/\\\/www.webdo.tn\\\/fr\\\/actualite\\\/national\\\/tunisie-les-retraites-menacent-d-escalade\\\/212277\\\/\"},\"author\":{\"name\":\"CL\",\"@id\":\"https:\\\/\\\/www.webdo.tn\\\/fr\\\/#\\\/schema\\\/person\\\/f35b42a42c5e2511bbd282959d6385cc\"},\"headline\":\"Tunisie : Les retrait\u00e9s menacent d\u2019escalade\",\"datePublished\":\"2024-02-14T09:56:00+00:00\",\"dateModified\":\"2025-05-20T22:53:12+00:00\",\"mainEntityOfPage\":{\"@id\":\"https:\\\/\\\/www.webdo.tn\\\/fr\\\/actualite\\\/national\\\/tunisie-les-retraites-menacent-d-escalade\\\/212277\\\/\"},\"wordCount\":222,\"commentCount\":0,\"publisher\":{\"@id\":\"https:\\\/\\\/www.webdo.tn\\\/fr\\\/#organization\"},\"image\":{\"@id\":\"https:\\\/\\\/www.webdo.tn\\\/fr\\\/actualite\\\/national\\\/tunisie-les-retraites-menacent-d-escalade\\\/212277\\\/#primaryimage\"},\"thumbnailUrl\":\"https:\\\/\\\/www.webdo.tn\\\/fr\\\/wp-content\\\/uploads\\\/2024\\\/02\\\/1fe9117fb9b5ce9f939aba9a8dd9dba1.png\",\"keywords\":[\"protestation\",\"retrait\u00e9s\",\"Tunisie\"],\"articleSection\":[\"National\"],\"inLanguage\":\"fr-FR\"},{\"@type\":\"WebPage\",\"@id\":\"https:\\\/\\\/www.webdo.tn\\\/fr\\\/actualite\\\/national\\\/tunisie-les-retraites-menacent-d-escalade\\\/212277\\\/\",\"url\":\"https:\\\/\\\/www.webdo.tn\\\/fr\\\/actualite\\\/national\\\/tunisie-les-retraites-menacent-d-escalade\\\/212277\\\/\",\"name\":\"Tunisie : Les retrait\u00e9s menacent d\u2019escalade\",\"isPartOf\":{\"@id\":\"https:\\\/\\\/www.webdo.tn\\\/fr\\\/#website\"},\"primaryImageOfPage\":{\"@id\":\"https:\\\/\\\/www.webdo.tn\\\/fr\\\/actualite\\\/national\\\/tunisie-les-retraites-menacent-d-escalade\\\/212277\\\/#primaryimage\"},\"image\":{\"@id\":\"https:\\\/\\\/www.webdo.tn\\\/fr\\\/actualite\\\/national\\\/tunisie-les-retraites-menacent-d-escalade\\\/212277\\\/#primaryimage\"},\"thumbnailUrl\":\"https:\\\/\\\/www.webdo.tn\\\/fr\\\/wp-content\\\/uploads\\\/2024\\\/02\\\/1fe9117fb9b5ce9f939aba9a8dd9dba1.png\",\"datePublished\":\"2024-02-14T09:56:00+00:00\",\"dateModified\":\"2025-05-20T22:53:12+00:00\",\"description\":\"Ce mercredi 14 f\u00e9vrier 2024, la F\u00e9d\u00e9ration g\u00e9n\u00e9rale des retrait\u00e9s observe un mouvement de protestation \u00e0 Tunis pour revendiquer le r\u00e9ajustement de ces pensions...\",\"breadcrumb\":{\"@id\":\"https:\\\/\\\/www.webdo.tn\\\/fr\\\/actualite\\\/national\\\/tunisie-les-retraites-menacent-d-escalade\\\/212277\\\/#breadcrumb\"},\"inLanguage\":\"fr-FR\",\"potentialAction\":[{\"@type\":\"ReadAction\",\"target\":[\"https:\\\/\\\/www.webdo.tn\\\/fr\\\/actualite\\\/national\\\/tunisie-les-retraites-menacent-d-escalade\\\/212277\\\/\"]}]},{\"@type\":\"ImageObject\",\"inLanguage\":\"fr-FR\",\"@id\":\"https:\\\/\\\/www.webdo.tn\\\/fr\\\/actualite\\\/national\\\/tunisie-les-retraites-menacent-d-escalade\\\/212277\\\/#primaryimage\",\"url\":\"https:\\\/\\\/www.webdo.tn\\\/fr\\\/wp-content\\\/uploads\\\/2024\\\/02\\\/1fe9117fb9b5ce9f939aba9a8dd9dba1.png\",\"contentUrl\":\"https:\\\/\\\/www.webdo.tn\\\/fr\\\/wp-content\\\/uploads\\\/2024\\\/02\\\/1fe9117fb9b5ce9f939aba9a8dd9dba1.png\",\"width\":750,\"height\":400,\"caption\":\"Tunisie : Les retrait\u00e9s menacent d\u2019escalade\"},{\"@type\":\"BreadcrumbList\",\"@id\":\"https:\\\/\\\/www.webdo.tn\\\/fr\\\/actualite\\\/national\\\/tunisie-les-retraites-menacent-d-escalade\\\/212277\\\/#breadcrumb\",\"itemListElement\":[{\"@type\":\"ListItem\",\"position\":1,\"name\":\"Accueil\",\"item\":\"https:\\\/\\\/www.webdo.tn\\\/fr\\\/\"},{\"@type\":\"ListItem\",\"position\":2,\"name\":\"Tunisie : Les retrait\u00e9s menacent d\u2019escalade\"}]},{\"@type\":\"WebSite\",\"@id\":\"https:\\\/\\\/www.webdo.tn\\\/fr\\\/#website\",\"url\":\"https:\\\/\\\/www.webdo.tn\\\/fr\\\/\",\"name\":\"webdo\",\"description\":\"Tunisie - News en Tunisie et \u00e0 l&#039;international sur Webdo.tn\",\"publisher\":{\"@id\":\"https:\\\/\\\/www.webdo.tn\\\/fr\\\/#organization\"},\"potentialAction\":[{\"@type\":\"SearchAction\",\"target\":{\"@type\":\"EntryPoint\",\"urlTemplate\":\"https:\\\/\\\/www.webdo.tn\\\/fr\\\/?s={search_term_string}\"},\"query-input\":{\"@type\":\"PropertyValueSpecification\",\"valueRequired\":true,\"valueName\":\"search_term_string\"}}],\"inLanguage\":\"fr-FR\"},{\"@type\":\"Organization\",\"@id\":\"https:\\\/\\\/www.webdo.tn\\\/fr\\\/#organization\",\"name\":\"Webdo\",\"alternateName\":\"Webdo.tn\",\"url\":\"https:\\\/\\\/www.webdo.tn\\\/fr\\\/\",\"logo\":{\"@type\":\"ImageObject\",\"inLanguage\":\"fr-FR\",\"@id\":\"https:\\\/\\\/www.webdo.tn\\\/fr\\\/#\\\/schema\\\/logo\\\/image\\\/\",\"url\":\"https:\\\/\\\/www.webdo.tn\\\/fr\\\/wp-content\\\/uploads\\\/2025\\\/06\\\/Webdo-Tunisie_168377.jpg\",\"contentUrl\":\"https:\\\/\\\/www.webdo.tn\\\/fr\\\/wp-content\\\/uploads\\\/2025\\\/06\\\/Webdo-Tunisie_168377.jpg\",\"width\":301,\"height\":301,\"caption\":\"Webdo\"},\"image\":{\"@id\":\"https:\\\/\\\/www.webdo.tn\\\/fr\\\/#\\\/schema\\\/logo\\\/image\\\/\"},\"sameAs\":[\"https:\\\/\\\/www.facebook.com\\\/webdotn\",\"https:\\\/\\\/x.com\\\/webdo_tn\"],\"description\":\"Webdo est un m\u00e9dia num\u00e9rique tunisien fond\u00e9 en 2010, sp\u00e9cialis\u00e9 dans l\u2019actualit\u00e9 nationale et internationale, l\u2019\u00e9conomie, la soci\u00e9t\u00e9 et les analyses politiques. Le site s\u2019adresse \u00e0 un large public francophone et couvre l\u2019information tunisienne en temps r\u00e9el.\",\"email\":\"redac@webdo.tn\",\"legalName\":\"YNJ SARL\",\"foundingDate\":\"2010-09-06\",\"numberOfEmployees\":{\"@type\":\"QuantitativeValue\",\"minValue\":\"11\",\"maxValue\":\"50\"}},{\"@type\":\"Person\",\"@id\":\"https:\\\/\\\/www.webdo.tn\\\/fr\\\/#\\\/schema\\\/person\\\/f35b42a42c5e2511bbd282959d6385cc\",\"name\":\"CL\",\"image\":{\"@type\":\"ImageObject\",\"inLanguage\":\"fr-FR\",\"@id\":\"https:\\\/\\\/secure.gravatar.com\\\/avatar\\\/1447a49909b67aa657c488aec6512e1dd6143a480c1ecfee9b5b5cd74eb3b59e?s=96&d=mm&r=g\",\"url\":\"https:\\\/\\\/secure.gravatar.com\\\/avatar\\\/1447a49909b67aa657c488aec6512e1dd6143a480c1ecfee9b5b5cd74eb3b59e?s=96&d=mm&r=g\",\"contentUrl\":\"https:\\\/\\\/secure.gravatar.com\\\/avatar\\\/1447a49909b67aa657c488aec6512e1dd6143a480c1ecfee9b5b5cd74eb3b59e?s=96&d=mm&r=g\",\"caption\":\"CL\"},\"url\":\"https:\\\/\\\/www.webdo.tn\\\/fr\\\/actualite\\\/author\\\/cl\\\/\"}]}<\/script>\n<!-- \/ Yoast SEO Premium plugin. -->","yoast_head_json":{"title":"Tunisie : Les retrait\u00e9s menacent d\u2019escalade","description":"Ce mercredi 14 f\u00e9vrier 2024, la F\u00e9d\u00e9ration g\u00e9n\u00e9rale des retrait\u00e9s observe un mouvement de protestation \u00e0 Tunis pour revendiquer le r\u00e9ajustement de ces pensions...","canonical":"https:\/\/www.webdo.tn\/fr\/actualite\/national\/tunisie-les-retraites-menacent-d-escalade\/212277\/","og_locale":"fr_FR","og_type":"article","og_title":"Tunisie : Les retrait\u00e9s menacent d\u2019escalade","og_description":"Ce mercredi 14 f\u00e9vrier 2024, la F\u00e9d\u00e9ration g\u00e9n\u00e9rale des retrait\u00e9s observe un mouvement de protestation \u00e0 Tunis pour revendiquer le r\u00e9ajustement de ces pensions...","og_url":"https:\/\/www.webdo.tn\/fr\/actualite\/national\/tunisie-les-retraites-menacent-d-escalade\/212277\/","og_site_name":"webdo","article_publisher":"https:\/\/www.facebook.com\/webdotn","article_published_time":"2024-02-14T09:56:00+00:00","article_modified_time":"2025-05-20T22:53:12+00:00","og_image":[{"width":750,"height":400,"url":"https:\/\/www.webdo.tn\/fr\/wp-content\/uploads\/2024\/02\/1fe9117fb9b5ce9f939aba9a8dd9dba1.png","type":"image\/png"}],"author":"CL","twitter_card":"summary_large_image","twitter_creator":"@webdo_tn","twitter_site":"@webdo_tn","twitter_misc":{"\u00c9crit par":"CL","Dur\u00e9e de lecture estim\u00e9e":"1 minute"},"schema":{"@context":"https:\/\/schema.org","@graph":[{"@type":"NewsArticle","@id":"https:\/\/www.webdo.tn\/fr\/actualite\/national\/tunisie-les-retraites-menacent-d-escalade\/212277\/#article","isPartOf":{"@id":"https:\/\/www.webdo.tn\/fr\/actualite\/national\/tunisie-les-retraites-menacent-d-escalade\/212277\/"},"author":{"name":"CL","@id":"https:\/\/www.webdo.tn\/fr\/#\/schema\/person\/f35b42a42c5e2511bbd282959d6385cc"},"headline":"Tunisie : Les retrait\u00e9s menacent d\u2019escalade","datePublished":"2024-02-14T09:56:00+00:00","dateModified":"2025-05-20T22:53:12+00:00","mainEntityOfPage":{"@id":"https:\/\/www.webdo.tn\/fr\/actualite\/national\/tunisie-les-retraites-menacent-d-escalade\/212277\/"},"wordCount":222,"commentCount":0,"publisher":{"@id":"https:\/\/www.webdo.tn\/fr\/#organization"},"image":{"@id":"https:\/\/www.webdo.tn\/fr\/actualite\/national\/tunisie-les-retraites-menacent-d-escalade\/212277\/#primaryimage"},"thumbnailUrl":"https:\/\/www.webdo.tn\/fr\/wp-content\/uploads\/2024\/02\/1fe9117fb9b5ce9f939aba9a8dd9dba1.png","keywords":["protestation","retrait\u00e9s","Tunisie"],"articleSection":["National"],"inLanguage":"fr-FR"},{"@type":"WebPage","@id":"https:\/\/www.webdo.tn\/fr\/actualite\/national\/tunisie-les-retraites-menacent-d-escalade\/212277\/","url":"https:\/\/www.webdo.tn\/fr\/actualite\/national\/tunisie-les-retraites-menacent-d-escalade\/212277\/","name":"Tunisie : Les retrait\u00e9s menacent d\u2019escalade","isPartOf":{"@id":"https:\/\/www.webdo.tn\/fr\/#website"},"primaryImageOfPage":{"@id":"https:\/\/www.webdo.tn\/fr\/actualite\/national\/tunisie-les-retraites-menacent-d-escalade\/212277\/#primaryimage"},"image":{"@id":"https:\/\/www.webdo.tn\/fr\/actualite\/national\/tunisie-les-retraites-menacent-d-escalade\/212277\/#primaryimage"},"thumbnailUrl":"https:\/\/www.webdo.tn\/fr\/wp-content\/uploads\/2024\/02\/1fe9117fb9b5ce9f939aba9a8dd9dba1.png","datePublished":"2024-02-14T09:56:00+00:00","dateModified":"2025-05-20T22:53:12+00:00","description":"Ce mercredi 14 f\u00e9vrier 2024, la F\u00e9d\u00e9ration g\u00e9n\u00e9rale des retrait\u00e9s observe un mouvement de protestation \u00e0 Tunis pour revendiquer le r\u00e9ajustement de ces pensions...","breadcrumb":{"@id":"https:\/\/www.webdo.tn\/fr\/actualite\/national\/tunisie-les-retraites-menacent-d-escalade\/212277\/#breadcrumb"},"inLanguage":"fr-FR","potentialAction":[{"@type":"ReadAction","target":["https:\/\/www.webdo.tn\/fr\/actualite\/national\/tunisie-les-retraites-menacent-d-escalade\/212277\/"]}]},{"@type":"ImageObject","inLanguage":"fr-FR","@id":"https:\/\/www.webdo.tn\/fr\/actualite\/national\/tunisie-les-retraites-menacent-d-escalade\/212277\/#primaryimage","url":"https:\/\/www.webdo.tn\/fr\/wp-content\/uploads\/2024\/02\/1fe9117fb9b5ce9f939aba9a8dd9dba1.png","contentUrl":"https:\/\/www.webdo.tn\/fr\/wp-content\/uploads\/2024\/02\/1fe9117fb9b5ce9f939aba9a8dd9dba1.png","width":750,"height":400,"caption":"Tunisie : Les retrait\u00e9s menacent d\u2019escalade"},{"@type":"BreadcrumbList","@id":"https:\/\/www.webdo.tn\/fr\/actualite\/national\/tunisie-les-retraites-menacent-d-escalade\/212277\/#breadcrumb","itemListElement":[{"@type":"ListItem","position":1,"name":"Accueil","item":"https:\/\/www.webdo.tn\/fr\/"},{"@type":"ListItem","position":2,"name":"Tunisie : Les retrait\u00e9s menacent d\u2019escalade"}]},{"@type":"WebSite","@id":"https:\/\/www.webdo.tn\/fr\/#website","url":"https:\/\/www.webdo.tn\/fr\/","name":"webdo","description":"Tunisie - News en Tunisie et \u00e0 l&#039;international sur Webdo.tn","publisher":{"@id":"https:\/\/www.webdo.tn\/fr\/#organization"},"potentialAction":[{"@type":"SearchAction","target":{"@type":"EntryPoint","urlTemplate":"https:\/\/www.webdo.tn\/fr\/?s={search_term_string}"},"query-input":{"@type":"PropertyValueSpecification","valueRequired":true,"valueName":"search_term_string"}}],"inLanguage":"fr-FR"},{"@type":"Organization","@id":"https:\/\/www.webdo.tn\/fr\/#organization","name":"Webdo","alternateName":"Webdo.tn","url":"https:\/\/www.webdo.tn\/fr\/","logo":{"@type":"ImageObject","inLanguage":"fr-FR","@id":"https:\/\/www.webdo.tn\/fr\/#\/schema\/logo\/image\/","url":"https:\/\/www.webdo.tn\/fr\/wp-content\/uploads\/2025\/06\/Webdo-Tunisie_168377.jpg","contentUrl":"https:\/\/www.webdo.tn\/fr\/wp-content\/uploads\/2025\/06\/Webdo-Tunisie_168377.jpg","width":301,"height":301,"caption":"Webdo"},"image":{"@id":"https:\/\/www.webdo.tn\/fr\/#\/schema\/logo\/image\/"},"sameAs":["https:\/\/www.facebook.com\/webdotn","https:\/\/x.com\/webdo_tn"],"description":"Webdo est un m\u00e9dia num\u00e9rique tunisien fond\u00e9 en 2010, sp\u00e9cialis\u00e9 dans l\u2019actualit\u00e9 nationale et internationale, l\u2019\u00e9conomie, la soci\u00e9t\u00e9 et les analyses politiques. Le site s\u2019adresse \u00e0 un large public francophone et couvre l\u2019information tunisienne en temps r\u00e9el.","email":"redac@webdo.tn","legalName":"YNJ SARL","foundingDate":"2010-09-06","numberOfEmployees":{"@type":"QuantitativeValue","minValue":"11","maxValue":"50"}},{"@type":"Person","@id":"https:\/\/www.webdo.tn\/fr\/#\/schema\/person\/f35b42a42c5e2511bbd282959d6385cc","name":"CL","image":{"@type":"ImageObject","inLanguage":"fr-FR","@id":"https:\/\/secure.gravatar.com\/avatar\/1447a49909b67aa657c488aec6512e1dd6143a480c1ecfee9b5b5cd74eb3b59e?s=96&d=mm&r=g","url":"https:\/\/secure.gravatar.com\/avatar\/1447a49909b67aa657c488aec6512e1dd6143a480c1ecfee9b5b5cd74eb3b59e?s=96&d=mm&r=g","contentUrl":"https:\/\/secure.gravatar.com\/avatar\/1447a49909b67aa657c488aec6512e1dd6143a480c1ecfee9b5b5cd74eb3b59e?s=96&d=mm&r=g","caption":"CL"},"url":"https:\/\/www.webdo.tn\/fr\/actualite\/author\/cl\/"}]}},"_links":{"self":[{"href":"https:\/\/www.webdo.tn\/fr\/wp-json\/wp\/v2\/posts\/212277","targetHints":{"allow":["GET"]}}],"collection":[{"href":"https:\/\/www.webdo.tn\/fr\/wp-json\/wp\/v2\/posts"}],"about":[{"href":"https:\/\/www.webdo.tn\/fr\/wp-json\/wp\/v2\/types\/post"}],"author":[{"embeddable":true,"href":"https:\/\/www.webdo.tn\/fr\/wp-json\/wp\/v2\/users\/3175"}],"replies":[{"embeddable":true,"href":"https:\/\/www.webdo.tn\/fr\/wp-json\/wp\/v2\/comments?post=212277"}],"version-history":[{"count":0,"href":"https:\/\/www.webdo.tn\/fr\/wp-json\/wp\/v2\/posts\/212277\/revisions"}],"wp:featuredmedia":[{"embeddable":true,"href":"https:\/\/www.webdo.tn\/fr\/wp-json\/wp\/v2\/media\/290230"}],"wp:attachment":[{"href":"https:\/\/www.webdo.tn\/fr\/wp-json\/wp\/v2\/media?parent=212277"}],"wp:term":[{"taxonomy":"category","embeddable":true,"href":"https:\/\/www.webdo.tn\/fr\/wp-json\/wp\/v2\/categories?post=212277"},{"taxonomy":"post_tag","embeddable":true,"href":"https:\/\/www.webdo.tn\/fr\/wp-json\/wp\/v2\/tags?post=212277"}],"curies":[{"name":"wp","href":"https:\/\/api.w.org\/{rel}","templated":true}]}}