{"id":212271,"date":"2024-02-14T08:29:00","date_gmt":"2024-02-14T08:29:00","guid":{"rendered":"https:\/\/www.webdo.tn\/fr\/blog\/gaza-l-afrique-du-sud-saisit-de-nouveau-la-cij\/212271\/"},"modified":"2025-05-20T22:37:48","modified_gmt":"2025-05-20T22:37:48","slug":"gaza-l-afrique-du-sud-saisit-de-nouveau-la-cij","status":"publish","type":"post","link":"https:\/\/www.webdo.tn\/fr\/actualite\/international\/gaza-l-afrique-du-sud-saisit-de-nouveau-la-cij\/212271\/","title":{"rendered":"Gaza : L\u2019Afrique du Sud saisit, de nouveau, la CIJ"},"content":{"rendered":"<p>Face aux informations laissant croire que l\u2019entit\u00e9 sioniste planifie une attaque terrestre contre la ville de Rafah \u00e0 Gaza, l&rsquo;Afrique du Sud a annonc\u00e9 mardi avoir d\u00e9pos\u00e9 un nouveau recours aupr\u00e8s de la Cour internationale de justice (CIJ), plus haute instance judiciaire de l&rsquo;ONU.\u00a0<\/p>\n<p>Pour l\u2019Afrique du Sud, les derniers d\u00e9veloppements dans la bande de Gaza et la menace d\u2019une op\u00e9ration massive sur Rafah sont en contradiction avec les mesures conservatoires d\u00e9cid\u00e9es par cette Cour.\u00a0<\/p>\n<p>\u00ab Nous sollicitons la CIJ pour qu\u2019elle examine en urgence l&rsquo;annonce par Isra\u00ebl d&rsquo;une prochaine offensive militaire sur Rafah et s&rsquo;oppose si n\u00e9cessaire \u00e0 \u00ab une nouvelle violation des droits \u00bb, a-t-on communiqu\u00e9.\u00a0<\/p>\n<p>La pression internationale s\u2019intensifie mardi 13 f\u00e9vrier pour un accord de tr\u00eave entre Isra\u00ebl et Hamas, apr\u00e8s l\u2019annonce isra\u00e9lienne d\u2019une offensive prochaine sur Rafah, dernier refuge pour plus d\u2019un million de Palestiniens de la bande de Gaza.<\/p>\n<p>L\u2019ONU ne s\u2019associera pas \u00e0 \u00ab un d\u00e9placement forc\u00e9 de population \u00bb \u00e0 Rafah, a pour sa part pr\u00e9venu Stephane Dujarric, le porte-parole du secr\u00e9taire g\u00e9n\u00e9ral de l\u2019ONU.<\/p>\n","protected":false},"excerpt":{"rendered":"<p>Pour l\u2019Afrique du Sud, les derniers d\u00e9veloppements dans la bande de Gaza et la menace d\u2019une op\u00e9ration massive sur Rafah sont en contradiction avec les mesures c&#8230;<\/p>\n","protected":false},"author":3175,"featured_media":248018,"comment_status":"open","ping_status":"closed","sticky":false,"template":"","format":"standard","meta":{"footnotes":""},"categories":[2598],"tags":[3629,6949,2689,3422],"class_list":["post-212271","post","type-post","status-publish","format-standard","has-post-thumbnail","hentry","category-international","tag-afrique-du-sud","tag-cij","tag-gaza","tag-rafah"],"yoast_head":"<!-- This site is optimized with the Yoast SEO Premium plugin v27.5 (Yoast SEO v27.5) - https:\/\/yoast.com\/product\/yoast-seo-premium-wordpress\/ -->\n<title>Gaza : L\u2019Afrique du Sud saisit, de nouveau, la CIJ<\/title>\n<meta name=\"description\" content=\"Pour l\u2019Afrique du Sud, les derniers d\u00e9veloppements dans la bande de Gaza et la menace d\u2019une op\u00e9ration massive sur Rafah sont en contradiction avec les mesures c...\" \/>\n<link rel=\"canonical\" href=\"https:\/\/www.webdo.tn\/fr\/actualite\/international\/gaza-l-afrique-du-sud-saisit-de-nouveau-la-cij\/212271\/\" \/>\n<meta property=\"og:locale\" content=\"fr_FR\" \/>\n<meta property=\"og:type\" content=\"article\" \/>\n<meta property=\"og:title\" content=\"Gaza : L\u2019Afrique du Sud saisit, de nouveau, la CIJ\" \/>\n<meta property=\"og:description\" content=\"Pour l\u2019Afrique du Sud, les derniers d\u00e9veloppements dans la bande de Gaza et la menace d\u2019une op\u00e9ration massive sur Rafah sont en contradiction avec les mesures c...\" \/>\n<meta property=\"og:url\" content=\"https:\/\/www.webdo.tn\/fr\/actualite\/international\/gaza-l-afrique-du-sud-saisit-de-nouveau-la-cij\/212271\/\" \/>\n<meta property=\"og:site_name\" content=\"webdo\" \/>\n<meta property=\"article:publisher\" content=\"https:\/\/www.facebook.com\/webdotn\" \/>\n<meta property=\"article:published_time\" content=\"2024-02-14T08:29:00+00:00\" \/>\n<meta property=\"article:modified_time\" content=\"2025-05-20T22:37:48+00:00\" \/>\n<meta property=\"og:image\" content=\"https:\/\/www.webdo.tn\/fr\/wp-content\/uploads\/2024\/02\/8b7bbcef8d28a4b04c78c4742305108f.jpg\" \/>\n\t<meta property=\"og:image:width\" content=\"750\" \/>\n\t<meta property=\"og:image:height\" content=\"400\" \/>\n\t<meta property=\"og:image:type\" content=\"image\/jpeg\" \/>\n<meta name=\"author\" content=\"CL\" \/>\n<meta name=\"twitter:card\" content=\"summary_large_image\" \/>\n<meta name=\"twitter:creator\" content=\"@webdo_tn\" \/>\n<meta name=\"twitter:site\" content=\"@webdo_tn\" \/>\n<meta name=\"twitter:label1\" content=\"\u00c9crit par\" \/>\n\t<meta name=\"twitter:data1\" content=\"CL\" \/>\n\t<meta name=\"twitter:label2\" content=\"Dur\u00e9e de lecture estim\u00e9e\" \/>\n\t<meta name=\"twitter:data2\" content=\"1 minute\" \/>\n<script type=\"application\/ld+json\" class=\"yoast-schema-graph\">{\"@context\":\"https:\\\/\\\/schema.org\",\"@graph\":[{\"@type\":\"NewsArticle\",\"@id\":\"https:\\\/\\\/www.webdo.tn\\\/fr\\\/actualite\\\/international\\\/gaza-l-afrique-du-sud-saisit-de-nouveau-la-cij\\\/212271\\\/#article\",\"isPartOf\":{\"@id\":\"https:\\\/\\\/www.webdo.tn\\\/fr\\\/actualite\\\/international\\\/gaza-l-afrique-du-sud-saisit-de-nouveau-la-cij\\\/212271\\\/\"},\"author\":{\"name\":\"CL\",\"@id\":\"https:\\\/\\\/www.webdo.tn\\\/fr\\\/#\\\/schema\\\/person\\\/f35b42a42c5e2511bbd282959d6385cc\"},\"headline\":\"Gaza : L\u2019Afrique du Sud saisit, de nouveau, la CIJ\",\"datePublished\":\"2024-02-14T08:29:00+00:00\",\"dateModified\":\"2025-05-20T22:37:48+00:00\",\"mainEntityOfPage\":{\"@id\":\"https:\\\/\\\/www.webdo.tn\\\/fr\\\/actualite\\\/international\\\/gaza-l-afrique-du-sud-saisit-de-nouveau-la-cij\\\/212271\\\/\"},\"wordCount\":207,\"commentCount\":0,\"publisher\":{\"@id\":\"https:\\\/\\\/www.webdo.tn\\\/fr\\\/#organization\"},\"image\":{\"@id\":\"https:\\\/\\\/www.webdo.tn\\\/fr\\\/actualite\\\/international\\\/gaza-l-afrique-du-sud-saisit-de-nouveau-la-cij\\\/212271\\\/#primaryimage\"},\"thumbnailUrl\":\"https:\\\/\\\/www.webdo.tn\\\/fr\\\/wp-content\\\/uploads\\\/2024\\\/02\\\/8b7bbcef8d28a4b04c78c4742305108f.jpg\",\"keywords\":[\"afrique du sud\",\"CIJ\",\"Gaza\",\"rafah\"],\"articleSection\":[\"International\"],\"inLanguage\":\"fr-FR\"},{\"@type\":\"WebPage\",\"@id\":\"https:\\\/\\\/www.webdo.tn\\\/fr\\\/actualite\\\/international\\\/gaza-l-afrique-du-sud-saisit-de-nouveau-la-cij\\\/212271\\\/\",\"url\":\"https:\\\/\\\/www.webdo.tn\\\/fr\\\/actualite\\\/international\\\/gaza-l-afrique-du-sud-saisit-de-nouveau-la-cij\\\/212271\\\/\",\"name\":\"Gaza : L\u2019Afrique du Sud saisit, de nouveau, la CIJ\",\"isPartOf\":{\"@id\":\"https:\\\/\\\/www.webdo.tn\\\/fr\\\/#website\"},\"primaryImageOfPage\":{\"@id\":\"https:\\\/\\\/www.webdo.tn\\\/fr\\\/actualite\\\/international\\\/gaza-l-afrique-du-sud-saisit-de-nouveau-la-cij\\\/212271\\\/#primaryimage\"},\"image\":{\"@id\":\"https:\\\/\\\/www.webdo.tn\\\/fr\\\/actualite\\\/international\\\/gaza-l-afrique-du-sud-saisit-de-nouveau-la-cij\\\/212271\\\/#primaryimage\"},\"thumbnailUrl\":\"https:\\\/\\\/www.webdo.tn\\\/fr\\\/wp-content\\\/uploads\\\/2024\\\/02\\\/8b7bbcef8d28a4b04c78c4742305108f.jpg\",\"datePublished\":\"2024-02-14T08:29:00+00:00\",\"dateModified\":\"2025-05-20T22:37:48+00:00\",\"description\":\"Pour l\u2019Afrique du Sud, les derniers d\u00e9veloppements dans la bande de Gaza et la menace d\u2019une op\u00e9ration massive sur Rafah sont en contradiction avec les mesures c...\",\"breadcrumb\":{\"@id\":\"https:\\\/\\\/www.webdo.tn\\\/fr\\\/actualite\\\/international\\\/gaza-l-afrique-du-sud-saisit-de-nouveau-la-cij\\\/212271\\\/#breadcrumb\"},\"inLanguage\":\"fr-FR\",\"potentialAction\":[{\"@type\":\"ReadAction\",\"target\":[\"https:\\\/\\\/www.webdo.tn\\\/fr\\\/actualite\\\/international\\\/gaza-l-afrique-du-sud-saisit-de-nouveau-la-cij\\\/212271\\\/\"]}]},{\"@type\":\"ImageObject\",\"inLanguage\":\"fr-FR\",\"@id\":\"https:\\\/\\\/www.webdo.tn\\\/fr\\\/actualite\\\/international\\\/gaza-l-afrique-du-sud-saisit-de-nouveau-la-cij\\\/212271\\\/#primaryimage\",\"url\":\"https:\\\/\\\/www.webdo.tn\\\/fr\\\/wp-content\\\/uploads\\\/2024\\\/02\\\/8b7bbcef8d28a4b04c78c4742305108f.jpg\",\"contentUrl\":\"https:\\\/\\\/www.webdo.tn\\\/fr\\\/wp-content\\\/uploads\\\/2024\\\/02\\\/8b7bbcef8d28a4b04c78c4742305108f.jpg\",\"width\":750,\"height\":400,\"caption\":\"Gaza : L\u2019Afrique du Sud saisit, de nouveau, la CIJ\"},{\"@type\":\"BreadcrumbList\",\"@id\":\"https:\\\/\\\/www.webdo.tn\\\/fr\\\/actualite\\\/international\\\/gaza-l-afrique-du-sud-saisit-de-nouveau-la-cij\\\/212271\\\/#breadcrumb\",\"itemListElement\":[{\"@type\":\"ListItem\",\"position\":1,\"name\":\"Accueil\",\"item\":\"https:\\\/\\\/www.webdo.tn\\\/fr\\\/\"},{\"@type\":\"ListItem\",\"position\":2,\"name\":\"Gaza : L\u2019Afrique du Sud saisit, de nouveau, la CIJ\"}]},{\"@type\":\"WebSite\",\"@id\":\"https:\\\/\\\/www.webdo.tn\\\/fr\\\/#website\",\"url\":\"https:\\\/\\\/www.webdo.tn\\\/fr\\\/\",\"name\":\"webdo\",\"description\":\"Tunisie - News en Tunisie et \u00e0 l&#039;international sur Webdo.tn\",\"publisher\":{\"@id\":\"https:\\\/\\\/www.webdo.tn\\\/fr\\\/#organization\"},\"potentialAction\":[{\"@type\":\"SearchAction\",\"target\":{\"@type\":\"EntryPoint\",\"urlTemplate\":\"https:\\\/\\\/www.webdo.tn\\\/fr\\\/?s={search_term_string}\"},\"query-input\":{\"@type\":\"PropertyValueSpecification\",\"valueRequired\":true,\"valueName\":\"search_term_string\"}}],\"inLanguage\":\"fr-FR\"},{\"@type\":\"Organization\",\"@id\":\"https:\\\/\\\/www.webdo.tn\\\/fr\\\/#organization\",\"name\":\"Webdo\",\"alternateName\":\"Webdo.tn\",\"url\":\"https:\\\/\\\/www.webdo.tn\\\/fr\\\/\",\"logo\":{\"@type\":\"ImageObject\",\"inLanguage\":\"fr-FR\",\"@id\":\"https:\\\/\\\/www.webdo.tn\\\/fr\\\/#\\\/schema\\\/logo\\\/image\\\/\",\"url\":\"https:\\\/\\\/www.webdo.tn\\\/fr\\\/wp-content\\\/uploads\\\/2025\\\/06\\\/Webdo-Tunisie_168377.jpg\",\"contentUrl\":\"https:\\\/\\\/www.webdo.tn\\\/fr\\\/wp-content\\\/uploads\\\/2025\\\/06\\\/Webdo-Tunisie_168377.jpg\",\"width\":301,\"height\":301,\"caption\":\"Webdo\"},\"image\":{\"@id\":\"https:\\\/\\\/www.webdo.tn\\\/fr\\\/#\\\/schema\\\/logo\\\/image\\\/\"},\"sameAs\":[\"https:\\\/\\\/www.facebook.com\\\/webdotn\",\"https:\\\/\\\/x.com\\\/webdo_tn\"],\"description\":\"Webdo est un m\u00e9dia num\u00e9rique tunisien fond\u00e9 en 2010, sp\u00e9cialis\u00e9 dans l\u2019actualit\u00e9 nationale et internationale, l\u2019\u00e9conomie, la soci\u00e9t\u00e9 et les analyses politiques. Le site s\u2019adresse \u00e0 un large public francophone et couvre l\u2019information tunisienne en temps r\u00e9el.\",\"email\":\"redac@webdo.tn\",\"legalName\":\"YNJ SARL\",\"foundingDate\":\"2010-09-06\",\"numberOfEmployees\":{\"@type\":\"QuantitativeValue\",\"minValue\":\"11\",\"maxValue\":\"50\"}},{\"@type\":\"Person\",\"@id\":\"https:\\\/\\\/www.webdo.tn\\\/fr\\\/#\\\/schema\\\/person\\\/f35b42a42c5e2511bbd282959d6385cc\",\"name\":\"CL\",\"image\":{\"@type\":\"ImageObject\",\"inLanguage\":\"fr-FR\",\"@id\":\"https:\\\/\\\/secure.gravatar.com\\\/avatar\\\/1447a49909b67aa657c488aec6512e1dd6143a480c1ecfee9b5b5cd74eb3b59e?s=96&d=mm&r=g\",\"url\":\"https:\\\/\\\/secure.gravatar.com\\\/avatar\\\/1447a49909b67aa657c488aec6512e1dd6143a480c1ecfee9b5b5cd74eb3b59e?s=96&d=mm&r=g\",\"contentUrl\":\"https:\\\/\\\/secure.gravatar.com\\\/avatar\\\/1447a49909b67aa657c488aec6512e1dd6143a480c1ecfee9b5b5cd74eb3b59e?s=96&d=mm&r=g\",\"caption\":\"CL\"},\"url\":\"https:\\\/\\\/www.webdo.tn\\\/fr\\\/actualite\\\/author\\\/cl\\\/\"}]}<\/script>\n<!-- \/ Yoast SEO Premium plugin. -->","yoast_head_json":{"title":"Gaza : L\u2019Afrique du Sud saisit, de nouveau, la CIJ","description":"Pour l\u2019Afrique du Sud, les derniers d\u00e9veloppements dans la bande de Gaza et la menace d\u2019une op\u00e9ration massive sur Rafah sont en contradiction avec les mesures c...","canonical":"https:\/\/www.webdo.tn\/fr\/actualite\/international\/gaza-l-afrique-du-sud-saisit-de-nouveau-la-cij\/212271\/","og_locale":"fr_FR","og_type":"article","og_title":"Gaza : L\u2019Afrique du Sud saisit, de nouveau, la CIJ","og_description":"Pour l\u2019Afrique du Sud, les derniers d\u00e9veloppements dans la bande de Gaza et la menace d\u2019une op\u00e9ration massive sur Rafah sont en contradiction avec les mesures c...","og_url":"https:\/\/www.webdo.tn\/fr\/actualite\/international\/gaza-l-afrique-du-sud-saisit-de-nouveau-la-cij\/212271\/","og_site_name":"webdo","article_publisher":"https:\/\/www.facebook.com\/webdotn","article_published_time":"2024-02-14T08:29:00+00:00","article_modified_time":"2025-05-20T22:37:48+00:00","og_image":[{"width":750,"height":400,"url":"https:\/\/www.webdo.tn\/fr\/wp-content\/uploads\/2024\/02\/8b7bbcef8d28a4b04c78c4742305108f.jpg","type":"image\/jpeg"}],"author":"CL","twitter_card":"summary_large_image","twitter_creator":"@webdo_tn","twitter_site":"@webdo_tn","twitter_misc":{"\u00c9crit par":"CL","Dur\u00e9e de lecture estim\u00e9e":"1 minute"},"schema":{"@context":"https:\/\/schema.org","@graph":[{"@type":"NewsArticle","@id":"https:\/\/www.webdo.tn\/fr\/actualite\/international\/gaza-l-afrique-du-sud-saisit-de-nouveau-la-cij\/212271\/#article","isPartOf":{"@id":"https:\/\/www.webdo.tn\/fr\/actualite\/international\/gaza-l-afrique-du-sud-saisit-de-nouveau-la-cij\/212271\/"},"author":{"name":"CL","@id":"https:\/\/www.webdo.tn\/fr\/#\/schema\/person\/f35b42a42c5e2511bbd282959d6385cc"},"headline":"Gaza : L\u2019Afrique du Sud saisit, de nouveau, la CIJ","datePublished":"2024-02-14T08:29:00+00:00","dateModified":"2025-05-20T22:37:48+00:00","mainEntityOfPage":{"@id":"https:\/\/www.webdo.tn\/fr\/actualite\/international\/gaza-l-afrique-du-sud-saisit-de-nouveau-la-cij\/212271\/"},"wordCount":207,"commentCount":0,"publisher":{"@id":"https:\/\/www.webdo.tn\/fr\/#organization"},"image":{"@id":"https:\/\/www.webdo.tn\/fr\/actualite\/international\/gaza-l-afrique-du-sud-saisit-de-nouveau-la-cij\/212271\/#primaryimage"},"thumbnailUrl":"https:\/\/www.webdo.tn\/fr\/wp-content\/uploads\/2024\/02\/8b7bbcef8d28a4b04c78c4742305108f.jpg","keywords":["afrique du sud","CIJ","Gaza","rafah"],"articleSection":["International"],"inLanguage":"fr-FR"},{"@type":"WebPage","@id":"https:\/\/www.webdo.tn\/fr\/actualite\/international\/gaza-l-afrique-du-sud-saisit-de-nouveau-la-cij\/212271\/","url":"https:\/\/www.webdo.tn\/fr\/actualite\/international\/gaza-l-afrique-du-sud-saisit-de-nouveau-la-cij\/212271\/","name":"Gaza : L\u2019Afrique du Sud saisit, de nouveau, la CIJ","isPartOf":{"@id":"https:\/\/www.webdo.tn\/fr\/#website"},"primaryImageOfPage":{"@id":"https:\/\/www.webdo.tn\/fr\/actualite\/international\/gaza-l-afrique-du-sud-saisit-de-nouveau-la-cij\/212271\/#primaryimage"},"image":{"@id":"https:\/\/www.webdo.tn\/fr\/actualite\/international\/gaza-l-afrique-du-sud-saisit-de-nouveau-la-cij\/212271\/#primaryimage"},"thumbnailUrl":"https:\/\/www.webdo.tn\/fr\/wp-content\/uploads\/2024\/02\/8b7bbcef8d28a4b04c78c4742305108f.jpg","datePublished":"2024-02-14T08:29:00+00:00","dateModified":"2025-05-20T22:37:48+00:00","description":"Pour l\u2019Afrique du Sud, les derniers d\u00e9veloppements dans la bande de Gaza et la menace d\u2019une op\u00e9ration massive sur Rafah sont en contradiction avec les mesures c...","breadcrumb":{"@id":"https:\/\/www.webdo.tn\/fr\/actualite\/international\/gaza-l-afrique-du-sud-saisit-de-nouveau-la-cij\/212271\/#breadcrumb"},"inLanguage":"fr-FR","potentialAction":[{"@type":"ReadAction","target":["https:\/\/www.webdo.tn\/fr\/actualite\/international\/gaza-l-afrique-du-sud-saisit-de-nouveau-la-cij\/212271\/"]}]},{"@type":"ImageObject","inLanguage":"fr-FR","@id":"https:\/\/www.webdo.tn\/fr\/actualite\/international\/gaza-l-afrique-du-sud-saisit-de-nouveau-la-cij\/212271\/#primaryimage","url":"https:\/\/www.webdo.tn\/fr\/wp-content\/uploads\/2024\/02\/8b7bbcef8d28a4b04c78c4742305108f.jpg","contentUrl":"https:\/\/www.webdo.tn\/fr\/wp-content\/uploads\/2024\/02\/8b7bbcef8d28a4b04c78c4742305108f.jpg","width":750,"height":400,"caption":"Gaza : L\u2019Afrique du Sud saisit, de nouveau, la CIJ"},{"@type":"BreadcrumbList","@id":"https:\/\/www.webdo.tn\/fr\/actualite\/international\/gaza-l-afrique-du-sud-saisit-de-nouveau-la-cij\/212271\/#breadcrumb","itemListElement":[{"@type":"ListItem","position":1,"name":"Accueil","item":"https:\/\/www.webdo.tn\/fr\/"},{"@type":"ListItem","position":2,"name":"Gaza : L\u2019Afrique du Sud saisit, de nouveau, la CIJ"}]},{"@type":"WebSite","@id":"https:\/\/www.webdo.tn\/fr\/#website","url":"https:\/\/www.webdo.tn\/fr\/","name":"webdo","description":"Tunisie - News en Tunisie et \u00e0 l&#039;international sur Webdo.tn","publisher":{"@id":"https:\/\/www.webdo.tn\/fr\/#organization"},"potentialAction":[{"@type":"SearchAction","target":{"@type":"EntryPoint","urlTemplate":"https:\/\/www.webdo.tn\/fr\/?s={search_term_string}"},"query-input":{"@type":"PropertyValueSpecification","valueRequired":true,"valueName":"search_term_string"}}],"inLanguage":"fr-FR"},{"@type":"Organization","@id":"https:\/\/www.webdo.tn\/fr\/#organization","name":"Webdo","alternateName":"Webdo.tn","url":"https:\/\/www.webdo.tn\/fr\/","logo":{"@type":"ImageObject","inLanguage":"fr-FR","@id":"https:\/\/www.webdo.tn\/fr\/#\/schema\/logo\/image\/","url":"https:\/\/www.webdo.tn\/fr\/wp-content\/uploads\/2025\/06\/Webdo-Tunisie_168377.jpg","contentUrl":"https:\/\/www.webdo.tn\/fr\/wp-content\/uploads\/2025\/06\/Webdo-Tunisie_168377.jpg","width":301,"height":301,"caption":"Webdo"},"image":{"@id":"https:\/\/www.webdo.tn\/fr\/#\/schema\/logo\/image\/"},"sameAs":["https:\/\/www.facebook.com\/webdotn","https:\/\/x.com\/webdo_tn"],"description":"Webdo est un m\u00e9dia num\u00e9rique tunisien fond\u00e9 en 2010, sp\u00e9cialis\u00e9 dans l\u2019actualit\u00e9 nationale et internationale, l\u2019\u00e9conomie, la soci\u00e9t\u00e9 et les analyses politiques. Le site s\u2019adresse \u00e0 un large public francophone et couvre l\u2019information tunisienne en temps r\u00e9el.","email":"redac@webdo.tn","legalName":"YNJ SARL","foundingDate":"2010-09-06","numberOfEmployees":{"@type":"QuantitativeValue","minValue":"11","maxValue":"50"}},{"@type":"Person","@id":"https:\/\/www.webdo.tn\/fr\/#\/schema\/person\/f35b42a42c5e2511bbd282959d6385cc","name":"CL","image":{"@type":"ImageObject","inLanguage":"fr-FR","@id":"https:\/\/secure.gravatar.com\/avatar\/1447a49909b67aa657c488aec6512e1dd6143a480c1ecfee9b5b5cd74eb3b59e?s=96&d=mm&r=g","url":"https:\/\/secure.gravatar.com\/avatar\/1447a49909b67aa657c488aec6512e1dd6143a480c1ecfee9b5b5cd74eb3b59e?s=96&d=mm&r=g","contentUrl":"https:\/\/secure.gravatar.com\/avatar\/1447a49909b67aa657c488aec6512e1dd6143a480c1ecfee9b5b5cd74eb3b59e?s=96&d=mm&r=g","caption":"CL"},"url":"https:\/\/www.webdo.tn\/fr\/actualite\/author\/cl\/"}]}},"_links":{"self":[{"href":"https:\/\/www.webdo.tn\/fr\/wp-json\/wp\/v2\/posts\/212271","targetHints":{"allow":["GET"]}}],"collection":[{"href":"https:\/\/www.webdo.tn\/fr\/wp-json\/wp\/v2\/posts"}],"about":[{"href":"https:\/\/www.webdo.tn\/fr\/wp-json\/wp\/v2\/types\/post"}],"author":[{"embeddable":true,"href":"https:\/\/www.webdo.tn\/fr\/wp-json\/wp\/v2\/users\/3175"}],"replies":[{"embeddable":true,"href":"https:\/\/www.webdo.tn\/fr\/wp-json\/wp\/v2\/comments?post=212271"}],"version-history":[{"count":0,"href":"https:\/\/www.webdo.tn\/fr\/wp-json\/wp\/v2\/posts\/212271\/revisions"}],"wp:featuredmedia":[{"embeddable":true,"href":"https:\/\/www.webdo.tn\/fr\/wp-json\/wp\/v2\/media\/248018"}],"wp:attachment":[{"href":"https:\/\/www.webdo.tn\/fr\/wp-json\/wp\/v2\/media?parent=212271"}],"wp:term":[{"taxonomy":"category","embeddable":true,"href":"https:\/\/www.webdo.tn\/fr\/wp-json\/wp\/v2\/categories?post=212271"},{"taxonomy":"post_tag","embeddable":true,"href":"https:\/\/www.webdo.tn\/fr\/wp-json\/wp\/v2\/tags?post=212271"}],"curies":[{"name":"wp","href":"https:\/\/api.w.org\/{rel}","templated":true}]}}