{"id":212253,"date":"2024-02-13T13:15:00","date_gmt":"2024-02-13T13:15:00","guid":{"rendered":"https:\/\/www.webdo.tn\/fr\/blog\/tunisie-cheque-sans-provision-initiative-parlementaire-en-faveur-d-une-amnistie-generale\/212253\/"},"modified":"2025-05-20T21:53:05","modified_gmt":"2025-05-20T21:53:05","slug":"tunisie-cheque-sans-provision-initiative-parlementaire-en-faveur-d-une-amnistie-generale","status":"publish","type":"post","link":"https:\/\/www.webdo.tn\/fr\/actualite\/national\/tunisie-cheque-sans-provision-initiative-parlementaire-en-faveur-d-une-amnistie-generale\/212253\/","title":{"rendered":"Tunisie &#8211; Ch\u00e8que sans provision : Initiative parlementaire en faveur d\u2019une amnistie g\u00e9n\u00e9rale"},"content":{"rendered":"<p>Une initiative parlementaire li\u00e9e aux affaires de ch\u00e8que sans provision pourrait d\u00e9couler sur une amnistie g\u00e9n\u00e9rale.<\/p>\n<p>\t\t\t\t\t\t\t\t\tLe d\u00e9put\u00e9 \u00e0 l\u2019Assembl\u00e9e des repr\u00e9sentants du peuple (ARP), Nizar Seddik a confirm\u00e9 \u00e0 Webdo, qu&rsquo;il avait d\u00e9pos\u00e9 aujourd&rsquo;hui une initiative l\u00e9gislative au bureau d&rsquo;enregistrement du Parlement concernant un projet d&rsquo;amnistie g\u00e9n\u00e9rale concernant les affaires de ch\u00e8ques sans provision.<\/p>\n<p>Le d\u00e9put\u00e9 a indiqu\u00e9 que l&rsquo;initiative se compose de trois articles et concerne une une amnistie g\u00e9n\u00e9rale pour la p\u00e9riode d\u2019avant le 1er janvier 2024.<\/p>\n<p>Il a d\u00e9clar\u00e9 que l&rsquo;initiative a \u00e9t\u00e9 \u00e9labor\u00e9e sur la base de l\u2019article 75 de la Constitution, en vertu duquel l&rsquo;Assembl\u00e9e des repr\u00e9sentants du peuple a le droit de prendre une initiative concernant l&rsquo;amnistie g\u00e9n\u00e9rale.<\/p>\n<p>Il affirme que la nouvelle initiative pr\u00e9parera le terrain pour l\u2019amendement attendu de l\u2019article 411 du code de Commerce, et la n\u00e9cessit\u00e9 que les banques assument une partie de la responsabilit\u00e9.<\/p>\n<p>Il faut rappeler qu\u2019en novembre dernier, au cours d\u2019une pl\u00e9ni\u00e8re de l\u2019ARP, la ministre de la Justice, Leila Jaffel avait d\u00e9fendu une \u00ab\u00a0nouvelle approche\u00a0\u00bb des ch\u00e8ques sans provision dans le cadre de l\u2019article 411 du Code de commerce afin d\u2019amender cet article.<\/p>\n<p>La nouvelle r\u00e9daction de l\u2019article 411 du Code de commerce pr\u00e9voit notamment la conciliation et la m\u00e9diation en mati\u00e8re de poursuites ainsi que la r\u00e9gularisation de la situation des personnes jug\u00e9es par contumace sur fond d\u2019infractions li\u00e9es \u00e0 des ch\u00e8ques sans provision.<\/p>\n<p>Rappelons \u00e9galement que leur nombre de personnes d\u00e9tenues dans le cadre d\u2019affaires li\u00e9es \u00e0 des ch\u00e8ques sans provision s\u2019\u00e9l\u00e8ve \u00e0 427, selon la ministre dont dont 238 condamn\u00e9s et 189 en \u00e9tat d\u2019arrestation.<\/p>\n","protected":false},"excerpt":{"rendered":"<p>Une amnistie g\u00e9n\u00e9rale concernant les affaires de ch\u00e8ques sans provision, objet d&rsquo;une initiative parlementaire en Tunisie.<\/p>\n","protected":false},"author":3162,"featured_media":248012,"comment_status":"open","ping_status":"closed","sticky":false,"template":"","format":"standard","meta":{"footnotes":""},"categories":[44],"tags":[3830,2813,3990,7008,2619,2608],"class_list":["post-212253","post","type-post","status-publish","format-standard","has-post-thumbnail","hentry","category-national","tag-amnistie","tag-arp","tag-cheques-sans-provision","tag-initiative","tag-justice","tag-tunisie"],"yoast_head":"<!-- This site is optimized with the Yoast SEO Premium plugin v27.5 (Yoast SEO v27.5) - https:\/\/yoast.com\/product\/yoast-seo-premium-wordpress\/ -->\n<title>Tunisie - Ch\u00e8que sans provision : Initiative parlementaire en faveur d\u2019une amnistie g\u00e9n\u00e9rale<\/title>\n<meta name=\"description\" content=\"Une amnistie g\u00e9n\u00e9rale concernant les affaires de ch\u00e8ques sans provision, objet d&#039;une initiative parlementaire en Tunisie.\" \/>\n<link rel=\"canonical\" href=\"https:\/\/www.webdo.tn\/fr\/actualite\/national\/tunisie-cheque-sans-provision-initiative-parlementaire-en-faveur-d-une-amnistie-generale\/212253\/\" \/>\n<meta property=\"og:locale\" content=\"fr_FR\" \/>\n<meta property=\"og:type\" content=\"article\" \/>\n<meta property=\"og:title\" content=\"Tunisie - Ch\u00e8que sans provision : Initiative parlementaire en faveur d\u2019une amnistie g\u00e9n\u00e9rale\" \/>\n<meta property=\"og:description\" content=\"Une amnistie g\u00e9n\u00e9rale concernant les affaires de ch\u00e8ques sans provision, objet d&#039;une initiative parlementaire en Tunisie.\" \/>\n<meta property=\"og:url\" content=\"https:\/\/www.webdo.tn\/fr\/actualite\/national\/tunisie-cheque-sans-provision-initiative-parlementaire-en-faveur-d-une-amnistie-generale\/212253\/\" \/>\n<meta property=\"og:site_name\" content=\"webdo\" \/>\n<meta property=\"article:publisher\" content=\"https:\/\/www.facebook.com\/webdotn\" \/>\n<meta property=\"article:published_time\" content=\"2024-02-13T13:15:00+00:00\" \/>\n<meta property=\"article:modified_time\" content=\"2025-05-20T21:53:05+00:00\" \/>\n<meta property=\"og:image\" content=\"https:\/\/www.webdo.tn\/fr\/wp-content\/uploads\/2024\/02\/c7ed506d638a0cdf83df650edfbf8cdb.jpg\" \/>\n\t<meta property=\"og:image:width\" content=\"750\" \/>\n\t<meta property=\"og:image:height\" content=\"400\" \/>\n\t<meta property=\"og:image:type\" content=\"image\/jpeg\" \/>\n<meta name=\"author\" content=\"MC\" \/>\n<meta name=\"twitter:card\" content=\"summary_large_image\" \/>\n<meta name=\"twitter:creator\" content=\"@webdo_tn\" \/>\n<meta name=\"twitter:site\" content=\"@webdo_tn\" \/>\n<meta name=\"twitter:label1\" content=\"\u00c9crit par\" \/>\n\t<meta name=\"twitter:data1\" content=\"MC\" \/>\n\t<meta name=\"twitter:label2\" content=\"Dur\u00e9e de lecture estim\u00e9e\" \/>\n\t<meta name=\"twitter:data2\" content=\"2 minutes\" \/>\n<script type=\"application\/ld+json\" class=\"yoast-schema-graph\">{\"@context\":\"https:\\\/\\\/schema.org\",\"@graph\":[{\"@type\":\"NewsArticle\",\"@id\":\"https:\\\/\\\/www.webdo.tn\\\/fr\\\/actualite\\\/national\\\/tunisie-cheque-sans-provision-initiative-parlementaire-en-faveur-d-une-amnistie-generale\\\/212253\\\/#article\",\"isPartOf\":{\"@id\":\"https:\\\/\\\/www.webdo.tn\\\/fr\\\/actualite\\\/national\\\/tunisie-cheque-sans-provision-initiative-parlementaire-en-faveur-d-une-amnistie-generale\\\/212253\\\/\"},\"author\":{\"name\":\"MC\",\"@id\":\"https:\\\/\\\/www.webdo.tn\\\/fr\\\/#\\\/schema\\\/person\\\/2c4929cbf5a809e3bd38617c6ce150f6\"},\"headline\":\"Tunisie &#8211; Ch\u00e8que sans provision : Initiative parlementaire en faveur d\u2019une amnistie g\u00e9n\u00e9rale\",\"datePublished\":\"2024-02-13T13:15:00+00:00\",\"dateModified\":\"2025-05-20T21:53:05+00:00\",\"mainEntityOfPage\":{\"@id\":\"https:\\\/\\\/www.webdo.tn\\\/fr\\\/actualite\\\/national\\\/tunisie-cheque-sans-provision-initiative-parlementaire-en-faveur-d-une-amnistie-generale\\\/212253\\\/\"},\"wordCount\":331,\"commentCount\":0,\"publisher\":{\"@id\":\"https:\\\/\\\/www.webdo.tn\\\/fr\\\/#organization\"},\"image\":{\"@id\":\"https:\\\/\\\/www.webdo.tn\\\/fr\\\/actualite\\\/national\\\/tunisie-cheque-sans-provision-initiative-parlementaire-en-faveur-d-une-amnistie-generale\\\/212253\\\/#primaryimage\"},\"thumbnailUrl\":\"https:\\\/\\\/www.webdo.tn\\\/fr\\\/wp-content\\\/uploads\\\/2024\\\/02\\\/c7ed506d638a0cdf83df650edfbf8cdb.jpg\",\"keywords\":[\"amnistie\",\"ARP\",\"ch\u00e8ques sans provision\",\"Initiative\",\"justice\",\"Tunisie\"],\"articleSection\":[\"National\"],\"inLanguage\":\"fr-FR\"},{\"@type\":\"WebPage\",\"@id\":\"https:\\\/\\\/www.webdo.tn\\\/fr\\\/actualite\\\/national\\\/tunisie-cheque-sans-provision-initiative-parlementaire-en-faveur-d-une-amnistie-generale\\\/212253\\\/\",\"url\":\"https:\\\/\\\/www.webdo.tn\\\/fr\\\/actualite\\\/national\\\/tunisie-cheque-sans-provision-initiative-parlementaire-en-faveur-d-une-amnistie-generale\\\/212253\\\/\",\"name\":\"Tunisie - Ch\u00e8que sans provision : Initiative parlementaire en faveur d\u2019une amnistie g\u00e9n\u00e9rale\",\"isPartOf\":{\"@id\":\"https:\\\/\\\/www.webdo.tn\\\/fr\\\/#website\"},\"primaryImageOfPage\":{\"@id\":\"https:\\\/\\\/www.webdo.tn\\\/fr\\\/actualite\\\/national\\\/tunisie-cheque-sans-provision-initiative-parlementaire-en-faveur-d-une-amnistie-generale\\\/212253\\\/#primaryimage\"},\"image\":{\"@id\":\"https:\\\/\\\/www.webdo.tn\\\/fr\\\/actualite\\\/national\\\/tunisie-cheque-sans-provision-initiative-parlementaire-en-faveur-d-une-amnistie-generale\\\/212253\\\/#primaryimage\"},\"thumbnailUrl\":\"https:\\\/\\\/www.webdo.tn\\\/fr\\\/wp-content\\\/uploads\\\/2024\\\/02\\\/c7ed506d638a0cdf83df650edfbf8cdb.jpg\",\"datePublished\":\"2024-02-13T13:15:00+00:00\",\"dateModified\":\"2025-05-20T21:53:05+00:00\",\"description\":\"Une amnistie g\u00e9n\u00e9rale concernant les affaires de ch\u00e8ques sans provision, objet d'une initiative parlementaire en Tunisie.\",\"breadcrumb\":{\"@id\":\"https:\\\/\\\/www.webdo.tn\\\/fr\\\/actualite\\\/national\\\/tunisie-cheque-sans-provision-initiative-parlementaire-en-faveur-d-une-amnistie-generale\\\/212253\\\/#breadcrumb\"},\"inLanguage\":\"fr-FR\",\"potentialAction\":[{\"@type\":\"ReadAction\",\"target\":[\"https:\\\/\\\/www.webdo.tn\\\/fr\\\/actualite\\\/national\\\/tunisie-cheque-sans-provision-initiative-parlementaire-en-faveur-d-une-amnistie-generale\\\/212253\\\/\"]}]},{\"@type\":\"ImageObject\",\"inLanguage\":\"fr-FR\",\"@id\":\"https:\\\/\\\/www.webdo.tn\\\/fr\\\/actualite\\\/national\\\/tunisie-cheque-sans-provision-initiative-parlementaire-en-faveur-d-une-amnistie-generale\\\/212253\\\/#primaryimage\",\"url\":\"https:\\\/\\\/www.webdo.tn\\\/fr\\\/wp-content\\\/uploads\\\/2024\\\/02\\\/c7ed506d638a0cdf83df650edfbf8cdb.jpg\",\"contentUrl\":\"https:\\\/\\\/www.webdo.tn\\\/fr\\\/wp-content\\\/uploads\\\/2024\\\/02\\\/c7ed506d638a0cdf83df650edfbf8cdb.jpg\",\"width\":750,\"height\":400,\"caption\":\"Tunisie - Ch\u00e8que sans provision : Initiative parlementaire en faveur d\u2019une amnistie g\u00e9n\u00e9rale\"},{\"@type\":\"BreadcrumbList\",\"@id\":\"https:\\\/\\\/www.webdo.tn\\\/fr\\\/actualite\\\/national\\\/tunisie-cheque-sans-provision-initiative-parlementaire-en-faveur-d-une-amnistie-generale\\\/212253\\\/#breadcrumb\",\"itemListElement\":[{\"@type\":\"ListItem\",\"position\":1,\"name\":\"Accueil\",\"item\":\"https:\\\/\\\/www.webdo.tn\\\/fr\\\/\"},{\"@type\":\"ListItem\",\"position\":2,\"name\":\"Tunisie &#8211; Ch\u00e8que sans provision : Initiative parlementaire en faveur d\u2019une amnistie g\u00e9n\u00e9rale\"}]},{\"@type\":\"WebSite\",\"@id\":\"https:\\\/\\\/www.webdo.tn\\\/fr\\\/#website\",\"url\":\"https:\\\/\\\/www.webdo.tn\\\/fr\\\/\",\"name\":\"webdo\",\"description\":\"Tunisie - News en Tunisie et \u00e0 l&#039;international sur Webdo.tn\",\"publisher\":{\"@id\":\"https:\\\/\\\/www.webdo.tn\\\/fr\\\/#organization\"},\"potentialAction\":[{\"@type\":\"SearchAction\",\"target\":{\"@type\":\"EntryPoint\",\"urlTemplate\":\"https:\\\/\\\/www.webdo.tn\\\/fr\\\/?s={search_term_string}\"},\"query-input\":{\"@type\":\"PropertyValueSpecification\",\"valueRequired\":true,\"valueName\":\"search_term_string\"}}],\"inLanguage\":\"fr-FR\"},{\"@type\":\"Organization\",\"@id\":\"https:\\\/\\\/www.webdo.tn\\\/fr\\\/#organization\",\"name\":\"Webdo\",\"alternateName\":\"Webdo.tn\",\"url\":\"https:\\\/\\\/www.webdo.tn\\\/fr\\\/\",\"logo\":{\"@type\":\"ImageObject\",\"inLanguage\":\"fr-FR\",\"@id\":\"https:\\\/\\\/www.webdo.tn\\\/fr\\\/#\\\/schema\\\/logo\\\/image\\\/\",\"url\":\"https:\\\/\\\/www.webdo.tn\\\/fr\\\/wp-content\\\/uploads\\\/2025\\\/06\\\/Webdo-Tunisie_168377.jpg\",\"contentUrl\":\"https:\\\/\\\/www.webdo.tn\\\/fr\\\/wp-content\\\/uploads\\\/2025\\\/06\\\/Webdo-Tunisie_168377.jpg\",\"width\":301,\"height\":301,\"caption\":\"Webdo\"},\"image\":{\"@id\":\"https:\\\/\\\/www.webdo.tn\\\/fr\\\/#\\\/schema\\\/logo\\\/image\\\/\"},\"sameAs\":[\"https:\\\/\\\/www.facebook.com\\\/webdotn\",\"https:\\\/\\\/x.com\\\/webdo_tn\"],\"description\":\"Webdo est un m\u00e9dia num\u00e9rique tunisien fond\u00e9 en 2010, sp\u00e9cialis\u00e9 dans l\u2019actualit\u00e9 nationale et internationale, l\u2019\u00e9conomie, la soci\u00e9t\u00e9 et les analyses politiques. Le site s\u2019adresse \u00e0 un large public francophone et couvre l\u2019information tunisienne en temps r\u00e9el.\",\"email\":\"redac@webdo.tn\",\"legalName\":\"YNJ SARL\",\"foundingDate\":\"2010-09-06\",\"numberOfEmployees\":{\"@type\":\"QuantitativeValue\",\"minValue\":\"11\",\"maxValue\":\"50\"}},{\"@type\":\"Person\",\"@id\":\"https:\\\/\\\/www.webdo.tn\\\/fr\\\/#\\\/schema\\\/person\\\/2c4929cbf5a809e3bd38617c6ce150f6\",\"name\":\"MC\",\"image\":{\"@type\":\"ImageObject\",\"inLanguage\":\"fr-FR\",\"@id\":\"https:\\\/\\\/secure.gravatar.com\\\/avatar\\\/a545bbb6f84efdd5553dbbc2895e3ca8f1d12c5215e00a041c9670b54aa9b18a?s=96&d=mm&r=g\",\"url\":\"https:\\\/\\\/secure.gravatar.com\\\/avatar\\\/a545bbb6f84efdd5553dbbc2895e3ca8f1d12c5215e00a041c9670b54aa9b18a?s=96&d=mm&r=g\",\"contentUrl\":\"https:\\\/\\\/secure.gravatar.com\\\/avatar\\\/a545bbb6f84efdd5553dbbc2895e3ca8f1d12c5215e00a041c9670b54aa9b18a?s=96&d=mm&r=g\",\"caption\":\"MC\"},\"url\":\"https:\\\/\\\/www.webdo.tn\\\/fr\\\/actualite\\\/author\\\/mc\\\/\"}]}<\/script>\n<!-- \/ Yoast SEO Premium plugin. -->","yoast_head_json":{"title":"Tunisie - Ch\u00e8que sans provision : Initiative parlementaire en faveur d\u2019une amnistie g\u00e9n\u00e9rale","description":"Une amnistie g\u00e9n\u00e9rale concernant les affaires de ch\u00e8ques sans provision, objet d'une initiative parlementaire en Tunisie.","canonical":"https:\/\/www.webdo.tn\/fr\/actualite\/national\/tunisie-cheque-sans-provision-initiative-parlementaire-en-faveur-d-une-amnistie-generale\/212253\/","og_locale":"fr_FR","og_type":"article","og_title":"Tunisie - Ch\u00e8que sans provision : Initiative parlementaire en faveur d\u2019une amnistie g\u00e9n\u00e9rale","og_description":"Une amnistie g\u00e9n\u00e9rale concernant les affaires de ch\u00e8ques sans provision, objet d'une initiative parlementaire en Tunisie.","og_url":"https:\/\/www.webdo.tn\/fr\/actualite\/national\/tunisie-cheque-sans-provision-initiative-parlementaire-en-faveur-d-une-amnistie-generale\/212253\/","og_site_name":"webdo","article_publisher":"https:\/\/www.facebook.com\/webdotn","article_published_time":"2024-02-13T13:15:00+00:00","article_modified_time":"2025-05-20T21:53:05+00:00","og_image":[{"width":750,"height":400,"url":"https:\/\/www.webdo.tn\/fr\/wp-content\/uploads\/2024\/02\/c7ed506d638a0cdf83df650edfbf8cdb.jpg","type":"image\/jpeg"}],"author":"MC","twitter_card":"summary_large_image","twitter_creator":"@webdo_tn","twitter_site":"@webdo_tn","twitter_misc":{"\u00c9crit par":"MC","Dur\u00e9e de lecture estim\u00e9e":"2 minutes"},"schema":{"@context":"https:\/\/schema.org","@graph":[{"@type":"NewsArticle","@id":"https:\/\/www.webdo.tn\/fr\/actualite\/national\/tunisie-cheque-sans-provision-initiative-parlementaire-en-faveur-d-une-amnistie-generale\/212253\/#article","isPartOf":{"@id":"https:\/\/www.webdo.tn\/fr\/actualite\/national\/tunisie-cheque-sans-provision-initiative-parlementaire-en-faveur-d-une-amnistie-generale\/212253\/"},"author":{"name":"MC","@id":"https:\/\/www.webdo.tn\/fr\/#\/schema\/person\/2c4929cbf5a809e3bd38617c6ce150f6"},"headline":"Tunisie &#8211; Ch\u00e8que sans provision : Initiative parlementaire en faveur d\u2019une amnistie g\u00e9n\u00e9rale","datePublished":"2024-02-13T13:15:00+00:00","dateModified":"2025-05-20T21:53:05+00:00","mainEntityOfPage":{"@id":"https:\/\/www.webdo.tn\/fr\/actualite\/national\/tunisie-cheque-sans-provision-initiative-parlementaire-en-faveur-d-une-amnistie-generale\/212253\/"},"wordCount":331,"commentCount":0,"publisher":{"@id":"https:\/\/www.webdo.tn\/fr\/#organization"},"image":{"@id":"https:\/\/www.webdo.tn\/fr\/actualite\/national\/tunisie-cheque-sans-provision-initiative-parlementaire-en-faveur-d-une-amnistie-generale\/212253\/#primaryimage"},"thumbnailUrl":"https:\/\/www.webdo.tn\/fr\/wp-content\/uploads\/2024\/02\/c7ed506d638a0cdf83df650edfbf8cdb.jpg","keywords":["amnistie","ARP","ch\u00e8ques sans provision","Initiative","justice","Tunisie"],"articleSection":["National"],"inLanguage":"fr-FR"},{"@type":"WebPage","@id":"https:\/\/www.webdo.tn\/fr\/actualite\/national\/tunisie-cheque-sans-provision-initiative-parlementaire-en-faveur-d-une-amnistie-generale\/212253\/","url":"https:\/\/www.webdo.tn\/fr\/actualite\/national\/tunisie-cheque-sans-provision-initiative-parlementaire-en-faveur-d-une-amnistie-generale\/212253\/","name":"Tunisie - Ch\u00e8que sans provision : Initiative parlementaire en faveur d\u2019une amnistie g\u00e9n\u00e9rale","isPartOf":{"@id":"https:\/\/www.webdo.tn\/fr\/#website"},"primaryImageOfPage":{"@id":"https:\/\/www.webdo.tn\/fr\/actualite\/national\/tunisie-cheque-sans-provision-initiative-parlementaire-en-faveur-d-une-amnistie-generale\/212253\/#primaryimage"},"image":{"@id":"https:\/\/www.webdo.tn\/fr\/actualite\/national\/tunisie-cheque-sans-provision-initiative-parlementaire-en-faveur-d-une-amnistie-generale\/212253\/#primaryimage"},"thumbnailUrl":"https:\/\/www.webdo.tn\/fr\/wp-content\/uploads\/2024\/02\/c7ed506d638a0cdf83df650edfbf8cdb.jpg","datePublished":"2024-02-13T13:15:00+00:00","dateModified":"2025-05-20T21:53:05+00:00","description":"Une amnistie g\u00e9n\u00e9rale concernant les affaires de ch\u00e8ques sans provision, objet d'une initiative parlementaire en Tunisie.","breadcrumb":{"@id":"https:\/\/www.webdo.tn\/fr\/actualite\/national\/tunisie-cheque-sans-provision-initiative-parlementaire-en-faveur-d-une-amnistie-generale\/212253\/#breadcrumb"},"inLanguage":"fr-FR","potentialAction":[{"@type":"ReadAction","target":["https:\/\/www.webdo.tn\/fr\/actualite\/national\/tunisie-cheque-sans-provision-initiative-parlementaire-en-faveur-d-une-amnistie-generale\/212253\/"]}]},{"@type":"ImageObject","inLanguage":"fr-FR","@id":"https:\/\/www.webdo.tn\/fr\/actualite\/national\/tunisie-cheque-sans-provision-initiative-parlementaire-en-faveur-d-une-amnistie-generale\/212253\/#primaryimage","url":"https:\/\/www.webdo.tn\/fr\/wp-content\/uploads\/2024\/02\/c7ed506d638a0cdf83df650edfbf8cdb.jpg","contentUrl":"https:\/\/www.webdo.tn\/fr\/wp-content\/uploads\/2024\/02\/c7ed506d638a0cdf83df650edfbf8cdb.jpg","width":750,"height":400,"caption":"Tunisie - Ch\u00e8que sans provision : Initiative parlementaire en faveur d\u2019une amnistie g\u00e9n\u00e9rale"},{"@type":"BreadcrumbList","@id":"https:\/\/www.webdo.tn\/fr\/actualite\/national\/tunisie-cheque-sans-provision-initiative-parlementaire-en-faveur-d-une-amnistie-generale\/212253\/#breadcrumb","itemListElement":[{"@type":"ListItem","position":1,"name":"Accueil","item":"https:\/\/www.webdo.tn\/fr\/"},{"@type":"ListItem","position":2,"name":"Tunisie &#8211; Ch\u00e8que sans provision : Initiative parlementaire en faveur d\u2019une amnistie g\u00e9n\u00e9rale"}]},{"@type":"WebSite","@id":"https:\/\/www.webdo.tn\/fr\/#website","url":"https:\/\/www.webdo.tn\/fr\/","name":"webdo","description":"Tunisie - News en Tunisie et \u00e0 l&#039;international sur Webdo.tn","publisher":{"@id":"https:\/\/www.webdo.tn\/fr\/#organization"},"potentialAction":[{"@type":"SearchAction","target":{"@type":"EntryPoint","urlTemplate":"https:\/\/www.webdo.tn\/fr\/?s={search_term_string}"},"query-input":{"@type":"PropertyValueSpecification","valueRequired":true,"valueName":"search_term_string"}}],"inLanguage":"fr-FR"},{"@type":"Organization","@id":"https:\/\/www.webdo.tn\/fr\/#organization","name":"Webdo","alternateName":"Webdo.tn","url":"https:\/\/www.webdo.tn\/fr\/","logo":{"@type":"ImageObject","inLanguage":"fr-FR","@id":"https:\/\/www.webdo.tn\/fr\/#\/schema\/logo\/image\/","url":"https:\/\/www.webdo.tn\/fr\/wp-content\/uploads\/2025\/06\/Webdo-Tunisie_168377.jpg","contentUrl":"https:\/\/www.webdo.tn\/fr\/wp-content\/uploads\/2025\/06\/Webdo-Tunisie_168377.jpg","width":301,"height":301,"caption":"Webdo"},"image":{"@id":"https:\/\/www.webdo.tn\/fr\/#\/schema\/logo\/image\/"},"sameAs":["https:\/\/www.facebook.com\/webdotn","https:\/\/x.com\/webdo_tn"],"description":"Webdo est un m\u00e9dia num\u00e9rique tunisien fond\u00e9 en 2010, sp\u00e9cialis\u00e9 dans l\u2019actualit\u00e9 nationale et internationale, l\u2019\u00e9conomie, la soci\u00e9t\u00e9 et les analyses politiques. Le site s\u2019adresse \u00e0 un large public francophone et couvre l\u2019information tunisienne en temps r\u00e9el.","email":"redac@webdo.tn","legalName":"YNJ SARL","foundingDate":"2010-09-06","numberOfEmployees":{"@type":"QuantitativeValue","minValue":"11","maxValue":"50"}},{"@type":"Person","@id":"https:\/\/www.webdo.tn\/fr\/#\/schema\/person\/2c4929cbf5a809e3bd38617c6ce150f6","name":"MC","image":{"@type":"ImageObject","inLanguage":"fr-FR","@id":"https:\/\/secure.gravatar.com\/avatar\/a545bbb6f84efdd5553dbbc2895e3ca8f1d12c5215e00a041c9670b54aa9b18a?s=96&d=mm&r=g","url":"https:\/\/secure.gravatar.com\/avatar\/a545bbb6f84efdd5553dbbc2895e3ca8f1d12c5215e00a041c9670b54aa9b18a?s=96&d=mm&r=g","contentUrl":"https:\/\/secure.gravatar.com\/avatar\/a545bbb6f84efdd5553dbbc2895e3ca8f1d12c5215e00a041c9670b54aa9b18a?s=96&d=mm&r=g","caption":"MC"},"url":"https:\/\/www.webdo.tn\/fr\/actualite\/author\/mc\/"}]}},"_links":{"self":[{"href":"https:\/\/www.webdo.tn\/fr\/wp-json\/wp\/v2\/posts\/212253","targetHints":{"allow":["GET"]}}],"collection":[{"href":"https:\/\/www.webdo.tn\/fr\/wp-json\/wp\/v2\/posts"}],"about":[{"href":"https:\/\/www.webdo.tn\/fr\/wp-json\/wp\/v2\/types\/post"}],"author":[{"embeddable":true,"href":"https:\/\/www.webdo.tn\/fr\/wp-json\/wp\/v2\/users\/3162"}],"replies":[{"embeddable":true,"href":"https:\/\/www.webdo.tn\/fr\/wp-json\/wp\/v2\/comments?post=212253"}],"version-history":[{"count":0,"href":"https:\/\/www.webdo.tn\/fr\/wp-json\/wp\/v2\/posts\/212253\/revisions"}],"wp:featuredmedia":[{"embeddable":true,"href":"https:\/\/www.webdo.tn\/fr\/wp-json\/wp\/v2\/media\/248012"}],"wp:attachment":[{"href":"https:\/\/www.webdo.tn\/fr\/wp-json\/wp\/v2\/media?parent=212253"}],"wp:term":[{"taxonomy":"category","embeddable":true,"href":"https:\/\/www.webdo.tn\/fr\/wp-json\/wp\/v2\/categories?post=212253"},{"taxonomy":"post_tag","embeddable":true,"href":"https:\/\/www.webdo.tn\/fr\/wp-json\/wp\/v2\/tags?post=212253"}],"curies":[{"name":"wp","href":"https:\/\/api.w.org\/{rel}","templated":true}]}}