{"id":212247,"date":"2024-02-13T11:29:00","date_gmt":"2024-02-13T11:29:00","guid":{"rendered":"https:\/\/www.webdo.tn\/fr\/blog\/hammamet-des-policiers-protestent-suite-a-l-arrestation-de-leurs-collegues\/212247\/"},"modified":"2025-05-20T22:37:47","modified_gmt":"2025-05-20T22:37:47","slug":"hammamet-des-policiers-protestent-suite-a-l-arrestation-de-leurs-collegues","status":"publish","type":"post","link":"https:\/\/www.webdo.tn\/fr\/actualite\/regions\/hammamet-des-policiers-protestent-suite-a-l-arrestation-de-leurs-collegues\/212247\/","title":{"rendered":"Hammamet : Des policiers protestent suite \u00e0 l\u2019arrestation de leurs coll\u00e8gues"},"content":{"rendered":"<p>Suite \u00e0 l\u2019arrestation de deux cadres s\u00e9curitaires, des agents de s\u00e9curit\u00e9 ont observ\u00e9 ce mardi 13 f\u00e9vrier 2024 un mouvement de protestation \u00e0 Hammamet.\u00a0<\/p>\n<p>\t\t\t\t\t\t\t\t\tEn effet, un chef de poste de police et son adjoint ont \u00e9t\u00e9 arr\u00eat\u00e9s r\u00e9cemment suite \u00e0 une descente effectu\u00e9e dans le domicile d\u2019un terroriste pr\u00e9sum\u00e9 \u00e0 Grombalia.<\/p>\n<p>Ils ont \u00e9t\u00e9 arr\u00eat\u00e9s pour avoir effectu\u00e9 cette descente sans l\u2019autorisation du parquet.\u00a0<\/p>\n<p>Les protestataires ont appel\u00e9 \u00e0 la remise en libert\u00e9 imm\u00e9diate de leurs coll\u00e8gues.<\/p>\n","protected":false},"excerpt":{"rendered":"<p>En effet, un chef de poste de police et son adjoint ont \u00e9t\u00e9 arr\u00eat\u00e9s r\u00e9cemment suite \u00e0 une descente effectu\u00e9e dans le domicile d\u2019un terroriste pr\u00e9sum\u00e9 \u00e0 Grombali&#8230;<\/p>\n","protected":false},"author":3175,"featured_media":248009,"comment_status":"open","ping_status":"closed","sticky":false,"template":"","format":"standard","meta":{"footnotes":""},"categories":[2595],"tags":[2966,3607,2643],"class_list":["post-212247","post","type-post","status-publish","format-standard","has-post-thumbnail","hentry","category-regions","tag-arrestation","tag-hammamet","tag-police"],"yoast_head":"<!-- This site is optimized with the Yoast SEO Premium plugin v27.4 (Yoast SEO v27.5) - https:\/\/yoast.com\/product\/yoast-seo-premium-wordpress\/ -->\n<title>Hammamet : Des policiers protestent suite \u00e0 l\u2019arrestation de leurs coll\u00e8gues<\/title>\n<meta name=\"description\" content=\"En effet, un chef de poste de police et son adjoint ont \u00e9t\u00e9 arr\u00eat\u00e9s r\u00e9cemment suite \u00e0 une descente effectu\u00e9e dans le domicile d\u2019un terroriste pr\u00e9sum\u00e9 \u00e0 Grombali...\" \/>\n<link rel=\"canonical\" href=\"https:\/\/www.webdo.tn\/fr\/actualite\/regions\/hammamet-des-policiers-protestent-suite-a-l-arrestation-de-leurs-collegues\/212247\/\" \/>\n<meta property=\"og:locale\" content=\"fr_FR\" \/>\n<meta property=\"og:type\" content=\"article\" \/>\n<meta property=\"og:title\" content=\"Hammamet : Des policiers protestent suite \u00e0 l\u2019arrestation de leurs coll\u00e8gues\" \/>\n<meta property=\"og:description\" content=\"En effet, un chef de poste de police et son adjoint ont \u00e9t\u00e9 arr\u00eat\u00e9s r\u00e9cemment suite \u00e0 une descente effectu\u00e9e dans le domicile d\u2019un terroriste pr\u00e9sum\u00e9 \u00e0 Grombali...\" \/>\n<meta property=\"og:url\" content=\"https:\/\/www.webdo.tn\/fr\/actualite\/regions\/hammamet-des-policiers-protestent-suite-a-l-arrestation-de-leurs-collegues\/212247\/\" \/>\n<meta property=\"og:site_name\" content=\"webdo\" \/>\n<meta property=\"article:publisher\" content=\"https:\/\/www.facebook.com\/webdotn\" \/>\n<meta property=\"article:published_time\" content=\"2024-02-13T11:29:00+00:00\" \/>\n<meta property=\"article:modified_time\" content=\"2025-05-20T22:37:47+00:00\" \/>\n<meta property=\"og:image\" content=\"https:\/\/www.webdo.tn\/fr\/wp-content\/uploads\/2024\/02\/40b1812e17240a48fe465ba78618013d.jpg\" \/>\n\t<meta property=\"og:image:width\" content=\"750\" \/>\n\t<meta property=\"og:image:height\" content=\"400\" \/>\n\t<meta property=\"og:image:type\" content=\"image\/jpeg\" \/>\n<meta name=\"author\" content=\"CL\" \/>\n<meta name=\"twitter:card\" content=\"summary_large_image\" \/>\n<meta name=\"twitter:creator\" content=\"@webdo_tn\" \/>\n<meta name=\"twitter:site\" content=\"@webdo_tn\" \/>\n<meta name=\"twitter:label1\" content=\"\u00c9crit par\" \/>\n\t<meta name=\"twitter:data1\" content=\"CL\" \/>\n<script type=\"application\/ld+json\" class=\"yoast-schema-graph\">{\"@context\":\"https:\\\/\\\/schema.org\",\"@graph\":[{\"@type\":\"NewsArticle\",\"@id\":\"https:\\\/\\\/www.webdo.tn\\\/fr\\\/actualite\\\/regions\\\/hammamet-des-policiers-protestent-suite-a-l-arrestation-de-leurs-collegues\\\/212247\\\/#article\",\"isPartOf\":{\"@id\":\"https:\\\/\\\/www.webdo.tn\\\/fr\\\/actualite\\\/regions\\\/hammamet-des-policiers-protestent-suite-a-l-arrestation-de-leurs-collegues\\\/212247\\\/\"},\"author\":{\"name\":\"CL\",\"@id\":\"https:\\\/\\\/www.webdo.tn\\\/fr\\\/#\\\/schema\\\/person\\\/f35b42a42c5e2511bbd282959d6385cc\"},\"headline\":\"Hammamet : Des policiers protestent suite \u00e0 l\u2019arrestation de leurs coll\u00e8gues\",\"datePublished\":\"2024-02-13T11:29:00+00:00\",\"dateModified\":\"2025-05-20T22:37:47+00:00\",\"mainEntityOfPage\":{\"@id\":\"https:\\\/\\\/www.webdo.tn\\\/fr\\\/actualite\\\/regions\\\/hammamet-des-policiers-protestent-suite-a-l-arrestation-de-leurs-collegues\\\/212247\\\/\"},\"wordCount\":97,\"commentCount\":0,\"publisher\":{\"@id\":\"https:\\\/\\\/www.webdo.tn\\\/fr\\\/#organization\"},\"image\":{\"@id\":\"https:\\\/\\\/www.webdo.tn\\\/fr\\\/actualite\\\/regions\\\/hammamet-des-policiers-protestent-suite-a-l-arrestation-de-leurs-collegues\\\/212247\\\/#primaryimage\"},\"thumbnailUrl\":\"https:\\\/\\\/www.webdo.tn\\\/fr\\\/wp-content\\\/uploads\\\/2024\\\/02\\\/40b1812e17240a48fe465ba78618013d.jpg\",\"keywords\":[\"arrestation\",\"hammamet\",\"police\"],\"articleSection\":[\"regions\"],\"inLanguage\":\"fr-FR\"},{\"@type\":\"WebPage\",\"@id\":\"https:\\\/\\\/www.webdo.tn\\\/fr\\\/actualite\\\/regions\\\/hammamet-des-policiers-protestent-suite-a-l-arrestation-de-leurs-collegues\\\/212247\\\/\",\"url\":\"https:\\\/\\\/www.webdo.tn\\\/fr\\\/actualite\\\/regions\\\/hammamet-des-policiers-protestent-suite-a-l-arrestation-de-leurs-collegues\\\/212247\\\/\",\"name\":\"Hammamet : Des policiers protestent suite \u00e0 l\u2019arrestation de leurs coll\u00e8gues\",\"isPartOf\":{\"@id\":\"https:\\\/\\\/www.webdo.tn\\\/fr\\\/#website\"},\"primaryImageOfPage\":{\"@id\":\"https:\\\/\\\/www.webdo.tn\\\/fr\\\/actualite\\\/regions\\\/hammamet-des-policiers-protestent-suite-a-l-arrestation-de-leurs-collegues\\\/212247\\\/#primaryimage\"},\"image\":{\"@id\":\"https:\\\/\\\/www.webdo.tn\\\/fr\\\/actualite\\\/regions\\\/hammamet-des-policiers-protestent-suite-a-l-arrestation-de-leurs-collegues\\\/212247\\\/#primaryimage\"},\"thumbnailUrl\":\"https:\\\/\\\/www.webdo.tn\\\/fr\\\/wp-content\\\/uploads\\\/2024\\\/02\\\/40b1812e17240a48fe465ba78618013d.jpg\",\"datePublished\":\"2024-02-13T11:29:00+00:00\",\"dateModified\":\"2025-05-20T22:37:47+00:00\",\"description\":\"En effet, un chef de poste de police et son adjoint ont \u00e9t\u00e9 arr\u00eat\u00e9s r\u00e9cemment suite \u00e0 une descente effectu\u00e9e dans le domicile d\u2019un terroriste pr\u00e9sum\u00e9 \u00e0 Grombali...\",\"breadcrumb\":{\"@id\":\"https:\\\/\\\/www.webdo.tn\\\/fr\\\/actualite\\\/regions\\\/hammamet-des-policiers-protestent-suite-a-l-arrestation-de-leurs-collegues\\\/212247\\\/#breadcrumb\"},\"inLanguage\":\"fr-FR\",\"potentialAction\":[{\"@type\":\"ReadAction\",\"target\":[\"https:\\\/\\\/www.webdo.tn\\\/fr\\\/actualite\\\/regions\\\/hammamet-des-policiers-protestent-suite-a-l-arrestation-de-leurs-collegues\\\/212247\\\/\"]}]},{\"@type\":\"ImageObject\",\"inLanguage\":\"fr-FR\",\"@id\":\"https:\\\/\\\/www.webdo.tn\\\/fr\\\/actualite\\\/regions\\\/hammamet-des-policiers-protestent-suite-a-l-arrestation-de-leurs-collegues\\\/212247\\\/#primaryimage\",\"url\":\"https:\\\/\\\/www.webdo.tn\\\/fr\\\/wp-content\\\/uploads\\\/2024\\\/02\\\/40b1812e17240a48fe465ba78618013d.jpg\",\"contentUrl\":\"https:\\\/\\\/www.webdo.tn\\\/fr\\\/wp-content\\\/uploads\\\/2024\\\/02\\\/40b1812e17240a48fe465ba78618013d.jpg\",\"width\":750,\"height\":400,\"caption\":\"Hammamet : Des policiers protestent suite \u00e0 l\u2019arrestation de leurs coll\u00e8gues\"},{\"@type\":\"BreadcrumbList\",\"@id\":\"https:\\\/\\\/www.webdo.tn\\\/fr\\\/actualite\\\/regions\\\/hammamet-des-policiers-protestent-suite-a-l-arrestation-de-leurs-collegues\\\/212247\\\/#breadcrumb\",\"itemListElement\":[{\"@type\":\"ListItem\",\"position\":1,\"name\":\"Accueil\",\"item\":\"https:\\\/\\\/www.webdo.tn\\\/fr\\\/\"},{\"@type\":\"ListItem\",\"position\":2,\"name\":\"Hammamet : Des policiers protestent suite \u00e0 l\u2019arrestation de leurs coll\u00e8gues\"}]},{\"@type\":\"WebSite\",\"@id\":\"https:\\\/\\\/www.webdo.tn\\\/fr\\\/#website\",\"url\":\"https:\\\/\\\/www.webdo.tn\\\/fr\\\/\",\"name\":\"webdo\",\"description\":\"Tunisie - News en Tunisie et \u00e0 l&#039;international sur Webdo.tn\",\"publisher\":{\"@id\":\"https:\\\/\\\/www.webdo.tn\\\/fr\\\/#organization\"},\"potentialAction\":[{\"@type\":\"SearchAction\",\"target\":{\"@type\":\"EntryPoint\",\"urlTemplate\":\"https:\\\/\\\/www.webdo.tn\\\/fr\\\/?s={search_term_string}\"},\"query-input\":{\"@type\":\"PropertyValueSpecification\",\"valueRequired\":true,\"valueName\":\"search_term_string\"}}],\"inLanguage\":\"fr-FR\"},{\"@type\":\"Organization\",\"@id\":\"https:\\\/\\\/www.webdo.tn\\\/fr\\\/#organization\",\"name\":\"Webdo\",\"alternateName\":\"Webdo.tn\",\"url\":\"https:\\\/\\\/www.webdo.tn\\\/fr\\\/\",\"logo\":{\"@type\":\"ImageObject\",\"inLanguage\":\"fr-FR\",\"@id\":\"https:\\\/\\\/www.webdo.tn\\\/fr\\\/#\\\/schema\\\/logo\\\/image\\\/\",\"url\":\"https:\\\/\\\/www.webdo.tn\\\/fr\\\/wp-content\\\/uploads\\\/2025\\\/06\\\/Webdo-Tunisie_168377.jpg\",\"contentUrl\":\"https:\\\/\\\/www.webdo.tn\\\/fr\\\/wp-content\\\/uploads\\\/2025\\\/06\\\/Webdo-Tunisie_168377.jpg\",\"width\":301,\"height\":301,\"caption\":\"Webdo\"},\"image\":{\"@id\":\"https:\\\/\\\/www.webdo.tn\\\/fr\\\/#\\\/schema\\\/logo\\\/image\\\/\"},\"sameAs\":[\"https:\\\/\\\/www.facebook.com\\\/webdotn\",\"https:\\\/\\\/x.com\\\/webdo_tn\"],\"description\":\"Webdo est un m\u00e9dia num\u00e9rique tunisien fond\u00e9 en 2010, sp\u00e9cialis\u00e9 dans l\u2019actualit\u00e9 nationale et internationale, l\u2019\u00e9conomie, la soci\u00e9t\u00e9 et les analyses politiques. Le site s\u2019adresse \u00e0 un large public francophone et couvre l\u2019information tunisienne en temps r\u00e9el.\",\"email\":\"redac@webdo.tn\",\"legalName\":\"YNJ SARL\",\"foundingDate\":\"2010-09-06\",\"numberOfEmployees\":{\"@type\":\"QuantitativeValue\",\"minValue\":\"11\",\"maxValue\":\"50\"}},{\"@type\":\"Person\",\"@id\":\"https:\\\/\\\/www.webdo.tn\\\/fr\\\/#\\\/schema\\\/person\\\/f35b42a42c5e2511bbd282959d6385cc\",\"name\":\"CL\",\"image\":{\"@type\":\"ImageObject\",\"inLanguage\":\"fr-FR\",\"@id\":\"https:\\\/\\\/secure.gravatar.com\\\/avatar\\\/1447a49909b67aa657c488aec6512e1dd6143a480c1ecfee9b5b5cd74eb3b59e?s=96&d=mm&r=g\",\"url\":\"https:\\\/\\\/secure.gravatar.com\\\/avatar\\\/1447a49909b67aa657c488aec6512e1dd6143a480c1ecfee9b5b5cd74eb3b59e?s=96&d=mm&r=g\",\"contentUrl\":\"https:\\\/\\\/secure.gravatar.com\\\/avatar\\\/1447a49909b67aa657c488aec6512e1dd6143a480c1ecfee9b5b5cd74eb3b59e?s=96&d=mm&r=g\",\"caption\":\"CL\"},\"url\":\"https:\\\/\\\/www.webdo.tn\\\/fr\\\/actualite\\\/author\\\/cl\\\/\"}]}<\/script>\n<!-- \/ Yoast SEO Premium plugin. -->","yoast_head_json":{"title":"Hammamet : Des policiers protestent suite \u00e0 l\u2019arrestation de leurs coll\u00e8gues","description":"En effet, un chef de poste de police et son adjoint ont \u00e9t\u00e9 arr\u00eat\u00e9s r\u00e9cemment suite \u00e0 une descente effectu\u00e9e dans le domicile d\u2019un terroriste pr\u00e9sum\u00e9 \u00e0 Grombali...","canonical":"https:\/\/www.webdo.tn\/fr\/actualite\/regions\/hammamet-des-policiers-protestent-suite-a-l-arrestation-de-leurs-collegues\/212247\/","og_locale":"fr_FR","og_type":"article","og_title":"Hammamet : Des policiers protestent suite \u00e0 l\u2019arrestation de leurs coll\u00e8gues","og_description":"En effet, un chef de poste de police et son adjoint ont \u00e9t\u00e9 arr\u00eat\u00e9s r\u00e9cemment suite \u00e0 une descente effectu\u00e9e dans le domicile d\u2019un terroriste pr\u00e9sum\u00e9 \u00e0 Grombali...","og_url":"https:\/\/www.webdo.tn\/fr\/actualite\/regions\/hammamet-des-policiers-protestent-suite-a-l-arrestation-de-leurs-collegues\/212247\/","og_site_name":"webdo","article_publisher":"https:\/\/www.facebook.com\/webdotn","article_published_time":"2024-02-13T11:29:00+00:00","article_modified_time":"2025-05-20T22:37:47+00:00","og_image":[{"width":750,"height":400,"url":"https:\/\/www.webdo.tn\/fr\/wp-content\/uploads\/2024\/02\/40b1812e17240a48fe465ba78618013d.jpg","type":"image\/jpeg"}],"author":"CL","twitter_card":"summary_large_image","twitter_creator":"@webdo_tn","twitter_site":"@webdo_tn","twitter_misc":{"\u00c9crit par":"CL"},"schema":{"@context":"https:\/\/schema.org","@graph":[{"@type":"NewsArticle","@id":"https:\/\/www.webdo.tn\/fr\/actualite\/regions\/hammamet-des-policiers-protestent-suite-a-l-arrestation-de-leurs-collegues\/212247\/#article","isPartOf":{"@id":"https:\/\/www.webdo.tn\/fr\/actualite\/regions\/hammamet-des-policiers-protestent-suite-a-l-arrestation-de-leurs-collegues\/212247\/"},"author":{"name":"CL","@id":"https:\/\/www.webdo.tn\/fr\/#\/schema\/person\/f35b42a42c5e2511bbd282959d6385cc"},"headline":"Hammamet : Des policiers protestent suite \u00e0 l\u2019arrestation de leurs coll\u00e8gues","datePublished":"2024-02-13T11:29:00+00:00","dateModified":"2025-05-20T22:37:47+00:00","mainEntityOfPage":{"@id":"https:\/\/www.webdo.tn\/fr\/actualite\/regions\/hammamet-des-policiers-protestent-suite-a-l-arrestation-de-leurs-collegues\/212247\/"},"wordCount":97,"commentCount":0,"publisher":{"@id":"https:\/\/www.webdo.tn\/fr\/#organization"},"image":{"@id":"https:\/\/www.webdo.tn\/fr\/actualite\/regions\/hammamet-des-policiers-protestent-suite-a-l-arrestation-de-leurs-collegues\/212247\/#primaryimage"},"thumbnailUrl":"https:\/\/www.webdo.tn\/fr\/wp-content\/uploads\/2024\/02\/40b1812e17240a48fe465ba78618013d.jpg","keywords":["arrestation","hammamet","police"],"articleSection":["regions"],"inLanguage":"fr-FR"},{"@type":"WebPage","@id":"https:\/\/www.webdo.tn\/fr\/actualite\/regions\/hammamet-des-policiers-protestent-suite-a-l-arrestation-de-leurs-collegues\/212247\/","url":"https:\/\/www.webdo.tn\/fr\/actualite\/regions\/hammamet-des-policiers-protestent-suite-a-l-arrestation-de-leurs-collegues\/212247\/","name":"Hammamet : Des policiers protestent suite \u00e0 l\u2019arrestation de leurs coll\u00e8gues","isPartOf":{"@id":"https:\/\/www.webdo.tn\/fr\/#website"},"primaryImageOfPage":{"@id":"https:\/\/www.webdo.tn\/fr\/actualite\/regions\/hammamet-des-policiers-protestent-suite-a-l-arrestation-de-leurs-collegues\/212247\/#primaryimage"},"image":{"@id":"https:\/\/www.webdo.tn\/fr\/actualite\/regions\/hammamet-des-policiers-protestent-suite-a-l-arrestation-de-leurs-collegues\/212247\/#primaryimage"},"thumbnailUrl":"https:\/\/www.webdo.tn\/fr\/wp-content\/uploads\/2024\/02\/40b1812e17240a48fe465ba78618013d.jpg","datePublished":"2024-02-13T11:29:00+00:00","dateModified":"2025-05-20T22:37:47+00:00","description":"En effet, un chef de poste de police et son adjoint ont \u00e9t\u00e9 arr\u00eat\u00e9s r\u00e9cemment suite \u00e0 une descente effectu\u00e9e dans le domicile d\u2019un terroriste pr\u00e9sum\u00e9 \u00e0 Grombali...","breadcrumb":{"@id":"https:\/\/www.webdo.tn\/fr\/actualite\/regions\/hammamet-des-policiers-protestent-suite-a-l-arrestation-de-leurs-collegues\/212247\/#breadcrumb"},"inLanguage":"fr-FR","potentialAction":[{"@type":"ReadAction","target":["https:\/\/www.webdo.tn\/fr\/actualite\/regions\/hammamet-des-policiers-protestent-suite-a-l-arrestation-de-leurs-collegues\/212247\/"]}]},{"@type":"ImageObject","inLanguage":"fr-FR","@id":"https:\/\/www.webdo.tn\/fr\/actualite\/regions\/hammamet-des-policiers-protestent-suite-a-l-arrestation-de-leurs-collegues\/212247\/#primaryimage","url":"https:\/\/www.webdo.tn\/fr\/wp-content\/uploads\/2024\/02\/40b1812e17240a48fe465ba78618013d.jpg","contentUrl":"https:\/\/www.webdo.tn\/fr\/wp-content\/uploads\/2024\/02\/40b1812e17240a48fe465ba78618013d.jpg","width":750,"height":400,"caption":"Hammamet : Des policiers protestent suite \u00e0 l\u2019arrestation de leurs coll\u00e8gues"},{"@type":"BreadcrumbList","@id":"https:\/\/www.webdo.tn\/fr\/actualite\/regions\/hammamet-des-policiers-protestent-suite-a-l-arrestation-de-leurs-collegues\/212247\/#breadcrumb","itemListElement":[{"@type":"ListItem","position":1,"name":"Accueil","item":"https:\/\/www.webdo.tn\/fr\/"},{"@type":"ListItem","position":2,"name":"Hammamet : Des policiers protestent suite \u00e0 l\u2019arrestation de leurs coll\u00e8gues"}]},{"@type":"WebSite","@id":"https:\/\/www.webdo.tn\/fr\/#website","url":"https:\/\/www.webdo.tn\/fr\/","name":"webdo","description":"Tunisie - News en Tunisie et \u00e0 l&#039;international sur Webdo.tn","publisher":{"@id":"https:\/\/www.webdo.tn\/fr\/#organization"},"potentialAction":[{"@type":"SearchAction","target":{"@type":"EntryPoint","urlTemplate":"https:\/\/www.webdo.tn\/fr\/?s={search_term_string}"},"query-input":{"@type":"PropertyValueSpecification","valueRequired":true,"valueName":"search_term_string"}}],"inLanguage":"fr-FR"},{"@type":"Organization","@id":"https:\/\/www.webdo.tn\/fr\/#organization","name":"Webdo","alternateName":"Webdo.tn","url":"https:\/\/www.webdo.tn\/fr\/","logo":{"@type":"ImageObject","inLanguage":"fr-FR","@id":"https:\/\/www.webdo.tn\/fr\/#\/schema\/logo\/image\/","url":"https:\/\/www.webdo.tn\/fr\/wp-content\/uploads\/2025\/06\/Webdo-Tunisie_168377.jpg","contentUrl":"https:\/\/www.webdo.tn\/fr\/wp-content\/uploads\/2025\/06\/Webdo-Tunisie_168377.jpg","width":301,"height":301,"caption":"Webdo"},"image":{"@id":"https:\/\/www.webdo.tn\/fr\/#\/schema\/logo\/image\/"},"sameAs":["https:\/\/www.facebook.com\/webdotn","https:\/\/x.com\/webdo_tn"],"description":"Webdo est un m\u00e9dia num\u00e9rique tunisien fond\u00e9 en 2010, sp\u00e9cialis\u00e9 dans l\u2019actualit\u00e9 nationale et internationale, l\u2019\u00e9conomie, la soci\u00e9t\u00e9 et les analyses politiques. Le site s\u2019adresse \u00e0 un large public francophone et couvre l\u2019information tunisienne en temps r\u00e9el.","email":"redac@webdo.tn","legalName":"YNJ SARL","foundingDate":"2010-09-06","numberOfEmployees":{"@type":"QuantitativeValue","minValue":"11","maxValue":"50"}},{"@type":"Person","@id":"https:\/\/www.webdo.tn\/fr\/#\/schema\/person\/f35b42a42c5e2511bbd282959d6385cc","name":"CL","image":{"@type":"ImageObject","inLanguage":"fr-FR","@id":"https:\/\/secure.gravatar.com\/avatar\/1447a49909b67aa657c488aec6512e1dd6143a480c1ecfee9b5b5cd74eb3b59e?s=96&d=mm&r=g","url":"https:\/\/secure.gravatar.com\/avatar\/1447a49909b67aa657c488aec6512e1dd6143a480c1ecfee9b5b5cd74eb3b59e?s=96&d=mm&r=g","contentUrl":"https:\/\/secure.gravatar.com\/avatar\/1447a49909b67aa657c488aec6512e1dd6143a480c1ecfee9b5b5cd74eb3b59e?s=96&d=mm&r=g","caption":"CL"},"url":"https:\/\/www.webdo.tn\/fr\/actualite\/author\/cl\/"}]}},"_links":{"self":[{"href":"https:\/\/www.webdo.tn\/fr\/wp-json\/wp\/v2\/posts\/212247","targetHints":{"allow":["GET"]}}],"collection":[{"href":"https:\/\/www.webdo.tn\/fr\/wp-json\/wp\/v2\/posts"}],"about":[{"href":"https:\/\/www.webdo.tn\/fr\/wp-json\/wp\/v2\/types\/post"}],"author":[{"embeddable":true,"href":"https:\/\/www.webdo.tn\/fr\/wp-json\/wp\/v2\/users\/3175"}],"replies":[{"embeddable":true,"href":"https:\/\/www.webdo.tn\/fr\/wp-json\/wp\/v2\/comments?post=212247"}],"version-history":[{"count":0,"href":"https:\/\/www.webdo.tn\/fr\/wp-json\/wp\/v2\/posts\/212247\/revisions"}],"wp:featuredmedia":[{"embeddable":true,"href":"https:\/\/www.webdo.tn\/fr\/wp-json\/wp\/v2\/media\/248009"}],"wp:attachment":[{"href":"https:\/\/www.webdo.tn\/fr\/wp-json\/wp\/v2\/media?parent=212247"}],"wp:term":[{"taxonomy":"category","embeddable":true,"href":"https:\/\/www.webdo.tn\/fr\/wp-json\/wp\/v2\/categories?post=212247"},{"taxonomy":"post_tag","embeddable":true,"href":"https:\/\/www.webdo.tn\/fr\/wp-json\/wp\/v2\/tags?post=212247"}],"curies":[{"name":"wp","href":"https:\/\/api.w.org\/{rel}","templated":true}]}}