{"id":212240,"date":"2024-02-13T09:10:00","date_gmt":"2024-02-13T09:10:00","guid":{"rendered":"https:\/\/www.webdo.tn\/fr\/blog\/frais-et-credits-bancaires-l-appel-de-kais-saied-aux-banques-tunisiennes\/212240\/"},"modified":"2025-05-20T22:53:10","modified_gmt":"2025-05-20T22:53:10","slug":"frais-et-credits-bancaires-l-appel-de-kais-saied-aux-banques-tunisiennes","status":"publish","type":"post","link":"https:\/\/www.webdo.tn\/fr\/actualite\/national\/frais-et-credits-bancaires-l-appel-de-kais-saied-aux-banques-tunisiennes\/212240\/","title":{"rendered":"Frais et cr\u00e9dits bancaires : L\u2019appel de Kais Saied aux banques tunisiennes"},"content":{"rendered":"<p>Le pr\u00e9sident de la R\u00e9publique, Ka\u00efs Sa\u00efed, a re\u00e7u hier lundi 12 f\u00e9vrier le pr\u00e9sident de l&rsquo;Association professionnelle tunisienne des banques et institutions financi\u00e8res, l\u2019occasion d\u2019aborder la question des frais bancaires.\u00a0<\/p>\n<p>\t\t\t\t\t\t\t\t\tAinsi, Kais Saied a soulign\u00e9 la n\u00e9cessit\u00e9 de l&rsquo;engagement de toutes les banques publiques et priv\u00e9es ainsi que d&rsquo;autres institutions financi\u00e8res dans le soutien de l&rsquo;\u00e9conomie nationale, conform\u00e9ment aux choix du peuple tunisien et sans aucune influence ext\u00e9rieure, selon un communiqu\u00e9 de la pr\u00e9sidence de la R\u00e9publique.<\/p>\n<p>Le pr\u00e9sident a soulign\u00e9, dans ce contexte, l&rsquo;importance d&rsquo;accorder des pr\u00eats \u00e0 des conditions avantageuses, en particulier pour les citoyens qui ont entrepris de cr\u00e9er des entreprises citoyennes.<\/p>\n<p>Le pr\u00e9sident de la R\u00e9publique a \u00e9galement insist\u00e9 sur la n\u00e9cessit\u00e9 de r\u00e9duire les frais de services qui n&rsquo;ont aucune justification et que \u00ab le client de la banque ne comprend pas pourquoi ils sont d\u00e9duits \u00bb, en soulignant que bien que \u00ab les pr\u00eats soient des contrats l\u00e9gaux, ils sont en r\u00e9alit\u00e9 soumis \u00e0 la volont\u00e9 exclusive de l&rsquo;institution bancaire \u00bb.\u00a0<\/p>\n<p>La r\u00e9union a \u00e9galement abord\u00e9 le projet de r\u00e9vision de l&rsquo;article 411 du Code de commerce et la n\u00e9cessit\u00e9 pour les banques de prendre une partie de la responsabilit\u00e9, comme c&rsquo;est le cas dans de nombreux autres pays.<\/p>\n","protected":false},"excerpt":{"rendered":"<p>Ainsi, Kais Saied a soulign\u00e9 la n\u00e9cessit\u00e9 de l&rsquo;engagement de toutes les banques publiques et priv\u00e9es ainsi que d&rsquo;autres institutions financi\u00e8res dans le soutien&#8230;<\/p>\n","protected":false},"author":3175,"featured_media":290216,"comment_status":"open","ping_status":"closed","sticky":false,"template":"","format":"standard","meta":{"footnotes":""},"categories":[44],"tags":[9991,3063,7105,2614,2608],"class_list":["post-212240","post","type-post","status-publish","format-standard","has-post-thumbnail","hentry","category-national","tag-frais-bancaires","tag-banques","tag-credits","tag-kais-saied","tag-tunisie"],"yoast_head":"<!-- This site is optimized with the Yoast SEO Premium plugin v27.5 (Yoast SEO v27.5) - https:\/\/yoast.com\/product\/yoast-seo-premium-wordpress\/ -->\n<title>Frais et cr\u00e9dits bancaires : L\u2019appel de Kais Saied aux banques tunisiennes<\/title>\n<meta name=\"description\" content=\"Ainsi, Kais Saied a soulign\u00e9 la n\u00e9cessit\u00e9 de l&#039;engagement de toutes les banques publiques et priv\u00e9es ainsi que d&#039;autres institutions financi\u00e8res dans le soutien...\" \/>\n<link rel=\"canonical\" href=\"https:\/\/www.webdo.tn\/fr\/actualite\/national\/frais-et-credits-bancaires-l-appel-de-kais-saied-aux-banques-tunisiennes\/212240\/\" \/>\n<meta property=\"og:locale\" content=\"fr_FR\" \/>\n<meta property=\"og:type\" content=\"article\" \/>\n<meta property=\"og:title\" content=\"Frais et cr\u00e9dits bancaires : L\u2019appel de Kais Saied aux banques tunisiennes\" \/>\n<meta property=\"og:description\" content=\"Ainsi, Kais Saied a soulign\u00e9 la n\u00e9cessit\u00e9 de l&#039;engagement de toutes les banques publiques et priv\u00e9es ainsi que d&#039;autres institutions financi\u00e8res dans le soutien...\" \/>\n<meta property=\"og:url\" content=\"https:\/\/www.webdo.tn\/fr\/actualite\/national\/frais-et-credits-bancaires-l-appel-de-kais-saied-aux-banques-tunisiennes\/212240\/\" \/>\n<meta property=\"og:site_name\" content=\"webdo\" \/>\n<meta property=\"article:publisher\" content=\"https:\/\/www.facebook.com\/webdotn\" \/>\n<meta property=\"article:published_time\" content=\"2024-02-13T09:10:00+00:00\" \/>\n<meta property=\"article:modified_time\" content=\"2025-05-20T22:53:10+00:00\" \/>\n<meta property=\"og:image\" content=\"https:\/\/www.webdo.tn\/fr\/wp-content\/uploads\/2024\/02\/4fbc072163ea0e1fe10d8f241ebe4ea2.jpg\" \/>\n\t<meta property=\"og:image:width\" content=\"750\" \/>\n\t<meta property=\"og:image:height\" content=\"400\" \/>\n\t<meta property=\"og:image:type\" content=\"image\/jpeg\" \/>\n<meta name=\"author\" content=\"CL\" \/>\n<meta name=\"twitter:card\" content=\"summary_large_image\" \/>\n<meta name=\"twitter:creator\" content=\"@webdo_tn\" \/>\n<meta name=\"twitter:site\" content=\"@webdo_tn\" \/>\n<meta name=\"twitter:label1\" content=\"\u00c9crit par\" \/>\n\t<meta name=\"twitter:data1\" content=\"CL\" \/>\n\t<meta name=\"twitter:label2\" content=\"Dur\u00e9e de lecture estim\u00e9e\" \/>\n\t<meta name=\"twitter:data2\" content=\"1 minute\" \/>\n<script type=\"application\/ld+json\" class=\"yoast-schema-graph\">{\"@context\":\"https:\\\/\\\/schema.org\",\"@graph\":[{\"@type\":\"NewsArticle\",\"@id\":\"https:\\\/\\\/www.webdo.tn\\\/fr\\\/actualite\\\/national\\\/frais-et-credits-bancaires-l-appel-de-kais-saied-aux-banques-tunisiennes\\\/212240\\\/#article\",\"isPartOf\":{\"@id\":\"https:\\\/\\\/www.webdo.tn\\\/fr\\\/actualite\\\/national\\\/frais-et-credits-bancaires-l-appel-de-kais-saied-aux-banques-tunisiennes\\\/212240\\\/\"},\"author\":{\"name\":\"CL\",\"@id\":\"https:\\\/\\\/www.webdo.tn\\\/fr\\\/#\\\/schema\\\/person\\\/f35b42a42c5e2511bbd282959d6385cc\"},\"headline\":\"Frais et cr\u00e9dits bancaires : L\u2019appel de Kais Saied aux banques tunisiennes\",\"datePublished\":\"2024-02-13T09:10:00+00:00\",\"dateModified\":\"2025-05-20T22:53:10+00:00\",\"mainEntityOfPage\":{\"@id\":\"https:\\\/\\\/www.webdo.tn\\\/fr\\\/actualite\\\/national\\\/frais-et-credits-bancaires-l-appel-de-kais-saied-aux-banques-tunisiennes\\\/212240\\\/\"},\"wordCount\":252,\"commentCount\":0,\"publisher\":{\"@id\":\"https:\\\/\\\/www.webdo.tn\\\/fr\\\/#organization\"},\"image\":{\"@id\":\"https:\\\/\\\/www.webdo.tn\\\/fr\\\/actualite\\\/national\\\/frais-et-credits-bancaires-l-appel-de-kais-saied-aux-banques-tunisiennes\\\/212240\\\/#primaryimage\"},\"thumbnailUrl\":\"https:\\\/\\\/www.webdo.tn\\\/fr\\\/wp-content\\\/uploads\\\/2024\\\/02\\\/4fbc072163ea0e1fe10d8f241ebe4ea2.jpg\",\"keywords\":[\"'frais bancaires'\",\"Banques\",\"Cr\u00e9dits\",\"Kais Saied\",\"Tunisie\"],\"articleSection\":[\"National\"],\"inLanguage\":\"fr-FR\"},{\"@type\":\"WebPage\",\"@id\":\"https:\\\/\\\/www.webdo.tn\\\/fr\\\/actualite\\\/national\\\/frais-et-credits-bancaires-l-appel-de-kais-saied-aux-banques-tunisiennes\\\/212240\\\/\",\"url\":\"https:\\\/\\\/www.webdo.tn\\\/fr\\\/actualite\\\/national\\\/frais-et-credits-bancaires-l-appel-de-kais-saied-aux-banques-tunisiennes\\\/212240\\\/\",\"name\":\"Frais et cr\u00e9dits bancaires : L\u2019appel de Kais Saied aux banques tunisiennes\",\"isPartOf\":{\"@id\":\"https:\\\/\\\/www.webdo.tn\\\/fr\\\/#website\"},\"primaryImageOfPage\":{\"@id\":\"https:\\\/\\\/www.webdo.tn\\\/fr\\\/actualite\\\/national\\\/frais-et-credits-bancaires-l-appel-de-kais-saied-aux-banques-tunisiennes\\\/212240\\\/#primaryimage\"},\"image\":{\"@id\":\"https:\\\/\\\/www.webdo.tn\\\/fr\\\/actualite\\\/national\\\/frais-et-credits-bancaires-l-appel-de-kais-saied-aux-banques-tunisiennes\\\/212240\\\/#primaryimage\"},\"thumbnailUrl\":\"https:\\\/\\\/www.webdo.tn\\\/fr\\\/wp-content\\\/uploads\\\/2024\\\/02\\\/4fbc072163ea0e1fe10d8f241ebe4ea2.jpg\",\"datePublished\":\"2024-02-13T09:10:00+00:00\",\"dateModified\":\"2025-05-20T22:53:10+00:00\",\"description\":\"Ainsi, Kais Saied a soulign\u00e9 la n\u00e9cessit\u00e9 de l'engagement de toutes les banques publiques et priv\u00e9es ainsi que d'autres institutions financi\u00e8res dans le soutien...\",\"breadcrumb\":{\"@id\":\"https:\\\/\\\/www.webdo.tn\\\/fr\\\/actualite\\\/national\\\/frais-et-credits-bancaires-l-appel-de-kais-saied-aux-banques-tunisiennes\\\/212240\\\/#breadcrumb\"},\"inLanguage\":\"fr-FR\",\"potentialAction\":[{\"@type\":\"ReadAction\",\"target\":[\"https:\\\/\\\/www.webdo.tn\\\/fr\\\/actualite\\\/national\\\/frais-et-credits-bancaires-l-appel-de-kais-saied-aux-banques-tunisiennes\\\/212240\\\/\"]}]},{\"@type\":\"ImageObject\",\"inLanguage\":\"fr-FR\",\"@id\":\"https:\\\/\\\/www.webdo.tn\\\/fr\\\/actualite\\\/national\\\/frais-et-credits-bancaires-l-appel-de-kais-saied-aux-banques-tunisiennes\\\/212240\\\/#primaryimage\",\"url\":\"https:\\\/\\\/www.webdo.tn\\\/fr\\\/wp-content\\\/uploads\\\/2024\\\/02\\\/4fbc072163ea0e1fe10d8f241ebe4ea2.jpg\",\"contentUrl\":\"https:\\\/\\\/www.webdo.tn\\\/fr\\\/wp-content\\\/uploads\\\/2024\\\/02\\\/4fbc072163ea0e1fe10d8f241ebe4ea2.jpg\",\"width\":750,\"height\":400,\"caption\":\"Frais et cr\u00e9dits bancaires : L\u2019appel de Kais Saied aux banques tunisiennes\"},{\"@type\":\"BreadcrumbList\",\"@id\":\"https:\\\/\\\/www.webdo.tn\\\/fr\\\/actualite\\\/national\\\/frais-et-credits-bancaires-l-appel-de-kais-saied-aux-banques-tunisiennes\\\/212240\\\/#breadcrumb\",\"itemListElement\":[{\"@type\":\"ListItem\",\"position\":1,\"name\":\"Accueil\",\"item\":\"https:\\\/\\\/www.webdo.tn\\\/fr\\\/\"},{\"@type\":\"ListItem\",\"position\":2,\"name\":\"Frais et cr\u00e9dits bancaires : L\u2019appel de Kais Saied aux banques tunisiennes\"}]},{\"@type\":\"WebSite\",\"@id\":\"https:\\\/\\\/www.webdo.tn\\\/fr\\\/#website\",\"url\":\"https:\\\/\\\/www.webdo.tn\\\/fr\\\/\",\"name\":\"webdo\",\"description\":\"Tunisie - News en Tunisie et \u00e0 l&#039;international sur Webdo.tn\",\"publisher\":{\"@id\":\"https:\\\/\\\/www.webdo.tn\\\/fr\\\/#organization\"},\"potentialAction\":[{\"@type\":\"SearchAction\",\"target\":{\"@type\":\"EntryPoint\",\"urlTemplate\":\"https:\\\/\\\/www.webdo.tn\\\/fr\\\/?s={search_term_string}\"},\"query-input\":{\"@type\":\"PropertyValueSpecification\",\"valueRequired\":true,\"valueName\":\"search_term_string\"}}],\"inLanguage\":\"fr-FR\"},{\"@type\":\"Organization\",\"@id\":\"https:\\\/\\\/www.webdo.tn\\\/fr\\\/#organization\",\"name\":\"Webdo\",\"alternateName\":\"Webdo.tn\",\"url\":\"https:\\\/\\\/www.webdo.tn\\\/fr\\\/\",\"logo\":{\"@type\":\"ImageObject\",\"inLanguage\":\"fr-FR\",\"@id\":\"https:\\\/\\\/www.webdo.tn\\\/fr\\\/#\\\/schema\\\/logo\\\/image\\\/\",\"url\":\"https:\\\/\\\/www.webdo.tn\\\/fr\\\/wp-content\\\/uploads\\\/2025\\\/06\\\/Webdo-Tunisie_168377.jpg\",\"contentUrl\":\"https:\\\/\\\/www.webdo.tn\\\/fr\\\/wp-content\\\/uploads\\\/2025\\\/06\\\/Webdo-Tunisie_168377.jpg\",\"width\":301,\"height\":301,\"caption\":\"Webdo\"},\"image\":{\"@id\":\"https:\\\/\\\/www.webdo.tn\\\/fr\\\/#\\\/schema\\\/logo\\\/image\\\/\"},\"sameAs\":[\"https:\\\/\\\/www.facebook.com\\\/webdotn\",\"https:\\\/\\\/x.com\\\/webdo_tn\"],\"description\":\"Webdo est un m\u00e9dia num\u00e9rique tunisien fond\u00e9 en 2010, sp\u00e9cialis\u00e9 dans l\u2019actualit\u00e9 nationale et internationale, l\u2019\u00e9conomie, la soci\u00e9t\u00e9 et les analyses politiques. Le site s\u2019adresse \u00e0 un large public francophone et couvre l\u2019information tunisienne en temps r\u00e9el.\",\"email\":\"redac@webdo.tn\",\"legalName\":\"YNJ SARL\",\"foundingDate\":\"2010-09-06\",\"numberOfEmployees\":{\"@type\":\"QuantitativeValue\",\"minValue\":\"11\",\"maxValue\":\"50\"}},{\"@type\":\"Person\",\"@id\":\"https:\\\/\\\/www.webdo.tn\\\/fr\\\/#\\\/schema\\\/person\\\/f35b42a42c5e2511bbd282959d6385cc\",\"name\":\"CL\",\"image\":{\"@type\":\"ImageObject\",\"inLanguage\":\"fr-FR\",\"@id\":\"https:\\\/\\\/secure.gravatar.com\\\/avatar\\\/1447a49909b67aa657c488aec6512e1dd6143a480c1ecfee9b5b5cd74eb3b59e?s=96&d=mm&r=g\",\"url\":\"https:\\\/\\\/secure.gravatar.com\\\/avatar\\\/1447a49909b67aa657c488aec6512e1dd6143a480c1ecfee9b5b5cd74eb3b59e?s=96&d=mm&r=g\",\"contentUrl\":\"https:\\\/\\\/secure.gravatar.com\\\/avatar\\\/1447a49909b67aa657c488aec6512e1dd6143a480c1ecfee9b5b5cd74eb3b59e?s=96&d=mm&r=g\",\"caption\":\"CL\"},\"url\":\"https:\\\/\\\/www.webdo.tn\\\/fr\\\/actualite\\\/author\\\/cl\\\/\"}]}<\/script>\n<!-- \/ Yoast SEO Premium plugin. -->","yoast_head_json":{"title":"Frais et cr\u00e9dits bancaires : L\u2019appel de Kais Saied aux banques tunisiennes","description":"Ainsi, Kais Saied a soulign\u00e9 la n\u00e9cessit\u00e9 de l'engagement de toutes les banques publiques et priv\u00e9es ainsi que d'autres institutions financi\u00e8res dans le soutien...","canonical":"https:\/\/www.webdo.tn\/fr\/actualite\/national\/frais-et-credits-bancaires-l-appel-de-kais-saied-aux-banques-tunisiennes\/212240\/","og_locale":"fr_FR","og_type":"article","og_title":"Frais et cr\u00e9dits bancaires : L\u2019appel de Kais Saied aux banques tunisiennes","og_description":"Ainsi, Kais Saied a soulign\u00e9 la n\u00e9cessit\u00e9 de l'engagement de toutes les banques publiques et priv\u00e9es ainsi que d'autres institutions financi\u00e8res dans le soutien...","og_url":"https:\/\/www.webdo.tn\/fr\/actualite\/national\/frais-et-credits-bancaires-l-appel-de-kais-saied-aux-banques-tunisiennes\/212240\/","og_site_name":"webdo","article_publisher":"https:\/\/www.facebook.com\/webdotn","article_published_time":"2024-02-13T09:10:00+00:00","article_modified_time":"2025-05-20T22:53:10+00:00","og_image":[{"width":750,"height":400,"url":"https:\/\/www.webdo.tn\/fr\/wp-content\/uploads\/2024\/02\/4fbc072163ea0e1fe10d8f241ebe4ea2.jpg","type":"image\/jpeg"}],"author":"CL","twitter_card":"summary_large_image","twitter_creator":"@webdo_tn","twitter_site":"@webdo_tn","twitter_misc":{"\u00c9crit par":"CL","Dur\u00e9e de lecture estim\u00e9e":"1 minute"},"schema":{"@context":"https:\/\/schema.org","@graph":[{"@type":"NewsArticle","@id":"https:\/\/www.webdo.tn\/fr\/actualite\/national\/frais-et-credits-bancaires-l-appel-de-kais-saied-aux-banques-tunisiennes\/212240\/#article","isPartOf":{"@id":"https:\/\/www.webdo.tn\/fr\/actualite\/national\/frais-et-credits-bancaires-l-appel-de-kais-saied-aux-banques-tunisiennes\/212240\/"},"author":{"name":"CL","@id":"https:\/\/www.webdo.tn\/fr\/#\/schema\/person\/f35b42a42c5e2511bbd282959d6385cc"},"headline":"Frais et cr\u00e9dits bancaires : L\u2019appel de Kais Saied aux banques tunisiennes","datePublished":"2024-02-13T09:10:00+00:00","dateModified":"2025-05-20T22:53:10+00:00","mainEntityOfPage":{"@id":"https:\/\/www.webdo.tn\/fr\/actualite\/national\/frais-et-credits-bancaires-l-appel-de-kais-saied-aux-banques-tunisiennes\/212240\/"},"wordCount":252,"commentCount":0,"publisher":{"@id":"https:\/\/www.webdo.tn\/fr\/#organization"},"image":{"@id":"https:\/\/www.webdo.tn\/fr\/actualite\/national\/frais-et-credits-bancaires-l-appel-de-kais-saied-aux-banques-tunisiennes\/212240\/#primaryimage"},"thumbnailUrl":"https:\/\/www.webdo.tn\/fr\/wp-content\/uploads\/2024\/02\/4fbc072163ea0e1fe10d8f241ebe4ea2.jpg","keywords":["'frais bancaires'","Banques","Cr\u00e9dits","Kais Saied","Tunisie"],"articleSection":["National"],"inLanguage":"fr-FR"},{"@type":"WebPage","@id":"https:\/\/www.webdo.tn\/fr\/actualite\/national\/frais-et-credits-bancaires-l-appel-de-kais-saied-aux-banques-tunisiennes\/212240\/","url":"https:\/\/www.webdo.tn\/fr\/actualite\/national\/frais-et-credits-bancaires-l-appel-de-kais-saied-aux-banques-tunisiennes\/212240\/","name":"Frais et cr\u00e9dits bancaires : L\u2019appel de Kais Saied aux banques tunisiennes","isPartOf":{"@id":"https:\/\/www.webdo.tn\/fr\/#website"},"primaryImageOfPage":{"@id":"https:\/\/www.webdo.tn\/fr\/actualite\/national\/frais-et-credits-bancaires-l-appel-de-kais-saied-aux-banques-tunisiennes\/212240\/#primaryimage"},"image":{"@id":"https:\/\/www.webdo.tn\/fr\/actualite\/national\/frais-et-credits-bancaires-l-appel-de-kais-saied-aux-banques-tunisiennes\/212240\/#primaryimage"},"thumbnailUrl":"https:\/\/www.webdo.tn\/fr\/wp-content\/uploads\/2024\/02\/4fbc072163ea0e1fe10d8f241ebe4ea2.jpg","datePublished":"2024-02-13T09:10:00+00:00","dateModified":"2025-05-20T22:53:10+00:00","description":"Ainsi, Kais Saied a soulign\u00e9 la n\u00e9cessit\u00e9 de l'engagement de toutes les banques publiques et priv\u00e9es ainsi que d'autres institutions financi\u00e8res dans le soutien...","breadcrumb":{"@id":"https:\/\/www.webdo.tn\/fr\/actualite\/national\/frais-et-credits-bancaires-l-appel-de-kais-saied-aux-banques-tunisiennes\/212240\/#breadcrumb"},"inLanguage":"fr-FR","potentialAction":[{"@type":"ReadAction","target":["https:\/\/www.webdo.tn\/fr\/actualite\/national\/frais-et-credits-bancaires-l-appel-de-kais-saied-aux-banques-tunisiennes\/212240\/"]}]},{"@type":"ImageObject","inLanguage":"fr-FR","@id":"https:\/\/www.webdo.tn\/fr\/actualite\/national\/frais-et-credits-bancaires-l-appel-de-kais-saied-aux-banques-tunisiennes\/212240\/#primaryimage","url":"https:\/\/www.webdo.tn\/fr\/wp-content\/uploads\/2024\/02\/4fbc072163ea0e1fe10d8f241ebe4ea2.jpg","contentUrl":"https:\/\/www.webdo.tn\/fr\/wp-content\/uploads\/2024\/02\/4fbc072163ea0e1fe10d8f241ebe4ea2.jpg","width":750,"height":400,"caption":"Frais et cr\u00e9dits bancaires : L\u2019appel de Kais Saied aux banques tunisiennes"},{"@type":"BreadcrumbList","@id":"https:\/\/www.webdo.tn\/fr\/actualite\/national\/frais-et-credits-bancaires-l-appel-de-kais-saied-aux-banques-tunisiennes\/212240\/#breadcrumb","itemListElement":[{"@type":"ListItem","position":1,"name":"Accueil","item":"https:\/\/www.webdo.tn\/fr\/"},{"@type":"ListItem","position":2,"name":"Frais et cr\u00e9dits bancaires : L\u2019appel de Kais Saied aux banques tunisiennes"}]},{"@type":"WebSite","@id":"https:\/\/www.webdo.tn\/fr\/#website","url":"https:\/\/www.webdo.tn\/fr\/","name":"webdo","description":"Tunisie - News en Tunisie et \u00e0 l&#039;international sur Webdo.tn","publisher":{"@id":"https:\/\/www.webdo.tn\/fr\/#organization"},"potentialAction":[{"@type":"SearchAction","target":{"@type":"EntryPoint","urlTemplate":"https:\/\/www.webdo.tn\/fr\/?s={search_term_string}"},"query-input":{"@type":"PropertyValueSpecification","valueRequired":true,"valueName":"search_term_string"}}],"inLanguage":"fr-FR"},{"@type":"Organization","@id":"https:\/\/www.webdo.tn\/fr\/#organization","name":"Webdo","alternateName":"Webdo.tn","url":"https:\/\/www.webdo.tn\/fr\/","logo":{"@type":"ImageObject","inLanguage":"fr-FR","@id":"https:\/\/www.webdo.tn\/fr\/#\/schema\/logo\/image\/","url":"https:\/\/www.webdo.tn\/fr\/wp-content\/uploads\/2025\/06\/Webdo-Tunisie_168377.jpg","contentUrl":"https:\/\/www.webdo.tn\/fr\/wp-content\/uploads\/2025\/06\/Webdo-Tunisie_168377.jpg","width":301,"height":301,"caption":"Webdo"},"image":{"@id":"https:\/\/www.webdo.tn\/fr\/#\/schema\/logo\/image\/"},"sameAs":["https:\/\/www.facebook.com\/webdotn","https:\/\/x.com\/webdo_tn"],"description":"Webdo est un m\u00e9dia num\u00e9rique tunisien fond\u00e9 en 2010, sp\u00e9cialis\u00e9 dans l\u2019actualit\u00e9 nationale et internationale, l\u2019\u00e9conomie, la soci\u00e9t\u00e9 et les analyses politiques. Le site s\u2019adresse \u00e0 un large public francophone et couvre l\u2019information tunisienne en temps r\u00e9el.","email":"redac@webdo.tn","legalName":"YNJ SARL","foundingDate":"2010-09-06","numberOfEmployees":{"@type":"QuantitativeValue","minValue":"11","maxValue":"50"}},{"@type":"Person","@id":"https:\/\/www.webdo.tn\/fr\/#\/schema\/person\/f35b42a42c5e2511bbd282959d6385cc","name":"CL","image":{"@type":"ImageObject","inLanguage":"fr-FR","@id":"https:\/\/secure.gravatar.com\/avatar\/1447a49909b67aa657c488aec6512e1dd6143a480c1ecfee9b5b5cd74eb3b59e?s=96&d=mm&r=g","url":"https:\/\/secure.gravatar.com\/avatar\/1447a49909b67aa657c488aec6512e1dd6143a480c1ecfee9b5b5cd74eb3b59e?s=96&d=mm&r=g","contentUrl":"https:\/\/secure.gravatar.com\/avatar\/1447a49909b67aa657c488aec6512e1dd6143a480c1ecfee9b5b5cd74eb3b59e?s=96&d=mm&r=g","caption":"CL"},"url":"https:\/\/www.webdo.tn\/fr\/actualite\/author\/cl\/"}]}},"_links":{"self":[{"href":"https:\/\/www.webdo.tn\/fr\/wp-json\/wp\/v2\/posts\/212240","targetHints":{"allow":["GET"]}}],"collection":[{"href":"https:\/\/www.webdo.tn\/fr\/wp-json\/wp\/v2\/posts"}],"about":[{"href":"https:\/\/www.webdo.tn\/fr\/wp-json\/wp\/v2\/types\/post"}],"author":[{"embeddable":true,"href":"https:\/\/www.webdo.tn\/fr\/wp-json\/wp\/v2\/users\/3175"}],"replies":[{"embeddable":true,"href":"https:\/\/www.webdo.tn\/fr\/wp-json\/wp\/v2\/comments?post=212240"}],"version-history":[{"count":0,"href":"https:\/\/www.webdo.tn\/fr\/wp-json\/wp\/v2\/posts\/212240\/revisions"}],"wp:featuredmedia":[{"embeddable":true,"href":"https:\/\/www.webdo.tn\/fr\/wp-json\/wp\/v2\/media\/290216"}],"wp:attachment":[{"href":"https:\/\/www.webdo.tn\/fr\/wp-json\/wp\/v2\/media?parent=212240"}],"wp:term":[{"taxonomy":"category","embeddable":true,"href":"https:\/\/www.webdo.tn\/fr\/wp-json\/wp\/v2\/categories?post=212240"},{"taxonomy":"post_tag","embeddable":true,"href":"https:\/\/www.webdo.tn\/fr\/wp-json\/wp\/v2\/tags?post=212240"}],"curies":[{"name":"wp","href":"https:\/\/api.w.org\/{rel}","templated":true}]}}