{"id":212230,"date":"2024-02-12T18:50:00","date_gmt":"2024-02-12T18:50:00","guid":{"rendered":"https:\/\/www.webdo.tn\/fr\/blog\/pays-bas-un-tribunal-suspend-la-livraison-de-pieces-de-f-35-a-israel\/212230\/"},"modified":"2025-05-20T22:53:08","modified_gmt":"2025-05-20T22:53:08","slug":"pays-bas-un-tribunal-suspend-la-livraison-de-pieces-de-f-35-a-israel","status":"publish","type":"post","link":"https:\/\/www.webdo.tn\/fr\/actualite\/international\/pays-bas-un-tribunal-suspend-la-livraison-de-pieces-de-f-35-a-israel\/212230\/","title":{"rendered":"Pays-Bas : un tribunal suspend la livraison de pi\u00e8ces de F-35 \u00e0 Isra\u00ebl"},"content":{"rendered":"<p>Un tribunal n\u00e9erlandais a somm\u00e9 ce lundi 12 f\u00e9vrier 2024 les Pays-Bas de cesser de livrer des pi\u00e8ces d&rsquo;avions de combat F-35 utilis\u00e9s par Isra\u00ebl dans la bande de Gaza.\u00a0<\/p>\n<p>\t\t\t\t\t\t\t\t\tLe jugement prononc\u00e9 donne raison \u00e0 des organisations de d\u00e9fense des droits de l&rsquo;homme. \u00abLe tribunal ordonne \u00e0 l&rsquo;\u00c9tat de cesser toute exportation et transit r\u00e9els de pi\u00e8ces de F-35 vers la destination finale Isra\u00ebl dans les 7 jours suivant la signification de ce jugement\u00bb, a d\u00e9clar\u00e9 la Cour d&rsquo;appel de La Haye.<\/p>\n<p>La cour a ainsi annul\u00e9 le verdict d\u00e9livr\u00e9 en premi\u00e8re instance dans cette affaire. Le tribunal de district de La Haye avait jug\u00e9 en d\u00e9cembre que la fourniture des pi\u00e8ces \u00e9tait avant tout une d\u00e9cision politique dans laquelle les juges ne devraient pas interf\u00e9rer.<\/p>\n<p>La pol\u00e9mique autour de ces livraisons avait \u00e9clat\u00e9 depuis novembre dernier. Les autorit\u00e9s n\u00e9erlandaises avaient, alors,\u00a0indiqu\u00e9\u00a0ne pas savoir clairement si elles avaient le droit d&rsquo;intervenir dans les livraisons, \u00ab\u00a0effectu\u00e9es dans le cadre d&rsquo;une op\u00e9ration sous l&rsquo;\u00e9gide des \u00c9tats-Unis pour fournir des pi\u00e8ces d\u00e9tach\u00e9es \u00e0 tous les F-35 des pays partenaires\u00a0\u00bb.<\/p>\n","protected":false},"excerpt":{"rendered":"<p>Le jugement prononc\u00e9 donne raison \u00e0 des organisations de d\u00e9fense des droits de l&rsquo;homme. \u00abLe tribunal ordonne \u00e0 l&rsquo;\u00c9tat de cesser toute exportation et transit r\u00e9e&#8230;<\/p>\n","protected":false},"author":3175,"featured_media":290213,"comment_status":"open","ping_status":"closed","sticky":false,"template":"","format":"standard","meta":{"footnotes":""},"categories":[2598],"tags":[2689,2600,2636,7508],"class_list":["post-212230","post","type-post","status-publish","format-standard","has-post-thumbnail","hentry","category-international","tag-gaza","tag-guerre","tag-israel","tag-pays-bas"],"yoast_head":"<!-- This site is optimized with the Yoast SEO Premium plugin v27.4 (Yoast SEO v27.5) - https:\/\/yoast.com\/product\/yoast-seo-premium-wordpress\/ -->\n<title>Pays-Bas : un tribunal suspend la livraison de pi\u00e8ces de F-35 \u00e0 Isra\u00ebl<\/title>\n<meta name=\"description\" content=\"Le jugement prononc\u00e9 donne raison \u00e0 des organisations de d\u00e9fense des droits de l&#039;homme. \u00abLe tribunal ordonne \u00e0 l&#039;\u00c9tat de cesser toute exportation et transit r\u00e9e...\" \/>\n<link rel=\"canonical\" href=\"https:\/\/www.webdo.tn\/fr\/actualite\/international\/pays-bas-un-tribunal-suspend-la-livraison-de-pieces-de-f-35-a-israel\/212230\/\" \/>\n<meta property=\"og:locale\" content=\"fr_FR\" \/>\n<meta property=\"og:type\" content=\"article\" \/>\n<meta property=\"og:title\" content=\"Pays-Bas : un tribunal suspend la livraison de pi\u00e8ces de F-35 \u00e0 Isra\u00ebl\" \/>\n<meta property=\"og:description\" content=\"Le jugement prononc\u00e9 donne raison \u00e0 des organisations de d\u00e9fense des droits de l&#039;homme. \u00abLe tribunal ordonne \u00e0 l&#039;\u00c9tat de cesser toute exportation et transit r\u00e9e...\" \/>\n<meta property=\"og:url\" content=\"https:\/\/www.webdo.tn\/fr\/actualite\/international\/pays-bas-un-tribunal-suspend-la-livraison-de-pieces-de-f-35-a-israel\/212230\/\" \/>\n<meta property=\"og:site_name\" content=\"webdo\" \/>\n<meta property=\"article:publisher\" content=\"https:\/\/www.facebook.com\/webdotn\" \/>\n<meta property=\"article:published_time\" content=\"2024-02-12T18:50:00+00:00\" \/>\n<meta property=\"article:modified_time\" content=\"2025-05-20T22:53:08+00:00\" \/>\n<meta property=\"og:image\" content=\"https:\/\/www.webdo.tn\/fr\/wp-content\/uploads\/2024\/02\/1012fef19fdfbb25cfc8bf599c1fb337.png\" \/>\n\t<meta property=\"og:image:width\" content=\"750\" \/>\n\t<meta property=\"og:image:height\" content=\"400\" \/>\n\t<meta property=\"og:image:type\" content=\"image\/png\" \/>\n<meta name=\"author\" content=\"CL\" \/>\n<meta name=\"twitter:card\" content=\"summary_large_image\" \/>\n<meta name=\"twitter:creator\" content=\"@webdo_tn\" \/>\n<meta name=\"twitter:site\" content=\"@webdo_tn\" \/>\n<meta name=\"twitter:label1\" content=\"\u00c9crit par\" \/>\n\t<meta name=\"twitter:data1\" content=\"CL\" \/>\n\t<meta name=\"twitter:label2\" content=\"Dur\u00e9e de lecture estim\u00e9e\" \/>\n\t<meta name=\"twitter:data2\" content=\"1 minute\" \/>\n<script type=\"application\/ld+json\" class=\"yoast-schema-graph\">{\"@context\":\"https:\\\/\\\/schema.org\",\"@graph\":[{\"@type\":\"NewsArticle\",\"@id\":\"https:\\\/\\\/www.webdo.tn\\\/fr\\\/actualite\\\/international\\\/pays-bas-un-tribunal-suspend-la-livraison-de-pieces-de-f-35-a-israel\\\/212230\\\/#article\",\"isPartOf\":{\"@id\":\"https:\\\/\\\/www.webdo.tn\\\/fr\\\/actualite\\\/international\\\/pays-bas-un-tribunal-suspend-la-livraison-de-pieces-de-f-35-a-israel\\\/212230\\\/\"},\"author\":{\"name\":\"CL\",\"@id\":\"https:\\\/\\\/www.webdo.tn\\\/fr\\\/#\\\/schema\\\/person\\\/f35b42a42c5e2511bbd282959d6385cc\"},\"headline\":\"Pays-Bas : un tribunal suspend la livraison de pi\u00e8ces de F-35 \u00e0 Isra\u00ebl\",\"datePublished\":\"2024-02-12T18:50:00+00:00\",\"dateModified\":\"2025-05-20T22:53:08+00:00\",\"mainEntityOfPage\":{\"@id\":\"https:\\\/\\\/www.webdo.tn\\\/fr\\\/actualite\\\/international\\\/pays-bas-un-tribunal-suspend-la-livraison-de-pieces-de-f-35-a-israel\\\/212230\\\/\"},\"wordCount\":217,\"commentCount\":0,\"publisher\":{\"@id\":\"https:\\\/\\\/www.webdo.tn\\\/fr\\\/#organization\"},\"image\":{\"@id\":\"https:\\\/\\\/www.webdo.tn\\\/fr\\\/actualite\\\/international\\\/pays-bas-un-tribunal-suspend-la-livraison-de-pieces-de-f-35-a-israel\\\/212230\\\/#primaryimage\"},\"thumbnailUrl\":\"https:\\\/\\\/www.webdo.tn\\\/fr\\\/wp-content\\\/uploads\\\/2024\\\/02\\\/1012fef19fdfbb25cfc8bf599c1fb337.png\",\"keywords\":[\"Gaza\",\"guerre\",\"isra\u00ebl\",\"Pays-bas\"],\"articleSection\":[\"International\"],\"inLanguage\":\"fr-FR\"},{\"@type\":\"WebPage\",\"@id\":\"https:\\\/\\\/www.webdo.tn\\\/fr\\\/actualite\\\/international\\\/pays-bas-un-tribunal-suspend-la-livraison-de-pieces-de-f-35-a-israel\\\/212230\\\/\",\"url\":\"https:\\\/\\\/www.webdo.tn\\\/fr\\\/actualite\\\/international\\\/pays-bas-un-tribunal-suspend-la-livraison-de-pieces-de-f-35-a-israel\\\/212230\\\/\",\"name\":\"Pays-Bas : un tribunal suspend la livraison de pi\u00e8ces de F-35 \u00e0 Isra\u00ebl\",\"isPartOf\":{\"@id\":\"https:\\\/\\\/www.webdo.tn\\\/fr\\\/#website\"},\"primaryImageOfPage\":{\"@id\":\"https:\\\/\\\/www.webdo.tn\\\/fr\\\/actualite\\\/international\\\/pays-bas-un-tribunal-suspend-la-livraison-de-pieces-de-f-35-a-israel\\\/212230\\\/#primaryimage\"},\"image\":{\"@id\":\"https:\\\/\\\/www.webdo.tn\\\/fr\\\/actualite\\\/international\\\/pays-bas-un-tribunal-suspend-la-livraison-de-pieces-de-f-35-a-israel\\\/212230\\\/#primaryimage\"},\"thumbnailUrl\":\"https:\\\/\\\/www.webdo.tn\\\/fr\\\/wp-content\\\/uploads\\\/2024\\\/02\\\/1012fef19fdfbb25cfc8bf599c1fb337.png\",\"datePublished\":\"2024-02-12T18:50:00+00:00\",\"dateModified\":\"2025-05-20T22:53:08+00:00\",\"description\":\"Le jugement prononc\u00e9 donne raison \u00e0 des organisations de d\u00e9fense des droits de l'homme. \u00abLe tribunal ordonne \u00e0 l'\u00c9tat de cesser toute exportation et transit r\u00e9e...\",\"breadcrumb\":{\"@id\":\"https:\\\/\\\/www.webdo.tn\\\/fr\\\/actualite\\\/international\\\/pays-bas-un-tribunal-suspend-la-livraison-de-pieces-de-f-35-a-israel\\\/212230\\\/#breadcrumb\"},\"inLanguage\":\"fr-FR\",\"potentialAction\":[{\"@type\":\"ReadAction\",\"target\":[\"https:\\\/\\\/www.webdo.tn\\\/fr\\\/actualite\\\/international\\\/pays-bas-un-tribunal-suspend-la-livraison-de-pieces-de-f-35-a-israel\\\/212230\\\/\"]}]},{\"@type\":\"ImageObject\",\"inLanguage\":\"fr-FR\",\"@id\":\"https:\\\/\\\/www.webdo.tn\\\/fr\\\/actualite\\\/international\\\/pays-bas-un-tribunal-suspend-la-livraison-de-pieces-de-f-35-a-israel\\\/212230\\\/#primaryimage\",\"url\":\"https:\\\/\\\/www.webdo.tn\\\/fr\\\/wp-content\\\/uploads\\\/2024\\\/02\\\/1012fef19fdfbb25cfc8bf599c1fb337.png\",\"contentUrl\":\"https:\\\/\\\/www.webdo.tn\\\/fr\\\/wp-content\\\/uploads\\\/2024\\\/02\\\/1012fef19fdfbb25cfc8bf599c1fb337.png\",\"width\":750,\"height\":400,\"caption\":\"Pays-Bas : un tribunal suspend la livraison de pi\u00e8ces de F-35 \u00e0 Isra\u00ebl\"},{\"@type\":\"BreadcrumbList\",\"@id\":\"https:\\\/\\\/www.webdo.tn\\\/fr\\\/actualite\\\/international\\\/pays-bas-un-tribunal-suspend-la-livraison-de-pieces-de-f-35-a-israel\\\/212230\\\/#breadcrumb\",\"itemListElement\":[{\"@type\":\"ListItem\",\"position\":1,\"name\":\"Accueil\",\"item\":\"https:\\\/\\\/www.webdo.tn\\\/fr\\\/\"},{\"@type\":\"ListItem\",\"position\":2,\"name\":\"Pays-Bas : un tribunal suspend la livraison de pi\u00e8ces de F-35 \u00e0 Isra\u00ebl\"}]},{\"@type\":\"WebSite\",\"@id\":\"https:\\\/\\\/www.webdo.tn\\\/fr\\\/#website\",\"url\":\"https:\\\/\\\/www.webdo.tn\\\/fr\\\/\",\"name\":\"webdo\",\"description\":\"Tunisie - News en Tunisie et \u00e0 l&#039;international sur Webdo.tn\",\"publisher\":{\"@id\":\"https:\\\/\\\/www.webdo.tn\\\/fr\\\/#organization\"},\"potentialAction\":[{\"@type\":\"SearchAction\",\"target\":{\"@type\":\"EntryPoint\",\"urlTemplate\":\"https:\\\/\\\/www.webdo.tn\\\/fr\\\/?s={search_term_string}\"},\"query-input\":{\"@type\":\"PropertyValueSpecification\",\"valueRequired\":true,\"valueName\":\"search_term_string\"}}],\"inLanguage\":\"fr-FR\"},{\"@type\":\"Organization\",\"@id\":\"https:\\\/\\\/www.webdo.tn\\\/fr\\\/#organization\",\"name\":\"Webdo\",\"alternateName\":\"Webdo.tn\",\"url\":\"https:\\\/\\\/www.webdo.tn\\\/fr\\\/\",\"logo\":{\"@type\":\"ImageObject\",\"inLanguage\":\"fr-FR\",\"@id\":\"https:\\\/\\\/www.webdo.tn\\\/fr\\\/#\\\/schema\\\/logo\\\/image\\\/\",\"url\":\"https:\\\/\\\/www.webdo.tn\\\/fr\\\/wp-content\\\/uploads\\\/2025\\\/06\\\/Webdo-Tunisie_168377.jpg\",\"contentUrl\":\"https:\\\/\\\/www.webdo.tn\\\/fr\\\/wp-content\\\/uploads\\\/2025\\\/06\\\/Webdo-Tunisie_168377.jpg\",\"width\":301,\"height\":301,\"caption\":\"Webdo\"},\"image\":{\"@id\":\"https:\\\/\\\/www.webdo.tn\\\/fr\\\/#\\\/schema\\\/logo\\\/image\\\/\"},\"sameAs\":[\"https:\\\/\\\/www.facebook.com\\\/webdotn\",\"https:\\\/\\\/x.com\\\/webdo_tn\"],\"description\":\"Webdo est un m\u00e9dia num\u00e9rique tunisien fond\u00e9 en 2010, sp\u00e9cialis\u00e9 dans l\u2019actualit\u00e9 nationale et internationale, l\u2019\u00e9conomie, la soci\u00e9t\u00e9 et les analyses politiques. Le site s\u2019adresse \u00e0 un large public francophone et couvre l\u2019information tunisienne en temps r\u00e9el.\",\"email\":\"redac@webdo.tn\",\"legalName\":\"YNJ SARL\",\"foundingDate\":\"2010-09-06\",\"numberOfEmployees\":{\"@type\":\"QuantitativeValue\",\"minValue\":\"11\",\"maxValue\":\"50\"}},{\"@type\":\"Person\",\"@id\":\"https:\\\/\\\/www.webdo.tn\\\/fr\\\/#\\\/schema\\\/person\\\/f35b42a42c5e2511bbd282959d6385cc\",\"name\":\"CL\",\"image\":{\"@type\":\"ImageObject\",\"inLanguage\":\"fr-FR\",\"@id\":\"https:\\\/\\\/secure.gravatar.com\\\/avatar\\\/1447a49909b67aa657c488aec6512e1dd6143a480c1ecfee9b5b5cd74eb3b59e?s=96&d=mm&r=g\",\"url\":\"https:\\\/\\\/secure.gravatar.com\\\/avatar\\\/1447a49909b67aa657c488aec6512e1dd6143a480c1ecfee9b5b5cd74eb3b59e?s=96&d=mm&r=g\",\"contentUrl\":\"https:\\\/\\\/secure.gravatar.com\\\/avatar\\\/1447a49909b67aa657c488aec6512e1dd6143a480c1ecfee9b5b5cd74eb3b59e?s=96&d=mm&r=g\",\"caption\":\"CL\"},\"url\":\"https:\\\/\\\/www.webdo.tn\\\/fr\\\/actualite\\\/author\\\/cl\\\/\"}]}<\/script>\n<!-- \/ Yoast SEO Premium plugin. -->","yoast_head_json":{"title":"Pays-Bas : un tribunal suspend la livraison de pi\u00e8ces de F-35 \u00e0 Isra\u00ebl","description":"Le jugement prononc\u00e9 donne raison \u00e0 des organisations de d\u00e9fense des droits de l'homme. \u00abLe tribunal ordonne \u00e0 l'\u00c9tat de cesser toute exportation et transit r\u00e9e...","canonical":"https:\/\/www.webdo.tn\/fr\/actualite\/international\/pays-bas-un-tribunal-suspend-la-livraison-de-pieces-de-f-35-a-israel\/212230\/","og_locale":"fr_FR","og_type":"article","og_title":"Pays-Bas : un tribunal suspend la livraison de pi\u00e8ces de F-35 \u00e0 Isra\u00ebl","og_description":"Le jugement prononc\u00e9 donne raison \u00e0 des organisations de d\u00e9fense des droits de l'homme. \u00abLe tribunal ordonne \u00e0 l'\u00c9tat de cesser toute exportation et transit r\u00e9e...","og_url":"https:\/\/www.webdo.tn\/fr\/actualite\/international\/pays-bas-un-tribunal-suspend-la-livraison-de-pieces-de-f-35-a-israel\/212230\/","og_site_name":"webdo","article_publisher":"https:\/\/www.facebook.com\/webdotn","article_published_time":"2024-02-12T18:50:00+00:00","article_modified_time":"2025-05-20T22:53:08+00:00","og_image":[{"width":750,"height":400,"url":"https:\/\/www.webdo.tn\/fr\/wp-content\/uploads\/2024\/02\/1012fef19fdfbb25cfc8bf599c1fb337.png","type":"image\/png"}],"author":"CL","twitter_card":"summary_large_image","twitter_creator":"@webdo_tn","twitter_site":"@webdo_tn","twitter_misc":{"\u00c9crit par":"CL","Dur\u00e9e de lecture estim\u00e9e":"1 minute"},"schema":{"@context":"https:\/\/schema.org","@graph":[{"@type":"NewsArticle","@id":"https:\/\/www.webdo.tn\/fr\/actualite\/international\/pays-bas-un-tribunal-suspend-la-livraison-de-pieces-de-f-35-a-israel\/212230\/#article","isPartOf":{"@id":"https:\/\/www.webdo.tn\/fr\/actualite\/international\/pays-bas-un-tribunal-suspend-la-livraison-de-pieces-de-f-35-a-israel\/212230\/"},"author":{"name":"CL","@id":"https:\/\/www.webdo.tn\/fr\/#\/schema\/person\/f35b42a42c5e2511bbd282959d6385cc"},"headline":"Pays-Bas : un tribunal suspend la livraison de pi\u00e8ces de F-35 \u00e0 Isra\u00ebl","datePublished":"2024-02-12T18:50:00+00:00","dateModified":"2025-05-20T22:53:08+00:00","mainEntityOfPage":{"@id":"https:\/\/www.webdo.tn\/fr\/actualite\/international\/pays-bas-un-tribunal-suspend-la-livraison-de-pieces-de-f-35-a-israel\/212230\/"},"wordCount":217,"commentCount":0,"publisher":{"@id":"https:\/\/www.webdo.tn\/fr\/#organization"},"image":{"@id":"https:\/\/www.webdo.tn\/fr\/actualite\/international\/pays-bas-un-tribunal-suspend-la-livraison-de-pieces-de-f-35-a-israel\/212230\/#primaryimage"},"thumbnailUrl":"https:\/\/www.webdo.tn\/fr\/wp-content\/uploads\/2024\/02\/1012fef19fdfbb25cfc8bf599c1fb337.png","keywords":["Gaza","guerre","isra\u00ebl","Pays-bas"],"articleSection":["International"],"inLanguage":"fr-FR"},{"@type":"WebPage","@id":"https:\/\/www.webdo.tn\/fr\/actualite\/international\/pays-bas-un-tribunal-suspend-la-livraison-de-pieces-de-f-35-a-israel\/212230\/","url":"https:\/\/www.webdo.tn\/fr\/actualite\/international\/pays-bas-un-tribunal-suspend-la-livraison-de-pieces-de-f-35-a-israel\/212230\/","name":"Pays-Bas : un tribunal suspend la livraison de pi\u00e8ces de F-35 \u00e0 Isra\u00ebl","isPartOf":{"@id":"https:\/\/www.webdo.tn\/fr\/#website"},"primaryImageOfPage":{"@id":"https:\/\/www.webdo.tn\/fr\/actualite\/international\/pays-bas-un-tribunal-suspend-la-livraison-de-pieces-de-f-35-a-israel\/212230\/#primaryimage"},"image":{"@id":"https:\/\/www.webdo.tn\/fr\/actualite\/international\/pays-bas-un-tribunal-suspend-la-livraison-de-pieces-de-f-35-a-israel\/212230\/#primaryimage"},"thumbnailUrl":"https:\/\/www.webdo.tn\/fr\/wp-content\/uploads\/2024\/02\/1012fef19fdfbb25cfc8bf599c1fb337.png","datePublished":"2024-02-12T18:50:00+00:00","dateModified":"2025-05-20T22:53:08+00:00","description":"Le jugement prononc\u00e9 donne raison \u00e0 des organisations de d\u00e9fense des droits de l'homme. \u00abLe tribunal ordonne \u00e0 l'\u00c9tat de cesser toute exportation et transit r\u00e9e...","breadcrumb":{"@id":"https:\/\/www.webdo.tn\/fr\/actualite\/international\/pays-bas-un-tribunal-suspend-la-livraison-de-pieces-de-f-35-a-israel\/212230\/#breadcrumb"},"inLanguage":"fr-FR","potentialAction":[{"@type":"ReadAction","target":["https:\/\/www.webdo.tn\/fr\/actualite\/international\/pays-bas-un-tribunal-suspend-la-livraison-de-pieces-de-f-35-a-israel\/212230\/"]}]},{"@type":"ImageObject","inLanguage":"fr-FR","@id":"https:\/\/www.webdo.tn\/fr\/actualite\/international\/pays-bas-un-tribunal-suspend-la-livraison-de-pieces-de-f-35-a-israel\/212230\/#primaryimage","url":"https:\/\/www.webdo.tn\/fr\/wp-content\/uploads\/2024\/02\/1012fef19fdfbb25cfc8bf599c1fb337.png","contentUrl":"https:\/\/www.webdo.tn\/fr\/wp-content\/uploads\/2024\/02\/1012fef19fdfbb25cfc8bf599c1fb337.png","width":750,"height":400,"caption":"Pays-Bas : un tribunal suspend la livraison de pi\u00e8ces de F-35 \u00e0 Isra\u00ebl"},{"@type":"BreadcrumbList","@id":"https:\/\/www.webdo.tn\/fr\/actualite\/international\/pays-bas-un-tribunal-suspend-la-livraison-de-pieces-de-f-35-a-israel\/212230\/#breadcrumb","itemListElement":[{"@type":"ListItem","position":1,"name":"Accueil","item":"https:\/\/www.webdo.tn\/fr\/"},{"@type":"ListItem","position":2,"name":"Pays-Bas : un tribunal suspend la livraison de pi\u00e8ces de F-35 \u00e0 Isra\u00ebl"}]},{"@type":"WebSite","@id":"https:\/\/www.webdo.tn\/fr\/#website","url":"https:\/\/www.webdo.tn\/fr\/","name":"webdo","description":"Tunisie - News en Tunisie et \u00e0 l&#039;international sur Webdo.tn","publisher":{"@id":"https:\/\/www.webdo.tn\/fr\/#organization"},"potentialAction":[{"@type":"SearchAction","target":{"@type":"EntryPoint","urlTemplate":"https:\/\/www.webdo.tn\/fr\/?s={search_term_string}"},"query-input":{"@type":"PropertyValueSpecification","valueRequired":true,"valueName":"search_term_string"}}],"inLanguage":"fr-FR"},{"@type":"Organization","@id":"https:\/\/www.webdo.tn\/fr\/#organization","name":"Webdo","alternateName":"Webdo.tn","url":"https:\/\/www.webdo.tn\/fr\/","logo":{"@type":"ImageObject","inLanguage":"fr-FR","@id":"https:\/\/www.webdo.tn\/fr\/#\/schema\/logo\/image\/","url":"https:\/\/www.webdo.tn\/fr\/wp-content\/uploads\/2025\/06\/Webdo-Tunisie_168377.jpg","contentUrl":"https:\/\/www.webdo.tn\/fr\/wp-content\/uploads\/2025\/06\/Webdo-Tunisie_168377.jpg","width":301,"height":301,"caption":"Webdo"},"image":{"@id":"https:\/\/www.webdo.tn\/fr\/#\/schema\/logo\/image\/"},"sameAs":["https:\/\/www.facebook.com\/webdotn","https:\/\/x.com\/webdo_tn"],"description":"Webdo est un m\u00e9dia num\u00e9rique tunisien fond\u00e9 en 2010, sp\u00e9cialis\u00e9 dans l\u2019actualit\u00e9 nationale et internationale, l\u2019\u00e9conomie, la soci\u00e9t\u00e9 et les analyses politiques. Le site s\u2019adresse \u00e0 un large public francophone et couvre l\u2019information tunisienne en temps r\u00e9el.","email":"redac@webdo.tn","legalName":"YNJ SARL","foundingDate":"2010-09-06","numberOfEmployees":{"@type":"QuantitativeValue","minValue":"11","maxValue":"50"}},{"@type":"Person","@id":"https:\/\/www.webdo.tn\/fr\/#\/schema\/person\/f35b42a42c5e2511bbd282959d6385cc","name":"CL","image":{"@type":"ImageObject","inLanguage":"fr-FR","@id":"https:\/\/secure.gravatar.com\/avatar\/1447a49909b67aa657c488aec6512e1dd6143a480c1ecfee9b5b5cd74eb3b59e?s=96&d=mm&r=g","url":"https:\/\/secure.gravatar.com\/avatar\/1447a49909b67aa657c488aec6512e1dd6143a480c1ecfee9b5b5cd74eb3b59e?s=96&d=mm&r=g","contentUrl":"https:\/\/secure.gravatar.com\/avatar\/1447a49909b67aa657c488aec6512e1dd6143a480c1ecfee9b5b5cd74eb3b59e?s=96&d=mm&r=g","caption":"CL"},"url":"https:\/\/www.webdo.tn\/fr\/actualite\/author\/cl\/"}]}},"_links":{"self":[{"href":"https:\/\/www.webdo.tn\/fr\/wp-json\/wp\/v2\/posts\/212230","targetHints":{"allow":["GET"]}}],"collection":[{"href":"https:\/\/www.webdo.tn\/fr\/wp-json\/wp\/v2\/posts"}],"about":[{"href":"https:\/\/www.webdo.tn\/fr\/wp-json\/wp\/v2\/types\/post"}],"author":[{"embeddable":true,"href":"https:\/\/www.webdo.tn\/fr\/wp-json\/wp\/v2\/users\/3175"}],"replies":[{"embeddable":true,"href":"https:\/\/www.webdo.tn\/fr\/wp-json\/wp\/v2\/comments?post=212230"}],"version-history":[{"count":0,"href":"https:\/\/www.webdo.tn\/fr\/wp-json\/wp\/v2\/posts\/212230\/revisions"}],"wp:featuredmedia":[{"embeddable":true,"href":"https:\/\/www.webdo.tn\/fr\/wp-json\/wp\/v2\/media\/290213"}],"wp:attachment":[{"href":"https:\/\/www.webdo.tn\/fr\/wp-json\/wp\/v2\/media?parent=212230"}],"wp:term":[{"taxonomy":"category","embeddable":true,"href":"https:\/\/www.webdo.tn\/fr\/wp-json\/wp\/v2\/categories?post=212230"},{"taxonomy":"post_tag","embeddable":true,"href":"https:\/\/www.webdo.tn\/fr\/wp-json\/wp\/v2\/tags?post=212230"}],"curies":[{"name":"wp","href":"https:\/\/api.w.org\/{rel}","templated":true}]}}