{"id":212205,"date":"2024-02-11T16:29:00","date_gmt":"2024-02-11T16:29:00","guid":{"rendered":"https:\/\/www.webdo.tn\/fr\/blog\/tunisie-la-loi-sur-la-responsabilite-medicale-examinee-a-l-arp\/212205\/"},"modified":"2025-05-20T22:37:50","modified_gmt":"2025-05-20T22:37:50","slug":"tunisie-la-loi-sur-la-responsabilite-medicale-examinee-a-l-arp","status":"publish","type":"post","link":"https:\/\/www.webdo.tn\/fr\/actualite\/national\/tunisie-la-loi-sur-la-responsabilite-medicale-examinee-a-l-arp\/212205\/","title":{"rendered":"Tunisie : La loi sur la responsabilit\u00e9 m\u00e9dicale examin\u00e9e \u00e0 l\u2019ARP"},"content":{"rendered":"<p>La commission de la sant\u00e9 \u00e0 l&rsquo;Assembl\u00e9e des repr\u00e9sentants du peuple (ARP) examine, au cours de la semaine \u00e0 venir, le projet de loi sur la responsabilit\u00e9 m\u00e9dicale propos\u00e9 au Parlement depuis l&rsquo;ann\u00e9e 2017.\u00a0<\/p>\n<p>Les m\u00e9decins esp\u00e8rent que ce projet de loi stipulera qu&rsquo;aucune sanction privative de libert\u00e9 ne sera appliqu\u00e9e en cas d&rsquo;erreur m\u00e9dicale qu&rsquo;apr\u00e8s la r\u00e9alisation des examens m\u00e9dicaux.<\/p>\n<p>Dans le m\u00eame contexte, le conseiller juridique du syndicat des m\u00e9decins, Hassan Chaabouni, a d\u00e9clar\u00e9 \u00e0 la radio nationale ce dimanche 11 f\u00e9vrier 2024 que deux projets de loi ont \u00e9t\u00e9 pr\u00e9sent\u00e9s auparavant portant sur cette question.\u00a0<\/p>\n<p>Selon ses dires, il existe un troisi\u00e8me projet de loi qui stipule qu&rsquo;aucune action en justice ne sera intent\u00e9e contre le m\u00e9decin ou le personnel param\u00e9dical sauf en cas d&rsquo;erreur grave et de n\u00e9gligence.\u00a0<\/p>\n<p>Chaabouni a confirm\u00e9 que l&rsquo;objectif actuel est d&rsquo;adopter une loi limitant les poursuites p\u00e9nales contre les m\u00e9decins et le personnel para-m\u00e9dical, sauf dans des cas exceptionnels.<\/p>\n","protected":false},"excerpt":{"rendered":"<p>Les m\u00e9decins esp\u00e8rent que ce projet de loi stipulera qu&rsquo;aucune sanction privative de libert\u00e9 ne sera appliqu\u00e9e en cas d&rsquo;erreur m\u00e9dicale qu&rsquo;apr\u00e8s la r\u00e9alisation&#8230;<\/p>\n","protected":false},"author":3175,"featured_media":248022,"comment_status":"open","ping_status":"closed","sticky":false,"template":"","format":"standard","meta":{"footnotes":""},"categories":[44],"tags":[2813,7012,2608],"class_list":["post-212205","post","type-post","status-publish","format-standard","has-post-thumbnail","hentry","category-national","tag-arp","tag-responsabilite-medicale","tag-tunisie"],"yoast_head":"<!-- This site is optimized with the Yoast SEO Premium plugin v27.4 (Yoast SEO v27.4) - https:\/\/yoast.com\/product\/yoast-seo-premium-wordpress\/ -->\n<title>Tunisie : La loi sur la responsabilit\u00e9 m\u00e9dicale examin\u00e9e \u00e0 l\u2019ARP<\/title>\n<meta name=\"description\" content=\"Les m\u00e9decins esp\u00e8rent que ce projet de loi stipulera qu&#039;aucune sanction privative de libert\u00e9 ne sera appliqu\u00e9e en cas d&#039;erreur m\u00e9dicale qu&#039;apr\u00e8s la r\u00e9alisation...\" \/>\n<link rel=\"canonical\" href=\"https:\/\/www.webdo.tn\/fr\/actualite\/national\/tunisie-la-loi-sur-la-responsabilite-medicale-examinee-a-l-arp\/212205\/\" \/>\n<meta property=\"og:locale\" content=\"fr_FR\" \/>\n<meta property=\"og:type\" content=\"article\" \/>\n<meta property=\"og:title\" content=\"Tunisie : La loi sur la responsabilit\u00e9 m\u00e9dicale examin\u00e9e \u00e0 l\u2019ARP\" \/>\n<meta property=\"og:description\" content=\"Les m\u00e9decins esp\u00e8rent que ce projet de loi stipulera qu&#039;aucune sanction privative de libert\u00e9 ne sera appliqu\u00e9e en cas d&#039;erreur m\u00e9dicale qu&#039;apr\u00e8s la r\u00e9alisation...\" \/>\n<meta property=\"og:url\" content=\"https:\/\/www.webdo.tn\/fr\/actualite\/national\/tunisie-la-loi-sur-la-responsabilite-medicale-examinee-a-l-arp\/212205\/\" \/>\n<meta property=\"og:site_name\" content=\"webdo\" \/>\n<meta property=\"article:publisher\" content=\"https:\/\/www.facebook.com\/webdotn\" \/>\n<meta property=\"article:published_time\" content=\"2024-02-11T16:29:00+00:00\" \/>\n<meta property=\"article:modified_time\" content=\"2025-05-20T22:37:50+00:00\" \/>\n<meta property=\"og:image\" content=\"https:\/\/www.webdo.tn\/fr\/wp-content\/uploads\/2024\/02\/34a9da73f6641bbecb20f2680588c745.jpg\" \/>\n\t<meta property=\"og:image:width\" content=\"750\" \/>\n\t<meta property=\"og:image:height\" content=\"400\" \/>\n\t<meta property=\"og:image:type\" content=\"image\/jpeg\" \/>\n<meta name=\"author\" content=\"CL\" \/>\n<meta name=\"twitter:card\" content=\"summary_large_image\" \/>\n<meta name=\"twitter:creator\" content=\"@webdo_tn\" \/>\n<meta name=\"twitter:site\" content=\"@webdo_tn\" \/>\n<meta name=\"twitter:label1\" content=\"\u00c9crit par\" \/>\n\t<meta name=\"twitter:data1\" content=\"CL\" \/>\n\t<meta name=\"twitter:label2\" content=\"Dur\u00e9e de lecture estim\u00e9e\" \/>\n\t<meta name=\"twitter:data2\" content=\"1 minute\" \/>\n<script type=\"application\/ld+json\" class=\"yoast-schema-graph\">{\"@context\":\"https:\\\/\\\/schema.org\",\"@graph\":[{\"@type\":\"NewsArticle\",\"@id\":\"https:\\\/\\\/www.webdo.tn\\\/fr\\\/actualite\\\/national\\\/tunisie-la-loi-sur-la-responsabilite-medicale-examinee-a-l-arp\\\/212205\\\/#article\",\"isPartOf\":{\"@id\":\"https:\\\/\\\/www.webdo.tn\\\/fr\\\/actualite\\\/national\\\/tunisie-la-loi-sur-la-responsabilite-medicale-examinee-a-l-arp\\\/212205\\\/\"},\"author\":{\"name\":\"CL\",\"@id\":\"https:\\\/\\\/www.webdo.tn\\\/fr\\\/#\\\/schema\\\/person\\\/f35b42a42c5e2511bbd282959d6385cc\"},\"headline\":\"Tunisie : La loi sur la responsabilit\u00e9 m\u00e9dicale examin\u00e9e \u00e0 l\u2019ARP\",\"datePublished\":\"2024-02-11T16:29:00+00:00\",\"dateModified\":\"2025-05-20T22:37:50+00:00\",\"mainEntityOfPage\":{\"@id\":\"https:\\\/\\\/www.webdo.tn\\\/fr\\\/actualite\\\/national\\\/tunisie-la-loi-sur-la-responsabilite-medicale-examinee-a-l-arp\\\/212205\\\/\"},\"wordCount\":198,\"commentCount\":0,\"publisher\":{\"@id\":\"https:\\\/\\\/www.webdo.tn\\\/fr\\\/#organization\"},\"image\":{\"@id\":\"https:\\\/\\\/www.webdo.tn\\\/fr\\\/actualite\\\/national\\\/tunisie-la-loi-sur-la-responsabilite-medicale-examinee-a-l-arp\\\/212205\\\/#primaryimage\"},\"thumbnailUrl\":\"https:\\\/\\\/www.webdo.tn\\\/fr\\\/wp-content\\\/uploads\\\/2024\\\/02\\\/34a9da73f6641bbecb20f2680588c745.jpg\",\"keywords\":[\"ARP\",\"responsabilit\u00e9 m\u00e9dicale\",\"Tunisie\"],\"articleSection\":[\"National\"],\"inLanguage\":\"fr-FR\"},{\"@type\":\"WebPage\",\"@id\":\"https:\\\/\\\/www.webdo.tn\\\/fr\\\/actualite\\\/national\\\/tunisie-la-loi-sur-la-responsabilite-medicale-examinee-a-l-arp\\\/212205\\\/\",\"url\":\"https:\\\/\\\/www.webdo.tn\\\/fr\\\/actualite\\\/national\\\/tunisie-la-loi-sur-la-responsabilite-medicale-examinee-a-l-arp\\\/212205\\\/\",\"name\":\"Tunisie : La loi sur la responsabilit\u00e9 m\u00e9dicale examin\u00e9e \u00e0 l\u2019ARP\",\"isPartOf\":{\"@id\":\"https:\\\/\\\/www.webdo.tn\\\/fr\\\/#website\"},\"primaryImageOfPage\":{\"@id\":\"https:\\\/\\\/www.webdo.tn\\\/fr\\\/actualite\\\/national\\\/tunisie-la-loi-sur-la-responsabilite-medicale-examinee-a-l-arp\\\/212205\\\/#primaryimage\"},\"image\":{\"@id\":\"https:\\\/\\\/www.webdo.tn\\\/fr\\\/actualite\\\/national\\\/tunisie-la-loi-sur-la-responsabilite-medicale-examinee-a-l-arp\\\/212205\\\/#primaryimage\"},\"thumbnailUrl\":\"https:\\\/\\\/www.webdo.tn\\\/fr\\\/wp-content\\\/uploads\\\/2024\\\/02\\\/34a9da73f6641bbecb20f2680588c745.jpg\",\"datePublished\":\"2024-02-11T16:29:00+00:00\",\"dateModified\":\"2025-05-20T22:37:50+00:00\",\"description\":\"Les m\u00e9decins esp\u00e8rent que ce projet de loi stipulera qu'aucune sanction privative de libert\u00e9 ne sera appliqu\u00e9e en cas d'erreur m\u00e9dicale qu'apr\u00e8s la r\u00e9alisation...\",\"breadcrumb\":{\"@id\":\"https:\\\/\\\/www.webdo.tn\\\/fr\\\/actualite\\\/national\\\/tunisie-la-loi-sur-la-responsabilite-medicale-examinee-a-l-arp\\\/212205\\\/#breadcrumb\"},\"inLanguage\":\"fr-FR\",\"potentialAction\":[{\"@type\":\"ReadAction\",\"target\":[\"https:\\\/\\\/www.webdo.tn\\\/fr\\\/actualite\\\/national\\\/tunisie-la-loi-sur-la-responsabilite-medicale-examinee-a-l-arp\\\/212205\\\/\"]}]},{\"@type\":\"ImageObject\",\"inLanguage\":\"fr-FR\",\"@id\":\"https:\\\/\\\/www.webdo.tn\\\/fr\\\/actualite\\\/national\\\/tunisie-la-loi-sur-la-responsabilite-medicale-examinee-a-l-arp\\\/212205\\\/#primaryimage\",\"url\":\"https:\\\/\\\/www.webdo.tn\\\/fr\\\/wp-content\\\/uploads\\\/2024\\\/02\\\/34a9da73f6641bbecb20f2680588c745.jpg\",\"contentUrl\":\"https:\\\/\\\/www.webdo.tn\\\/fr\\\/wp-content\\\/uploads\\\/2024\\\/02\\\/34a9da73f6641bbecb20f2680588c745.jpg\",\"width\":750,\"height\":400,\"caption\":\"Tunisie : La loi sur la responsabilit\u00e9 m\u00e9dicale examin\u00e9e \u00e0 l\u2019ARP\"},{\"@type\":\"BreadcrumbList\",\"@id\":\"https:\\\/\\\/www.webdo.tn\\\/fr\\\/actualite\\\/national\\\/tunisie-la-loi-sur-la-responsabilite-medicale-examinee-a-l-arp\\\/212205\\\/#breadcrumb\",\"itemListElement\":[{\"@type\":\"ListItem\",\"position\":1,\"name\":\"Accueil\",\"item\":\"https:\\\/\\\/www.webdo.tn\\\/fr\\\/\"},{\"@type\":\"ListItem\",\"position\":2,\"name\":\"Tunisie : La loi sur la responsabilit\u00e9 m\u00e9dicale examin\u00e9e \u00e0 l\u2019ARP\"}]},{\"@type\":\"WebSite\",\"@id\":\"https:\\\/\\\/www.webdo.tn\\\/fr\\\/#website\",\"url\":\"https:\\\/\\\/www.webdo.tn\\\/fr\\\/\",\"name\":\"webdo\",\"description\":\"Tunisie - News en Tunisie et \u00e0 l&#039;international sur Webdo.tn\",\"publisher\":{\"@id\":\"https:\\\/\\\/www.webdo.tn\\\/fr\\\/#organization\"},\"potentialAction\":[{\"@type\":\"SearchAction\",\"target\":{\"@type\":\"EntryPoint\",\"urlTemplate\":\"https:\\\/\\\/www.webdo.tn\\\/fr\\\/?s={search_term_string}\"},\"query-input\":{\"@type\":\"PropertyValueSpecification\",\"valueRequired\":true,\"valueName\":\"search_term_string\"}}],\"inLanguage\":\"fr-FR\"},{\"@type\":\"Organization\",\"@id\":\"https:\\\/\\\/www.webdo.tn\\\/fr\\\/#organization\",\"name\":\"Webdo\",\"alternateName\":\"Webdo.tn\",\"url\":\"https:\\\/\\\/www.webdo.tn\\\/fr\\\/\",\"logo\":{\"@type\":\"ImageObject\",\"inLanguage\":\"fr-FR\",\"@id\":\"https:\\\/\\\/www.webdo.tn\\\/fr\\\/#\\\/schema\\\/logo\\\/image\\\/\",\"url\":\"https:\\\/\\\/www.webdo.tn\\\/fr\\\/wp-content\\\/uploads\\\/2025\\\/06\\\/Webdo-Tunisie_168377.jpg\",\"contentUrl\":\"https:\\\/\\\/www.webdo.tn\\\/fr\\\/wp-content\\\/uploads\\\/2025\\\/06\\\/Webdo-Tunisie_168377.jpg\",\"width\":301,\"height\":301,\"caption\":\"Webdo\"},\"image\":{\"@id\":\"https:\\\/\\\/www.webdo.tn\\\/fr\\\/#\\\/schema\\\/logo\\\/image\\\/\"},\"sameAs\":[\"https:\\\/\\\/www.facebook.com\\\/webdotn\",\"https:\\\/\\\/x.com\\\/webdo_tn\"],\"description\":\"Webdo est un m\u00e9dia num\u00e9rique tunisien fond\u00e9 en 2010, sp\u00e9cialis\u00e9 dans l\u2019actualit\u00e9 nationale et internationale, l\u2019\u00e9conomie, la soci\u00e9t\u00e9 et les analyses politiques. Le site s\u2019adresse \u00e0 un large public francophone et couvre l\u2019information tunisienne en temps r\u00e9el.\",\"email\":\"redac@webdo.tn\",\"legalName\":\"YNJ SARL\",\"foundingDate\":\"2010-09-06\",\"numberOfEmployees\":{\"@type\":\"QuantitativeValue\",\"minValue\":\"11\",\"maxValue\":\"50\"}},{\"@type\":\"Person\",\"@id\":\"https:\\\/\\\/www.webdo.tn\\\/fr\\\/#\\\/schema\\\/person\\\/f35b42a42c5e2511bbd282959d6385cc\",\"name\":\"CL\",\"image\":{\"@type\":\"ImageObject\",\"inLanguage\":\"fr-FR\",\"@id\":\"https:\\\/\\\/secure.gravatar.com\\\/avatar\\\/1447a49909b67aa657c488aec6512e1dd6143a480c1ecfee9b5b5cd74eb3b59e?s=96&d=mm&r=g\",\"url\":\"https:\\\/\\\/secure.gravatar.com\\\/avatar\\\/1447a49909b67aa657c488aec6512e1dd6143a480c1ecfee9b5b5cd74eb3b59e?s=96&d=mm&r=g\",\"contentUrl\":\"https:\\\/\\\/secure.gravatar.com\\\/avatar\\\/1447a49909b67aa657c488aec6512e1dd6143a480c1ecfee9b5b5cd74eb3b59e?s=96&d=mm&r=g\",\"caption\":\"CL\"},\"url\":\"https:\\\/\\\/www.webdo.tn\\\/fr\\\/actualite\\\/author\\\/cl\\\/\"}]}<\/script>\n<!-- \/ Yoast SEO Premium plugin. -->","yoast_head_json":{"title":"Tunisie : La loi sur la responsabilit\u00e9 m\u00e9dicale examin\u00e9e \u00e0 l\u2019ARP","description":"Les m\u00e9decins esp\u00e8rent que ce projet de loi stipulera qu'aucune sanction privative de libert\u00e9 ne sera appliqu\u00e9e en cas d'erreur m\u00e9dicale qu'apr\u00e8s la r\u00e9alisation...","canonical":"https:\/\/www.webdo.tn\/fr\/actualite\/national\/tunisie-la-loi-sur-la-responsabilite-medicale-examinee-a-l-arp\/212205\/","og_locale":"fr_FR","og_type":"article","og_title":"Tunisie : La loi sur la responsabilit\u00e9 m\u00e9dicale examin\u00e9e \u00e0 l\u2019ARP","og_description":"Les m\u00e9decins esp\u00e8rent que ce projet de loi stipulera qu'aucune sanction privative de libert\u00e9 ne sera appliqu\u00e9e en cas d'erreur m\u00e9dicale qu'apr\u00e8s la r\u00e9alisation...","og_url":"https:\/\/www.webdo.tn\/fr\/actualite\/national\/tunisie-la-loi-sur-la-responsabilite-medicale-examinee-a-l-arp\/212205\/","og_site_name":"webdo","article_publisher":"https:\/\/www.facebook.com\/webdotn","article_published_time":"2024-02-11T16:29:00+00:00","article_modified_time":"2025-05-20T22:37:50+00:00","og_image":[{"width":750,"height":400,"url":"https:\/\/www.webdo.tn\/fr\/wp-content\/uploads\/2024\/02\/34a9da73f6641bbecb20f2680588c745.jpg","type":"image\/jpeg"}],"author":"CL","twitter_card":"summary_large_image","twitter_creator":"@webdo_tn","twitter_site":"@webdo_tn","twitter_misc":{"\u00c9crit par":"CL","Dur\u00e9e de lecture estim\u00e9e":"1 minute"},"schema":{"@context":"https:\/\/schema.org","@graph":[{"@type":"NewsArticle","@id":"https:\/\/www.webdo.tn\/fr\/actualite\/national\/tunisie-la-loi-sur-la-responsabilite-medicale-examinee-a-l-arp\/212205\/#article","isPartOf":{"@id":"https:\/\/www.webdo.tn\/fr\/actualite\/national\/tunisie-la-loi-sur-la-responsabilite-medicale-examinee-a-l-arp\/212205\/"},"author":{"name":"CL","@id":"https:\/\/www.webdo.tn\/fr\/#\/schema\/person\/f35b42a42c5e2511bbd282959d6385cc"},"headline":"Tunisie : La loi sur la responsabilit\u00e9 m\u00e9dicale examin\u00e9e \u00e0 l\u2019ARP","datePublished":"2024-02-11T16:29:00+00:00","dateModified":"2025-05-20T22:37:50+00:00","mainEntityOfPage":{"@id":"https:\/\/www.webdo.tn\/fr\/actualite\/national\/tunisie-la-loi-sur-la-responsabilite-medicale-examinee-a-l-arp\/212205\/"},"wordCount":198,"commentCount":0,"publisher":{"@id":"https:\/\/www.webdo.tn\/fr\/#organization"},"image":{"@id":"https:\/\/www.webdo.tn\/fr\/actualite\/national\/tunisie-la-loi-sur-la-responsabilite-medicale-examinee-a-l-arp\/212205\/#primaryimage"},"thumbnailUrl":"https:\/\/www.webdo.tn\/fr\/wp-content\/uploads\/2024\/02\/34a9da73f6641bbecb20f2680588c745.jpg","keywords":["ARP","responsabilit\u00e9 m\u00e9dicale","Tunisie"],"articleSection":["National"],"inLanguage":"fr-FR"},{"@type":"WebPage","@id":"https:\/\/www.webdo.tn\/fr\/actualite\/national\/tunisie-la-loi-sur-la-responsabilite-medicale-examinee-a-l-arp\/212205\/","url":"https:\/\/www.webdo.tn\/fr\/actualite\/national\/tunisie-la-loi-sur-la-responsabilite-medicale-examinee-a-l-arp\/212205\/","name":"Tunisie : La loi sur la responsabilit\u00e9 m\u00e9dicale examin\u00e9e \u00e0 l\u2019ARP","isPartOf":{"@id":"https:\/\/www.webdo.tn\/fr\/#website"},"primaryImageOfPage":{"@id":"https:\/\/www.webdo.tn\/fr\/actualite\/national\/tunisie-la-loi-sur-la-responsabilite-medicale-examinee-a-l-arp\/212205\/#primaryimage"},"image":{"@id":"https:\/\/www.webdo.tn\/fr\/actualite\/national\/tunisie-la-loi-sur-la-responsabilite-medicale-examinee-a-l-arp\/212205\/#primaryimage"},"thumbnailUrl":"https:\/\/www.webdo.tn\/fr\/wp-content\/uploads\/2024\/02\/34a9da73f6641bbecb20f2680588c745.jpg","datePublished":"2024-02-11T16:29:00+00:00","dateModified":"2025-05-20T22:37:50+00:00","description":"Les m\u00e9decins esp\u00e8rent que ce projet de loi stipulera qu'aucune sanction privative de libert\u00e9 ne sera appliqu\u00e9e en cas d'erreur m\u00e9dicale qu'apr\u00e8s la r\u00e9alisation...","breadcrumb":{"@id":"https:\/\/www.webdo.tn\/fr\/actualite\/national\/tunisie-la-loi-sur-la-responsabilite-medicale-examinee-a-l-arp\/212205\/#breadcrumb"},"inLanguage":"fr-FR","potentialAction":[{"@type":"ReadAction","target":["https:\/\/www.webdo.tn\/fr\/actualite\/national\/tunisie-la-loi-sur-la-responsabilite-medicale-examinee-a-l-arp\/212205\/"]}]},{"@type":"ImageObject","inLanguage":"fr-FR","@id":"https:\/\/www.webdo.tn\/fr\/actualite\/national\/tunisie-la-loi-sur-la-responsabilite-medicale-examinee-a-l-arp\/212205\/#primaryimage","url":"https:\/\/www.webdo.tn\/fr\/wp-content\/uploads\/2024\/02\/34a9da73f6641bbecb20f2680588c745.jpg","contentUrl":"https:\/\/www.webdo.tn\/fr\/wp-content\/uploads\/2024\/02\/34a9da73f6641bbecb20f2680588c745.jpg","width":750,"height":400,"caption":"Tunisie : La loi sur la responsabilit\u00e9 m\u00e9dicale examin\u00e9e \u00e0 l\u2019ARP"},{"@type":"BreadcrumbList","@id":"https:\/\/www.webdo.tn\/fr\/actualite\/national\/tunisie-la-loi-sur-la-responsabilite-medicale-examinee-a-l-arp\/212205\/#breadcrumb","itemListElement":[{"@type":"ListItem","position":1,"name":"Accueil","item":"https:\/\/www.webdo.tn\/fr\/"},{"@type":"ListItem","position":2,"name":"Tunisie : La loi sur la responsabilit\u00e9 m\u00e9dicale examin\u00e9e \u00e0 l\u2019ARP"}]},{"@type":"WebSite","@id":"https:\/\/www.webdo.tn\/fr\/#website","url":"https:\/\/www.webdo.tn\/fr\/","name":"webdo","description":"Tunisie - News en Tunisie et \u00e0 l&#039;international sur Webdo.tn","publisher":{"@id":"https:\/\/www.webdo.tn\/fr\/#organization"},"potentialAction":[{"@type":"SearchAction","target":{"@type":"EntryPoint","urlTemplate":"https:\/\/www.webdo.tn\/fr\/?s={search_term_string}"},"query-input":{"@type":"PropertyValueSpecification","valueRequired":true,"valueName":"search_term_string"}}],"inLanguage":"fr-FR"},{"@type":"Organization","@id":"https:\/\/www.webdo.tn\/fr\/#organization","name":"Webdo","alternateName":"Webdo.tn","url":"https:\/\/www.webdo.tn\/fr\/","logo":{"@type":"ImageObject","inLanguage":"fr-FR","@id":"https:\/\/www.webdo.tn\/fr\/#\/schema\/logo\/image\/","url":"https:\/\/www.webdo.tn\/fr\/wp-content\/uploads\/2025\/06\/Webdo-Tunisie_168377.jpg","contentUrl":"https:\/\/www.webdo.tn\/fr\/wp-content\/uploads\/2025\/06\/Webdo-Tunisie_168377.jpg","width":301,"height":301,"caption":"Webdo"},"image":{"@id":"https:\/\/www.webdo.tn\/fr\/#\/schema\/logo\/image\/"},"sameAs":["https:\/\/www.facebook.com\/webdotn","https:\/\/x.com\/webdo_tn"],"description":"Webdo est un m\u00e9dia num\u00e9rique tunisien fond\u00e9 en 2010, sp\u00e9cialis\u00e9 dans l\u2019actualit\u00e9 nationale et internationale, l\u2019\u00e9conomie, la soci\u00e9t\u00e9 et les analyses politiques. Le site s\u2019adresse \u00e0 un large public francophone et couvre l\u2019information tunisienne en temps r\u00e9el.","email":"redac@webdo.tn","legalName":"YNJ SARL","foundingDate":"2010-09-06","numberOfEmployees":{"@type":"QuantitativeValue","minValue":"11","maxValue":"50"}},{"@type":"Person","@id":"https:\/\/www.webdo.tn\/fr\/#\/schema\/person\/f35b42a42c5e2511bbd282959d6385cc","name":"CL","image":{"@type":"ImageObject","inLanguage":"fr-FR","@id":"https:\/\/secure.gravatar.com\/avatar\/1447a49909b67aa657c488aec6512e1dd6143a480c1ecfee9b5b5cd74eb3b59e?s=96&d=mm&r=g","url":"https:\/\/secure.gravatar.com\/avatar\/1447a49909b67aa657c488aec6512e1dd6143a480c1ecfee9b5b5cd74eb3b59e?s=96&d=mm&r=g","contentUrl":"https:\/\/secure.gravatar.com\/avatar\/1447a49909b67aa657c488aec6512e1dd6143a480c1ecfee9b5b5cd74eb3b59e?s=96&d=mm&r=g","caption":"CL"},"url":"https:\/\/www.webdo.tn\/fr\/actualite\/author\/cl\/"}]}},"_links":{"self":[{"href":"https:\/\/www.webdo.tn\/fr\/wp-json\/wp\/v2\/posts\/212205","targetHints":{"allow":["GET"]}}],"collection":[{"href":"https:\/\/www.webdo.tn\/fr\/wp-json\/wp\/v2\/posts"}],"about":[{"href":"https:\/\/www.webdo.tn\/fr\/wp-json\/wp\/v2\/types\/post"}],"author":[{"embeddable":true,"href":"https:\/\/www.webdo.tn\/fr\/wp-json\/wp\/v2\/users\/3175"}],"replies":[{"embeddable":true,"href":"https:\/\/www.webdo.tn\/fr\/wp-json\/wp\/v2\/comments?post=212205"}],"version-history":[{"count":0,"href":"https:\/\/www.webdo.tn\/fr\/wp-json\/wp\/v2\/posts\/212205\/revisions"}],"wp:featuredmedia":[{"embeddable":true,"href":"https:\/\/www.webdo.tn\/fr\/wp-json\/wp\/v2\/media\/248022"}],"wp:attachment":[{"href":"https:\/\/www.webdo.tn\/fr\/wp-json\/wp\/v2\/media?parent=212205"}],"wp:term":[{"taxonomy":"category","embeddable":true,"href":"https:\/\/www.webdo.tn\/fr\/wp-json\/wp\/v2\/categories?post=212205"},{"taxonomy":"post_tag","embeddable":true,"href":"https:\/\/www.webdo.tn\/fr\/wp-json\/wp\/v2\/tags?post=212205"}],"curies":[{"name":"wp","href":"https:\/\/api.w.org\/{rel}","templated":true}]}}